{"id":97270,"date":"2023-03-22T22:16:59","date_gmt":"2023-03-23T04:16:59","guid":{"rendered":"https:\/\/www.yucatanencorto.com\/noticias\/?p=97270"},"modified":"2023-03-22T22:16:59","modified_gmt":"2023-03-23T04:16:59","slug":"grupos-de-choque-vandalizaron-palacio-de-gobierno-durante-marcha-de-sitilpech","status":"publish","type":"post","link":"https:\/\/www.yucatanencorto.com\/noticias\/grupos-de-choque-vandalizaron-palacio-de-gobierno-durante-marcha-de-sitilpech\/","title":{"rendered":"Grupos de choque vandalizaron Palacio de Gobierno durante marcha de Sitilpech"},"content":{"rendered":"<p><img loading=\"lazy\" decoding=\"async\" class=\"alignnone size-full wp-image-97271\" src=\"https:\/\/www.yucatanencorto.com\/noticias\/wp-content\/uploads\/2023\/03\/41A7D60C-5B93-4F00-9358-9B862B743C21-scaled.jpeg\" alt=\"\" width=\"576\" height=\"768\" srcset=\"https:\/\/www.yucatanencorto.com\/noticias\/wp-content\/uploads\/2023\/03\/41A7D60C-5B93-4F00-9358-9B862B743C21-scaled.jpeg 576w, https:\/\/www.yucatanencorto.com\/noticias\/wp-content\/uploads\/2023\/03\/41A7D60C-5B93-4F00-9358-9B862B743C21-768x1024.jpeg 768w, https:\/\/www.yucatanencorto.com\/noticias\/wp-content\/uploads\/2023\/03\/41A7D60C-5B93-4F00-9358-9B862B743C21-696x928.jpeg 696w, https:\/\/www.yucatanencorto.com\/noticias\/wp-content\/uploads\/2023\/03\/41A7D60C-5B93-4F00-9358-9B862B743C21-315x420.jpeg 315w\" sizes=\"auto, (max-width: 576px) 100vw, 576px\" \/><br \/>\nM\u00e9rida, Yucat\u00e1n, 22 de marzo de 2023.- Morenistas y grupos de choque realizaron pintas en Palacio de Gobierno y confrontaron a medios de comunicaci\u00f3n durante la manifestaci\u00f3n de Sitilpech en la que cientos de personas marcharon esta tarde en contra de una granja porc\u00edcola.<\/p>\n<p>Tras partir del parque de Santa Ana y dirigirse directamente a Palacio de Gobierno, ejidatarios, activistas feministas y morenistas que trataron de aparentar ser simpatizantes de la causa, vandalizaron las maderas que cubren las columnas de Palacio de Gobierno que el pasado 8 de marzo fueron tambi\u00e9n intervenidas con pintas.<\/p>\n<p>En un ambiente de confrontaci\u00f3n, los manifestantes llegaron a Palacio de Gobierno tratando de confrontar a la polic\u00eda con cantos como \u201ctienen miedo\u201d entre groser\u00edas a los uniformados. Posteriormente, personas encapuchadas realizaron pintas con aerosol en la fachada de Palacio de Gobierno.<\/p>\n<p>Tras convocar a la prensa para dar cobertura a la mega marcha, los propios quejosos impidieron que medios de comunicaci\u00f3n tomaran im\u00e1genes cuando realizaban pintas con aerosol y los atacaron no permitiendo que ejerzan su labor de informar a la ciudadan\u00eda.<\/p>\n","protected":false},"excerpt":{"rendered":"<p>M\u00e9rida, Yucat\u00e1n, 22 de marzo de 2023.- Morenistas y grupos de choque realizaron pintas en Palacio de Gobierno y confrontaron a medios de comunicaci\u00f3n durante la manifestaci\u00f3n de Sitilpech en la que cientos de personas marcharon esta tarde en contra de una granja porc\u00edcola. Tras partir del parque de Santa Ana y dirigirse directamente a [&hellip;]<\/p>\n","protected":false},"author":2,"featured_media":97271,"comment_status":"closed","ping_status":"closed","sticky":false,"template":"","format":"standard","meta":{"footnotes":""},"categories":[3],"tags":[],"class_list":{"0":"post-97270","1":"post","2":"type-post","3":"status-publish","4":"format-standard","5":"has-post-thumbnail","7":"category-yucatan"},"yoast_head":"<!-- This site is optimized with the Yoast SEO plugin v27.4 - https:\/\/yoast.com\/product\/yoast-seo-wordpress\/ -->\n<title>Grupos de choque vandalizaron Palacio de Gobierno durante marcha de Sitilpech - Yucat\u00e1n en corto<\/title>\n<meta name=\"robots\" content=\"index, follow, max-snippet:-1, max-image-preview:large, max-video-preview:-1\" \/>\n<link rel=\"canonical\" href=\"https:\/\/www.yucatanencorto.com\/noticias\/grupos-de-choque-vandalizaron-palacio-de-gobierno-durante-marcha-de-sitilpech\/\" \/>\n<meta property=\"og:locale\" content=\"es_ES\" \/>\n<meta property=\"og:type\" content=\"article\" \/>\n<meta property=\"og:title\" content=\"Grupos de choque vandalizaron Palacio de Gobierno durante marcha de Sitilpech - Yucat\u00e1n en corto\" \/>\n<meta property=\"og:description\" content=\"M\u00e9rida, Yucat\u00e1n, 22 de marzo de 2023.- Morenistas y grupos de choque realizaron pintas en Palacio de Gobierno y confrontaron a medios de comunicaci\u00f3n durante la manifestaci\u00f3n de Sitilpech en la que cientos de personas marcharon esta tarde en contra de una granja porc\u00edcola. Tras partir del parque de Santa Ana y dirigirse directamente a [&hellip;]\" \/>\n<meta property=\"og:url\" content=\"https:\/\/www.yucatanencorto.com\/noticias\/grupos-de-choque-vandalizaron-palacio-de-gobierno-durante-marcha-de-sitilpech\/\" \/>\n<meta property=\"og:site_name\" content=\"Yucat\u00e1n en corto\" \/>\n<meta property=\"article:publisher\" content=\"http:\/\/www.facebook.com\/yucatanencorto\" \/>\n<meta property=\"article:published_time\" content=\"2023-03-23T04:16:59+00:00\" \/>\n<meta property=\"og:image\" content=\"https:\/\/www.yucatanencorto.com\/noticias\/wp-content\/uploads\/2023\/03\/41A7D60C-5B93-4F00-9358-9B862B743C21-scaled.jpeg\" \/>\n\t<meta property=\"og:image:width\" content=\"576\" \/>\n\t<meta property=\"og:image:height\" content=\"768\" \/>\n\t<meta property=\"og:image:type\" content=\"image\/jpeg\" \/>\n<meta name=\"author\" content=\"Yucat\u00e1n en Corto FC\" \/>\n<meta name=\"twitter:card\" content=\"summary_large_image\" \/>\n<meta name=\"twitter:creator\" content=\"@yucatanencorto\" \/>\n<meta name=\"twitter:site\" content=\"@yucatanencorto\" \/>\n<meta name=\"twitter:label1\" content=\"Escrito por\" \/>\n\t<meta name=\"twitter:data1\" content=\"Yucat\u00e1n en Corto FC\" \/>\n\t<meta name=\"twitter:label2\" content=\"Tiempo de lectura\" \/>\n\t<meta name=\"twitter:data2\" content=\"2 minutos\" \/>\n<script type=\"application\/ld+json\" class=\"yoast-schema-graph\">{\"@context\":\"https:\\\/\\\/schema.org\",\"@graph\":[{\"@type\":\"Article\",\"@id\":\"https:\\\/\\\/www.yucatanencorto.com\\\/noticias\\\/grupos-de-choque-vandalizaron-palacio-de-gobierno-durante-marcha-de-sitilpech\\\/#article\",\"isPartOf\":{\"@id\":\"https:\\\/\\\/www.yucatanencorto.com\\\/noticias\\\/grupos-de-choque-vandalizaron-palacio-de-gobierno-durante-marcha-de-sitilpech\\\/\"},\"author\":{\"name\":\"Yucat\u00e1n en Corto FC\",\"@id\":\"https:\\\/\\\/www.yucatanencorto.com\\\/noticias\\\/#\\\/schema\\\/person\\\/14f82d355225a1f4075dd84a31f45a72\"},\"headline\":\"Grupos de choque vandalizaron Palacio de Gobierno durante marcha de Sitilpech\",\"datePublished\":\"2023-03-23T04:16:59+00:00\",\"mainEntityOfPage\":{\"@id\":\"https:\\\/\\\/www.yucatanencorto.com\\\/noticias\\\/grupos-de-choque-vandalizaron-palacio-de-gobierno-durante-marcha-de-sitilpech\\\/\"},\"wordCount\":198,\"image\":{\"@id\":\"https:\\\/\\\/www.yucatanencorto.com\\\/noticias\\\/grupos-de-choque-vandalizaron-palacio-de-gobierno-durante-marcha-de-sitilpech\\\/#primaryimage\"},\"thumbnailUrl\":\"https:\\\/\\\/www.yucatanencorto.com\\\/noticias\\\/wp-content\\\/uploads\\\/2023\\\/03\\\/41A7D60C-5B93-4F00-9358-9B862B743C21-scaled.jpeg\",\"articleSection\":[\"Yucat\u00e1n\"],\"inLanguage\":\"es\"},{\"@type\":\"WebPage\",\"@id\":\"https:\\\/\\\/www.yucatanencorto.com\\\/noticias\\\/grupos-de-choque-vandalizaron-palacio-de-gobierno-durante-marcha-de-sitilpech\\\/\",\"url\":\"https:\\\/\\\/www.yucatanencorto.com\\\/noticias\\\/grupos-de-choque-vandalizaron-palacio-de-gobierno-durante-marcha-de-sitilpech\\\/\",\"name\":\"Grupos de choque vandalizaron Palacio de Gobierno durante marcha de Sitilpech - Yucat\u00e1n en corto\",\"isPartOf\":{\"@id\":\"https:\\\/\\\/www.yucatanencorto.com\\\/noticias\\\/#website\"},\"primaryImageOfPage\":{\"@id\":\"https:\\\/\\\/www.yucatanencorto.com\\\/noticias\\\/grupos-de-choque-vandalizaron-palacio-de-gobierno-durante-marcha-de-sitilpech\\\/#primaryimage\"},\"image\":{\"@id\":\"https:\\\/\\\/www.yucatanencorto.com\\\/noticias\\\/grupos-de-choque-vandalizaron-palacio-de-gobierno-durante-marcha-de-sitilpech\\\/#primaryimage\"},\"thumbnailUrl\":\"https:\\\/\\\/www.yucatanencorto.com\\\/noticias\\\/wp-content\\\/uploads\\\/2023\\\/03\\\/41A7D60C-5B93-4F00-9358-9B862B743C21-scaled.jpeg\",\"datePublished\":\"2023-03-23T04:16:59+00:00\",\"author\":{\"@id\":\"https:\\\/\\\/www.yucatanencorto.com\\\/noticias\\\/#\\\/schema\\\/person\\\/14f82d355225a1f4075dd84a31f45a72\"},\"breadcrumb\":{\"@id\":\"https:\\\/\\\/www.yucatanencorto.com\\\/noticias\\\/grupos-de-choque-vandalizaron-palacio-de-gobierno-durante-marcha-de-sitilpech\\\/#breadcrumb\"},\"inLanguage\":\"es\",\"potentialAction\":[{\"@type\":\"ReadAction\",\"target\":[\"https:\\\/\\\/www.yucatanencorto.com\\\/noticias\\\/grupos-de-choque-vandalizaron-palacio-de-gobierno-durante-marcha-de-sitilpech\\\/\"]}]},{\"@type\":\"ImageObject\",\"inLanguage\":\"es\",\"@id\":\"https:\\\/\\\/www.yucatanencorto.com\\\/noticias\\\/grupos-de-choque-vandalizaron-palacio-de-gobierno-durante-marcha-de-sitilpech\\\/#primaryimage\",\"url\":\"https:\\\/\\\/www.yucatanencorto.com\\\/noticias\\\/wp-content\\\/uploads\\\/2023\\\/03\\\/41A7D60C-5B93-4F00-9358-9B862B743C21-scaled.jpeg\",\"contentUrl\":\"https:\\\/\\\/www.yucatanencorto.com\\\/noticias\\\/wp-content\\\/uploads\\\/2023\\\/03\\\/41A7D60C-5B93-4F00-9358-9B862B743C21-scaled.jpeg\",\"width\":576,\"height\":768},{\"@type\":\"BreadcrumbList\",\"@id\":\"https:\\\/\\\/www.yucatanencorto.com\\\/noticias\\\/grupos-de-choque-vandalizaron-palacio-de-gobierno-durante-marcha-de-sitilpech\\\/#breadcrumb\",\"itemListElement\":[{\"@type\":\"ListItem\",\"position\":1,\"name\":\"Portada\",\"item\":\"https:\\\/\\\/www.yucatanencorto.com\\\/noticias\\\/\"},{\"@type\":\"ListItem\",\"position\":2,\"name\":\"Grupos de choque vandalizaron Palacio de Gobierno durante marcha de Sitilpech\"}]},{\"@type\":\"WebSite\",\"@id\":\"https:\\\/\\\/www.yucatanencorto.com\\\/noticias\\\/#website\",\"url\":\"https:\\\/\\\/www.yucatanencorto.com\\\/noticias\\\/\",\"name\":\"Yucat\u00e1n en corto\",\"description\":\"Noticias\",\"potentialAction\":[{\"@type\":\"SearchAction\",\"target\":{\"@type\":\"EntryPoint\",\"urlTemplate\":\"https:\\\/\\\/www.yucatanencorto.com\\\/noticias\\\/?s={search_term_string}\"},\"query-input\":{\"@type\":\"PropertyValueSpecification\",\"valueRequired\":true,\"valueName\":\"search_term_string\"}}],\"inLanguage\":\"es\"},{\"@type\":\"Person\",\"@id\":\"https:\\\/\\\/www.yucatanencorto.com\\\/noticias\\\/#\\\/schema\\\/person\\\/14f82d355225a1f4075dd84a31f45a72\",\"name\":\"Yucat\u00e1n en Corto FC\",\"image\":{\"@type\":\"ImageObject\",\"inLanguage\":\"es\",\"@id\":\"https:\\\/\\\/secure.gravatar.com\\\/avatar\\\/147d4b30cd728c53c29c49a3f7834dedca33707f4cd259761355846009a88250?s=96&d=mm&r=g\",\"url\":\"https:\\\/\\\/secure.gravatar.com\\\/avatar\\\/147d4b30cd728c53c29c49a3f7834dedca33707f4cd259761355846009a88250?s=96&d=mm&r=g\",\"contentUrl\":\"https:\\\/\\\/secure.gravatar.com\\\/avatar\\\/147d4b30cd728c53c29c49a3f7834dedca33707f4cd259761355846009a88250?s=96&d=mm&r=g\",\"caption\":\"Yucat\u00e1n en Corto FC\"},\"url\":\"https:\\\/\\\/www.yucatanencorto.com\\\/noticias\\\/author\\\/flor\\\/\"}]}<\/script>\n<!-- \/ Yoast SEO plugin. -->","yoast_head_json":{"title":"Grupos de choque vandalizaron Palacio de Gobierno durante marcha de Sitilpech - Yucat\u00e1n en corto","robots":{"index":"index","follow":"follow","max-snippet":"max-snippet:-1","max-image-preview":"max-image-preview:large","max-video-preview":"max-video-preview:-1"},"canonical":"https:\/\/www.yucatanencorto.com\/noticias\/grupos-de-choque-vandalizaron-palacio-de-gobierno-durante-marcha-de-sitilpech\/","og_locale":"es_ES","og_type":"article","og_title":"Grupos de choque vandalizaron Palacio de Gobierno durante marcha de Sitilpech - Yucat\u00e1n en corto","og_description":"M\u00e9rida, Yucat\u00e1n, 22 de marzo de 2023.- Morenistas y grupos de choque realizaron pintas en Palacio de Gobierno y confrontaron a medios de comunicaci\u00f3n durante la manifestaci\u00f3n de Sitilpech en la que cientos de personas marcharon esta tarde en contra de una granja porc\u00edcola. Tras partir del parque de Santa Ana y dirigirse directamente a [&hellip;]","og_url":"https:\/\/www.yucatanencorto.com\/noticias\/grupos-de-choque-vandalizaron-palacio-de-gobierno-durante-marcha-de-sitilpech\/","og_site_name":"Yucat\u00e1n en corto","article_publisher":"http:\/\/www.facebook.com\/yucatanencorto","article_published_time":"2023-03-23T04:16:59+00:00","og_image":[{"width":576,"height":768,"url":"https:\/\/www.yucatanencorto.com\/noticias\/wp-content\/uploads\/2023\/03\/41A7D60C-5B93-4F00-9358-9B862B743C21-scaled.jpeg","type":"image\/jpeg"}],"author":"Yucat\u00e1n en Corto FC","twitter_card":"summary_large_image","twitter_creator":"@yucatanencorto","twitter_site":"@yucatanencorto","twitter_misc":{"Escrito por":"Yucat\u00e1n en Corto FC","Tiempo de lectura":"2 minutos"},"schema":{"@context":"https:\/\/schema.org","@graph":[{"@type":"Article","@id":"https:\/\/www.yucatanencorto.com\/noticias\/grupos-de-choque-vandalizaron-palacio-de-gobierno-durante-marcha-de-sitilpech\/#article","isPartOf":{"@id":"https:\/\/www.yucatanencorto.com\/noticias\/grupos-de-choque-vandalizaron-palacio-de-gobierno-durante-marcha-de-sitilpech\/"},"author":{"name":"Yucat\u00e1n en Corto FC","@id":"https:\/\/www.yucatanencorto.com\/noticias\/#\/schema\/person\/14f82d355225a1f4075dd84a31f45a72"},"headline":"Grupos de choque vandalizaron Palacio de Gobierno durante marcha de Sitilpech","datePublished":"2023-03-23T04:16:59+00:00","mainEntityOfPage":{"@id":"https:\/\/www.yucatanencorto.com\/noticias\/grupos-de-choque-vandalizaron-palacio-de-gobierno-durante-marcha-de-sitilpech\/"},"wordCount":198,"image":{"@id":"https:\/\/www.yucatanencorto.com\/noticias\/grupos-de-choque-vandalizaron-palacio-de-gobierno-durante-marcha-de-sitilpech\/#primaryimage"},"thumbnailUrl":"https:\/\/www.yucatanencorto.com\/noticias\/wp-content\/uploads\/2023\/03\/41A7D60C-5B93-4F00-9358-9B862B743C21-scaled.jpeg","articleSection":["Yucat\u00e1n"],"inLanguage":"es"},{"@type":"WebPage","@id":"https:\/\/www.yucatanencorto.com\/noticias\/grupos-de-choque-vandalizaron-palacio-de-gobierno-durante-marcha-de-sitilpech\/","url":"https:\/\/www.yucatanencorto.com\/noticias\/grupos-de-choque-vandalizaron-palacio-de-gobierno-durante-marcha-de-sitilpech\/","name":"Grupos de choque vandalizaron Palacio de Gobierno durante marcha de Sitilpech - Yucat\u00e1n en corto","isPartOf":{"@id":"https:\/\/www.yucatanencorto.com\/noticias\/#website"},"primaryImageOfPage":{"@id":"https:\/\/www.yucatanencorto.com\/noticias\/grupos-de-choque-vandalizaron-palacio-de-gobierno-durante-marcha-de-sitilpech\/#primaryimage"},"image":{"@id":"https:\/\/www.yucatanencorto.com\/noticias\/grupos-de-choque-vandalizaron-palacio-de-gobierno-durante-marcha-de-sitilpech\/#primaryimage"},"thumbnailUrl":"https:\/\/www.yucatanencorto.com\/noticias\/wp-content\/uploads\/2023\/03\/41A7D60C-5B93-4F00-9358-9B862B743C21-scaled.jpeg","datePublished":"2023-03-23T04:16:59+00:00","author":{"@id":"https:\/\/www.yucatanencorto.com\/noticias\/#\/schema\/person\/14f82d355225a1f4075dd84a31f45a72"},"breadcrumb":{"@id":"https:\/\/www.yucatanencorto.com\/noticias\/grupos-de-choque-vandalizaron-palacio-de-gobierno-durante-marcha-de-sitilpech\/#breadcrumb"},"inLanguage":"es","potentialAction":[{"@type":"ReadAction","target":["https:\/\/www.yucatanencorto.com\/noticias\/grupos-de-choque-vandalizaron-palacio-de-gobierno-durante-marcha-de-sitilpech\/"]}]},{"@type":"ImageObject","inLanguage":"es","@id":"https:\/\/www.yucatanencorto.com\/noticias\/grupos-de-choque-vandalizaron-palacio-de-gobierno-durante-marcha-de-sitilpech\/#primaryimage","url":"https:\/\/www.yucatanencorto.com\/noticias\/wp-content\/uploads\/2023\/03\/41A7D60C-5B93-4F00-9358-9B862B743C21-scaled.jpeg","contentUrl":"https:\/\/www.yucatanencorto.com\/noticias\/wp-content\/uploads\/2023\/03\/41A7D60C-5B93-4F00-9358-9B862B743C21-scaled.jpeg","width":576,"height":768},{"@type":"BreadcrumbList","@id":"https:\/\/www.yucatanencorto.com\/noticias\/grupos-de-choque-vandalizaron-palacio-de-gobierno-durante-marcha-de-sitilpech\/#breadcrumb","itemListElement":[{"@type":"ListItem","position":1,"name":"Portada","item":"https:\/\/www.yucatanencorto.com\/noticias\/"},{"@type":"ListItem","position":2,"name":"Grupos de choque vandalizaron Palacio de Gobierno durante marcha de Sitilpech"}]},{"@type":"WebSite","@id":"https:\/\/www.yucatanencorto.com\/noticias\/#website","url":"https:\/\/www.yucatanencorto.com\/noticias\/","name":"Yucat\u00e1n en corto","description":"Noticias","potentialAction":[{"@type":"SearchAction","target":{"@type":"EntryPoint","urlTemplate":"https:\/\/www.yucatanencorto.com\/noticias\/?s={search_term_string}"},"query-input":{"@type":"PropertyValueSpecification","valueRequired":true,"valueName":"search_term_string"}}],"inLanguage":"es"},{"@type":"Person","@id":"https:\/\/www.yucatanencorto.com\/noticias\/#\/schema\/person\/14f82d355225a1f4075dd84a31f45a72","name":"Yucat\u00e1n en Corto FC","image":{"@type":"ImageObject","inLanguage":"es","@id":"https:\/\/secure.gravatar.com\/avatar\/147d4b30cd728c53c29c49a3f7834dedca33707f4cd259761355846009a88250?s=96&d=mm&r=g","url":"https:\/\/secure.gravatar.com\/avatar\/147d4b30cd728c53c29c49a3f7834dedca33707f4cd259761355846009a88250?s=96&d=mm&r=g","contentUrl":"https:\/\/secure.gravatar.com\/avatar\/147d4b30cd728c53c29c49a3f7834dedca33707f4cd259761355846009a88250?s=96&d=mm&r=g","caption":"Yucat\u00e1n en Corto FC"},"url":"https:\/\/www.yucatanencorto.com\/noticias\/author\/flor\/"}]}},"_links":{"self":[{"href":"https:\/\/www.yucatanencorto.com\/noticias\/wp-json\/wp\/v2\/posts\/97270","targetHints":{"allow":["GET"]}}],"collection":[{"href":"https:\/\/www.yucatanencorto.com\/noticias\/wp-json\/wp\/v2\/posts"}],"about":[{"href":"https:\/\/www.yucatanencorto.com\/noticias\/wp-json\/wp\/v2\/types\/post"}],"author":[{"embeddable":true,"href":"https:\/\/www.yucatanencorto.com\/noticias\/wp-json\/wp\/v2\/users\/2"}],"replies":[{"embeddable":true,"href":"https:\/\/www.yucatanencorto.com\/noticias\/wp-json\/wp\/v2\/comments?post=97270"}],"version-history":[{"count":0,"href":"https:\/\/www.yucatanencorto.com\/noticias\/wp-json\/wp\/v2\/posts\/97270\/revisions"}],"wp:featuredmedia":[{"embeddable":true,"href":"https:\/\/www.yucatanencorto.com\/noticias\/wp-json\/wp\/v2\/media\/97271"}],"wp:attachment":[{"href":"https:\/\/www.yucatanencorto.com\/noticias\/wp-json\/wp\/v2\/media?parent=97270"}],"wp:term":[{"taxonomy":"category","embeddable":true,"href":"https:\/\/www.yucatanencorto.com\/noticias\/wp-json\/wp\/v2\/categories?post=97270"},{"taxonomy":"post_tag","embeddable":true,"href":"https:\/\/www.yucatanencorto.com\/noticias\/wp-json\/wp\/v2\/tags?post=97270"}],"curies":[{"name":"wp","href":"https:\/\/api.w.org\/{rel}","templated":true}]}}