{"id":97276,"date":"2023-03-23T18:57:58","date_gmt":"2023-03-24T00:57:58","guid":{"rendered":"https:\/\/www.yucatanencorto.com\/noticias\/?p=97276"},"modified":"2023-03-23T18:57:58","modified_gmt":"2023-03-24T00:57:58","slug":"levy-abraham-macari-nuevo-presidente-de-la-canaco-servytur","status":"publish","type":"post","link":"https:\/\/www.yucatanencorto.com\/noticias\/levy-abraham-macari-nuevo-presidente-de-la-canaco-servytur\/","title":{"rendered":"Levy Abraham Macari, nuevo presidente de la Canaco-Servytur"},"content":{"rendered":"<p><img loading=\"lazy\" decoding=\"async\" class=\"alignnone size-full wp-image-97277\" src=\"https:\/\/www.yucatanencorto.com\/noticias\/wp-content\/uploads\/2023\/03\/0001-33-scaled.jpg\" alt=\"\" width=\"768\" height=\"482\" srcset=\"https:\/\/www.yucatanencorto.com\/noticias\/wp-content\/uploads\/2023\/03\/0001-33-scaled.jpg 768w, https:\/\/www.yucatanencorto.com\/noticias\/wp-content\/uploads\/2023\/03\/0001-33-696x437.jpg 696w, https:\/\/www.yucatanencorto.com\/noticias\/wp-content\/uploads\/2023\/03\/0001-33-1068x670.jpg 1068w, https:\/\/www.yucatanencorto.com\/noticias\/wp-content\/uploads\/2023\/03\/0001-33-669x420.jpg 669w\" sizes=\"auto, (max-width: 768px) 100vw, 768px\" \/><\/p>\n<p>M\u00e9rida, Yucat\u00e1n, 23 de marzo de 2023.- En Yucat\u00e1n se respeta el Estado de Derecho y est\u00e1n las puertas abiertas para dialogar y dar los puntos de vista de todos, siempre y cuando lo hagan con apego a la ley y respetando la libertad de terceros, asever\u00f3 el Gobernador Mauricio Vila Dosal, durante la toma de compromiso del Consejo Directivo 2023 de la C\u00e1mara Nacional de Comercio,\u00a0 Servicios y Turismo de M\u00e9rida\u00a0 (Canaco-Servytur), donde asumi\u00f3 la presidencia Levy Abraham Macari en lugar de Iv\u00e1n Rodr\u00edguez Gasque.<\/p>\n<p>En ese marco, donde se anunci\u00f3 que Yucat\u00e1n ser\u00e1 sede del 106 Aniversario de la Concanaco-Servytur que se celebrar\u00e1 del 22 al 24 de noviembre, Vila Dosal subray\u00f3 que desde el Gobierno del Estado estamos en la mejor disposici\u00f3n de trabajar de manera coordinada por el bien de Yucat\u00e1n.<\/p>\n<p>Al reconocer el impulso que Vila Dosal le ha dado a Yucat\u00e1n y que es ejemplo para muchas personas que se dedican al turismo, el presidente de la Concanaco-Servytur M\u00e9xico, H\u00e9ctor Tejada Shaar, felicit\u00f3 al Gobernador por la forma de promover al estado a nivel nacional para atraer inversiones y generar m\u00e1s empleos.<\/p>\n<p>En ese sentido, el Gobernador resalt\u00f3 que, gracias al trabajo en equipo con la iniciativa privada, el Gobierno federal y los ayuntamientos, se est\u00e1n instalando las condiciones para que Yucat\u00e1n siga avanzando, teniendo como objetivo en com\u00fan que se generen las condiciones para que cualquier yucateco, con base en su esfuerzo y trabajo, pueda salir adelante.<\/p>\n<p>Tras reconocer el trabajo que el presidente saliente, Iv\u00e1n Rodr\u00edguez Gasque, realiz\u00f3 a lo largo de 2 a\u00f1os en la Canaco-Servytur, Vila Dosal record\u00f3 que Yucat\u00e1n est\u00e1 viviendo un momento hist\u00f3rico, pues el 2021 fue el a\u00f1o que m\u00e1s crecimiento econ\u00f3mico ha habido, tambi\u00e9n donde m\u00e1s empleos se han generado. Mientras que el 2022 es el a\u00f1o que m\u00e1s turistas se recibieron, con la mayor inversi\u00f3n extranjera directa, con la menor incidencia delictiva, con el mayor n\u00famero de estudiantes universitarios y la menor tasa de analfabetismo en la historia.<\/p>\n<p>Destac\u00f3 que se trabaja en la construcci\u00f3n de las dos nuevas centrales termoel\u00e9ctricas que van a dar energ\u00eda para los pr\u00f3ximos 25 o 30 a\u00f1os con la ampliaci\u00f3n del ducto de gas natural que nos va a permitir pagar menos en los recibos de energ\u00eda el\u00e9ctrica y atraer m\u00e1s infraestructura; adem\u00e1s est\u00e1 la ampliaci\u00f3n del Puerto de Progreso, el Tren Maya, que no solamente va a ser un tren comercial o tur\u00edstico, sino tambi\u00e9n un tren de carga.<\/p>\n<p>\u201cHoy, tambi\u00e9n estamos preparando a nuestros j\u00f3venes en las universidades, en carreras como ciberseguridad. De hecho, a partir de agosto tendremos la primera carrera en ciberseguridad del sureste del pa\u00eds y, a partir de enero, la primera especialidad en ciberseguridad en todo el sureste del pa\u00eds\u201d, record\u00f3.<\/p>\n<p>Al celebrar que Yucat\u00e1n sea sede del 106 Aniversario de la Concanaco Servytur, Vila Dosal record\u00f3 que hemos sido sede de eventos a nivel nacional e internacional, como la Cumbre de los ganadores del Premio Nobel de la Paz;\u00a0 el Tianguis Tur\u00edstico; el Smart City y, apenas la semana pasada, la Convenci\u00f3n Nacional Bancaria, el evento financiero m\u00e1s importante de todo el pa\u00eds, que no solamente vino inaugurar el Presidente de la Rep\u00fablica, sino tambi\u00e9n estuvo la exsecretaria de estado, Hillary Clinton, entre muchos otros personajes nacionales e internacionales.<\/p>\n<p>Agreg\u00f3 que este tipo de encuentros permiten proyectar Yucat\u00e1n para que m\u00e1s personas nos conozcan y vean las oportunidades que hay para visitar, pero tambi\u00e9n para invertir.<\/p>\n<p>Al reconocer el trabajo del Gobernador Mauricio Vila, Tejada Shaar anunci\u00f3 que Yucat\u00e1n ser\u00e1 sede de la celebraci\u00f3n del 106 aniversario de la Concanaco Servytur que se llevar\u00e1 a cabo el pr\u00f3ximo 22, 23 y 24 de noviembre con la presencia de todos los miembros de las c\u00e1maras de todo el pa\u00eds.<\/p>\n<p>Ante el alcalde de M\u00e9rida, Ren\u00e1n Barrera Concha y la presidenta del Consejo Coordinador Empresarial (CCE), Beatriz G\u00f3mory, el presidente de la Concanaco Servytur hizo un llamado a sumar esfuerzos en la generaci\u00f3n de econom\u00eda, crecimiento del empleo y acciones positivas para mantener el \u00e9xito de la inversi\u00f3n en M\u00e9rida, Yucat\u00e1n y M\u00e9xico.<\/p>\n<p>En su turno, el presidente de esta c\u00e1mara, Levy Abraham Macari, agradeci\u00f3 al Gobernador Mauricio Vila Dosal su disposici\u00f3n para trabajar de forma conjunta con la iniciativa privada por el crecimiento y desarrollo de Yucat\u00e1n. Asimismo, reconoci\u00f3 la voluntad del gobierno estatal para trabajar coordinadamente con los diferentes \u00f3rdenes de gobierno.<\/p>\n<p>\u201cContinuaremos con este di\u00e1logo abierto y nos comprometemos a seguir trabajando de la mano para mantener los resultados positivos que se tienen en Yucat\u00e1n y trabajar fuertemente en el interior del estado para lograr la igualdad de oportunidades de trabajo para las y los yucatecos\u201d, indic\u00f3 el dirigente empresarial.<\/p>\n<p>En ese sentido, Levy Abraham destac\u00f3 la posibilidad de trabajar en conjunto con la Secretar\u00eda de Desarrollo Econ\u00f3mico y Trabajo (Sefoet) para crear un directorio local de vinculaci\u00f3n de empresas yucatecas para dar proveedur\u00eda a las empresas que vienen de fuera a establecerse en el estado, fortaleciendo de esta manera a las firmas locales y d\u00e1ndoles a los que vienen, certeza en sus servicios con las garant\u00edas de la localidad.<\/p>\n","protected":false},"excerpt":{"rendered":"<p>M\u00e9rida, Yucat\u00e1n, 23 de marzo de 2023.- En Yucat\u00e1n se respeta el Estado de Derecho y est\u00e1n las puertas abiertas para dialogar y dar los puntos de vista de todos, siempre y cuando lo hagan con apego a la ley y respetando la libertad de terceros, asever\u00f3 el Gobernador Mauricio Vila Dosal, durante la toma [&hellip;]<\/p>\n","protected":false},"author":2,"featured_media":97277,"comment_status":"closed","ping_status":"closed","sticky":false,"template":"","format":"standard","meta":{"footnotes":""},"categories":[3],"tags":[],"class_list":{"0":"post-97276","1":"post","2":"type-post","3":"status-publish","4":"format-standard","5":"has-post-thumbnail","7":"category-yucatan"},"yoast_head":"<!-- This site is optimized with the Yoast SEO plugin v27.4 - https:\/\/yoast.com\/product\/yoast-seo-wordpress\/ -->\n<title>Levy Abraham Macari, nuevo presidente de la Canaco-Servytur - Yucat\u00e1n en corto<\/title>\n<meta name=\"robots\" content=\"index, follow, max-snippet:-1, max-image-preview:large, max-video-preview:-1\" \/>\n<link rel=\"canonical\" href=\"https:\/\/www.yucatanencorto.com\/noticias\/levy-abraham-macari-nuevo-presidente-de-la-canaco-servytur\/\" \/>\n<meta property=\"og:locale\" content=\"es_ES\" \/>\n<meta property=\"og:type\" content=\"article\" \/>\n<meta property=\"og:title\" content=\"Levy Abraham Macari, nuevo presidente de la Canaco-Servytur - Yucat\u00e1n en corto\" \/>\n<meta property=\"og:description\" content=\"M\u00e9rida, Yucat\u00e1n, 23 de marzo de 2023.- En Yucat\u00e1n se respeta el Estado de Derecho y est\u00e1n las puertas abiertas para dialogar y dar los puntos de vista de todos, siempre y cuando lo hagan con apego a la ley y respetando la libertad de terceros, asever\u00f3 el Gobernador Mauricio Vila Dosal, durante la toma [&hellip;]\" \/>\n<meta property=\"og:url\" content=\"https:\/\/www.yucatanencorto.com\/noticias\/levy-abraham-macari-nuevo-presidente-de-la-canaco-servytur\/\" \/>\n<meta property=\"og:site_name\" content=\"Yucat\u00e1n en corto\" \/>\n<meta property=\"article:publisher\" content=\"http:\/\/www.facebook.com\/yucatanencorto\" \/>\n<meta property=\"article:published_time\" content=\"2023-03-24T00:57:58+00:00\" \/>\n<meta property=\"og:image\" content=\"https:\/\/www.yucatanencorto.com\/noticias\/wp-content\/uploads\/2023\/03\/0001-33-scaled.jpg\" \/>\n\t<meta property=\"og:image:width\" content=\"768\" \/>\n\t<meta property=\"og:image:height\" content=\"482\" \/>\n\t<meta property=\"og:image:type\" content=\"image\/jpeg\" \/>\n<meta name=\"author\" content=\"Yucat\u00e1n en Corto FC\" \/>\n<meta name=\"twitter:card\" content=\"summary_large_image\" \/>\n<meta name=\"twitter:creator\" content=\"@yucatanencorto\" \/>\n<meta name=\"twitter:site\" content=\"@yucatanencorto\" \/>\n<meta name=\"twitter:label1\" content=\"Escrito por\" \/>\n\t<meta name=\"twitter:data1\" content=\"Yucat\u00e1n en Corto FC\" \/>\n\t<meta name=\"twitter:label2\" content=\"Tiempo de lectura\" \/>\n\t<meta name=\"twitter:data2\" content=\"5 minutos\" \/>\n<script type=\"application\/ld+json\" class=\"yoast-schema-graph\">{\"@context\":\"https:\\\/\\\/schema.org\",\"@graph\":[{\"@type\":\"Article\",\"@id\":\"https:\\\/\\\/www.yucatanencorto.com\\\/noticias\\\/levy-abraham-macari-nuevo-presidente-de-la-canaco-servytur\\\/#article\",\"isPartOf\":{\"@id\":\"https:\\\/\\\/www.yucatanencorto.com\\\/noticias\\\/levy-abraham-macari-nuevo-presidente-de-la-canaco-servytur\\\/\"},\"author\":{\"name\":\"Yucat\u00e1n en Corto FC\",\"@id\":\"https:\\\/\\\/www.yucatanencorto.com\\\/noticias\\\/#\\\/schema\\\/person\\\/14f82d355225a1f4075dd84a31f45a72\"},\"headline\":\"Levy Abraham Macari, nuevo presidente de la Canaco-Servytur\",\"datePublished\":\"2023-03-24T00:57:58+00:00\",\"mainEntityOfPage\":{\"@id\":\"https:\\\/\\\/www.yucatanencorto.com\\\/noticias\\\/levy-abraham-macari-nuevo-presidente-de-la-canaco-servytur\\\/\"},\"wordCount\":926,\"image\":{\"@id\":\"https:\\\/\\\/www.yucatanencorto.com\\\/noticias\\\/levy-abraham-macari-nuevo-presidente-de-la-canaco-servytur\\\/#primaryimage\"},\"thumbnailUrl\":\"https:\\\/\\\/www.yucatanencorto.com\\\/noticias\\\/wp-content\\\/uploads\\\/2023\\\/03\\\/0001-33-scaled.jpg\",\"articleSection\":[\"Yucat\u00e1n\"],\"inLanguage\":\"es\"},{\"@type\":\"WebPage\",\"@id\":\"https:\\\/\\\/www.yucatanencorto.com\\\/noticias\\\/levy-abraham-macari-nuevo-presidente-de-la-canaco-servytur\\\/\",\"url\":\"https:\\\/\\\/www.yucatanencorto.com\\\/noticias\\\/levy-abraham-macari-nuevo-presidente-de-la-canaco-servytur\\\/\",\"name\":\"Levy Abraham Macari, nuevo presidente de la Canaco-Servytur - Yucat\u00e1n en corto\",\"isPartOf\":{\"@id\":\"https:\\\/\\\/www.yucatanencorto.com\\\/noticias\\\/#website\"},\"primaryImageOfPage\":{\"@id\":\"https:\\\/\\\/www.yucatanencorto.com\\\/noticias\\\/levy-abraham-macari-nuevo-presidente-de-la-canaco-servytur\\\/#primaryimage\"},\"image\":{\"@id\":\"https:\\\/\\\/www.yucatanencorto.com\\\/noticias\\\/levy-abraham-macari-nuevo-presidente-de-la-canaco-servytur\\\/#primaryimage\"},\"thumbnailUrl\":\"https:\\\/\\\/www.yucatanencorto.com\\\/noticias\\\/wp-content\\\/uploads\\\/2023\\\/03\\\/0001-33-scaled.jpg\",\"datePublished\":\"2023-03-24T00:57:58+00:00\",\"author\":{\"@id\":\"https:\\\/\\\/www.yucatanencorto.com\\\/noticias\\\/#\\\/schema\\\/person\\\/14f82d355225a1f4075dd84a31f45a72\"},\"breadcrumb\":{\"@id\":\"https:\\\/\\\/www.yucatanencorto.com\\\/noticias\\\/levy-abraham-macari-nuevo-presidente-de-la-canaco-servytur\\\/#breadcrumb\"},\"inLanguage\":\"es\",\"potentialAction\":[{\"@type\":\"ReadAction\",\"target\":[\"https:\\\/\\\/www.yucatanencorto.com\\\/noticias\\\/levy-abraham-macari-nuevo-presidente-de-la-canaco-servytur\\\/\"]}]},{\"@type\":\"ImageObject\",\"inLanguage\":\"es\",\"@id\":\"https:\\\/\\\/www.yucatanencorto.com\\\/noticias\\\/levy-abraham-macari-nuevo-presidente-de-la-canaco-servytur\\\/#primaryimage\",\"url\":\"https:\\\/\\\/www.yucatanencorto.com\\\/noticias\\\/wp-content\\\/uploads\\\/2023\\\/03\\\/0001-33-scaled.jpg\",\"contentUrl\":\"https:\\\/\\\/www.yucatanencorto.com\\\/noticias\\\/wp-content\\\/uploads\\\/2023\\\/03\\\/0001-33-scaled.jpg\",\"width\":768,\"height\":482},{\"@type\":\"BreadcrumbList\",\"@id\":\"https:\\\/\\\/www.yucatanencorto.com\\\/noticias\\\/levy-abraham-macari-nuevo-presidente-de-la-canaco-servytur\\\/#breadcrumb\",\"itemListElement\":[{\"@type\":\"ListItem\",\"position\":1,\"name\":\"Portada\",\"item\":\"https:\\\/\\\/www.yucatanencorto.com\\\/noticias\\\/\"},{\"@type\":\"ListItem\",\"position\":2,\"name\":\"Levy Abraham Macari, nuevo presidente de la Canaco-Servytur\"}]},{\"@type\":\"WebSite\",\"@id\":\"https:\\\/\\\/www.yucatanencorto.com\\\/noticias\\\/#website\",\"url\":\"https:\\\/\\\/www.yucatanencorto.com\\\/noticias\\\/\",\"name\":\"Yucat\u00e1n en corto\",\"description\":\"Noticias\",\"potentialAction\":[{\"@type\":\"SearchAction\",\"target\":{\"@type\":\"EntryPoint\",\"urlTemplate\":\"https:\\\/\\\/www.yucatanencorto.com\\\/noticias\\\/?s={search_term_string}\"},\"query-input\":{\"@type\":\"PropertyValueSpecification\",\"valueRequired\":true,\"valueName\":\"search_term_string\"}}],\"inLanguage\":\"es\"},{\"@type\":\"Person\",\"@id\":\"https:\\\/\\\/www.yucatanencorto.com\\\/noticias\\\/#\\\/schema\\\/person\\\/14f82d355225a1f4075dd84a31f45a72\",\"name\":\"Yucat\u00e1n en Corto FC\",\"image\":{\"@type\":\"ImageObject\",\"inLanguage\":\"es\",\"@id\":\"https:\\\/\\\/secure.gravatar.com\\\/avatar\\\/147d4b30cd728c53c29c49a3f7834dedca33707f4cd259761355846009a88250?s=96&d=mm&r=g\",\"url\":\"https:\\\/\\\/secure.gravatar.com\\\/avatar\\\/147d4b30cd728c53c29c49a3f7834dedca33707f4cd259761355846009a88250?s=96&d=mm&r=g\",\"contentUrl\":\"https:\\\/\\\/secure.gravatar.com\\\/avatar\\\/147d4b30cd728c53c29c49a3f7834dedca33707f4cd259761355846009a88250?s=96&d=mm&r=g\",\"caption\":\"Yucat\u00e1n en Corto FC\"},\"url\":\"https:\\\/\\\/www.yucatanencorto.com\\\/noticias\\\/author\\\/flor\\\/\"}]}<\/script>\n<!-- \/ Yoast SEO plugin. -->","yoast_head_json":{"title":"Levy Abraham Macari, nuevo presidente de la Canaco-Servytur - Yucat\u00e1n en corto","robots":{"index":"index","follow":"follow","max-snippet":"max-snippet:-1","max-image-preview":"max-image-preview:large","max-video-preview":"max-video-preview:-1"},"canonical":"https:\/\/www.yucatanencorto.com\/noticias\/levy-abraham-macari-nuevo-presidente-de-la-canaco-servytur\/","og_locale":"es_ES","og_type":"article","og_title":"Levy Abraham Macari, nuevo presidente de la Canaco-Servytur - Yucat\u00e1n en corto","og_description":"M\u00e9rida, Yucat\u00e1n, 23 de marzo de 2023.- En Yucat\u00e1n se respeta el Estado de Derecho y est\u00e1n las puertas abiertas para dialogar y dar los puntos de vista de todos, siempre y cuando lo hagan con apego a la ley y respetando la libertad de terceros, asever\u00f3 el Gobernador Mauricio Vila Dosal, durante la toma [&hellip;]","og_url":"https:\/\/www.yucatanencorto.com\/noticias\/levy-abraham-macari-nuevo-presidente-de-la-canaco-servytur\/","og_site_name":"Yucat\u00e1n en corto","article_publisher":"http:\/\/www.facebook.com\/yucatanencorto","article_published_time":"2023-03-24T00:57:58+00:00","og_image":[{"width":768,"height":482,"url":"https:\/\/www.yucatanencorto.com\/noticias\/wp-content\/uploads\/2023\/03\/0001-33-scaled.jpg","type":"image\/jpeg"}],"author":"Yucat\u00e1n en Corto FC","twitter_card":"summary_large_image","twitter_creator":"@yucatanencorto","twitter_site":"@yucatanencorto","twitter_misc":{"Escrito por":"Yucat\u00e1n en Corto FC","Tiempo de lectura":"5 minutos"},"schema":{"@context":"https:\/\/schema.org","@graph":[{"@type":"Article","@id":"https:\/\/www.yucatanencorto.com\/noticias\/levy-abraham-macari-nuevo-presidente-de-la-canaco-servytur\/#article","isPartOf":{"@id":"https:\/\/www.yucatanencorto.com\/noticias\/levy-abraham-macari-nuevo-presidente-de-la-canaco-servytur\/"},"author":{"name":"Yucat\u00e1n en Corto FC","@id":"https:\/\/www.yucatanencorto.com\/noticias\/#\/schema\/person\/14f82d355225a1f4075dd84a31f45a72"},"headline":"Levy Abraham Macari, nuevo presidente de la Canaco-Servytur","datePublished":"2023-03-24T00:57:58+00:00","mainEntityOfPage":{"@id":"https:\/\/www.yucatanencorto.com\/noticias\/levy-abraham-macari-nuevo-presidente-de-la-canaco-servytur\/"},"wordCount":926,"image":{"@id":"https:\/\/www.yucatanencorto.com\/noticias\/levy-abraham-macari-nuevo-presidente-de-la-canaco-servytur\/#primaryimage"},"thumbnailUrl":"https:\/\/www.yucatanencorto.com\/noticias\/wp-content\/uploads\/2023\/03\/0001-33-scaled.jpg","articleSection":["Yucat\u00e1n"],"inLanguage":"es"},{"@type":"WebPage","@id":"https:\/\/www.yucatanencorto.com\/noticias\/levy-abraham-macari-nuevo-presidente-de-la-canaco-servytur\/","url":"https:\/\/www.yucatanencorto.com\/noticias\/levy-abraham-macari-nuevo-presidente-de-la-canaco-servytur\/","name":"Levy Abraham Macari, nuevo presidente de la Canaco-Servytur - Yucat\u00e1n en corto","isPartOf":{"@id":"https:\/\/www.yucatanencorto.com\/noticias\/#website"},"primaryImageOfPage":{"@id":"https:\/\/www.yucatanencorto.com\/noticias\/levy-abraham-macari-nuevo-presidente-de-la-canaco-servytur\/#primaryimage"},"image":{"@id":"https:\/\/www.yucatanencorto.com\/noticias\/levy-abraham-macari-nuevo-presidente-de-la-canaco-servytur\/#primaryimage"},"thumbnailUrl":"https:\/\/www.yucatanencorto.com\/noticias\/wp-content\/uploads\/2023\/03\/0001-33-scaled.jpg","datePublished":"2023-03-24T00:57:58+00:00","author":{"@id":"https:\/\/www.yucatanencorto.com\/noticias\/#\/schema\/person\/14f82d355225a1f4075dd84a31f45a72"},"breadcrumb":{"@id":"https:\/\/www.yucatanencorto.com\/noticias\/levy-abraham-macari-nuevo-presidente-de-la-canaco-servytur\/#breadcrumb"},"inLanguage":"es","potentialAction":[{"@type":"ReadAction","target":["https:\/\/www.yucatanencorto.com\/noticias\/levy-abraham-macari-nuevo-presidente-de-la-canaco-servytur\/"]}]},{"@type":"ImageObject","inLanguage":"es","@id":"https:\/\/www.yucatanencorto.com\/noticias\/levy-abraham-macari-nuevo-presidente-de-la-canaco-servytur\/#primaryimage","url":"https:\/\/www.yucatanencorto.com\/noticias\/wp-content\/uploads\/2023\/03\/0001-33-scaled.jpg","contentUrl":"https:\/\/www.yucatanencorto.com\/noticias\/wp-content\/uploads\/2023\/03\/0001-33-scaled.jpg","width":768,"height":482},{"@type":"BreadcrumbList","@id":"https:\/\/www.yucatanencorto.com\/noticias\/levy-abraham-macari-nuevo-presidente-de-la-canaco-servytur\/#breadcrumb","itemListElement":[{"@type":"ListItem","position":1,"name":"Portada","item":"https:\/\/www.yucatanencorto.com\/noticias\/"},{"@type":"ListItem","position":2,"name":"Levy Abraham Macari, nuevo presidente de la Canaco-Servytur"}]},{"@type":"WebSite","@id":"https:\/\/www.yucatanencorto.com\/noticias\/#website","url":"https:\/\/www.yucatanencorto.com\/noticias\/","name":"Yucat\u00e1n en corto","description":"Noticias","potentialAction":[{"@type":"SearchAction","target":{"@type":"EntryPoint","urlTemplate":"https:\/\/www.yucatanencorto.com\/noticias\/?s={search_term_string}"},"query-input":{"@type":"PropertyValueSpecification","valueRequired":true,"valueName":"search_term_string"}}],"inLanguage":"es"},{"@type":"Person","@id":"https:\/\/www.yucatanencorto.com\/noticias\/#\/schema\/person\/14f82d355225a1f4075dd84a31f45a72","name":"Yucat\u00e1n en Corto FC","image":{"@type":"ImageObject","inLanguage":"es","@id":"https:\/\/secure.gravatar.com\/avatar\/147d4b30cd728c53c29c49a3f7834dedca33707f4cd259761355846009a88250?s=96&d=mm&r=g","url":"https:\/\/secure.gravatar.com\/avatar\/147d4b30cd728c53c29c49a3f7834dedca33707f4cd259761355846009a88250?s=96&d=mm&r=g","contentUrl":"https:\/\/secure.gravatar.com\/avatar\/147d4b30cd728c53c29c49a3f7834dedca33707f4cd259761355846009a88250?s=96&d=mm&r=g","caption":"Yucat\u00e1n en Corto FC"},"url":"https:\/\/www.yucatanencorto.com\/noticias\/author\/flor\/"}]}},"_links":{"self":[{"href":"https:\/\/www.yucatanencorto.com\/noticias\/wp-json\/wp\/v2\/posts\/97276","targetHints":{"allow":["GET"]}}],"collection":[{"href":"https:\/\/www.yucatanencorto.com\/noticias\/wp-json\/wp\/v2\/posts"}],"about":[{"href":"https:\/\/www.yucatanencorto.com\/noticias\/wp-json\/wp\/v2\/types\/post"}],"author":[{"embeddable":true,"href":"https:\/\/www.yucatanencorto.com\/noticias\/wp-json\/wp\/v2\/users\/2"}],"replies":[{"embeddable":true,"href":"https:\/\/www.yucatanencorto.com\/noticias\/wp-json\/wp\/v2\/comments?post=97276"}],"version-history":[{"count":0,"href":"https:\/\/www.yucatanencorto.com\/noticias\/wp-json\/wp\/v2\/posts\/97276\/revisions"}],"wp:featuredmedia":[{"embeddable":true,"href":"https:\/\/www.yucatanencorto.com\/noticias\/wp-json\/wp\/v2\/media\/97277"}],"wp:attachment":[{"href":"https:\/\/www.yucatanencorto.com\/noticias\/wp-json\/wp\/v2\/media?parent=97276"}],"wp:term":[{"taxonomy":"category","embeddable":true,"href":"https:\/\/www.yucatanencorto.com\/noticias\/wp-json\/wp\/v2\/categories?post=97276"},{"taxonomy":"post_tag","embeddable":true,"href":"https:\/\/www.yucatanencorto.com\/noticias\/wp-json\/wp\/v2\/tags?post=97276"}],"curies":[{"name":"wp","href":"https:\/\/api.w.org\/{rel}","templated":true}]}}