{"id":97279,"date":"2023-03-23T20:36:36","date_gmt":"2023-03-24T02:36:36","guid":{"rendered":"https:\/\/www.yucatanencorto.com\/noticias\/?p=97279"},"modified":"2023-03-23T20:36:36","modified_gmt":"2023-03-24T02:36:36","slug":"inauguran-parque-en-san-jose-tzal","status":"publish","type":"post","link":"https:\/\/www.yucatanencorto.com\/noticias\/inauguran-parque-en-san-jose-tzal\/","title":{"rendered":"Inauguran parque en San Jos\u00e9 Tzal"},"content":{"rendered":"<p><img loading=\"lazy\" decoding=\"async\" class=\"alignnone size-full wp-image-97280\" src=\"https:\/\/www.yucatanencorto.com\/noticias\/wp-content\/uploads\/2023\/03\/AB84EBF8-425B-4743-8D10-3EBF7DF1F095-scaled.jpeg\" alt=\"\" width=\"768\" height=\"512\" srcset=\"https:\/\/www.yucatanencorto.com\/noticias\/wp-content\/uploads\/2023\/03\/AB84EBF8-425B-4743-8D10-3EBF7DF1F095-scaled.jpeg 768w, https:\/\/www.yucatanencorto.com\/noticias\/wp-content\/uploads\/2023\/03\/AB84EBF8-425B-4743-8D10-3EBF7DF1F095-696x464.jpeg 696w, https:\/\/www.yucatanencorto.com\/noticias\/wp-content\/uploads\/2023\/03\/AB84EBF8-425B-4743-8D10-3EBF7DF1F095-1068x712.jpeg 1068w, https:\/\/www.yucatanencorto.com\/noticias\/wp-content\/uploads\/2023\/03\/AB84EBF8-425B-4743-8D10-3EBF7DF1F095-630x420.jpeg 630w\" sizes=\"auto, (max-width: 768px) 100vw, 768px\" \/><br \/>\nM\u00e9rida, Yucat\u00e1n a 23 de marzo de 2023.- Con obras y acciones dirigidas al desarrollo equitativo de la ciudad atendemos las necesidades m\u00e1s apremiantes de la poblaci\u00f3n y mejoramos la calidad de vida de todas y todos los habitantes de las colonias y comisar\u00edas del Municipio, asegur\u00f3 el Alcalde Ren\u00e1n Barrera Concha.<\/p>\n<p>Como parte de estas acciones para dotar de m\u00e1s y mejores espacios p\u00fablicos, el Presidente Municipal inaugur\u00f3 el parque San Jos\u00e9 Tzal, ubicado al Sur de la ciudad, que se rehabilit\u00f3 bajo el esquema de dise\u00f1o participativo.<\/p>\n<p>Se\u00f1al\u00f3 que, con esta rehabilitaci\u00f3n, se contin\u00faa transformando la ciudad de la mano de las y los ciudadanos para dotar de espacios p\u00fablicos con \u00e1reas deportivas, \u00e1reas verdes y de esparcimiento para todas las edades.<\/p>\n<p>\u201cYa no se trata de s\u00f3lo construir los espacios p\u00fablicos, sino de garantizar que atiendan las necesidades de la comunidad. Esto se logra con la participaci\u00f3n ciudadana que es la columna vertebral de la calidad de vida de esta ciudad\u201d, se\u00f1al\u00f3.<\/p>\n<p>Barrera Concha indic\u00f3 que con este espacio no s\u00f3lo se beneficia al fraccionamiento San Jos\u00e9 Tzal, sino que se atiende en total a 2,993 personas que viven en las colonias del Sur como Las Perlas de Villa Bonita, Nueva San Jos\u00e9 Tecoh y Brisas de San Jos\u00e9.<\/p>\n<p>Destac\u00f3 que otro aspecto importante que aporta el Ayuntamiento en la construcci\u00f3n o rehabilitaci\u00f3n de los espacios p\u00fablicos es la seguridad, por lo que se destaca como elemento fundamental la iluminaci\u00f3n y la asignaci\u00f3n de un guardaparque.<\/p>\n<p>Por su parte, las y los vecinos agradecieron al Alcalde por fomentar desde su gobierno la participaci\u00f3n ciudadana en los proyectos p\u00fablicos y mencionaron que la construcci\u00f3n de este parque fue por muchos a\u00f1os el sue\u00f1o de todas y todos los vecinos.<\/p>\n<p>\u201cQued\u00f3 muy bonito, estamos muy contentos de contar con este nuevo espacio para que ni\u00f1os y j\u00f3venes puedan distraerse, ya era necesario, sobre todo porque era algo que solicitamos\u201d, platic\u00f3 Yolanda Fern\u00e1ndez Palomo.<\/p>\n<p>Otro vecino, Juan Israel Rodriguez Ceballos, felicit\u00f3 a Ren\u00e1n Barrera por escuchar la voz de los vecinos para la construcci\u00f3n de los parques de M\u00e9rida, ya que demuestra que encabeza una administraci\u00f3n que es cercana a la gente y atiende sus solicitudes.<\/p>\n<p>\u00abYo particip\u00e9 en algunas de las reuniones que se hicieron para dise\u00f1ar el parque, y lo que me dio m\u00e1s gusto fue que lo hicieron tal como nosotros lo decimos en las juntas\u201d, manifest\u00f3.<\/p>\n<p>A su vez, el secretario de Participaci\u00f3n Ciudadana, Julio Sauma Castillo, inform\u00f3 que se realizaron 3 sesiones p\u00fablicas en las que participaron 100 personas, de las cuales el 69% fueron mujeres y el 31% hombres.<\/p>\n<p>Record\u00f3 que el a\u00f1o pasado se realizaron 22 parques bajo el esquema de Dise\u00f1o Participativo de Espacios P\u00fablicos con una inversi\u00f3n total de 67 millones 368 mil 927.72 pesos.<\/p>\n<p>Asimismo, el director de Obras P\u00fablicas, David Lor\u00eda Magdud inform\u00f3 que en el parque se invirti\u00f3 un total de 4 millones 149 mil 755.55 pesos provenientes de recursos de Infraestructura Ramo 33.<\/p>\n<p>Explic\u00f3 que los trabajos realizados consistieron en la construcci\u00f3n de \u00e1rea de andador peatonal, \u00e1rea infantil con juegos inclusivos, \u00e1reas verdes, instalaciones el\u00e9ctricas para el sistema de iluminaci\u00f3n, bancas para descanso, mesas de pic-nic familiares con capacidad para 6 personas, botes de basura, estacionamiento para bicicletas con capacidad para 6, banquetas y rampas para personas con discapacidad.<\/p>\n<p>En la inauguraci\u00f3n estuvieron presentes Dafne L\u00f3pez Osorio, diputada local; Diana Canto Moreno, s\u00edndico Municipal; Maria Jos\u00e9 C\u00e1ceres Delgado, directora de Desarrollo Social; Israel Rodriguez, presidente del Comit\u00e9 de Contralor\u00eda Social: Silva V\u00e1rguez Uc, integrante del Consejo de Participaci\u00f3n Ciudadana del Fraccionamiento de San Jos\u00e9 Tzal y Elvia Kim Herrera, Integrante del Consejo de Participaci\u00f3n Ciudadana del Fraccionamiento de San Jos\u00e9 Tzal.<\/p>\n","protected":false},"excerpt":{"rendered":"<p>M\u00e9rida, Yucat\u00e1n a 23 de marzo de 2023.- Con obras y acciones dirigidas al desarrollo equitativo de la ciudad atendemos las necesidades m\u00e1s apremiantes de la poblaci\u00f3n y mejoramos la calidad de vida de todas y todos los habitantes de las colonias y comisar\u00edas del Municipio, asegur\u00f3 el Alcalde Ren\u00e1n Barrera Concha. Como parte de [&hellip;]<\/p>\n","protected":false},"author":2,"featured_media":97280,"comment_status":"closed","ping_status":"closed","sticky":false,"template":"","format":"standard","meta":{"footnotes":""},"categories":[2],"tags":[],"class_list":{"0":"post-97279","1":"post","2":"type-post","3":"status-publish","4":"format-standard","5":"has-post-thumbnail","7":"category-merida"},"yoast_head":"<!-- This site is optimized with the Yoast SEO plugin v27.4 - https:\/\/yoast.com\/product\/yoast-seo-wordpress\/ -->\n<title>Inauguran parque en San Jos\u00e9 Tzal - Yucat\u00e1n en corto<\/title>\n<meta name=\"robots\" content=\"index, follow, max-snippet:-1, max-image-preview:large, max-video-preview:-1\" \/>\n<link rel=\"canonical\" href=\"https:\/\/www.yucatanencorto.com\/noticias\/inauguran-parque-en-san-jose-tzal\/\" \/>\n<meta property=\"og:locale\" content=\"es_ES\" \/>\n<meta property=\"og:type\" content=\"article\" \/>\n<meta property=\"og:title\" content=\"Inauguran parque en San Jos\u00e9 Tzal - Yucat\u00e1n en corto\" \/>\n<meta property=\"og:description\" content=\"M\u00e9rida, Yucat\u00e1n a 23 de marzo de 2023.- Con obras y acciones dirigidas al desarrollo equitativo de la ciudad atendemos las necesidades m\u00e1s apremiantes de la poblaci\u00f3n y mejoramos la calidad de vida de todas y todos los habitantes de las colonias y comisar\u00edas del Municipio, asegur\u00f3 el Alcalde Ren\u00e1n Barrera Concha. Como parte de [&hellip;]\" \/>\n<meta property=\"og:url\" content=\"https:\/\/www.yucatanencorto.com\/noticias\/inauguran-parque-en-san-jose-tzal\/\" \/>\n<meta property=\"og:site_name\" content=\"Yucat\u00e1n en corto\" \/>\n<meta property=\"article:publisher\" content=\"http:\/\/www.facebook.com\/yucatanencorto\" \/>\n<meta property=\"article:published_time\" content=\"2023-03-24T02:36:36+00:00\" \/>\n<meta property=\"og:image\" content=\"https:\/\/www.yucatanencorto.com\/noticias\/wp-content\/uploads\/2023\/03\/AB84EBF8-425B-4743-8D10-3EBF7DF1F095-scaled.jpeg\" \/>\n\t<meta property=\"og:image:width\" content=\"768\" \/>\n\t<meta property=\"og:image:height\" content=\"512\" \/>\n\t<meta property=\"og:image:type\" content=\"image\/jpeg\" \/>\n<meta name=\"author\" content=\"Yucat\u00e1n en Corto FC\" \/>\n<meta name=\"twitter:card\" content=\"summary_large_image\" \/>\n<meta name=\"twitter:creator\" content=\"@yucatanencorto\" \/>\n<meta name=\"twitter:site\" content=\"@yucatanencorto\" \/>\n<meta name=\"twitter:label1\" content=\"Escrito por\" \/>\n\t<meta name=\"twitter:data1\" content=\"Yucat\u00e1n en Corto FC\" \/>\n\t<meta name=\"twitter:label2\" content=\"Tiempo de lectura\" \/>\n\t<meta name=\"twitter:data2\" content=\"4 minutos\" \/>\n<script type=\"application\/ld+json\" class=\"yoast-schema-graph\">{\"@context\":\"https:\\\/\\\/schema.org\",\"@graph\":[{\"@type\":\"Article\",\"@id\":\"https:\\\/\\\/www.yucatanencorto.com\\\/noticias\\\/inauguran-parque-en-san-jose-tzal\\\/#article\",\"isPartOf\":{\"@id\":\"https:\\\/\\\/www.yucatanencorto.com\\\/noticias\\\/inauguran-parque-en-san-jose-tzal\\\/\"},\"author\":{\"name\":\"Yucat\u00e1n en Corto FC\",\"@id\":\"https:\\\/\\\/www.yucatanencorto.com\\\/noticias\\\/#\\\/schema\\\/person\\\/14f82d355225a1f4075dd84a31f45a72\"},\"headline\":\"Inauguran parque en San Jos\u00e9 Tzal\",\"datePublished\":\"2023-03-24T02:36:36+00:00\",\"mainEntityOfPage\":{\"@id\":\"https:\\\/\\\/www.yucatanencorto.com\\\/noticias\\\/inauguran-parque-en-san-jose-tzal\\\/\"},\"wordCount\":661,\"image\":{\"@id\":\"https:\\\/\\\/www.yucatanencorto.com\\\/noticias\\\/inauguran-parque-en-san-jose-tzal\\\/#primaryimage\"},\"thumbnailUrl\":\"https:\\\/\\\/www.yucatanencorto.com\\\/noticias\\\/wp-content\\\/uploads\\\/2023\\\/03\\\/AB84EBF8-425B-4743-8D10-3EBF7DF1F095-scaled.jpeg\",\"articleSection\":[\"M\u00e9rida\"],\"inLanguage\":\"es\"},{\"@type\":\"WebPage\",\"@id\":\"https:\\\/\\\/www.yucatanencorto.com\\\/noticias\\\/inauguran-parque-en-san-jose-tzal\\\/\",\"url\":\"https:\\\/\\\/www.yucatanencorto.com\\\/noticias\\\/inauguran-parque-en-san-jose-tzal\\\/\",\"name\":\"Inauguran parque en San Jos\u00e9 Tzal - Yucat\u00e1n en corto\",\"isPartOf\":{\"@id\":\"https:\\\/\\\/www.yucatanencorto.com\\\/noticias\\\/#website\"},\"primaryImageOfPage\":{\"@id\":\"https:\\\/\\\/www.yucatanencorto.com\\\/noticias\\\/inauguran-parque-en-san-jose-tzal\\\/#primaryimage\"},\"image\":{\"@id\":\"https:\\\/\\\/www.yucatanencorto.com\\\/noticias\\\/inauguran-parque-en-san-jose-tzal\\\/#primaryimage\"},\"thumbnailUrl\":\"https:\\\/\\\/www.yucatanencorto.com\\\/noticias\\\/wp-content\\\/uploads\\\/2023\\\/03\\\/AB84EBF8-425B-4743-8D10-3EBF7DF1F095-scaled.jpeg\",\"datePublished\":\"2023-03-24T02:36:36+00:00\",\"author\":{\"@id\":\"https:\\\/\\\/www.yucatanencorto.com\\\/noticias\\\/#\\\/schema\\\/person\\\/14f82d355225a1f4075dd84a31f45a72\"},\"breadcrumb\":{\"@id\":\"https:\\\/\\\/www.yucatanencorto.com\\\/noticias\\\/inauguran-parque-en-san-jose-tzal\\\/#breadcrumb\"},\"inLanguage\":\"es\",\"potentialAction\":[{\"@type\":\"ReadAction\",\"target\":[\"https:\\\/\\\/www.yucatanencorto.com\\\/noticias\\\/inauguran-parque-en-san-jose-tzal\\\/\"]}]},{\"@type\":\"ImageObject\",\"inLanguage\":\"es\",\"@id\":\"https:\\\/\\\/www.yucatanencorto.com\\\/noticias\\\/inauguran-parque-en-san-jose-tzal\\\/#primaryimage\",\"url\":\"https:\\\/\\\/www.yucatanencorto.com\\\/noticias\\\/wp-content\\\/uploads\\\/2023\\\/03\\\/AB84EBF8-425B-4743-8D10-3EBF7DF1F095-scaled.jpeg\",\"contentUrl\":\"https:\\\/\\\/www.yucatanencorto.com\\\/noticias\\\/wp-content\\\/uploads\\\/2023\\\/03\\\/AB84EBF8-425B-4743-8D10-3EBF7DF1F095-scaled.jpeg\",\"width\":768,\"height\":512},{\"@type\":\"BreadcrumbList\",\"@id\":\"https:\\\/\\\/www.yucatanencorto.com\\\/noticias\\\/inauguran-parque-en-san-jose-tzal\\\/#breadcrumb\",\"itemListElement\":[{\"@type\":\"ListItem\",\"position\":1,\"name\":\"Portada\",\"item\":\"https:\\\/\\\/www.yucatanencorto.com\\\/noticias\\\/\"},{\"@type\":\"ListItem\",\"position\":2,\"name\":\"Inauguran parque en San Jos\u00e9 Tzal\"}]},{\"@type\":\"WebSite\",\"@id\":\"https:\\\/\\\/www.yucatanencorto.com\\\/noticias\\\/#website\",\"url\":\"https:\\\/\\\/www.yucatanencorto.com\\\/noticias\\\/\",\"name\":\"Yucat\u00e1n en corto\",\"description\":\"Noticias\",\"potentialAction\":[{\"@type\":\"SearchAction\",\"target\":{\"@type\":\"EntryPoint\",\"urlTemplate\":\"https:\\\/\\\/www.yucatanencorto.com\\\/noticias\\\/?s={search_term_string}\"},\"query-input\":{\"@type\":\"PropertyValueSpecification\",\"valueRequired\":true,\"valueName\":\"search_term_string\"}}],\"inLanguage\":\"es\"},{\"@type\":\"Person\",\"@id\":\"https:\\\/\\\/www.yucatanencorto.com\\\/noticias\\\/#\\\/schema\\\/person\\\/14f82d355225a1f4075dd84a31f45a72\",\"name\":\"Yucat\u00e1n en Corto FC\",\"image\":{\"@type\":\"ImageObject\",\"inLanguage\":\"es\",\"@id\":\"https:\\\/\\\/secure.gravatar.com\\\/avatar\\\/147d4b30cd728c53c29c49a3f7834dedca33707f4cd259761355846009a88250?s=96&d=mm&r=g\",\"url\":\"https:\\\/\\\/secure.gravatar.com\\\/avatar\\\/147d4b30cd728c53c29c49a3f7834dedca33707f4cd259761355846009a88250?s=96&d=mm&r=g\",\"contentUrl\":\"https:\\\/\\\/secure.gravatar.com\\\/avatar\\\/147d4b30cd728c53c29c49a3f7834dedca33707f4cd259761355846009a88250?s=96&d=mm&r=g\",\"caption\":\"Yucat\u00e1n en Corto FC\"},\"url\":\"https:\\\/\\\/www.yucatanencorto.com\\\/noticias\\\/author\\\/flor\\\/\"}]}<\/script>\n<!-- \/ Yoast SEO plugin. -->","yoast_head_json":{"title":"Inauguran parque en San Jos\u00e9 Tzal - Yucat\u00e1n en corto","robots":{"index":"index","follow":"follow","max-snippet":"max-snippet:-1","max-image-preview":"max-image-preview:large","max-video-preview":"max-video-preview:-1"},"canonical":"https:\/\/www.yucatanencorto.com\/noticias\/inauguran-parque-en-san-jose-tzal\/","og_locale":"es_ES","og_type":"article","og_title":"Inauguran parque en San Jos\u00e9 Tzal - Yucat\u00e1n en corto","og_description":"M\u00e9rida, Yucat\u00e1n a 23 de marzo de 2023.- Con obras y acciones dirigidas al desarrollo equitativo de la ciudad atendemos las necesidades m\u00e1s apremiantes de la poblaci\u00f3n y mejoramos la calidad de vida de todas y todos los habitantes de las colonias y comisar\u00edas del Municipio, asegur\u00f3 el Alcalde Ren\u00e1n Barrera Concha. Como parte de [&hellip;]","og_url":"https:\/\/www.yucatanencorto.com\/noticias\/inauguran-parque-en-san-jose-tzal\/","og_site_name":"Yucat\u00e1n en corto","article_publisher":"http:\/\/www.facebook.com\/yucatanencorto","article_published_time":"2023-03-24T02:36:36+00:00","og_image":[{"width":768,"height":512,"url":"https:\/\/www.yucatanencorto.com\/noticias\/wp-content\/uploads\/2023\/03\/AB84EBF8-425B-4743-8D10-3EBF7DF1F095-scaled.jpeg","type":"image\/jpeg"}],"author":"Yucat\u00e1n en Corto FC","twitter_card":"summary_large_image","twitter_creator":"@yucatanencorto","twitter_site":"@yucatanencorto","twitter_misc":{"Escrito por":"Yucat\u00e1n en Corto FC","Tiempo de lectura":"4 minutos"},"schema":{"@context":"https:\/\/schema.org","@graph":[{"@type":"Article","@id":"https:\/\/www.yucatanencorto.com\/noticias\/inauguran-parque-en-san-jose-tzal\/#article","isPartOf":{"@id":"https:\/\/www.yucatanencorto.com\/noticias\/inauguran-parque-en-san-jose-tzal\/"},"author":{"name":"Yucat\u00e1n en Corto FC","@id":"https:\/\/www.yucatanencorto.com\/noticias\/#\/schema\/person\/14f82d355225a1f4075dd84a31f45a72"},"headline":"Inauguran parque en San Jos\u00e9 Tzal","datePublished":"2023-03-24T02:36:36+00:00","mainEntityOfPage":{"@id":"https:\/\/www.yucatanencorto.com\/noticias\/inauguran-parque-en-san-jose-tzal\/"},"wordCount":661,"image":{"@id":"https:\/\/www.yucatanencorto.com\/noticias\/inauguran-parque-en-san-jose-tzal\/#primaryimage"},"thumbnailUrl":"https:\/\/www.yucatanencorto.com\/noticias\/wp-content\/uploads\/2023\/03\/AB84EBF8-425B-4743-8D10-3EBF7DF1F095-scaled.jpeg","articleSection":["M\u00e9rida"],"inLanguage":"es"},{"@type":"WebPage","@id":"https:\/\/www.yucatanencorto.com\/noticias\/inauguran-parque-en-san-jose-tzal\/","url":"https:\/\/www.yucatanencorto.com\/noticias\/inauguran-parque-en-san-jose-tzal\/","name":"Inauguran parque en San Jos\u00e9 Tzal - Yucat\u00e1n en corto","isPartOf":{"@id":"https:\/\/www.yucatanencorto.com\/noticias\/#website"},"primaryImageOfPage":{"@id":"https:\/\/www.yucatanencorto.com\/noticias\/inauguran-parque-en-san-jose-tzal\/#primaryimage"},"image":{"@id":"https:\/\/www.yucatanencorto.com\/noticias\/inauguran-parque-en-san-jose-tzal\/#primaryimage"},"thumbnailUrl":"https:\/\/www.yucatanencorto.com\/noticias\/wp-content\/uploads\/2023\/03\/AB84EBF8-425B-4743-8D10-3EBF7DF1F095-scaled.jpeg","datePublished":"2023-03-24T02:36:36+00:00","author":{"@id":"https:\/\/www.yucatanencorto.com\/noticias\/#\/schema\/person\/14f82d355225a1f4075dd84a31f45a72"},"breadcrumb":{"@id":"https:\/\/www.yucatanencorto.com\/noticias\/inauguran-parque-en-san-jose-tzal\/#breadcrumb"},"inLanguage":"es","potentialAction":[{"@type":"ReadAction","target":["https:\/\/www.yucatanencorto.com\/noticias\/inauguran-parque-en-san-jose-tzal\/"]}]},{"@type":"ImageObject","inLanguage":"es","@id":"https:\/\/www.yucatanencorto.com\/noticias\/inauguran-parque-en-san-jose-tzal\/#primaryimage","url":"https:\/\/www.yucatanencorto.com\/noticias\/wp-content\/uploads\/2023\/03\/AB84EBF8-425B-4743-8D10-3EBF7DF1F095-scaled.jpeg","contentUrl":"https:\/\/www.yucatanencorto.com\/noticias\/wp-content\/uploads\/2023\/03\/AB84EBF8-425B-4743-8D10-3EBF7DF1F095-scaled.jpeg","width":768,"height":512},{"@type":"BreadcrumbList","@id":"https:\/\/www.yucatanencorto.com\/noticias\/inauguran-parque-en-san-jose-tzal\/#breadcrumb","itemListElement":[{"@type":"ListItem","position":1,"name":"Portada","item":"https:\/\/www.yucatanencorto.com\/noticias\/"},{"@type":"ListItem","position":2,"name":"Inauguran parque en San Jos\u00e9 Tzal"}]},{"@type":"WebSite","@id":"https:\/\/www.yucatanencorto.com\/noticias\/#website","url":"https:\/\/www.yucatanencorto.com\/noticias\/","name":"Yucat\u00e1n en corto","description":"Noticias","potentialAction":[{"@type":"SearchAction","target":{"@type":"EntryPoint","urlTemplate":"https:\/\/www.yucatanencorto.com\/noticias\/?s={search_term_string}"},"query-input":{"@type":"PropertyValueSpecification","valueRequired":true,"valueName":"search_term_string"}}],"inLanguage":"es"},{"@type":"Person","@id":"https:\/\/www.yucatanencorto.com\/noticias\/#\/schema\/person\/14f82d355225a1f4075dd84a31f45a72","name":"Yucat\u00e1n en Corto FC","image":{"@type":"ImageObject","inLanguage":"es","@id":"https:\/\/secure.gravatar.com\/avatar\/147d4b30cd728c53c29c49a3f7834dedca33707f4cd259761355846009a88250?s=96&d=mm&r=g","url":"https:\/\/secure.gravatar.com\/avatar\/147d4b30cd728c53c29c49a3f7834dedca33707f4cd259761355846009a88250?s=96&d=mm&r=g","contentUrl":"https:\/\/secure.gravatar.com\/avatar\/147d4b30cd728c53c29c49a3f7834dedca33707f4cd259761355846009a88250?s=96&d=mm&r=g","caption":"Yucat\u00e1n en Corto FC"},"url":"https:\/\/www.yucatanencorto.com\/noticias\/author\/flor\/"}]}},"_links":{"self":[{"href":"https:\/\/www.yucatanencorto.com\/noticias\/wp-json\/wp\/v2\/posts\/97279","targetHints":{"allow":["GET"]}}],"collection":[{"href":"https:\/\/www.yucatanencorto.com\/noticias\/wp-json\/wp\/v2\/posts"}],"about":[{"href":"https:\/\/www.yucatanencorto.com\/noticias\/wp-json\/wp\/v2\/types\/post"}],"author":[{"embeddable":true,"href":"https:\/\/www.yucatanencorto.com\/noticias\/wp-json\/wp\/v2\/users\/2"}],"replies":[{"embeddable":true,"href":"https:\/\/www.yucatanencorto.com\/noticias\/wp-json\/wp\/v2\/comments?post=97279"}],"version-history":[{"count":0,"href":"https:\/\/www.yucatanencorto.com\/noticias\/wp-json\/wp\/v2\/posts\/97279\/revisions"}],"wp:featuredmedia":[{"embeddable":true,"href":"https:\/\/www.yucatanencorto.com\/noticias\/wp-json\/wp\/v2\/media\/97280"}],"wp:attachment":[{"href":"https:\/\/www.yucatanencorto.com\/noticias\/wp-json\/wp\/v2\/media?parent=97279"}],"wp:term":[{"taxonomy":"category","embeddable":true,"href":"https:\/\/www.yucatanencorto.com\/noticias\/wp-json\/wp\/v2\/categories?post=97279"},{"taxonomy":"post_tag","embeddable":true,"href":"https:\/\/www.yucatanencorto.com\/noticias\/wp-json\/wp\/v2\/tags?post=97279"}],"curies":[{"name":"wp","href":"https:\/\/api.w.org\/{rel}","templated":true}]}}