{"id":97282,"date":"2023-03-24T14:42:27","date_gmt":"2023-03-24T20:42:27","guid":{"rendered":"https:\/\/www.yucatanencorto.com\/noticias\/?p=97282"},"modified":"2023-03-24T14:42:27","modified_gmt":"2023-03-24T20:42:27","slug":"se-entregan-en-kanasin-300-certificados-de-educacion-primaria-y-secundaria-para-abatir-el-rezago-educativo","status":"publish","type":"post","link":"https:\/\/www.yucatanencorto.com\/noticias\/se-entregan-en-kanasin-300-certificados-de-educacion-primaria-y-secundaria-para-abatir-el-rezago-educativo\/","title":{"rendered":"Se entregan en Kanas\u00edn 300 certificados de educaci\u00f3n primaria y secundaria para abatir el rezago educativo"},"content":{"rendered":"<p><img loading=\"lazy\" decoding=\"async\" class=\"alignnone size-full wp-image-97283\" src=\"https:\/\/www.yucatanencorto.com\/noticias\/wp-content\/uploads\/2023\/03\/WhatsApp-Image-2023-03-24-at-13.00.12-scaled.jpeg\" alt=\"\" width=\"768\" height=\"512\" srcset=\"https:\/\/www.yucatanencorto.com\/noticias\/wp-content\/uploads\/2023\/03\/WhatsApp-Image-2023-03-24-at-13.00.12-scaled.jpeg 768w, https:\/\/www.yucatanencorto.com\/noticias\/wp-content\/uploads\/2023\/03\/WhatsApp-Image-2023-03-24-at-13.00.12-696x464.jpeg 696w, https:\/\/www.yucatanencorto.com\/noticias\/wp-content\/uploads\/2023\/03\/WhatsApp-Image-2023-03-24-at-13.00.12-1068x712.jpeg 1068w, https:\/\/www.yucatanencorto.com\/noticias\/wp-content\/uploads\/2023\/03\/WhatsApp-Image-2023-03-24-at-13.00.12-630x420.jpeg 630w\" sizes=\"auto, (max-width: 768px) 100vw, 768px\" \/><\/p>\n<p>Kanas\u00edn, Yucat\u00e1n a 24 de marzo de 2023.- Como parte del combate al rezago educativo en Kanas\u00edn, este viernes se llev\u00f3 al cabo la entrega de 300 certificados de primaria y de secundaria en beneficio de igual n\u00famero de personas, en evento que encabez\u00f3 el alcalde Edwin Boj\u00f3rquez Ram\u00edrez.<\/p>\n<p>Esta fue la segunda entrega en su tipo realizada a trav\u00e9s del programa de Combate al Rezago Educativo, que impulsa el Gobierno del Estado de Yucat\u00e1n, por lo que se lleg\u00f3 a 780 el n\u00famero de beneficiarios kanasinenses en obtener ese importante documento educativo.<\/p>\n<p>El programa tiene como principal objetivo que las personas que por algunas circunstancias no hayan podido concluir con sus estudios, obtengan su certificado de primaria o de secundaria, lo que les permitir\u00e1 aspirar a mejores condiciones de empleo, de ingresos econ\u00f3micos o hasta de continuar con sus estudios.<\/p>\n<p>\u201cLa educaci\u00f3n cambia la vida de las personas y por supuesto genera mejores condiciones de desarrollo para la comunidad. Hoy felicito a cada uno de los que reciben su certificado, con el que estoy seguro tendr\u00e1n mayores y mejores oportunidades laborales y de crecimiento profesional. Nuestra administraci\u00f3n, en coordinaci\u00f3n con el gobierno de Mauricio Vila, trabaja en la b\u00fasqueda de igualdad de condiciones y de preparaci\u00f3n para todos y todas\u201d, resalt\u00f3 el alcalde Edwin Boj\u00f3rquez Ram\u00edrez.<\/p>\n<p>En su intervenci\u00f3n, el edil kanasinense indic\u00f3 que \u201cla educaci\u00f3n no puede verse como un privilegio, sino como el derecho que todas y todos tienen para transitar a mayores y mejores niveles de bienestar\u201d.<\/p>\n<p>A\u00f1adi\u00f3 que \u201cla entrega de los certificados no debe verse solamente como un asunto de superaci\u00f3n personal, sino tambi\u00e9n como un tema de equidad y de justicia social para la poblaci\u00f3n\u201d.<\/p>\n<p>A la entrega no solo asistieron estudiantes que recibieron sus documentos, sino tambi\u00e9n sus familiares, quienes se mostraron orgullosos por el logro alcanzado.<\/p>\n<p>\u201cYa hab\u00eda pensado en terminar mis estudios de secundaria, pero vino la pandemia y tuve que ponerle una pausa. Me siento orgulloso y bien conmigo mismo porque con este certificado me demuestro que no tengo l\u00edmites. Tuve un accidente y saliendo de esto ya podr\u00e9 buscar un mejor empleo\u201d, coment\u00f3 Eduardo Baeza, quien con 29 a\u00f1os logr\u00f3 culminar este d\u00eda sus estudios de secundaria.<\/p>\n<p>Don Jos\u00e9, con 76 a\u00f1os, demuestra que no existen l\u00edmites y que ahora \u201cnosotros tambi\u00e9n podemos lograr terminar la escuela, sin importar la edad que tengamos\u201d. Record\u00f3 que en su ni\u00f1ez ir a un plantel educativo era dif\u00edcil, pero siempre fue una meta que quer\u00eda cumplir, por lo que recibir este certificado de primaria lo llena de alegr\u00eda.<\/p>\n<p>Este m\u00e9rito personal llena de orgullo a cada una de los que hoy recibieron su certificado, el cual conlleva acompa\u00f1amiento y asesor\u00eda en la aplicaci\u00f3n de ex\u00e1menes para terminar la primaria y secundaria.<\/p>\n<p>En la entrega tambi\u00e9n estuvieron presentes la maestra Brenda Ruz Dur\u00e1n, en representaci\u00f3n del Secretario de Educaci\u00f3n, Liborio Vidal; el regidor de educaci\u00f3n, Aar\u00f3n Sol\u00eds Herrera; la Presidenta del DIF Municipal, Raquel Bal\u00e1m Rocha; y, Miguel Ram\u00edrez, director de Educaci\u00f3n de Kanas\u00edn.<\/p>\n","protected":false},"excerpt":{"rendered":"<p>Kanas\u00edn, Yucat\u00e1n a 24 de marzo de 2023.- Como parte del combate al rezago educativo en Kanas\u00edn, este viernes se llev\u00f3 al cabo la entrega de 300 certificados de primaria y de secundaria en beneficio de igual n\u00famero de personas, en evento que encabez\u00f3 el alcalde Edwin Boj\u00f3rquez Ram\u00edrez. Esta fue la segunda entrega en [&hellip;]<\/p>\n","protected":false},"author":2,"featured_media":97283,"comment_status":"closed","ping_status":"closed","sticky":false,"template":"","format":"standard","meta":{"footnotes":""},"categories":[3],"tags":[],"class_list":{"0":"post-97282","1":"post","2":"type-post","3":"status-publish","4":"format-standard","5":"has-post-thumbnail","7":"category-yucatan"},"yoast_head":"<!-- This site is optimized with the Yoast SEO plugin v27.4 - https:\/\/yoast.com\/product\/yoast-seo-wordpress\/ -->\n<title>Se entregan en Kanas\u00edn 300 certificados de educaci\u00f3n primaria y secundaria para abatir el rezago educativo - Yucat\u00e1n en corto<\/title>\n<meta name=\"robots\" content=\"index, follow, max-snippet:-1, max-image-preview:large, max-video-preview:-1\" \/>\n<link rel=\"canonical\" href=\"https:\/\/www.yucatanencorto.com\/noticias\/se-entregan-en-kanasin-300-certificados-de-educacion-primaria-y-secundaria-para-abatir-el-rezago-educativo\/\" \/>\n<meta property=\"og:locale\" content=\"es_ES\" \/>\n<meta property=\"og:type\" content=\"article\" \/>\n<meta property=\"og:title\" content=\"Se entregan en Kanas\u00edn 300 certificados de educaci\u00f3n primaria y secundaria para abatir el rezago educativo - Yucat\u00e1n en corto\" \/>\n<meta property=\"og:description\" content=\"Kanas\u00edn, Yucat\u00e1n a 24 de marzo de 2023.- Como parte del combate al rezago educativo en Kanas\u00edn, este viernes se llev\u00f3 al cabo la entrega de 300 certificados de primaria y de secundaria en beneficio de igual n\u00famero de personas, en evento que encabez\u00f3 el alcalde Edwin Boj\u00f3rquez Ram\u00edrez. Esta fue la segunda entrega en [&hellip;]\" \/>\n<meta property=\"og:url\" content=\"https:\/\/www.yucatanencorto.com\/noticias\/se-entregan-en-kanasin-300-certificados-de-educacion-primaria-y-secundaria-para-abatir-el-rezago-educativo\/\" \/>\n<meta property=\"og:site_name\" content=\"Yucat\u00e1n en corto\" \/>\n<meta property=\"article:publisher\" content=\"http:\/\/www.facebook.com\/yucatanencorto\" \/>\n<meta property=\"article:published_time\" content=\"2023-03-24T20:42:27+00:00\" \/>\n<meta property=\"og:image\" content=\"https:\/\/www.yucatanencorto.com\/noticias\/wp-content\/uploads\/2023\/03\/WhatsApp-Image-2023-03-24-at-13.00.12-scaled.jpeg\" \/>\n\t<meta property=\"og:image:width\" content=\"768\" \/>\n\t<meta property=\"og:image:height\" content=\"512\" \/>\n\t<meta property=\"og:image:type\" content=\"image\/jpeg\" \/>\n<meta name=\"author\" content=\"Yucat\u00e1n en Corto FC\" \/>\n<meta name=\"twitter:card\" content=\"summary_large_image\" \/>\n<meta name=\"twitter:creator\" content=\"@yucatanencorto\" \/>\n<meta name=\"twitter:site\" content=\"@yucatanencorto\" \/>\n<meta name=\"twitter:label1\" content=\"Escrito por\" \/>\n\t<meta name=\"twitter:data1\" content=\"Yucat\u00e1n en Corto FC\" \/>\n\t<meta name=\"twitter:label2\" content=\"Tiempo de lectura\" \/>\n\t<meta name=\"twitter:data2\" content=\"3 minutos\" \/>\n<script type=\"application\/ld+json\" class=\"yoast-schema-graph\">{\"@context\":\"https:\\\/\\\/schema.org\",\"@graph\":[{\"@type\":\"Article\",\"@id\":\"https:\\\/\\\/www.yucatanencorto.com\\\/noticias\\\/se-entregan-en-kanasin-300-certificados-de-educacion-primaria-y-secundaria-para-abatir-el-rezago-educativo\\\/#article\",\"isPartOf\":{\"@id\":\"https:\\\/\\\/www.yucatanencorto.com\\\/noticias\\\/se-entregan-en-kanasin-300-certificados-de-educacion-primaria-y-secundaria-para-abatir-el-rezago-educativo\\\/\"},\"author\":{\"name\":\"Yucat\u00e1n en Corto FC\",\"@id\":\"https:\\\/\\\/www.yucatanencorto.com\\\/noticias\\\/#\\\/schema\\\/person\\\/14f82d355225a1f4075dd84a31f45a72\"},\"headline\":\"Se entregan en Kanas\u00edn 300 certificados de educaci\u00f3n primaria y secundaria para abatir el rezago educativo\",\"datePublished\":\"2023-03-24T20:42:27+00:00\",\"mainEntityOfPage\":{\"@id\":\"https:\\\/\\\/www.yucatanencorto.com\\\/noticias\\\/se-entregan-en-kanasin-300-certificados-de-educacion-primaria-y-secundaria-para-abatir-el-rezago-educativo\\\/\"},\"wordCount\":566,\"image\":{\"@id\":\"https:\\\/\\\/www.yucatanencorto.com\\\/noticias\\\/se-entregan-en-kanasin-300-certificados-de-educacion-primaria-y-secundaria-para-abatir-el-rezago-educativo\\\/#primaryimage\"},\"thumbnailUrl\":\"https:\\\/\\\/www.yucatanencorto.com\\\/noticias\\\/wp-content\\\/uploads\\\/2023\\\/03\\\/WhatsApp-Image-2023-03-24-at-13.00.12-scaled.jpeg\",\"articleSection\":[\"Yucat\u00e1n\"],\"inLanguage\":\"es\"},{\"@type\":\"WebPage\",\"@id\":\"https:\\\/\\\/www.yucatanencorto.com\\\/noticias\\\/se-entregan-en-kanasin-300-certificados-de-educacion-primaria-y-secundaria-para-abatir-el-rezago-educativo\\\/\",\"url\":\"https:\\\/\\\/www.yucatanencorto.com\\\/noticias\\\/se-entregan-en-kanasin-300-certificados-de-educacion-primaria-y-secundaria-para-abatir-el-rezago-educativo\\\/\",\"name\":\"Se entregan en Kanas\u00edn 300 certificados de educaci\u00f3n primaria y secundaria para abatir el rezago educativo - Yucat\u00e1n en corto\",\"isPartOf\":{\"@id\":\"https:\\\/\\\/www.yucatanencorto.com\\\/noticias\\\/#website\"},\"primaryImageOfPage\":{\"@id\":\"https:\\\/\\\/www.yucatanencorto.com\\\/noticias\\\/se-entregan-en-kanasin-300-certificados-de-educacion-primaria-y-secundaria-para-abatir-el-rezago-educativo\\\/#primaryimage\"},\"image\":{\"@id\":\"https:\\\/\\\/www.yucatanencorto.com\\\/noticias\\\/se-entregan-en-kanasin-300-certificados-de-educacion-primaria-y-secundaria-para-abatir-el-rezago-educativo\\\/#primaryimage\"},\"thumbnailUrl\":\"https:\\\/\\\/www.yucatanencorto.com\\\/noticias\\\/wp-content\\\/uploads\\\/2023\\\/03\\\/WhatsApp-Image-2023-03-24-at-13.00.12-scaled.jpeg\",\"datePublished\":\"2023-03-24T20:42:27+00:00\",\"author\":{\"@id\":\"https:\\\/\\\/www.yucatanencorto.com\\\/noticias\\\/#\\\/schema\\\/person\\\/14f82d355225a1f4075dd84a31f45a72\"},\"breadcrumb\":{\"@id\":\"https:\\\/\\\/www.yucatanencorto.com\\\/noticias\\\/se-entregan-en-kanasin-300-certificados-de-educacion-primaria-y-secundaria-para-abatir-el-rezago-educativo\\\/#breadcrumb\"},\"inLanguage\":\"es\",\"potentialAction\":[{\"@type\":\"ReadAction\",\"target\":[\"https:\\\/\\\/www.yucatanencorto.com\\\/noticias\\\/se-entregan-en-kanasin-300-certificados-de-educacion-primaria-y-secundaria-para-abatir-el-rezago-educativo\\\/\"]}]},{\"@type\":\"ImageObject\",\"inLanguage\":\"es\",\"@id\":\"https:\\\/\\\/www.yucatanencorto.com\\\/noticias\\\/se-entregan-en-kanasin-300-certificados-de-educacion-primaria-y-secundaria-para-abatir-el-rezago-educativo\\\/#primaryimage\",\"url\":\"https:\\\/\\\/www.yucatanencorto.com\\\/noticias\\\/wp-content\\\/uploads\\\/2023\\\/03\\\/WhatsApp-Image-2023-03-24-at-13.00.12-scaled.jpeg\",\"contentUrl\":\"https:\\\/\\\/www.yucatanencorto.com\\\/noticias\\\/wp-content\\\/uploads\\\/2023\\\/03\\\/WhatsApp-Image-2023-03-24-at-13.00.12-scaled.jpeg\",\"width\":768,\"height\":512},{\"@type\":\"BreadcrumbList\",\"@id\":\"https:\\\/\\\/www.yucatanencorto.com\\\/noticias\\\/se-entregan-en-kanasin-300-certificados-de-educacion-primaria-y-secundaria-para-abatir-el-rezago-educativo\\\/#breadcrumb\",\"itemListElement\":[{\"@type\":\"ListItem\",\"position\":1,\"name\":\"Portada\",\"item\":\"https:\\\/\\\/www.yucatanencorto.com\\\/noticias\\\/\"},{\"@type\":\"ListItem\",\"position\":2,\"name\":\"Se entregan en Kanas\u00edn 300 certificados de educaci\u00f3n primaria y secundaria para abatir el rezago educativo\"}]},{\"@type\":\"WebSite\",\"@id\":\"https:\\\/\\\/www.yucatanencorto.com\\\/noticias\\\/#website\",\"url\":\"https:\\\/\\\/www.yucatanencorto.com\\\/noticias\\\/\",\"name\":\"Yucat\u00e1n en corto\",\"description\":\"Noticias\",\"potentialAction\":[{\"@type\":\"SearchAction\",\"target\":{\"@type\":\"EntryPoint\",\"urlTemplate\":\"https:\\\/\\\/www.yucatanencorto.com\\\/noticias\\\/?s={search_term_string}\"},\"query-input\":{\"@type\":\"PropertyValueSpecification\",\"valueRequired\":true,\"valueName\":\"search_term_string\"}}],\"inLanguage\":\"es\"},{\"@type\":\"Person\",\"@id\":\"https:\\\/\\\/www.yucatanencorto.com\\\/noticias\\\/#\\\/schema\\\/person\\\/14f82d355225a1f4075dd84a31f45a72\",\"name\":\"Yucat\u00e1n en Corto FC\",\"image\":{\"@type\":\"ImageObject\",\"inLanguage\":\"es\",\"@id\":\"https:\\\/\\\/secure.gravatar.com\\\/avatar\\\/147d4b30cd728c53c29c49a3f7834dedca33707f4cd259761355846009a88250?s=96&d=mm&r=g\",\"url\":\"https:\\\/\\\/secure.gravatar.com\\\/avatar\\\/147d4b30cd728c53c29c49a3f7834dedca33707f4cd259761355846009a88250?s=96&d=mm&r=g\",\"contentUrl\":\"https:\\\/\\\/secure.gravatar.com\\\/avatar\\\/147d4b30cd728c53c29c49a3f7834dedca33707f4cd259761355846009a88250?s=96&d=mm&r=g\",\"caption\":\"Yucat\u00e1n en Corto FC\"},\"url\":\"https:\\\/\\\/www.yucatanencorto.com\\\/noticias\\\/author\\\/flor\\\/\"}]}<\/script>\n<!-- \/ Yoast SEO plugin. -->","yoast_head_json":{"title":"Se entregan en Kanas\u00edn 300 certificados de educaci\u00f3n primaria y secundaria para abatir el rezago educativo - Yucat\u00e1n en corto","robots":{"index":"index","follow":"follow","max-snippet":"max-snippet:-1","max-image-preview":"max-image-preview:large","max-video-preview":"max-video-preview:-1"},"canonical":"https:\/\/www.yucatanencorto.com\/noticias\/se-entregan-en-kanasin-300-certificados-de-educacion-primaria-y-secundaria-para-abatir-el-rezago-educativo\/","og_locale":"es_ES","og_type":"article","og_title":"Se entregan en Kanas\u00edn 300 certificados de educaci\u00f3n primaria y secundaria para abatir el rezago educativo - Yucat\u00e1n en corto","og_description":"Kanas\u00edn, Yucat\u00e1n a 24 de marzo de 2023.- Como parte del combate al rezago educativo en Kanas\u00edn, este viernes se llev\u00f3 al cabo la entrega de 300 certificados de primaria y de secundaria en beneficio de igual n\u00famero de personas, en evento que encabez\u00f3 el alcalde Edwin Boj\u00f3rquez Ram\u00edrez. Esta fue la segunda entrega en [&hellip;]","og_url":"https:\/\/www.yucatanencorto.com\/noticias\/se-entregan-en-kanasin-300-certificados-de-educacion-primaria-y-secundaria-para-abatir-el-rezago-educativo\/","og_site_name":"Yucat\u00e1n en corto","article_publisher":"http:\/\/www.facebook.com\/yucatanencorto","article_published_time":"2023-03-24T20:42:27+00:00","og_image":[{"width":768,"height":512,"url":"https:\/\/www.yucatanencorto.com\/noticias\/wp-content\/uploads\/2023\/03\/WhatsApp-Image-2023-03-24-at-13.00.12-scaled.jpeg","type":"image\/jpeg"}],"author":"Yucat\u00e1n en Corto FC","twitter_card":"summary_large_image","twitter_creator":"@yucatanencorto","twitter_site":"@yucatanencorto","twitter_misc":{"Escrito por":"Yucat\u00e1n en Corto FC","Tiempo de lectura":"3 minutos"},"schema":{"@context":"https:\/\/schema.org","@graph":[{"@type":"Article","@id":"https:\/\/www.yucatanencorto.com\/noticias\/se-entregan-en-kanasin-300-certificados-de-educacion-primaria-y-secundaria-para-abatir-el-rezago-educativo\/#article","isPartOf":{"@id":"https:\/\/www.yucatanencorto.com\/noticias\/se-entregan-en-kanasin-300-certificados-de-educacion-primaria-y-secundaria-para-abatir-el-rezago-educativo\/"},"author":{"name":"Yucat\u00e1n en Corto FC","@id":"https:\/\/www.yucatanencorto.com\/noticias\/#\/schema\/person\/14f82d355225a1f4075dd84a31f45a72"},"headline":"Se entregan en Kanas\u00edn 300 certificados de educaci\u00f3n primaria y secundaria para abatir el rezago educativo","datePublished":"2023-03-24T20:42:27+00:00","mainEntityOfPage":{"@id":"https:\/\/www.yucatanencorto.com\/noticias\/se-entregan-en-kanasin-300-certificados-de-educacion-primaria-y-secundaria-para-abatir-el-rezago-educativo\/"},"wordCount":566,"image":{"@id":"https:\/\/www.yucatanencorto.com\/noticias\/se-entregan-en-kanasin-300-certificados-de-educacion-primaria-y-secundaria-para-abatir-el-rezago-educativo\/#primaryimage"},"thumbnailUrl":"https:\/\/www.yucatanencorto.com\/noticias\/wp-content\/uploads\/2023\/03\/WhatsApp-Image-2023-03-24-at-13.00.12-scaled.jpeg","articleSection":["Yucat\u00e1n"],"inLanguage":"es"},{"@type":"WebPage","@id":"https:\/\/www.yucatanencorto.com\/noticias\/se-entregan-en-kanasin-300-certificados-de-educacion-primaria-y-secundaria-para-abatir-el-rezago-educativo\/","url":"https:\/\/www.yucatanencorto.com\/noticias\/se-entregan-en-kanasin-300-certificados-de-educacion-primaria-y-secundaria-para-abatir-el-rezago-educativo\/","name":"Se entregan en Kanas\u00edn 300 certificados de educaci\u00f3n primaria y secundaria para abatir el rezago educativo - Yucat\u00e1n en corto","isPartOf":{"@id":"https:\/\/www.yucatanencorto.com\/noticias\/#website"},"primaryImageOfPage":{"@id":"https:\/\/www.yucatanencorto.com\/noticias\/se-entregan-en-kanasin-300-certificados-de-educacion-primaria-y-secundaria-para-abatir-el-rezago-educativo\/#primaryimage"},"image":{"@id":"https:\/\/www.yucatanencorto.com\/noticias\/se-entregan-en-kanasin-300-certificados-de-educacion-primaria-y-secundaria-para-abatir-el-rezago-educativo\/#primaryimage"},"thumbnailUrl":"https:\/\/www.yucatanencorto.com\/noticias\/wp-content\/uploads\/2023\/03\/WhatsApp-Image-2023-03-24-at-13.00.12-scaled.jpeg","datePublished":"2023-03-24T20:42:27+00:00","author":{"@id":"https:\/\/www.yucatanencorto.com\/noticias\/#\/schema\/person\/14f82d355225a1f4075dd84a31f45a72"},"breadcrumb":{"@id":"https:\/\/www.yucatanencorto.com\/noticias\/se-entregan-en-kanasin-300-certificados-de-educacion-primaria-y-secundaria-para-abatir-el-rezago-educativo\/#breadcrumb"},"inLanguage":"es","potentialAction":[{"@type":"ReadAction","target":["https:\/\/www.yucatanencorto.com\/noticias\/se-entregan-en-kanasin-300-certificados-de-educacion-primaria-y-secundaria-para-abatir-el-rezago-educativo\/"]}]},{"@type":"ImageObject","inLanguage":"es","@id":"https:\/\/www.yucatanencorto.com\/noticias\/se-entregan-en-kanasin-300-certificados-de-educacion-primaria-y-secundaria-para-abatir-el-rezago-educativo\/#primaryimage","url":"https:\/\/www.yucatanencorto.com\/noticias\/wp-content\/uploads\/2023\/03\/WhatsApp-Image-2023-03-24-at-13.00.12-scaled.jpeg","contentUrl":"https:\/\/www.yucatanencorto.com\/noticias\/wp-content\/uploads\/2023\/03\/WhatsApp-Image-2023-03-24-at-13.00.12-scaled.jpeg","width":768,"height":512},{"@type":"BreadcrumbList","@id":"https:\/\/www.yucatanencorto.com\/noticias\/se-entregan-en-kanasin-300-certificados-de-educacion-primaria-y-secundaria-para-abatir-el-rezago-educativo\/#breadcrumb","itemListElement":[{"@type":"ListItem","position":1,"name":"Portada","item":"https:\/\/www.yucatanencorto.com\/noticias\/"},{"@type":"ListItem","position":2,"name":"Se entregan en Kanas\u00edn 300 certificados de educaci\u00f3n primaria y secundaria para abatir el rezago educativo"}]},{"@type":"WebSite","@id":"https:\/\/www.yucatanencorto.com\/noticias\/#website","url":"https:\/\/www.yucatanencorto.com\/noticias\/","name":"Yucat\u00e1n en corto","description":"Noticias","potentialAction":[{"@type":"SearchAction","target":{"@type":"EntryPoint","urlTemplate":"https:\/\/www.yucatanencorto.com\/noticias\/?s={search_term_string}"},"query-input":{"@type":"PropertyValueSpecification","valueRequired":true,"valueName":"search_term_string"}}],"inLanguage":"es"},{"@type":"Person","@id":"https:\/\/www.yucatanencorto.com\/noticias\/#\/schema\/person\/14f82d355225a1f4075dd84a31f45a72","name":"Yucat\u00e1n en Corto FC","image":{"@type":"ImageObject","inLanguage":"es","@id":"https:\/\/secure.gravatar.com\/avatar\/147d4b30cd728c53c29c49a3f7834dedca33707f4cd259761355846009a88250?s=96&d=mm&r=g","url":"https:\/\/secure.gravatar.com\/avatar\/147d4b30cd728c53c29c49a3f7834dedca33707f4cd259761355846009a88250?s=96&d=mm&r=g","contentUrl":"https:\/\/secure.gravatar.com\/avatar\/147d4b30cd728c53c29c49a3f7834dedca33707f4cd259761355846009a88250?s=96&d=mm&r=g","caption":"Yucat\u00e1n en Corto FC"},"url":"https:\/\/www.yucatanencorto.com\/noticias\/author\/flor\/"}]}},"_links":{"self":[{"href":"https:\/\/www.yucatanencorto.com\/noticias\/wp-json\/wp\/v2\/posts\/97282","targetHints":{"allow":["GET"]}}],"collection":[{"href":"https:\/\/www.yucatanencorto.com\/noticias\/wp-json\/wp\/v2\/posts"}],"about":[{"href":"https:\/\/www.yucatanencorto.com\/noticias\/wp-json\/wp\/v2\/types\/post"}],"author":[{"embeddable":true,"href":"https:\/\/www.yucatanencorto.com\/noticias\/wp-json\/wp\/v2\/users\/2"}],"replies":[{"embeddable":true,"href":"https:\/\/www.yucatanencorto.com\/noticias\/wp-json\/wp\/v2\/comments?post=97282"}],"version-history":[{"count":0,"href":"https:\/\/www.yucatanencorto.com\/noticias\/wp-json\/wp\/v2\/posts\/97282\/revisions"}],"wp:featuredmedia":[{"embeddable":true,"href":"https:\/\/www.yucatanencorto.com\/noticias\/wp-json\/wp\/v2\/media\/97283"}],"wp:attachment":[{"href":"https:\/\/www.yucatanencorto.com\/noticias\/wp-json\/wp\/v2\/media?parent=97282"}],"wp:term":[{"taxonomy":"category","embeddable":true,"href":"https:\/\/www.yucatanencorto.com\/noticias\/wp-json\/wp\/v2\/categories?post=97282"},{"taxonomy":"post_tag","embeddable":true,"href":"https:\/\/www.yucatanencorto.com\/noticias\/wp-json\/wp\/v2\/tags?post=97282"}],"curies":[{"name":"wp","href":"https:\/\/api.w.org\/{rel}","templated":true}]}}