{"id":97290,"date":"2023-03-24T21:14:48","date_gmt":"2023-03-25T03:14:48","guid":{"rendered":"https:\/\/www.yucatanencorto.com\/noticias\/?p=97290"},"modified":"2023-03-24T21:14:48","modified_gmt":"2023-03-25T03:14:48","slug":"yucatan-listo-para-participar-en-el-tianguis-turistico-de-mexico-2023","status":"publish","type":"post","link":"https:\/\/www.yucatanencorto.com\/noticias\/yucatan-listo-para-participar-en-el-tianguis-turistico-de-mexico-2023\/","title":{"rendered":"Yucat\u00e1n, listo para participar en el Tianguis Tur\u00edstico de M\u00e9xico 2023"},"content":{"rendered":"<p><img loading=\"lazy\" decoding=\"async\" class=\"alignnone size-full wp-image-97291\" src=\"https:\/\/www.yucatanencorto.com\/noticias\/wp-content\/uploads\/2023\/03\/C4D67C69-618B-47C8-B2F2-BF57F11054B3-scaled.jpeg\" alt=\"\" width=\"768\" height=\"510\" srcset=\"https:\/\/www.yucatanencorto.com\/noticias\/wp-content\/uploads\/2023\/03\/C4D67C69-618B-47C8-B2F2-BF57F11054B3-scaled.jpeg 768w, https:\/\/www.yucatanencorto.com\/noticias\/wp-content\/uploads\/2023\/03\/C4D67C69-618B-47C8-B2F2-BF57F11054B3-696x462.jpeg 696w, https:\/\/www.yucatanencorto.com\/noticias\/wp-content\/uploads\/2023\/03\/C4D67C69-618B-47C8-B2F2-BF57F11054B3-1068x709.jpeg 1068w, https:\/\/www.yucatanencorto.com\/noticias\/wp-content\/uploads\/2023\/03\/C4D67C69-618B-47C8-B2F2-BF57F11054B3-633x420.jpeg 633w\" sizes=\"auto, (max-width: 768px) 100vw, 768px\" \/><\/p>\n<p>Ciudad de M\u00e9xico, 24 de marzo de 2023.- Con la participaci\u00f3n de 86 empresarios, 6 embajadores gastron\u00f3micos, artesanos y lo m\u00e1s representativo de su cultura, productos y servicios, Yucat\u00e1n estar\u00e1 presente en la edici\u00f3n 47 del Tianguis Tur\u00edstico de M\u00e9xico (TTM), muestra m\u00e1s importante de esta industria en M\u00e9xico y Am\u00e9rica Latina para atraer m\u00e1s visitantes y generar mayores empleos, que en su edici\u00f3n 2023 se lleva a cabo en la Ciudad de M\u00e9xico del 26 al 29 del presente.<\/p>\n<p>Dentro de la estrategia del Gobernador Mauricio Vila Dosal para impulsar a la entidad como uno de los m\u00e1s importantes destinos del pa\u00eds, el stand de Yucat\u00e1n ser\u00e1 el tercero m\u00e1s grande de este a\u00f1o, con 648 metros cuadrados, donde sostendr\u00e1n encuentros de negocios varios actores internacionales, como agencias de viajes, alojamientos, municipios, asociaciones, dependencias, la Oficina de Congresos y Convenciones, mayoristas y aerol\u00edneas, entre otros.<\/p>\n<p>En esta edici\u00f3n, tambi\u00e9n se realizar\u00e1 la din\u00e1mica Tendej\u00f3n, implementada durante la versi\u00f3n 45, que se celebr\u00f3 en M\u00e9rida, cuyo prop\u00f3sito es incentivar a posibles socios, dar a conocer la oferta local y generar m\u00e1s citas, entre compradores y empresarios yucatecos; estos entregar\u00e1n tickets, que podr\u00e1n intercambiar por alguno de los m\u00e1s de 3,000 productos y regalos, como artesan\u00edas y souvenirs.<\/p>\n<p>Habr\u00e1 guayaberas, blusas y cuadernos bordados, que donaron diferentes municipios; tapetes, bolsas de henequ\u00e9n y portavasos; salsas de habanero, cervezas y vinos artesanales, harinas y mermeladas, entre otros productos gastron\u00f3micos, mientras que el empresariado aport\u00f3 cortes\u00edas en alojamiento y tours, y habr\u00e1 mercanc\u00eda de los equipos deportivos representativos, Venados FC y Leones.<\/p>\n","protected":false},"excerpt":{"rendered":"<p>Ciudad de M\u00e9xico, 24 de marzo de 2023.- Con la participaci\u00f3n de 86 empresarios, 6 embajadores gastron\u00f3micos, artesanos y lo m\u00e1s representativo de su cultura, productos y servicios, Yucat\u00e1n estar\u00e1 presente en la edici\u00f3n 47 del Tianguis Tur\u00edstico de M\u00e9xico (TTM), muestra m\u00e1s importante de esta industria en M\u00e9xico y Am\u00e9rica Latina para atraer m\u00e1s [&hellip;]<\/p>\n","protected":false},"author":2,"featured_media":97291,"comment_status":"closed","ping_status":"closed","sticky":false,"template":"","format":"standard","meta":{"footnotes":""},"categories":[3],"tags":[],"class_list":{"0":"post-97290","1":"post","2":"type-post","3":"status-publish","4":"format-standard","5":"has-post-thumbnail","7":"category-yucatan"},"yoast_head":"<!-- This site is optimized with the Yoast SEO plugin v27.4 - https:\/\/yoast.com\/product\/yoast-seo-wordpress\/ -->\n<title>Yucat\u00e1n, listo para participar en el Tianguis Tur\u00edstico de M\u00e9xico 2023 - Yucat\u00e1n en corto<\/title>\n<meta name=\"robots\" content=\"index, follow, max-snippet:-1, max-image-preview:large, max-video-preview:-1\" \/>\n<link rel=\"canonical\" href=\"https:\/\/www.yucatanencorto.com\/noticias\/yucatan-listo-para-participar-en-el-tianguis-turistico-de-mexico-2023\/\" \/>\n<meta property=\"og:locale\" content=\"es_ES\" \/>\n<meta property=\"og:type\" content=\"article\" \/>\n<meta property=\"og:title\" content=\"Yucat\u00e1n, listo para participar en el Tianguis Tur\u00edstico de M\u00e9xico 2023 - Yucat\u00e1n en corto\" \/>\n<meta property=\"og:description\" content=\"Ciudad de M\u00e9xico, 24 de marzo de 2023.- Con la participaci\u00f3n de 86 empresarios, 6 embajadores gastron\u00f3micos, artesanos y lo m\u00e1s representativo de su cultura, productos y servicios, Yucat\u00e1n estar\u00e1 presente en la edici\u00f3n 47 del Tianguis Tur\u00edstico de M\u00e9xico (TTM), muestra m\u00e1s importante de esta industria en M\u00e9xico y Am\u00e9rica Latina para atraer m\u00e1s [&hellip;]\" \/>\n<meta property=\"og:url\" content=\"https:\/\/www.yucatanencorto.com\/noticias\/yucatan-listo-para-participar-en-el-tianguis-turistico-de-mexico-2023\/\" \/>\n<meta property=\"og:site_name\" content=\"Yucat\u00e1n en corto\" \/>\n<meta property=\"article:publisher\" content=\"http:\/\/www.facebook.com\/yucatanencorto\" \/>\n<meta property=\"article:published_time\" content=\"2023-03-25T03:14:48+00:00\" \/>\n<meta property=\"og:image\" content=\"https:\/\/www.yucatanencorto.com\/noticias\/wp-content\/uploads\/2023\/03\/C4D67C69-618B-47C8-B2F2-BF57F11054B3-scaled.jpeg\" \/>\n\t<meta property=\"og:image:width\" content=\"768\" \/>\n\t<meta property=\"og:image:height\" content=\"510\" \/>\n\t<meta property=\"og:image:type\" content=\"image\/jpeg\" \/>\n<meta name=\"author\" content=\"Yucat\u00e1n en Corto FC\" \/>\n<meta name=\"twitter:card\" content=\"summary_large_image\" \/>\n<meta name=\"twitter:creator\" content=\"@yucatanencorto\" \/>\n<meta name=\"twitter:site\" content=\"@yucatanencorto\" \/>\n<meta name=\"twitter:label1\" content=\"Escrito por\" \/>\n\t<meta name=\"twitter:data1\" content=\"Yucat\u00e1n en Corto FC\" \/>\n\t<meta name=\"twitter:label2\" content=\"Tiempo de lectura\" \/>\n\t<meta name=\"twitter:data2\" content=\"2 minutos\" \/>\n<script type=\"application\/ld+json\" class=\"yoast-schema-graph\">{\"@context\":\"https:\\\/\\\/schema.org\",\"@graph\":[{\"@type\":\"Article\",\"@id\":\"https:\\\/\\\/www.yucatanencorto.com\\\/noticias\\\/yucatan-listo-para-participar-en-el-tianguis-turistico-de-mexico-2023\\\/#article\",\"isPartOf\":{\"@id\":\"https:\\\/\\\/www.yucatanencorto.com\\\/noticias\\\/yucatan-listo-para-participar-en-el-tianguis-turistico-de-mexico-2023\\\/\"},\"author\":{\"name\":\"Yucat\u00e1n en Corto FC\",\"@id\":\"https:\\\/\\\/www.yucatanencorto.com\\\/noticias\\\/#\\\/schema\\\/person\\\/14f82d355225a1f4075dd84a31f45a72\"},\"headline\":\"Yucat\u00e1n, listo para participar en el Tianguis Tur\u00edstico de M\u00e9xico 2023\",\"datePublished\":\"2023-03-25T03:14:48+00:00\",\"mainEntityOfPage\":{\"@id\":\"https:\\\/\\\/www.yucatanencorto.com\\\/noticias\\\/yucatan-listo-para-participar-en-el-tianguis-turistico-de-mexico-2023\\\/\"},\"wordCount\":299,\"image\":{\"@id\":\"https:\\\/\\\/www.yucatanencorto.com\\\/noticias\\\/yucatan-listo-para-participar-en-el-tianguis-turistico-de-mexico-2023\\\/#primaryimage\"},\"thumbnailUrl\":\"https:\\\/\\\/www.yucatanencorto.com\\\/noticias\\\/wp-content\\\/uploads\\\/2023\\\/03\\\/C4D67C69-618B-47C8-B2F2-BF57F11054B3-scaled.jpeg\",\"articleSection\":[\"Yucat\u00e1n\"],\"inLanguage\":\"es\"},{\"@type\":\"WebPage\",\"@id\":\"https:\\\/\\\/www.yucatanencorto.com\\\/noticias\\\/yucatan-listo-para-participar-en-el-tianguis-turistico-de-mexico-2023\\\/\",\"url\":\"https:\\\/\\\/www.yucatanencorto.com\\\/noticias\\\/yucatan-listo-para-participar-en-el-tianguis-turistico-de-mexico-2023\\\/\",\"name\":\"Yucat\u00e1n, listo para participar en el Tianguis Tur\u00edstico de M\u00e9xico 2023 - Yucat\u00e1n en corto\",\"isPartOf\":{\"@id\":\"https:\\\/\\\/www.yucatanencorto.com\\\/noticias\\\/#website\"},\"primaryImageOfPage\":{\"@id\":\"https:\\\/\\\/www.yucatanencorto.com\\\/noticias\\\/yucatan-listo-para-participar-en-el-tianguis-turistico-de-mexico-2023\\\/#primaryimage\"},\"image\":{\"@id\":\"https:\\\/\\\/www.yucatanencorto.com\\\/noticias\\\/yucatan-listo-para-participar-en-el-tianguis-turistico-de-mexico-2023\\\/#primaryimage\"},\"thumbnailUrl\":\"https:\\\/\\\/www.yucatanencorto.com\\\/noticias\\\/wp-content\\\/uploads\\\/2023\\\/03\\\/C4D67C69-618B-47C8-B2F2-BF57F11054B3-scaled.jpeg\",\"datePublished\":\"2023-03-25T03:14:48+00:00\",\"author\":{\"@id\":\"https:\\\/\\\/www.yucatanencorto.com\\\/noticias\\\/#\\\/schema\\\/person\\\/14f82d355225a1f4075dd84a31f45a72\"},\"breadcrumb\":{\"@id\":\"https:\\\/\\\/www.yucatanencorto.com\\\/noticias\\\/yucatan-listo-para-participar-en-el-tianguis-turistico-de-mexico-2023\\\/#breadcrumb\"},\"inLanguage\":\"es\",\"potentialAction\":[{\"@type\":\"ReadAction\",\"target\":[\"https:\\\/\\\/www.yucatanencorto.com\\\/noticias\\\/yucatan-listo-para-participar-en-el-tianguis-turistico-de-mexico-2023\\\/\"]}]},{\"@type\":\"ImageObject\",\"inLanguage\":\"es\",\"@id\":\"https:\\\/\\\/www.yucatanencorto.com\\\/noticias\\\/yucatan-listo-para-participar-en-el-tianguis-turistico-de-mexico-2023\\\/#primaryimage\",\"url\":\"https:\\\/\\\/www.yucatanencorto.com\\\/noticias\\\/wp-content\\\/uploads\\\/2023\\\/03\\\/C4D67C69-618B-47C8-B2F2-BF57F11054B3-scaled.jpeg\",\"contentUrl\":\"https:\\\/\\\/www.yucatanencorto.com\\\/noticias\\\/wp-content\\\/uploads\\\/2023\\\/03\\\/C4D67C69-618B-47C8-B2F2-BF57F11054B3-scaled.jpeg\",\"width\":768,\"height\":510},{\"@type\":\"BreadcrumbList\",\"@id\":\"https:\\\/\\\/www.yucatanencorto.com\\\/noticias\\\/yucatan-listo-para-participar-en-el-tianguis-turistico-de-mexico-2023\\\/#breadcrumb\",\"itemListElement\":[{\"@type\":\"ListItem\",\"position\":1,\"name\":\"Portada\",\"item\":\"https:\\\/\\\/www.yucatanencorto.com\\\/noticias\\\/\"},{\"@type\":\"ListItem\",\"position\":2,\"name\":\"Yucat\u00e1n, listo para participar en el Tianguis Tur\u00edstico de M\u00e9xico 2023\"}]},{\"@type\":\"WebSite\",\"@id\":\"https:\\\/\\\/www.yucatanencorto.com\\\/noticias\\\/#website\",\"url\":\"https:\\\/\\\/www.yucatanencorto.com\\\/noticias\\\/\",\"name\":\"Yucat\u00e1n en corto\",\"description\":\"Noticias\",\"potentialAction\":[{\"@type\":\"SearchAction\",\"target\":{\"@type\":\"EntryPoint\",\"urlTemplate\":\"https:\\\/\\\/www.yucatanencorto.com\\\/noticias\\\/?s={search_term_string}\"},\"query-input\":{\"@type\":\"PropertyValueSpecification\",\"valueRequired\":true,\"valueName\":\"search_term_string\"}}],\"inLanguage\":\"es\"},{\"@type\":\"Person\",\"@id\":\"https:\\\/\\\/www.yucatanencorto.com\\\/noticias\\\/#\\\/schema\\\/person\\\/14f82d355225a1f4075dd84a31f45a72\",\"name\":\"Yucat\u00e1n en Corto FC\",\"image\":{\"@type\":\"ImageObject\",\"inLanguage\":\"es\",\"@id\":\"https:\\\/\\\/secure.gravatar.com\\\/avatar\\\/147d4b30cd728c53c29c49a3f7834dedca33707f4cd259761355846009a88250?s=96&d=mm&r=g\",\"url\":\"https:\\\/\\\/secure.gravatar.com\\\/avatar\\\/147d4b30cd728c53c29c49a3f7834dedca33707f4cd259761355846009a88250?s=96&d=mm&r=g\",\"contentUrl\":\"https:\\\/\\\/secure.gravatar.com\\\/avatar\\\/147d4b30cd728c53c29c49a3f7834dedca33707f4cd259761355846009a88250?s=96&d=mm&r=g\",\"caption\":\"Yucat\u00e1n en Corto FC\"},\"url\":\"https:\\\/\\\/www.yucatanencorto.com\\\/noticias\\\/author\\\/flor\\\/\"}]}<\/script>\n<!-- \/ Yoast SEO plugin. -->","yoast_head_json":{"title":"Yucat\u00e1n, listo para participar en el Tianguis Tur\u00edstico de M\u00e9xico 2023 - Yucat\u00e1n en corto","robots":{"index":"index","follow":"follow","max-snippet":"max-snippet:-1","max-image-preview":"max-image-preview:large","max-video-preview":"max-video-preview:-1"},"canonical":"https:\/\/www.yucatanencorto.com\/noticias\/yucatan-listo-para-participar-en-el-tianguis-turistico-de-mexico-2023\/","og_locale":"es_ES","og_type":"article","og_title":"Yucat\u00e1n, listo para participar en el Tianguis Tur\u00edstico de M\u00e9xico 2023 - Yucat\u00e1n en corto","og_description":"Ciudad de M\u00e9xico, 24 de marzo de 2023.- Con la participaci\u00f3n de 86 empresarios, 6 embajadores gastron\u00f3micos, artesanos y lo m\u00e1s representativo de su cultura, productos y servicios, Yucat\u00e1n estar\u00e1 presente en la edici\u00f3n 47 del Tianguis Tur\u00edstico de M\u00e9xico (TTM), muestra m\u00e1s importante de esta industria en M\u00e9xico y Am\u00e9rica Latina para atraer m\u00e1s [&hellip;]","og_url":"https:\/\/www.yucatanencorto.com\/noticias\/yucatan-listo-para-participar-en-el-tianguis-turistico-de-mexico-2023\/","og_site_name":"Yucat\u00e1n en corto","article_publisher":"http:\/\/www.facebook.com\/yucatanencorto","article_published_time":"2023-03-25T03:14:48+00:00","og_image":[{"width":768,"height":510,"url":"https:\/\/www.yucatanencorto.com\/noticias\/wp-content\/uploads\/2023\/03\/C4D67C69-618B-47C8-B2F2-BF57F11054B3-scaled.jpeg","type":"image\/jpeg"}],"author":"Yucat\u00e1n en Corto FC","twitter_card":"summary_large_image","twitter_creator":"@yucatanencorto","twitter_site":"@yucatanencorto","twitter_misc":{"Escrito por":"Yucat\u00e1n en Corto FC","Tiempo de lectura":"2 minutos"},"schema":{"@context":"https:\/\/schema.org","@graph":[{"@type":"Article","@id":"https:\/\/www.yucatanencorto.com\/noticias\/yucatan-listo-para-participar-en-el-tianguis-turistico-de-mexico-2023\/#article","isPartOf":{"@id":"https:\/\/www.yucatanencorto.com\/noticias\/yucatan-listo-para-participar-en-el-tianguis-turistico-de-mexico-2023\/"},"author":{"name":"Yucat\u00e1n en Corto FC","@id":"https:\/\/www.yucatanencorto.com\/noticias\/#\/schema\/person\/14f82d355225a1f4075dd84a31f45a72"},"headline":"Yucat\u00e1n, listo para participar en el Tianguis Tur\u00edstico de M\u00e9xico 2023","datePublished":"2023-03-25T03:14:48+00:00","mainEntityOfPage":{"@id":"https:\/\/www.yucatanencorto.com\/noticias\/yucatan-listo-para-participar-en-el-tianguis-turistico-de-mexico-2023\/"},"wordCount":299,"image":{"@id":"https:\/\/www.yucatanencorto.com\/noticias\/yucatan-listo-para-participar-en-el-tianguis-turistico-de-mexico-2023\/#primaryimage"},"thumbnailUrl":"https:\/\/www.yucatanencorto.com\/noticias\/wp-content\/uploads\/2023\/03\/C4D67C69-618B-47C8-B2F2-BF57F11054B3-scaled.jpeg","articleSection":["Yucat\u00e1n"],"inLanguage":"es"},{"@type":"WebPage","@id":"https:\/\/www.yucatanencorto.com\/noticias\/yucatan-listo-para-participar-en-el-tianguis-turistico-de-mexico-2023\/","url":"https:\/\/www.yucatanencorto.com\/noticias\/yucatan-listo-para-participar-en-el-tianguis-turistico-de-mexico-2023\/","name":"Yucat\u00e1n, listo para participar en el Tianguis Tur\u00edstico de M\u00e9xico 2023 - Yucat\u00e1n en corto","isPartOf":{"@id":"https:\/\/www.yucatanencorto.com\/noticias\/#website"},"primaryImageOfPage":{"@id":"https:\/\/www.yucatanencorto.com\/noticias\/yucatan-listo-para-participar-en-el-tianguis-turistico-de-mexico-2023\/#primaryimage"},"image":{"@id":"https:\/\/www.yucatanencorto.com\/noticias\/yucatan-listo-para-participar-en-el-tianguis-turistico-de-mexico-2023\/#primaryimage"},"thumbnailUrl":"https:\/\/www.yucatanencorto.com\/noticias\/wp-content\/uploads\/2023\/03\/C4D67C69-618B-47C8-B2F2-BF57F11054B3-scaled.jpeg","datePublished":"2023-03-25T03:14:48+00:00","author":{"@id":"https:\/\/www.yucatanencorto.com\/noticias\/#\/schema\/person\/14f82d355225a1f4075dd84a31f45a72"},"breadcrumb":{"@id":"https:\/\/www.yucatanencorto.com\/noticias\/yucatan-listo-para-participar-en-el-tianguis-turistico-de-mexico-2023\/#breadcrumb"},"inLanguage":"es","potentialAction":[{"@type":"ReadAction","target":["https:\/\/www.yucatanencorto.com\/noticias\/yucatan-listo-para-participar-en-el-tianguis-turistico-de-mexico-2023\/"]}]},{"@type":"ImageObject","inLanguage":"es","@id":"https:\/\/www.yucatanencorto.com\/noticias\/yucatan-listo-para-participar-en-el-tianguis-turistico-de-mexico-2023\/#primaryimage","url":"https:\/\/www.yucatanencorto.com\/noticias\/wp-content\/uploads\/2023\/03\/C4D67C69-618B-47C8-B2F2-BF57F11054B3-scaled.jpeg","contentUrl":"https:\/\/www.yucatanencorto.com\/noticias\/wp-content\/uploads\/2023\/03\/C4D67C69-618B-47C8-B2F2-BF57F11054B3-scaled.jpeg","width":768,"height":510},{"@type":"BreadcrumbList","@id":"https:\/\/www.yucatanencorto.com\/noticias\/yucatan-listo-para-participar-en-el-tianguis-turistico-de-mexico-2023\/#breadcrumb","itemListElement":[{"@type":"ListItem","position":1,"name":"Portada","item":"https:\/\/www.yucatanencorto.com\/noticias\/"},{"@type":"ListItem","position":2,"name":"Yucat\u00e1n, listo para participar en el Tianguis Tur\u00edstico de M\u00e9xico 2023"}]},{"@type":"WebSite","@id":"https:\/\/www.yucatanencorto.com\/noticias\/#website","url":"https:\/\/www.yucatanencorto.com\/noticias\/","name":"Yucat\u00e1n en corto","description":"Noticias","potentialAction":[{"@type":"SearchAction","target":{"@type":"EntryPoint","urlTemplate":"https:\/\/www.yucatanencorto.com\/noticias\/?s={search_term_string}"},"query-input":{"@type":"PropertyValueSpecification","valueRequired":true,"valueName":"search_term_string"}}],"inLanguage":"es"},{"@type":"Person","@id":"https:\/\/www.yucatanencorto.com\/noticias\/#\/schema\/person\/14f82d355225a1f4075dd84a31f45a72","name":"Yucat\u00e1n en Corto FC","image":{"@type":"ImageObject","inLanguage":"es","@id":"https:\/\/secure.gravatar.com\/avatar\/147d4b30cd728c53c29c49a3f7834dedca33707f4cd259761355846009a88250?s=96&d=mm&r=g","url":"https:\/\/secure.gravatar.com\/avatar\/147d4b30cd728c53c29c49a3f7834dedca33707f4cd259761355846009a88250?s=96&d=mm&r=g","contentUrl":"https:\/\/secure.gravatar.com\/avatar\/147d4b30cd728c53c29c49a3f7834dedca33707f4cd259761355846009a88250?s=96&d=mm&r=g","caption":"Yucat\u00e1n en Corto FC"},"url":"https:\/\/www.yucatanencorto.com\/noticias\/author\/flor\/"}]}},"_links":{"self":[{"href":"https:\/\/www.yucatanencorto.com\/noticias\/wp-json\/wp\/v2\/posts\/97290","targetHints":{"allow":["GET"]}}],"collection":[{"href":"https:\/\/www.yucatanencorto.com\/noticias\/wp-json\/wp\/v2\/posts"}],"about":[{"href":"https:\/\/www.yucatanencorto.com\/noticias\/wp-json\/wp\/v2\/types\/post"}],"author":[{"embeddable":true,"href":"https:\/\/www.yucatanencorto.com\/noticias\/wp-json\/wp\/v2\/users\/2"}],"replies":[{"embeddable":true,"href":"https:\/\/www.yucatanencorto.com\/noticias\/wp-json\/wp\/v2\/comments?post=97290"}],"version-history":[{"count":0,"href":"https:\/\/www.yucatanencorto.com\/noticias\/wp-json\/wp\/v2\/posts\/97290\/revisions"}],"wp:featuredmedia":[{"embeddable":true,"href":"https:\/\/www.yucatanencorto.com\/noticias\/wp-json\/wp\/v2\/media\/97291"}],"wp:attachment":[{"href":"https:\/\/www.yucatanencorto.com\/noticias\/wp-json\/wp\/v2\/media?parent=97290"}],"wp:term":[{"taxonomy":"category","embeddable":true,"href":"https:\/\/www.yucatanencorto.com\/noticias\/wp-json\/wp\/v2\/categories?post=97290"},{"taxonomy":"post_tag","embeddable":true,"href":"https:\/\/www.yucatanencorto.com\/noticias\/wp-json\/wp\/v2\/tags?post=97290"}],"curies":[{"name":"wp","href":"https:\/\/api.w.org\/{rel}","templated":true}]}}