{"id":97308,"date":"2023-03-26T15:36:01","date_gmt":"2023-03-26T21:36:01","guid":{"rendered":"https:\/\/www.yucatanencorto.com\/noticias\/?p=97308"},"modified":"2023-03-26T15:36:01","modified_gmt":"2023-03-26T21:36:01","slug":"kanasin-y-merida-unen-esfuerzos","status":"publish","type":"post","link":"https:\/\/www.yucatanencorto.com\/noticias\/kanasin-y-merida-unen-esfuerzos\/","title":{"rendered":"Kanas\u00edn y M\u00e9rida unen esfuerzos"},"content":{"rendered":"<p data-removefontsize=\"true\" data-originalcomputedfontsize=\"13.333333\"><img loading=\"lazy\" decoding=\"async\" class=\"alignnone size-full wp-image-97309\" src=\"https:\/\/www.yucatanencorto.com\/noticias\/wp-content\/uploads\/2023\/03\/25DB21A3-4BE7-47CE-8F18-41DDFD801065-scaled.jpeg\" alt=\"\" width=\"768\" height=\"512\" srcset=\"https:\/\/www.yucatanencorto.com\/noticias\/wp-content\/uploads\/2023\/03\/25DB21A3-4BE7-47CE-8F18-41DDFD801065-scaled.jpeg 768w, https:\/\/www.yucatanencorto.com\/noticias\/wp-content\/uploads\/2023\/03\/25DB21A3-4BE7-47CE-8F18-41DDFD801065-696x464.jpeg 696w, https:\/\/www.yucatanencorto.com\/noticias\/wp-content\/uploads\/2023\/03\/25DB21A3-4BE7-47CE-8F18-41DDFD801065-1068x712.jpeg 1068w, https:\/\/www.yucatanencorto.com\/noticias\/wp-content\/uploads\/2023\/03\/25DB21A3-4BE7-47CE-8F18-41DDFD801065-630x420.jpeg 630w\" sizes=\"auto, (max-width: 768px) 100vw, 768px\" \/><br \/>\nM\u00e9rida, Yucat\u00e1n a 26 de marzo de 2023.- Con el objetivo de mantener un crecimiento parejo en M\u00e9rida y los municipios aleda\u00f1os, el Alcalde, Ren\u00e1n Barrera Concha, manifest\u00f3 que las y los presidentes municipales de la zona metropolitana tienen la voluntad y el inter\u00e9s de trabajar en conjunto para generar m\u00e1s condiciones de bienestar social y desarrollo econ\u00f3mico que ampl\u00ede las oportunidades para todas y todos los habitantes.<\/p>\n<p data-removefontsize=\"true\" data-originalcomputedfontsize=\"13.333333\">\nComo parte de este trabajo coordinado, Barrera Concha se reuni\u00f3 esta ma\u00f1ana con el Alcalde de Kanas\u00edn, Edwin Boj\u00f3rquez Ram\u00edrez, en la fonda Do\u00f1a \u201cMosqui\u201d para intercambiar experiencias y programas que podr\u00edan replicarse en ambos municipios, para que cada autoridad brinde la asesor\u00eda y la capacitaci\u00f3n necesaria para implementarse.<\/p>\n<p data-removefontsize=\"true\" data-originalcomputedfontsize=\"13.333333\">\nAcompa\u00f1ados de los l\u00edderes de las agrupaciones de mototaxis de Kanas\u00edn, los ediles discutieron y presentaron las alternativas para ir mejorando las oportunidades para crecer y fortalecerse con la implantaci\u00f3n de programas que impulsen el desarrollo de la econom\u00eda local.<\/p>\n<p data-removefontsize=\"true\" data-originalcomputedfontsize=\"13.333333\">\nDurante una visita al municipio de Kanas\u00edn, Barrera Concha destac\u00f3 que el trabajo coordinado entre sociedad y gobierno lograr\u00e1 conservar los distintivos que hacen de Yucat\u00e1n uno de los mejores estados para vivir e invertir.<\/p>\n<p data-removefontsize=\"true\" data-originalcomputedfontsize=\"13.333333\">\n\u201cNo hay nada m\u00e1s satisfactorio para la ciudadan\u00eda que ver que sus autoridades unan en esfuerzos y se traduzca en una colaboraci\u00f3n entre municipios conurbados. Porque es gracias a que tenemos seguridad, paz social, calidad en los servicios e infraestructura que nuestro Estado con calidad de vida\u201d, dijo.<\/p>\n<p data-removefontsize=\"true\" data-originalcomputedfontsize=\"13.333333\">\nAnte la presencia de su hom\u00f3logo de Kanas\u00edn, Barrera Concha destac\u00f3 la sinergia que se mantiene en ambos ayuntamientos, la cual ha ayudado a atender las necesidades m\u00e1s apremiantes de los municipios que integran la zona conurbada de M\u00e9rida.<\/p>\n<p data-removefontsize=\"true\" data-originalcomputedfontsize=\"13.333333\">La esencia para un Yucat\u00e1n pr\u00f3spero, abund\u00f3, es el trabajo continuo de todos nosotros: desde el que maneja un tricitaxi hasta las responsabilidades que podamos tener como autoridades, por ello queremos apoyarlos para que ustedes puedan replicar algunos de los programas que aplicamos en M\u00e9rida sobre todo en materia de su seguridad vial.<\/p>\n<p data-removefontsize=\"true\" data-originalcomputedfontsize=\"13.333333\">\nAdem\u00e1s, destac\u00f3 que Kanas\u00edn es la segunda ciudad con un mayor n\u00famero de habitantes, por tanto, es posible que ambos municipios trabajen para compartir experiencias comunes para aplicar las estrategias y acciones que desencadenen un fortalecimiento de la econom\u00eda.<\/p>\n<p data-removefontsize=\"true\" data-originalcomputedfontsize=\"13.333333\">\n\u201cLos habitantes de Kanas\u00edn merecen las mismas oportunidades que todos los yucatecos para su desarrollo, porque son un Municipio que d\u00eda a d\u00eda lucha por mejorar y por conseguir una buena calidad de vida, y para estamos nosotros la autoridad cercana a la poblaci\u00f3n, para brindarles las herramientas necesarias para su progreso\u201d, dijo.<\/p>\n<p data-removefontsize=\"true\" data-originalcomputedfontsize=\"13.333333\">\nDespu\u00e9s de este encuentro, ambos ediles recorrieron el Municipio para conocer los avances en materia de infraestructura urbana, mejora de los atractivos destinados a atraer turismo y la organizaci\u00f3n del crecimiento urbano, entre otras.<\/p>\n<p data-removefontsize=\"true\" data-originalcomputedfontsize=\"13.333333\">\nComo parte de esta gira de trabajo, se reunieron con los pobladores Barrera Concha en su calidad de consejero nacional del PAN y Alcalde de M\u00e9rida para exponer los avances que se tienen en materia de programas exitosos y la forma en que podr\u00edan vincularse estos para que el crecimiento de Kanas\u00edn sea s\u00f3lido.<\/p>\n<p data-removefontsize=\"true\" data-originalcomputedfontsize=\"13.333333\">\n\u201cM\u00e9rida, es un municipio referente en cosas positivas a nivel nacional e internacional y puedo asegurar que la realidad que vive ahora Kanas\u00edn, es muy distinta y se puede palpar en el sentir de sus habitantes con las obras y servicios que se realizan, y todo ello es gracias a que cuentan con un Alcalde como Edwin Boj\u00f3rquez, que los escucha y atiende\u201d, expres\u00f3 Barrera Concha.<\/p>\n<p data-removefontsize=\"true\" data-originalcomputedfontsize=\"13.333333\">\nPor su parte, Boj\u00f3rquez Ram\u00edrez agradeci\u00f3 a las y los asistentes el inter\u00e9s por conocer los \u00faltimos avances en el Municipio, adem\u00e1s que present\u00f3 las acciones coordinadas entre ambos municipios para garantizar el crecimiento ordenado y que genere prosperidad para las familias.<\/p>\n<p data-removefontsize=\"true\" data-originalcomputedfontsize=\"13.333333\">\nFinalmente, en este encuentro estuvieron los consejeros municipales, estatales y nacionales del PAN, Luis Miguel Baas Ek, Presidente del Comit\u00e9 Directivo Municipal del PAN en Kanas\u00edn, Irma Brice\u00f1o, secretaria de Promoci\u00f3n Pol\u00edtica de la Mujer de Kanas\u00edn, Manuela Cocom Bolio, Diputada Local por el Sexto Distrito, y Raquel Balam Rocha, esposa del Alcalde de Kanas\u00edn.<\/p>\n","protected":false},"excerpt":{"rendered":"<p>M\u00e9rida, Yucat\u00e1n a 26 de marzo de 2023.- Con el objetivo de mantener un crecimiento parejo en M\u00e9rida y los municipios aleda\u00f1os, el Alcalde, Ren\u00e1n Barrera Concha, manifest\u00f3 que las y los presidentes municipales de la zona metropolitana tienen la voluntad y el inter\u00e9s de trabajar en conjunto para generar m\u00e1s condiciones de bienestar social [&hellip;]<\/p>\n","protected":false},"author":2,"featured_media":97309,"comment_status":"closed","ping_status":"closed","sticky":false,"template":"","format":"standard","meta":{"footnotes":""},"categories":[1],"tags":[],"class_list":{"0":"post-97308","1":"post","2":"type-post","3":"status-publish","4":"format-standard","5":"has-post-thumbnail","7":"category-sin-categoria"},"yoast_head":"<!-- This site is optimized with the Yoast SEO plugin v27.4 - https:\/\/yoast.com\/product\/yoast-seo-wordpress\/ -->\n<title>Kanas\u00edn y M\u00e9rida unen esfuerzos - Yucat\u00e1n en corto<\/title>\n<meta name=\"robots\" content=\"index, follow, max-snippet:-1, max-image-preview:large, max-video-preview:-1\" \/>\n<link rel=\"canonical\" href=\"https:\/\/www.yucatanencorto.com\/noticias\/kanasin-y-merida-unen-esfuerzos\/\" \/>\n<meta property=\"og:locale\" content=\"es_ES\" \/>\n<meta property=\"og:type\" content=\"article\" \/>\n<meta property=\"og:title\" content=\"Kanas\u00edn y M\u00e9rida unen esfuerzos - Yucat\u00e1n en corto\" \/>\n<meta property=\"og:description\" content=\"M\u00e9rida, Yucat\u00e1n a 26 de marzo de 2023.- Con el objetivo de mantener un crecimiento parejo en M\u00e9rida y los municipios aleda\u00f1os, el Alcalde, Ren\u00e1n Barrera Concha, manifest\u00f3 que las y los presidentes municipales de la zona metropolitana tienen la voluntad y el inter\u00e9s de trabajar en conjunto para generar m\u00e1s condiciones de bienestar social [&hellip;]\" \/>\n<meta property=\"og:url\" content=\"https:\/\/www.yucatanencorto.com\/noticias\/kanasin-y-merida-unen-esfuerzos\/\" \/>\n<meta property=\"og:site_name\" content=\"Yucat\u00e1n en corto\" \/>\n<meta property=\"article:publisher\" content=\"http:\/\/www.facebook.com\/yucatanencorto\" \/>\n<meta property=\"article:published_time\" content=\"2023-03-26T21:36:01+00:00\" \/>\n<meta property=\"og:image\" content=\"https:\/\/www.yucatanencorto.com\/noticias\/wp-content\/uploads\/2023\/03\/25DB21A3-4BE7-47CE-8F18-41DDFD801065-scaled.jpeg\" \/>\n\t<meta property=\"og:image:width\" content=\"768\" \/>\n\t<meta property=\"og:image:height\" content=\"512\" \/>\n\t<meta property=\"og:image:type\" content=\"image\/jpeg\" \/>\n<meta name=\"author\" content=\"Yucat\u00e1n en Corto FC\" \/>\n<meta name=\"twitter:card\" content=\"summary_large_image\" \/>\n<meta name=\"twitter:creator\" content=\"@yucatanencorto\" \/>\n<meta name=\"twitter:site\" content=\"@yucatanencorto\" \/>\n<meta name=\"twitter:label1\" content=\"Escrito por\" \/>\n\t<meta name=\"twitter:data1\" content=\"Yucat\u00e1n en Corto FC\" \/>\n\t<meta name=\"twitter:label2\" content=\"Tiempo de lectura\" \/>\n\t<meta name=\"twitter:data2\" content=\"4 minutos\" \/>\n<script type=\"application\/ld+json\" class=\"yoast-schema-graph\">{\"@context\":\"https:\\\/\\\/schema.org\",\"@graph\":[{\"@type\":\"Article\",\"@id\":\"https:\\\/\\\/www.yucatanencorto.com\\\/noticias\\\/kanasin-y-merida-unen-esfuerzos\\\/#article\",\"isPartOf\":{\"@id\":\"https:\\\/\\\/www.yucatanencorto.com\\\/noticias\\\/kanasin-y-merida-unen-esfuerzos\\\/\"},\"author\":{\"name\":\"Yucat\u00e1n en Corto FC\",\"@id\":\"https:\\\/\\\/www.yucatanencorto.com\\\/noticias\\\/#\\\/schema\\\/person\\\/14f82d355225a1f4075dd84a31f45a72\"},\"headline\":\"Kanas\u00edn y M\u00e9rida unen esfuerzos\",\"datePublished\":\"2023-03-26T21:36:01+00:00\",\"mainEntityOfPage\":{\"@id\":\"https:\\\/\\\/www.yucatanencorto.com\\\/noticias\\\/kanasin-y-merida-unen-esfuerzos\\\/\"},\"wordCount\":742,\"image\":{\"@id\":\"https:\\\/\\\/www.yucatanencorto.com\\\/noticias\\\/kanasin-y-merida-unen-esfuerzos\\\/#primaryimage\"},\"thumbnailUrl\":\"https:\\\/\\\/www.yucatanencorto.com\\\/noticias\\\/wp-content\\\/uploads\\\/2023\\\/03\\\/25DB21A3-4BE7-47CE-8F18-41DDFD801065-scaled.jpeg\",\"inLanguage\":\"es\"},{\"@type\":\"WebPage\",\"@id\":\"https:\\\/\\\/www.yucatanencorto.com\\\/noticias\\\/kanasin-y-merida-unen-esfuerzos\\\/\",\"url\":\"https:\\\/\\\/www.yucatanencorto.com\\\/noticias\\\/kanasin-y-merida-unen-esfuerzos\\\/\",\"name\":\"Kanas\u00edn y M\u00e9rida unen esfuerzos - Yucat\u00e1n en corto\",\"isPartOf\":{\"@id\":\"https:\\\/\\\/www.yucatanencorto.com\\\/noticias\\\/#website\"},\"primaryImageOfPage\":{\"@id\":\"https:\\\/\\\/www.yucatanencorto.com\\\/noticias\\\/kanasin-y-merida-unen-esfuerzos\\\/#primaryimage\"},\"image\":{\"@id\":\"https:\\\/\\\/www.yucatanencorto.com\\\/noticias\\\/kanasin-y-merida-unen-esfuerzos\\\/#primaryimage\"},\"thumbnailUrl\":\"https:\\\/\\\/www.yucatanencorto.com\\\/noticias\\\/wp-content\\\/uploads\\\/2023\\\/03\\\/25DB21A3-4BE7-47CE-8F18-41DDFD801065-scaled.jpeg\",\"datePublished\":\"2023-03-26T21:36:01+00:00\",\"author\":{\"@id\":\"https:\\\/\\\/www.yucatanencorto.com\\\/noticias\\\/#\\\/schema\\\/person\\\/14f82d355225a1f4075dd84a31f45a72\"},\"breadcrumb\":{\"@id\":\"https:\\\/\\\/www.yucatanencorto.com\\\/noticias\\\/kanasin-y-merida-unen-esfuerzos\\\/#breadcrumb\"},\"inLanguage\":\"es\",\"potentialAction\":[{\"@type\":\"ReadAction\",\"target\":[\"https:\\\/\\\/www.yucatanencorto.com\\\/noticias\\\/kanasin-y-merida-unen-esfuerzos\\\/\"]}]},{\"@type\":\"ImageObject\",\"inLanguage\":\"es\",\"@id\":\"https:\\\/\\\/www.yucatanencorto.com\\\/noticias\\\/kanasin-y-merida-unen-esfuerzos\\\/#primaryimage\",\"url\":\"https:\\\/\\\/www.yucatanencorto.com\\\/noticias\\\/wp-content\\\/uploads\\\/2023\\\/03\\\/25DB21A3-4BE7-47CE-8F18-41DDFD801065-scaled.jpeg\",\"contentUrl\":\"https:\\\/\\\/www.yucatanencorto.com\\\/noticias\\\/wp-content\\\/uploads\\\/2023\\\/03\\\/25DB21A3-4BE7-47CE-8F18-41DDFD801065-scaled.jpeg\",\"width\":768,\"height\":512},{\"@type\":\"BreadcrumbList\",\"@id\":\"https:\\\/\\\/www.yucatanencorto.com\\\/noticias\\\/kanasin-y-merida-unen-esfuerzos\\\/#breadcrumb\",\"itemListElement\":[{\"@type\":\"ListItem\",\"position\":1,\"name\":\"Portada\",\"item\":\"https:\\\/\\\/www.yucatanencorto.com\\\/noticias\\\/\"},{\"@type\":\"ListItem\",\"position\":2,\"name\":\"Kanas\u00edn y M\u00e9rida unen esfuerzos\"}]},{\"@type\":\"WebSite\",\"@id\":\"https:\\\/\\\/www.yucatanencorto.com\\\/noticias\\\/#website\",\"url\":\"https:\\\/\\\/www.yucatanencorto.com\\\/noticias\\\/\",\"name\":\"Yucat\u00e1n en corto\",\"description\":\"Noticias\",\"potentialAction\":[{\"@type\":\"SearchAction\",\"target\":{\"@type\":\"EntryPoint\",\"urlTemplate\":\"https:\\\/\\\/www.yucatanencorto.com\\\/noticias\\\/?s={search_term_string}\"},\"query-input\":{\"@type\":\"PropertyValueSpecification\",\"valueRequired\":true,\"valueName\":\"search_term_string\"}}],\"inLanguage\":\"es\"},{\"@type\":\"Person\",\"@id\":\"https:\\\/\\\/www.yucatanencorto.com\\\/noticias\\\/#\\\/schema\\\/person\\\/14f82d355225a1f4075dd84a31f45a72\",\"name\":\"Yucat\u00e1n en Corto FC\",\"image\":{\"@type\":\"ImageObject\",\"inLanguage\":\"es\",\"@id\":\"https:\\\/\\\/secure.gravatar.com\\\/avatar\\\/147d4b30cd728c53c29c49a3f7834dedca33707f4cd259761355846009a88250?s=96&d=mm&r=g\",\"url\":\"https:\\\/\\\/secure.gravatar.com\\\/avatar\\\/147d4b30cd728c53c29c49a3f7834dedca33707f4cd259761355846009a88250?s=96&d=mm&r=g\",\"contentUrl\":\"https:\\\/\\\/secure.gravatar.com\\\/avatar\\\/147d4b30cd728c53c29c49a3f7834dedca33707f4cd259761355846009a88250?s=96&d=mm&r=g\",\"caption\":\"Yucat\u00e1n en Corto FC\"},\"url\":\"https:\\\/\\\/www.yucatanencorto.com\\\/noticias\\\/author\\\/flor\\\/\"}]}<\/script>\n<!-- \/ Yoast SEO plugin. -->","yoast_head_json":{"title":"Kanas\u00edn y M\u00e9rida unen esfuerzos - Yucat\u00e1n en corto","robots":{"index":"index","follow":"follow","max-snippet":"max-snippet:-1","max-image-preview":"max-image-preview:large","max-video-preview":"max-video-preview:-1"},"canonical":"https:\/\/www.yucatanencorto.com\/noticias\/kanasin-y-merida-unen-esfuerzos\/","og_locale":"es_ES","og_type":"article","og_title":"Kanas\u00edn y M\u00e9rida unen esfuerzos - Yucat\u00e1n en corto","og_description":"M\u00e9rida, Yucat\u00e1n a 26 de marzo de 2023.- Con el objetivo de mantener un crecimiento parejo en M\u00e9rida y los municipios aleda\u00f1os, el Alcalde, Ren\u00e1n Barrera Concha, manifest\u00f3 que las y los presidentes municipales de la zona metropolitana tienen la voluntad y el inter\u00e9s de trabajar en conjunto para generar m\u00e1s condiciones de bienestar social [&hellip;]","og_url":"https:\/\/www.yucatanencorto.com\/noticias\/kanasin-y-merida-unen-esfuerzos\/","og_site_name":"Yucat\u00e1n en corto","article_publisher":"http:\/\/www.facebook.com\/yucatanencorto","article_published_time":"2023-03-26T21:36:01+00:00","og_image":[{"width":768,"height":512,"url":"https:\/\/www.yucatanencorto.com\/noticias\/wp-content\/uploads\/2023\/03\/25DB21A3-4BE7-47CE-8F18-41DDFD801065-scaled.jpeg","type":"image\/jpeg"}],"author":"Yucat\u00e1n en Corto FC","twitter_card":"summary_large_image","twitter_creator":"@yucatanencorto","twitter_site":"@yucatanencorto","twitter_misc":{"Escrito por":"Yucat\u00e1n en Corto FC","Tiempo de lectura":"4 minutos"},"schema":{"@context":"https:\/\/schema.org","@graph":[{"@type":"Article","@id":"https:\/\/www.yucatanencorto.com\/noticias\/kanasin-y-merida-unen-esfuerzos\/#article","isPartOf":{"@id":"https:\/\/www.yucatanencorto.com\/noticias\/kanasin-y-merida-unen-esfuerzos\/"},"author":{"name":"Yucat\u00e1n en Corto FC","@id":"https:\/\/www.yucatanencorto.com\/noticias\/#\/schema\/person\/14f82d355225a1f4075dd84a31f45a72"},"headline":"Kanas\u00edn y M\u00e9rida unen esfuerzos","datePublished":"2023-03-26T21:36:01+00:00","mainEntityOfPage":{"@id":"https:\/\/www.yucatanencorto.com\/noticias\/kanasin-y-merida-unen-esfuerzos\/"},"wordCount":742,"image":{"@id":"https:\/\/www.yucatanencorto.com\/noticias\/kanasin-y-merida-unen-esfuerzos\/#primaryimage"},"thumbnailUrl":"https:\/\/www.yucatanencorto.com\/noticias\/wp-content\/uploads\/2023\/03\/25DB21A3-4BE7-47CE-8F18-41DDFD801065-scaled.jpeg","inLanguage":"es"},{"@type":"WebPage","@id":"https:\/\/www.yucatanencorto.com\/noticias\/kanasin-y-merida-unen-esfuerzos\/","url":"https:\/\/www.yucatanencorto.com\/noticias\/kanasin-y-merida-unen-esfuerzos\/","name":"Kanas\u00edn y M\u00e9rida unen esfuerzos - Yucat\u00e1n en corto","isPartOf":{"@id":"https:\/\/www.yucatanencorto.com\/noticias\/#website"},"primaryImageOfPage":{"@id":"https:\/\/www.yucatanencorto.com\/noticias\/kanasin-y-merida-unen-esfuerzos\/#primaryimage"},"image":{"@id":"https:\/\/www.yucatanencorto.com\/noticias\/kanasin-y-merida-unen-esfuerzos\/#primaryimage"},"thumbnailUrl":"https:\/\/www.yucatanencorto.com\/noticias\/wp-content\/uploads\/2023\/03\/25DB21A3-4BE7-47CE-8F18-41DDFD801065-scaled.jpeg","datePublished":"2023-03-26T21:36:01+00:00","author":{"@id":"https:\/\/www.yucatanencorto.com\/noticias\/#\/schema\/person\/14f82d355225a1f4075dd84a31f45a72"},"breadcrumb":{"@id":"https:\/\/www.yucatanencorto.com\/noticias\/kanasin-y-merida-unen-esfuerzos\/#breadcrumb"},"inLanguage":"es","potentialAction":[{"@type":"ReadAction","target":["https:\/\/www.yucatanencorto.com\/noticias\/kanasin-y-merida-unen-esfuerzos\/"]}]},{"@type":"ImageObject","inLanguage":"es","@id":"https:\/\/www.yucatanencorto.com\/noticias\/kanasin-y-merida-unen-esfuerzos\/#primaryimage","url":"https:\/\/www.yucatanencorto.com\/noticias\/wp-content\/uploads\/2023\/03\/25DB21A3-4BE7-47CE-8F18-41DDFD801065-scaled.jpeg","contentUrl":"https:\/\/www.yucatanencorto.com\/noticias\/wp-content\/uploads\/2023\/03\/25DB21A3-4BE7-47CE-8F18-41DDFD801065-scaled.jpeg","width":768,"height":512},{"@type":"BreadcrumbList","@id":"https:\/\/www.yucatanencorto.com\/noticias\/kanasin-y-merida-unen-esfuerzos\/#breadcrumb","itemListElement":[{"@type":"ListItem","position":1,"name":"Portada","item":"https:\/\/www.yucatanencorto.com\/noticias\/"},{"@type":"ListItem","position":2,"name":"Kanas\u00edn y M\u00e9rida unen esfuerzos"}]},{"@type":"WebSite","@id":"https:\/\/www.yucatanencorto.com\/noticias\/#website","url":"https:\/\/www.yucatanencorto.com\/noticias\/","name":"Yucat\u00e1n en corto","description":"Noticias","potentialAction":[{"@type":"SearchAction","target":{"@type":"EntryPoint","urlTemplate":"https:\/\/www.yucatanencorto.com\/noticias\/?s={search_term_string}"},"query-input":{"@type":"PropertyValueSpecification","valueRequired":true,"valueName":"search_term_string"}}],"inLanguage":"es"},{"@type":"Person","@id":"https:\/\/www.yucatanencorto.com\/noticias\/#\/schema\/person\/14f82d355225a1f4075dd84a31f45a72","name":"Yucat\u00e1n en Corto FC","image":{"@type":"ImageObject","inLanguage":"es","@id":"https:\/\/secure.gravatar.com\/avatar\/147d4b30cd728c53c29c49a3f7834dedca33707f4cd259761355846009a88250?s=96&d=mm&r=g","url":"https:\/\/secure.gravatar.com\/avatar\/147d4b30cd728c53c29c49a3f7834dedca33707f4cd259761355846009a88250?s=96&d=mm&r=g","contentUrl":"https:\/\/secure.gravatar.com\/avatar\/147d4b30cd728c53c29c49a3f7834dedca33707f4cd259761355846009a88250?s=96&d=mm&r=g","caption":"Yucat\u00e1n en Corto FC"},"url":"https:\/\/www.yucatanencorto.com\/noticias\/author\/flor\/"}]}},"_links":{"self":[{"href":"https:\/\/www.yucatanencorto.com\/noticias\/wp-json\/wp\/v2\/posts\/97308","targetHints":{"allow":["GET"]}}],"collection":[{"href":"https:\/\/www.yucatanencorto.com\/noticias\/wp-json\/wp\/v2\/posts"}],"about":[{"href":"https:\/\/www.yucatanencorto.com\/noticias\/wp-json\/wp\/v2\/types\/post"}],"author":[{"embeddable":true,"href":"https:\/\/www.yucatanencorto.com\/noticias\/wp-json\/wp\/v2\/users\/2"}],"replies":[{"embeddable":true,"href":"https:\/\/www.yucatanencorto.com\/noticias\/wp-json\/wp\/v2\/comments?post=97308"}],"version-history":[{"count":0,"href":"https:\/\/www.yucatanencorto.com\/noticias\/wp-json\/wp\/v2\/posts\/97308\/revisions"}],"wp:featuredmedia":[{"embeddable":true,"href":"https:\/\/www.yucatanencorto.com\/noticias\/wp-json\/wp\/v2\/media\/97309"}],"wp:attachment":[{"href":"https:\/\/www.yucatanencorto.com\/noticias\/wp-json\/wp\/v2\/media?parent=97308"}],"wp:term":[{"taxonomy":"category","embeddable":true,"href":"https:\/\/www.yucatanencorto.com\/noticias\/wp-json\/wp\/v2\/categories?post=97308"},{"taxonomy":"post_tag","embeddable":true,"href":"https:\/\/www.yucatanencorto.com\/noticias\/wp-json\/wp\/v2\/tags?post=97308"}],"curies":[{"name":"wp","href":"https:\/\/api.w.org\/{rel}","templated":true}]}}