{"id":97311,"date":"2023-03-26T17:53:53","date_gmt":"2023-03-26T23:53:53","guid":{"rendered":"https:\/\/www.yucatanencorto.com\/noticias\/?p=97311"},"modified":"2023-03-26T17:53:53","modified_gmt":"2023-03-26T23:53:53","slug":"se-realizaron-talleres-de-diseno-participativo-para-el-proyecto-del-parque-tho","status":"publish","type":"post","link":"https:\/\/www.yucatanencorto.com\/noticias\/se-realizaron-talleres-de-diseno-participativo-para-el-proyecto-del-parque-tho\/","title":{"rendered":"Se realizaron talleres de Dise\u00f1o Participativo para el proyecto del parque Tho"},"content":{"rendered":"<p data-removefontsize=\"true\" data-originalcomputedfontsize=\"13.333333\"><img loading=\"lazy\" decoding=\"async\" class=\"alignnone size-full wp-image-97312\" src=\"https:\/\/www.yucatanencorto.com\/noticias\/wp-content\/uploads\/2023\/03\/655AA7F8-1D39-4399-B0DF-CFAC3AFB56DB-scaled.jpeg\" alt=\"\" width=\"768\" height=\"512\" srcset=\"https:\/\/www.yucatanencorto.com\/noticias\/wp-content\/uploads\/2023\/03\/655AA7F8-1D39-4399-B0DF-CFAC3AFB56DB-scaled.jpeg 768w, https:\/\/www.yucatanencorto.com\/noticias\/wp-content\/uploads\/2023\/03\/655AA7F8-1D39-4399-B0DF-CFAC3AFB56DB-696x464.jpeg 696w, https:\/\/www.yucatanencorto.com\/noticias\/wp-content\/uploads\/2023\/03\/655AA7F8-1D39-4399-B0DF-CFAC3AFB56DB-1068x712.jpeg 1068w, https:\/\/www.yucatanencorto.com\/noticias\/wp-content\/uploads\/2023\/03\/655AA7F8-1D39-4399-B0DF-CFAC3AFB56DB-630x420.jpeg 630w\" sizes=\"auto, (max-width: 768px) 100vw, 768px\" \/><br \/>\nMerida, Yucatan a 26 de marzo de 2023.-Con una alta participaci\u00f3n de las y los habitantes del Municipio, el Ayuntamiento de M\u00e9rida que encabeza Ren\u00e1n Barrera Concha inform\u00f3 que la consulta ciudadana \u201cDise\u00f1emos Juntas y Juntos Tho\u2019 Nuestro Parque\u201d concluy\u00f3 en forma satisfactoria, recopilando informaci\u00f3n sobre la preferencia de los elementos urbanos, \u00e1reas p\u00fablicas y zonas de esparcimiento que la ciudadan\u00eda desea en el dise\u00f1o de este gran pulm\u00f3n de la ciudad.<\/p>\n<p data-removefontsize=\"true\" data-originalcomputedfontsize=\"13.333333\">El Presidente Municipal explic\u00f3 que son cuatro las acciones que formaron parte del proceso de consulta (encuesta, grupos focales, socializaciones y talleres) para recabar la opini\u00f3n ciudadana que orienten y sirvan para las bases del dise\u00f1o del parque.<\/p>\n<p data-removefontsize=\"true\" data-originalcomputedfontsize=\"13.333333\">Como parte de este ejercicio para integrar la opini\u00f3n e ideas de las y los ciudadanos a la construcci\u00f3n del parque Tho, este s\u00e1bado 25 y domingo 26 de marzo se realizaron los Talleres de Dise\u00f1o Participativo para el referido proyecto integral en las instalaciones de la Universidad Modelo, donde se tuvo una nutrida participaci\u00f3n de vecinas y vecinos de la zona Altabrisa y colonias aleda\u00f1as as\u00ed como asociaciones civiles, escultistas y estudiantes universitarios.<\/p>\n<p data-removefontsize=\"true\" data-originalcomputedfontsize=\"13.333333\">Durante cuatro horas, las y los asistentes participaron de manera activa en cada unas de las actividades que se realizaron, como la de elaborar un croquis donde las y los participantes plasmaron lo que desean que exista en el parque Tho, incluyendo tem\u00e1ticas como \u00e1reas verdes, pista para correr, zona de juegos infantiles, fuentes o lagos, la instalaci\u00f3n de restaurantes y\/o cafeter\u00edas, parque canino y canchas deportivas.<\/p>\n<p data-removefontsize=\"true\" data-originalcomputedfontsize=\"13.333333\">Cabe destacar que una de las tem\u00e1ticas de mayor inter\u00e9s fue la conservaci\u00f3n del<br \/>\npatrimonio arqueol\u00f3gico y natural.<\/p>\n<p data-removefontsize=\"true\" data-originalcomputedfontsize=\"13.333333\">En ese sentido, Ana Cristina Erales, vecina de la zona de Altabrisa, consider\u00f3 que el Parque Tho est\u00e1 siendo planeado y dise\u00f1ado con la participaci\u00f3n ciudadana, gracias a que se cuenta con una administraci\u00f3n que escucha y atiende las necesidades ciudadanas.<\/p>\n<p data-removefontsize=\"true\" data-originalcomputedfontsize=\"13.333333\">\u00abEste tipo de ejercicios es sumamente importante en aras de garantizar la participaci\u00f3n ciudadana sobretodo en proyectos de gran magnitud como lo es el parque Tho que va a beneficiar a los vecinos de la zona y a los de toda Merida\u201d, dijo.<\/p>\n<p data-removefontsize=\"true\" data-originalcomputedfontsize=\"13.333333\">Por su parte, Claudia Guti\u00e9rrez Silveria, vecina de la zona, felicit\u00f3 al Alcalde Ren\u00e1n Barrera por realizar este tipo de talleres, en donde se da un intercambio de ideas entre el Ayuntamiento y la ciudadan\u00eda.<\/p>\n<p data-removefontsize=\"true\" data-originalcomputedfontsize=\"13.333333\">\u00abSe est\u00e1 implementando esta idea que es algo valioso y significativo porque se est\u00e1 brindando estos lugares de di\u00e1logo para la ciudadan\u00eda y ser\u00e1 interesante ver c\u00f3mo se materializa el proyecto\u201d coment\u00f3<\/p>\n<p data-removefontsize=\"true\" data-originalcomputedfontsize=\"13.333333\">Por \u00faltimo, el escultista H\u00e9ctor Solis Castillo cuyo grupo se re\u00fane en la zona de Altabrisa, indic\u00f3 que es de vital importancia la participaci\u00f3n ciudadana para la toma de decisiones en el quehacer del Ayuntamiento, porque es un manera de involucrarse con las obras que se realizan en el Municipio.<\/p>\n<p data-removefontsize=\"true\" data-originalcomputedfontsize=\"13.333333\">\u201cLa participaci\u00f3n ciudadana debe ser una pieza fundamental, porque nosotros elegimos a nuestros gobernantes y debe de existir esa retroalimentaci\u00f3n sobre lo que necesita la ciudadan\u00eda\u201d mencion\u00f3.<\/p>\n<p data-removefontsize=\"true\" data-originalcomputedfontsize=\"13.333333\">Parte de la informaci\u00f3n que sirvi\u00f3 para los Talleres provino de la encuesta que concluy\u00f3 el pasado 4 de marzo y que fue aplicada a trav\u00e9s de la p\u00e1gina <a href=\"http:\/\/decide.merida.gob.mx\/\" target=\"_blank\" rel=\"noopener\" data-saferedirecturl=\"https:\/\/www.google.com\/url?q=http:\/\/decide.merida.gob.mx&amp;source=gmail&amp;ust=1679961108584000&amp;usg=AOvVaw0dlwG4k5gCvf0MWaz7af2q\" data-removefontsize=\"true\" data-originalcomputedfontsize=\"13.333333\">decide.merida.gob.mx<\/a> alcanzando un 97% de confiabilidad, la cual representa el punto de partida del proceso de elaboraci\u00f3n del proyecto para el uso, percepci\u00f3n y expectativa de la poblaci\u00f3n en relaci\u00f3n a los espacios p\u00fablicos.<\/p>\n","protected":false},"excerpt":{"rendered":"<p>Merida, Yucatan a 26 de marzo de 2023.-Con una alta participaci\u00f3n de las y los habitantes del Municipio, el Ayuntamiento de M\u00e9rida que encabeza Ren\u00e1n Barrera Concha inform\u00f3 que la consulta ciudadana \u201cDise\u00f1emos Juntas y Juntos Tho\u2019 Nuestro Parque\u201d concluy\u00f3 en forma satisfactoria, recopilando informaci\u00f3n sobre la preferencia de los elementos urbanos, \u00e1reas p\u00fablicas y [&hellip;]<\/p>\n","protected":false},"author":2,"featured_media":97312,"comment_status":"closed","ping_status":"closed","sticky":false,"template":"","format":"standard","meta":{"footnotes":""},"categories":[3],"tags":[],"class_list":{"0":"post-97311","1":"post","2":"type-post","3":"status-publish","4":"format-standard","5":"has-post-thumbnail","7":"category-yucatan"},"yoast_head":"<!-- This site is optimized with the Yoast SEO plugin v27.4 - https:\/\/yoast.com\/product\/yoast-seo-wordpress\/ -->\n<title>Se realizaron talleres de Dise\u00f1o Participativo para el proyecto del parque Tho - Yucat\u00e1n en corto<\/title>\n<meta name=\"robots\" content=\"index, follow, max-snippet:-1, max-image-preview:large, max-video-preview:-1\" \/>\n<link rel=\"canonical\" href=\"https:\/\/www.yucatanencorto.com\/noticias\/se-realizaron-talleres-de-diseno-participativo-para-el-proyecto-del-parque-tho\/\" \/>\n<meta property=\"og:locale\" content=\"es_ES\" \/>\n<meta property=\"og:type\" content=\"article\" \/>\n<meta property=\"og:title\" content=\"Se realizaron talleres de Dise\u00f1o Participativo para el proyecto del parque Tho - Yucat\u00e1n en corto\" \/>\n<meta property=\"og:description\" content=\"Merida, Yucatan a 26 de marzo de 2023.-Con una alta participaci\u00f3n de las y los habitantes del Municipio, el Ayuntamiento de M\u00e9rida que encabeza Ren\u00e1n Barrera Concha inform\u00f3 que la consulta ciudadana \u201cDise\u00f1emos Juntas y Juntos Tho\u2019 Nuestro Parque\u201d concluy\u00f3 en forma satisfactoria, recopilando informaci\u00f3n sobre la preferencia de los elementos urbanos, \u00e1reas p\u00fablicas y [&hellip;]\" \/>\n<meta property=\"og:url\" content=\"https:\/\/www.yucatanencorto.com\/noticias\/se-realizaron-talleres-de-diseno-participativo-para-el-proyecto-del-parque-tho\/\" \/>\n<meta property=\"og:site_name\" content=\"Yucat\u00e1n en corto\" \/>\n<meta property=\"article:publisher\" content=\"http:\/\/www.facebook.com\/yucatanencorto\" \/>\n<meta property=\"article:published_time\" content=\"2023-03-26T23:53:53+00:00\" \/>\n<meta property=\"og:image\" content=\"https:\/\/www.yucatanencorto.com\/noticias\/wp-content\/uploads\/2023\/03\/655AA7F8-1D39-4399-B0DF-CFAC3AFB56DB-scaled.jpeg\" \/>\n\t<meta property=\"og:image:width\" content=\"768\" \/>\n\t<meta property=\"og:image:height\" content=\"512\" \/>\n\t<meta property=\"og:image:type\" content=\"image\/jpeg\" \/>\n<meta name=\"author\" content=\"Yucat\u00e1n en Corto FC\" \/>\n<meta name=\"twitter:card\" content=\"summary_large_image\" \/>\n<meta name=\"twitter:creator\" content=\"@yucatanencorto\" \/>\n<meta name=\"twitter:site\" content=\"@yucatanencorto\" \/>\n<meta name=\"twitter:label1\" content=\"Escrito por\" \/>\n\t<meta name=\"twitter:data1\" content=\"Yucat\u00e1n en Corto FC\" \/>\n\t<meta name=\"twitter:label2\" content=\"Tiempo de lectura\" \/>\n\t<meta name=\"twitter:data2\" content=\"3 minutos\" \/>\n<script type=\"application\/ld+json\" class=\"yoast-schema-graph\">{\"@context\":\"https:\\\/\\\/schema.org\",\"@graph\":[{\"@type\":\"Article\",\"@id\":\"https:\\\/\\\/www.yucatanencorto.com\\\/noticias\\\/se-realizaron-talleres-de-diseno-participativo-para-el-proyecto-del-parque-tho\\\/#article\",\"isPartOf\":{\"@id\":\"https:\\\/\\\/www.yucatanencorto.com\\\/noticias\\\/se-realizaron-talleres-de-diseno-participativo-para-el-proyecto-del-parque-tho\\\/\"},\"author\":{\"name\":\"Yucat\u00e1n en Corto FC\",\"@id\":\"https:\\\/\\\/www.yucatanencorto.com\\\/noticias\\\/#\\\/schema\\\/person\\\/14f82d355225a1f4075dd84a31f45a72\"},\"headline\":\"Se realizaron talleres de Dise\u00f1o Participativo para el proyecto del parque Tho\",\"datePublished\":\"2023-03-26T23:53:53+00:00\",\"mainEntityOfPage\":{\"@id\":\"https:\\\/\\\/www.yucatanencorto.com\\\/noticias\\\/se-realizaron-talleres-de-diseno-participativo-para-el-proyecto-del-parque-tho\\\/\"},\"wordCount\":620,\"image\":{\"@id\":\"https:\\\/\\\/www.yucatanencorto.com\\\/noticias\\\/se-realizaron-talleres-de-diseno-participativo-para-el-proyecto-del-parque-tho\\\/#primaryimage\"},\"thumbnailUrl\":\"https:\\\/\\\/www.yucatanencorto.com\\\/noticias\\\/wp-content\\\/uploads\\\/2023\\\/03\\\/655AA7F8-1D39-4399-B0DF-CFAC3AFB56DB-scaled.jpeg\",\"articleSection\":[\"Yucat\u00e1n\"],\"inLanguage\":\"es\"},{\"@type\":\"WebPage\",\"@id\":\"https:\\\/\\\/www.yucatanencorto.com\\\/noticias\\\/se-realizaron-talleres-de-diseno-participativo-para-el-proyecto-del-parque-tho\\\/\",\"url\":\"https:\\\/\\\/www.yucatanencorto.com\\\/noticias\\\/se-realizaron-talleres-de-diseno-participativo-para-el-proyecto-del-parque-tho\\\/\",\"name\":\"Se realizaron talleres de Dise\u00f1o Participativo para el proyecto del parque Tho - Yucat\u00e1n en corto\",\"isPartOf\":{\"@id\":\"https:\\\/\\\/www.yucatanencorto.com\\\/noticias\\\/#website\"},\"primaryImageOfPage\":{\"@id\":\"https:\\\/\\\/www.yucatanencorto.com\\\/noticias\\\/se-realizaron-talleres-de-diseno-participativo-para-el-proyecto-del-parque-tho\\\/#primaryimage\"},\"image\":{\"@id\":\"https:\\\/\\\/www.yucatanencorto.com\\\/noticias\\\/se-realizaron-talleres-de-diseno-participativo-para-el-proyecto-del-parque-tho\\\/#primaryimage\"},\"thumbnailUrl\":\"https:\\\/\\\/www.yucatanencorto.com\\\/noticias\\\/wp-content\\\/uploads\\\/2023\\\/03\\\/655AA7F8-1D39-4399-B0DF-CFAC3AFB56DB-scaled.jpeg\",\"datePublished\":\"2023-03-26T23:53:53+00:00\",\"author\":{\"@id\":\"https:\\\/\\\/www.yucatanencorto.com\\\/noticias\\\/#\\\/schema\\\/person\\\/14f82d355225a1f4075dd84a31f45a72\"},\"breadcrumb\":{\"@id\":\"https:\\\/\\\/www.yucatanencorto.com\\\/noticias\\\/se-realizaron-talleres-de-diseno-participativo-para-el-proyecto-del-parque-tho\\\/#breadcrumb\"},\"inLanguage\":\"es\",\"potentialAction\":[{\"@type\":\"ReadAction\",\"target\":[\"https:\\\/\\\/www.yucatanencorto.com\\\/noticias\\\/se-realizaron-talleres-de-diseno-participativo-para-el-proyecto-del-parque-tho\\\/\"]}]},{\"@type\":\"ImageObject\",\"inLanguage\":\"es\",\"@id\":\"https:\\\/\\\/www.yucatanencorto.com\\\/noticias\\\/se-realizaron-talleres-de-diseno-participativo-para-el-proyecto-del-parque-tho\\\/#primaryimage\",\"url\":\"https:\\\/\\\/www.yucatanencorto.com\\\/noticias\\\/wp-content\\\/uploads\\\/2023\\\/03\\\/655AA7F8-1D39-4399-B0DF-CFAC3AFB56DB-scaled.jpeg\",\"contentUrl\":\"https:\\\/\\\/www.yucatanencorto.com\\\/noticias\\\/wp-content\\\/uploads\\\/2023\\\/03\\\/655AA7F8-1D39-4399-B0DF-CFAC3AFB56DB-scaled.jpeg\",\"width\":768,\"height\":512},{\"@type\":\"BreadcrumbList\",\"@id\":\"https:\\\/\\\/www.yucatanencorto.com\\\/noticias\\\/se-realizaron-talleres-de-diseno-participativo-para-el-proyecto-del-parque-tho\\\/#breadcrumb\",\"itemListElement\":[{\"@type\":\"ListItem\",\"position\":1,\"name\":\"Portada\",\"item\":\"https:\\\/\\\/www.yucatanencorto.com\\\/noticias\\\/\"},{\"@type\":\"ListItem\",\"position\":2,\"name\":\"Se realizaron talleres de Dise\u00f1o Participativo para el proyecto del parque Tho\"}]},{\"@type\":\"WebSite\",\"@id\":\"https:\\\/\\\/www.yucatanencorto.com\\\/noticias\\\/#website\",\"url\":\"https:\\\/\\\/www.yucatanencorto.com\\\/noticias\\\/\",\"name\":\"Yucat\u00e1n en corto\",\"description\":\"Noticias\",\"potentialAction\":[{\"@type\":\"SearchAction\",\"target\":{\"@type\":\"EntryPoint\",\"urlTemplate\":\"https:\\\/\\\/www.yucatanencorto.com\\\/noticias\\\/?s={search_term_string}\"},\"query-input\":{\"@type\":\"PropertyValueSpecification\",\"valueRequired\":true,\"valueName\":\"search_term_string\"}}],\"inLanguage\":\"es\"},{\"@type\":\"Person\",\"@id\":\"https:\\\/\\\/www.yucatanencorto.com\\\/noticias\\\/#\\\/schema\\\/person\\\/14f82d355225a1f4075dd84a31f45a72\",\"name\":\"Yucat\u00e1n en Corto FC\",\"image\":{\"@type\":\"ImageObject\",\"inLanguage\":\"es\",\"@id\":\"https:\\\/\\\/secure.gravatar.com\\\/avatar\\\/147d4b30cd728c53c29c49a3f7834dedca33707f4cd259761355846009a88250?s=96&d=mm&r=g\",\"url\":\"https:\\\/\\\/secure.gravatar.com\\\/avatar\\\/147d4b30cd728c53c29c49a3f7834dedca33707f4cd259761355846009a88250?s=96&d=mm&r=g\",\"contentUrl\":\"https:\\\/\\\/secure.gravatar.com\\\/avatar\\\/147d4b30cd728c53c29c49a3f7834dedca33707f4cd259761355846009a88250?s=96&d=mm&r=g\",\"caption\":\"Yucat\u00e1n en Corto FC\"},\"url\":\"https:\\\/\\\/www.yucatanencorto.com\\\/noticias\\\/author\\\/flor\\\/\"}]}<\/script>\n<!-- \/ Yoast SEO plugin. -->","yoast_head_json":{"title":"Se realizaron talleres de Dise\u00f1o Participativo para el proyecto del parque Tho - Yucat\u00e1n en corto","robots":{"index":"index","follow":"follow","max-snippet":"max-snippet:-1","max-image-preview":"max-image-preview:large","max-video-preview":"max-video-preview:-1"},"canonical":"https:\/\/www.yucatanencorto.com\/noticias\/se-realizaron-talleres-de-diseno-participativo-para-el-proyecto-del-parque-tho\/","og_locale":"es_ES","og_type":"article","og_title":"Se realizaron talleres de Dise\u00f1o Participativo para el proyecto del parque Tho - Yucat\u00e1n en corto","og_description":"Merida, Yucatan a 26 de marzo de 2023.-Con una alta participaci\u00f3n de las y los habitantes del Municipio, el Ayuntamiento de M\u00e9rida que encabeza Ren\u00e1n Barrera Concha inform\u00f3 que la consulta ciudadana \u201cDise\u00f1emos Juntas y Juntos Tho\u2019 Nuestro Parque\u201d concluy\u00f3 en forma satisfactoria, recopilando informaci\u00f3n sobre la preferencia de los elementos urbanos, \u00e1reas p\u00fablicas y [&hellip;]","og_url":"https:\/\/www.yucatanencorto.com\/noticias\/se-realizaron-talleres-de-diseno-participativo-para-el-proyecto-del-parque-tho\/","og_site_name":"Yucat\u00e1n en corto","article_publisher":"http:\/\/www.facebook.com\/yucatanencorto","article_published_time":"2023-03-26T23:53:53+00:00","og_image":[{"width":768,"height":512,"url":"https:\/\/www.yucatanencorto.com\/noticias\/wp-content\/uploads\/2023\/03\/655AA7F8-1D39-4399-B0DF-CFAC3AFB56DB-scaled.jpeg","type":"image\/jpeg"}],"author":"Yucat\u00e1n en Corto FC","twitter_card":"summary_large_image","twitter_creator":"@yucatanencorto","twitter_site":"@yucatanencorto","twitter_misc":{"Escrito por":"Yucat\u00e1n en Corto FC","Tiempo de lectura":"3 minutos"},"schema":{"@context":"https:\/\/schema.org","@graph":[{"@type":"Article","@id":"https:\/\/www.yucatanencorto.com\/noticias\/se-realizaron-talleres-de-diseno-participativo-para-el-proyecto-del-parque-tho\/#article","isPartOf":{"@id":"https:\/\/www.yucatanencorto.com\/noticias\/se-realizaron-talleres-de-diseno-participativo-para-el-proyecto-del-parque-tho\/"},"author":{"name":"Yucat\u00e1n en Corto FC","@id":"https:\/\/www.yucatanencorto.com\/noticias\/#\/schema\/person\/14f82d355225a1f4075dd84a31f45a72"},"headline":"Se realizaron talleres de Dise\u00f1o Participativo para el proyecto del parque Tho","datePublished":"2023-03-26T23:53:53+00:00","mainEntityOfPage":{"@id":"https:\/\/www.yucatanencorto.com\/noticias\/se-realizaron-talleres-de-diseno-participativo-para-el-proyecto-del-parque-tho\/"},"wordCount":620,"image":{"@id":"https:\/\/www.yucatanencorto.com\/noticias\/se-realizaron-talleres-de-diseno-participativo-para-el-proyecto-del-parque-tho\/#primaryimage"},"thumbnailUrl":"https:\/\/www.yucatanencorto.com\/noticias\/wp-content\/uploads\/2023\/03\/655AA7F8-1D39-4399-B0DF-CFAC3AFB56DB-scaled.jpeg","articleSection":["Yucat\u00e1n"],"inLanguage":"es"},{"@type":"WebPage","@id":"https:\/\/www.yucatanencorto.com\/noticias\/se-realizaron-talleres-de-diseno-participativo-para-el-proyecto-del-parque-tho\/","url":"https:\/\/www.yucatanencorto.com\/noticias\/se-realizaron-talleres-de-diseno-participativo-para-el-proyecto-del-parque-tho\/","name":"Se realizaron talleres de Dise\u00f1o Participativo para el proyecto del parque Tho - Yucat\u00e1n en corto","isPartOf":{"@id":"https:\/\/www.yucatanencorto.com\/noticias\/#website"},"primaryImageOfPage":{"@id":"https:\/\/www.yucatanencorto.com\/noticias\/se-realizaron-talleres-de-diseno-participativo-para-el-proyecto-del-parque-tho\/#primaryimage"},"image":{"@id":"https:\/\/www.yucatanencorto.com\/noticias\/se-realizaron-talleres-de-diseno-participativo-para-el-proyecto-del-parque-tho\/#primaryimage"},"thumbnailUrl":"https:\/\/www.yucatanencorto.com\/noticias\/wp-content\/uploads\/2023\/03\/655AA7F8-1D39-4399-B0DF-CFAC3AFB56DB-scaled.jpeg","datePublished":"2023-03-26T23:53:53+00:00","author":{"@id":"https:\/\/www.yucatanencorto.com\/noticias\/#\/schema\/person\/14f82d355225a1f4075dd84a31f45a72"},"breadcrumb":{"@id":"https:\/\/www.yucatanencorto.com\/noticias\/se-realizaron-talleres-de-diseno-participativo-para-el-proyecto-del-parque-tho\/#breadcrumb"},"inLanguage":"es","potentialAction":[{"@type":"ReadAction","target":["https:\/\/www.yucatanencorto.com\/noticias\/se-realizaron-talleres-de-diseno-participativo-para-el-proyecto-del-parque-tho\/"]}]},{"@type":"ImageObject","inLanguage":"es","@id":"https:\/\/www.yucatanencorto.com\/noticias\/se-realizaron-talleres-de-diseno-participativo-para-el-proyecto-del-parque-tho\/#primaryimage","url":"https:\/\/www.yucatanencorto.com\/noticias\/wp-content\/uploads\/2023\/03\/655AA7F8-1D39-4399-B0DF-CFAC3AFB56DB-scaled.jpeg","contentUrl":"https:\/\/www.yucatanencorto.com\/noticias\/wp-content\/uploads\/2023\/03\/655AA7F8-1D39-4399-B0DF-CFAC3AFB56DB-scaled.jpeg","width":768,"height":512},{"@type":"BreadcrumbList","@id":"https:\/\/www.yucatanencorto.com\/noticias\/se-realizaron-talleres-de-diseno-participativo-para-el-proyecto-del-parque-tho\/#breadcrumb","itemListElement":[{"@type":"ListItem","position":1,"name":"Portada","item":"https:\/\/www.yucatanencorto.com\/noticias\/"},{"@type":"ListItem","position":2,"name":"Se realizaron talleres de Dise\u00f1o Participativo para el proyecto del parque Tho"}]},{"@type":"WebSite","@id":"https:\/\/www.yucatanencorto.com\/noticias\/#website","url":"https:\/\/www.yucatanencorto.com\/noticias\/","name":"Yucat\u00e1n en corto","description":"Noticias","potentialAction":[{"@type":"SearchAction","target":{"@type":"EntryPoint","urlTemplate":"https:\/\/www.yucatanencorto.com\/noticias\/?s={search_term_string}"},"query-input":{"@type":"PropertyValueSpecification","valueRequired":true,"valueName":"search_term_string"}}],"inLanguage":"es"},{"@type":"Person","@id":"https:\/\/www.yucatanencorto.com\/noticias\/#\/schema\/person\/14f82d355225a1f4075dd84a31f45a72","name":"Yucat\u00e1n en Corto FC","image":{"@type":"ImageObject","inLanguage":"es","@id":"https:\/\/secure.gravatar.com\/avatar\/147d4b30cd728c53c29c49a3f7834dedca33707f4cd259761355846009a88250?s=96&d=mm&r=g","url":"https:\/\/secure.gravatar.com\/avatar\/147d4b30cd728c53c29c49a3f7834dedca33707f4cd259761355846009a88250?s=96&d=mm&r=g","contentUrl":"https:\/\/secure.gravatar.com\/avatar\/147d4b30cd728c53c29c49a3f7834dedca33707f4cd259761355846009a88250?s=96&d=mm&r=g","caption":"Yucat\u00e1n en Corto FC"},"url":"https:\/\/www.yucatanencorto.com\/noticias\/author\/flor\/"}]}},"_links":{"self":[{"href":"https:\/\/www.yucatanencorto.com\/noticias\/wp-json\/wp\/v2\/posts\/97311","targetHints":{"allow":["GET"]}}],"collection":[{"href":"https:\/\/www.yucatanencorto.com\/noticias\/wp-json\/wp\/v2\/posts"}],"about":[{"href":"https:\/\/www.yucatanencorto.com\/noticias\/wp-json\/wp\/v2\/types\/post"}],"author":[{"embeddable":true,"href":"https:\/\/www.yucatanencorto.com\/noticias\/wp-json\/wp\/v2\/users\/2"}],"replies":[{"embeddable":true,"href":"https:\/\/www.yucatanencorto.com\/noticias\/wp-json\/wp\/v2\/comments?post=97311"}],"version-history":[{"count":0,"href":"https:\/\/www.yucatanencorto.com\/noticias\/wp-json\/wp\/v2\/posts\/97311\/revisions"}],"wp:featuredmedia":[{"embeddable":true,"href":"https:\/\/www.yucatanencorto.com\/noticias\/wp-json\/wp\/v2\/media\/97312"}],"wp:attachment":[{"href":"https:\/\/www.yucatanencorto.com\/noticias\/wp-json\/wp\/v2\/media?parent=97311"}],"wp:term":[{"taxonomy":"category","embeddable":true,"href":"https:\/\/www.yucatanencorto.com\/noticias\/wp-json\/wp\/v2\/categories?post=97311"},{"taxonomy":"post_tag","embeddable":true,"href":"https:\/\/www.yucatanencorto.com\/noticias\/wp-json\/wp\/v2\/tags?post=97311"}],"curies":[{"name":"wp","href":"https:\/\/api.w.org\/{rel}","templated":true}]}}