{"id":97317,"date":"2023-03-27T15:59:22","date_gmt":"2023-03-27T21:59:22","guid":{"rendered":"https:\/\/www.yucatanencorto.com\/noticias\/?p=97317"},"modified":"2023-03-27T15:59:22","modified_gmt":"2023-03-27T21:59:22","slug":"impulsan-la-educacion-desde-una-vision-integral-en-kanasin","status":"publish","type":"post","link":"https:\/\/www.yucatanencorto.com\/noticias\/impulsan-la-educacion-desde-una-vision-integral-en-kanasin\/","title":{"rendered":"Impulsan la educaci\u00f3n desde una visi\u00f3n integral en Kanas\u00edn"},"content":{"rendered":"<p><img loading=\"lazy\" decoding=\"async\" class=\"alignnone size-full wp-image-97318\" src=\"https:\/\/www.yucatanencorto.com\/noticias\/wp-content\/uploads\/2023\/03\/WhatsApp-Image-2023-03-27-at-3.44.06-PM-1-scaled.jpeg\" alt=\"\" width=\"768\" height=\"512\" srcset=\"https:\/\/www.yucatanencorto.com\/noticias\/wp-content\/uploads\/2023\/03\/WhatsApp-Image-2023-03-27-at-3.44.06-PM-1-scaled.jpeg 768w, https:\/\/www.yucatanencorto.com\/noticias\/wp-content\/uploads\/2023\/03\/WhatsApp-Image-2023-03-27-at-3.44.06-PM-1-1536x1023.jpeg 1536w, https:\/\/www.yucatanencorto.com\/noticias\/wp-content\/uploads\/2023\/03\/WhatsApp-Image-2023-03-27-at-3.44.06-PM-1-696x464.jpeg 696w, https:\/\/www.yucatanencorto.com\/noticias\/wp-content\/uploads\/2023\/03\/WhatsApp-Image-2023-03-27-at-3.44.06-PM-1-1068x712.jpeg 1068w, https:\/\/www.yucatanencorto.com\/noticias\/wp-content\/uploads\/2023\/03\/WhatsApp-Image-2023-03-27-at-3.44.06-PM-1-630x420.jpeg 630w\" sizes=\"auto, (max-width: 768px) 100vw, 768px\" \/>Kanas\u00edn, Yucat\u00e1n a 27 de marzo de 2023.- Desde el Ayuntamiento de Kanas\u00edn se trabaja en dar impulso a la educaci\u00f3n, por lo que es un tema que se ha convertido en prioridad para el alcalde Edwin Boj\u00f3rquez Ram\u00edrez. \u201cLa educaci\u00f3n es una parte fundamental para el desarrollo de las familias y tambi\u00e9n de toda una comunidad, por lo que a trav\u00e9s de distintas acciones y estrategias trabajamos en la educaci\u00f3n no solo con los mas peque\u00f1os y j\u00f3venes, sino tambi\u00e9n con los adultos\u201d, indic\u00f3 el edil.<\/p>\n<p>Lo anterior lo se\u00f1al\u00f3 al asistir a la puesta en marcha del programa \u201cSegey en tu comunidad\u201d, que hoy estuvo en la escuela primaria \u201cPresidente Miguel Alem\u00e1n\u201d de Kanas\u00edn. LaSecretar\u00eda de Educaci\u00f3n del Estado de Yucat\u00e1n, en conjunto con el Ayuntamiento de Kanas\u00edn, organizaron una nutrida agenda de actividades art\u00edsticas, deportivas, educativas, culturales, fomento a la lectura, perspectiva de g\u00e9nero, entre otras.<\/p>\n<p><img loading=\"lazy\" decoding=\"async\" class=\"alignnone size-full wp-image-97319\" src=\"https:\/\/www.yucatanencorto.com\/noticias\/wp-content\/uploads\/2023\/03\/WhatsApp-Image-2023-03-27-at-3.44.06-PM-2-scaled.jpeg\" alt=\"\" width=\"768\" height=\"512\" srcset=\"https:\/\/www.yucatanencorto.com\/noticias\/wp-content\/uploads\/2023\/03\/WhatsApp-Image-2023-03-27-at-3.44.06-PM-2-scaled.jpeg 768w, https:\/\/www.yucatanencorto.com\/noticias\/wp-content\/uploads\/2023\/03\/WhatsApp-Image-2023-03-27-at-3.44.06-PM-2-1536x1023.jpeg 1536w, https:\/\/www.yucatanencorto.com\/noticias\/wp-content\/uploads\/2023\/03\/WhatsApp-Image-2023-03-27-at-3.44.06-PM-2-696x464.jpeg 696w, https:\/\/www.yucatanencorto.com\/noticias\/wp-content\/uploads\/2023\/03\/WhatsApp-Image-2023-03-27-at-3.44.06-PM-2-1068x712.jpeg 1068w, https:\/\/www.yucatanencorto.com\/noticias\/wp-content\/uploads\/2023\/03\/WhatsApp-Image-2023-03-27-at-3.44.06-PM-2-630x420.jpeg 630w\" sizes=\"auto, (max-width: 768px) 100vw, 768px\" \/>\u201cEl apoyo a la educaci\u00f3n en Kanas\u00edn estuvo un poco rezagada en los \u00faltimos a\u00f1os, pero estamos dando pasos importantes y acelerados para que los ni\u00f1os y j\u00f3venes cuenten con las mejores herramientas de aprendizaje. Y este tipo de estrategias que realiza el Gobierno del Estado, a trav\u00e9s de la SEGEY, y en las cuales participamos como Ayuntamiento, nos ayudan a otorgar una educaci\u00f3n de calidad y con igualdad de condiciones a los estudiantes, de manera que tengan mejores oportunidades de desarrollo profesional\u201d, recalc\u00f3 el primer edil Edwin Boj\u00f3rquez.<\/p>\n<p>Cada actividad se hace pensando no solo en fomentar la activaci\u00f3n f\u00edsica, tambi\u00e9n en incrementar la convivencia familiar en el entorno escolar; es por ese motivo que para el programa es requerida la participaci\u00f3n de los docentes, alumnos y padres de familia\u201d, dijo.<\/p>\n<p>\u201cNosotros enviamos a nuestros hijos para que aprendan y tengan m\u00e1s conocimientos en su educaci\u00f3n, pero es cierto que es importante que participen y se desarrollen en otros \u00e1mbitos. Tenemos ejemplos de deportistas yucatecos que han sobresalido, quienes desde peque\u00f1os tuvieron el acercamiento con su disciplina. Aqu\u00ed hoy participaron los ni\u00f1os en el arte, deporte y cuidado del medio ambiente. En verdad que estas acciones se aplauden\u201d, mencion\u00f3 Alejandra Sosa, madre de familia que estuvo presente en estas actividades.<\/p>\n<p><img loading=\"lazy\" decoding=\"async\" class=\"alignnone size-full wp-image-97320\" src=\"https:\/\/www.yucatanencorto.com\/noticias\/wp-content\/uploads\/2023\/03\/WhatsApp-Image-2023-03-27-at-3.44.06-PM-3-scaled.jpeg\" alt=\"\" width=\"768\" height=\"512\" srcset=\"https:\/\/www.yucatanencorto.com\/noticias\/wp-content\/uploads\/2023\/03\/WhatsApp-Image-2023-03-27-at-3.44.06-PM-3-scaled.jpeg 768w, https:\/\/www.yucatanencorto.com\/noticias\/wp-content\/uploads\/2023\/03\/WhatsApp-Image-2023-03-27-at-3.44.06-PM-3-1536x1023.jpeg 1536w, https:\/\/www.yucatanencorto.com\/noticias\/wp-content\/uploads\/2023\/03\/WhatsApp-Image-2023-03-27-at-3.44.06-PM-3-696x464.jpeg 696w, https:\/\/www.yucatanencorto.com\/noticias\/wp-content\/uploads\/2023\/03\/WhatsApp-Image-2023-03-27-at-3.44.06-PM-3-1068x712.jpeg 1068w, https:\/\/www.yucatanencorto.com\/noticias\/wp-content\/uploads\/2023\/03\/WhatsApp-Image-2023-03-27-at-3.44.06-PM-3-630x420.jpeg 630w\" sizes=\"auto, (max-width: 768px) 100vw, 768px\" \/>Kanas\u00edn contin\u00faa transform\u00e1ndose y dando grandes pasos para un cambio verdadero en el municipio, por lo que la labor que se realiza en cada escuela, junto a maestros y padres de familia, es de vital importancia en este proceso, que es parte integral del desarrollo que las ni\u00f1as y los ni\u00f1os requieren y necesitan.<\/p>\n<p>Las actividades que se realizaron en la escuela primaria consistieron en actividad f\u00edsica a cargo del maestro de educaci\u00f3n f\u00edsica, Aar\u00f3n Bat\u00fan, en conjunto con los padres de familia, cuenta cuentos a cargo del narrador, Freddy Garc\u00eda, una obra de teatro titulada \u201cFiesta Sorpresa\u201d, lectura de un peque\u00f1o fragmento de un libro, que estuvo a cargo de dos padres de familia.<\/p>\n<p><img loading=\"lazy\" decoding=\"async\" class=\"alignnone size-full wp-image-97322\" src=\"https:\/\/www.yucatanencorto.com\/noticias\/wp-content\/uploads\/2023\/03\/WhatsApp-Image-2023-03-27-at-3.44.06-PM-scaled.jpeg\" alt=\"\" width=\"768\" height=\"512\" srcset=\"https:\/\/www.yucatanencorto.com\/noticias\/wp-content\/uploads\/2023\/03\/WhatsApp-Image-2023-03-27-at-3.44.06-PM-scaled.jpeg 768w, https:\/\/www.yucatanencorto.com\/noticias\/wp-content\/uploads\/2023\/03\/WhatsApp-Image-2023-03-27-at-3.44.06-PM-1536x1023.jpeg 1536w, https:\/\/www.yucatanencorto.com\/noticias\/wp-content\/uploads\/2023\/03\/WhatsApp-Image-2023-03-27-at-3.44.06-PM-696x464.jpeg 696w, https:\/\/www.yucatanencorto.com\/noticias\/wp-content\/uploads\/2023\/03\/WhatsApp-Image-2023-03-27-at-3.44.06-PM-1068x712.jpeg 1068w, https:\/\/www.yucatanencorto.com\/noticias\/wp-content\/uploads\/2023\/03\/WhatsApp-Image-2023-03-27-at-3.44.06-PM-630x420.jpeg 630w\" sizes=\"auto, (max-width: 768px) 100vw, 768px\" \/>Durante el evento se realiz\u00f3 la entrega del reconocimiento de \u201cYucateco distinguido\u201d a la Licenciada, Priscila Herrera Rosales y al Maestro, Augusto Alcocer Gonz\u00e1lez.<\/p>\n<p>A este evento estuvieron como invitados, la Maestra, Linda Basto, directora general de educaci\u00f3n b\u00e1sica; el Maestro Carlos Zapata, Jefe del sector 2 de Educaci\u00f3n Primaria; la Doctora Kenia Suaste, Supervisora de la Zona Escolar 037; Miguel \u00c1ngel Ram\u00edrez, Director de Educaci\u00f3n de Kanas\u00edn; el Regidor de Educaci\u00f3n, Aar\u00f3n Sol\u00eds Herrera y la Diputada del VI distrito local, Manuela Cocom Bolio.<\/p>\n","protected":false},"excerpt":{"rendered":"<p>Kanas\u00edn, Yucat\u00e1n a 27 de marzo de 2023.- Desde el Ayuntamiento de Kanas\u00edn se trabaja en dar impulso a la educaci\u00f3n, por lo que es un tema que se ha convertido en prioridad para el alcalde Edwin Boj\u00f3rquez Ram\u00edrez. \u201cLa educaci\u00f3n es una parte fundamental para el desarrollo de las familias y tambi\u00e9n de toda [&hellip;]<\/p>\n","protected":false},"author":2,"featured_media":97322,"comment_status":"closed","ping_status":"closed","sticky":false,"template":"","format":"standard","meta":{"footnotes":""},"categories":[3],"tags":[],"class_list":{"0":"post-97317","1":"post","2":"type-post","3":"status-publish","4":"format-standard","5":"has-post-thumbnail","7":"category-yucatan"},"yoast_head":"<!-- This site is optimized with the Yoast SEO plugin v27.4 - https:\/\/yoast.com\/product\/yoast-seo-wordpress\/ -->\n<title>Impulsan la educaci\u00f3n desde una visi\u00f3n integral en Kanas\u00edn - Yucat\u00e1n en corto<\/title>\n<meta name=\"robots\" content=\"index, follow, max-snippet:-1, max-image-preview:large, max-video-preview:-1\" \/>\n<link rel=\"canonical\" href=\"https:\/\/www.yucatanencorto.com\/noticias\/impulsan-la-educacion-desde-una-vision-integral-en-kanasin\/\" \/>\n<meta property=\"og:locale\" content=\"es_ES\" \/>\n<meta property=\"og:type\" content=\"article\" \/>\n<meta property=\"og:title\" content=\"Impulsan la educaci\u00f3n desde una visi\u00f3n integral en Kanas\u00edn - Yucat\u00e1n en corto\" \/>\n<meta property=\"og:description\" content=\"Kanas\u00edn, Yucat\u00e1n a 27 de marzo de 2023.- Desde el Ayuntamiento de Kanas\u00edn se trabaja en dar impulso a la educaci\u00f3n, por lo que es un tema que se ha convertido en prioridad para el alcalde Edwin Boj\u00f3rquez Ram\u00edrez. \u201cLa educaci\u00f3n es una parte fundamental para el desarrollo de las familias y tambi\u00e9n de toda [&hellip;]\" \/>\n<meta property=\"og:url\" content=\"https:\/\/www.yucatanencorto.com\/noticias\/impulsan-la-educacion-desde-una-vision-integral-en-kanasin\/\" \/>\n<meta property=\"og:site_name\" content=\"Yucat\u00e1n en corto\" \/>\n<meta property=\"article:publisher\" content=\"http:\/\/www.facebook.com\/yucatanencorto\" \/>\n<meta property=\"article:published_time\" content=\"2023-03-27T21:59:22+00:00\" \/>\n<meta property=\"og:image\" content=\"https:\/\/www.yucatanencorto.com\/noticias\/wp-content\/uploads\/2023\/03\/WhatsApp-Image-2023-03-27-at-3.44.06-PM-scaled.jpeg\" \/>\n\t<meta property=\"og:image:width\" content=\"768\" \/>\n\t<meta property=\"og:image:height\" content=\"512\" \/>\n\t<meta property=\"og:image:type\" content=\"image\/jpeg\" \/>\n<meta name=\"author\" content=\"Yucat\u00e1n en Corto FC\" \/>\n<meta name=\"twitter:card\" content=\"summary_large_image\" \/>\n<meta name=\"twitter:creator\" content=\"@yucatanencorto\" \/>\n<meta name=\"twitter:site\" content=\"@yucatanencorto\" \/>\n<meta name=\"twitter:label1\" content=\"Escrito por\" \/>\n\t<meta name=\"twitter:data1\" content=\"Yucat\u00e1n en Corto FC\" \/>\n\t<meta name=\"twitter:label2\" content=\"Tiempo de lectura\" \/>\n\t<meta name=\"twitter:data2\" content=\"4 minutos\" \/>\n<script type=\"application\/ld+json\" class=\"yoast-schema-graph\">{\"@context\":\"https:\\\/\\\/schema.org\",\"@graph\":[{\"@type\":\"Article\",\"@id\":\"https:\\\/\\\/www.yucatanencorto.com\\\/noticias\\\/impulsan-la-educacion-desde-una-vision-integral-en-kanasin\\\/#article\",\"isPartOf\":{\"@id\":\"https:\\\/\\\/www.yucatanencorto.com\\\/noticias\\\/impulsan-la-educacion-desde-una-vision-integral-en-kanasin\\\/\"},\"author\":{\"name\":\"Yucat\u00e1n en Corto FC\",\"@id\":\"https:\\\/\\\/www.yucatanencorto.com\\\/noticias\\\/#\\\/schema\\\/person\\\/14f82d355225a1f4075dd84a31f45a72\"},\"headline\":\"Impulsan la educaci\u00f3n desde una visi\u00f3n integral en Kanas\u00edn\",\"datePublished\":\"2023-03-27T21:59:22+00:00\",\"mainEntityOfPage\":{\"@id\":\"https:\\\/\\\/www.yucatanencorto.com\\\/noticias\\\/impulsan-la-educacion-desde-una-vision-integral-en-kanasin\\\/\"},\"wordCount\":629,\"image\":{\"@id\":\"https:\\\/\\\/www.yucatanencorto.com\\\/noticias\\\/impulsan-la-educacion-desde-una-vision-integral-en-kanasin\\\/#primaryimage\"},\"thumbnailUrl\":\"https:\\\/\\\/www.yucatanencorto.com\\\/noticias\\\/wp-content\\\/uploads\\\/2023\\\/03\\\/WhatsApp-Image-2023-03-27-at-3.44.06-PM-scaled.jpeg\",\"articleSection\":[\"Yucat\u00e1n\"],\"inLanguage\":\"es\"},{\"@type\":\"WebPage\",\"@id\":\"https:\\\/\\\/www.yucatanencorto.com\\\/noticias\\\/impulsan-la-educacion-desde-una-vision-integral-en-kanasin\\\/\",\"url\":\"https:\\\/\\\/www.yucatanencorto.com\\\/noticias\\\/impulsan-la-educacion-desde-una-vision-integral-en-kanasin\\\/\",\"name\":\"Impulsan la educaci\u00f3n desde una visi\u00f3n integral en Kanas\u00edn - Yucat\u00e1n en corto\",\"isPartOf\":{\"@id\":\"https:\\\/\\\/www.yucatanencorto.com\\\/noticias\\\/#website\"},\"primaryImageOfPage\":{\"@id\":\"https:\\\/\\\/www.yucatanencorto.com\\\/noticias\\\/impulsan-la-educacion-desde-una-vision-integral-en-kanasin\\\/#primaryimage\"},\"image\":{\"@id\":\"https:\\\/\\\/www.yucatanencorto.com\\\/noticias\\\/impulsan-la-educacion-desde-una-vision-integral-en-kanasin\\\/#primaryimage\"},\"thumbnailUrl\":\"https:\\\/\\\/www.yucatanencorto.com\\\/noticias\\\/wp-content\\\/uploads\\\/2023\\\/03\\\/WhatsApp-Image-2023-03-27-at-3.44.06-PM-scaled.jpeg\",\"datePublished\":\"2023-03-27T21:59:22+00:00\",\"author\":{\"@id\":\"https:\\\/\\\/www.yucatanencorto.com\\\/noticias\\\/#\\\/schema\\\/person\\\/14f82d355225a1f4075dd84a31f45a72\"},\"breadcrumb\":{\"@id\":\"https:\\\/\\\/www.yucatanencorto.com\\\/noticias\\\/impulsan-la-educacion-desde-una-vision-integral-en-kanasin\\\/#breadcrumb\"},\"inLanguage\":\"es\",\"potentialAction\":[{\"@type\":\"ReadAction\",\"target\":[\"https:\\\/\\\/www.yucatanencorto.com\\\/noticias\\\/impulsan-la-educacion-desde-una-vision-integral-en-kanasin\\\/\"]}]},{\"@type\":\"ImageObject\",\"inLanguage\":\"es\",\"@id\":\"https:\\\/\\\/www.yucatanencorto.com\\\/noticias\\\/impulsan-la-educacion-desde-una-vision-integral-en-kanasin\\\/#primaryimage\",\"url\":\"https:\\\/\\\/www.yucatanencorto.com\\\/noticias\\\/wp-content\\\/uploads\\\/2023\\\/03\\\/WhatsApp-Image-2023-03-27-at-3.44.06-PM-scaled.jpeg\",\"contentUrl\":\"https:\\\/\\\/www.yucatanencorto.com\\\/noticias\\\/wp-content\\\/uploads\\\/2023\\\/03\\\/WhatsApp-Image-2023-03-27-at-3.44.06-PM-scaled.jpeg\",\"width\":768,\"height\":512},{\"@type\":\"BreadcrumbList\",\"@id\":\"https:\\\/\\\/www.yucatanencorto.com\\\/noticias\\\/impulsan-la-educacion-desde-una-vision-integral-en-kanasin\\\/#breadcrumb\",\"itemListElement\":[{\"@type\":\"ListItem\",\"position\":1,\"name\":\"Portada\",\"item\":\"https:\\\/\\\/www.yucatanencorto.com\\\/noticias\\\/\"},{\"@type\":\"ListItem\",\"position\":2,\"name\":\"Impulsan la educaci\u00f3n desde una visi\u00f3n integral en Kanas\u00edn\"}]},{\"@type\":\"WebSite\",\"@id\":\"https:\\\/\\\/www.yucatanencorto.com\\\/noticias\\\/#website\",\"url\":\"https:\\\/\\\/www.yucatanencorto.com\\\/noticias\\\/\",\"name\":\"Yucat\u00e1n en corto\",\"description\":\"Noticias\",\"potentialAction\":[{\"@type\":\"SearchAction\",\"target\":{\"@type\":\"EntryPoint\",\"urlTemplate\":\"https:\\\/\\\/www.yucatanencorto.com\\\/noticias\\\/?s={search_term_string}\"},\"query-input\":{\"@type\":\"PropertyValueSpecification\",\"valueRequired\":true,\"valueName\":\"search_term_string\"}}],\"inLanguage\":\"es\"},{\"@type\":\"Person\",\"@id\":\"https:\\\/\\\/www.yucatanencorto.com\\\/noticias\\\/#\\\/schema\\\/person\\\/14f82d355225a1f4075dd84a31f45a72\",\"name\":\"Yucat\u00e1n en Corto FC\",\"image\":{\"@type\":\"ImageObject\",\"inLanguage\":\"es\",\"@id\":\"https:\\\/\\\/secure.gravatar.com\\\/avatar\\\/147d4b30cd728c53c29c49a3f7834dedca33707f4cd259761355846009a88250?s=96&d=mm&r=g\",\"url\":\"https:\\\/\\\/secure.gravatar.com\\\/avatar\\\/147d4b30cd728c53c29c49a3f7834dedca33707f4cd259761355846009a88250?s=96&d=mm&r=g\",\"contentUrl\":\"https:\\\/\\\/secure.gravatar.com\\\/avatar\\\/147d4b30cd728c53c29c49a3f7834dedca33707f4cd259761355846009a88250?s=96&d=mm&r=g\",\"caption\":\"Yucat\u00e1n en Corto FC\"},\"url\":\"https:\\\/\\\/www.yucatanencorto.com\\\/noticias\\\/author\\\/flor\\\/\"}]}<\/script>\n<!-- \/ Yoast SEO plugin. -->","yoast_head_json":{"title":"Impulsan la educaci\u00f3n desde una visi\u00f3n integral en Kanas\u00edn - Yucat\u00e1n en corto","robots":{"index":"index","follow":"follow","max-snippet":"max-snippet:-1","max-image-preview":"max-image-preview:large","max-video-preview":"max-video-preview:-1"},"canonical":"https:\/\/www.yucatanencorto.com\/noticias\/impulsan-la-educacion-desde-una-vision-integral-en-kanasin\/","og_locale":"es_ES","og_type":"article","og_title":"Impulsan la educaci\u00f3n desde una visi\u00f3n integral en Kanas\u00edn - Yucat\u00e1n en corto","og_description":"Kanas\u00edn, Yucat\u00e1n a 27 de marzo de 2023.- Desde el Ayuntamiento de Kanas\u00edn se trabaja en dar impulso a la educaci\u00f3n, por lo que es un tema que se ha convertido en prioridad para el alcalde Edwin Boj\u00f3rquez Ram\u00edrez. \u201cLa educaci\u00f3n es una parte fundamental para el desarrollo de las familias y tambi\u00e9n de toda [&hellip;]","og_url":"https:\/\/www.yucatanencorto.com\/noticias\/impulsan-la-educacion-desde-una-vision-integral-en-kanasin\/","og_site_name":"Yucat\u00e1n en corto","article_publisher":"http:\/\/www.facebook.com\/yucatanencorto","article_published_time":"2023-03-27T21:59:22+00:00","og_image":[{"width":768,"height":512,"url":"https:\/\/www.yucatanencorto.com\/noticias\/wp-content\/uploads\/2023\/03\/WhatsApp-Image-2023-03-27-at-3.44.06-PM-scaled.jpeg","type":"image\/jpeg"}],"author":"Yucat\u00e1n en Corto FC","twitter_card":"summary_large_image","twitter_creator":"@yucatanencorto","twitter_site":"@yucatanencorto","twitter_misc":{"Escrito por":"Yucat\u00e1n en Corto FC","Tiempo de lectura":"4 minutos"},"schema":{"@context":"https:\/\/schema.org","@graph":[{"@type":"Article","@id":"https:\/\/www.yucatanencorto.com\/noticias\/impulsan-la-educacion-desde-una-vision-integral-en-kanasin\/#article","isPartOf":{"@id":"https:\/\/www.yucatanencorto.com\/noticias\/impulsan-la-educacion-desde-una-vision-integral-en-kanasin\/"},"author":{"name":"Yucat\u00e1n en Corto FC","@id":"https:\/\/www.yucatanencorto.com\/noticias\/#\/schema\/person\/14f82d355225a1f4075dd84a31f45a72"},"headline":"Impulsan la educaci\u00f3n desde una visi\u00f3n integral en Kanas\u00edn","datePublished":"2023-03-27T21:59:22+00:00","mainEntityOfPage":{"@id":"https:\/\/www.yucatanencorto.com\/noticias\/impulsan-la-educacion-desde-una-vision-integral-en-kanasin\/"},"wordCount":629,"image":{"@id":"https:\/\/www.yucatanencorto.com\/noticias\/impulsan-la-educacion-desde-una-vision-integral-en-kanasin\/#primaryimage"},"thumbnailUrl":"https:\/\/www.yucatanencorto.com\/noticias\/wp-content\/uploads\/2023\/03\/WhatsApp-Image-2023-03-27-at-3.44.06-PM-scaled.jpeg","articleSection":["Yucat\u00e1n"],"inLanguage":"es"},{"@type":"WebPage","@id":"https:\/\/www.yucatanencorto.com\/noticias\/impulsan-la-educacion-desde-una-vision-integral-en-kanasin\/","url":"https:\/\/www.yucatanencorto.com\/noticias\/impulsan-la-educacion-desde-una-vision-integral-en-kanasin\/","name":"Impulsan la educaci\u00f3n desde una visi\u00f3n integral en Kanas\u00edn - Yucat\u00e1n en corto","isPartOf":{"@id":"https:\/\/www.yucatanencorto.com\/noticias\/#website"},"primaryImageOfPage":{"@id":"https:\/\/www.yucatanencorto.com\/noticias\/impulsan-la-educacion-desde-una-vision-integral-en-kanasin\/#primaryimage"},"image":{"@id":"https:\/\/www.yucatanencorto.com\/noticias\/impulsan-la-educacion-desde-una-vision-integral-en-kanasin\/#primaryimage"},"thumbnailUrl":"https:\/\/www.yucatanencorto.com\/noticias\/wp-content\/uploads\/2023\/03\/WhatsApp-Image-2023-03-27-at-3.44.06-PM-scaled.jpeg","datePublished":"2023-03-27T21:59:22+00:00","author":{"@id":"https:\/\/www.yucatanencorto.com\/noticias\/#\/schema\/person\/14f82d355225a1f4075dd84a31f45a72"},"breadcrumb":{"@id":"https:\/\/www.yucatanencorto.com\/noticias\/impulsan-la-educacion-desde-una-vision-integral-en-kanasin\/#breadcrumb"},"inLanguage":"es","potentialAction":[{"@type":"ReadAction","target":["https:\/\/www.yucatanencorto.com\/noticias\/impulsan-la-educacion-desde-una-vision-integral-en-kanasin\/"]}]},{"@type":"ImageObject","inLanguage":"es","@id":"https:\/\/www.yucatanencorto.com\/noticias\/impulsan-la-educacion-desde-una-vision-integral-en-kanasin\/#primaryimage","url":"https:\/\/www.yucatanencorto.com\/noticias\/wp-content\/uploads\/2023\/03\/WhatsApp-Image-2023-03-27-at-3.44.06-PM-scaled.jpeg","contentUrl":"https:\/\/www.yucatanencorto.com\/noticias\/wp-content\/uploads\/2023\/03\/WhatsApp-Image-2023-03-27-at-3.44.06-PM-scaled.jpeg","width":768,"height":512},{"@type":"BreadcrumbList","@id":"https:\/\/www.yucatanencorto.com\/noticias\/impulsan-la-educacion-desde-una-vision-integral-en-kanasin\/#breadcrumb","itemListElement":[{"@type":"ListItem","position":1,"name":"Portada","item":"https:\/\/www.yucatanencorto.com\/noticias\/"},{"@type":"ListItem","position":2,"name":"Impulsan la educaci\u00f3n desde una visi\u00f3n integral en Kanas\u00edn"}]},{"@type":"WebSite","@id":"https:\/\/www.yucatanencorto.com\/noticias\/#website","url":"https:\/\/www.yucatanencorto.com\/noticias\/","name":"Yucat\u00e1n en corto","description":"Noticias","potentialAction":[{"@type":"SearchAction","target":{"@type":"EntryPoint","urlTemplate":"https:\/\/www.yucatanencorto.com\/noticias\/?s={search_term_string}"},"query-input":{"@type":"PropertyValueSpecification","valueRequired":true,"valueName":"search_term_string"}}],"inLanguage":"es"},{"@type":"Person","@id":"https:\/\/www.yucatanencorto.com\/noticias\/#\/schema\/person\/14f82d355225a1f4075dd84a31f45a72","name":"Yucat\u00e1n en Corto FC","image":{"@type":"ImageObject","inLanguage":"es","@id":"https:\/\/secure.gravatar.com\/avatar\/147d4b30cd728c53c29c49a3f7834dedca33707f4cd259761355846009a88250?s=96&d=mm&r=g","url":"https:\/\/secure.gravatar.com\/avatar\/147d4b30cd728c53c29c49a3f7834dedca33707f4cd259761355846009a88250?s=96&d=mm&r=g","contentUrl":"https:\/\/secure.gravatar.com\/avatar\/147d4b30cd728c53c29c49a3f7834dedca33707f4cd259761355846009a88250?s=96&d=mm&r=g","caption":"Yucat\u00e1n en Corto FC"},"url":"https:\/\/www.yucatanencorto.com\/noticias\/author\/flor\/"}]}},"_links":{"self":[{"href":"https:\/\/www.yucatanencorto.com\/noticias\/wp-json\/wp\/v2\/posts\/97317","targetHints":{"allow":["GET"]}}],"collection":[{"href":"https:\/\/www.yucatanencorto.com\/noticias\/wp-json\/wp\/v2\/posts"}],"about":[{"href":"https:\/\/www.yucatanencorto.com\/noticias\/wp-json\/wp\/v2\/types\/post"}],"author":[{"embeddable":true,"href":"https:\/\/www.yucatanencorto.com\/noticias\/wp-json\/wp\/v2\/users\/2"}],"replies":[{"embeddable":true,"href":"https:\/\/www.yucatanencorto.com\/noticias\/wp-json\/wp\/v2\/comments?post=97317"}],"version-history":[{"count":0,"href":"https:\/\/www.yucatanencorto.com\/noticias\/wp-json\/wp\/v2\/posts\/97317\/revisions"}],"wp:featuredmedia":[{"embeddable":true,"href":"https:\/\/www.yucatanencorto.com\/noticias\/wp-json\/wp\/v2\/media\/97322"}],"wp:attachment":[{"href":"https:\/\/www.yucatanencorto.com\/noticias\/wp-json\/wp\/v2\/media?parent=97317"}],"wp:term":[{"taxonomy":"category","embeddable":true,"href":"https:\/\/www.yucatanencorto.com\/noticias\/wp-json\/wp\/v2\/categories?post=97317"},{"taxonomy":"post_tag","embeddable":true,"href":"https:\/\/www.yucatanencorto.com\/noticias\/wp-json\/wp\/v2\/tags?post=97317"}],"curies":[{"name":"wp","href":"https:\/\/api.w.org\/{rel}","templated":true}]}}