{"id":97325,"date":"2023-03-27T17:11:10","date_gmt":"2023-03-27T23:11:10","guid":{"rendered":"https:\/\/www.yucatanencorto.com\/noticias\/?p=97325"},"modified":"2023-03-27T17:11:10","modified_gmt":"2023-03-27T23:11:10","slug":"continuan-con-el-programa-ayuntamiento-en-mi-universidad","status":"publish","type":"post","link":"https:\/\/www.yucatanencorto.com\/noticias\/continuan-con-el-programa-ayuntamiento-en-mi-universidad\/","title":{"rendered":"Contin\u00faan con el programa \u201cAyuntamiento en mi universidad\u201d"},"content":{"rendered":"<p><img loading=\"lazy\" decoding=\"async\" class=\"alignnone size-full wp-image-97326\" src=\"https:\/\/www.yucatanencorto.com\/noticias\/wp-content\/uploads\/2023\/03\/WhatsApp-Image-2023-03-27-at-4.49.52-PM-2-scaled.jpeg\" alt=\"\" width=\"768\" height=\"512\" srcset=\"https:\/\/www.yucatanencorto.com\/noticias\/wp-content\/uploads\/2023\/03\/WhatsApp-Image-2023-03-27-at-4.49.52-PM-2-scaled.jpeg 768w, https:\/\/www.yucatanencorto.com\/noticias\/wp-content\/uploads\/2023\/03\/WhatsApp-Image-2023-03-27-at-4.49.52-PM-2-696x464.jpeg 696w, https:\/\/www.yucatanencorto.com\/noticias\/wp-content\/uploads\/2023\/03\/WhatsApp-Image-2023-03-27-at-4.49.52-PM-2-1068x712.jpeg 1068w, https:\/\/www.yucatanencorto.com\/noticias\/wp-content\/uploads\/2023\/03\/WhatsApp-Image-2023-03-27-at-4.49.52-PM-2-630x420.jpeg 630w\" sizes=\"auto, (max-width: 768px) 100vw, 768px\" \/><\/p>\n<p>&nbsp;<\/p>\n<p><span style=\"font-weight: 400;\">M\u00e9rida, Yucat\u00e1n a 27 de marzo de 2023.- Con el objetivo de presentar los programas del Ayuntamiento enfocados a la juventud, el Alcalde Ren\u00e1n Barrera Concha realiz\u00f3 una nueva edici\u00f3n del programa \u201cAyuntamiento en mi Universidad\u201d donde se ofrecieron herramientas \u00fatiles para la formaci\u00f3n profesional de las y los estudiantes.<\/span><\/p>\n<p>&nbsp;<\/p>\n<p><span style=\"font-weight: 400;\">En esta ocasi\u00f3n, el Presidente Municipal acudi\u00f3 a la Escuela Bancaria y Comercial, (EBC), campus M\u00e9rida, donde se\u00f1al\u00f3 que este tipo de mecanismos de participaci\u00f3n juvenil ayudan a que todas y todos puedan tener las mismas oportunidades y como consecuencia se tenga un crecimiento equitativo en su vida profesional y personal.<\/span><\/p>\n<p>&nbsp;<\/p>\n<p><span style=\"font-weight: 400;\">\u201cComo Ayuntamiento siempre buscamos estar vinculados con el sector juvenil para que sientan nuestro apoyo con acciones que les puedan ser \u00fatiles, como herramientas en su formaci\u00f3n profesional, porque a trav\u00e9s de estos mecanismos estamos poniendo nuestro granito de arena para que su crecimiento sea parejo\u201d, dijo.<\/span><\/p>\n<p><img loading=\"lazy\" decoding=\"async\" class=\"alignnone size-full wp-image-97327\" src=\"https:\/\/www.yucatanencorto.com\/noticias\/wp-content\/uploads\/2023\/03\/WhatsApp-Image-2023-03-27-at-4.49.52-PM-scaled.jpeg\" alt=\"\" width=\"768\" height=\"512\" srcset=\"https:\/\/www.yucatanencorto.com\/noticias\/wp-content\/uploads\/2023\/03\/WhatsApp-Image-2023-03-27-at-4.49.52-PM-scaled.jpeg 768w, https:\/\/www.yucatanencorto.com\/noticias\/wp-content\/uploads\/2023\/03\/WhatsApp-Image-2023-03-27-at-4.49.52-PM-696x464.jpeg 696w, https:\/\/www.yucatanencorto.com\/noticias\/wp-content\/uploads\/2023\/03\/WhatsApp-Image-2023-03-27-at-4.49.52-PM-1068x712.jpeg 1068w, https:\/\/www.yucatanencorto.com\/noticias\/wp-content\/uploads\/2023\/03\/WhatsApp-Image-2023-03-27-at-4.49.52-PM-630x420.jpeg 630w\" sizes=\"auto, (max-width: 768px) 100vw, 768px\" \/><\/p>\n<p><span style=\"font-weight: 400;\">En ese sentido, las y los estudiantes indicaron que el hecho de informar el quehacer del Ayuntamiento a las y los j\u00f3venes de las universidades es una muestra de que M\u00e9rida cuenta con un Alcalde transparente y cercano, pero sobre todo preocupado por el sector juvenil.<\/span><\/p>\n<p>&nbsp;<\/p>\n<p><span style=\"font-weight: 400;\">\u201cMe parece un programa muy interesante porque hab\u00eda muchas cosas que desconoc\u00eda que realizaba el Ayuntamiento, pero gracias a que se implement\u00f3 en nuestra escuela tuve la oportunidad de darme cuenta que se est\u00e1n realizando diferentes programas dirigidos a los j\u00f3venes, entre ellos el de la sustentabilidad que es el que m\u00e1s me interesa\u201d, platic\u00f3 Sherly Fern\u00e1ndez Heredia.<\/span><\/p>\n<p>&nbsp;<\/p>\n<p><span style=\"font-weight: 400;\">\u201cNos da la oportunidad de tener un acercamiento con el Alcalde y su gabinete a la par de que nos ayuda a participar y seguir creciendo como sociedad. Fue una ponencia muy cercana y trasparente que nos permiti\u00f3 conocer lo que est\u00e1 haciendo nuestro Ayuntamiento y c\u00f3mo nosotros podemos aportar\u201d, expres\u00f3 Adri\u00e1n Aguilar Aldana<\/span><\/p>\n<p><span style=\"font-weight: 400;\">Por su parte Enrique Lira Arredondo, Director de la EBC Campus M\u00e9rida reconoci\u00f3 la labor del Alcalde Ren\u00e1n Barrera por abrir espacios como \u201cAyuntamiento en mi Universidad\u201d para que las y los estudiantes puedan conocer las acciones emprendidas por el Ayuntamiento en beneficio de la juventud y de toda la ciudadan\u00eda en general.<\/span><\/p>\n<p>&nbsp;<\/p>\n<p><span style=\"font-weight: 400;\">\u201cEstoy muy agradecido de que podamos tener estos espacios donde el gobierno municipal nos da a conocer de manera cercana sobre lo que se est\u00e1 haciendo en toda M\u00e9rida y es fundamental que estemos informados sobre los programas y acciones emprendidas por el Ayuntamiento. Mi reconocimiento a Ren\u00e1n Barrera por esta iniciativa que ser\u00e1 de gran beneficio para el crecimiento de las y los j\u00f3venes universitarios\u201d, indic\u00f3.<\/span><\/p>\n<p><img loading=\"lazy\" decoding=\"async\" class=\"alignnone size-full wp-image-97328\" src=\"https:\/\/www.yucatanencorto.com\/noticias\/wp-content\/uploads\/2023\/03\/WhatsApp-Image-2023-03-27-at-4.49.52-PM-1-scaled.jpeg\" alt=\"\" width=\"768\" height=\"512\" srcset=\"https:\/\/www.yucatanencorto.com\/noticias\/wp-content\/uploads\/2023\/03\/WhatsApp-Image-2023-03-27-at-4.49.52-PM-1-scaled.jpeg 768w, https:\/\/www.yucatanencorto.com\/noticias\/wp-content\/uploads\/2023\/03\/WhatsApp-Image-2023-03-27-at-4.49.52-PM-1-696x464.jpeg 696w, https:\/\/www.yucatanencorto.com\/noticias\/wp-content\/uploads\/2023\/03\/WhatsApp-Image-2023-03-27-at-4.49.52-PM-1-1068x712.jpeg 1068w, https:\/\/www.yucatanencorto.com\/noticias\/wp-content\/uploads\/2023\/03\/WhatsApp-Image-2023-03-27-at-4.49.52-PM-1-630x420.jpeg 630w\" sizes=\"auto, (max-width: 768px) 100vw, 768px\" \/><\/p>\n<p><span style=\"font-weight: 400;\">As\u00ed mismo el alcalde\u00a0 expuso ante los j\u00f3venes los resultadosque han tenido los programas \u201cVer por M\u00e9rida en tu Universidad\u201d, \u201cComputadora en Casa\u201d, \u201cBolsa de Trabajo Juvenil\u201d, \u201cMega Puntos Verdes\u201d, \u201cSe parte de los 100\u201d y \u201cMicromer\u201d, as\u00ed como las acciones municipales en materia deportiva, cultural, obra p\u00fablica y seguridad.\u00a0<\/span><\/p>\n<p>&nbsp;<\/p>\n<p><span style=\"font-weight: 400;\">Al concluir la presentaci\u00f3n, el Alcalde, junto con las autoridades municipales y universitarias realiz\u00f3 un recorrido por los stands del Ayuntamiento que se encontraban instalados en los pasillos de la universidad.<\/span><\/p>\n<p>&nbsp;<\/p>\n<p><span style=\"font-weight: 400;\">Las direcciones y departamentos participantes fueron J\u00f3venes por M\u00e9rida, Subdirecci\u00f3n de Salud, Instituto de la Mujer, Unidad de Desarrollo Sustentable, Cultura, Desarrollo Econ\u00f3mico y Turismo, Unidad de Contralor\u00eda Municipal, Secretar\u00eda de Participaci\u00f3n Ciudadana y Desarrollo Social.<\/span><\/p>\n<p>&nbsp;<\/p>\n<p><span style=\"font-weight: 400;\">Al evento tambi\u00e9n acudieron Rafael Rodr\u00edguez M\u00e9ndez, regidor presidente de la Comisi\u00f3n de Juventud, Deportes y Educaci\u00f3n; Julio Sauma Castillo, secretario de Participaci\u00f3n Ciudadana; los directores Alejandra Bolio Rojas, de la Unidad de Desarrollo Sustentable; Mar\u00eda Jos\u00e9 C\u00e1ceres Delgado, de Desarrollo Social e Ildefonso Machado Dom\u00ednguez, de Salud y Bienestar Social, y Jaime Alfonso Lira Astorga, jefe de administraci\u00f3n de la EBC Campus M\u00e9rida.<\/span><\/p>\n","protected":false},"excerpt":{"rendered":"<p>&nbsp; M\u00e9rida, Yucat\u00e1n a 27 de marzo de 2023.- Con el objetivo de presentar los programas del Ayuntamiento enfocados a la juventud, el Alcalde Ren\u00e1n Barrera Concha realiz\u00f3 una nueva edici\u00f3n del programa \u201cAyuntamiento en mi Universidad\u201d donde se ofrecieron herramientas \u00fatiles para la formaci\u00f3n profesional de las y los estudiantes. &nbsp; En esta ocasi\u00f3n, [&hellip;]<\/p>\n","protected":false},"author":2,"featured_media":97327,"comment_status":"closed","ping_status":"closed","sticky":false,"template":"","format":"standard","meta":{"footnotes":""},"categories":[2],"tags":[],"class_list":{"0":"post-97325","1":"post","2":"type-post","3":"status-publish","4":"format-standard","5":"has-post-thumbnail","7":"category-merida"},"yoast_head":"<!-- This site is optimized with the Yoast SEO plugin v27.4 - https:\/\/yoast.com\/product\/yoast-seo-wordpress\/ -->\n<title>Contin\u00faan con el programa \u201cAyuntamiento en mi universidad\u201d - Yucat\u00e1n en corto<\/title>\n<meta name=\"robots\" content=\"index, follow, max-snippet:-1, max-image-preview:large, max-video-preview:-1\" \/>\n<link rel=\"canonical\" href=\"https:\/\/www.yucatanencorto.com\/noticias\/continuan-con-el-programa-ayuntamiento-en-mi-universidad\/\" \/>\n<meta property=\"og:locale\" content=\"es_ES\" \/>\n<meta property=\"og:type\" content=\"article\" \/>\n<meta property=\"og:title\" content=\"Contin\u00faan con el programa \u201cAyuntamiento en mi universidad\u201d - Yucat\u00e1n en corto\" \/>\n<meta property=\"og:description\" content=\"&nbsp; M\u00e9rida, Yucat\u00e1n a 27 de marzo de 2023.- Con el objetivo de presentar los programas del Ayuntamiento enfocados a la juventud, el Alcalde Ren\u00e1n Barrera Concha realiz\u00f3 una nueva edici\u00f3n del programa \u201cAyuntamiento en mi Universidad\u201d donde se ofrecieron herramientas \u00fatiles para la formaci\u00f3n profesional de las y los estudiantes. &nbsp; En esta ocasi\u00f3n, [&hellip;]\" \/>\n<meta property=\"og:url\" content=\"https:\/\/www.yucatanencorto.com\/noticias\/continuan-con-el-programa-ayuntamiento-en-mi-universidad\/\" \/>\n<meta property=\"og:site_name\" content=\"Yucat\u00e1n en corto\" \/>\n<meta property=\"article:publisher\" content=\"http:\/\/www.facebook.com\/yucatanencorto\" \/>\n<meta property=\"article:published_time\" content=\"2023-03-27T23:11:10+00:00\" \/>\n<meta property=\"og:image\" content=\"https:\/\/www.yucatanencorto.com\/noticias\/wp-content\/uploads\/2023\/03\/WhatsApp-Image-2023-03-27-at-4.49.52-PM-scaled.jpeg\" \/>\n\t<meta property=\"og:image:width\" content=\"768\" \/>\n\t<meta property=\"og:image:height\" content=\"512\" \/>\n\t<meta property=\"og:image:type\" content=\"image\/jpeg\" \/>\n<meta name=\"author\" content=\"Yucat\u00e1n en Corto FC\" \/>\n<meta name=\"twitter:card\" content=\"summary_large_image\" \/>\n<meta name=\"twitter:creator\" content=\"@yucatanencorto\" \/>\n<meta name=\"twitter:site\" content=\"@yucatanencorto\" \/>\n<meta name=\"twitter:label1\" content=\"Escrito por\" \/>\n\t<meta name=\"twitter:data1\" content=\"Yucat\u00e1n en Corto FC\" \/>\n\t<meta name=\"twitter:label2\" content=\"Tiempo de lectura\" \/>\n\t<meta name=\"twitter:data2\" content=\"4 minutos\" \/>\n<script type=\"application\/ld+json\" class=\"yoast-schema-graph\">{\"@context\":\"https:\\\/\\\/schema.org\",\"@graph\":[{\"@type\":\"Article\",\"@id\":\"https:\\\/\\\/www.yucatanencorto.com\\\/noticias\\\/continuan-con-el-programa-ayuntamiento-en-mi-universidad\\\/#article\",\"isPartOf\":{\"@id\":\"https:\\\/\\\/www.yucatanencorto.com\\\/noticias\\\/continuan-con-el-programa-ayuntamiento-en-mi-universidad\\\/\"},\"author\":{\"name\":\"Yucat\u00e1n en Corto FC\",\"@id\":\"https:\\\/\\\/www.yucatanencorto.com\\\/noticias\\\/#\\\/schema\\\/person\\\/14f82d355225a1f4075dd84a31f45a72\"},\"headline\":\"Contin\u00faan con el programa \u201cAyuntamiento en mi universidad\u201d\",\"datePublished\":\"2023-03-27T23:11:10+00:00\",\"mainEntityOfPage\":{\"@id\":\"https:\\\/\\\/www.yucatanencorto.com\\\/noticias\\\/continuan-con-el-programa-ayuntamiento-en-mi-universidad\\\/\"},\"wordCount\":672,\"image\":{\"@id\":\"https:\\\/\\\/www.yucatanencorto.com\\\/noticias\\\/continuan-con-el-programa-ayuntamiento-en-mi-universidad\\\/#primaryimage\"},\"thumbnailUrl\":\"https:\\\/\\\/www.yucatanencorto.com\\\/noticias\\\/wp-content\\\/uploads\\\/2023\\\/03\\\/WhatsApp-Image-2023-03-27-at-4.49.52-PM-scaled.jpeg\",\"articleSection\":[\"M\u00e9rida\"],\"inLanguage\":\"es\"},{\"@type\":\"WebPage\",\"@id\":\"https:\\\/\\\/www.yucatanencorto.com\\\/noticias\\\/continuan-con-el-programa-ayuntamiento-en-mi-universidad\\\/\",\"url\":\"https:\\\/\\\/www.yucatanencorto.com\\\/noticias\\\/continuan-con-el-programa-ayuntamiento-en-mi-universidad\\\/\",\"name\":\"Contin\u00faan con el programa \u201cAyuntamiento en mi universidad\u201d - Yucat\u00e1n en corto\",\"isPartOf\":{\"@id\":\"https:\\\/\\\/www.yucatanencorto.com\\\/noticias\\\/#website\"},\"primaryImageOfPage\":{\"@id\":\"https:\\\/\\\/www.yucatanencorto.com\\\/noticias\\\/continuan-con-el-programa-ayuntamiento-en-mi-universidad\\\/#primaryimage\"},\"image\":{\"@id\":\"https:\\\/\\\/www.yucatanencorto.com\\\/noticias\\\/continuan-con-el-programa-ayuntamiento-en-mi-universidad\\\/#primaryimage\"},\"thumbnailUrl\":\"https:\\\/\\\/www.yucatanencorto.com\\\/noticias\\\/wp-content\\\/uploads\\\/2023\\\/03\\\/WhatsApp-Image-2023-03-27-at-4.49.52-PM-scaled.jpeg\",\"datePublished\":\"2023-03-27T23:11:10+00:00\",\"author\":{\"@id\":\"https:\\\/\\\/www.yucatanencorto.com\\\/noticias\\\/#\\\/schema\\\/person\\\/14f82d355225a1f4075dd84a31f45a72\"},\"breadcrumb\":{\"@id\":\"https:\\\/\\\/www.yucatanencorto.com\\\/noticias\\\/continuan-con-el-programa-ayuntamiento-en-mi-universidad\\\/#breadcrumb\"},\"inLanguage\":\"es\",\"potentialAction\":[{\"@type\":\"ReadAction\",\"target\":[\"https:\\\/\\\/www.yucatanencorto.com\\\/noticias\\\/continuan-con-el-programa-ayuntamiento-en-mi-universidad\\\/\"]}]},{\"@type\":\"ImageObject\",\"inLanguage\":\"es\",\"@id\":\"https:\\\/\\\/www.yucatanencorto.com\\\/noticias\\\/continuan-con-el-programa-ayuntamiento-en-mi-universidad\\\/#primaryimage\",\"url\":\"https:\\\/\\\/www.yucatanencorto.com\\\/noticias\\\/wp-content\\\/uploads\\\/2023\\\/03\\\/WhatsApp-Image-2023-03-27-at-4.49.52-PM-scaled.jpeg\",\"contentUrl\":\"https:\\\/\\\/www.yucatanencorto.com\\\/noticias\\\/wp-content\\\/uploads\\\/2023\\\/03\\\/WhatsApp-Image-2023-03-27-at-4.49.52-PM-scaled.jpeg\",\"width\":768,\"height\":512},{\"@type\":\"BreadcrumbList\",\"@id\":\"https:\\\/\\\/www.yucatanencorto.com\\\/noticias\\\/continuan-con-el-programa-ayuntamiento-en-mi-universidad\\\/#breadcrumb\",\"itemListElement\":[{\"@type\":\"ListItem\",\"position\":1,\"name\":\"Portada\",\"item\":\"https:\\\/\\\/www.yucatanencorto.com\\\/noticias\\\/\"},{\"@type\":\"ListItem\",\"position\":2,\"name\":\"Contin\u00faan con el programa \u201cAyuntamiento en mi universidad\u201d\"}]},{\"@type\":\"WebSite\",\"@id\":\"https:\\\/\\\/www.yucatanencorto.com\\\/noticias\\\/#website\",\"url\":\"https:\\\/\\\/www.yucatanencorto.com\\\/noticias\\\/\",\"name\":\"Yucat\u00e1n en corto\",\"description\":\"Noticias\",\"potentialAction\":[{\"@type\":\"SearchAction\",\"target\":{\"@type\":\"EntryPoint\",\"urlTemplate\":\"https:\\\/\\\/www.yucatanencorto.com\\\/noticias\\\/?s={search_term_string}\"},\"query-input\":{\"@type\":\"PropertyValueSpecification\",\"valueRequired\":true,\"valueName\":\"search_term_string\"}}],\"inLanguage\":\"es\"},{\"@type\":\"Person\",\"@id\":\"https:\\\/\\\/www.yucatanencorto.com\\\/noticias\\\/#\\\/schema\\\/person\\\/14f82d355225a1f4075dd84a31f45a72\",\"name\":\"Yucat\u00e1n en Corto FC\",\"image\":{\"@type\":\"ImageObject\",\"inLanguage\":\"es\",\"@id\":\"https:\\\/\\\/secure.gravatar.com\\\/avatar\\\/147d4b30cd728c53c29c49a3f7834dedca33707f4cd259761355846009a88250?s=96&d=mm&r=g\",\"url\":\"https:\\\/\\\/secure.gravatar.com\\\/avatar\\\/147d4b30cd728c53c29c49a3f7834dedca33707f4cd259761355846009a88250?s=96&d=mm&r=g\",\"contentUrl\":\"https:\\\/\\\/secure.gravatar.com\\\/avatar\\\/147d4b30cd728c53c29c49a3f7834dedca33707f4cd259761355846009a88250?s=96&d=mm&r=g\",\"caption\":\"Yucat\u00e1n en Corto FC\"},\"url\":\"https:\\\/\\\/www.yucatanencorto.com\\\/noticias\\\/author\\\/flor\\\/\"}]}<\/script>\n<!-- \/ Yoast SEO plugin. -->","yoast_head_json":{"title":"Contin\u00faan con el programa \u201cAyuntamiento en mi universidad\u201d - Yucat\u00e1n en corto","robots":{"index":"index","follow":"follow","max-snippet":"max-snippet:-1","max-image-preview":"max-image-preview:large","max-video-preview":"max-video-preview:-1"},"canonical":"https:\/\/www.yucatanencorto.com\/noticias\/continuan-con-el-programa-ayuntamiento-en-mi-universidad\/","og_locale":"es_ES","og_type":"article","og_title":"Contin\u00faan con el programa \u201cAyuntamiento en mi universidad\u201d - Yucat\u00e1n en corto","og_description":"&nbsp; M\u00e9rida, Yucat\u00e1n a 27 de marzo de 2023.- Con el objetivo de presentar los programas del Ayuntamiento enfocados a la juventud, el Alcalde Ren\u00e1n Barrera Concha realiz\u00f3 una nueva edici\u00f3n del programa \u201cAyuntamiento en mi Universidad\u201d donde se ofrecieron herramientas \u00fatiles para la formaci\u00f3n profesional de las y los estudiantes. &nbsp; En esta ocasi\u00f3n, [&hellip;]","og_url":"https:\/\/www.yucatanencorto.com\/noticias\/continuan-con-el-programa-ayuntamiento-en-mi-universidad\/","og_site_name":"Yucat\u00e1n en corto","article_publisher":"http:\/\/www.facebook.com\/yucatanencorto","article_published_time":"2023-03-27T23:11:10+00:00","og_image":[{"width":768,"height":512,"url":"https:\/\/www.yucatanencorto.com\/noticias\/wp-content\/uploads\/2023\/03\/WhatsApp-Image-2023-03-27-at-4.49.52-PM-scaled.jpeg","type":"image\/jpeg"}],"author":"Yucat\u00e1n en Corto FC","twitter_card":"summary_large_image","twitter_creator":"@yucatanencorto","twitter_site":"@yucatanencorto","twitter_misc":{"Escrito por":"Yucat\u00e1n en Corto FC","Tiempo de lectura":"4 minutos"},"schema":{"@context":"https:\/\/schema.org","@graph":[{"@type":"Article","@id":"https:\/\/www.yucatanencorto.com\/noticias\/continuan-con-el-programa-ayuntamiento-en-mi-universidad\/#article","isPartOf":{"@id":"https:\/\/www.yucatanencorto.com\/noticias\/continuan-con-el-programa-ayuntamiento-en-mi-universidad\/"},"author":{"name":"Yucat\u00e1n en Corto FC","@id":"https:\/\/www.yucatanencorto.com\/noticias\/#\/schema\/person\/14f82d355225a1f4075dd84a31f45a72"},"headline":"Contin\u00faan con el programa \u201cAyuntamiento en mi universidad\u201d","datePublished":"2023-03-27T23:11:10+00:00","mainEntityOfPage":{"@id":"https:\/\/www.yucatanencorto.com\/noticias\/continuan-con-el-programa-ayuntamiento-en-mi-universidad\/"},"wordCount":672,"image":{"@id":"https:\/\/www.yucatanencorto.com\/noticias\/continuan-con-el-programa-ayuntamiento-en-mi-universidad\/#primaryimage"},"thumbnailUrl":"https:\/\/www.yucatanencorto.com\/noticias\/wp-content\/uploads\/2023\/03\/WhatsApp-Image-2023-03-27-at-4.49.52-PM-scaled.jpeg","articleSection":["M\u00e9rida"],"inLanguage":"es"},{"@type":"WebPage","@id":"https:\/\/www.yucatanencorto.com\/noticias\/continuan-con-el-programa-ayuntamiento-en-mi-universidad\/","url":"https:\/\/www.yucatanencorto.com\/noticias\/continuan-con-el-programa-ayuntamiento-en-mi-universidad\/","name":"Contin\u00faan con el programa \u201cAyuntamiento en mi universidad\u201d - Yucat\u00e1n en corto","isPartOf":{"@id":"https:\/\/www.yucatanencorto.com\/noticias\/#website"},"primaryImageOfPage":{"@id":"https:\/\/www.yucatanencorto.com\/noticias\/continuan-con-el-programa-ayuntamiento-en-mi-universidad\/#primaryimage"},"image":{"@id":"https:\/\/www.yucatanencorto.com\/noticias\/continuan-con-el-programa-ayuntamiento-en-mi-universidad\/#primaryimage"},"thumbnailUrl":"https:\/\/www.yucatanencorto.com\/noticias\/wp-content\/uploads\/2023\/03\/WhatsApp-Image-2023-03-27-at-4.49.52-PM-scaled.jpeg","datePublished":"2023-03-27T23:11:10+00:00","author":{"@id":"https:\/\/www.yucatanencorto.com\/noticias\/#\/schema\/person\/14f82d355225a1f4075dd84a31f45a72"},"breadcrumb":{"@id":"https:\/\/www.yucatanencorto.com\/noticias\/continuan-con-el-programa-ayuntamiento-en-mi-universidad\/#breadcrumb"},"inLanguage":"es","potentialAction":[{"@type":"ReadAction","target":["https:\/\/www.yucatanencorto.com\/noticias\/continuan-con-el-programa-ayuntamiento-en-mi-universidad\/"]}]},{"@type":"ImageObject","inLanguage":"es","@id":"https:\/\/www.yucatanencorto.com\/noticias\/continuan-con-el-programa-ayuntamiento-en-mi-universidad\/#primaryimage","url":"https:\/\/www.yucatanencorto.com\/noticias\/wp-content\/uploads\/2023\/03\/WhatsApp-Image-2023-03-27-at-4.49.52-PM-scaled.jpeg","contentUrl":"https:\/\/www.yucatanencorto.com\/noticias\/wp-content\/uploads\/2023\/03\/WhatsApp-Image-2023-03-27-at-4.49.52-PM-scaled.jpeg","width":768,"height":512},{"@type":"BreadcrumbList","@id":"https:\/\/www.yucatanencorto.com\/noticias\/continuan-con-el-programa-ayuntamiento-en-mi-universidad\/#breadcrumb","itemListElement":[{"@type":"ListItem","position":1,"name":"Portada","item":"https:\/\/www.yucatanencorto.com\/noticias\/"},{"@type":"ListItem","position":2,"name":"Contin\u00faan con el programa \u201cAyuntamiento en mi universidad\u201d"}]},{"@type":"WebSite","@id":"https:\/\/www.yucatanencorto.com\/noticias\/#website","url":"https:\/\/www.yucatanencorto.com\/noticias\/","name":"Yucat\u00e1n en corto","description":"Noticias","potentialAction":[{"@type":"SearchAction","target":{"@type":"EntryPoint","urlTemplate":"https:\/\/www.yucatanencorto.com\/noticias\/?s={search_term_string}"},"query-input":{"@type":"PropertyValueSpecification","valueRequired":true,"valueName":"search_term_string"}}],"inLanguage":"es"},{"@type":"Person","@id":"https:\/\/www.yucatanencorto.com\/noticias\/#\/schema\/person\/14f82d355225a1f4075dd84a31f45a72","name":"Yucat\u00e1n en Corto FC","image":{"@type":"ImageObject","inLanguage":"es","@id":"https:\/\/secure.gravatar.com\/avatar\/147d4b30cd728c53c29c49a3f7834dedca33707f4cd259761355846009a88250?s=96&d=mm&r=g","url":"https:\/\/secure.gravatar.com\/avatar\/147d4b30cd728c53c29c49a3f7834dedca33707f4cd259761355846009a88250?s=96&d=mm&r=g","contentUrl":"https:\/\/secure.gravatar.com\/avatar\/147d4b30cd728c53c29c49a3f7834dedca33707f4cd259761355846009a88250?s=96&d=mm&r=g","caption":"Yucat\u00e1n en Corto FC"},"url":"https:\/\/www.yucatanencorto.com\/noticias\/author\/flor\/"}]}},"_links":{"self":[{"href":"https:\/\/www.yucatanencorto.com\/noticias\/wp-json\/wp\/v2\/posts\/97325","targetHints":{"allow":["GET"]}}],"collection":[{"href":"https:\/\/www.yucatanencorto.com\/noticias\/wp-json\/wp\/v2\/posts"}],"about":[{"href":"https:\/\/www.yucatanencorto.com\/noticias\/wp-json\/wp\/v2\/types\/post"}],"author":[{"embeddable":true,"href":"https:\/\/www.yucatanencorto.com\/noticias\/wp-json\/wp\/v2\/users\/2"}],"replies":[{"embeddable":true,"href":"https:\/\/www.yucatanencorto.com\/noticias\/wp-json\/wp\/v2\/comments?post=97325"}],"version-history":[{"count":0,"href":"https:\/\/www.yucatanencorto.com\/noticias\/wp-json\/wp\/v2\/posts\/97325\/revisions"}],"wp:featuredmedia":[{"embeddable":true,"href":"https:\/\/www.yucatanencorto.com\/noticias\/wp-json\/wp\/v2\/media\/97327"}],"wp:attachment":[{"href":"https:\/\/www.yucatanencorto.com\/noticias\/wp-json\/wp\/v2\/media?parent=97325"}],"wp:term":[{"taxonomy":"category","embeddable":true,"href":"https:\/\/www.yucatanencorto.com\/noticias\/wp-json\/wp\/v2\/categories?post=97325"},{"taxonomy":"post_tag","embeddable":true,"href":"https:\/\/www.yucatanencorto.com\/noticias\/wp-json\/wp\/v2\/tags?post=97325"}],"curies":[{"name":"wp","href":"https:\/\/api.w.org\/{rel}","templated":true}]}}