{"id":97330,"date":"2023-03-27T17:28:27","date_gmt":"2023-03-27T23:28:27","guid":{"rendered":"https:\/\/www.yucatanencorto.com\/noticias\/?p=97330"},"modified":"2023-03-27T17:28:27","modified_gmt":"2023-03-27T23:28:27","slug":"ciudadanos-opinan-sobre-los-cambios-al-sistema-va-y-ven-del-circuito-metropolitano","status":"publish","type":"post","link":"https:\/\/www.yucatanencorto.com\/noticias\/ciudadanos-opinan-sobre-los-cambios-al-sistema-va-y-ven-del-circuito-metropolitano\/","title":{"rendered":"Ciudadanos opinan sobre los cambios al sistema Va y ven del Circuito metropolitano."},"content":{"rendered":"<p>&nbsp;<\/p>\n<p><img loading=\"lazy\" decoding=\"async\" class=\"alignnone size-full wp-image-97336\" src=\"https:\/\/www.yucatanencorto.com\/noticias\/wp-content\/uploads\/2023\/03\/WhatsApp-Image-2023-03-27-at-4.58.35-PM-scaled.jpeg\" alt=\"\" width=\"768\" height=\"512\" srcset=\"https:\/\/www.yucatanencorto.com\/noticias\/wp-content\/uploads\/2023\/03\/WhatsApp-Image-2023-03-27-at-4.58.35-PM-scaled.jpeg 768w, https:\/\/www.yucatanencorto.com\/noticias\/wp-content\/uploads\/2023\/03\/WhatsApp-Image-2023-03-27-at-4.58.35-PM-696x464.jpeg 696w, https:\/\/www.yucatanencorto.com\/noticias\/wp-content\/uploads\/2023\/03\/WhatsApp-Image-2023-03-27-at-4.58.35-PM-1068x712.jpeg 1068w, https:\/\/www.yucatanencorto.com\/noticias\/wp-content\/uploads\/2023\/03\/WhatsApp-Image-2023-03-27-at-4.58.35-PM-630x420.jpeg 630w\" sizes=\"auto, (max-width: 768px) 100vw, 768px\" \/><\/p>\n<p>&nbsp;<\/p>\n<p><span style=\"font-weight: 400;\">M\u00e9rida, Yucat\u00e1n, 27 de marzo de 2023.-\u00a0 Usuarios que todos los d\u00edas usan el Circuito Metropolitano incorporado al Sistema \u201cVa y ven\u00bbhablaron sobre los cambios que ofrece esta ruta.<\/span><\/p>\n<p>&nbsp;<\/p>\n<p><span style=\"font-weight: 400;\">C\u00e9sar Santiago Ruiz es uno de los yucatecos que ya ha probado este nuevo servicio, pues es la ruta que toma todos los d\u00edas para ir a su universidad. <\/span><span style=\"font-weight: 400;\">El joven resalt\u00f3 que, a trav\u00e9s de la aplicaci\u00f3n m\u00f3vil, ahora puede saber cu\u00e1ndo se aproximan las unidades y esperar menos tiempo en los paraderos, lo que ha hecho que la experiencia en este transporte se sienta mucho m\u00e1s eficiente y moderna.<\/span><\/p>\n<p>&nbsp;<\/p>\n<p><span style=\"font-weight: 400;\">\u00abLa aplicaci\u00f3n ayuda mucho porque puedo ver d\u00f3nde est\u00e1 el cami\u00f3n y no tener el pendiente de estar caminando, que pase y me deje, o de tener que esperar mucho tiempo; ahora, puedo salir justo a tiempo; adem\u00e1s viajo muy c\u00f3modo\u00bb, apunt\u00f3 Santiago Ruiz.\u00a0<\/span><\/p>\n<p>&nbsp;<\/p>\n<p><span style=\"font-weight: 400;\">Tambi\u00e9n, el estudiante agradeci\u00f3 que ya cuenta con la tarifa social, nueva implementaci\u00f3n que significa para \u00e9l un importante ahorro. \u00abAntes, pag\u00e1bamos todos lo mismo en el Metropolitano, as\u00ed que me parece muy bueno que piensen en los que todos los d\u00edas tenemos que usar esta ruta para ir a nuestras escuelas y universidades\u00bb, a\u00f1adi\u00f3.<\/span><\/p>\n<p><img loading=\"lazy\" decoding=\"async\" class=\"alignnone size-full wp-image-97333\" src=\"https:\/\/www.yucatanencorto.com\/noticias\/wp-content\/uploads\/2023\/03\/WhatsApp-Image-2023-03-27-at-4.58.35-PM-1-scaled.jpeg\" alt=\"\" width=\"768\" height=\"512\" srcset=\"https:\/\/www.yucatanencorto.com\/noticias\/wp-content\/uploads\/2023\/03\/WhatsApp-Image-2023-03-27-at-4.58.35-PM-1-scaled.jpeg 768w, https:\/\/www.yucatanencorto.com\/noticias\/wp-content\/uploads\/2023\/03\/WhatsApp-Image-2023-03-27-at-4.58.35-PM-1-696x464.jpeg 696w, https:\/\/www.yucatanencorto.com\/noticias\/wp-content\/uploads\/2023\/03\/WhatsApp-Image-2023-03-27-at-4.58.35-PM-1-1068x712.jpeg 1068w, https:\/\/www.yucatanencorto.com\/noticias\/wp-content\/uploads\/2023\/03\/WhatsApp-Image-2023-03-27-at-4.58.35-PM-1-630x420.jpeg 630w\" sizes=\"auto, (max-width: 768px) 100vw, 768px\" \/><\/p>\n<p><span style=\"font-weight: 400;\">Santiago hace uso de este trayecto de lunes a viernes para ir desde su casa hasta su colegio, pero tambi\u00e9n para moverse dentro de la ciudad, por lo que ve con muy buenos ojos la decisi\u00f3n del Gobierno de Mauricio Vila Dosal de incorporar esta modalidad social y, al mismo tiempo, modernizar las unidades y el servicio.\u00a0<\/span><\/p>\n<p>&nbsp;<\/p>\n<p><span style=\"font-weight: 400;\">Cabe se\u00f1alar que, por primera vez desde su creaci\u00f3n hace 18 a\u00f1os, el Circuito Metropolitano, ahora incorporado al Sistema \u201cVa y ven\u00bb, cuenta con tarifa social de 5 pesos para estudiantes y personas adultas mayores y, en el caso de las y los usuarios con alguna discapacidad, es sin costo, con lo que se da un paso m\u00e1s en la transformaci\u00f3n del transporte p\u00fablico en Yucat\u00e1n.\u00a0<\/span><\/p>\n<p>&nbsp;<\/p>\n<p><span style=\"font-weight: 400;\">Otro ciudadano que se ha visto favorecido con esta transformaci\u00f3n es Jos\u00e9 Luis Couoh Concha quien debido a su empleo se pasa los d\u00edas movi\u00e9ndose por toda la ciudad en transporte p\u00fablico, por lo que se mostr\u00f3 muy agradecido y aliviado de poder acceder un trayecto de mejor calidad.\u00a0<\/span><\/p>\n<p>&nbsp;<\/p>\n<p><span style=\"font-weight: 400;\">Destac\u00f3 la modernidad de las unidades y los elementos que las hacen inclusivas. \u00abSon camiones nuevos y que se pague con tarjeta que es algo nuevo, pero es parte de ser m\u00e1s modernos, hasta pueden subir personas en silla de ruedas o con bicicletas y es muy seguro\u00bb, dijo.<\/span><\/p>\n<p><img loading=\"lazy\" decoding=\"async\" class=\"alignnone size-full wp-image-97334\" src=\"https:\/\/www.yucatanencorto.com\/noticias\/wp-content\/uploads\/2023\/03\/WhatsApp-Image-2023-03-27-at-4.58.35-PM-2-scaled.jpeg\" alt=\"\" width=\"768\" height=\"512\" srcset=\"https:\/\/www.yucatanencorto.com\/noticias\/wp-content\/uploads\/2023\/03\/WhatsApp-Image-2023-03-27-at-4.58.35-PM-2-scaled.jpeg 768w, https:\/\/www.yucatanencorto.com\/noticias\/wp-content\/uploads\/2023\/03\/WhatsApp-Image-2023-03-27-at-4.58.35-PM-2-696x464.jpeg 696w, https:\/\/www.yucatanencorto.com\/noticias\/wp-content\/uploads\/2023\/03\/WhatsApp-Image-2023-03-27-at-4.58.35-PM-2-1068x712.jpeg 1068w, https:\/\/www.yucatanencorto.com\/noticias\/wp-content\/uploads\/2023\/03\/WhatsApp-Image-2023-03-27-at-4.58.35-PM-2-630x420.jpeg 630w\" sizes=\"auto, (max-width: 768px) 100vw, 768px\" \/><\/p>\n<p><span style=\"font-weight: 400;\">El hombre de 60 a\u00f1os tambi\u00e9n se ve favorecido con la tarifa social por ser adulto mayor, lo que le ayuda mucho a su econom\u00eda familiar. \u00abTodo el d\u00eda estoy yendo de un lado a otro, porque me dedico a las ventas, as\u00ed que contar con la tarjeta especial es algo que se agradece, porque me ahorro un buen dinero por todas las vueltas que doy\u00bb.<\/span><\/p>\n<p>&nbsp;<\/p>\n<p><span style=\"font-weight: 400;\">A trav\u00e9s de m\u00e1s y nuevas unidades se ofrece a la ciudadan\u00eda un transporte m\u00e1s moderno e incluyente, pues los autobuses cuentan con rampa y espacios para sillas de ruedas, piso podot\u00e1ctil, sistema Braille, asientos preferentes y piso bajo, para que puedan acceder con todas las facilidades.<\/span><\/p>\n<p>&nbsp;<\/p>\n<p><span style=\"font-weight: 400;\">Este trayecto tiene un coste general de 12 pesos y, para mejorar cada vez m\u00e1s la conectividad y ofrecer mayor eficiencia a la poblaci\u00f3n, el Instituto de Movilidad y Desarrollo Urbano Territorial (Imdut) inform\u00f3 que se aplicar\u00e1 descuentos de trasbordo para las y los usuarios que utilicen cualquier opci\u00f3n del \u201cVa y ven\u00bb, ya sea esta, Perif\u00e9rico, Aeropuerto o las Nocturnas; para el segundo viaje, se rebajar\u00e1 50% y tanto el tercero como el cuarto ser\u00e1n gratuitos.<\/span><\/p>\n<p><img loading=\"lazy\" decoding=\"async\" class=\"alignnone size-full wp-image-97332\" src=\"https:\/\/www.yucatanencorto.com\/noticias\/wp-content\/uploads\/2023\/03\/WhatsApp-Image-2023-03-27-at-4.58.34-PM-scaled.jpeg\" alt=\"\" width=\"768\" height=\"512\" srcset=\"https:\/\/www.yucatanencorto.com\/noticias\/wp-content\/uploads\/2023\/03\/WhatsApp-Image-2023-03-27-at-4.58.34-PM-scaled.jpeg 768w, https:\/\/www.yucatanencorto.com\/noticias\/wp-content\/uploads\/2023\/03\/WhatsApp-Image-2023-03-27-at-4.58.34-PM-696x464.jpeg 696w, https:\/\/www.yucatanencorto.com\/noticias\/wp-content\/uploads\/2023\/03\/WhatsApp-Image-2023-03-27-at-4.58.34-PM-1068x712.jpeg 1068w, https:\/\/www.yucatanencorto.com\/noticias\/wp-content\/uploads\/2023\/03\/WhatsApp-Image-2023-03-27-at-4.58.34-PM-630x420.jpeg 630w\" sizes=\"auto, (max-width: 768px) 100vw, 768px\" \/><\/p>\n<p><span style=\"font-weight: 400;\">Por ejemplo, si alguien utiliza Circuito Metropolitano y, despu\u00e9s, recurre al servicio nocturno, su pasaje en este \u00faltimo quedar\u00e1 a mitad de precio; la promoci\u00f3n funcionar\u00e1 durante un lapso de 120 minutos, tras haber efectuado el recorrido inicial en este Sistema, con su tarjeta inteligente.<\/span><\/p>\n<p>&nbsp;<\/p>\n<p><span style=\"font-weight: 400;\">Cabe recordar que, desde 2019, el costo de este servicio en M\u00e9rida no ha incrementado e incluso disminuy\u00f3, ya que las condiciones del mismo no eran las que merec\u00eda la ciudadan\u00eda, por lo que el Gobernador cumpli\u00f3 su compromiso de que el monto no subiera hasta que la oferta mejorar\u00e1 y la transformaci\u00f3n del rubro sea una realidad en la entidad, como est\u00e1 ocurriendo.<\/span><\/p>\n<p>&nbsp;<\/p>\n<p><span style=\"font-weight: 400;\">Un viaje de la calidad que ofrece Circuito Metropolitano costar\u00eda alrededor de 18 pesos, pero la administraci\u00f3n estatal apoyar\u00e1 a los usuarios y poblaci\u00f3n en general, con un aporte de la tercera parte, es decir, 6 pesos, lo que permite un ahorro y mantener todas las ventajas del servicio.\u00a0<\/span><\/p>\n<p>&nbsp;<\/p>\n<p><span style=\"font-weight: 400;\">El pago es con las credenciales \u00abVa y ven\u00bb y, para mayor comodidad, se podr\u00e1 recargarlas en 319 tiendas Oxxo en la zona metropolitana de M\u00e9rida, 209 sucursales dentro de la ciudad y 71 cercanas al Anillo Perif\u00e9rico.\u00a0<\/span><\/p>\n<p><img loading=\"lazy\" decoding=\"async\" class=\"alignnone size-full wp-image-97331\" src=\"https:\/\/www.yucatanencorto.com\/noticias\/wp-content\/uploads\/2023\/03\/WhatsApp-Image-2023-03-27-at-4.58.34-PM-1-scaled.jpeg\" alt=\"\" width=\"768\" height=\"512\" srcset=\"https:\/\/www.yucatanencorto.com\/noticias\/wp-content\/uploads\/2023\/03\/WhatsApp-Image-2023-03-27-at-4.58.34-PM-1-scaled.jpeg 768w, https:\/\/www.yucatanencorto.com\/noticias\/wp-content\/uploads\/2023\/03\/WhatsApp-Image-2023-03-27-at-4.58.34-PM-1-696x464.jpeg 696w, https:\/\/www.yucatanencorto.com\/noticias\/wp-content\/uploads\/2023\/03\/WhatsApp-Image-2023-03-27-at-4.58.34-PM-1-1068x712.jpeg 1068w, https:\/\/www.yucatanencorto.com\/noticias\/wp-content\/uploads\/2023\/03\/WhatsApp-Image-2023-03-27-at-4.58.34-PM-1-630x420.jpeg 630w\" sizes=\"auto, (max-width: 768px) 100vw, 768px\" \/><\/p>\n<p><span style=\"font-weight: 400;\">Para este proceso, las y los usuarios podr\u00e1n acudir a cualquiera de las m\u00e1s de 300 sucursales, solicitar la operaci\u00f3n, indicar el monto a a\u00f1adir, efectuar el pago en efectivo y entregar su tarjeta, que luego, podr\u00e1 utilizar en cualquiera de las nuevas unidades.<\/span><\/p>\n<p>&nbsp;<\/p>\n<p><span style=\"font-weight: 400;\">El pago electr\u00f3nico permite beneficios como ascensos r\u00e1pidos, mejores frecuencias, reducci\u00f3n en los tiempos de espera, mayor comodidad al abordar, m\u00e1s seguridad al reducir la circulaci\u00f3n de dinero en efectivo en lugares p\u00fablicos, trasbordos a precios m\u00e1s baratos y, con la incorporaci\u00f3n de este Circuito al \u201cVa y ven\u201d, se reduce los tiempos de espera de 24 a 12 minutos.<\/span><\/p>\n<p>&nbsp;<\/p>\n<p><span style=\"font-weight: 400;\">Con el prop\u00f3sito de facilitar la adquisici\u00f3n de credenciales, las vender\u00e1n los Chalecos Verdes en los mismos veh\u00edculos y los siguientes 6 paraderos: Macroplaza; Gran Plaza 1 y 2; Plaza y Paseos Canek; el Oxxo de la avenida de Xocl\u00e1n y la gasolinera Pemex de Juan Pablo II; la Universidad Tecnol\u00f3gica Metropolitana (UTM) y las Farmacias Similares de Cinco Colonias, y el Instituto Mexicano del Seguro Social (IMSS) Pacabt\u00fan- Unidad de Medicina Familiar (UMF) 59.<\/span><\/p>\n<p><img loading=\"lazy\" decoding=\"async\" class=\"alignnone size-full wp-image-97335\" src=\"https:\/\/www.yucatanencorto.com\/noticias\/wp-content\/uploads\/2023\/03\/WhatsApp-Image-2023-03-27-at-4.58.35-PM-3-scaled.jpeg\" alt=\"\" width=\"768\" height=\"512\" srcset=\"https:\/\/www.yucatanencorto.com\/noticias\/wp-content\/uploads\/2023\/03\/WhatsApp-Image-2023-03-27-at-4.58.35-PM-3-scaled.jpeg 768w, https:\/\/www.yucatanencorto.com\/noticias\/wp-content\/uploads\/2023\/03\/WhatsApp-Image-2023-03-27-at-4.58.35-PM-3-696x464.jpeg 696w, https:\/\/www.yucatanencorto.com\/noticias\/wp-content\/uploads\/2023\/03\/WhatsApp-Image-2023-03-27-at-4.58.35-PM-3-1068x712.jpeg 1068w, https:\/\/www.yucatanencorto.com\/noticias\/wp-content\/uploads\/2023\/03\/WhatsApp-Image-2023-03-27-at-4.58.35-PM-3-630x420.jpeg 630w\" sizes=\"auto, (max-width: 768px) 100vw, 768px\" \/><\/p>\n<p><span style=\"font-weight: 400;\">Hay que se\u00f1alar que la tarifa del Metropolitano es la misma que la de Perif\u00e9rico, primera ruta del Sistema, que lleva m\u00e1s de 1 a\u00f1o de operaciones, conecta arriba de 120 colonias y 155 rutas de transporte, sin necesidad de llegar al Centro Hist\u00f3rico, y ofrece a la ciudadan\u00eda traslados m\u00e1s r\u00e1pidos, con ahorros de tiempo y dinero.<\/span><\/p>\n","protected":false},"excerpt":{"rendered":"<p>&nbsp; &nbsp; M\u00e9rida, Yucat\u00e1n, 27 de marzo de 2023.-\u00a0 Usuarios que todos los d\u00edas usan el Circuito Metropolitano incorporado al Sistema \u201cVa y ven\u00bbhablaron sobre los cambios que ofrece esta ruta. &nbsp; C\u00e9sar Santiago Ruiz es uno de los yucatecos que ya ha probado este nuevo servicio, pues es la ruta que toma todos los [&hellip;]<\/p>\n","protected":false},"author":2,"featured_media":97337,"comment_status":"closed","ping_status":"closed","sticky":false,"template":"","format":"standard","meta":{"footnotes":""},"categories":[2],"tags":[],"class_list":{"0":"post-97330","1":"post","2":"type-post","3":"status-publish","4":"format-standard","5":"has-post-thumbnail","7":"category-merida"},"yoast_head":"<!-- This site is optimized with the Yoast SEO plugin v27.4 - https:\/\/yoast.com\/product\/yoast-seo-wordpress\/ -->\n<title>Ciudadanos opinan sobre los cambios al sistema Va y ven del Circuito metropolitano. - Yucat\u00e1n en corto<\/title>\n<meta name=\"robots\" content=\"index, follow, max-snippet:-1, max-image-preview:large, max-video-preview:-1\" \/>\n<link rel=\"canonical\" href=\"https:\/\/www.yucatanencorto.com\/noticias\/ciudadanos-opinan-sobre-los-cambios-al-sistema-va-y-ven-del-circuito-metropolitano\/\" \/>\n<meta property=\"og:locale\" content=\"es_ES\" \/>\n<meta property=\"og:type\" content=\"article\" \/>\n<meta property=\"og:title\" content=\"Ciudadanos opinan sobre los cambios al sistema Va y ven del Circuito metropolitano. - Yucat\u00e1n en corto\" \/>\n<meta property=\"og:description\" content=\"&nbsp; &nbsp; M\u00e9rida, Yucat\u00e1n, 27 de marzo de 2023.-\u00a0 Usuarios que todos los d\u00edas usan el Circuito Metropolitano incorporado al Sistema \u201cVa y ven\u00bbhablaron sobre los cambios que ofrece esta ruta. &nbsp; C\u00e9sar Santiago Ruiz es uno de los yucatecos que ya ha probado este nuevo servicio, pues es la ruta que toma todos los [&hellip;]\" \/>\n<meta property=\"og:url\" content=\"https:\/\/www.yucatanencorto.com\/noticias\/ciudadanos-opinan-sobre-los-cambios-al-sistema-va-y-ven-del-circuito-metropolitano\/\" \/>\n<meta property=\"og:site_name\" content=\"Yucat\u00e1n en corto\" \/>\n<meta property=\"article:publisher\" content=\"http:\/\/www.facebook.com\/yucatanencorto\" \/>\n<meta property=\"article:published_time\" content=\"2023-03-27T23:28:27+00:00\" \/>\n<meta property=\"og:image\" content=\"https:\/\/www.yucatanencorto.com\/noticias\/wp-content\/uploads\/2023\/03\/WhatsApp-Image-2023-03-27-at-4.58.36-PM-scaled.jpeg\" \/>\n\t<meta property=\"og:image:width\" content=\"768\" \/>\n\t<meta property=\"og:image:height\" content=\"512\" \/>\n\t<meta property=\"og:image:type\" content=\"image\/jpeg\" \/>\n<meta name=\"author\" content=\"Yucat\u00e1n en Corto FC\" \/>\n<meta name=\"twitter:card\" content=\"summary_large_image\" \/>\n<meta name=\"twitter:creator\" content=\"@yucatanencorto\" \/>\n<meta name=\"twitter:site\" content=\"@yucatanencorto\" \/>\n<meta name=\"twitter:label1\" content=\"Escrito por\" \/>\n\t<meta name=\"twitter:data1\" content=\"Yucat\u00e1n en Corto FC\" \/>\n\t<meta name=\"twitter:label2\" content=\"Tiempo de lectura\" \/>\n\t<meta name=\"twitter:data2\" content=\"6 minutos\" \/>\n<script type=\"application\/ld+json\" class=\"yoast-schema-graph\">{\"@context\":\"https:\\\/\\\/schema.org\",\"@graph\":[{\"@type\":\"Article\",\"@id\":\"https:\\\/\\\/www.yucatanencorto.com\\\/noticias\\\/ciudadanos-opinan-sobre-los-cambios-al-sistema-va-y-ven-del-circuito-metropolitano\\\/#article\",\"isPartOf\":{\"@id\":\"https:\\\/\\\/www.yucatanencorto.com\\\/noticias\\\/ciudadanos-opinan-sobre-los-cambios-al-sistema-va-y-ven-del-circuito-metropolitano\\\/\"},\"author\":{\"name\":\"Yucat\u00e1n en Corto FC\",\"@id\":\"https:\\\/\\\/www.yucatanencorto.com\\\/noticias\\\/#\\\/schema\\\/person\\\/14f82d355225a1f4075dd84a31f45a72\"},\"headline\":\"Ciudadanos opinan sobre los cambios al sistema Va y ven del Circuito metropolitano.\",\"datePublished\":\"2023-03-27T23:28:27+00:00\",\"mainEntityOfPage\":{\"@id\":\"https:\\\/\\\/www.yucatanencorto.com\\\/noticias\\\/ciudadanos-opinan-sobre-los-cambios-al-sistema-va-y-ven-del-circuito-metropolitano\\\/\"},\"wordCount\":1135,\"image\":{\"@id\":\"https:\\\/\\\/www.yucatanencorto.com\\\/noticias\\\/ciudadanos-opinan-sobre-los-cambios-al-sistema-va-y-ven-del-circuito-metropolitano\\\/#primaryimage\"},\"thumbnailUrl\":\"https:\\\/\\\/www.yucatanencorto.com\\\/noticias\\\/wp-content\\\/uploads\\\/2023\\\/03\\\/WhatsApp-Image-2023-03-27-at-4.58.36-PM-scaled.jpeg\",\"articleSection\":[\"M\u00e9rida\"],\"inLanguage\":\"es\"},{\"@type\":\"WebPage\",\"@id\":\"https:\\\/\\\/www.yucatanencorto.com\\\/noticias\\\/ciudadanos-opinan-sobre-los-cambios-al-sistema-va-y-ven-del-circuito-metropolitano\\\/\",\"url\":\"https:\\\/\\\/www.yucatanencorto.com\\\/noticias\\\/ciudadanos-opinan-sobre-los-cambios-al-sistema-va-y-ven-del-circuito-metropolitano\\\/\",\"name\":\"Ciudadanos opinan sobre los cambios al sistema Va y ven del Circuito metropolitano. - Yucat\u00e1n en corto\",\"isPartOf\":{\"@id\":\"https:\\\/\\\/www.yucatanencorto.com\\\/noticias\\\/#website\"},\"primaryImageOfPage\":{\"@id\":\"https:\\\/\\\/www.yucatanencorto.com\\\/noticias\\\/ciudadanos-opinan-sobre-los-cambios-al-sistema-va-y-ven-del-circuito-metropolitano\\\/#primaryimage\"},\"image\":{\"@id\":\"https:\\\/\\\/www.yucatanencorto.com\\\/noticias\\\/ciudadanos-opinan-sobre-los-cambios-al-sistema-va-y-ven-del-circuito-metropolitano\\\/#primaryimage\"},\"thumbnailUrl\":\"https:\\\/\\\/www.yucatanencorto.com\\\/noticias\\\/wp-content\\\/uploads\\\/2023\\\/03\\\/WhatsApp-Image-2023-03-27-at-4.58.36-PM-scaled.jpeg\",\"datePublished\":\"2023-03-27T23:28:27+00:00\",\"author\":{\"@id\":\"https:\\\/\\\/www.yucatanencorto.com\\\/noticias\\\/#\\\/schema\\\/person\\\/14f82d355225a1f4075dd84a31f45a72\"},\"breadcrumb\":{\"@id\":\"https:\\\/\\\/www.yucatanencorto.com\\\/noticias\\\/ciudadanos-opinan-sobre-los-cambios-al-sistema-va-y-ven-del-circuito-metropolitano\\\/#breadcrumb\"},\"inLanguage\":\"es\",\"potentialAction\":[{\"@type\":\"ReadAction\",\"target\":[\"https:\\\/\\\/www.yucatanencorto.com\\\/noticias\\\/ciudadanos-opinan-sobre-los-cambios-al-sistema-va-y-ven-del-circuito-metropolitano\\\/\"]}]},{\"@type\":\"ImageObject\",\"inLanguage\":\"es\",\"@id\":\"https:\\\/\\\/www.yucatanencorto.com\\\/noticias\\\/ciudadanos-opinan-sobre-los-cambios-al-sistema-va-y-ven-del-circuito-metropolitano\\\/#primaryimage\",\"url\":\"https:\\\/\\\/www.yucatanencorto.com\\\/noticias\\\/wp-content\\\/uploads\\\/2023\\\/03\\\/WhatsApp-Image-2023-03-27-at-4.58.36-PM-scaled.jpeg\",\"contentUrl\":\"https:\\\/\\\/www.yucatanencorto.com\\\/noticias\\\/wp-content\\\/uploads\\\/2023\\\/03\\\/WhatsApp-Image-2023-03-27-at-4.58.36-PM-scaled.jpeg\",\"width\":768,\"height\":512},{\"@type\":\"BreadcrumbList\",\"@id\":\"https:\\\/\\\/www.yucatanencorto.com\\\/noticias\\\/ciudadanos-opinan-sobre-los-cambios-al-sistema-va-y-ven-del-circuito-metropolitano\\\/#breadcrumb\",\"itemListElement\":[{\"@type\":\"ListItem\",\"position\":1,\"name\":\"Portada\",\"item\":\"https:\\\/\\\/www.yucatanencorto.com\\\/noticias\\\/\"},{\"@type\":\"ListItem\",\"position\":2,\"name\":\"Ciudadanos opinan sobre los cambios al sistema Va y ven del Circuito metropolitano.\"}]},{\"@type\":\"WebSite\",\"@id\":\"https:\\\/\\\/www.yucatanencorto.com\\\/noticias\\\/#website\",\"url\":\"https:\\\/\\\/www.yucatanencorto.com\\\/noticias\\\/\",\"name\":\"Yucat\u00e1n en corto\",\"description\":\"Noticias\",\"potentialAction\":[{\"@type\":\"SearchAction\",\"target\":{\"@type\":\"EntryPoint\",\"urlTemplate\":\"https:\\\/\\\/www.yucatanencorto.com\\\/noticias\\\/?s={search_term_string}\"},\"query-input\":{\"@type\":\"PropertyValueSpecification\",\"valueRequired\":true,\"valueName\":\"search_term_string\"}}],\"inLanguage\":\"es\"},{\"@type\":\"Person\",\"@id\":\"https:\\\/\\\/www.yucatanencorto.com\\\/noticias\\\/#\\\/schema\\\/person\\\/14f82d355225a1f4075dd84a31f45a72\",\"name\":\"Yucat\u00e1n en Corto FC\",\"image\":{\"@type\":\"ImageObject\",\"inLanguage\":\"es\",\"@id\":\"https:\\\/\\\/secure.gravatar.com\\\/avatar\\\/147d4b30cd728c53c29c49a3f7834dedca33707f4cd259761355846009a88250?s=96&d=mm&r=g\",\"url\":\"https:\\\/\\\/secure.gravatar.com\\\/avatar\\\/147d4b30cd728c53c29c49a3f7834dedca33707f4cd259761355846009a88250?s=96&d=mm&r=g\",\"contentUrl\":\"https:\\\/\\\/secure.gravatar.com\\\/avatar\\\/147d4b30cd728c53c29c49a3f7834dedca33707f4cd259761355846009a88250?s=96&d=mm&r=g\",\"caption\":\"Yucat\u00e1n en Corto FC\"},\"url\":\"https:\\\/\\\/www.yucatanencorto.com\\\/noticias\\\/author\\\/flor\\\/\"}]}<\/script>\n<!-- \/ Yoast SEO plugin. -->","yoast_head_json":{"title":"Ciudadanos opinan sobre los cambios al sistema Va y ven del Circuito metropolitano. - Yucat\u00e1n en corto","robots":{"index":"index","follow":"follow","max-snippet":"max-snippet:-1","max-image-preview":"max-image-preview:large","max-video-preview":"max-video-preview:-1"},"canonical":"https:\/\/www.yucatanencorto.com\/noticias\/ciudadanos-opinan-sobre-los-cambios-al-sistema-va-y-ven-del-circuito-metropolitano\/","og_locale":"es_ES","og_type":"article","og_title":"Ciudadanos opinan sobre los cambios al sistema Va y ven del Circuito metropolitano. - Yucat\u00e1n en corto","og_description":"&nbsp; &nbsp; M\u00e9rida, Yucat\u00e1n, 27 de marzo de 2023.-\u00a0 Usuarios que todos los d\u00edas usan el Circuito Metropolitano incorporado al Sistema \u201cVa y ven\u00bbhablaron sobre los cambios que ofrece esta ruta. &nbsp; C\u00e9sar Santiago Ruiz es uno de los yucatecos que ya ha probado este nuevo servicio, pues es la ruta que toma todos los [&hellip;]","og_url":"https:\/\/www.yucatanencorto.com\/noticias\/ciudadanos-opinan-sobre-los-cambios-al-sistema-va-y-ven-del-circuito-metropolitano\/","og_site_name":"Yucat\u00e1n en corto","article_publisher":"http:\/\/www.facebook.com\/yucatanencorto","article_published_time":"2023-03-27T23:28:27+00:00","og_image":[{"width":768,"height":512,"url":"https:\/\/www.yucatanencorto.com\/noticias\/wp-content\/uploads\/2023\/03\/WhatsApp-Image-2023-03-27-at-4.58.36-PM-scaled.jpeg","type":"image\/jpeg"}],"author":"Yucat\u00e1n en Corto FC","twitter_card":"summary_large_image","twitter_creator":"@yucatanencorto","twitter_site":"@yucatanencorto","twitter_misc":{"Escrito por":"Yucat\u00e1n en Corto FC","Tiempo de lectura":"6 minutos"},"schema":{"@context":"https:\/\/schema.org","@graph":[{"@type":"Article","@id":"https:\/\/www.yucatanencorto.com\/noticias\/ciudadanos-opinan-sobre-los-cambios-al-sistema-va-y-ven-del-circuito-metropolitano\/#article","isPartOf":{"@id":"https:\/\/www.yucatanencorto.com\/noticias\/ciudadanos-opinan-sobre-los-cambios-al-sistema-va-y-ven-del-circuito-metropolitano\/"},"author":{"name":"Yucat\u00e1n en Corto FC","@id":"https:\/\/www.yucatanencorto.com\/noticias\/#\/schema\/person\/14f82d355225a1f4075dd84a31f45a72"},"headline":"Ciudadanos opinan sobre los cambios al sistema Va y ven del Circuito metropolitano.","datePublished":"2023-03-27T23:28:27+00:00","mainEntityOfPage":{"@id":"https:\/\/www.yucatanencorto.com\/noticias\/ciudadanos-opinan-sobre-los-cambios-al-sistema-va-y-ven-del-circuito-metropolitano\/"},"wordCount":1135,"image":{"@id":"https:\/\/www.yucatanencorto.com\/noticias\/ciudadanos-opinan-sobre-los-cambios-al-sistema-va-y-ven-del-circuito-metropolitano\/#primaryimage"},"thumbnailUrl":"https:\/\/www.yucatanencorto.com\/noticias\/wp-content\/uploads\/2023\/03\/WhatsApp-Image-2023-03-27-at-4.58.36-PM-scaled.jpeg","articleSection":["M\u00e9rida"],"inLanguage":"es"},{"@type":"WebPage","@id":"https:\/\/www.yucatanencorto.com\/noticias\/ciudadanos-opinan-sobre-los-cambios-al-sistema-va-y-ven-del-circuito-metropolitano\/","url":"https:\/\/www.yucatanencorto.com\/noticias\/ciudadanos-opinan-sobre-los-cambios-al-sistema-va-y-ven-del-circuito-metropolitano\/","name":"Ciudadanos opinan sobre los cambios al sistema Va y ven del Circuito metropolitano. - Yucat\u00e1n en corto","isPartOf":{"@id":"https:\/\/www.yucatanencorto.com\/noticias\/#website"},"primaryImageOfPage":{"@id":"https:\/\/www.yucatanencorto.com\/noticias\/ciudadanos-opinan-sobre-los-cambios-al-sistema-va-y-ven-del-circuito-metropolitano\/#primaryimage"},"image":{"@id":"https:\/\/www.yucatanencorto.com\/noticias\/ciudadanos-opinan-sobre-los-cambios-al-sistema-va-y-ven-del-circuito-metropolitano\/#primaryimage"},"thumbnailUrl":"https:\/\/www.yucatanencorto.com\/noticias\/wp-content\/uploads\/2023\/03\/WhatsApp-Image-2023-03-27-at-4.58.36-PM-scaled.jpeg","datePublished":"2023-03-27T23:28:27+00:00","author":{"@id":"https:\/\/www.yucatanencorto.com\/noticias\/#\/schema\/person\/14f82d355225a1f4075dd84a31f45a72"},"breadcrumb":{"@id":"https:\/\/www.yucatanencorto.com\/noticias\/ciudadanos-opinan-sobre-los-cambios-al-sistema-va-y-ven-del-circuito-metropolitano\/#breadcrumb"},"inLanguage":"es","potentialAction":[{"@type":"ReadAction","target":["https:\/\/www.yucatanencorto.com\/noticias\/ciudadanos-opinan-sobre-los-cambios-al-sistema-va-y-ven-del-circuito-metropolitano\/"]}]},{"@type":"ImageObject","inLanguage":"es","@id":"https:\/\/www.yucatanencorto.com\/noticias\/ciudadanos-opinan-sobre-los-cambios-al-sistema-va-y-ven-del-circuito-metropolitano\/#primaryimage","url":"https:\/\/www.yucatanencorto.com\/noticias\/wp-content\/uploads\/2023\/03\/WhatsApp-Image-2023-03-27-at-4.58.36-PM-scaled.jpeg","contentUrl":"https:\/\/www.yucatanencorto.com\/noticias\/wp-content\/uploads\/2023\/03\/WhatsApp-Image-2023-03-27-at-4.58.36-PM-scaled.jpeg","width":768,"height":512},{"@type":"BreadcrumbList","@id":"https:\/\/www.yucatanencorto.com\/noticias\/ciudadanos-opinan-sobre-los-cambios-al-sistema-va-y-ven-del-circuito-metropolitano\/#breadcrumb","itemListElement":[{"@type":"ListItem","position":1,"name":"Portada","item":"https:\/\/www.yucatanencorto.com\/noticias\/"},{"@type":"ListItem","position":2,"name":"Ciudadanos opinan sobre los cambios al sistema Va y ven del Circuito metropolitano."}]},{"@type":"WebSite","@id":"https:\/\/www.yucatanencorto.com\/noticias\/#website","url":"https:\/\/www.yucatanencorto.com\/noticias\/","name":"Yucat\u00e1n en corto","description":"Noticias","potentialAction":[{"@type":"SearchAction","target":{"@type":"EntryPoint","urlTemplate":"https:\/\/www.yucatanencorto.com\/noticias\/?s={search_term_string}"},"query-input":{"@type":"PropertyValueSpecification","valueRequired":true,"valueName":"search_term_string"}}],"inLanguage":"es"},{"@type":"Person","@id":"https:\/\/www.yucatanencorto.com\/noticias\/#\/schema\/person\/14f82d355225a1f4075dd84a31f45a72","name":"Yucat\u00e1n en Corto FC","image":{"@type":"ImageObject","inLanguage":"es","@id":"https:\/\/secure.gravatar.com\/avatar\/147d4b30cd728c53c29c49a3f7834dedca33707f4cd259761355846009a88250?s=96&d=mm&r=g","url":"https:\/\/secure.gravatar.com\/avatar\/147d4b30cd728c53c29c49a3f7834dedca33707f4cd259761355846009a88250?s=96&d=mm&r=g","contentUrl":"https:\/\/secure.gravatar.com\/avatar\/147d4b30cd728c53c29c49a3f7834dedca33707f4cd259761355846009a88250?s=96&d=mm&r=g","caption":"Yucat\u00e1n en Corto FC"},"url":"https:\/\/www.yucatanencorto.com\/noticias\/author\/flor\/"}]}},"_links":{"self":[{"href":"https:\/\/www.yucatanencorto.com\/noticias\/wp-json\/wp\/v2\/posts\/97330","targetHints":{"allow":["GET"]}}],"collection":[{"href":"https:\/\/www.yucatanencorto.com\/noticias\/wp-json\/wp\/v2\/posts"}],"about":[{"href":"https:\/\/www.yucatanencorto.com\/noticias\/wp-json\/wp\/v2\/types\/post"}],"author":[{"embeddable":true,"href":"https:\/\/www.yucatanencorto.com\/noticias\/wp-json\/wp\/v2\/users\/2"}],"replies":[{"embeddable":true,"href":"https:\/\/www.yucatanencorto.com\/noticias\/wp-json\/wp\/v2\/comments?post=97330"}],"version-history":[{"count":0,"href":"https:\/\/www.yucatanencorto.com\/noticias\/wp-json\/wp\/v2\/posts\/97330\/revisions"}],"wp:featuredmedia":[{"embeddable":true,"href":"https:\/\/www.yucatanencorto.com\/noticias\/wp-json\/wp\/v2\/media\/97337"}],"wp:attachment":[{"href":"https:\/\/www.yucatanencorto.com\/noticias\/wp-json\/wp\/v2\/media?parent=97330"}],"wp:term":[{"taxonomy":"category","embeddable":true,"href":"https:\/\/www.yucatanencorto.com\/noticias\/wp-json\/wp\/v2\/categories?post=97330"},{"taxonomy":"post_tag","embeddable":true,"href":"https:\/\/www.yucatanencorto.com\/noticias\/wp-json\/wp\/v2\/tags?post=97330"}],"curies":[{"name":"wp","href":"https:\/\/api.w.org\/{rel}","templated":true}]}}