{"id":97340,"date":"2023-03-27T17:42:56","date_gmt":"2023-03-27T23:42:56","guid":{"rendered":"https:\/\/www.yucatanencorto.com\/noticias\/?p=97340"},"modified":"2023-03-27T17:42:56","modified_gmt":"2023-03-27T23:42:56","slug":"analizan-iniciativas-en-materia-de-prevencion-y-combate-al-delito-e-igualdad-de-genero","status":"publish","type":"post","link":"https:\/\/www.yucatanencorto.com\/noticias\/analizan-iniciativas-en-materia-de-prevencion-y-combate-al-delito-e-igualdad-de-genero\/","title":{"rendered":"Analizan iniciativas en materia de prevenci\u00f3n y combate al delito e igualdad de g\u00e9nero."},"content":{"rendered":"<p><img loading=\"lazy\" decoding=\"async\" class=\"alignnone size-full wp-image-97342\" src=\"https:\/\/www.yucatanencorto.com\/noticias\/wp-content\/uploads\/2023\/03\/WhatsApp-Image-2023-03-27-at-5.02.04-PM-scaled.jpeg\" alt=\"\" width=\"768\" height=\"512\" srcset=\"https:\/\/www.yucatanencorto.com\/noticias\/wp-content\/uploads\/2023\/03\/WhatsApp-Image-2023-03-27-at-5.02.04-PM-scaled.jpeg 768w, https:\/\/www.yucatanencorto.com\/noticias\/wp-content\/uploads\/2023\/03\/WhatsApp-Image-2023-03-27-at-5.02.04-PM-1536x1023.jpeg 1536w, https:\/\/www.yucatanencorto.com\/noticias\/wp-content\/uploads\/2023\/03\/WhatsApp-Image-2023-03-27-at-5.02.04-PM-696x464.jpeg 696w, https:\/\/www.yucatanencorto.com\/noticias\/wp-content\/uploads\/2023\/03\/WhatsApp-Image-2023-03-27-at-5.02.04-PM-1068x712.jpeg 1068w, https:\/\/www.yucatanencorto.com\/noticias\/wp-content\/uploads\/2023\/03\/WhatsApp-Image-2023-03-27-at-5.02.04-PM-630x420.jpeg 630w\" sizes=\"auto, (max-width: 768px) 100vw, 768px\" \/><\/p>\n<p><span style=\"font-weight: 400;\">M\u00e9rida, Yucat\u00e1n a 27 de marzo de 2023.- En sesi\u00f3n de la comisi\u00f3n de Puntos Constitucionales y Gobernaci\u00f3n, los diputados dieron continuidad al an\u00e1lisis de los proyectos de dict\u00e1menes de diversas iniciativas enviadas por el Ejecutivo Estatal.<\/span><\/p>\n<p>&nbsp;<\/p>\n<p><span style=\"font-weight: 400;\">Al recibir propuestas de modificaciones y para enriquecer los proyectos, la presidenta de la comisi\u00f3n, Carmen Gonz\u00e1lez Mart\u00edn instruy\u00f3 a la Secretar\u00eda General para que las agrupe por ejes siempre y cuando tengan el mismo sentido y aplicando la t\u00e9cnica legislativa correspondiente. Para dar continuidad al an\u00e1lisis, se convoc\u00f3 a sesi\u00f3n de la comisi\u00f3n para este martes 28 de marzo a las 17 horas.<\/span><\/p>\n<p>&nbsp;<\/p>\n<p><span style=\"font-weight: 400;\">Para el proyecto de dictamen de la iniciativa que reforma la Constituci\u00f3n en materia de autonom\u00eda Constitucional de la Fiscal\u00eda General de Justicia del Estado, suscrita por el diputado Gaspar Quintal Parra y la diputada Karla Franco Blanco; as\u00ed como la iniciativa para modificar la Constituci\u00f3n Pol\u00edtica del Estado y diversas leyes en materia de autonom\u00eda de la Fiscal\u00eda General del Estado, suscrita por el gobernador Mauricio Vila Dosal y la secretaria General de Gobierno, Mar\u00eda Fritz Sierra, las diputadas Vida G\u00f3mez Herrera (MC), Alejandra Novelo Segura (Morena) y el diputado Jes\u00fas P\u00e9rez Ballote (PAN), hicieron entrega de una serie de propuestas.<\/span><\/p>\n<p>&nbsp;<\/p>\n<p><span style=\"font-weight: 400;\">En el caso del proyecto de dictamen de la iniciativa para modificar la Constituci\u00f3n Pol\u00edtica, el C\u00f3digo Penal, la Ley Org\u00e1nica del Poder Judicial y el C\u00f3digo Fiscal, todas del Estado de Yucat\u00e1n, en materia de prevenci\u00f3n y combate al delito de operaciones con recursos de procedencia il\u00edcita, los mismos diputados hicieron entrega a la presidenta de diversas modificaciones.<\/span><\/p>\n<p><img loading=\"lazy\" decoding=\"async\" class=\"alignnone size-full wp-image-97341\" src=\"https:\/\/www.yucatanencorto.com\/noticias\/wp-content\/uploads\/2023\/03\/WhatsApp-Image-2023-03-27-at-5.02.04-PM-1-scaled.jpeg\" alt=\"\" width=\"768\" height=\"512\" srcset=\"https:\/\/www.yucatanencorto.com\/noticias\/wp-content\/uploads\/2023\/03\/WhatsApp-Image-2023-03-27-at-5.02.04-PM-1-scaled.jpeg 768w, https:\/\/www.yucatanencorto.com\/noticias\/wp-content\/uploads\/2023\/03\/WhatsApp-Image-2023-03-27-at-5.02.04-PM-1-1536x1023.jpeg 1536w, https:\/\/www.yucatanencorto.com\/noticias\/wp-content\/uploads\/2023\/03\/WhatsApp-Image-2023-03-27-at-5.02.04-PM-1-696x464.jpeg 696w, https:\/\/www.yucatanencorto.com\/noticias\/wp-content\/uploads\/2023\/03\/WhatsApp-Image-2023-03-27-at-5.02.04-PM-1-1068x712.jpeg 1068w, https:\/\/www.yucatanencorto.com\/noticias\/wp-content\/uploads\/2023\/03\/WhatsApp-Image-2023-03-27-at-5.02.04-PM-1-630x420.jpeg 630w\" sizes=\"auto, (max-width: 768px) 100vw, 768px\" \/><\/p>\n<p><span style=\"font-weight: 400;\">Tambi\u00e9n se present\u00f3 el proyecto de dictamen de la Iniciativa para modificar la Constituci\u00f3n Pol\u00edtica, el C\u00f3digo de la Administraci\u00f3n P\u00fablica y la Ley de Gobierno del Poder Legislativo, donde la diputada Alejandra Novelo Segura (Morena) entreg\u00f3 propuestas para la misma.<\/span><\/p>\n<p>&nbsp;<\/p>\n<p><span style=\"font-weight: 400;\">Respecto a la iniciativa enviada por el Ejecutivo Estatal para modificar la Constituci\u00f3n Pol\u00edtica, expedir la Ley que Regula a las Instancias Municipales de las Mujeres en el Estado y modificar la Ley de Gobierno de los Municipios del Estado, referente a la igualdad entre mujeres y hombres y de acceso de las mujeres a una vida libre de violencia, el diputado Jes\u00fas P\u00e9rez Ballote (PAN), hizo entrega de propuestas para enriquecer a la misma.<\/span><\/p>\n<p>&nbsp;<\/p>\n<p><span style=\"font-weight: 400;\">El proyecto de dictamen para modificar la Constituci\u00f3n Pol\u00edtica, el C\u00f3digo de la Administraci\u00f3n P\u00fablica y la Ley de Gobierno del Poder Legislativo, todas del Estado de Yucat\u00e1n, as\u00ed como la iniciativa para modificar el C\u00f3digo de la Administraci\u00f3n P\u00fablica sobre los organismos p\u00fablicos descentralizados, se aprob\u00f3 con la propuesta realizada por el diputado Gaspar Quintal para modificar la redacci\u00f3n en algunos p\u00e1rrafos de la iniciativa.<\/span><\/p>\n<p>&nbsp;<\/p>\n<p><span style=\"font-weight: 400;\">Por \u00faltimo, aprobaron el proyecto de dictamen para reformar el art\u00edculo 8 de la Ley de Planeaci\u00f3n para el Desarrollo del Estado de Yucat\u00e1n, as\u00ed como el art\u00edculo 79 de la Ley de Gobierno de los Municipios, en materia de reducci\u00f3n del papel para que al momento de que los Ayuntamientos remitan al Congreso del Estado sus Planes Municipales de Desarrollo y sus informes anuales de actividades, lo realizan exclusivamente por medio electr\u00f3nico.<\/span><\/p>\n","protected":false},"excerpt":{"rendered":"<p>M\u00e9rida, Yucat\u00e1n a 27 de marzo de 2023.- En sesi\u00f3n de la comisi\u00f3n de Puntos Constitucionales y Gobernaci\u00f3n, los diputados dieron continuidad al an\u00e1lisis de los proyectos de dict\u00e1menes de diversas iniciativas enviadas por el Ejecutivo Estatal. &nbsp; Al recibir propuestas de modificaciones y para enriquecer los proyectos, la presidenta de la comisi\u00f3n, Carmen Gonz\u00e1lez [&hellip;]<\/p>\n","protected":false},"author":2,"featured_media":97342,"comment_status":"closed","ping_status":"closed","sticky":false,"template":"","format":"standard","meta":{"footnotes":""},"categories":[3],"tags":[],"class_list":{"0":"post-97340","1":"post","2":"type-post","3":"status-publish","4":"format-standard","5":"has-post-thumbnail","7":"category-yucatan"},"yoast_head":"<!-- This site is optimized with the Yoast SEO plugin v27.4 - https:\/\/yoast.com\/product\/yoast-seo-wordpress\/ -->\n<title>Analizan iniciativas en materia de prevenci\u00f3n y combate al delito e igualdad de g\u00e9nero. - Yucat\u00e1n en corto<\/title>\n<meta name=\"robots\" content=\"index, follow, max-snippet:-1, max-image-preview:large, max-video-preview:-1\" \/>\n<link rel=\"canonical\" href=\"https:\/\/www.yucatanencorto.com\/noticias\/analizan-iniciativas-en-materia-de-prevencion-y-combate-al-delito-e-igualdad-de-genero\/\" \/>\n<meta property=\"og:locale\" content=\"es_ES\" \/>\n<meta property=\"og:type\" content=\"article\" \/>\n<meta property=\"og:title\" content=\"Analizan iniciativas en materia de prevenci\u00f3n y combate al delito e igualdad de g\u00e9nero. - Yucat\u00e1n en corto\" \/>\n<meta property=\"og:description\" content=\"M\u00e9rida, Yucat\u00e1n a 27 de marzo de 2023.- En sesi\u00f3n de la comisi\u00f3n de Puntos Constitucionales y Gobernaci\u00f3n, los diputados dieron continuidad al an\u00e1lisis de los proyectos de dict\u00e1menes de diversas iniciativas enviadas por el Ejecutivo Estatal. &nbsp; Al recibir propuestas de modificaciones y para enriquecer los proyectos, la presidenta de la comisi\u00f3n, Carmen Gonz\u00e1lez [&hellip;]\" \/>\n<meta property=\"og:url\" content=\"https:\/\/www.yucatanencorto.com\/noticias\/analizan-iniciativas-en-materia-de-prevencion-y-combate-al-delito-e-igualdad-de-genero\/\" \/>\n<meta property=\"og:site_name\" content=\"Yucat\u00e1n en corto\" \/>\n<meta property=\"article:publisher\" content=\"http:\/\/www.facebook.com\/yucatanencorto\" \/>\n<meta property=\"article:published_time\" content=\"2023-03-27T23:42:56+00:00\" \/>\n<meta property=\"og:image\" content=\"https:\/\/www.yucatanencorto.com\/noticias\/wp-content\/uploads\/2023\/03\/WhatsApp-Image-2023-03-27-at-5.02.04-PM-scaled.jpeg\" \/>\n\t<meta property=\"og:image:width\" content=\"768\" \/>\n\t<meta property=\"og:image:height\" content=\"512\" \/>\n\t<meta property=\"og:image:type\" content=\"image\/jpeg\" \/>\n<meta name=\"author\" content=\"Yucat\u00e1n en Corto FC\" \/>\n<meta name=\"twitter:card\" content=\"summary_large_image\" \/>\n<meta name=\"twitter:creator\" content=\"@yucatanencorto\" \/>\n<meta name=\"twitter:site\" content=\"@yucatanencorto\" \/>\n<meta name=\"twitter:label1\" content=\"Escrito por\" \/>\n\t<meta name=\"twitter:data1\" content=\"Yucat\u00e1n en Corto FC\" \/>\n\t<meta name=\"twitter:label2\" content=\"Tiempo de lectura\" \/>\n\t<meta name=\"twitter:data2\" content=\"3 minutos\" \/>\n<script type=\"application\/ld+json\" class=\"yoast-schema-graph\">{\"@context\":\"https:\\\/\\\/schema.org\",\"@graph\":[{\"@type\":\"Article\",\"@id\":\"https:\\\/\\\/www.yucatanencorto.com\\\/noticias\\\/analizan-iniciativas-en-materia-de-prevencion-y-combate-al-delito-e-igualdad-de-genero\\\/#article\",\"isPartOf\":{\"@id\":\"https:\\\/\\\/www.yucatanencorto.com\\\/noticias\\\/analizan-iniciativas-en-materia-de-prevencion-y-combate-al-delito-e-igualdad-de-genero\\\/\"},\"author\":{\"name\":\"Yucat\u00e1n en Corto FC\",\"@id\":\"https:\\\/\\\/www.yucatanencorto.com\\\/noticias\\\/#\\\/schema\\\/person\\\/14f82d355225a1f4075dd84a31f45a72\"},\"headline\":\"Analizan iniciativas en materia de prevenci\u00f3n y combate al delito e igualdad de g\u00e9nero.\",\"datePublished\":\"2023-03-27T23:42:56+00:00\",\"mainEntityOfPage\":{\"@id\":\"https:\\\/\\\/www.yucatanencorto.com\\\/noticias\\\/analizan-iniciativas-en-materia-de-prevencion-y-combate-al-delito-e-igualdad-de-genero\\\/\"},\"wordCount\":596,\"image\":{\"@id\":\"https:\\\/\\\/www.yucatanencorto.com\\\/noticias\\\/analizan-iniciativas-en-materia-de-prevencion-y-combate-al-delito-e-igualdad-de-genero\\\/#primaryimage\"},\"thumbnailUrl\":\"https:\\\/\\\/www.yucatanencorto.com\\\/noticias\\\/wp-content\\\/uploads\\\/2023\\\/03\\\/WhatsApp-Image-2023-03-27-at-5.02.04-PM-scaled.jpeg\",\"articleSection\":[\"Yucat\u00e1n\"],\"inLanguage\":\"es\"},{\"@type\":\"WebPage\",\"@id\":\"https:\\\/\\\/www.yucatanencorto.com\\\/noticias\\\/analizan-iniciativas-en-materia-de-prevencion-y-combate-al-delito-e-igualdad-de-genero\\\/\",\"url\":\"https:\\\/\\\/www.yucatanencorto.com\\\/noticias\\\/analizan-iniciativas-en-materia-de-prevencion-y-combate-al-delito-e-igualdad-de-genero\\\/\",\"name\":\"Analizan iniciativas en materia de prevenci\u00f3n y combate al delito e igualdad de g\u00e9nero. - Yucat\u00e1n en corto\",\"isPartOf\":{\"@id\":\"https:\\\/\\\/www.yucatanencorto.com\\\/noticias\\\/#website\"},\"primaryImageOfPage\":{\"@id\":\"https:\\\/\\\/www.yucatanencorto.com\\\/noticias\\\/analizan-iniciativas-en-materia-de-prevencion-y-combate-al-delito-e-igualdad-de-genero\\\/#primaryimage\"},\"image\":{\"@id\":\"https:\\\/\\\/www.yucatanencorto.com\\\/noticias\\\/analizan-iniciativas-en-materia-de-prevencion-y-combate-al-delito-e-igualdad-de-genero\\\/#primaryimage\"},\"thumbnailUrl\":\"https:\\\/\\\/www.yucatanencorto.com\\\/noticias\\\/wp-content\\\/uploads\\\/2023\\\/03\\\/WhatsApp-Image-2023-03-27-at-5.02.04-PM-scaled.jpeg\",\"datePublished\":\"2023-03-27T23:42:56+00:00\",\"author\":{\"@id\":\"https:\\\/\\\/www.yucatanencorto.com\\\/noticias\\\/#\\\/schema\\\/person\\\/14f82d355225a1f4075dd84a31f45a72\"},\"breadcrumb\":{\"@id\":\"https:\\\/\\\/www.yucatanencorto.com\\\/noticias\\\/analizan-iniciativas-en-materia-de-prevencion-y-combate-al-delito-e-igualdad-de-genero\\\/#breadcrumb\"},\"inLanguage\":\"es\",\"potentialAction\":[{\"@type\":\"ReadAction\",\"target\":[\"https:\\\/\\\/www.yucatanencorto.com\\\/noticias\\\/analizan-iniciativas-en-materia-de-prevencion-y-combate-al-delito-e-igualdad-de-genero\\\/\"]}]},{\"@type\":\"ImageObject\",\"inLanguage\":\"es\",\"@id\":\"https:\\\/\\\/www.yucatanencorto.com\\\/noticias\\\/analizan-iniciativas-en-materia-de-prevencion-y-combate-al-delito-e-igualdad-de-genero\\\/#primaryimage\",\"url\":\"https:\\\/\\\/www.yucatanencorto.com\\\/noticias\\\/wp-content\\\/uploads\\\/2023\\\/03\\\/WhatsApp-Image-2023-03-27-at-5.02.04-PM-scaled.jpeg\",\"contentUrl\":\"https:\\\/\\\/www.yucatanencorto.com\\\/noticias\\\/wp-content\\\/uploads\\\/2023\\\/03\\\/WhatsApp-Image-2023-03-27-at-5.02.04-PM-scaled.jpeg\",\"width\":768,\"height\":512},{\"@type\":\"BreadcrumbList\",\"@id\":\"https:\\\/\\\/www.yucatanencorto.com\\\/noticias\\\/analizan-iniciativas-en-materia-de-prevencion-y-combate-al-delito-e-igualdad-de-genero\\\/#breadcrumb\",\"itemListElement\":[{\"@type\":\"ListItem\",\"position\":1,\"name\":\"Portada\",\"item\":\"https:\\\/\\\/www.yucatanencorto.com\\\/noticias\\\/\"},{\"@type\":\"ListItem\",\"position\":2,\"name\":\"Analizan iniciativas en materia de prevenci\u00f3n y combate al delito e igualdad de g\u00e9nero.\"}]},{\"@type\":\"WebSite\",\"@id\":\"https:\\\/\\\/www.yucatanencorto.com\\\/noticias\\\/#website\",\"url\":\"https:\\\/\\\/www.yucatanencorto.com\\\/noticias\\\/\",\"name\":\"Yucat\u00e1n en corto\",\"description\":\"Noticias\",\"potentialAction\":[{\"@type\":\"SearchAction\",\"target\":{\"@type\":\"EntryPoint\",\"urlTemplate\":\"https:\\\/\\\/www.yucatanencorto.com\\\/noticias\\\/?s={search_term_string}\"},\"query-input\":{\"@type\":\"PropertyValueSpecification\",\"valueRequired\":true,\"valueName\":\"search_term_string\"}}],\"inLanguage\":\"es\"},{\"@type\":\"Person\",\"@id\":\"https:\\\/\\\/www.yucatanencorto.com\\\/noticias\\\/#\\\/schema\\\/person\\\/14f82d355225a1f4075dd84a31f45a72\",\"name\":\"Yucat\u00e1n en Corto FC\",\"image\":{\"@type\":\"ImageObject\",\"inLanguage\":\"es\",\"@id\":\"https:\\\/\\\/secure.gravatar.com\\\/avatar\\\/147d4b30cd728c53c29c49a3f7834dedca33707f4cd259761355846009a88250?s=96&d=mm&r=g\",\"url\":\"https:\\\/\\\/secure.gravatar.com\\\/avatar\\\/147d4b30cd728c53c29c49a3f7834dedca33707f4cd259761355846009a88250?s=96&d=mm&r=g\",\"contentUrl\":\"https:\\\/\\\/secure.gravatar.com\\\/avatar\\\/147d4b30cd728c53c29c49a3f7834dedca33707f4cd259761355846009a88250?s=96&d=mm&r=g\",\"caption\":\"Yucat\u00e1n en Corto FC\"},\"url\":\"https:\\\/\\\/www.yucatanencorto.com\\\/noticias\\\/author\\\/flor\\\/\"}]}<\/script>\n<!-- \/ Yoast SEO plugin. -->","yoast_head_json":{"title":"Analizan iniciativas en materia de prevenci\u00f3n y combate al delito e igualdad de g\u00e9nero. - Yucat\u00e1n en corto","robots":{"index":"index","follow":"follow","max-snippet":"max-snippet:-1","max-image-preview":"max-image-preview:large","max-video-preview":"max-video-preview:-1"},"canonical":"https:\/\/www.yucatanencorto.com\/noticias\/analizan-iniciativas-en-materia-de-prevencion-y-combate-al-delito-e-igualdad-de-genero\/","og_locale":"es_ES","og_type":"article","og_title":"Analizan iniciativas en materia de prevenci\u00f3n y combate al delito e igualdad de g\u00e9nero. - Yucat\u00e1n en corto","og_description":"M\u00e9rida, Yucat\u00e1n a 27 de marzo de 2023.- En sesi\u00f3n de la comisi\u00f3n de Puntos Constitucionales y Gobernaci\u00f3n, los diputados dieron continuidad al an\u00e1lisis de los proyectos de dict\u00e1menes de diversas iniciativas enviadas por el Ejecutivo Estatal. &nbsp; Al recibir propuestas de modificaciones y para enriquecer los proyectos, la presidenta de la comisi\u00f3n, Carmen Gonz\u00e1lez [&hellip;]","og_url":"https:\/\/www.yucatanencorto.com\/noticias\/analizan-iniciativas-en-materia-de-prevencion-y-combate-al-delito-e-igualdad-de-genero\/","og_site_name":"Yucat\u00e1n en corto","article_publisher":"http:\/\/www.facebook.com\/yucatanencorto","article_published_time":"2023-03-27T23:42:56+00:00","og_image":[{"width":768,"height":512,"url":"https:\/\/www.yucatanencorto.com\/noticias\/wp-content\/uploads\/2023\/03\/WhatsApp-Image-2023-03-27-at-5.02.04-PM-scaled.jpeg","type":"image\/jpeg"}],"author":"Yucat\u00e1n en Corto FC","twitter_card":"summary_large_image","twitter_creator":"@yucatanencorto","twitter_site":"@yucatanencorto","twitter_misc":{"Escrito por":"Yucat\u00e1n en Corto FC","Tiempo de lectura":"3 minutos"},"schema":{"@context":"https:\/\/schema.org","@graph":[{"@type":"Article","@id":"https:\/\/www.yucatanencorto.com\/noticias\/analizan-iniciativas-en-materia-de-prevencion-y-combate-al-delito-e-igualdad-de-genero\/#article","isPartOf":{"@id":"https:\/\/www.yucatanencorto.com\/noticias\/analizan-iniciativas-en-materia-de-prevencion-y-combate-al-delito-e-igualdad-de-genero\/"},"author":{"name":"Yucat\u00e1n en Corto FC","@id":"https:\/\/www.yucatanencorto.com\/noticias\/#\/schema\/person\/14f82d355225a1f4075dd84a31f45a72"},"headline":"Analizan iniciativas en materia de prevenci\u00f3n y combate al delito e igualdad de g\u00e9nero.","datePublished":"2023-03-27T23:42:56+00:00","mainEntityOfPage":{"@id":"https:\/\/www.yucatanencorto.com\/noticias\/analizan-iniciativas-en-materia-de-prevencion-y-combate-al-delito-e-igualdad-de-genero\/"},"wordCount":596,"image":{"@id":"https:\/\/www.yucatanencorto.com\/noticias\/analizan-iniciativas-en-materia-de-prevencion-y-combate-al-delito-e-igualdad-de-genero\/#primaryimage"},"thumbnailUrl":"https:\/\/www.yucatanencorto.com\/noticias\/wp-content\/uploads\/2023\/03\/WhatsApp-Image-2023-03-27-at-5.02.04-PM-scaled.jpeg","articleSection":["Yucat\u00e1n"],"inLanguage":"es"},{"@type":"WebPage","@id":"https:\/\/www.yucatanencorto.com\/noticias\/analizan-iniciativas-en-materia-de-prevencion-y-combate-al-delito-e-igualdad-de-genero\/","url":"https:\/\/www.yucatanencorto.com\/noticias\/analizan-iniciativas-en-materia-de-prevencion-y-combate-al-delito-e-igualdad-de-genero\/","name":"Analizan iniciativas en materia de prevenci\u00f3n y combate al delito e igualdad de g\u00e9nero. - Yucat\u00e1n en corto","isPartOf":{"@id":"https:\/\/www.yucatanencorto.com\/noticias\/#website"},"primaryImageOfPage":{"@id":"https:\/\/www.yucatanencorto.com\/noticias\/analizan-iniciativas-en-materia-de-prevencion-y-combate-al-delito-e-igualdad-de-genero\/#primaryimage"},"image":{"@id":"https:\/\/www.yucatanencorto.com\/noticias\/analizan-iniciativas-en-materia-de-prevencion-y-combate-al-delito-e-igualdad-de-genero\/#primaryimage"},"thumbnailUrl":"https:\/\/www.yucatanencorto.com\/noticias\/wp-content\/uploads\/2023\/03\/WhatsApp-Image-2023-03-27-at-5.02.04-PM-scaled.jpeg","datePublished":"2023-03-27T23:42:56+00:00","author":{"@id":"https:\/\/www.yucatanencorto.com\/noticias\/#\/schema\/person\/14f82d355225a1f4075dd84a31f45a72"},"breadcrumb":{"@id":"https:\/\/www.yucatanencorto.com\/noticias\/analizan-iniciativas-en-materia-de-prevencion-y-combate-al-delito-e-igualdad-de-genero\/#breadcrumb"},"inLanguage":"es","potentialAction":[{"@type":"ReadAction","target":["https:\/\/www.yucatanencorto.com\/noticias\/analizan-iniciativas-en-materia-de-prevencion-y-combate-al-delito-e-igualdad-de-genero\/"]}]},{"@type":"ImageObject","inLanguage":"es","@id":"https:\/\/www.yucatanencorto.com\/noticias\/analizan-iniciativas-en-materia-de-prevencion-y-combate-al-delito-e-igualdad-de-genero\/#primaryimage","url":"https:\/\/www.yucatanencorto.com\/noticias\/wp-content\/uploads\/2023\/03\/WhatsApp-Image-2023-03-27-at-5.02.04-PM-scaled.jpeg","contentUrl":"https:\/\/www.yucatanencorto.com\/noticias\/wp-content\/uploads\/2023\/03\/WhatsApp-Image-2023-03-27-at-5.02.04-PM-scaled.jpeg","width":768,"height":512},{"@type":"BreadcrumbList","@id":"https:\/\/www.yucatanencorto.com\/noticias\/analizan-iniciativas-en-materia-de-prevencion-y-combate-al-delito-e-igualdad-de-genero\/#breadcrumb","itemListElement":[{"@type":"ListItem","position":1,"name":"Portada","item":"https:\/\/www.yucatanencorto.com\/noticias\/"},{"@type":"ListItem","position":2,"name":"Analizan iniciativas en materia de prevenci\u00f3n y combate al delito e igualdad de g\u00e9nero."}]},{"@type":"WebSite","@id":"https:\/\/www.yucatanencorto.com\/noticias\/#website","url":"https:\/\/www.yucatanencorto.com\/noticias\/","name":"Yucat\u00e1n en corto","description":"Noticias","potentialAction":[{"@type":"SearchAction","target":{"@type":"EntryPoint","urlTemplate":"https:\/\/www.yucatanencorto.com\/noticias\/?s={search_term_string}"},"query-input":{"@type":"PropertyValueSpecification","valueRequired":true,"valueName":"search_term_string"}}],"inLanguage":"es"},{"@type":"Person","@id":"https:\/\/www.yucatanencorto.com\/noticias\/#\/schema\/person\/14f82d355225a1f4075dd84a31f45a72","name":"Yucat\u00e1n en Corto FC","image":{"@type":"ImageObject","inLanguage":"es","@id":"https:\/\/secure.gravatar.com\/avatar\/147d4b30cd728c53c29c49a3f7834dedca33707f4cd259761355846009a88250?s=96&d=mm&r=g","url":"https:\/\/secure.gravatar.com\/avatar\/147d4b30cd728c53c29c49a3f7834dedca33707f4cd259761355846009a88250?s=96&d=mm&r=g","contentUrl":"https:\/\/secure.gravatar.com\/avatar\/147d4b30cd728c53c29c49a3f7834dedca33707f4cd259761355846009a88250?s=96&d=mm&r=g","caption":"Yucat\u00e1n en Corto FC"},"url":"https:\/\/www.yucatanencorto.com\/noticias\/author\/flor\/"}]}},"_links":{"self":[{"href":"https:\/\/www.yucatanencorto.com\/noticias\/wp-json\/wp\/v2\/posts\/97340","targetHints":{"allow":["GET"]}}],"collection":[{"href":"https:\/\/www.yucatanencorto.com\/noticias\/wp-json\/wp\/v2\/posts"}],"about":[{"href":"https:\/\/www.yucatanencorto.com\/noticias\/wp-json\/wp\/v2\/types\/post"}],"author":[{"embeddable":true,"href":"https:\/\/www.yucatanencorto.com\/noticias\/wp-json\/wp\/v2\/users\/2"}],"replies":[{"embeddable":true,"href":"https:\/\/www.yucatanencorto.com\/noticias\/wp-json\/wp\/v2\/comments?post=97340"}],"version-history":[{"count":0,"href":"https:\/\/www.yucatanencorto.com\/noticias\/wp-json\/wp\/v2\/posts\/97340\/revisions"}],"wp:featuredmedia":[{"embeddable":true,"href":"https:\/\/www.yucatanencorto.com\/noticias\/wp-json\/wp\/v2\/media\/97342"}],"wp:attachment":[{"href":"https:\/\/www.yucatanencorto.com\/noticias\/wp-json\/wp\/v2\/media?parent=97340"}],"wp:term":[{"taxonomy":"category","embeddable":true,"href":"https:\/\/www.yucatanencorto.com\/noticias\/wp-json\/wp\/v2\/categories?post=97340"},{"taxonomy":"post_tag","embeddable":true,"href":"https:\/\/www.yucatanencorto.com\/noticias\/wp-json\/wp\/v2\/tags?post=97340"}],"curies":[{"name":"wp","href":"https:\/\/api.w.org\/{rel}","templated":true}]}}