{"id":97344,"date":"2023-03-28T17:20:25","date_gmt":"2023-03-28T23:20:25","guid":{"rendered":"https:\/\/www.yucatanencorto.com\/noticias\/?p=97344"},"modified":"2023-03-28T17:20:25","modified_gmt":"2023-03-28T23:20:25","slug":"invitan-a-universidades-publicas-y-privadas-a-las-actividades-por-los-200-anos-del-congreso-del-estado","status":"publish","type":"post","link":"https:\/\/www.yucatanencorto.com\/noticias\/invitan-a-universidades-publicas-y-privadas-a-las-actividades-por-los-200-anos-del-congreso-del-estado\/","title":{"rendered":"Invitan a universidades p\u00fablicas y privadas a las actividades por los 200 a\u00f1os del Congreso del Estado"},"content":{"rendered":"<p><img loading=\"lazy\" decoding=\"async\" class=\"alignnone size-full wp-image-97345\" src=\"https:\/\/www.yucatanencorto.com\/noticias\/wp-content\/uploads\/2023\/03\/WhatsApp-Image-2023-03-28-at-16.26.32-scaled.jpeg\" alt=\"\" width=\"768\" height=\"512\" srcset=\"https:\/\/www.yucatanencorto.com\/noticias\/wp-content\/uploads\/2023\/03\/WhatsApp-Image-2023-03-28-at-16.26.32-scaled.jpeg 768w, https:\/\/www.yucatanencorto.com\/noticias\/wp-content\/uploads\/2023\/03\/WhatsApp-Image-2023-03-28-at-16.26.32-696x464.jpeg 696w, https:\/\/www.yucatanencorto.com\/noticias\/wp-content\/uploads\/2023\/03\/WhatsApp-Image-2023-03-28-at-16.26.32-1068x712.jpeg 1068w, https:\/\/www.yucatanencorto.com\/noticias\/wp-content\/uploads\/2023\/03\/WhatsApp-Image-2023-03-28-at-16.26.32-630x420.jpeg 630w\" sizes=\"auto, (max-width: 768px) 100vw, 768px\" \/><\/p>\n<p>M\u00e9rida, Yucat\u00e1n, 28 marzo de 2023<\/p>\n<p>Como parte de las acciones de cercan\u00eda con agrupaciones empresariales, sociedad civil organizada, autoridades educativas y poblaci\u00f3n en general, el presidente de la Junta de Gobierno y Coordinaci\u00f3n Pol\u00edtica del Congreso del Estado, diputado V\u00edctor Hugo Lozano Poveda, sostuvo una reuni\u00f3n con rectores de universidades para informarles sobre las actividades que se realizar\u00e1n con motivo de los 200 a\u00f1os de la instalaci\u00f3n del Augusto Congreso Constituyente del Estado de Yucat\u00e1n.<\/p>\n<p>Durante la reuni\u00f3n, realizada en el Sal\u00f3n \u201cAbogada Antonia Jim\u00e9nez Trava\u201d del recinto legislativo, el diputado Lozano Poveda destac\u00f3 la importancia de estrechar lazos con el sector educativo, en este caso las universidades p\u00fablicas y privadas de Yucat\u00e1n, a fin de enriquecer el trabajo legislativo con los j\u00f3venes estudiantes, quienes tienen una visi\u00f3n fresca de los procesos.<\/p>\n<p>\u201cLa relaci\u00f3n acad\u00e9mica que existe entre el Congreso del Estado y las universidades, redunda tambi\u00e9n en beneficios de los empleados, ya que pueden acceder a programas para la profesionalizaci\u00f3n a trav\u00e9s de diplomados y maestr\u00edas, por mencionar algunos, lo cual se traduce en un mejor desempe\u00f1o del Poder Legislativo. A la fecha se han firmado alrededor de 19 convenios\u201d, subray\u00f3 el legislador.<\/p>\n<p>El presidente Lozano Poveda indic\u00f3 que entre las actividades contempladas para los j\u00f3venes, se encuentra la realizaci\u00f3n del servicio social, pr\u00e1cticas profesionales, as\u00ed como recorridos guiados en el recinto, lo cual fortalece el v\u00ednculo entre el Congreso del Estado y las universidades.<\/p>\n<p>Entre la informaci\u00f3n que comparti\u00f3 con los rectores que asistieron a la reuni\u00f3n, el diputado destac\u00f3 la instalaci\u00f3n de la Comisi\u00f3n Especial para la Celebraci\u00f3n del Bicentenario del Primer Congreso Constituyente del Estado de Yucat\u00e1n, que es la encargada de organizar las actividades que se llevar\u00e1n a cabo en el marco de este aniversario.<\/p>\n<p>Asimismo, los invit\u00f3 a participar en el 1er Concurso de debate por y para j\u00f3venes, a realizarse en la primea quincena de mayo, cuyo objetivo es contribuir al desarrollo de las habilidades argumentativas y de investigaci\u00f3n de la juventud yucateca.<\/p>\n<p>Tambi\u00e9n, fomentar la participaci\u00f3n de intercambio de ideas y la expresi\u00f3n responsable de las juventudes sobre tem\u00e1ticas actuales que son de inter\u00e9s p\u00fablico y, adem\u00e1s, difundir los principios y disposiciones locales, nacionales, regionales e internacionales que fundamentan los derechos humanos.<\/p>\n<p>La convocatoria est\u00e1 dirigida a estudiantes de educaci\u00f3n superior, tanto de escuelas p\u00fablicas como privadas, que est\u00e9n cursando cualquier semestre de las licenciaturas en Derecho, Ciencias Pol\u00edticas, Relaciones Internacionales, Sociolog\u00eda, Ciencias de la Comunicaci\u00f3n y carreras afines, quienes tendr\u00e1n hasta el 30 de abril para inscribirse.<\/p>\n<p>En el mes de abril se realizar\u00eda el concurso de ensayos \u201cNuestras ra\u00edces mayas y el impacto del Congreso en ellas\u201d, y en junio, concurso de artesan\u00edas \u201cPor el orgullo de ser mexicano\u201d, por mencionar algunas.<\/p>\n<p>A la reuni\u00f3n asistieron los rectores de la Universidad Aut\u00f3noma de Yucat\u00e1n, Mtro. Carlos Alberto Estrada Pinto; Universidad Modelo, Tania Brice\u00f1o Rivero, en representaci\u00f3n del rector Ing. Carlos Sauri Duch; Universidad Vizcaya de las Am\u00e9ricas, Dr. Fernando Pacheco Bail\u00f3n en representaci\u00f3n del rector, Dr. Jos\u00e9 de Jes\u00fas Palafox Quintero; Centro de Estudios Superiores CTM, \u201cJusto Sierra O\u2019Reilly\u201d, Lic. Luis Echeverr\u00eda Navarro; y Universidad Interamericana para el Desarrollo, Mtra. Libertad Mena S\u00e1nchez Gal\u00e1n.<\/p>\n<p>Asimismo, estuvieron presentes por la Universidad An\u00e1huac Mayab, Mtra. Cristina Burgos, en representaci\u00f3n del rector Ing. Miguel P\u00e9rez G\u00f3mez; Universidad Marista de M\u00e9rida, LARN Romiry Quijano Pi\u00f1a en representaci\u00f3n del rector Mtro. Emilio Jos\u00e9 Echeverr\u00eda Castellanos, y por la Universidad Santander de M\u00e9rida, el subdirector Mtro. Ricardo Hom\u00e1 Mediburu, en representaci\u00f3n del rector Mtro. Gonzalo Hom\u00e1 Mendiburu.<\/p>\n","protected":false},"excerpt":{"rendered":"<p>M\u00e9rida, Yucat\u00e1n, 28 marzo de 2023 Como parte de las acciones de cercan\u00eda con agrupaciones empresariales, sociedad civil organizada, autoridades educativas y poblaci\u00f3n en general, el presidente de la Junta de Gobierno y Coordinaci\u00f3n Pol\u00edtica del Congreso del Estado, diputado V\u00edctor Hugo Lozano Poveda, sostuvo una reuni\u00f3n con rectores de universidades para informarles sobre las [&hellip;]<\/p>\n","protected":false},"author":2,"featured_media":97345,"comment_status":"closed","ping_status":"closed","sticky":false,"template":"","format":"standard","meta":{"footnotes":""},"categories":[3],"tags":[],"class_list":{"0":"post-97344","1":"post","2":"type-post","3":"status-publish","4":"format-standard","5":"has-post-thumbnail","7":"category-yucatan"},"yoast_head":"<!-- This site is optimized with the Yoast SEO plugin v27.4 - https:\/\/yoast.com\/product\/yoast-seo-wordpress\/ -->\n<title>Invitan a universidades p\u00fablicas y privadas a las actividades por los 200 a\u00f1os del Congreso del Estado - Yucat\u00e1n en corto<\/title>\n<meta name=\"robots\" content=\"index, follow, max-snippet:-1, max-image-preview:large, max-video-preview:-1\" \/>\n<link rel=\"canonical\" href=\"https:\/\/www.yucatanencorto.com\/noticias\/invitan-a-universidades-publicas-y-privadas-a-las-actividades-por-los-200-anos-del-congreso-del-estado\/\" \/>\n<meta property=\"og:locale\" content=\"es_ES\" \/>\n<meta property=\"og:type\" content=\"article\" \/>\n<meta property=\"og:title\" content=\"Invitan a universidades p\u00fablicas y privadas a las actividades por los 200 a\u00f1os del Congreso del Estado - Yucat\u00e1n en corto\" \/>\n<meta property=\"og:description\" content=\"M\u00e9rida, Yucat\u00e1n, 28 marzo de 2023 Como parte de las acciones de cercan\u00eda con agrupaciones empresariales, sociedad civil organizada, autoridades educativas y poblaci\u00f3n en general, el presidente de la Junta de Gobierno y Coordinaci\u00f3n Pol\u00edtica del Congreso del Estado, diputado V\u00edctor Hugo Lozano Poveda, sostuvo una reuni\u00f3n con rectores de universidades para informarles sobre las [&hellip;]\" \/>\n<meta property=\"og:url\" content=\"https:\/\/www.yucatanencorto.com\/noticias\/invitan-a-universidades-publicas-y-privadas-a-las-actividades-por-los-200-anos-del-congreso-del-estado\/\" \/>\n<meta property=\"og:site_name\" content=\"Yucat\u00e1n en corto\" \/>\n<meta property=\"article:publisher\" content=\"http:\/\/www.facebook.com\/yucatanencorto\" \/>\n<meta property=\"article:published_time\" content=\"2023-03-28T23:20:25+00:00\" \/>\n<meta property=\"og:image\" content=\"https:\/\/www.yucatanencorto.com\/noticias\/wp-content\/uploads\/2023\/03\/WhatsApp-Image-2023-03-28-at-16.26.32-scaled.jpeg\" \/>\n\t<meta property=\"og:image:width\" content=\"768\" \/>\n\t<meta property=\"og:image:height\" content=\"512\" \/>\n\t<meta property=\"og:image:type\" content=\"image\/jpeg\" \/>\n<meta name=\"author\" content=\"Yucat\u00e1n en Corto FC\" \/>\n<meta name=\"twitter:card\" content=\"summary_large_image\" \/>\n<meta name=\"twitter:creator\" content=\"@yucatanencorto\" \/>\n<meta name=\"twitter:site\" content=\"@yucatanencorto\" \/>\n<meta name=\"twitter:label1\" content=\"Escrito por\" \/>\n\t<meta name=\"twitter:data1\" content=\"Yucat\u00e1n en Corto FC\" \/>\n\t<meta name=\"twitter:label2\" content=\"Tiempo de lectura\" \/>\n\t<meta name=\"twitter:data2\" content=\"3 minutos\" \/>\n<script type=\"application\/ld+json\" class=\"yoast-schema-graph\">{\"@context\":\"https:\\\/\\\/schema.org\",\"@graph\":[{\"@type\":\"Article\",\"@id\":\"https:\\\/\\\/www.yucatanencorto.com\\\/noticias\\\/invitan-a-universidades-publicas-y-privadas-a-las-actividades-por-los-200-anos-del-congreso-del-estado\\\/#article\",\"isPartOf\":{\"@id\":\"https:\\\/\\\/www.yucatanencorto.com\\\/noticias\\\/invitan-a-universidades-publicas-y-privadas-a-las-actividades-por-los-200-anos-del-congreso-del-estado\\\/\"},\"author\":{\"name\":\"Yucat\u00e1n en Corto FC\",\"@id\":\"https:\\\/\\\/www.yucatanencorto.com\\\/noticias\\\/#\\\/schema\\\/person\\\/14f82d355225a1f4075dd84a31f45a72\"},\"headline\":\"Invitan a universidades p\u00fablicas y privadas a las actividades por los 200 a\u00f1os del Congreso del Estado\",\"datePublished\":\"2023-03-28T23:20:25+00:00\",\"mainEntityOfPage\":{\"@id\":\"https:\\\/\\\/www.yucatanencorto.com\\\/noticias\\\/invitan-a-universidades-publicas-y-privadas-a-las-actividades-por-los-200-anos-del-congreso-del-estado\\\/\"},\"wordCount\":674,\"image\":{\"@id\":\"https:\\\/\\\/www.yucatanencorto.com\\\/noticias\\\/invitan-a-universidades-publicas-y-privadas-a-las-actividades-por-los-200-anos-del-congreso-del-estado\\\/#primaryimage\"},\"thumbnailUrl\":\"https:\\\/\\\/www.yucatanencorto.com\\\/noticias\\\/wp-content\\\/uploads\\\/2023\\\/03\\\/WhatsApp-Image-2023-03-28-at-16.26.32-scaled.jpeg\",\"articleSection\":[\"Yucat\u00e1n\"],\"inLanguage\":\"es\"},{\"@type\":\"WebPage\",\"@id\":\"https:\\\/\\\/www.yucatanencorto.com\\\/noticias\\\/invitan-a-universidades-publicas-y-privadas-a-las-actividades-por-los-200-anos-del-congreso-del-estado\\\/\",\"url\":\"https:\\\/\\\/www.yucatanencorto.com\\\/noticias\\\/invitan-a-universidades-publicas-y-privadas-a-las-actividades-por-los-200-anos-del-congreso-del-estado\\\/\",\"name\":\"Invitan a universidades p\u00fablicas y privadas a las actividades por los 200 a\u00f1os del Congreso del Estado - Yucat\u00e1n en corto\",\"isPartOf\":{\"@id\":\"https:\\\/\\\/www.yucatanencorto.com\\\/noticias\\\/#website\"},\"primaryImageOfPage\":{\"@id\":\"https:\\\/\\\/www.yucatanencorto.com\\\/noticias\\\/invitan-a-universidades-publicas-y-privadas-a-las-actividades-por-los-200-anos-del-congreso-del-estado\\\/#primaryimage\"},\"image\":{\"@id\":\"https:\\\/\\\/www.yucatanencorto.com\\\/noticias\\\/invitan-a-universidades-publicas-y-privadas-a-las-actividades-por-los-200-anos-del-congreso-del-estado\\\/#primaryimage\"},\"thumbnailUrl\":\"https:\\\/\\\/www.yucatanencorto.com\\\/noticias\\\/wp-content\\\/uploads\\\/2023\\\/03\\\/WhatsApp-Image-2023-03-28-at-16.26.32-scaled.jpeg\",\"datePublished\":\"2023-03-28T23:20:25+00:00\",\"author\":{\"@id\":\"https:\\\/\\\/www.yucatanencorto.com\\\/noticias\\\/#\\\/schema\\\/person\\\/14f82d355225a1f4075dd84a31f45a72\"},\"breadcrumb\":{\"@id\":\"https:\\\/\\\/www.yucatanencorto.com\\\/noticias\\\/invitan-a-universidades-publicas-y-privadas-a-las-actividades-por-los-200-anos-del-congreso-del-estado\\\/#breadcrumb\"},\"inLanguage\":\"es\",\"potentialAction\":[{\"@type\":\"ReadAction\",\"target\":[\"https:\\\/\\\/www.yucatanencorto.com\\\/noticias\\\/invitan-a-universidades-publicas-y-privadas-a-las-actividades-por-los-200-anos-del-congreso-del-estado\\\/\"]}]},{\"@type\":\"ImageObject\",\"inLanguage\":\"es\",\"@id\":\"https:\\\/\\\/www.yucatanencorto.com\\\/noticias\\\/invitan-a-universidades-publicas-y-privadas-a-las-actividades-por-los-200-anos-del-congreso-del-estado\\\/#primaryimage\",\"url\":\"https:\\\/\\\/www.yucatanencorto.com\\\/noticias\\\/wp-content\\\/uploads\\\/2023\\\/03\\\/WhatsApp-Image-2023-03-28-at-16.26.32-scaled.jpeg\",\"contentUrl\":\"https:\\\/\\\/www.yucatanencorto.com\\\/noticias\\\/wp-content\\\/uploads\\\/2023\\\/03\\\/WhatsApp-Image-2023-03-28-at-16.26.32-scaled.jpeg\",\"width\":768,\"height\":512},{\"@type\":\"BreadcrumbList\",\"@id\":\"https:\\\/\\\/www.yucatanencorto.com\\\/noticias\\\/invitan-a-universidades-publicas-y-privadas-a-las-actividades-por-los-200-anos-del-congreso-del-estado\\\/#breadcrumb\",\"itemListElement\":[{\"@type\":\"ListItem\",\"position\":1,\"name\":\"Portada\",\"item\":\"https:\\\/\\\/www.yucatanencorto.com\\\/noticias\\\/\"},{\"@type\":\"ListItem\",\"position\":2,\"name\":\"Invitan a universidades p\u00fablicas y privadas a las actividades por los 200 a\u00f1os del Congreso del Estado\"}]},{\"@type\":\"WebSite\",\"@id\":\"https:\\\/\\\/www.yucatanencorto.com\\\/noticias\\\/#website\",\"url\":\"https:\\\/\\\/www.yucatanencorto.com\\\/noticias\\\/\",\"name\":\"Yucat\u00e1n en corto\",\"description\":\"Noticias\",\"potentialAction\":[{\"@type\":\"SearchAction\",\"target\":{\"@type\":\"EntryPoint\",\"urlTemplate\":\"https:\\\/\\\/www.yucatanencorto.com\\\/noticias\\\/?s={search_term_string}\"},\"query-input\":{\"@type\":\"PropertyValueSpecification\",\"valueRequired\":true,\"valueName\":\"search_term_string\"}}],\"inLanguage\":\"es\"},{\"@type\":\"Person\",\"@id\":\"https:\\\/\\\/www.yucatanencorto.com\\\/noticias\\\/#\\\/schema\\\/person\\\/14f82d355225a1f4075dd84a31f45a72\",\"name\":\"Yucat\u00e1n en Corto FC\",\"image\":{\"@type\":\"ImageObject\",\"inLanguage\":\"es\",\"@id\":\"https:\\\/\\\/secure.gravatar.com\\\/avatar\\\/147d4b30cd728c53c29c49a3f7834dedca33707f4cd259761355846009a88250?s=96&d=mm&r=g\",\"url\":\"https:\\\/\\\/secure.gravatar.com\\\/avatar\\\/147d4b30cd728c53c29c49a3f7834dedca33707f4cd259761355846009a88250?s=96&d=mm&r=g\",\"contentUrl\":\"https:\\\/\\\/secure.gravatar.com\\\/avatar\\\/147d4b30cd728c53c29c49a3f7834dedca33707f4cd259761355846009a88250?s=96&d=mm&r=g\",\"caption\":\"Yucat\u00e1n en Corto FC\"},\"url\":\"https:\\\/\\\/www.yucatanencorto.com\\\/noticias\\\/author\\\/flor\\\/\"}]}<\/script>\n<!-- \/ Yoast SEO plugin. -->","yoast_head_json":{"title":"Invitan a universidades p\u00fablicas y privadas a las actividades por los 200 a\u00f1os del Congreso del Estado - Yucat\u00e1n en corto","robots":{"index":"index","follow":"follow","max-snippet":"max-snippet:-1","max-image-preview":"max-image-preview:large","max-video-preview":"max-video-preview:-1"},"canonical":"https:\/\/www.yucatanencorto.com\/noticias\/invitan-a-universidades-publicas-y-privadas-a-las-actividades-por-los-200-anos-del-congreso-del-estado\/","og_locale":"es_ES","og_type":"article","og_title":"Invitan a universidades p\u00fablicas y privadas a las actividades por los 200 a\u00f1os del Congreso del Estado - Yucat\u00e1n en corto","og_description":"M\u00e9rida, Yucat\u00e1n, 28 marzo de 2023 Como parte de las acciones de cercan\u00eda con agrupaciones empresariales, sociedad civil organizada, autoridades educativas y poblaci\u00f3n en general, el presidente de la Junta de Gobierno y Coordinaci\u00f3n Pol\u00edtica del Congreso del Estado, diputado V\u00edctor Hugo Lozano Poveda, sostuvo una reuni\u00f3n con rectores de universidades para informarles sobre las [&hellip;]","og_url":"https:\/\/www.yucatanencorto.com\/noticias\/invitan-a-universidades-publicas-y-privadas-a-las-actividades-por-los-200-anos-del-congreso-del-estado\/","og_site_name":"Yucat\u00e1n en corto","article_publisher":"http:\/\/www.facebook.com\/yucatanencorto","article_published_time":"2023-03-28T23:20:25+00:00","og_image":[{"width":768,"height":512,"url":"https:\/\/www.yucatanencorto.com\/noticias\/wp-content\/uploads\/2023\/03\/WhatsApp-Image-2023-03-28-at-16.26.32-scaled.jpeg","type":"image\/jpeg"}],"author":"Yucat\u00e1n en Corto FC","twitter_card":"summary_large_image","twitter_creator":"@yucatanencorto","twitter_site":"@yucatanencorto","twitter_misc":{"Escrito por":"Yucat\u00e1n en Corto FC","Tiempo de lectura":"3 minutos"},"schema":{"@context":"https:\/\/schema.org","@graph":[{"@type":"Article","@id":"https:\/\/www.yucatanencorto.com\/noticias\/invitan-a-universidades-publicas-y-privadas-a-las-actividades-por-los-200-anos-del-congreso-del-estado\/#article","isPartOf":{"@id":"https:\/\/www.yucatanencorto.com\/noticias\/invitan-a-universidades-publicas-y-privadas-a-las-actividades-por-los-200-anos-del-congreso-del-estado\/"},"author":{"name":"Yucat\u00e1n en Corto FC","@id":"https:\/\/www.yucatanencorto.com\/noticias\/#\/schema\/person\/14f82d355225a1f4075dd84a31f45a72"},"headline":"Invitan a universidades p\u00fablicas y privadas a las actividades por los 200 a\u00f1os del Congreso del Estado","datePublished":"2023-03-28T23:20:25+00:00","mainEntityOfPage":{"@id":"https:\/\/www.yucatanencorto.com\/noticias\/invitan-a-universidades-publicas-y-privadas-a-las-actividades-por-los-200-anos-del-congreso-del-estado\/"},"wordCount":674,"image":{"@id":"https:\/\/www.yucatanencorto.com\/noticias\/invitan-a-universidades-publicas-y-privadas-a-las-actividades-por-los-200-anos-del-congreso-del-estado\/#primaryimage"},"thumbnailUrl":"https:\/\/www.yucatanencorto.com\/noticias\/wp-content\/uploads\/2023\/03\/WhatsApp-Image-2023-03-28-at-16.26.32-scaled.jpeg","articleSection":["Yucat\u00e1n"],"inLanguage":"es"},{"@type":"WebPage","@id":"https:\/\/www.yucatanencorto.com\/noticias\/invitan-a-universidades-publicas-y-privadas-a-las-actividades-por-los-200-anos-del-congreso-del-estado\/","url":"https:\/\/www.yucatanencorto.com\/noticias\/invitan-a-universidades-publicas-y-privadas-a-las-actividades-por-los-200-anos-del-congreso-del-estado\/","name":"Invitan a universidades p\u00fablicas y privadas a las actividades por los 200 a\u00f1os del Congreso del Estado - Yucat\u00e1n en corto","isPartOf":{"@id":"https:\/\/www.yucatanencorto.com\/noticias\/#website"},"primaryImageOfPage":{"@id":"https:\/\/www.yucatanencorto.com\/noticias\/invitan-a-universidades-publicas-y-privadas-a-las-actividades-por-los-200-anos-del-congreso-del-estado\/#primaryimage"},"image":{"@id":"https:\/\/www.yucatanencorto.com\/noticias\/invitan-a-universidades-publicas-y-privadas-a-las-actividades-por-los-200-anos-del-congreso-del-estado\/#primaryimage"},"thumbnailUrl":"https:\/\/www.yucatanencorto.com\/noticias\/wp-content\/uploads\/2023\/03\/WhatsApp-Image-2023-03-28-at-16.26.32-scaled.jpeg","datePublished":"2023-03-28T23:20:25+00:00","author":{"@id":"https:\/\/www.yucatanencorto.com\/noticias\/#\/schema\/person\/14f82d355225a1f4075dd84a31f45a72"},"breadcrumb":{"@id":"https:\/\/www.yucatanencorto.com\/noticias\/invitan-a-universidades-publicas-y-privadas-a-las-actividades-por-los-200-anos-del-congreso-del-estado\/#breadcrumb"},"inLanguage":"es","potentialAction":[{"@type":"ReadAction","target":["https:\/\/www.yucatanencorto.com\/noticias\/invitan-a-universidades-publicas-y-privadas-a-las-actividades-por-los-200-anos-del-congreso-del-estado\/"]}]},{"@type":"ImageObject","inLanguage":"es","@id":"https:\/\/www.yucatanencorto.com\/noticias\/invitan-a-universidades-publicas-y-privadas-a-las-actividades-por-los-200-anos-del-congreso-del-estado\/#primaryimage","url":"https:\/\/www.yucatanencorto.com\/noticias\/wp-content\/uploads\/2023\/03\/WhatsApp-Image-2023-03-28-at-16.26.32-scaled.jpeg","contentUrl":"https:\/\/www.yucatanencorto.com\/noticias\/wp-content\/uploads\/2023\/03\/WhatsApp-Image-2023-03-28-at-16.26.32-scaled.jpeg","width":768,"height":512},{"@type":"BreadcrumbList","@id":"https:\/\/www.yucatanencorto.com\/noticias\/invitan-a-universidades-publicas-y-privadas-a-las-actividades-por-los-200-anos-del-congreso-del-estado\/#breadcrumb","itemListElement":[{"@type":"ListItem","position":1,"name":"Portada","item":"https:\/\/www.yucatanencorto.com\/noticias\/"},{"@type":"ListItem","position":2,"name":"Invitan a universidades p\u00fablicas y privadas a las actividades por los 200 a\u00f1os del Congreso del Estado"}]},{"@type":"WebSite","@id":"https:\/\/www.yucatanencorto.com\/noticias\/#website","url":"https:\/\/www.yucatanencorto.com\/noticias\/","name":"Yucat\u00e1n en corto","description":"Noticias","potentialAction":[{"@type":"SearchAction","target":{"@type":"EntryPoint","urlTemplate":"https:\/\/www.yucatanencorto.com\/noticias\/?s={search_term_string}"},"query-input":{"@type":"PropertyValueSpecification","valueRequired":true,"valueName":"search_term_string"}}],"inLanguage":"es"},{"@type":"Person","@id":"https:\/\/www.yucatanencorto.com\/noticias\/#\/schema\/person\/14f82d355225a1f4075dd84a31f45a72","name":"Yucat\u00e1n en Corto FC","image":{"@type":"ImageObject","inLanguage":"es","@id":"https:\/\/secure.gravatar.com\/avatar\/147d4b30cd728c53c29c49a3f7834dedca33707f4cd259761355846009a88250?s=96&d=mm&r=g","url":"https:\/\/secure.gravatar.com\/avatar\/147d4b30cd728c53c29c49a3f7834dedca33707f4cd259761355846009a88250?s=96&d=mm&r=g","contentUrl":"https:\/\/secure.gravatar.com\/avatar\/147d4b30cd728c53c29c49a3f7834dedca33707f4cd259761355846009a88250?s=96&d=mm&r=g","caption":"Yucat\u00e1n en Corto FC"},"url":"https:\/\/www.yucatanencorto.com\/noticias\/author\/flor\/"}]}},"_links":{"self":[{"href":"https:\/\/www.yucatanencorto.com\/noticias\/wp-json\/wp\/v2\/posts\/97344","targetHints":{"allow":["GET"]}}],"collection":[{"href":"https:\/\/www.yucatanencorto.com\/noticias\/wp-json\/wp\/v2\/posts"}],"about":[{"href":"https:\/\/www.yucatanencorto.com\/noticias\/wp-json\/wp\/v2\/types\/post"}],"author":[{"embeddable":true,"href":"https:\/\/www.yucatanencorto.com\/noticias\/wp-json\/wp\/v2\/users\/2"}],"replies":[{"embeddable":true,"href":"https:\/\/www.yucatanencorto.com\/noticias\/wp-json\/wp\/v2\/comments?post=97344"}],"version-history":[{"count":0,"href":"https:\/\/www.yucatanencorto.com\/noticias\/wp-json\/wp\/v2\/posts\/97344\/revisions"}],"wp:featuredmedia":[{"embeddable":true,"href":"https:\/\/www.yucatanencorto.com\/noticias\/wp-json\/wp\/v2\/media\/97345"}],"wp:attachment":[{"href":"https:\/\/www.yucatanencorto.com\/noticias\/wp-json\/wp\/v2\/media?parent=97344"}],"wp:term":[{"taxonomy":"category","embeddable":true,"href":"https:\/\/www.yucatanencorto.com\/noticias\/wp-json\/wp\/v2\/categories?post=97344"},{"taxonomy":"post_tag","embeddable":true,"href":"https:\/\/www.yucatanencorto.com\/noticias\/wp-json\/wp\/v2\/tags?post=97344"}],"curies":[{"name":"wp","href":"https:\/\/api.w.org\/{rel}","templated":true}]}}