{"id":97347,"date":"2023-03-28T18:20:16","date_gmt":"2023-03-29T00:20:16","guid":{"rendered":"https:\/\/www.yucatanencorto.com\/noticias\/?p=97347"},"modified":"2023-03-28T18:20:16","modified_gmt":"2023-03-29T00:20:16","slug":"edmundo-jacobo-renuncia-a-secretaria-ejecutiva-del-ine","status":"publish","type":"post","link":"https:\/\/www.yucatanencorto.com\/noticias\/edmundo-jacobo-renuncia-a-secretaria-ejecutiva-del-ine\/","title":{"rendered":"Edmundo Jacobo renuncia a Secretar\u00eda Ejecutiva del INE"},"content":{"rendered":"<p><img loading=\"lazy\" decoding=\"async\" class=\"alignnone size-full wp-image-97348\" src=\"https:\/\/www.yucatanencorto.com\/noticias\/wp-content\/uploads\/2023\/03\/AA19bOQ0.jpg\" alt=\"\" width=\"768\" height=\"576\" srcset=\"https:\/\/www.yucatanencorto.com\/noticias\/wp-content\/uploads\/2023\/03\/AA19bOQ0.jpg 768w, https:\/\/www.yucatanencorto.com\/noticias\/wp-content\/uploads\/2023\/03\/AA19bOQ0-696x522.jpg 696w, https:\/\/www.yucatanencorto.com\/noticias\/wp-content\/uploads\/2023\/03\/AA19bOQ0-560x420.jpg 560w, https:\/\/www.yucatanencorto.com\/noticias\/wp-content\/uploads\/2023\/03\/AA19bOQ0-80x60.jpg 80w, https:\/\/www.yucatanencorto.com\/noticias\/wp-content\/uploads\/2023\/03\/AA19bOQ0-265x198.jpg 265w\" sizes=\"auto, (max-width: 768px) 100vw, 768px\" \/><\/p>\n<p>Edmundo Jacobo Molina\u00a0renunci\u00f3 a la Secretar\u00eda Ejecutiva del Instituto Nacional Electoral\u00a0al considerar que\u00a0\u201clleg\u00f3 el momento\u201d de dejar su cargo\u00a0en el que hab\u00eda sido reinstalado tras haberle obtenido una suspensi\u00f3n definitiva contra el\u00a0plan B de la reforma electoral\u00a0que planteaba su dimisi\u00f3n.<\/p>\n<p>\u201cHe cumplido mi ciclo para servir al INE y a la democracia mexicana\u201d, dijo Jacobo Molina en una conferencia en la que dio a conocer su renuncia y agradeci\u00f3 al consejero presidente, Lorenzo C\u00f3rdova, por su apoyo y ense\u00f1anzas.<br \/>\nJacobo Molina asegur\u00f3 que los recursos contra el plan B de la reforma electoral en el que se planteaba su dimisi\u00f3n\u00a0no ten\u00edan como fin perpetuarse en el cargo, sino defender la democracia.<\/p>\n<p>\u201cCon mi renuncia respondo a los mexicanos que me han respaldado, soy uno m\u00e1s entre millones dispuesto a defender la democracia\u201d, dijo y asegur\u00f3 que su renuncia es irrevocable y tendr\u00e1 efecto a partir del 3 de abril.<br \/>\n\u201cMi compromiso con el INE es defender un patrimonio que hemos construido todos en m\u00e1s de tres d\u00e9cadas. He velado por la autonom\u00eda e imparcialidad y continuar\u00e9 con esa actitud en otros espacios\u201d, expres\u00f3.<\/p>\n<p>&nbsp;<\/p>\n","protected":false},"excerpt":{"rendered":"<p>Edmundo Jacobo Molina\u00a0renunci\u00f3 a la Secretar\u00eda Ejecutiva del Instituto Nacional Electoral\u00a0al considerar que\u00a0\u201clleg\u00f3 el momento\u201d de dejar su cargo\u00a0en el que hab\u00eda sido reinstalado tras haberle obtenido una suspensi\u00f3n definitiva contra el\u00a0plan B de la reforma electoral\u00a0que planteaba su dimisi\u00f3n. \u201cHe cumplido mi ciclo para servir al INE y a la democracia mexicana\u201d, dijo Jacobo [&hellip;]<\/p>\n","protected":false},"author":2,"featured_media":97348,"comment_status":"closed","ping_status":"closed","sticky":false,"template":"","format":"standard","meta":{"footnotes":""},"categories":[4],"tags":[],"class_list":{"0":"post-97347","1":"post","2":"type-post","3":"status-publish","4":"format-standard","5":"has-post-thumbnail","7":"category-mexico"},"yoast_head":"<!-- This site is optimized with the Yoast SEO plugin v27.4 - https:\/\/yoast.com\/product\/yoast-seo-wordpress\/ -->\n<title>Edmundo Jacobo renuncia a Secretar\u00eda Ejecutiva del INE - Yucat\u00e1n en corto<\/title>\n<meta name=\"robots\" content=\"index, follow, max-snippet:-1, max-image-preview:large, max-video-preview:-1\" \/>\n<link rel=\"canonical\" href=\"https:\/\/www.yucatanencorto.com\/noticias\/edmundo-jacobo-renuncia-a-secretaria-ejecutiva-del-ine\/\" \/>\n<meta property=\"og:locale\" content=\"es_ES\" \/>\n<meta property=\"og:type\" content=\"article\" \/>\n<meta property=\"og:title\" content=\"Edmundo Jacobo renuncia a Secretar\u00eda Ejecutiva del INE - Yucat\u00e1n en corto\" \/>\n<meta property=\"og:description\" content=\"Edmundo Jacobo Molina\u00a0renunci\u00f3 a la Secretar\u00eda Ejecutiva del Instituto Nacional Electoral\u00a0al considerar que\u00a0\u201clleg\u00f3 el momento\u201d de dejar su cargo\u00a0en el que hab\u00eda sido reinstalado tras haberle obtenido una suspensi\u00f3n definitiva contra el\u00a0plan B de la reforma electoral\u00a0que planteaba su dimisi\u00f3n. \u201cHe cumplido mi ciclo para servir al INE y a la democracia mexicana\u201d, dijo Jacobo [&hellip;]\" \/>\n<meta property=\"og:url\" content=\"https:\/\/www.yucatanencorto.com\/noticias\/edmundo-jacobo-renuncia-a-secretaria-ejecutiva-del-ine\/\" \/>\n<meta property=\"og:site_name\" content=\"Yucat\u00e1n en corto\" \/>\n<meta property=\"article:publisher\" content=\"http:\/\/www.facebook.com\/yucatanencorto\" \/>\n<meta property=\"article:published_time\" content=\"2023-03-29T00:20:16+00:00\" \/>\n<meta property=\"og:image\" content=\"https:\/\/www.yucatanencorto.com\/noticias\/wp-content\/uploads\/2023\/03\/AA19bOQ0.jpg\" \/>\n\t<meta property=\"og:image:width\" content=\"768\" \/>\n\t<meta property=\"og:image:height\" content=\"576\" \/>\n\t<meta property=\"og:image:type\" content=\"image\/jpeg\" \/>\n<meta name=\"author\" content=\"Yucat\u00e1n en Corto FC\" \/>\n<meta name=\"twitter:card\" content=\"summary_large_image\" \/>\n<meta name=\"twitter:creator\" content=\"@yucatanencorto\" \/>\n<meta name=\"twitter:site\" content=\"@yucatanencorto\" \/>\n<meta name=\"twitter:label1\" content=\"Escrito por\" \/>\n\t<meta name=\"twitter:data1\" content=\"Yucat\u00e1n en Corto FC\" \/>\n\t<meta name=\"twitter:label2\" content=\"Tiempo de lectura\" \/>\n\t<meta name=\"twitter:data2\" content=\"1 minuto\" \/>\n<script type=\"application\/ld+json\" class=\"yoast-schema-graph\">{\"@context\":\"https:\\\/\\\/schema.org\",\"@graph\":[{\"@type\":\"Article\",\"@id\":\"https:\\\/\\\/www.yucatanencorto.com\\\/noticias\\\/edmundo-jacobo-renuncia-a-secretaria-ejecutiva-del-ine\\\/#article\",\"isPartOf\":{\"@id\":\"https:\\\/\\\/www.yucatanencorto.com\\\/noticias\\\/edmundo-jacobo-renuncia-a-secretaria-ejecutiva-del-ine\\\/\"},\"author\":{\"name\":\"Yucat\u00e1n en Corto FC\",\"@id\":\"https:\\\/\\\/www.yucatanencorto.com\\\/noticias\\\/#\\\/schema\\\/person\\\/14f82d355225a1f4075dd84a31f45a72\"},\"headline\":\"Edmundo Jacobo renuncia a Secretar\u00eda Ejecutiva del INE\",\"datePublished\":\"2023-03-29T00:20:16+00:00\",\"mainEntityOfPage\":{\"@id\":\"https:\\\/\\\/www.yucatanencorto.com\\\/noticias\\\/edmundo-jacobo-renuncia-a-secretaria-ejecutiva-del-ine\\\/\"},\"wordCount\":211,\"image\":{\"@id\":\"https:\\\/\\\/www.yucatanencorto.com\\\/noticias\\\/edmundo-jacobo-renuncia-a-secretaria-ejecutiva-del-ine\\\/#primaryimage\"},\"thumbnailUrl\":\"https:\\\/\\\/www.yucatanencorto.com\\\/noticias\\\/wp-content\\\/uploads\\\/2023\\\/03\\\/AA19bOQ0.jpg\",\"articleSection\":[\"M\u00e9xico\"],\"inLanguage\":\"es\"},{\"@type\":\"WebPage\",\"@id\":\"https:\\\/\\\/www.yucatanencorto.com\\\/noticias\\\/edmundo-jacobo-renuncia-a-secretaria-ejecutiva-del-ine\\\/\",\"url\":\"https:\\\/\\\/www.yucatanencorto.com\\\/noticias\\\/edmundo-jacobo-renuncia-a-secretaria-ejecutiva-del-ine\\\/\",\"name\":\"Edmundo Jacobo renuncia a Secretar\u00eda Ejecutiva del INE - Yucat\u00e1n en corto\",\"isPartOf\":{\"@id\":\"https:\\\/\\\/www.yucatanencorto.com\\\/noticias\\\/#website\"},\"primaryImageOfPage\":{\"@id\":\"https:\\\/\\\/www.yucatanencorto.com\\\/noticias\\\/edmundo-jacobo-renuncia-a-secretaria-ejecutiva-del-ine\\\/#primaryimage\"},\"image\":{\"@id\":\"https:\\\/\\\/www.yucatanencorto.com\\\/noticias\\\/edmundo-jacobo-renuncia-a-secretaria-ejecutiva-del-ine\\\/#primaryimage\"},\"thumbnailUrl\":\"https:\\\/\\\/www.yucatanencorto.com\\\/noticias\\\/wp-content\\\/uploads\\\/2023\\\/03\\\/AA19bOQ0.jpg\",\"datePublished\":\"2023-03-29T00:20:16+00:00\",\"author\":{\"@id\":\"https:\\\/\\\/www.yucatanencorto.com\\\/noticias\\\/#\\\/schema\\\/person\\\/14f82d355225a1f4075dd84a31f45a72\"},\"breadcrumb\":{\"@id\":\"https:\\\/\\\/www.yucatanencorto.com\\\/noticias\\\/edmundo-jacobo-renuncia-a-secretaria-ejecutiva-del-ine\\\/#breadcrumb\"},\"inLanguage\":\"es\",\"potentialAction\":[{\"@type\":\"ReadAction\",\"target\":[\"https:\\\/\\\/www.yucatanencorto.com\\\/noticias\\\/edmundo-jacobo-renuncia-a-secretaria-ejecutiva-del-ine\\\/\"]}]},{\"@type\":\"ImageObject\",\"inLanguage\":\"es\",\"@id\":\"https:\\\/\\\/www.yucatanencorto.com\\\/noticias\\\/edmundo-jacobo-renuncia-a-secretaria-ejecutiva-del-ine\\\/#primaryimage\",\"url\":\"https:\\\/\\\/www.yucatanencorto.com\\\/noticias\\\/wp-content\\\/uploads\\\/2023\\\/03\\\/AA19bOQ0.jpg\",\"contentUrl\":\"https:\\\/\\\/www.yucatanencorto.com\\\/noticias\\\/wp-content\\\/uploads\\\/2023\\\/03\\\/AA19bOQ0.jpg\",\"width\":768,\"height\":576},{\"@type\":\"BreadcrumbList\",\"@id\":\"https:\\\/\\\/www.yucatanencorto.com\\\/noticias\\\/edmundo-jacobo-renuncia-a-secretaria-ejecutiva-del-ine\\\/#breadcrumb\",\"itemListElement\":[{\"@type\":\"ListItem\",\"position\":1,\"name\":\"Portada\",\"item\":\"https:\\\/\\\/www.yucatanencorto.com\\\/noticias\\\/\"},{\"@type\":\"ListItem\",\"position\":2,\"name\":\"Edmundo Jacobo renuncia a Secretar\u00eda Ejecutiva del INE\"}]},{\"@type\":\"WebSite\",\"@id\":\"https:\\\/\\\/www.yucatanencorto.com\\\/noticias\\\/#website\",\"url\":\"https:\\\/\\\/www.yucatanencorto.com\\\/noticias\\\/\",\"name\":\"Yucat\u00e1n en corto\",\"description\":\"Noticias\",\"potentialAction\":[{\"@type\":\"SearchAction\",\"target\":{\"@type\":\"EntryPoint\",\"urlTemplate\":\"https:\\\/\\\/www.yucatanencorto.com\\\/noticias\\\/?s={search_term_string}\"},\"query-input\":{\"@type\":\"PropertyValueSpecification\",\"valueRequired\":true,\"valueName\":\"search_term_string\"}}],\"inLanguage\":\"es\"},{\"@type\":\"Person\",\"@id\":\"https:\\\/\\\/www.yucatanencorto.com\\\/noticias\\\/#\\\/schema\\\/person\\\/14f82d355225a1f4075dd84a31f45a72\",\"name\":\"Yucat\u00e1n en Corto FC\",\"image\":{\"@type\":\"ImageObject\",\"inLanguage\":\"es\",\"@id\":\"https:\\\/\\\/secure.gravatar.com\\\/avatar\\\/147d4b30cd728c53c29c49a3f7834dedca33707f4cd259761355846009a88250?s=96&d=mm&r=g\",\"url\":\"https:\\\/\\\/secure.gravatar.com\\\/avatar\\\/147d4b30cd728c53c29c49a3f7834dedca33707f4cd259761355846009a88250?s=96&d=mm&r=g\",\"contentUrl\":\"https:\\\/\\\/secure.gravatar.com\\\/avatar\\\/147d4b30cd728c53c29c49a3f7834dedca33707f4cd259761355846009a88250?s=96&d=mm&r=g\",\"caption\":\"Yucat\u00e1n en Corto FC\"},\"url\":\"https:\\\/\\\/www.yucatanencorto.com\\\/noticias\\\/author\\\/flor\\\/\"}]}<\/script>\n<!-- \/ Yoast SEO plugin. -->","yoast_head_json":{"title":"Edmundo Jacobo renuncia a Secretar\u00eda Ejecutiva del INE - Yucat\u00e1n en corto","robots":{"index":"index","follow":"follow","max-snippet":"max-snippet:-1","max-image-preview":"max-image-preview:large","max-video-preview":"max-video-preview:-1"},"canonical":"https:\/\/www.yucatanencorto.com\/noticias\/edmundo-jacobo-renuncia-a-secretaria-ejecutiva-del-ine\/","og_locale":"es_ES","og_type":"article","og_title":"Edmundo Jacobo renuncia a Secretar\u00eda Ejecutiva del INE - Yucat\u00e1n en corto","og_description":"Edmundo Jacobo Molina\u00a0renunci\u00f3 a la Secretar\u00eda Ejecutiva del Instituto Nacional Electoral\u00a0al considerar que\u00a0\u201clleg\u00f3 el momento\u201d de dejar su cargo\u00a0en el que hab\u00eda sido reinstalado tras haberle obtenido una suspensi\u00f3n definitiva contra el\u00a0plan B de la reforma electoral\u00a0que planteaba su dimisi\u00f3n. \u201cHe cumplido mi ciclo para servir al INE y a la democracia mexicana\u201d, dijo Jacobo [&hellip;]","og_url":"https:\/\/www.yucatanencorto.com\/noticias\/edmundo-jacobo-renuncia-a-secretaria-ejecutiva-del-ine\/","og_site_name":"Yucat\u00e1n en corto","article_publisher":"http:\/\/www.facebook.com\/yucatanencorto","article_published_time":"2023-03-29T00:20:16+00:00","og_image":[{"width":768,"height":576,"url":"https:\/\/www.yucatanencorto.com\/noticias\/wp-content\/uploads\/2023\/03\/AA19bOQ0.jpg","type":"image\/jpeg"}],"author":"Yucat\u00e1n en Corto FC","twitter_card":"summary_large_image","twitter_creator":"@yucatanencorto","twitter_site":"@yucatanencorto","twitter_misc":{"Escrito por":"Yucat\u00e1n en Corto FC","Tiempo de lectura":"1 minuto"},"schema":{"@context":"https:\/\/schema.org","@graph":[{"@type":"Article","@id":"https:\/\/www.yucatanencorto.com\/noticias\/edmundo-jacobo-renuncia-a-secretaria-ejecutiva-del-ine\/#article","isPartOf":{"@id":"https:\/\/www.yucatanencorto.com\/noticias\/edmundo-jacobo-renuncia-a-secretaria-ejecutiva-del-ine\/"},"author":{"name":"Yucat\u00e1n en Corto FC","@id":"https:\/\/www.yucatanencorto.com\/noticias\/#\/schema\/person\/14f82d355225a1f4075dd84a31f45a72"},"headline":"Edmundo Jacobo renuncia a Secretar\u00eda Ejecutiva del INE","datePublished":"2023-03-29T00:20:16+00:00","mainEntityOfPage":{"@id":"https:\/\/www.yucatanencorto.com\/noticias\/edmundo-jacobo-renuncia-a-secretaria-ejecutiva-del-ine\/"},"wordCount":211,"image":{"@id":"https:\/\/www.yucatanencorto.com\/noticias\/edmundo-jacobo-renuncia-a-secretaria-ejecutiva-del-ine\/#primaryimage"},"thumbnailUrl":"https:\/\/www.yucatanencorto.com\/noticias\/wp-content\/uploads\/2023\/03\/AA19bOQ0.jpg","articleSection":["M\u00e9xico"],"inLanguage":"es"},{"@type":"WebPage","@id":"https:\/\/www.yucatanencorto.com\/noticias\/edmundo-jacobo-renuncia-a-secretaria-ejecutiva-del-ine\/","url":"https:\/\/www.yucatanencorto.com\/noticias\/edmundo-jacobo-renuncia-a-secretaria-ejecutiva-del-ine\/","name":"Edmundo Jacobo renuncia a Secretar\u00eda Ejecutiva del INE - Yucat\u00e1n en corto","isPartOf":{"@id":"https:\/\/www.yucatanencorto.com\/noticias\/#website"},"primaryImageOfPage":{"@id":"https:\/\/www.yucatanencorto.com\/noticias\/edmundo-jacobo-renuncia-a-secretaria-ejecutiva-del-ine\/#primaryimage"},"image":{"@id":"https:\/\/www.yucatanencorto.com\/noticias\/edmundo-jacobo-renuncia-a-secretaria-ejecutiva-del-ine\/#primaryimage"},"thumbnailUrl":"https:\/\/www.yucatanencorto.com\/noticias\/wp-content\/uploads\/2023\/03\/AA19bOQ0.jpg","datePublished":"2023-03-29T00:20:16+00:00","author":{"@id":"https:\/\/www.yucatanencorto.com\/noticias\/#\/schema\/person\/14f82d355225a1f4075dd84a31f45a72"},"breadcrumb":{"@id":"https:\/\/www.yucatanencorto.com\/noticias\/edmundo-jacobo-renuncia-a-secretaria-ejecutiva-del-ine\/#breadcrumb"},"inLanguage":"es","potentialAction":[{"@type":"ReadAction","target":["https:\/\/www.yucatanencorto.com\/noticias\/edmundo-jacobo-renuncia-a-secretaria-ejecutiva-del-ine\/"]}]},{"@type":"ImageObject","inLanguage":"es","@id":"https:\/\/www.yucatanencorto.com\/noticias\/edmundo-jacobo-renuncia-a-secretaria-ejecutiva-del-ine\/#primaryimage","url":"https:\/\/www.yucatanencorto.com\/noticias\/wp-content\/uploads\/2023\/03\/AA19bOQ0.jpg","contentUrl":"https:\/\/www.yucatanencorto.com\/noticias\/wp-content\/uploads\/2023\/03\/AA19bOQ0.jpg","width":768,"height":576},{"@type":"BreadcrumbList","@id":"https:\/\/www.yucatanencorto.com\/noticias\/edmundo-jacobo-renuncia-a-secretaria-ejecutiva-del-ine\/#breadcrumb","itemListElement":[{"@type":"ListItem","position":1,"name":"Portada","item":"https:\/\/www.yucatanencorto.com\/noticias\/"},{"@type":"ListItem","position":2,"name":"Edmundo Jacobo renuncia a Secretar\u00eda Ejecutiva del INE"}]},{"@type":"WebSite","@id":"https:\/\/www.yucatanencorto.com\/noticias\/#website","url":"https:\/\/www.yucatanencorto.com\/noticias\/","name":"Yucat\u00e1n en corto","description":"Noticias","potentialAction":[{"@type":"SearchAction","target":{"@type":"EntryPoint","urlTemplate":"https:\/\/www.yucatanencorto.com\/noticias\/?s={search_term_string}"},"query-input":{"@type":"PropertyValueSpecification","valueRequired":true,"valueName":"search_term_string"}}],"inLanguage":"es"},{"@type":"Person","@id":"https:\/\/www.yucatanencorto.com\/noticias\/#\/schema\/person\/14f82d355225a1f4075dd84a31f45a72","name":"Yucat\u00e1n en Corto FC","image":{"@type":"ImageObject","inLanguage":"es","@id":"https:\/\/secure.gravatar.com\/avatar\/147d4b30cd728c53c29c49a3f7834dedca33707f4cd259761355846009a88250?s=96&d=mm&r=g","url":"https:\/\/secure.gravatar.com\/avatar\/147d4b30cd728c53c29c49a3f7834dedca33707f4cd259761355846009a88250?s=96&d=mm&r=g","contentUrl":"https:\/\/secure.gravatar.com\/avatar\/147d4b30cd728c53c29c49a3f7834dedca33707f4cd259761355846009a88250?s=96&d=mm&r=g","caption":"Yucat\u00e1n en Corto FC"},"url":"https:\/\/www.yucatanencorto.com\/noticias\/author\/flor\/"}]}},"_links":{"self":[{"href":"https:\/\/www.yucatanencorto.com\/noticias\/wp-json\/wp\/v2\/posts\/97347","targetHints":{"allow":["GET"]}}],"collection":[{"href":"https:\/\/www.yucatanencorto.com\/noticias\/wp-json\/wp\/v2\/posts"}],"about":[{"href":"https:\/\/www.yucatanencorto.com\/noticias\/wp-json\/wp\/v2\/types\/post"}],"author":[{"embeddable":true,"href":"https:\/\/www.yucatanencorto.com\/noticias\/wp-json\/wp\/v2\/users\/2"}],"replies":[{"embeddable":true,"href":"https:\/\/www.yucatanencorto.com\/noticias\/wp-json\/wp\/v2\/comments?post=97347"}],"version-history":[{"count":0,"href":"https:\/\/www.yucatanencorto.com\/noticias\/wp-json\/wp\/v2\/posts\/97347\/revisions"}],"wp:featuredmedia":[{"embeddable":true,"href":"https:\/\/www.yucatanencorto.com\/noticias\/wp-json\/wp\/v2\/media\/97348"}],"wp:attachment":[{"href":"https:\/\/www.yucatanencorto.com\/noticias\/wp-json\/wp\/v2\/media?parent=97347"}],"wp:term":[{"taxonomy":"category","embeddable":true,"href":"https:\/\/www.yucatanencorto.com\/noticias\/wp-json\/wp\/v2\/categories?post=97347"},{"taxonomy":"post_tag","embeddable":true,"href":"https:\/\/www.yucatanencorto.com\/noticias\/wp-json\/wp\/v2\/tags?post=97347"}],"curies":[{"name":"wp","href":"https:\/\/api.w.org\/{rel}","templated":true}]}}