{"id":97350,"date":"2023-03-28T18:21:16","date_gmt":"2023-03-29T00:21:16","guid":{"rendered":"https:\/\/www.yucatanencorto.com\/noticias\/?p=97350"},"modified":"2023-03-28T18:21:16","modified_gmt":"2023-03-29T00:21:16","slug":"oms-deja-de-recomendar-vacuna-anticovid-de-refuerzo-a-mayoria-de-la-poblacion","status":"publish","type":"post","link":"https:\/\/www.yucatanencorto.com\/noticias\/oms-deja-de-recomendar-vacuna-anticovid-de-refuerzo-a-mayoria-de-la-poblacion\/","title":{"rendered":"OMS deja de recomendar vacuna anticovid de refuerzo a mayor\u00eda de la poblaci\u00f3n"},"content":{"rendered":"<p><img loading=\"lazy\" decoding=\"async\" class=\"alignnone size-full wp-image-97351\" src=\"https:\/\/www.yucatanencorto.com\/noticias\/wp-content\/uploads\/2023\/03\/AA19bBI8.jpg\" alt=\"\" width=\"640\" height=\"360\" \/><\/p>\n<p>Expertos en vacunas de la Organizaci\u00f3n Mundial de la Salud (OMS) recomendaron hoy que las vacunas de refuerzo contra el Covid-19 ya no sean administradas para la poblaci\u00f3n que no sea de grupos de alto riesgo, dado el alto nivel de inmunizaci\u00f3n alcanzado por las poblaciones en numerosos pa\u00edses.<\/p>\n<p>La necesidad de una dosis de refuerzo, entre seis y 12 meses despu\u00e9s de la anterior, se mantiene s\u00f3lo en colectivos que incluyen personas mayores, inmunodeprimidas y trabajadores sanitarios, seg\u00fan explicaron hoy en rueda de prensa dos representantes del grupo de expertos de la OMS tras sus reuniones del 20 al 23 de marzo.<\/p>\n<p>Por primera vez estos expertos, del Grupo Asesor Estrat\u00e9gico de Expertos de la OMS en vacunas (SAGE), dividieron a la poblaci\u00f3n en tres grupos de riesgo (alto, medio y bajo): la necesidad de nuevas dosis de refuerzo se mantiene s\u00f3lo para el primero, que comprende los tres colectivos citados.<\/p>\n<p>\u201cEs un reflejo de que gran parte de la poblaci\u00f3n est\u00e1 ya vacunada, se ha infectado con Covid-19, o ambas cosas a la vez\u201d, indic\u00f3 Hanna Nohynek, presidenta del SAGE.<\/p>\n<p>Para las personas con riesgo medio de covid-19 (adultos de menos de 60 a\u00f1os y ni\u00f1os o adolescentes con determinados problemas de salud) SAGE recomienda \u00fanicamente una primera dosis completa de la vacuna m\u00e1s otra de refuerzo pasado el plazo necesario (algo que en muchos pa\u00edses ya se complet\u00f3 en 2022).<\/p>\n<p>En el grupo de bajo riesgo (ni\u00f1os y adolescentes) SAGE reconoce los beneficios que las vacunas y dosis de refuerzo pueden tener en su prevenci\u00f3n, aunque recomienda reconsiderar su inmunizaci\u00f3n.<\/p>\n<p>\u201cCada pa\u00eds debe considerar su contexto espec\u00edfico a la hora de decidir si seguir vacunando grupos de bajo riesgo tales como ni\u00f1os y adolescentes sanos, mientras no comprometa otras inmunizaciones cruciales\u201d, destac\u00f3 Nohynek.<\/p>\n<p>Por otro lado, los expertos tambi\u00e9n recomiendan una dosis anticovid de refuerzo pasados seis meses o m\u00e1s desde la anterior a mujeres embarazadas.<\/p>\n<p>En las reuniones tambi\u00e9n se analizaron los programas globales de vacunaci\u00f3n contra otras enfermedades, caso de la malaria, donde una de las primeras vacunas dise\u00f1adas contra ella, la RTS,S, est\u00e1 siendo probada en Ghana, Malaui y Kenia desde 2019.<\/p>\n<p>La vacuna ha mostrado una sustancial reducci\u00f3n en casos graves de la enfermedad entre ni\u00f1os, destac\u00f3 SAGE, quien indic\u00f3 que otros 28 pa\u00edses han mostrado su inter\u00e9s en introducir este producto en sus redes sanitarias.<\/p>\n<p>Los expertos mostraron por otro lado preocupaci\u00f3n por la reducci\u00f3n que la pandemia ha producido en los programas de vacunaci\u00f3n contra el sarampi\u00f3n, con unos 25 millones de ni\u00f1os afectados por ello, lo que ha causado la tasa de cobertura m\u00e1s baja desde 2008.<\/p>\n","protected":false},"excerpt":{"rendered":"<p>Expertos en vacunas de la Organizaci\u00f3n Mundial de la Salud (OMS) recomendaron hoy que las vacunas de refuerzo contra el Covid-19 ya no sean administradas para la poblaci\u00f3n que no sea de grupos de alto riesgo, dado el alto nivel de inmunizaci\u00f3n alcanzado por las poblaciones en numerosos pa\u00edses. La necesidad de una dosis de [&hellip;]<\/p>\n","protected":false},"author":2,"featured_media":97351,"comment_status":"closed","ping_status":"closed","sticky":false,"template":"","format":"standard","meta":{"footnotes":""},"categories":[9976],"tags":[],"class_list":{"0":"post-97350","1":"post","2":"type-post","3":"status-publish","4":"format-standard","5":"has-post-thumbnail","7":"category-salud"},"yoast_head":"<!-- This site is optimized with the Yoast SEO plugin v27.4 - https:\/\/yoast.com\/product\/yoast-seo-wordpress\/ -->\n<title>OMS deja de recomendar vacuna anticovid de refuerzo a mayor\u00eda de la poblaci\u00f3n - Yucat\u00e1n en corto<\/title>\n<meta name=\"robots\" content=\"index, follow, max-snippet:-1, max-image-preview:large, max-video-preview:-1\" \/>\n<link rel=\"canonical\" href=\"https:\/\/www.yucatanencorto.com\/noticias\/oms-deja-de-recomendar-vacuna-anticovid-de-refuerzo-a-mayoria-de-la-poblacion\/\" \/>\n<meta property=\"og:locale\" content=\"es_ES\" \/>\n<meta property=\"og:type\" content=\"article\" \/>\n<meta property=\"og:title\" content=\"OMS deja de recomendar vacuna anticovid de refuerzo a mayor\u00eda de la poblaci\u00f3n - Yucat\u00e1n en corto\" \/>\n<meta property=\"og:description\" content=\"Expertos en vacunas de la Organizaci\u00f3n Mundial de la Salud (OMS) recomendaron hoy que las vacunas de refuerzo contra el Covid-19 ya no sean administradas para la poblaci\u00f3n que no sea de grupos de alto riesgo, dado el alto nivel de inmunizaci\u00f3n alcanzado por las poblaciones en numerosos pa\u00edses. La necesidad de una dosis de [&hellip;]\" \/>\n<meta property=\"og:url\" content=\"https:\/\/www.yucatanencorto.com\/noticias\/oms-deja-de-recomendar-vacuna-anticovid-de-refuerzo-a-mayoria-de-la-poblacion\/\" \/>\n<meta property=\"og:site_name\" content=\"Yucat\u00e1n en corto\" \/>\n<meta property=\"article:publisher\" content=\"http:\/\/www.facebook.com\/yucatanencorto\" \/>\n<meta property=\"article:published_time\" content=\"2023-03-29T00:21:16+00:00\" \/>\n<meta property=\"og:image\" content=\"https:\/\/www.yucatanencorto.com\/noticias\/wp-content\/uploads\/2023\/03\/AA19bBI8.jpg\" \/>\n\t<meta property=\"og:image:width\" content=\"640\" \/>\n\t<meta property=\"og:image:height\" content=\"360\" \/>\n\t<meta property=\"og:image:type\" content=\"image\/jpeg\" \/>\n<meta name=\"author\" content=\"Yucat\u00e1n en Corto FC\" \/>\n<meta name=\"twitter:card\" content=\"summary_large_image\" \/>\n<meta name=\"twitter:creator\" content=\"@yucatanencorto\" \/>\n<meta name=\"twitter:site\" content=\"@yucatanencorto\" \/>\n<meta name=\"twitter:label1\" content=\"Escrito por\" \/>\n\t<meta name=\"twitter:data1\" content=\"Yucat\u00e1n en Corto FC\" \/>\n\t<meta name=\"twitter:label2\" content=\"Tiempo de lectura\" \/>\n\t<meta name=\"twitter:data2\" content=\"3 minutos\" \/>\n<script type=\"application\/ld+json\" class=\"yoast-schema-graph\">{\"@context\":\"https:\\\/\\\/schema.org\",\"@graph\":[{\"@type\":\"Article\",\"@id\":\"https:\\\/\\\/www.yucatanencorto.com\\\/noticias\\\/oms-deja-de-recomendar-vacuna-anticovid-de-refuerzo-a-mayoria-de-la-poblacion\\\/#article\",\"isPartOf\":{\"@id\":\"https:\\\/\\\/www.yucatanencorto.com\\\/noticias\\\/oms-deja-de-recomendar-vacuna-anticovid-de-refuerzo-a-mayoria-de-la-poblacion\\\/\"},\"author\":{\"name\":\"Yucat\u00e1n en Corto FC\",\"@id\":\"https:\\\/\\\/www.yucatanencorto.com\\\/noticias\\\/#\\\/schema\\\/person\\\/14f82d355225a1f4075dd84a31f45a72\"},\"headline\":\"OMS deja de recomendar vacuna anticovid de refuerzo a mayor\u00eda de la poblaci\u00f3n\",\"datePublished\":\"2023-03-29T00:21:16+00:00\",\"mainEntityOfPage\":{\"@id\":\"https:\\\/\\\/www.yucatanencorto.com\\\/noticias\\\/oms-deja-de-recomendar-vacuna-anticovid-de-refuerzo-a-mayoria-de-la-poblacion\\\/\"},\"wordCount\":480,\"image\":{\"@id\":\"https:\\\/\\\/www.yucatanencorto.com\\\/noticias\\\/oms-deja-de-recomendar-vacuna-anticovid-de-refuerzo-a-mayoria-de-la-poblacion\\\/#primaryimage\"},\"thumbnailUrl\":\"https:\\\/\\\/www.yucatanencorto.com\\\/noticias\\\/wp-content\\\/uploads\\\/2023\\\/03\\\/AA19bBI8.jpg\",\"articleSection\":[\"Salud\"],\"inLanguage\":\"es\"},{\"@type\":\"WebPage\",\"@id\":\"https:\\\/\\\/www.yucatanencorto.com\\\/noticias\\\/oms-deja-de-recomendar-vacuna-anticovid-de-refuerzo-a-mayoria-de-la-poblacion\\\/\",\"url\":\"https:\\\/\\\/www.yucatanencorto.com\\\/noticias\\\/oms-deja-de-recomendar-vacuna-anticovid-de-refuerzo-a-mayoria-de-la-poblacion\\\/\",\"name\":\"OMS deja de recomendar vacuna anticovid de refuerzo a mayor\u00eda de la poblaci\u00f3n - Yucat\u00e1n en corto\",\"isPartOf\":{\"@id\":\"https:\\\/\\\/www.yucatanencorto.com\\\/noticias\\\/#website\"},\"primaryImageOfPage\":{\"@id\":\"https:\\\/\\\/www.yucatanencorto.com\\\/noticias\\\/oms-deja-de-recomendar-vacuna-anticovid-de-refuerzo-a-mayoria-de-la-poblacion\\\/#primaryimage\"},\"image\":{\"@id\":\"https:\\\/\\\/www.yucatanencorto.com\\\/noticias\\\/oms-deja-de-recomendar-vacuna-anticovid-de-refuerzo-a-mayoria-de-la-poblacion\\\/#primaryimage\"},\"thumbnailUrl\":\"https:\\\/\\\/www.yucatanencorto.com\\\/noticias\\\/wp-content\\\/uploads\\\/2023\\\/03\\\/AA19bBI8.jpg\",\"datePublished\":\"2023-03-29T00:21:16+00:00\",\"author\":{\"@id\":\"https:\\\/\\\/www.yucatanencorto.com\\\/noticias\\\/#\\\/schema\\\/person\\\/14f82d355225a1f4075dd84a31f45a72\"},\"breadcrumb\":{\"@id\":\"https:\\\/\\\/www.yucatanencorto.com\\\/noticias\\\/oms-deja-de-recomendar-vacuna-anticovid-de-refuerzo-a-mayoria-de-la-poblacion\\\/#breadcrumb\"},\"inLanguage\":\"es\",\"potentialAction\":[{\"@type\":\"ReadAction\",\"target\":[\"https:\\\/\\\/www.yucatanencorto.com\\\/noticias\\\/oms-deja-de-recomendar-vacuna-anticovid-de-refuerzo-a-mayoria-de-la-poblacion\\\/\"]}]},{\"@type\":\"ImageObject\",\"inLanguage\":\"es\",\"@id\":\"https:\\\/\\\/www.yucatanencorto.com\\\/noticias\\\/oms-deja-de-recomendar-vacuna-anticovid-de-refuerzo-a-mayoria-de-la-poblacion\\\/#primaryimage\",\"url\":\"https:\\\/\\\/www.yucatanencorto.com\\\/noticias\\\/wp-content\\\/uploads\\\/2023\\\/03\\\/AA19bBI8.jpg\",\"contentUrl\":\"https:\\\/\\\/www.yucatanencorto.com\\\/noticias\\\/wp-content\\\/uploads\\\/2023\\\/03\\\/AA19bBI8.jpg\",\"width\":640,\"height\":360},{\"@type\":\"BreadcrumbList\",\"@id\":\"https:\\\/\\\/www.yucatanencorto.com\\\/noticias\\\/oms-deja-de-recomendar-vacuna-anticovid-de-refuerzo-a-mayoria-de-la-poblacion\\\/#breadcrumb\",\"itemListElement\":[{\"@type\":\"ListItem\",\"position\":1,\"name\":\"Portada\",\"item\":\"https:\\\/\\\/www.yucatanencorto.com\\\/noticias\\\/\"},{\"@type\":\"ListItem\",\"position\":2,\"name\":\"OMS deja de recomendar vacuna anticovid de refuerzo a mayor\u00eda de la poblaci\u00f3n\"}]},{\"@type\":\"WebSite\",\"@id\":\"https:\\\/\\\/www.yucatanencorto.com\\\/noticias\\\/#website\",\"url\":\"https:\\\/\\\/www.yucatanencorto.com\\\/noticias\\\/\",\"name\":\"Yucat\u00e1n en corto\",\"description\":\"Noticias\",\"potentialAction\":[{\"@type\":\"SearchAction\",\"target\":{\"@type\":\"EntryPoint\",\"urlTemplate\":\"https:\\\/\\\/www.yucatanencorto.com\\\/noticias\\\/?s={search_term_string}\"},\"query-input\":{\"@type\":\"PropertyValueSpecification\",\"valueRequired\":true,\"valueName\":\"search_term_string\"}}],\"inLanguage\":\"es\"},{\"@type\":\"Person\",\"@id\":\"https:\\\/\\\/www.yucatanencorto.com\\\/noticias\\\/#\\\/schema\\\/person\\\/14f82d355225a1f4075dd84a31f45a72\",\"name\":\"Yucat\u00e1n en Corto FC\",\"image\":{\"@type\":\"ImageObject\",\"inLanguage\":\"es\",\"@id\":\"https:\\\/\\\/secure.gravatar.com\\\/avatar\\\/147d4b30cd728c53c29c49a3f7834dedca33707f4cd259761355846009a88250?s=96&d=mm&r=g\",\"url\":\"https:\\\/\\\/secure.gravatar.com\\\/avatar\\\/147d4b30cd728c53c29c49a3f7834dedca33707f4cd259761355846009a88250?s=96&d=mm&r=g\",\"contentUrl\":\"https:\\\/\\\/secure.gravatar.com\\\/avatar\\\/147d4b30cd728c53c29c49a3f7834dedca33707f4cd259761355846009a88250?s=96&d=mm&r=g\",\"caption\":\"Yucat\u00e1n en Corto FC\"},\"url\":\"https:\\\/\\\/www.yucatanencorto.com\\\/noticias\\\/author\\\/flor\\\/\"}]}<\/script>\n<!-- \/ Yoast SEO plugin. -->","yoast_head_json":{"title":"OMS deja de recomendar vacuna anticovid de refuerzo a mayor\u00eda de la poblaci\u00f3n - Yucat\u00e1n en corto","robots":{"index":"index","follow":"follow","max-snippet":"max-snippet:-1","max-image-preview":"max-image-preview:large","max-video-preview":"max-video-preview:-1"},"canonical":"https:\/\/www.yucatanencorto.com\/noticias\/oms-deja-de-recomendar-vacuna-anticovid-de-refuerzo-a-mayoria-de-la-poblacion\/","og_locale":"es_ES","og_type":"article","og_title":"OMS deja de recomendar vacuna anticovid de refuerzo a mayor\u00eda de la poblaci\u00f3n - Yucat\u00e1n en corto","og_description":"Expertos en vacunas de la Organizaci\u00f3n Mundial de la Salud (OMS) recomendaron hoy que las vacunas de refuerzo contra el Covid-19 ya no sean administradas para la poblaci\u00f3n que no sea de grupos de alto riesgo, dado el alto nivel de inmunizaci\u00f3n alcanzado por las poblaciones en numerosos pa\u00edses. La necesidad de una dosis de [&hellip;]","og_url":"https:\/\/www.yucatanencorto.com\/noticias\/oms-deja-de-recomendar-vacuna-anticovid-de-refuerzo-a-mayoria-de-la-poblacion\/","og_site_name":"Yucat\u00e1n en corto","article_publisher":"http:\/\/www.facebook.com\/yucatanencorto","article_published_time":"2023-03-29T00:21:16+00:00","og_image":[{"width":640,"height":360,"url":"https:\/\/www.yucatanencorto.com\/noticias\/wp-content\/uploads\/2023\/03\/AA19bBI8.jpg","type":"image\/jpeg"}],"author":"Yucat\u00e1n en Corto FC","twitter_card":"summary_large_image","twitter_creator":"@yucatanencorto","twitter_site":"@yucatanencorto","twitter_misc":{"Escrito por":"Yucat\u00e1n en Corto FC","Tiempo de lectura":"3 minutos"},"schema":{"@context":"https:\/\/schema.org","@graph":[{"@type":"Article","@id":"https:\/\/www.yucatanencorto.com\/noticias\/oms-deja-de-recomendar-vacuna-anticovid-de-refuerzo-a-mayoria-de-la-poblacion\/#article","isPartOf":{"@id":"https:\/\/www.yucatanencorto.com\/noticias\/oms-deja-de-recomendar-vacuna-anticovid-de-refuerzo-a-mayoria-de-la-poblacion\/"},"author":{"name":"Yucat\u00e1n en Corto FC","@id":"https:\/\/www.yucatanencorto.com\/noticias\/#\/schema\/person\/14f82d355225a1f4075dd84a31f45a72"},"headline":"OMS deja de recomendar vacuna anticovid de refuerzo a mayor\u00eda de la poblaci\u00f3n","datePublished":"2023-03-29T00:21:16+00:00","mainEntityOfPage":{"@id":"https:\/\/www.yucatanencorto.com\/noticias\/oms-deja-de-recomendar-vacuna-anticovid-de-refuerzo-a-mayoria-de-la-poblacion\/"},"wordCount":480,"image":{"@id":"https:\/\/www.yucatanencorto.com\/noticias\/oms-deja-de-recomendar-vacuna-anticovid-de-refuerzo-a-mayoria-de-la-poblacion\/#primaryimage"},"thumbnailUrl":"https:\/\/www.yucatanencorto.com\/noticias\/wp-content\/uploads\/2023\/03\/AA19bBI8.jpg","articleSection":["Salud"],"inLanguage":"es"},{"@type":"WebPage","@id":"https:\/\/www.yucatanencorto.com\/noticias\/oms-deja-de-recomendar-vacuna-anticovid-de-refuerzo-a-mayoria-de-la-poblacion\/","url":"https:\/\/www.yucatanencorto.com\/noticias\/oms-deja-de-recomendar-vacuna-anticovid-de-refuerzo-a-mayoria-de-la-poblacion\/","name":"OMS deja de recomendar vacuna anticovid de refuerzo a mayor\u00eda de la poblaci\u00f3n - Yucat\u00e1n en corto","isPartOf":{"@id":"https:\/\/www.yucatanencorto.com\/noticias\/#website"},"primaryImageOfPage":{"@id":"https:\/\/www.yucatanencorto.com\/noticias\/oms-deja-de-recomendar-vacuna-anticovid-de-refuerzo-a-mayoria-de-la-poblacion\/#primaryimage"},"image":{"@id":"https:\/\/www.yucatanencorto.com\/noticias\/oms-deja-de-recomendar-vacuna-anticovid-de-refuerzo-a-mayoria-de-la-poblacion\/#primaryimage"},"thumbnailUrl":"https:\/\/www.yucatanencorto.com\/noticias\/wp-content\/uploads\/2023\/03\/AA19bBI8.jpg","datePublished":"2023-03-29T00:21:16+00:00","author":{"@id":"https:\/\/www.yucatanencorto.com\/noticias\/#\/schema\/person\/14f82d355225a1f4075dd84a31f45a72"},"breadcrumb":{"@id":"https:\/\/www.yucatanencorto.com\/noticias\/oms-deja-de-recomendar-vacuna-anticovid-de-refuerzo-a-mayoria-de-la-poblacion\/#breadcrumb"},"inLanguage":"es","potentialAction":[{"@type":"ReadAction","target":["https:\/\/www.yucatanencorto.com\/noticias\/oms-deja-de-recomendar-vacuna-anticovid-de-refuerzo-a-mayoria-de-la-poblacion\/"]}]},{"@type":"ImageObject","inLanguage":"es","@id":"https:\/\/www.yucatanencorto.com\/noticias\/oms-deja-de-recomendar-vacuna-anticovid-de-refuerzo-a-mayoria-de-la-poblacion\/#primaryimage","url":"https:\/\/www.yucatanencorto.com\/noticias\/wp-content\/uploads\/2023\/03\/AA19bBI8.jpg","contentUrl":"https:\/\/www.yucatanencorto.com\/noticias\/wp-content\/uploads\/2023\/03\/AA19bBI8.jpg","width":640,"height":360},{"@type":"BreadcrumbList","@id":"https:\/\/www.yucatanencorto.com\/noticias\/oms-deja-de-recomendar-vacuna-anticovid-de-refuerzo-a-mayoria-de-la-poblacion\/#breadcrumb","itemListElement":[{"@type":"ListItem","position":1,"name":"Portada","item":"https:\/\/www.yucatanencorto.com\/noticias\/"},{"@type":"ListItem","position":2,"name":"OMS deja de recomendar vacuna anticovid de refuerzo a mayor\u00eda de la poblaci\u00f3n"}]},{"@type":"WebSite","@id":"https:\/\/www.yucatanencorto.com\/noticias\/#website","url":"https:\/\/www.yucatanencorto.com\/noticias\/","name":"Yucat\u00e1n en corto","description":"Noticias","potentialAction":[{"@type":"SearchAction","target":{"@type":"EntryPoint","urlTemplate":"https:\/\/www.yucatanencorto.com\/noticias\/?s={search_term_string}"},"query-input":{"@type":"PropertyValueSpecification","valueRequired":true,"valueName":"search_term_string"}}],"inLanguage":"es"},{"@type":"Person","@id":"https:\/\/www.yucatanencorto.com\/noticias\/#\/schema\/person\/14f82d355225a1f4075dd84a31f45a72","name":"Yucat\u00e1n en Corto FC","image":{"@type":"ImageObject","inLanguage":"es","@id":"https:\/\/secure.gravatar.com\/avatar\/147d4b30cd728c53c29c49a3f7834dedca33707f4cd259761355846009a88250?s=96&d=mm&r=g","url":"https:\/\/secure.gravatar.com\/avatar\/147d4b30cd728c53c29c49a3f7834dedca33707f4cd259761355846009a88250?s=96&d=mm&r=g","contentUrl":"https:\/\/secure.gravatar.com\/avatar\/147d4b30cd728c53c29c49a3f7834dedca33707f4cd259761355846009a88250?s=96&d=mm&r=g","caption":"Yucat\u00e1n en Corto FC"},"url":"https:\/\/www.yucatanencorto.com\/noticias\/author\/flor\/"}]}},"_links":{"self":[{"href":"https:\/\/www.yucatanencorto.com\/noticias\/wp-json\/wp\/v2\/posts\/97350","targetHints":{"allow":["GET"]}}],"collection":[{"href":"https:\/\/www.yucatanencorto.com\/noticias\/wp-json\/wp\/v2\/posts"}],"about":[{"href":"https:\/\/www.yucatanencorto.com\/noticias\/wp-json\/wp\/v2\/types\/post"}],"author":[{"embeddable":true,"href":"https:\/\/www.yucatanencorto.com\/noticias\/wp-json\/wp\/v2\/users\/2"}],"replies":[{"embeddable":true,"href":"https:\/\/www.yucatanencorto.com\/noticias\/wp-json\/wp\/v2\/comments?post=97350"}],"version-history":[{"count":0,"href":"https:\/\/www.yucatanencorto.com\/noticias\/wp-json\/wp\/v2\/posts\/97350\/revisions"}],"wp:featuredmedia":[{"embeddable":true,"href":"https:\/\/www.yucatanencorto.com\/noticias\/wp-json\/wp\/v2\/media\/97351"}],"wp:attachment":[{"href":"https:\/\/www.yucatanencorto.com\/noticias\/wp-json\/wp\/v2\/media?parent=97350"}],"wp:term":[{"taxonomy":"category","embeddable":true,"href":"https:\/\/www.yucatanencorto.com\/noticias\/wp-json\/wp\/v2\/categories?post=97350"},{"taxonomy":"post_tag","embeddable":true,"href":"https:\/\/www.yucatanencorto.com\/noticias\/wp-json\/wp\/v2\/tags?post=97350"}],"curies":[{"name":"wp","href":"https:\/\/api.w.org\/{rel}","templated":true}]}}