{"id":97353,"date":"2023-03-28T18:46:50","date_gmt":"2023-03-29T00:46:50","guid":{"rendered":"https:\/\/www.yucatanencorto.com\/noticias\/?p=97353"},"modified":"2023-03-28T18:46:50","modified_gmt":"2023-03-29T00:46:50","slug":"estadounidense-corre-a-mexicanos-de-su-calle-y-se-organizan-para-molestarlo-con-musica-de-banda","status":"publish","type":"post","link":"https:\/\/www.yucatanencorto.com\/noticias\/estadounidense-corre-a-mexicanos-de-su-calle-y-se-organizan-para-molestarlo-con-musica-de-banda\/","title":{"rendered":"Estadounidense corre a mexicanos de su calle y se organizan para molestarlo con m\u00fasica de banda"},"content":{"rendered":"<p><img loading=\"lazy\" decoding=\"async\" class=\"alignnone size-full wp-image-97354\" src=\"https:\/\/www.yucatanencorto.com\/noticias\/wp-content\/uploads\/2023\/03\/AA19bBtU.jpg\" alt=\"\" width=\"768\" height=\"461\" srcset=\"https:\/\/www.yucatanencorto.com\/noticias\/wp-content\/uploads\/2023\/03\/AA19bBtU.jpg 768w, https:\/\/www.yucatanencorto.com\/noticias\/wp-content\/uploads\/2023\/03\/AA19bBtU-696x418.jpg 696w, https:\/\/www.yucatanencorto.com\/noticias\/wp-content\/uploads\/2023\/03\/AA19bBtU-700x420.jpg 700w\" sizes=\"auto, (max-width: 768px) 100vw, 768px\" \/><\/p>\n<p>Un\u00a0nuevo caso de racismo\u00a0surgi\u00f3 en redes sociales y es que un\u00a0hombre estadounidense\u00a0sol\u00eda amenazar a un grupo de vendedores ambulantes de Latinoam\u00e9rica que radican en California hasta que uno de ellos se arm\u00f3 de valor y decidi\u00f3 enfrentarlo, encontrando una\u00a0ingeniosa manera de devolverle todos sus insultos.<\/p>\n<p>Todo comenz\u00f3 cuando el\u00a0hombre estadounidense\u00a0llam\u00f3 a la polic\u00eda para\u00a0impedir que vendedores ambulantes, en su mayor\u00eda\u00a0mexicanos o de otros pa\u00edses de Latinoam\u00e9rica, vendieran en la calle en donde se encontraba su hogar. Por ello, el joven visit\u00f3 la casa del individuo para reclamar su acci\u00f3n, pues no le pareci\u00f3 justo que\u00a0intentara sabotear a sus compa\u00f1eros.<\/p>\n<p>No obstante, el\u00a0estadounidense perdi\u00f3 el control\u00a0y\u00a0comenz\u00f3 a insultar al mexicano, dici\u00e9ndole que se regresara a su pa\u00eds y que dejaran de\u00a0vender comida en la calle\u00a0en donde se encontraba su casa.<\/p>\n<p>Tras la discusi\u00f3n,\u00a0Edin Alex\u00a0decidi\u00f3 marcharse a su casa pues entendi\u00f3 que no podr\u00eda hacer entrar en raz\u00f3n al\u00a0hombre racista. No obstante, al d\u00eda siguiente regres\u00f3 a la casa del individuo. Acompa\u00f1ado de\u00a0\u00a0un mont\u00f3n de compatriotas y, con la bandera de M\u00e9xico en alto, comenzaron a\u00a0tocar m\u00fasica de banda\u00a0frente a la casa del\u00a0individuo.<\/p>\n<p>La\u00a0Agrupaci\u00f3n Los Duendes de la Sierra\u00a0fueron los encargados de tocar a todo\u00a0volumen para darle una lecci\u00f3n al hombre, quien decidi\u00f3 no dar la cara y permanecer encerrado\u00a0en su hogar. Si bien esta acci\u00f3n fue aplaudida por los usuarios de redes, lo cierto es que los actos de racismo en contra de la comunidad contin\u00faan siendo una realidad, pues el joven contin\u00faa publicando videos en donde se ven\u00a0diversas peleas e insultos\u00a0que tienen que enfrentar d\u00eda\u00a0 con d\u00eda por parte de\u00a0personas estadounidenses.<\/p>\n","protected":false},"excerpt":{"rendered":"<p>Un\u00a0nuevo caso de racismo\u00a0surgi\u00f3 en redes sociales y es que un\u00a0hombre estadounidense\u00a0sol\u00eda amenazar a un grupo de vendedores ambulantes de Latinoam\u00e9rica que radican en California hasta que uno de ellos se arm\u00f3 de valor y decidi\u00f3 enfrentarlo, encontrando una\u00a0ingeniosa manera de devolverle todos sus insultos. Todo comenz\u00f3 cuando el\u00a0hombre estadounidense\u00a0llam\u00f3 a la polic\u00eda para\u00a0impedir que [&hellip;]<\/p>\n","protected":false},"author":2,"featured_media":97354,"comment_status":"closed","ping_status":"closed","sticky":false,"template":"","format":"standard","meta":{"footnotes":""},"categories":[8908],"tags":[],"class_list":{"0":"post-97353","1":"post","2":"type-post","3":"status-publish","4":"format-standard","5":"has-post-thumbnail","7":"category-viral-y-asombroso"},"yoast_head":"<!-- This site is optimized with the Yoast SEO plugin v27.4 - https:\/\/yoast.com\/product\/yoast-seo-wordpress\/ -->\n<title>Estadounidense corre a mexicanos de su calle y se organizan para molestarlo con m\u00fasica de banda - Yucat\u00e1n en corto<\/title>\n<meta name=\"robots\" content=\"index, follow, max-snippet:-1, max-image-preview:large, max-video-preview:-1\" \/>\n<link rel=\"canonical\" href=\"https:\/\/www.yucatanencorto.com\/noticias\/estadounidense-corre-a-mexicanos-de-su-calle-y-se-organizan-para-molestarlo-con-musica-de-banda\/\" \/>\n<meta property=\"og:locale\" content=\"es_ES\" \/>\n<meta property=\"og:type\" content=\"article\" \/>\n<meta property=\"og:title\" content=\"Estadounidense corre a mexicanos de su calle y se organizan para molestarlo con m\u00fasica de banda - Yucat\u00e1n en corto\" \/>\n<meta property=\"og:description\" content=\"Un\u00a0nuevo caso de racismo\u00a0surgi\u00f3 en redes sociales y es que un\u00a0hombre estadounidense\u00a0sol\u00eda amenazar a un grupo de vendedores ambulantes de Latinoam\u00e9rica que radican en California hasta que uno de ellos se arm\u00f3 de valor y decidi\u00f3 enfrentarlo, encontrando una\u00a0ingeniosa manera de devolverle todos sus insultos. Todo comenz\u00f3 cuando el\u00a0hombre estadounidense\u00a0llam\u00f3 a la polic\u00eda para\u00a0impedir que [&hellip;]\" \/>\n<meta property=\"og:url\" content=\"https:\/\/www.yucatanencorto.com\/noticias\/estadounidense-corre-a-mexicanos-de-su-calle-y-se-organizan-para-molestarlo-con-musica-de-banda\/\" \/>\n<meta property=\"og:site_name\" content=\"Yucat\u00e1n en corto\" \/>\n<meta property=\"article:publisher\" content=\"http:\/\/www.facebook.com\/yucatanencorto\" \/>\n<meta property=\"article:published_time\" content=\"2023-03-29T00:46:50+00:00\" \/>\n<meta property=\"og:image\" content=\"https:\/\/www.yucatanencorto.com\/noticias\/wp-content\/uploads\/2023\/03\/AA19bBtU.jpg\" \/>\n\t<meta property=\"og:image:width\" content=\"768\" \/>\n\t<meta property=\"og:image:height\" content=\"461\" \/>\n\t<meta property=\"og:image:type\" content=\"image\/jpeg\" \/>\n<meta name=\"author\" content=\"Yucat\u00e1n en Corto FC\" \/>\n<meta name=\"twitter:card\" content=\"summary_large_image\" \/>\n<meta name=\"twitter:creator\" content=\"@yucatanencorto\" \/>\n<meta name=\"twitter:site\" content=\"@yucatanencorto\" \/>\n<meta name=\"twitter:label1\" content=\"Escrito por\" \/>\n\t<meta name=\"twitter:data1\" content=\"Yucat\u00e1n en Corto FC\" \/>\n\t<meta name=\"twitter:label2\" content=\"Tiempo de lectura\" \/>\n\t<meta name=\"twitter:data2\" content=\"2 minutos\" \/>\n<script type=\"application\/ld+json\" class=\"yoast-schema-graph\">{\"@context\":\"https:\\\/\\\/schema.org\",\"@graph\":[{\"@type\":\"Article\",\"@id\":\"https:\\\/\\\/www.yucatanencorto.com\\\/noticias\\\/estadounidense-corre-a-mexicanos-de-su-calle-y-se-organizan-para-molestarlo-con-musica-de-banda\\\/#article\",\"isPartOf\":{\"@id\":\"https:\\\/\\\/www.yucatanencorto.com\\\/noticias\\\/estadounidense-corre-a-mexicanos-de-su-calle-y-se-organizan-para-molestarlo-con-musica-de-banda\\\/\"},\"author\":{\"name\":\"Yucat\u00e1n en Corto FC\",\"@id\":\"https:\\\/\\\/www.yucatanencorto.com\\\/noticias\\\/#\\\/schema\\\/person\\\/14f82d355225a1f4075dd84a31f45a72\"},\"headline\":\"Estadounidense corre a mexicanos de su calle y se organizan para molestarlo con m\u00fasica de banda\",\"datePublished\":\"2023-03-29T00:46:50+00:00\",\"mainEntityOfPage\":{\"@id\":\"https:\\\/\\\/www.yucatanencorto.com\\\/noticias\\\/estadounidense-corre-a-mexicanos-de-su-calle-y-se-organizan-para-molestarlo-con-musica-de-banda\\\/\"},\"wordCount\":332,\"image\":{\"@id\":\"https:\\\/\\\/www.yucatanencorto.com\\\/noticias\\\/estadounidense-corre-a-mexicanos-de-su-calle-y-se-organizan-para-molestarlo-con-musica-de-banda\\\/#primaryimage\"},\"thumbnailUrl\":\"https:\\\/\\\/www.yucatanencorto.com\\\/noticias\\\/wp-content\\\/uploads\\\/2023\\\/03\\\/AA19bBtU.jpg\",\"articleSection\":[\"Viral y Asombroso\"],\"inLanguage\":\"es\"},{\"@type\":\"WebPage\",\"@id\":\"https:\\\/\\\/www.yucatanencorto.com\\\/noticias\\\/estadounidense-corre-a-mexicanos-de-su-calle-y-se-organizan-para-molestarlo-con-musica-de-banda\\\/\",\"url\":\"https:\\\/\\\/www.yucatanencorto.com\\\/noticias\\\/estadounidense-corre-a-mexicanos-de-su-calle-y-se-organizan-para-molestarlo-con-musica-de-banda\\\/\",\"name\":\"Estadounidense corre a mexicanos de su calle y se organizan para molestarlo con m\u00fasica de banda - Yucat\u00e1n en corto\",\"isPartOf\":{\"@id\":\"https:\\\/\\\/www.yucatanencorto.com\\\/noticias\\\/#website\"},\"primaryImageOfPage\":{\"@id\":\"https:\\\/\\\/www.yucatanencorto.com\\\/noticias\\\/estadounidense-corre-a-mexicanos-de-su-calle-y-se-organizan-para-molestarlo-con-musica-de-banda\\\/#primaryimage\"},\"image\":{\"@id\":\"https:\\\/\\\/www.yucatanencorto.com\\\/noticias\\\/estadounidense-corre-a-mexicanos-de-su-calle-y-se-organizan-para-molestarlo-con-musica-de-banda\\\/#primaryimage\"},\"thumbnailUrl\":\"https:\\\/\\\/www.yucatanencorto.com\\\/noticias\\\/wp-content\\\/uploads\\\/2023\\\/03\\\/AA19bBtU.jpg\",\"datePublished\":\"2023-03-29T00:46:50+00:00\",\"author\":{\"@id\":\"https:\\\/\\\/www.yucatanencorto.com\\\/noticias\\\/#\\\/schema\\\/person\\\/14f82d355225a1f4075dd84a31f45a72\"},\"breadcrumb\":{\"@id\":\"https:\\\/\\\/www.yucatanencorto.com\\\/noticias\\\/estadounidense-corre-a-mexicanos-de-su-calle-y-se-organizan-para-molestarlo-con-musica-de-banda\\\/#breadcrumb\"},\"inLanguage\":\"es\",\"potentialAction\":[{\"@type\":\"ReadAction\",\"target\":[\"https:\\\/\\\/www.yucatanencorto.com\\\/noticias\\\/estadounidense-corre-a-mexicanos-de-su-calle-y-se-organizan-para-molestarlo-con-musica-de-banda\\\/\"]}]},{\"@type\":\"ImageObject\",\"inLanguage\":\"es\",\"@id\":\"https:\\\/\\\/www.yucatanencorto.com\\\/noticias\\\/estadounidense-corre-a-mexicanos-de-su-calle-y-se-organizan-para-molestarlo-con-musica-de-banda\\\/#primaryimage\",\"url\":\"https:\\\/\\\/www.yucatanencorto.com\\\/noticias\\\/wp-content\\\/uploads\\\/2023\\\/03\\\/AA19bBtU.jpg\",\"contentUrl\":\"https:\\\/\\\/www.yucatanencorto.com\\\/noticias\\\/wp-content\\\/uploads\\\/2023\\\/03\\\/AA19bBtU.jpg\",\"width\":768,\"height\":461},{\"@type\":\"BreadcrumbList\",\"@id\":\"https:\\\/\\\/www.yucatanencorto.com\\\/noticias\\\/estadounidense-corre-a-mexicanos-de-su-calle-y-se-organizan-para-molestarlo-con-musica-de-banda\\\/#breadcrumb\",\"itemListElement\":[{\"@type\":\"ListItem\",\"position\":1,\"name\":\"Portada\",\"item\":\"https:\\\/\\\/www.yucatanencorto.com\\\/noticias\\\/\"},{\"@type\":\"ListItem\",\"position\":2,\"name\":\"Estadounidense corre a mexicanos de su calle y se organizan para molestarlo con m\u00fasica de banda\"}]},{\"@type\":\"WebSite\",\"@id\":\"https:\\\/\\\/www.yucatanencorto.com\\\/noticias\\\/#website\",\"url\":\"https:\\\/\\\/www.yucatanencorto.com\\\/noticias\\\/\",\"name\":\"Yucat\u00e1n en corto\",\"description\":\"Noticias\",\"potentialAction\":[{\"@type\":\"SearchAction\",\"target\":{\"@type\":\"EntryPoint\",\"urlTemplate\":\"https:\\\/\\\/www.yucatanencorto.com\\\/noticias\\\/?s={search_term_string}\"},\"query-input\":{\"@type\":\"PropertyValueSpecification\",\"valueRequired\":true,\"valueName\":\"search_term_string\"}}],\"inLanguage\":\"es\"},{\"@type\":\"Person\",\"@id\":\"https:\\\/\\\/www.yucatanencorto.com\\\/noticias\\\/#\\\/schema\\\/person\\\/14f82d355225a1f4075dd84a31f45a72\",\"name\":\"Yucat\u00e1n en Corto FC\",\"image\":{\"@type\":\"ImageObject\",\"inLanguage\":\"es\",\"@id\":\"https:\\\/\\\/secure.gravatar.com\\\/avatar\\\/147d4b30cd728c53c29c49a3f7834dedca33707f4cd259761355846009a88250?s=96&d=mm&r=g\",\"url\":\"https:\\\/\\\/secure.gravatar.com\\\/avatar\\\/147d4b30cd728c53c29c49a3f7834dedca33707f4cd259761355846009a88250?s=96&d=mm&r=g\",\"contentUrl\":\"https:\\\/\\\/secure.gravatar.com\\\/avatar\\\/147d4b30cd728c53c29c49a3f7834dedca33707f4cd259761355846009a88250?s=96&d=mm&r=g\",\"caption\":\"Yucat\u00e1n en Corto FC\"},\"url\":\"https:\\\/\\\/www.yucatanencorto.com\\\/noticias\\\/author\\\/flor\\\/\"}]}<\/script>\n<!-- \/ Yoast SEO plugin. -->","yoast_head_json":{"title":"Estadounidense corre a mexicanos de su calle y se organizan para molestarlo con m\u00fasica de banda - Yucat\u00e1n en corto","robots":{"index":"index","follow":"follow","max-snippet":"max-snippet:-1","max-image-preview":"max-image-preview:large","max-video-preview":"max-video-preview:-1"},"canonical":"https:\/\/www.yucatanencorto.com\/noticias\/estadounidense-corre-a-mexicanos-de-su-calle-y-se-organizan-para-molestarlo-con-musica-de-banda\/","og_locale":"es_ES","og_type":"article","og_title":"Estadounidense corre a mexicanos de su calle y se organizan para molestarlo con m\u00fasica de banda - Yucat\u00e1n en corto","og_description":"Un\u00a0nuevo caso de racismo\u00a0surgi\u00f3 en redes sociales y es que un\u00a0hombre estadounidense\u00a0sol\u00eda amenazar a un grupo de vendedores ambulantes de Latinoam\u00e9rica que radican en California hasta que uno de ellos se arm\u00f3 de valor y decidi\u00f3 enfrentarlo, encontrando una\u00a0ingeniosa manera de devolverle todos sus insultos. Todo comenz\u00f3 cuando el\u00a0hombre estadounidense\u00a0llam\u00f3 a la polic\u00eda para\u00a0impedir que [&hellip;]","og_url":"https:\/\/www.yucatanencorto.com\/noticias\/estadounidense-corre-a-mexicanos-de-su-calle-y-se-organizan-para-molestarlo-con-musica-de-banda\/","og_site_name":"Yucat\u00e1n en corto","article_publisher":"http:\/\/www.facebook.com\/yucatanencorto","article_published_time":"2023-03-29T00:46:50+00:00","og_image":[{"width":768,"height":461,"url":"https:\/\/www.yucatanencorto.com\/noticias\/wp-content\/uploads\/2023\/03\/AA19bBtU.jpg","type":"image\/jpeg"}],"author":"Yucat\u00e1n en Corto FC","twitter_card":"summary_large_image","twitter_creator":"@yucatanencorto","twitter_site":"@yucatanencorto","twitter_misc":{"Escrito por":"Yucat\u00e1n en Corto FC","Tiempo de lectura":"2 minutos"},"schema":{"@context":"https:\/\/schema.org","@graph":[{"@type":"Article","@id":"https:\/\/www.yucatanencorto.com\/noticias\/estadounidense-corre-a-mexicanos-de-su-calle-y-se-organizan-para-molestarlo-con-musica-de-banda\/#article","isPartOf":{"@id":"https:\/\/www.yucatanencorto.com\/noticias\/estadounidense-corre-a-mexicanos-de-su-calle-y-se-organizan-para-molestarlo-con-musica-de-banda\/"},"author":{"name":"Yucat\u00e1n en Corto FC","@id":"https:\/\/www.yucatanencorto.com\/noticias\/#\/schema\/person\/14f82d355225a1f4075dd84a31f45a72"},"headline":"Estadounidense corre a mexicanos de su calle y se organizan para molestarlo con m\u00fasica de banda","datePublished":"2023-03-29T00:46:50+00:00","mainEntityOfPage":{"@id":"https:\/\/www.yucatanencorto.com\/noticias\/estadounidense-corre-a-mexicanos-de-su-calle-y-se-organizan-para-molestarlo-con-musica-de-banda\/"},"wordCount":332,"image":{"@id":"https:\/\/www.yucatanencorto.com\/noticias\/estadounidense-corre-a-mexicanos-de-su-calle-y-se-organizan-para-molestarlo-con-musica-de-banda\/#primaryimage"},"thumbnailUrl":"https:\/\/www.yucatanencorto.com\/noticias\/wp-content\/uploads\/2023\/03\/AA19bBtU.jpg","articleSection":["Viral y Asombroso"],"inLanguage":"es"},{"@type":"WebPage","@id":"https:\/\/www.yucatanencorto.com\/noticias\/estadounidense-corre-a-mexicanos-de-su-calle-y-se-organizan-para-molestarlo-con-musica-de-banda\/","url":"https:\/\/www.yucatanencorto.com\/noticias\/estadounidense-corre-a-mexicanos-de-su-calle-y-se-organizan-para-molestarlo-con-musica-de-banda\/","name":"Estadounidense corre a mexicanos de su calle y se organizan para molestarlo con m\u00fasica de banda - Yucat\u00e1n en corto","isPartOf":{"@id":"https:\/\/www.yucatanencorto.com\/noticias\/#website"},"primaryImageOfPage":{"@id":"https:\/\/www.yucatanencorto.com\/noticias\/estadounidense-corre-a-mexicanos-de-su-calle-y-se-organizan-para-molestarlo-con-musica-de-banda\/#primaryimage"},"image":{"@id":"https:\/\/www.yucatanencorto.com\/noticias\/estadounidense-corre-a-mexicanos-de-su-calle-y-se-organizan-para-molestarlo-con-musica-de-banda\/#primaryimage"},"thumbnailUrl":"https:\/\/www.yucatanencorto.com\/noticias\/wp-content\/uploads\/2023\/03\/AA19bBtU.jpg","datePublished":"2023-03-29T00:46:50+00:00","author":{"@id":"https:\/\/www.yucatanencorto.com\/noticias\/#\/schema\/person\/14f82d355225a1f4075dd84a31f45a72"},"breadcrumb":{"@id":"https:\/\/www.yucatanencorto.com\/noticias\/estadounidense-corre-a-mexicanos-de-su-calle-y-se-organizan-para-molestarlo-con-musica-de-banda\/#breadcrumb"},"inLanguage":"es","potentialAction":[{"@type":"ReadAction","target":["https:\/\/www.yucatanencorto.com\/noticias\/estadounidense-corre-a-mexicanos-de-su-calle-y-se-organizan-para-molestarlo-con-musica-de-banda\/"]}]},{"@type":"ImageObject","inLanguage":"es","@id":"https:\/\/www.yucatanencorto.com\/noticias\/estadounidense-corre-a-mexicanos-de-su-calle-y-se-organizan-para-molestarlo-con-musica-de-banda\/#primaryimage","url":"https:\/\/www.yucatanencorto.com\/noticias\/wp-content\/uploads\/2023\/03\/AA19bBtU.jpg","contentUrl":"https:\/\/www.yucatanencorto.com\/noticias\/wp-content\/uploads\/2023\/03\/AA19bBtU.jpg","width":768,"height":461},{"@type":"BreadcrumbList","@id":"https:\/\/www.yucatanencorto.com\/noticias\/estadounidense-corre-a-mexicanos-de-su-calle-y-se-organizan-para-molestarlo-con-musica-de-banda\/#breadcrumb","itemListElement":[{"@type":"ListItem","position":1,"name":"Portada","item":"https:\/\/www.yucatanencorto.com\/noticias\/"},{"@type":"ListItem","position":2,"name":"Estadounidense corre a mexicanos de su calle y se organizan para molestarlo con m\u00fasica de banda"}]},{"@type":"WebSite","@id":"https:\/\/www.yucatanencorto.com\/noticias\/#website","url":"https:\/\/www.yucatanencorto.com\/noticias\/","name":"Yucat\u00e1n en corto","description":"Noticias","potentialAction":[{"@type":"SearchAction","target":{"@type":"EntryPoint","urlTemplate":"https:\/\/www.yucatanencorto.com\/noticias\/?s={search_term_string}"},"query-input":{"@type":"PropertyValueSpecification","valueRequired":true,"valueName":"search_term_string"}}],"inLanguage":"es"},{"@type":"Person","@id":"https:\/\/www.yucatanencorto.com\/noticias\/#\/schema\/person\/14f82d355225a1f4075dd84a31f45a72","name":"Yucat\u00e1n en Corto FC","image":{"@type":"ImageObject","inLanguage":"es","@id":"https:\/\/secure.gravatar.com\/avatar\/147d4b30cd728c53c29c49a3f7834dedca33707f4cd259761355846009a88250?s=96&d=mm&r=g","url":"https:\/\/secure.gravatar.com\/avatar\/147d4b30cd728c53c29c49a3f7834dedca33707f4cd259761355846009a88250?s=96&d=mm&r=g","contentUrl":"https:\/\/secure.gravatar.com\/avatar\/147d4b30cd728c53c29c49a3f7834dedca33707f4cd259761355846009a88250?s=96&d=mm&r=g","caption":"Yucat\u00e1n en Corto FC"},"url":"https:\/\/www.yucatanencorto.com\/noticias\/author\/flor\/"}]}},"_links":{"self":[{"href":"https:\/\/www.yucatanencorto.com\/noticias\/wp-json\/wp\/v2\/posts\/97353","targetHints":{"allow":["GET"]}}],"collection":[{"href":"https:\/\/www.yucatanencorto.com\/noticias\/wp-json\/wp\/v2\/posts"}],"about":[{"href":"https:\/\/www.yucatanencorto.com\/noticias\/wp-json\/wp\/v2\/types\/post"}],"author":[{"embeddable":true,"href":"https:\/\/www.yucatanencorto.com\/noticias\/wp-json\/wp\/v2\/users\/2"}],"replies":[{"embeddable":true,"href":"https:\/\/www.yucatanencorto.com\/noticias\/wp-json\/wp\/v2\/comments?post=97353"}],"version-history":[{"count":0,"href":"https:\/\/www.yucatanencorto.com\/noticias\/wp-json\/wp\/v2\/posts\/97353\/revisions"}],"wp:featuredmedia":[{"embeddable":true,"href":"https:\/\/www.yucatanencorto.com\/noticias\/wp-json\/wp\/v2\/media\/97354"}],"wp:attachment":[{"href":"https:\/\/www.yucatanencorto.com\/noticias\/wp-json\/wp\/v2\/media?parent=97353"}],"wp:term":[{"taxonomy":"category","embeddable":true,"href":"https:\/\/www.yucatanencorto.com\/noticias\/wp-json\/wp\/v2\/categories?post=97353"},{"taxonomy":"post_tag","embeddable":true,"href":"https:\/\/www.yucatanencorto.com\/noticias\/wp-json\/wp\/v2\/tags?post=97353"}],"curies":[{"name":"wp","href":"https:\/\/api.w.org\/{rel}","templated":true}]}}