{"id":97359,"date":"2023-03-28T19:44:14","date_gmt":"2023-03-29T01:44:14","guid":{"rendered":"https:\/\/www.yucatanencorto.com\/noticias\/?p=97359"},"modified":"2023-03-28T19:44:14","modified_gmt":"2023-03-29T01:44:14","slug":"aprueban-el-programa-macromer","status":"publish","type":"post","link":"https:\/\/www.yucatanencorto.com\/noticias\/aprueban-el-programa-macromer\/","title":{"rendered":"Aprueban el programa Macromer"},"content":{"rendered":"<p><img loading=\"lazy\" decoding=\"async\" class=\"alignnone size-full wp-image-97360\" src=\"https:\/\/www.yucatanencorto.com\/noticias\/wp-content\/uploads\/2023\/03\/WhatsApp-Image-2023-03-28-at-18.30.40-scaled.jpeg\" alt=\"\" width=\"768\" height=\"512\" srcset=\"https:\/\/www.yucatanencorto.com\/noticias\/wp-content\/uploads\/2023\/03\/WhatsApp-Image-2023-03-28-at-18.30.40-scaled.jpeg 768w, https:\/\/www.yucatanencorto.com\/noticias\/wp-content\/uploads\/2023\/03\/WhatsApp-Image-2023-03-28-at-18.30.40-696x464.jpeg 696w, https:\/\/www.yucatanencorto.com\/noticias\/wp-content\/uploads\/2023\/03\/WhatsApp-Image-2023-03-28-at-18.30.40-631x420.jpeg 631w\" sizes=\"auto, (max-width: 768px) 100vw, 768px\" \/><\/p>\n<p>M\u00e9rida, Yucat\u00e1n a 28 de marzo de 2023.- El Ayuntamiento de M\u00e9rida que encabeza Ren\u00e1n Barrera Concha promueve el crecimiento de las empresas locales a trav\u00e9s del programa Macromer, con el cual se fortalecer\u00e1 la econom\u00eda del Municipio generando m\u00e1s empleos y bienestar para las familias.<\/p>\n<p>En la Sesi\u00f3n Ordinaria de Cabildo efectuada en el Sal\u00f3n \u201cRosa Torre Gonz\u00e1lez\u201d, el Presidente Municipal asegur\u00f3 que, para garantizar el crecimiento parejo de las y los habitantes de M\u00e9rida, se cre\u00f3 este programa destinado a atender las necesidades de las peque\u00f1as y micro empresas que han crecido en cuanto a inventario, instalaciones f\u00edsicas o incrementado su mobiliario.<\/p>\n<p>\u201cEl programa Micromer que ha implementado el Ayuntamiento de M\u00e9rida desde hace 20 a\u00f1os, se ha convertido en un referente nacional de pol\u00edtica p\u00fablica para el impulso de micro, peque\u00f1as y medianas empresas, permitiendo que con los microcr\u00e9ditos muchas empresas incrementen su actividad comercial\u201d, expres\u00f3.<br \/>\nMediante este programa se han impulsado m\u00e1s de 3 mil cr\u00e9ditos con un monto superior a los 7.9 millones de pesos.<\/p>\n<p>Por lo anterior, abund\u00f3, se detect\u00f3 la necesidad de ofrecer a las y los acreditados, que tienen un historial positivo con Micromer, una alternativa crediticia superior, a una tasa preferencial y en excelentes condiciones de mercado, acorde con la dimensi\u00f3n de su empresa.<br \/>\nDe esta manera, se\u00f1al\u00f3 que el Ayuntamiento a trav\u00e9s de la Direcci\u00f3n de Desarrollo Econ\u00f3mico y Turismo apoyar\u00e1 y acompa\u00f1ar\u00e1 a las empresas meridanas para que crezcan, trayendo consigo m\u00e1s y mejores empleos para todas y todos.<\/p>\n<p>Agreg\u00f3 que este nuevo financiamiento otorgar\u00e1 montos de 101,000,00 pesos hasta 350,000,00 pesos, teniendo como ventajas: tasas y condiciones accesibles. Adem\u00e1s, indic\u00f3 que este programa es posible ya que las y los empresarios del Municipio presentan una tasa alta de cumplimiento de obligaciones, lo que permite al Ayuntamiento contribuir al apuntalamiento de las empresas y generar las condiciones para crear m\u00e1s empleos.<br \/>\nEn otros temas, el Cabildo aprob\u00f3 celebrar un Convenio de Colaboraci\u00f3n con la asociaci\u00f3n civil \u201cPatronato para la Preservaci\u00f3n del Centro Hist\u00f3rico de la Ciudad de M\u00e9rida, Yucat\u00e1n\u201d, con el objetivo de coordinar el trabajo para sumar esfuerzos, recursos y capacidades para efectuar acciones de gesti\u00f3n que involucren el desarrollo territorial, econ\u00f3mico, cultural y social del centro hist\u00f3rico.<\/p>\n<p>En la sesi\u00f3n, se aprob\u00f3 la celebraci\u00f3n del Convenio de Colaboraci\u00f3n Acad\u00e9mica con la asociaci\u00f3n civil \u201cCentros Culturales de M\u00e9xico\u201d adscrito a la Universidad Panamericana, con el objetivo de profesionalizar, bajo un esquema tripartito de cobertura de colegiaturas, a las y los funcionarios municipales a trav\u00e9s de su capacitaci\u00f3n con programas de posgrado y educaci\u00f3n continua.<\/p>\n<p>El Cabildo aprob\u00f3 que se renueve en este 2023 la afiliaci\u00f3n del Municipio con la Asociaci\u00f3n Internacional \u201cICLEI-Gobiernos Locales por la Sustentabilidad\u201d, asumiendo las obligaciones y derechos que en consecuencia procedan, as\u00ed como el nombramiento de la directora de la Unidad de Desarrollo Sustentable, Alejandra Bolio Rojas, como enlace con ese organismo.<br \/>\nTambi\u00e9n, las y los regidores aprobaron la convocatoria 07, con las bases de las Licitaciones P\u00fablicas n\u00fameros OC23-FPFCON-6224-062 y EL23-FPFCON-6133-063, para que a trav\u00e9s de los Recursos de Participaciones se realice la rehabilitaci\u00f3n del Parque de La Paz y de la red el\u00e9ctrica en el Centro de la ciudad de M\u00e9rida.<br \/>\nCon recursos de participaci\u00f3n, se aprob\u00f3 contratar mediante el procedimiento de invitaci\u00f3n a cuando menos tres personas para la rehabilitaci\u00f3n de calles con microcarpeta en el Fraccionamiento Mulsay.<\/p>\n<p>Asimismo, se aprob\u00f3 la licitaci\u00f3n p\u00fablica n\u00famero LP-2023-ADQ-TIERRA Y POLVO ARENOSO-01, requerida por la Direcci\u00f3n de Servicios P\u00fablicos Municipales para la adquisici\u00f3n de materiales varios, as\u00ed como la licitaci\u00f3n p\u00fablica n\u00famero LP-2023-ADQ-JUGUETES Y REGALOS-01 que requiere la Direcci\u00f3n de Desarrollo Social.<\/p>\n<p>El Cabildo aprob\u00f3 la propuesta del Presidente Municipal para aceptar a t\u00edtulo de donaci\u00f3n la obra art\u00edstica titulada \u201cLo que dejamos pasar\u201d, que el C. William Gaber Erosa y \u201cBanco Invex\u201d, Sociedad An\u00f3nima, Instituci\u00f3n de Banca M\u00faltiple, Invex Grupo Financiero entregaran al Municipio.<\/p>\n<p>Finalmente, en la Sesi\u00f3n de Cabildo las y los regidores rindieron el informe sobre sus comisiones edilicias y los organismos paramunicipales tambi\u00e9n entregaron sus informes, asimismo, se presentaron los oficios ADM\/SAP\/COS\/226\/03\/2023 y ADM\/SAP\/COS\/239\/03\/2023 referentes a los resultados de las licitaciones P\u00fablicas.<\/p>\n","protected":false},"excerpt":{"rendered":"<p>M\u00e9rida, Yucat\u00e1n a 28 de marzo de 2023.- El Ayuntamiento de M\u00e9rida que encabeza Ren\u00e1n Barrera Concha promueve el crecimiento de las empresas locales a trav\u00e9s del programa Macromer, con el cual se fortalecer\u00e1 la econom\u00eda del Municipio generando m\u00e1s empleos y bienestar para las familias. En la Sesi\u00f3n Ordinaria de Cabildo efectuada en el [&hellip;]<\/p>\n","protected":false},"author":2,"featured_media":97360,"comment_status":"closed","ping_status":"closed","sticky":false,"template":"","format":"standard","meta":{"footnotes":""},"categories":[2],"tags":[],"class_list":{"0":"post-97359","1":"post","2":"type-post","3":"status-publish","4":"format-standard","5":"has-post-thumbnail","7":"category-merida"},"yoast_head":"<!-- This site is optimized with the Yoast SEO plugin v27.4 - https:\/\/yoast.com\/product\/yoast-seo-wordpress\/ -->\n<title>Aprueban el programa Macromer - Yucat\u00e1n en corto<\/title>\n<meta name=\"robots\" content=\"index, follow, max-snippet:-1, max-image-preview:large, max-video-preview:-1\" \/>\n<link rel=\"canonical\" href=\"https:\/\/www.yucatanencorto.com\/noticias\/aprueban-el-programa-macromer\/\" \/>\n<meta property=\"og:locale\" content=\"es_ES\" \/>\n<meta property=\"og:type\" content=\"article\" \/>\n<meta property=\"og:title\" content=\"Aprueban el programa Macromer - Yucat\u00e1n en corto\" \/>\n<meta property=\"og:description\" content=\"M\u00e9rida, Yucat\u00e1n a 28 de marzo de 2023.- El Ayuntamiento de M\u00e9rida que encabeza Ren\u00e1n Barrera Concha promueve el crecimiento de las empresas locales a trav\u00e9s del programa Macromer, con el cual se fortalecer\u00e1 la econom\u00eda del Municipio generando m\u00e1s empleos y bienestar para las familias. En la Sesi\u00f3n Ordinaria de Cabildo efectuada en el [&hellip;]\" \/>\n<meta property=\"og:url\" content=\"https:\/\/www.yucatanencorto.com\/noticias\/aprueban-el-programa-macromer\/\" \/>\n<meta property=\"og:site_name\" content=\"Yucat\u00e1n en corto\" \/>\n<meta property=\"article:publisher\" content=\"http:\/\/www.facebook.com\/yucatanencorto\" \/>\n<meta property=\"article:published_time\" content=\"2023-03-29T01:44:14+00:00\" \/>\n<meta property=\"og:image\" content=\"https:\/\/www.yucatanencorto.com\/noticias\/wp-content\/uploads\/2023\/03\/WhatsApp-Image-2023-03-28-at-18.30.40-scaled.jpeg\" \/>\n\t<meta property=\"og:image:width\" content=\"768\" \/>\n\t<meta property=\"og:image:height\" content=\"512\" \/>\n\t<meta property=\"og:image:type\" content=\"image\/jpeg\" \/>\n<meta name=\"author\" content=\"Yucat\u00e1n en Corto FC\" \/>\n<meta name=\"twitter:card\" content=\"summary_large_image\" \/>\n<meta name=\"twitter:creator\" content=\"@yucatanencorto\" \/>\n<meta name=\"twitter:site\" content=\"@yucatanencorto\" \/>\n<meta name=\"twitter:label1\" content=\"Escrito por\" \/>\n\t<meta name=\"twitter:data1\" content=\"Yucat\u00e1n en Corto FC\" \/>\n\t<meta name=\"twitter:label2\" content=\"Tiempo de lectura\" \/>\n\t<meta name=\"twitter:data2\" content=\"4 minutos\" \/>\n<script type=\"application\/ld+json\" class=\"yoast-schema-graph\">{\"@context\":\"https:\\\/\\\/schema.org\",\"@graph\":[{\"@type\":\"Article\",\"@id\":\"https:\\\/\\\/www.yucatanencorto.com\\\/noticias\\\/aprueban-el-programa-macromer\\\/#article\",\"isPartOf\":{\"@id\":\"https:\\\/\\\/www.yucatanencorto.com\\\/noticias\\\/aprueban-el-programa-macromer\\\/\"},\"author\":{\"name\":\"Yucat\u00e1n en Corto FC\",\"@id\":\"https:\\\/\\\/www.yucatanencorto.com\\\/noticias\\\/#\\\/schema\\\/person\\\/14f82d355225a1f4075dd84a31f45a72\"},\"headline\":\"Aprueban el programa Macromer\",\"datePublished\":\"2023-03-29T01:44:14+00:00\",\"mainEntityOfPage\":{\"@id\":\"https:\\\/\\\/www.yucatanencorto.com\\\/noticias\\\/aprueban-el-programa-macromer\\\/\"},\"wordCount\":767,\"image\":{\"@id\":\"https:\\\/\\\/www.yucatanencorto.com\\\/noticias\\\/aprueban-el-programa-macromer\\\/#primaryimage\"},\"thumbnailUrl\":\"https:\\\/\\\/www.yucatanencorto.com\\\/noticias\\\/wp-content\\\/uploads\\\/2023\\\/03\\\/WhatsApp-Image-2023-03-28-at-18.30.40-scaled.jpeg\",\"articleSection\":[\"M\u00e9rida\"],\"inLanguage\":\"es\"},{\"@type\":\"WebPage\",\"@id\":\"https:\\\/\\\/www.yucatanencorto.com\\\/noticias\\\/aprueban-el-programa-macromer\\\/\",\"url\":\"https:\\\/\\\/www.yucatanencorto.com\\\/noticias\\\/aprueban-el-programa-macromer\\\/\",\"name\":\"Aprueban el programa Macromer - Yucat\u00e1n en corto\",\"isPartOf\":{\"@id\":\"https:\\\/\\\/www.yucatanencorto.com\\\/noticias\\\/#website\"},\"primaryImageOfPage\":{\"@id\":\"https:\\\/\\\/www.yucatanencorto.com\\\/noticias\\\/aprueban-el-programa-macromer\\\/#primaryimage\"},\"image\":{\"@id\":\"https:\\\/\\\/www.yucatanencorto.com\\\/noticias\\\/aprueban-el-programa-macromer\\\/#primaryimage\"},\"thumbnailUrl\":\"https:\\\/\\\/www.yucatanencorto.com\\\/noticias\\\/wp-content\\\/uploads\\\/2023\\\/03\\\/WhatsApp-Image-2023-03-28-at-18.30.40-scaled.jpeg\",\"datePublished\":\"2023-03-29T01:44:14+00:00\",\"author\":{\"@id\":\"https:\\\/\\\/www.yucatanencorto.com\\\/noticias\\\/#\\\/schema\\\/person\\\/14f82d355225a1f4075dd84a31f45a72\"},\"breadcrumb\":{\"@id\":\"https:\\\/\\\/www.yucatanencorto.com\\\/noticias\\\/aprueban-el-programa-macromer\\\/#breadcrumb\"},\"inLanguage\":\"es\",\"potentialAction\":[{\"@type\":\"ReadAction\",\"target\":[\"https:\\\/\\\/www.yucatanencorto.com\\\/noticias\\\/aprueban-el-programa-macromer\\\/\"]}]},{\"@type\":\"ImageObject\",\"inLanguage\":\"es\",\"@id\":\"https:\\\/\\\/www.yucatanencorto.com\\\/noticias\\\/aprueban-el-programa-macromer\\\/#primaryimage\",\"url\":\"https:\\\/\\\/www.yucatanencorto.com\\\/noticias\\\/wp-content\\\/uploads\\\/2023\\\/03\\\/WhatsApp-Image-2023-03-28-at-18.30.40-scaled.jpeg\",\"contentUrl\":\"https:\\\/\\\/www.yucatanencorto.com\\\/noticias\\\/wp-content\\\/uploads\\\/2023\\\/03\\\/WhatsApp-Image-2023-03-28-at-18.30.40-scaled.jpeg\",\"width\":768,\"height\":512},{\"@type\":\"BreadcrumbList\",\"@id\":\"https:\\\/\\\/www.yucatanencorto.com\\\/noticias\\\/aprueban-el-programa-macromer\\\/#breadcrumb\",\"itemListElement\":[{\"@type\":\"ListItem\",\"position\":1,\"name\":\"Portada\",\"item\":\"https:\\\/\\\/www.yucatanencorto.com\\\/noticias\\\/\"},{\"@type\":\"ListItem\",\"position\":2,\"name\":\"Aprueban el programa Macromer\"}]},{\"@type\":\"WebSite\",\"@id\":\"https:\\\/\\\/www.yucatanencorto.com\\\/noticias\\\/#website\",\"url\":\"https:\\\/\\\/www.yucatanencorto.com\\\/noticias\\\/\",\"name\":\"Yucat\u00e1n en corto\",\"description\":\"Noticias\",\"potentialAction\":[{\"@type\":\"SearchAction\",\"target\":{\"@type\":\"EntryPoint\",\"urlTemplate\":\"https:\\\/\\\/www.yucatanencorto.com\\\/noticias\\\/?s={search_term_string}\"},\"query-input\":{\"@type\":\"PropertyValueSpecification\",\"valueRequired\":true,\"valueName\":\"search_term_string\"}}],\"inLanguage\":\"es\"},{\"@type\":\"Person\",\"@id\":\"https:\\\/\\\/www.yucatanencorto.com\\\/noticias\\\/#\\\/schema\\\/person\\\/14f82d355225a1f4075dd84a31f45a72\",\"name\":\"Yucat\u00e1n en Corto FC\",\"image\":{\"@type\":\"ImageObject\",\"inLanguage\":\"es\",\"@id\":\"https:\\\/\\\/secure.gravatar.com\\\/avatar\\\/147d4b30cd728c53c29c49a3f7834dedca33707f4cd259761355846009a88250?s=96&d=mm&r=g\",\"url\":\"https:\\\/\\\/secure.gravatar.com\\\/avatar\\\/147d4b30cd728c53c29c49a3f7834dedca33707f4cd259761355846009a88250?s=96&d=mm&r=g\",\"contentUrl\":\"https:\\\/\\\/secure.gravatar.com\\\/avatar\\\/147d4b30cd728c53c29c49a3f7834dedca33707f4cd259761355846009a88250?s=96&d=mm&r=g\",\"caption\":\"Yucat\u00e1n en Corto FC\"},\"url\":\"https:\\\/\\\/www.yucatanencorto.com\\\/noticias\\\/author\\\/flor\\\/\"}]}<\/script>\n<!-- \/ Yoast SEO plugin. -->","yoast_head_json":{"title":"Aprueban el programa Macromer - Yucat\u00e1n en corto","robots":{"index":"index","follow":"follow","max-snippet":"max-snippet:-1","max-image-preview":"max-image-preview:large","max-video-preview":"max-video-preview:-1"},"canonical":"https:\/\/www.yucatanencorto.com\/noticias\/aprueban-el-programa-macromer\/","og_locale":"es_ES","og_type":"article","og_title":"Aprueban el programa Macromer - Yucat\u00e1n en corto","og_description":"M\u00e9rida, Yucat\u00e1n a 28 de marzo de 2023.- El Ayuntamiento de M\u00e9rida que encabeza Ren\u00e1n Barrera Concha promueve el crecimiento de las empresas locales a trav\u00e9s del programa Macromer, con el cual se fortalecer\u00e1 la econom\u00eda del Municipio generando m\u00e1s empleos y bienestar para las familias. En la Sesi\u00f3n Ordinaria de Cabildo efectuada en el [&hellip;]","og_url":"https:\/\/www.yucatanencorto.com\/noticias\/aprueban-el-programa-macromer\/","og_site_name":"Yucat\u00e1n en corto","article_publisher":"http:\/\/www.facebook.com\/yucatanencorto","article_published_time":"2023-03-29T01:44:14+00:00","og_image":[{"width":768,"height":512,"url":"https:\/\/www.yucatanencorto.com\/noticias\/wp-content\/uploads\/2023\/03\/WhatsApp-Image-2023-03-28-at-18.30.40-scaled.jpeg","type":"image\/jpeg"}],"author":"Yucat\u00e1n en Corto FC","twitter_card":"summary_large_image","twitter_creator":"@yucatanencorto","twitter_site":"@yucatanencorto","twitter_misc":{"Escrito por":"Yucat\u00e1n en Corto FC","Tiempo de lectura":"4 minutos"},"schema":{"@context":"https:\/\/schema.org","@graph":[{"@type":"Article","@id":"https:\/\/www.yucatanencorto.com\/noticias\/aprueban-el-programa-macromer\/#article","isPartOf":{"@id":"https:\/\/www.yucatanencorto.com\/noticias\/aprueban-el-programa-macromer\/"},"author":{"name":"Yucat\u00e1n en Corto FC","@id":"https:\/\/www.yucatanencorto.com\/noticias\/#\/schema\/person\/14f82d355225a1f4075dd84a31f45a72"},"headline":"Aprueban el programa Macromer","datePublished":"2023-03-29T01:44:14+00:00","mainEntityOfPage":{"@id":"https:\/\/www.yucatanencorto.com\/noticias\/aprueban-el-programa-macromer\/"},"wordCount":767,"image":{"@id":"https:\/\/www.yucatanencorto.com\/noticias\/aprueban-el-programa-macromer\/#primaryimage"},"thumbnailUrl":"https:\/\/www.yucatanencorto.com\/noticias\/wp-content\/uploads\/2023\/03\/WhatsApp-Image-2023-03-28-at-18.30.40-scaled.jpeg","articleSection":["M\u00e9rida"],"inLanguage":"es"},{"@type":"WebPage","@id":"https:\/\/www.yucatanencorto.com\/noticias\/aprueban-el-programa-macromer\/","url":"https:\/\/www.yucatanencorto.com\/noticias\/aprueban-el-programa-macromer\/","name":"Aprueban el programa Macromer - Yucat\u00e1n en corto","isPartOf":{"@id":"https:\/\/www.yucatanencorto.com\/noticias\/#website"},"primaryImageOfPage":{"@id":"https:\/\/www.yucatanencorto.com\/noticias\/aprueban-el-programa-macromer\/#primaryimage"},"image":{"@id":"https:\/\/www.yucatanencorto.com\/noticias\/aprueban-el-programa-macromer\/#primaryimage"},"thumbnailUrl":"https:\/\/www.yucatanencorto.com\/noticias\/wp-content\/uploads\/2023\/03\/WhatsApp-Image-2023-03-28-at-18.30.40-scaled.jpeg","datePublished":"2023-03-29T01:44:14+00:00","author":{"@id":"https:\/\/www.yucatanencorto.com\/noticias\/#\/schema\/person\/14f82d355225a1f4075dd84a31f45a72"},"breadcrumb":{"@id":"https:\/\/www.yucatanencorto.com\/noticias\/aprueban-el-programa-macromer\/#breadcrumb"},"inLanguage":"es","potentialAction":[{"@type":"ReadAction","target":["https:\/\/www.yucatanencorto.com\/noticias\/aprueban-el-programa-macromer\/"]}]},{"@type":"ImageObject","inLanguage":"es","@id":"https:\/\/www.yucatanencorto.com\/noticias\/aprueban-el-programa-macromer\/#primaryimage","url":"https:\/\/www.yucatanencorto.com\/noticias\/wp-content\/uploads\/2023\/03\/WhatsApp-Image-2023-03-28-at-18.30.40-scaled.jpeg","contentUrl":"https:\/\/www.yucatanencorto.com\/noticias\/wp-content\/uploads\/2023\/03\/WhatsApp-Image-2023-03-28-at-18.30.40-scaled.jpeg","width":768,"height":512},{"@type":"BreadcrumbList","@id":"https:\/\/www.yucatanencorto.com\/noticias\/aprueban-el-programa-macromer\/#breadcrumb","itemListElement":[{"@type":"ListItem","position":1,"name":"Portada","item":"https:\/\/www.yucatanencorto.com\/noticias\/"},{"@type":"ListItem","position":2,"name":"Aprueban el programa Macromer"}]},{"@type":"WebSite","@id":"https:\/\/www.yucatanencorto.com\/noticias\/#website","url":"https:\/\/www.yucatanencorto.com\/noticias\/","name":"Yucat\u00e1n en corto","description":"Noticias","potentialAction":[{"@type":"SearchAction","target":{"@type":"EntryPoint","urlTemplate":"https:\/\/www.yucatanencorto.com\/noticias\/?s={search_term_string}"},"query-input":{"@type":"PropertyValueSpecification","valueRequired":true,"valueName":"search_term_string"}}],"inLanguage":"es"},{"@type":"Person","@id":"https:\/\/www.yucatanencorto.com\/noticias\/#\/schema\/person\/14f82d355225a1f4075dd84a31f45a72","name":"Yucat\u00e1n en Corto FC","image":{"@type":"ImageObject","inLanguage":"es","@id":"https:\/\/secure.gravatar.com\/avatar\/147d4b30cd728c53c29c49a3f7834dedca33707f4cd259761355846009a88250?s=96&d=mm&r=g","url":"https:\/\/secure.gravatar.com\/avatar\/147d4b30cd728c53c29c49a3f7834dedca33707f4cd259761355846009a88250?s=96&d=mm&r=g","contentUrl":"https:\/\/secure.gravatar.com\/avatar\/147d4b30cd728c53c29c49a3f7834dedca33707f4cd259761355846009a88250?s=96&d=mm&r=g","caption":"Yucat\u00e1n en Corto FC"},"url":"https:\/\/www.yucatanencorto.com\/noticias\/author\/flor\/"}]}},"_links":{"self":[{"href":"https:\/\/www.yucatanencorto.com\/noticias\/wp-json\/wp\/v2\/posts\/97359","targetHints":{"allow":["GET"]}}],"collection":[{"href":"https:\/\/www.yucatanencorto.com\/noticias\/wp-json\/wp\/v2\/posts"}],"about":[{"href":"https:\/\/www.yucatanencorto.com\/noticias\/wp-json\/wp\/v2\/types\/post"}],"author":[{"embeddable":true,"href":"https:\/\/www.yucatanencorto.com\/noticias\/wp-json\/wp\/v2\/users\/2"}],"replies":[{"embeddable":true,"href":"https:\/\/www.yucatanencorto.com\/noticias\/wp-json\/wp\/v2\/comments?post=97359"}],"version-history":[{"count":0,"href":"https:\/\/www.yucatanencorto.com\/noticias\/wp-json\/wp\/v2\/posts\/97359\/revisions"}],"wp:featuredmedia":[{"embeddable":true,"href":"https:\/\/www.yucatanencorto.com\/noticias\/wp-json\/wp\/v2\/media\/97360"}],"wp:attachment":[{"href":"https:\/\/www.yucatanencorto.com\/noticias\/wp-json\/wp\/v2\/media?parent=97359"}],"wp:term":[{"taxonomy":"category","embeddable":true,"href":"https:\/\/www.yucatanencorto.com\/noticias\/wp-json\/wp\/v2\/categories?post=97359"},{"taxonomy":"post_tag","embeddable":true,"href":"https:\/\/www.yucatanencorto.com\/noticias\/wp-json\/wp\/v2\/tags?post=97359"}],"curies":[{"name":"wp","href":"https:\/\/api.w.org\/{rel}","templated":true}]}}