{"id":97362,"date":"2023-03-29T13:31:07","date_gmt":"2023-03-29T19:31:07","guid":{"rendered":"https:\/\/www.yucatanencorto.com\/noticias\/?p=97362"},"modified":"2023-03-29T13:31:23","modified_gmt":"2023-03-29T19:31:23","slug":"impulsan-el-deporte-en-kansin","status":"publish","type":"post","link":"https:\/\/www.yucatanencorto.com\/noticias\/impulsan-el-deporte-en-kansin\/","title":{"rendered":"Impulsan el deporte en Kanas\u00edn"},"content":{"rendered":"<p><img loading=\"lazy\" decoding=\"async\" class=\"alignnone size-full wp-image-97363\" src=\"https:\/\/www.yucatanencorto.com\/noticias\/wp-content\/uploads\/2023\/03\/WhatsApp-Image-2023-03-29-at-12.31.29-scaled.jpeg\" alt=\"\" width=\"768\" height=\"512\" srcset=\"https:\/\/www.yucatanencorto.com\/noticias\/wp-content\/uploads\/2023\/03\/WhatsApp-Image-2023-03-29-at-12.31.29-scaled.jpeg 768w, https:\/\/www.yucatanencorto.com\/noticias\/wp-content\/uploads\/2023\/03\/WhatsApp-Image-2023-03-29-at-12.31.29-696x464.jpeg 696w, https:\/\/www.yucatanencorto.com\/noticias\/wp-content\/uploads\/2023\/03\/WhatsApp-Image-2023-03-29-at-12.31.29-1068x712.jpeg 1068w, https:\/\/www.yucatanencorto.com\/noticias\/wp-content\/uploads\/2023\/03\/WhatsApp-Image-2023-03-29-at-12.31.29-630x420.jpeg 630w\" sizes=\"auto, (max-width: 768px) 100vw, 768px\" \/><\/p>\n<p>Kanas\u00edn, Yucat\u00e1n, 29 de marzo de 2023.- Por vez primera, Kanas\u00edn ser\u00e1 una de las sedes de la edici\u00f3n 59 del torneo Futbolito Bimbo. \u201cHoy empezamos a ver los resultados de las acciones que estamos realizando en materia de infraestructura deportiva y las canchas de f\u00fatbol r\u00e1pido De San Pedro Noh-Pat y de Villas de Oriente, recientemente mejoradas, ser\u00e1n sedes de este importante evento\u201d, indic\u00f3 el alcalde Edwin Boj\u00f3rquez Ram\u00edrez.<\/p>\n<p>Al participar en rueda de prensa realizada en las instalaciones del Instituto del Deporte de Yucat\u00e1n, encabezada por su titular Carlos S\u00e1enz Castillo, el presidente municipal de Kanas\u00edn agradeci\u00f3 al Gobierno del Estado y a la empresa Bimbo el considerar al municipio como una de las sedes de tan importante evento deportivo, que tiene como principal objetivo el fomento al deporte en las comunidades del interior del estado.<\/p>\n<p>\u201cEs importante que la iniciativa privada siga apoyando el deporte con este tipo eventos, que son llamativos para los ni\u00f1os. Esto habla del inter\u00e9s de tener una sociedad m\u00e1s sana y mejor preparada. Fomentar el deporte es ayudar a tener una vida m\u00e1s saludable\u201d, indic\u00f3 Edwin Boj\u00f3rquez.<\/p>\n<p>Indic\u00f3 que \u201ccomo administraci\u00f3n siempre vamos a aplaudir y reconocer eventos deportivos que sean opciones de desarrollo y crecimiento para nuestras ni\u00f1as, ni\u00f1os y j\u00f3venes\u201d, recalc\u00f3 el alcalde.<\/p>\n<p>Mencion\u00f3 que desde que inici\u00f3 su gobierno se han realizado acciones importantes en el municipio en materia deportiva, entre las que destacan el mejoramiento de infraestructura, la organizaci\u00f3n de eventos y torneos, la creaci\u00f3n de la escuela de f\u00fatbol infantil, el convenio de colaboraci\u00f3n con Venados Futbol Club Yucat\u00e1n, solo por mencionar algunos de ellos.<\/p>\n<p>\u201cGracias al trabajo que estamos realizando en infraestructura deportiva hoy empezamos a cosechar los primeros resultados y es positivo para el municipio que por primera vez sea tomado en cuenta para una competencia de ese tipo\u201d, asever\u00f3.<\/p>\n<p>Por su parte, el director del IDEY destac\u00f3 la importancia de que el torneo involucre a equipos de f\u00fatbol del interior del estado, pues \u201ces una buena manera de fomentar el deporte entre los estudiantes e integrarlos a un evento de talla estatal, pues fomenta el fogueo y la convivencia de los participantes\u201d.<\/p>\n<p>Se\u00f1al\u00f3 que el actual gobierno estatal le apuesta fuerte al deporte y \u201cejemplo de ello es el programa de Academias de Iniciaci\u00f3n Deportiva impulsadas por el Gobernador Mauricio Vila Dosal y cuyas sedes existen en los 105 municipios del interior del estado. A trav\u00e9s de esta acci\u00f3n se fomentan deportes como el f\u00fatbol y el b\u00e9isbol\u201d, Asever\u00f3 S\u00e1enz Castillo.<\/p>\n<p>Durante la presentaci\u00f3n se inform\u00f3 que el torneo se realizar\u00e1 del 21 al 23 de abril y se espera la participaci\u00f3n de m\u00e1s de 100 equipos. Los municipios que tendr\u00e1n equipos son Kanas\u00edn, Um\u00e1n, Motul y Progreso. Cabe recordar que la anterior edici\u00f3n de este torneo fue antes de la pandemia en el 2019 y en esa ocasi\u00f3n participaron poco menos de 100 equipos, cifra que se espera se supere en este 2023.<\/p>\n<p>La convocatoria est\u00e1 dirigida a escuelas primarias y los equipos deber\u00e1n estar integrados por entre 9 y 14 jugadores en las ramas varonil y femenil.<\/p>\n<p>El torneo Futbolito Bimbo no solo busca contribuir en el desarrollo integral de la ni\u00f1ez a trav\u00e9s de la promoci\u00f3n de estilos de vida saludables y tambi\u00e9n, ayuda en inculcar y resaltar los valores como trabajo en equipo, respeto, tolerancia y compa\u00f1erismo, adem\u00e1s de la sana competencia.<\/p>\n<p>Las inscripciones se podr\u00e1n realizar en la cuenta oficial de Futbolito Bimbo en Yucat\u00e1n.<\/p>\n","protected":false},"excerpt":{"rendered":"<p>Kanas\u00edn, Yucat\u00e1n, 29 de marzo de 2023.- Por vez primera, Kanas\u00edn ser\u00e1 una de las sedes de la edici\u00f3n 59 del torneo Futbolito Bimbo. \u201cHoy empezamos a ver los resultados de las acciones que estamos realizando en materia de infraestructura deportiva y las canchas de f\u00fatbol r\u00e1pido De San Pedro Noh-Pat y de Villas de [&hellip;]<\/p>\n","protected":false},"author":2,"featured_media":97363,"comment_status":"closed","ping_status":"closed","sticky":false,"template":"","format":"standard","meta":{"footnotes":""},"categories":[3],"tags":[],"class_list":{"0":"post-97362","1":"post","2":"type-post","3":"status-publish","4":"format-standard","5":"has-post-thumbnail","7":"category-yucatan"},"yoast_head":"<!-- This site is optimized with the Yoast SEO plugin v27.4 - https:\/\/yoast.com\/product\/yoast-seo-wordpress\/ -->\n<title>Impulsan el deporte en Kanas\u00edn - Yucat\u00e1n en corto<\/title>\n<meta name=\"robots\" content=\"index, follow, max-snippet:-1, max-image-preview:large, max-video-preview:-1\" \/>\n<link rel=\"canonical\" href=\"https:\/\/www.yucatanencorto.com\/noticias\/impulsan-el-deporte-en-kansin\/\" \/>\n<meta property=\"og:locale\" content=\"es_ES\" \/>\n<meta property=\"og:type\" content=\"article\" \/>\n<meta property=\"og:title\" content=\"Impulsan el deporte en Kanas\u00edn - Yucat\u00e1n en corto\" \/>\n<meta property=\"og:description\" content=\"Kanas\u00edn, Yucat\u00e1n, 29 de marzo de 2023.- Por vez primera, Kanas\u00edn ser\u00e1 una de las sedes de la edici\u00f3n 59 del torneo Futbolito Bimbo. \u201cHoy empezamos a ver los resultados de las acciones que estamos realizando en materia de infraestructura deportiva y las canchas de f\u00fatbol r\u00e1pido De San Pedro Noh-Pat y de Villas de [&hellip;]\" \/>\n<meta property=\"og:url\" content=\"https:\/\/www.yucatanencorto.com\/noticias\/impulsan-el-deporte-en-kansin\/\" \/>\n<meta property=\"og:site_name\" content=\"Yucat\u00e1n en corto\" \/>\n<meta property=\"article:publisher\" content=\"http:\/\/www.facebook.com\/yucatanencorto\" \/>\n<meta property=\"article:published_time\" content=\"2023-03-29T19:31:07+00:00\" \/>\n<meta property=\"article:modified_time\" content=\"2023-03-29T19:31:23+00:00\" \/>\n<meta property=\"og:image\" content=\"https:\/\/www.yucatanencorto.com\/noticias\/wp-content\/uploads\/2023\/03\/WhatsApp-Image-2023-03-29-at-12.31.29-scaled.jpeg\" \/>\n\t<meta property=\"og:image:width\" content=\"768\" \/>\n\t<meta property=\"og:image:height\" content=\"512\" \/>\n\t<meta property=\"og:image:type\" content=\"image\/jpeg\" \/>\n<meta name=\"author\" content=\"Yucat\u00e1n en Corto FC\" \/>\n<meta name=\"twitter:card\" content=\"summary_large_image\" \/>\n<meta name=\"twitter:creator\" content=\"@yucatanencorto\" \/>\n<meta name=\"twitter:site\" content=\"@yucatanencorto\" \/>\n<meta name=\"twitter:label1\" content=\"Escrito por\" \/>\n\t<meta name=\"twitter:data1\" content=\"Yucat\u00e1n en Corto FC\" \/>\n\t<meta name=\"twitter:label2\" content=\"Tiempo de lectura\" \/>\n\t<meta name=\"twitter:data2\" content=\"3 minutos\" \/>\n<script type=\"application\/ld+json\" class=\"yoast-schema-graph\">{\"@context\":\"https:\\\/\\\/schema.org\",\"@graph\":[{\"@type\":\"Article\",\"@id\":\"https:\\\/\\\/www.yucatanencorto.com\\\/noticias\\\/impulsan-el-deporte-en-kansin\\\/#article\",\"isPartOf\":{\"@id\":\"https:\\\/\\\/www.yucatanencorto.com\\\/noticias\\\/impulsan-el-deporte-en-kansin\\\/\"},\"author\":{\"name\":\"Yucat\u00e1n en Corto FC\",\"@id\":\"https:\\\/\\\/www.yucatanencorto.com\\\/noticias\\\/#\\\/schema\\\/person\\\/14f82d355225a1f4075dd84a31f45a72\"},\"headline\":\"Impulsan el deporte en Kanas\u00edn\",\"datePublished\":\"2023-03-29T19:31:07+00:00\",\"dateModified\":\"2023-03-29T19:31:23+00:00\",\"mainEntityOfPage\":{\"@id\":\"https:\\\/\\\/www.yucatanencorto.com\\\/noticias\\\/impulsan-el-deporte-en-kansin\\\/\"},\"wordCount\":622,\"image\":{\"@id\":\"https:\\\/\\\/www.yucatanencorto.com\\\/noticias\\\/impulsan-el-deporte-en-kansin\\\/#primaryimage\"},\"thumbnailUrl\":\"https:\\\/\\\/www.yucatanencorto.com\\\/noticias\\\/wp-content\\\/uploads\\\/2023\\\/03\\\/WhatsApp-Image-2023-03-29-at-12.31.29-scaled.jpeg\",\"articleSection\":[\"Yucat\u00e1n\"],\"inLanguage\":\"es\"},{\"@type\":\"WebPage\",\"@id\":\"https:\\\/\\\/www.yucatanencorto.com\\\/noticias\\\/impulsan-el-deporte-en-kansin\\\/\",\"url\":\"https:\\\/\\\/www.yucatanencorto.com\\\/noticias\\\/impulsan-el-deporte-en-kansin\\\/\",\"name\":\"Impulsan el deporte en Kanas\u00edn - Yucat\u00e1n en corto\",\"isPartOf\":{\"@id\":\"https:\\\/\\\/www.yucatanencorto.com\\\/noticias\\\/#website\"},\"primaryImageOfPage\":{\"@id\":\"https:\\\/\\\/www.yucatanencorto.com\\\/noticias\\\/impulsan-el-deporte-en-kansin\\\/#primaryimage\"},\"image\":{\"@id\":\"https:\\\/\\\/www.yucatanencorto.com\\\/noticias\\\/impulsan-el-deporte-en-kansin\\\/#primaryimage\"},\"thumbnailUrl\":\"https:\\\/\\\/www.yucatanencorto.com\\\/noticias\\\/wp-content\\\/uploads\\\/2023\\\/03\\\/WhatsApp-Image-2023-03-29-at-12.31.29-scaled.jpeg\",\"datePublished\":\"2023-03-29T19:31:07+00:00\",\"dateModified\":\"2023-03-29T19:31:23+00:00\",\"author\":{\"@id\":\"https:\\\/\\\/www.yucatanencorto.com\\\/noticias\\\/#\\\/schema\\\/person\\\/14f82d355225a1f4075dd84a31f45a72\"},\"breadcrumb\":{\"@id\":\"https:\\\/\\\/www.yucatanencorto.com\\\/noticias\\\/impulsan-el-deporte-en-kansin\\\/#breadcrumb\"},\"inLanguage\":\"es\",\"potentialAction\":[{\"@type\":\"ReadAction\",\"target\":[\"https:\\\/\\\/www.yucatanencorto.com\\\/noticias\\\/impulsan-el-deporte-en-kansin\\\/\"]}]},{\"@type\":\"ImageObject\",\"inLanguage\":\"es\",\"@id\":\"https:\\\/\\\/www.yucatanencorto.com\\\/noticias\\\/impulsan-el-deporte-en-kansin\\\/#primaryimage\",\"url\":\"https:\\\/\\\/www.yucatanencorto.com\\\/noticias\\\/wp-content\\\/uploads\\\/2023\\\/03\\\/WhatsApp-Image-2023-03-29-at-12.31.29-scaled.jpeg\",\"contentUrl\":\"https:\\\/\\\/www.yucatanencorto.com\\\/noticias\\\/wp-content\\\/uploads\\\/2023\\\/03\\\/WhatsApp-Image-2023-03-29-at-12.31.29-scaled.jpeg\",\"width\":768,\"height\":512},{\"@type\":\"BreadcrumbList\",\"@id\":\"https:\\\/\\\/www.yucatanencorto.com\\\/noticias\\\/impulsan-el-deporte-en-kansin\\\/#breadcrumb\",\"itemListElement\":[{\"@type\":\"ListItem\",\"position\":1,\"name\":\"Portada\",\"item\":\"https:\\\/\\\/www.yucatanencorto.com\\\/noticias\\\/\"},{\"@type\":\"ListItem\",\"position\":2,\"name\":\"Impulsan el deporte en Kanas\u00edn\"}]},{\"@type\":\"WebSite\",\"@id\":\"https:\\\/\\\/www.yucatanencorto.com\\\/noticias\\\/#website\",\"url\":\"https:\\\/\\\/www.yucatanencorto.com\\\/noticias\\\/\",\"name\":\"Yucat\u00e1n en corto\",\"description\":\"Noticias\",\"potentialAction\":[{\"@type\":\"SearchAction\",\"target\":{\"@type\":\"EntryPoint\",\"urlTemplate\":\"https:\\\/\\\/www.yucatanencorto.com\\\/noticias\\\/?s={search_term_string}\"},\"query-input\":{\"@type\":\"PropertyValueSpecification\",\"valueRequired\":true,\"valueName\":\"search_term_string\"}}],\"inLanguage\":\"es\"},{\"@type\":\"Person\",\"@id\":\"https:\\\/\\\/www.yucatanencorto.com\\\/noticias\\\/#\\\/schema\\\/person\\\/14f82d355225a1f4075dd84a31f45a72\",\"name\":\"Yucat\u00e1n en Corto FC\",\"image\":{\"@type\":\"ImageObject\",\"inLanguage\":\"es\",\"@id\":\"https:\\\/\\\/secure.gravatar.com\\\/avatar\\\/147d4b30cd728c53c29c49a3f7834dedca33707f4cd259761355846009a88250?s=96&d=mm&r=g\",\"url\":\"https:\\\/\\\/secure.gravatar.com\\\/avatar\\\/147d4b30cd728c53c29c49a3f7834dedca33707f4cd259761355846009a88250?s=96&d=mm&r=g\",\"contentUrl\":\"https:\\\/\\\/secure.gravatar.com\\\/avatar\\\/147d4b30cd728c53c29c49a3f7834dedca33707f4cd259761355846009a88250?s=96&d=mm&r=g\",\"caption\":\"Yucat\u00e1n en Corto FC\"},\"url\":\"https:\\\/\\\/www.yucatanencorto.com\\\/noticias\\\/author\\\/flor\\\/\"}]}<\/script>\n<!-- \/ Yoast SEO plugin. -->","yoast_head_json":{"title":"Impulsan el deporte en Kanas\u00edn - Yucat\u00e1n en corto","robots":{"index":"index","follow":"follow","max-snippet":"max-snippet:-1","max-image-preview":"max-image-preview:large","max-video-preview":"max-video-preview:-1"},"canonical":"https:\/\/www.yucatanencorto.com\/noticias\/impulsan-el-deporte-en-kansin\/","og_locale":"es_ES","og_type":"article","og_title":"Impulsan el deporte en Kanas\u00edn - Yucat\u00e1n en corto","og_description":"Kanas\u00edn, Yucat\u00e1n, 29 de marzo de 2023.- Por vez primera, Kanas\u00edn ser\u00e1 una de las sedes de la edici\u00f3n 59 del torneo Futbolito Bimbo. \u201cHoy empezamos a ver los resultados de las acciones que estamos realizando en materia de infraestructura deportiva y las canchas de f\u00fatbol r\u00e1pido De San Pedro Noh-Pat y de Villas de [&hellip;]","og_url":"https:\/\/www.yucatanencorto.com\/noticias\/impulsan-el-deporte-en-kansin\/","og_site_name":"Yucat\u00e1n en corto","article_publisher":"http:\/\/www.facebook.com\/yucatanencorto","article_published_time":"2023-03-29T19:31:07+00:00","article_modified_time":"2023-03-29T19:31:23+00:00","og_image":[{"width":768,"height":512,"url":"https:\/\/www.yucatanencorto.com\/noticias\/wp-content\/uploads\/2023\/03\/WhatsApp-Image-2023-03-29-at-12.31.29-scaled.jpeg","type":"image\/jpeg"}],"author":"Yucat\u00e1n en Corto FC","twitter_card":"summary_large_image","twitter_creator":"@yucatanencorto","twitter_site":"@yucatanencorto","twitter_misc":{"Escrito por":"Yucat\u00e1n en Corto FC","Tiempo de lectura":"3 minutos"},"schema":{"@context":"https:\/\/schema.org","@graph":[{"@type":"Article","@id":"https:\/\/www.yucatanencorto.com\/noticias\/impulsan-el-deporte-en-kansin\/#article","isPartOf":{"@id":"https:\/\/www.yucatanencorto.com\/noticias\/impulsan-el-deporte-en-kansin\/"},"author":{"name":"Yucat\u00e1n en Corto FC","@id":"https:\/\/www.yucatanencorto.com\/noticias\/#\/schema\/person\/14f82d355225a1f4075dd84a31f45a72"},"headline":"Impulsan el deporte en Kanas\u00edn","datePublished":"2023-03-29T19:31:07+00:00","dateModified":"2023-03-29T19:31:23+00:00","mainEntityOfPage":{"@id":"https:\/\/www.yucatanencorto.com\/noticias\/impulsan-el-deporte-en-kansin\/"},"wordCount":622,"image":{"@id":"https:\/\/www.yucatanencorto.com\/noticias\/impulsan-el-deporte-en-kansin\/#primaryimage"},"thumbnailUrl":"https:\/\/www.yucatanencorto.com\/noticias\/wp-content\/uploads\/2023\/03\/WhatsApp-Image-2023-03-29-at-12.31.29-scaled.jpeg","articleSection":["Yucat\u00e1n"],"inLanguage":"es"},{"@type":"WebPage","@id":"https:\/\/www.yucatanencorto.com\/noticias\/impulsan-el-deporte-en-kansin\/","url":"https:\/\/www.yucatanencorto.com\/noticias\/impulsan-el-deporte-en-kansin\/","name":"Impulsan el deporte en Kanas\u00edn - Yucat\u00e1n en corto","isPartOf":{"@id":"https:\/\/www.yucatanencorto.com\/noticias\/#website"},"primaryImageOfPage":{"@id":"https:\/\/www.yucatanencorto.com\/noticias\/impulsan-el-deporte-en-kansin\/#primaryimage"},"image":{"@id":"https:\/\/www.yucatanencorto.com\/noticias\/impulsan-el-deporte-en-kansin\/#primaryimage"},"thumbnailUrl":"https:\/\/www.yucatanencorto.com\/noticias\/wp-content\/uploads\/2023\/03\/WhatsApp-Image-2023-03-29-at-12.31.29-scaled.jpeg","datePublished":"2023-03-29T19:31:07+00:00","dateModified":"2023-03-29T19:31:23+00:00","author":{"@id":"https:\/\/www.yucatanencorto.com\/noticias\/#\/schema\/person\/14f82d355225a1f4075dd84a31f45a72"},"breadcrumb":{"@id":"https:\/\/www.yucatanencorto.com\/noticias\/impulsan-el-deporte-en-kansin\/#breadcrumb"},"inLanguage":"es","potentialAction":[{"@type":"ReadAction","target":["https:\/\/www.yucatanencorto.com\/noticias\/impulsan-el-deporte-en-kansin\/"]}]},{"@type":"ImageObject","inLanguage":"es","@id":"https:\/\/www.yucatanencorto.com\/noticias\/impulsan-el-deporte-en-kansin\/#primaryimage","url":"https:\/\/www.yucatanencorto.com\/noticias\/wp-content\/uploads\/2023\/03\/WhatsApp-Image-2023-03-29-at-12.31.29-scaled.jpeg","contentUrl":"https:\/\/www.yucatanencorto.com\/noticias\/wp-content\/uploads\/2023\/03\/WhatsApp-Image-2023-03-29-at-12.31.29-scaled.jpeg","width":768,"height":512},{"@type":"BreadcrumbList","@id":"https:\/\/www.yucatanencorto.com\/noticias\/impulsan-el-deporte-en-kansin\/#breadcrumb","itemListElement":[{"@type":"ListItem","position":1,"name":"Portada","item":"https:\/\/www.yucatanencorto.com\/noticias\/"},{"@type":"ListItem","position":2,"name":"Impulsan el deporte en Kanas\u00edn"}]},{"@type":"WebSite","@id":"https:\/\/www.yucatanencorto.com\/noticias\/#website","url":"https:\/\/www.yucatanencorto.com\/noticias\/","name":"Yucat\u00e1n en corto","description":"Noticias","potentialAction":[{"@type":"SearchAction","target":{"@type":"EntryPoint","urlTemplate":"https:\/\/www.yucatanencorto.com\/noticias\/?s={search_term_string}"},"query-input":{"@type":"PropertyValueSpecification","valueRequired":true,"valueName":"search_term_string"}}],"inLanguage":"es"},{"@type":"Person","@id":"https:\/\/www.yucatanencorto.com\/noticias\/#\/schema\/person\/14f82d355225a1f4075dd84a31f45a72","name":"Yucat\u00e1n en Corto FC","image":{"@type":"ImageObject","inLanguage":"es","@id":"https:\/\/secure.gravatar.com\/avatar\/147d4b30cd728c53c29c49a3f7834dedca33707f4cd259761355846009a88250?s=96&d=mm&r=g","url":"https:\/\/secure.gravatar.com\/avatar\/147d4b30cd728c53c29c49a3f7834dedca33707f4cd259761355846009a88250?s=96&d=mm&r=g","contentUrl":"https:\/\/secure.gravatar.com\/avatar\/147d4b30cd728c53c29c49a3f7834dedca33707f4cd259761355846009a88250?s=96&d=mm&r=g","caption":"Yucat\u00e1n en Corto FC"},"url":"https:\/\/www.yucatanencorto.com\/noticias\/author\/flor\/"}]}},"_links":{"self":[{"href":"https:\/\/www.yucatanencorto.com\/noticias\/wp-json\/wp\/v2\/posts\/97362","targetHints":{"allow":["GET"]}}],"collection":[{"href":"https:\/\/www.yucatanencorto.com\/noticias\/wp-json\/wp\/v2\/posts"}],"about":[{"href":"https:\/\/www.yucatanencorto.com\/noticias\/wp-json\/wp\/v2\/types\/post"}],"author":[{"embeddable":true,"href":"https:\/\/www.yucatanencorto.com\/noticias\/wp-json\/wp\/v2\/users\/2"}],"replies":[{"embeddable":true,"href":"https:\/\/www.yucatanencorto.com\/noticias\/wp-json\/wp\/v2\/comments?post=97362"}],"version-history":[{"count":0,"href":"https:\/\/www.yucatanencorto.com\/noticias\/wp-json\/wp\/v2\/posts\/97362\/revisions"}],"wp:featuredmedia":[{"embeddable":true,"href":"https:\/\/www.yucatanencorto.com\/noticias\/wp-json\/wp\/v2\/media\/97363"}],"wp:attachment":[{"href":"https:\/\/www.yucatanencorto.com\/noticias\/wp-json\/wp\/v2\/media?parent=97362"}],"wp:term":[{"taxonomy":"category","embeddable":true,"href":"https:\/\/www.yucatanencorto.com\/noticias\/wp-json\/wp\/v2\/categories?post=97362"},{"taxonomy":"post_tag","embeddable":true,"href":"https:\/\/www.yucatanencorto.com\/noticias\/wp-json\/wp\/v2\/tags?post=97362"}],"curies":[{"name":"wp","href":"https:\/\/api.w.org\/{rel}","templated":true}]}}