{"id":97748,"date":"2023-04-21T16:39:21","date_gmt":"2023-04-21T22:39:21","guid":{"rendered":"https:\/\/www.yucatanencorto.com\/noticias\/?p=97748"},"modified":"2023-04-21T16:39:21","modified_gmt":"2023-04-21T22:39:21","slug":"proponen-aumentar-prima-de-antiguedad-y-reducir-anos-para-obtenerla","status":"publish","type":"post","link":"https:\/\/www.yucatanencorto.com\/noticias\/proponen-aumentar-prima-de-antiguedad-y-reducir-anos-para-obtenerla\/","title":{"rendered":"Proponen aumentar prima de antig\u00fcedad y reducir a\u00f1os para obtenerla"},"content":{"rendered":"<p><img loading=\"lazy\" decoding=\"async\" class=\"alignnone size-full wp-image-97749\" src=\"https:\/\/www.yucatanencorto.com\/noticias\/wp-content\/uploads\/2023\/04\/AA1a6S7s.jpg\" alt=\"\" width=\"726\" height=\"448\" srcset=\"https:\/\/www.yucatanencorto.com\/noticias\/wp-content\/uploads\/2023\/04\/AA1a6S7s.jpg 726w, https:\/\/www.yucatanencorto.com\/noticias\/wp-content\/uploads\/2023\/04\/AA1a6S7s-696x429.jpg 696w, https:\/\/www.yucatanencorto.com\/noticias\/wp-content\/uploads\/2023\/04\/AA1a6S7s-681x420.jpg 681w, https:\/\/www.yucatanencorto.com\/noticias\/wp-content\/uploads\/2023\/04\/AA1a6S7s-356x220.jpg 356w\" sizes=\"auto, (max-width: 726px) 100vw, 726px\" \/><\/p>\n<p>El\u00a0Senado de la Rep\u00fablica\u00a0analizar\u00e1 la propuesta de\u00a0incrementar la prima de antig\u00fcedad\u00a0de 12 a 15 d\u00edas de salario\u00a0por cada a\u00f1o laborado y\u00a0disminuir el periodo de servicio para acceder a esta prestaci\u00f3n.<\/p>\n<p>Crist\u00f3bal Arias Sol\u00eds, senador de\u00a0Morena, se\u00f1al\u00f3 que tambi\u00e9n se pretende\u00a0disminuir de 15 a 13 a\u00f1os el periodo m\u00ednimo de servicio\u00a0para que la ciudadan\u00eda pueda acceder a este derecho.<\/p>\n<p>En caso de ser aceptada esta propuesta luego de ser analizada,\u00a0se podr\u00eda modificar el art\u00edculo 162 de la Ley Federal del Trabajo, con lo que\u00a0se garantizar\u00e1 este servicio a todos los trabajadores.<\/p>\n<p>Es importante que sepas que la\u00a0prima de antig\u00fcedad\u00a0es una prestaci\u00f3n que deben conceder todas las empresas\u00a0y que est\u00e1 determinada por el tiempo laborado en las mismas.<\/p>\n<p>La prima de antig\u00fcedad tambi\u00e9n se paga a las\u00a0personas que renuncian a una empresa, incluso a las que son despedidas sin aparente causa.\u00a0Es un derecho que no puede negarse, as\u00ed que la o el ciudadano puede demandar su prima de antig\u00fcedad ante la ley.<\/p>\n<p>En el 2011, la\u00a0a Suprema Corte de Justicia\u00a0declar\u00f3 que la prima de antig\u00fcedad se determina con base en el salario que percibe el empleado al momento de renunciar o ser despedido.<\/p>\n<p>De acuerdo con datos de la\u00a0Encuesta Nacional de Ocupaci\u00f3n y Empleo,\u00a0s\u00f3lo el 22 por ciento de los trabajadores tiene un antig\u00fcedad superior de 10 a\u00f1os.<\/p>\n","protected":false},"excerpt":{"rendered":"<p>El\u00a0Senado de la Rep\u00fablica\u00a0analizar\u00e1 la propuesta de\u00a0incrementar la prima de antig\u00fcedad\u00a0de 12 a 15 d\u00edas de salario\u00a0por cada a\u00f1o laborado y\u00a0disminuir el periodo de servicio para acceder a esta prestaci\u00f3n. Crist\u00f3bal Arias Sol\u00eds, senador de\u00a0Morena, se\u00f1al\u00f3 que tambi\u00e9n se pretende\u00a0disminuir de 15 a 13 a\u00f1os el periodo m\u00ednimo de servicio\u00a0para que la ciudadan\u00eda pueda acceder [&hellip;]<\/p>\n","protected":false},"author":3,"featured_media":97749,"comment_status":"closed","ping_status":"closed","sticky":false,"template":"","format":"standard","meta":{"footnotes":""},"categories":[4],"tags":[],"class_list":{"0":"post-97748","1":"post","2":"type-post","3":"status-publish","4":"format-standard","5":"has-post-thumbnail","7":"category-mexico"},"yoast_head":"<!-- This site is optimized with the Yoast SEO plugin v27.5 - https:\/\/yoast.com\/product\/yoast-seo-wordpress\/ -->\n<title>Proponen aumentar prima de antig\u00fcedad y reducir a\u00f1os para obtenerla - Yucat\u00e1n en corto<\/title>\n<meta name=\"robots\" content=\"index, follow, max-snippet:-1, max-image-preview:large, max-video-preview:-1\" \/>\n<link rel=\"canonical\" href=\"https:\/\/www.yucatanencorto.com\/noticias\/proponen-aumentar-prima-de-antiguedad-y-reducir-anos-para-obtenerla\/\" \/>\n<meta property=\"og:locale\" content=\"es_ES\" \/>\n<meta property=\"og:type\" content=\"article\" \/>\n<meta property=\"og:title\" content=\"Proponen aumentar prima de antig\u00fcedad y reducir a\u00f1os para obtenerla - Yucat\u00e1n en corto\" \/>\n<meta property=\"og:description\" content=\"El\u00a0Senado de la Rep\u00fablica\u00a0analizar\u00e1 la propuesta de\u00a0incrementar la prima de antig\u00fcedad\u00a0de 12 a 15 d\u00edas de salario\u00a0por cada a\u00f1o laborado y\u00a0disminuir el periodo de servicio para acceder a esta prestaci\u00f3n. Crist\u00f3bal Arias Sol\u00eds, senador de\u00a0Morena, se\u00f1al\u00f3 que tambi\u00e9n se pretende\u00a0disminuir de 15 a 13 a\u00f1os el periodo m\u00ednimo de servicio\u00a0para que la ciudadan\u00eda pueda acceder [&hellip;]\" \/>\n<meta property=\"og:url\" content=\"https:\/\/www.yucatanencorto.com\/noticias\/proponen-aumentar-prima-de-antiguedad-y-reducir-anos-para-obtenerla\/\" \/>\n<meta property=\"og:site_name\" content=\"Yucat\u00e1n en corto\" \/>\n<meta property=\"article:publisher\" content=\"http:\/\/www.facebook.com\/yucatanencorto\" \/>\n<meta property=\"article:published_time\" content=\"2023-04-21T22:39:21+00:00\" \/>\n<meta property=\"og:image\" content=\"https:\/\/www.yucatanencorto.com\/noticias\/wp-content\/uploads\/2023\/04\/AA1a6S7s.jpg\" \/>\n\t<meta property=\"og:image:width\" content=\"726\" \/>\n\t<meta property=\"og:image:height\" content=\"448\" \/>\n\t<meta property=\"og:image:type\" content=\"image\/jpeg\" \/>\n<meta name=\"author\" content=\"Redes\" \/>\n<meta name=\"twitter:card\" content=\"summary_large_image\" \/>\n<meta name=\"twitter:creator\" content=\"@yucatanencorto\" \/>\n<meta name=\"twitter:site\" content=\"@yucatanencorto\" \/>\n<meta name=\"twitter:label1\" content=\"Escrito por\" \/>\n\t<meta name=\"twitter:data1\" content=\"Redes\" \/>\n\t<meta name=\"twitter:label2\" content=\"Tiempo de lectura\" \/>\n\t<meta name=\"twitter:data2\" content=\"2 minutos\" \/>\n<script type=\"application\/ld+json\" class=\"yoast-schema-graph\">{\"@context\":\"https:\\\/\\\/schema.org\",\"@graph\":[{\"@type\":\"Article\",\"@id\":\"https:\\\/\\\/www.yucatanencorto.com\\\/noticias\\\/proponen-aumentar-prima-de-antiguedad-y-reducir-anos-para-obtenerla\\\/#article\",\"isPartOf\":{\"@id\":\"https:\\\/\\\/www.yucatanencorto.com\\\/noticias\\\/proponen-aumentar-prima-de-antiguedad-y-reducir-anos-para-obtenerla\\\/\"},\"author\":{\"name\":\"Redes\",\"@id\":\"https:\\\/\\\/www.yucatanencorto.com\\\/noticias\\\/#\\\/schema\\\/person\\\/e2fbdfaf30a07014a43940ce989f3119\"},\"headline\":\"Proponen aumentar prima de antig\u00fcedad y reducir a\u00f1os para obtenerla\",\"datePublished\":\"2023-04-21T22:39:21+00:00\",\"mainEntityOfPage\":{\"@id\":\"https:\\\/\\\/www.yucatanencorto.com\\\/noticias\\\/proponen-aumentar-prima-de-antiguedad-y-reducir-anos-para-obtenerla\\\/\"},\"wordCount\":264,\"image\":{\"@id\":\"https:\\\/\\\/www.yucatanencorto.com\\\/noticias\\\/proponen-aumentar-prima-de-antiguedad-y-reducir-anos-para-obtenerla\\\/#primaryimage\"},\"thumbnailUrl\":\"https:\\\/\\\/www.yucatanencorto.com\\\/noticias\\\/wp-content\\\/uploads\\\/2023\\\/04\\\/AA1a6S7s.jpg\",\"articleSection\":[\"M\u00e9xico\"],\"inLanguage\":\"es\"},{\"@type\":\"WebPage\",\"@id\":\"https:\\\/\\\/www.yucatanencorto.com\\\/noticias\\\/proponen-aumentar-prima-de-antiguedad-y-reducir-anos-para-obtenerla\\\/\",\"url\":\"https:\\\/\\\/www.yucatanencorto.com\\\/noticias\\\/proponen-aumentar-prima-de-antiguedad-y-reducir-anos-para-obtenerla\\\/\",\"name\":\"Proponen aumentar prima de antig\u00fcedad y reducir a\u00f1os para obtenerla - Yucat\u00e1n en corto\",\"isPartOf\":{\"@id\":\"https:\\\/\\\/www.yucatanencorto.com\\\/noticias\\\/#website\"},\"primaryImageOfPage\":{\"@id\":\"https:\\\/\\\/www.yucatanencorto.com\\\/noticias\\\/proponen-aumentar-prima-de-antiguedad-y-reducir-anos-para-obtenerla\\\/#primaryimage\"},\"image\":{\"@id\":\"https:\\\/\\\/www.yucatanencorto.com\\\/noticias\\\/proponen-aumentar-prima-de-antiguedad-y-reducir-anos-para-obtenerla\\\/#primaryimage\"},\"thumbnailUrl\":\"https:\\\/\\\/www.yucatanencorto.com\\\/noticias\\\/wp-content\\\/uploads\\\/2023\\\/04\\\/AA1a6S7s.jpg\",\"datePublished\":\"2023-04-21T22:39:21+00:00\",\"author\":{\"@id\":\"https:\\\/\\\/www.yucatanencorto.com\\\/noticias\\\/#\\\/schema\\\/person\\\/e2fbdfaf30a07014a43940ce989f3119\"},\"breadcrumb\":{\"@id\":\"https:\\\/\\\/www.yucatanencorto.com\\\/noticias\\\/proponen-aumentar-prima-de-antiguedad-y-reducir-anos-para-obtenerla\\\/#breadcrumb\"},\"inLanguage\":\"es\",\"potentialAction\":[{\"@type\":\"ReadAction\",\"target\":[\"https:\\\/\\\/www.yucatanencorto.com\\\/noticias\\\/proponen-aumentar-prima-de-antiguedad-y-reducir-anos-para-obtenerla\\\/\"]}]},{\"@type\":\"ImageObject\",\"inLanguage\":\"es\",\"@id\":\"https:\\\/\\\/www.yucatanencorto.com\\\/noticias\\\/proponen-aumentar-prima-de-antiguedad-y-reducir-anos-para-obtenerla\\\/#primaryimage\",\"url\":\"https:\\\/\\\/www.yucatanencorto.com\\\/noticias\\\/wp-content\\\/uploads\\\/2023\\\/04\\\/AA1a6S7s.jpg\",\"contentUrl\":\"https:\\\/\\\/www.yucatanencorto.com\\\/noticias\\\/wp-content\\\/uploads\\\/2023\\\/04\\\/AA1a6S7s.jpg\",\"width\":726,\"height\":448},{\"@type\":\"BreadcrumbList\",\"@id\":\"https:\\\/\\\/www.yucatanencorto.com\\\/noticias\\\/proponen-aumentar-prima-de-antiguedad-y-reducir-anos-para-obtenerla\\\/#breadcrumb\",\"itemListElement\":[{\"@type\":\"ListItem\",\"position\":1,\"name\":\"Portada\",\"item\":\"https:\\\/\\\/www.yucatanencorto.com\\\/noticias\\\/\"},{\"@type\":\"ListItem\",\"position\":2,\"name\":\"Proponen aumentar prima de antig\u00fcedad y reducir a\u00f1os para obtenerla\"}]},{\"@type\":\"WebSite\",\"@id\":\"https:\\\/\\\/www.yucatanencorto.com\\\/noticias\\\/#website\",\"url\":\"https:\\\/\\\/www.yucatanencorto.com\\\/noticias\\\/\",\"name\":\"Yucat\u00e1n en corto\",\"description\":\"Noticias\",\"potentialAction\":[{\"@type\":\"SearchAction\",\"target\":{\"@type\":\"EntryPoint\",\"urlTemplate\":\"https:\\\/\\\/www.yucatanencorto.com\\\/noticias\\\/?s={search_term_string}\"},\"query-input\":{\"@type\":\"PropertyValueSpecification\",\"valueRequired\":true,\"valueName\":\"search_term_string\"}}],\"inLanguage\":\"es\"},{\"@type\":\"Person\",\"@id\":\"https:\\\/\\\/www.yucatanencorto.com\\\/noticias\\\/#\\\/schema\\\/person\\\/e2fbdfaf30a07014a43940ce989f3119\",\"name\":\"Redes\",\"image\":{\"@type\":\"ImageObject\",\"inLanguage\":\"es\",\"@id\":\"https:\\\/\\\/secure.gravatar.com\\\/avatar\\\/5931a2d21dd7cc834f44c8c34fe56d90ed6d536ef452cbf870c7485b524dddd7?s=96&d=mm&r=g\",\"url\":\"https:\\\/\\\/secure.gravatar.com\\\/avatar\\\/5931a2d21dd7cc834f44c8c34fe56d90ed6d536ef452cbf870c7485b524dddd7?s=96&d=mm&r=g\",\"contentUrl\":\"https:\\\/\\\/secure.gravatar.com\\\/avatar\\\/5931a2d21dd7cc834f44c8c34fe56d90ed6d536ef452cbf870c7485b524dddd7?s=96&d=mm&r=g\",\"caption\":\"Redes\"},\"url\":\"https:\\\/\\\/www.yucatanencorto.com\\\/noticias\\\/author\\\/redes\\\/\"}]}<\/script>\n<!-- \/ Yoast SEO plugin. -->","yoast_head_json":{"title":"Proponen aumentar prima de antig\u00fcedad y reducir a\u00f1os para obtenerla - Yucat\u00e1n en corto","robots":{"index":"index","follow":"follow","max-snippet":"max-snippet:-1","max-image-preview":"max-image-preview:large","max-video-preview":"max-video-preview:-1"},"canonical":"https:\/\/www.yucatanencorto.com\/noticias\/proponen-aumentar-prima-de-antiguedad-y-reducir-anos-para-obtenerla\/","og_locale":"es_ES","og_type":"article","og_title":"Proponen aumentar prima de antig\u00fcedad y reducir a\u00f1os para obtenerla - Yucat\u00e1n en corto","og_description":"El\u00a0Senado de la Rep\u00fablica\u00a0analizar\u00e1 la propuesta de\u00a0incrementar la prima de antig\u00fcedad\u00a0de 12 a 15 d\u00edas de salario\u00a0por cada a\u00f1o laborado y\u00a0disminuir el periodo de servicio para acceder a esta prestaci\u00f3n. Crist\u00f3bal Arias Sol\u00eds, senador de\u00a0Morena, se\u00f1al\u00f3 que tambi\u00e9n se pretende\u00a0disminuir de 15 a 13 a\u00f1os el periodo m\u00ednimo de servicio\u00a0para que la ciudadan\u00eda pueda acceder [&hellip;]","og_url":"https:\/\/www.yucatanencorto.com\/noticias\/proponen-aumentar-prima-de-antiguedad-y-reducir-anos-para-obtenerla\/","og_site_name":"Yucat\u00e1n en corto","article_publisher":"http:\/\/www.facebook.com\/yucatanencorto","article_published_time":"2023-04-21T22:39:21+00:00","og_image":[{"width":726,"height":448,"url":"https:\/\/www.yucatanencorto.com\/noticias\/wp-content\/uploads\/2023\/04\/AA1a6S7s.jpg","type":"image\/jpeg"}],"author":"Redes","twitter_card":"summary_large_image","twitter_creator":"@yucatanencorto","twitter_site":"@yucatanencorto","twitter_misc":{"Escrito por":"Redes","Tiempo de lectura":"2 minutos"},"schema":{"@context":"https:\/\/schema.org","@graph":[{"@type":"Article","@id":"https:\/\/www.yucatanencorto.com\/noticias\/proponen-aumentar-prima-de-antiguedad-y-reducir-anos-para-obtenerla\/#article","isPartOf":{"@id":"https:\/\/www.yucatanencorto.com\/noticias\/proponen-aumentar-prima-de-antiguedad-y-reducir-anos-para-obtenerla\/"},"author":{"name":"Redes","@id":"https:\/\/www.yucatanencorto.com\/noticias\/#\/schema\/person\/e2fbdfaf30a07014a43940ce989f3119"},"headline":"Proponen aumentar prima de antig\u00fcedad y reducir a\u00f1os para obtenerla","datePublished":"2023-04-21T22:39:21+00:00","mainEntityOfPage":{"@id":"https:\/\/www.yucatanencorto.com\/noticias\/proponen-aumentar-prima-de-antiguedad-y-reducir-anos-para-obtenerla\/"},"wordCount":264,"image":{"@id":"https:\/\/www.yucatanencorto.com\/noticias\/proponen-aumentar-prima-de-antiguedad-y-reducir-anos-para-obtenerla\/#primaryimage"},"thumbnailUrl":"https:\/\/www.yucatanencorto.com\/noticias\/wp-content\/uploads\/2023\/04\/AA1a6S7s.jpg","articleSection":["M\u00e9xico"],"inLanguage":"es"},{"@type":"WebPage","@id":"https:\/\/www.yucatanencorto.com\/noticias\/proponen-aumentar-prima-de-antiguedad-y-reducir-anos-para-obtenerla\/","url":"https:\/\/www.yucatanencorto.com\/noticias\/proponen-aumentar-prima-de-antiguedad-y-reducir-anos-para-obtenerla\/","name":"Proponen aumentar prima de antig\u00fcedad y reducir a\u00f1os para obtenerla - Yucat\u00e1n en corto","isPartOf":{"@id":"https:\/\/www.yucatanencorto.com\/noticias\/#website"},"primaryImageOfPage":{"@id":"https:\/\/www.yucatanencorto.com\/noticias\/proponen-aumentar-prima-de-antiguedad-y-reducir-anos-para-obtenerla\/#primaryimage"},"image":{"@id":"https:\/\/www.yucatanencorto.com\/noticias\/proponen-aumentar-prima-de-antiguedad-y-reducir-anos-para-obtenerla\/#primaryimage"},"thumbnailUrl":"https:\/\/www.yucatanencorto.com\/noticias\/wp-content\/uploads\/2023\/04\/AA1a6S7s.jpg","datePublished":"2023-04-21T22:39:21+00:00","author":{"@id":"https:\/\/www.yucatanencorto.com\/noticias\/#\/schema\/person\/e2fbdfaf30a07014a43940ce989f3119"},"breadcrumb":{"@id":"https:\/\/www.yucatanencorto.com\/noticias\/proponen-aumentar-prima-de-antiguedad-y-reducir-anos-para-obtenerla\/#breadcrumb"},"inLanguage":"es","potentialAction":[{"@type":"ReadAction","target":["https:\/\/www.yucatanencorto.com\/noticias\/proponen-aumentar-prima-de-antiguedad-y-reducir-anos-para-obtenerla\/"]}]},{"@type":"ImageObject","inLanguage":"es","@id":"https:\/\/www.yucatanencorto.com\/noticias\/proponen-aumentar-prima-de-antiguedad-y-reducir-anos-para-obtenerla\/#primaryimage","url":"https:\/\/www.yucatanencorto.com\/noticias\/wp-content\/uploads\/2023\/04\/AA1a6S7s.jpg","contentUrl":"https:\/\/www.yucatanencorto.com\/noticias\/wp-content\/uploads\/2023\/04\/AA1a6S7s.jpg","width":726,"height":448},{"@type":"BreadcrumbList","@id":"https:\/\/www.yucatanencorto.com\/noticias\/proponen-aumentar-prima-de-antiguedad-y-reducir-anos-para-obtenerla\/#breadcrumb","itemListElement":[{"@type":"ListItem","position":1,"name":"Portada","item":"https:\/\/www.yucatanencorto.com\/noticias\/"},{"@type":"ListItem","position":2,"name":"Proponen aumentar prima de antig\u00fcedad y reducir a\u00f1os para obtenerla"}]},{"@type":"WebSite","@id":"https:\/\/www.yucatanencorto.com\/noticias\/#website","url":"https:\/\/www.yucatanencorto.com\/noticias\/","name":"Yucat\u00e1n en corto","description":"Noticias","potentialAction":[{"@type":"SearchAction","target":{"@type":"EntryPoint","urlTemplate":"https:\/\/www.yucatanencorto.com\/noticias\/?s={search_term_string}"},"query-input":{"@type":"PropertyValueSpecification","valueRequired":true,"valueName":"search_term_string"}}],"inLanguage":"es"},{"@type":"Person","@id":"https:\/\/www.yucatanencorto.com\/noticias\/#\/schema\/person\/e2fbdfaf30a07014a43940ce989f3119","name":"Redes","image":{"@type":"ImageObject","inLanguage":"es","@id":"https:\/\/secure.gravatar.com\/avatar\/5931a2d21dd7cc834f44c8c34fe56d90ed6d536ef452cbf870c7485b524dddd7?s=96&d=mm&r=g","url":"https:\/\/secure.gravatar.com\/avatar\/5931a2d21dd7cc834f44c8c34fe56d90ed6d536ef452cbf870c7485b524dddd7?s=96&d=mm&r=g","contentUrl":"https:\/\/secure.gravatar.com\/avatar\/5931a2d21dd7cc834f44c8c34fe56d90ed6d536ef452cbf870c7485b524dddd7?s=96&d=mm&r=g","caption":"Redes"},"url":"https:\/\/www.yucatanencorto.com\/noticias\/author\/redes\/"}]}},"_links":{"self":[{"href":"https:\/\/www.yucatanencorto.com\/noticias\/wp-json\/wp\/v2\/posts\/97748","targetHints":{"allow":["GET"]}}],"collection":[{"href":"https:\/\/www.yucatanencorto.com\/noticias\/wp-json\/wp\/v2\/posts"}],"about":[{"href":"https:\/\/www.yucatanencorto.com\/noticias\/wp-json\/wp\/v2\/types\/post"}],"author":[{"embeddable":true,"href":"https:\/\/www.yucatanencorto.com\/noticias\/wp-json\/wp\/v2\/users\/3"}],"replies":[{"embeddable":true,"href":"https:\/\/www.yucatanencorto.com\/noticias\/wp-json\/wp\/v2\/comments?post=97748"}],"version-history":[{"count":0,"href":"https:\/\/www.yucatanencorto.com\/noticias\/wp-json\/wp\/v2\/posts\/97748\/revisions"}],"wp:featuredmedia":[{"embeddable":true,"href":"https:\/\/www.yucatanencorto.com\/noticias\/wp-json\/wp\/v2\/media\/97749"}],"wp:attachment":[{"href":"https:\/\/www.yucatanencorto.com\/noticias\/wp-json\/wp\/v2\/media?parent=97748"}],"wp:term":[{"taxonomy":"category","embeddable":true,"href":"https:\/\/www.yucatanencorto.com\/noticias\/wp-json\/wp\/v2\/categories?post=97748"},{"taxonomy":"post_tag","embeddable":true,"href":"https:\/\/www.yucatanencorto.com\/noticias\/wp-json\/wp\/v2\/tags?post=97748"}],"curies":[{"name":"wp","href":"https:\/\/api.w.org\/{rel}","templated":true}]}}