{"id":97751,"date":"2023-04-21T16:42:02","date_gmt":"2023-04-21T22:42:02","guid":{"rendered":"https:\/\/www.yucatanencorto.com\/noticias\/?p=97751"},"modified":"2023-04-21T16:42:02","modified_gmt":"2023-04-21T22:42:02","slug":"la-fiscalia-de-nuevo-mexico-retira-los-cargos-contra-alec-baldwin","status":"publish","type":"post","link":"https:\/\/www.yucatanencorto.com\/noticias\/la-fiscalia-de-nuevo-mexico-retira-los-cargos-contra-alec-baldwin\/","title":{"rendered":"La Fiscal\u00eda de Nuevo M\u00e9xico retira los cargos contra Alec Baldwin"},"content":{"rendered":"<figure id=\"attachment_97752\" aria-describedby=\"caption-attachment-97752\" style=\"width: 768px\" class=\"wp-caption alignnone\"><img loading=\"lazy\" decoding=\"async\" class=\"size-full wp-image-97752\" src=\"https:\/\/www.yucatanencorto.com\/noticias\/wp-content\/uploads\/2023\/04\/211130-alec-baldwin-ac-1101p-34a061-scaled.jpg\" alt=\"\" width=\"768\" height=\"512\" srcset=\"https:\/\/www.yucatanencorto.com\/noticias\/wp-content\/uploads\/2023\/04\/211130-alec-baldwin-ac-1101p-34a061-scaled.jpg 768w, https:\/\/www.yucatanencorto.com\/noticias\/wp-content\/uploads\/2023\/04\/211130-alec-baldwin-ac-1101p-34a061-1536x1024.jpg 1536w, https:\/\/www.yucatanencorto.com\/noticias\/wp-content\/uploads\/2023\/04\/211130-alec-baldwin-ac-1101p-34a061-2048x1365.jpg 2048w, https:\/\/www.yucatanencorto.com\/noticias\/wp-content\/uploads\/2023\/04\/211130-alec-baldwin-ac-1101p-34a061-696x464.jpg 696w, https:\/\/www.yucatanencorto.com\/noticias\/wp-content\/uploads\/2023\/04\/211130-alec-baldwin-ac-1101p-34a061-1068x712.jpg 1068w, https:\/\/www.yucatanencorto.com\/noticias\/wp-content\/uploads\/2023\/04\/211130-alec-baldwin-ac-1101p-34a061-1920x1279.jpg 1920w, https:\/\/www.yucatanencorto.com\/noticias\/wp-content\/uploads\/2023\/04\/211130-alec-baldwin-ac-1101p-34a061-630x420.jpg 630w\" sizes=\"auto, (max-width: 768px) 100vw, 768px\" \/><figcaption id=\"caption-attachment-97752\" class=\"wp-caption-text\">MANCHESTER, VT &#8211; OCTOBER 30: Alec Baldwin speaks for the first time regarding the accidental shooting that killed cinematographer Halyna Hutchins, and wounded director Joel Souza on the set of the film \u00abRust\u00bb, on October 30, 2021 in Manchester, Vermont. The actor, his wife and children pulled over to the side of the road and gave an unscheduled statement after being pursued by photographers and members of the press. (Photo by MEGA\/GC Images)<\/figcaption><\/figure>\n<p>Victoria legal para\u00a0Alec Baldwin. La\u00a0Fiscal\u00eda de Santa Fe (Nuevo M\u00e9xico) ha confirmado este jueves que retirar\u00e1 los dos cargos contra el actor, de 65 a\u00f1os, cuya carrera ha quedado marcada por\u00a0la tragedia de\u00a0Rust. El rodaje del w\u00e9stern que produce y protagoniza se reanud\u00f3 recientemente, 18 meses despu\u00e9s de que la directora de fotograf\u00eda, Halyna Hutchins, muriera en octubre de 2021 por una bala disparada por un rev\u00f3lver en manos del actor. El int\u00e9rprete se enfrentaba a una acusaci\u00f3n\u00a0de homicidio accidental, pero su defensa hab\u00eda emprendido una agresiva estrategia contra las fiscales que hab\u00edan presentado los cargos.<\/p>\n<p>\u201cEstamos satisfechos con la decisi\u00f3n de retirar los cargos contra Alec Baldwin e invitamos a que se lleve a cabo una investigaci\u00f3n justa de los hechos y circunstancias del tr\u00e1gico accidente\u201d, han se\u00f1alado a la cadena NBC Luke Nikas y Alex Spiro, abogados defensores de Baldwin. El equipo legal del actor ya hab\u00eda logrado algunas victorias frente a la Fiscal\u00eda de distrito de Santa Fe. Consiguieron, por ejemplo, que se le retirara un cargo agravado por portar armas, lo que redujo la posibilidad de que el actor pudiera entrar en prisi\u00f3n si era declarado culpable en un proceso que estaba previsto que comenzase dentro de dos semanas.<\/p>\n<p>El juez ten\u00eda previsto decidir en mayo si manten\u00eda el cargo de \u201chomicidio accidental\u201d contra Baldwin y Hannah Gutierrez-Reed, la encargada de la armer\u00eda. El actor se hab\u00eda declarado en febrero \u201cno culpable\u201d en una comparecencia por videoconferencia. El actor sostuvo que nunca apret\u00f3 el gatillo, sino que solo martille\u00f3 el Colt 45 con el que dispar\u00f3 a Halyna Hutchins. Sin embargo, una investigaci\u00f3n del FBI lo desminti\u00f3: Baldwin dispar\u00f3.<\/p>\n<p>El peri\u00f3dico\u00a0Los Angeles Times\u00a0asegura que fuentes del caso no descartan que se presenten nuevos cargos, aunque de menos gravedad, contra el actor. El diario afirma que el gatillo del rev\u00f3lver fue modificado antes de que llegara al plat\u00f3 de rodaje, lo que provoc\u00f3 que el arma se disparara de forma accidental.<\/p>\n<p>Quiz\u00e1 la victoria m\u00e1s rotunda del bufete de abogados que defiende a Baldwin ha sido la retirada de las fiscales del caso. Andrea Reeb, una exfiscal que era tambi\u00e9n congresista republicana en la C\u00e1mara baja de Nuevo M\u00e9xico, era la encargada de la acusaci\u00f3n. Los abogados de Baldwin argumentaron que una integrante del poder legislativo no pod\u00eda formar parte del judicial. Reeb, a mediados de este mes de marzo, present\u00f3 su dimisi\u00f3n.<\/p>\n<p>Tanto Reeb como la fiscal de distrito, Mary Carmack-Altwies, sosten\u00edan que el actor no sigui\u00f3 las medidas de seguridad b\u00e1sicas, sino que mantuvo un \u201ctemerario\u201d y \u201cpeligroso\u201d uso del rev\u00f3lver que mat\u00f3 a Hutchins, mientras ensayaba frente a la c\u00e1mara c\u00f3mo desenfundarlo. El proyectil, que era real y no una bala de fogueo, impact\u00f3 en el pecho de la cineasta e hiri\u00f3 al director de la pel\u00edcula, Joel Souza, que salv\u00f3 su vida.<\/p>\n<p>En una conferencia de prensa, las fiscales sostuvieron que Baldwin \u201ccometi\u00f3, al menos, una docena de omisiones o descuidos, sin contar el empleo temerario del arma\u201d, dijeron. Por su parte, la armera Hannah Gutierrez-Reed se enfrenta a cargos por \u201chomicidio accidental\u201d, ya que se encontraron en el\u00a0atrezzo\u00a0de la producci\u00f3n, al menos, cinco balas de verdad.<\/p>\n<p>Tras la marcha de Reeb, sigui\u00f3 la de Carmack-Altwies. A finales de marzo, la encargada del distrito de Santa Fe tambi\u00e9n abandon\u00f3 el caso y lo dej\u00f3 en manos de dos abogados locales, Kari Morrisey y Jason Lewis. \u201cMi responsabilidad con la gente del Primer Distrito Judicial es mayor que cualquier caso espec\u00edfico\u201d, afirm\u00f3.<\/p>\n<p>Un nuevo final para \u2018Rust\u2019<br \/>\nLos productores de la cinta pretenden eliminar de\u00a0Rust\u00a0la macabra fama que tiene en Hollywood. La producci\u00f3n ha anunciado que retomar\u00e1 el rodaje en el rancho Yellowstone, en el Estado de Montana. Melina Spadone, una de las abogadas de la productora, asegur\u00f3 a la agencia Associated Press que el rodaje comenzar\u00eda este mismo jueves. La compa\u00f1\u00eda ya ha pagado una multa de 100.000 d\u00f3lares por violaciones graves a las medidas de seguridad en los lugares de trabajo.<\/p>\n<p>El actor y protagonista continuar\u00e1 involucrado en la pel\u00edcula. El viudo de Halyna Hutchins, Matthew Hutchins, ha sido nombrado productor ejecutivo y se quedar\u00e1 con los ingresos que la cinta obtenga cuando comience su exhibici\u00f3n.<\/p>\n","protected":false},"excerpt":{"rendered":"<p>Victoria legal para\u00a0Alec Baldwin. La\u00a0Fiscal\u00eda de Santa Fe (Nuevo M\u00e9xico) ha confirmado este jueves que retirar\u00e1 los dos cargos contra el actor, de 65 a\u00f1os, cuya carrera ha quedado marcada por\u00a0la tragedia de\u00a0Rust. El rodaje del w\u00e9stern que produce y protagoniza se reanud\u00f3 recientemente, 18 meses despu\u00e9s de que la directora de fotograf\u00eda, Halyna Hutchins, [&hellip;]<\/p>\n","protected":false},"author":3,"featured_media":97752,"comment_status":"closed","ping_status":"closed","sticky":false,"template":"","format":"standard","meta":{"footnotes":""},"categories":[9],"tags":[],"class_list":{"0":"post-97751","1":"post","2":"type-post","3":"status-publish","4":"format-standard","5":"has-post-thumbnail","7":"category-sociedad-y-espectaculos"},"yoast_head":"<!-- This site is optimized with the Yoast SEO plugin v27.5 - https:\/\/yoast.com\/product\/yoast-seo-wordpress\/ -->\n<title>La Fiscal\u00eda de Nuevo M\u00e9xico retira los cargos contra Alec Baldwin - Yucat\u00e1n en corto<\/title>\n<meta name=\"robots\" content=\"index, follow, max-snippet:-1, max-image-preview:large, max-video-preview:-1\" \/>\n<link rel=\"canonical\" href=\"https:\/\/www.yucatanencorto.com\/noticias\/la-fiscalia-de-nuevo-mexico-retira-los-cargos-contra-alec-baldwin\/\" \/>\n<meta property=\"og:locale\" content=\"es_ES\" \/>\n<meta property=\"og:type\" content=\"article\" \/>\n<meta property=\"og:title\" content=\"La Fiscal\u00eda de Nuevo M\u00e9xico retira los cargos contra Alec Baldwin - Yucat\u00e1n en corto\" \/>\n<meta property=\"og:description\" content=\"Victoria legal para\u00a0Alec Baldwin. La\u00a0Fiscal\u00eda de Santa Fe (Nuevo M\u00e9xico) ha confirmado este jueves que retirar\u00e1 los dos cargos contra el actor, de 65 a\u00f1os, cuya carrera ha quedado marcada por\u00a0la tragedia de\u00a0Rust. El rodaje del w\u00e9stern que produce y protagoniza se reanud\u00f3 recientemente, 18 meses despu\u00e9s de que la directora de fotograf\u00eda, Halyna Hutchins, [&hellip;]\" \/>\n<meta property=\"og:url\" content=\"https:\/\/www.yucatanencorto.com\/noticias\/la-fiscalia-de-nuevo-mexico-retira-los-cargos-contra-alec-baldwin\/\" \/>\n<meta property=\"og:site_name\" content=\"Yucat\u00e1n en corto\" \/>\n<meta property=\"article:publisher\" content=\"http:\/\/www.facebook.com\/yucatanencorto\" \/>\n<meta property=\"article:published_time\" content=\"2023-04-21T22:42:02+00:00\" \/>\n<meta property=\"og:image\" content=\"https:\/\/www.yucatanencorto.com\/noticias\/wp-content\/uploads\/2023\/04\/211130-alec-baldwin-ac-1101p-34a061-scaled.jpg\" \/>\n\t<meta property=\"og:image:width\" content=\"768\" \/>\n\t<meta property=\"og:image:height\" content=\"512\" \/>\n\t<meta property=\"og:image:type\" content=\"image\/jpeg\" \/>\n<meta name=\"author\" content=\"Redes\" \/>\n<meta name=\"twitter:card\" content=\"summary_large_image\" \/>\n<meta name=\"twitter:creator\" content=\"@yucatanencorto\" \/>\n<meta name=\"twitter:site\" content=\"@yucatanencorto\" \/>\n<meta name=\"twitter:label1\" content=\"Escrito por\" \/>\n\t<meta name=\"twitter:data1\" content=\"Redes\" \/>\n\t<meta name=\"twitter:label2\" content=\"Tiempo de lectura\" \/>\n\t<meta name=\"twitter:data2\" content=\"4 minutos\" \/>\n<script type=\"application\/ld+json\" class=\"yoast-schema-graph\">{\"@context\":\"https:\\\/\\\/schema.org\",\"@graph\":[{\"@type\":\"Article\",\"@id\":\"https:\\\/\\\/www.yucatanencorto.com\\\/noticias\\\/la-fiscalia-de-nuevo-mexico-retira-los-cargos-contra-alec-baldwin\\\/#article\",\"isPartOf\":{\"@id\":\"https:\\\/\\\/www.yucatanencorto.com\\\/noticias\\\/la-fiscalia-de-nuevo-mexico-retira-los-cargos-contra-alec-baldwin\\\/\"},\"author\":{\"name\":\"Redes\",\"@id\":\"https:\\\/\\\/www.yucatanencorto.com\\\/noticias\\\/#\\\/schema\\\/person\\\/e2fbdfaf30a07014a43940ce989f3119\"},\"headline\":\"La Fiscal\u00eda de Nuevo M\u00e9xico retira los cargos contra Alec Baldwin\",\"datePublished\":\"2023-04-21T22:42:02+00:00\",\"mainEntityOfPage\":{\"@id\":\"https:\\\/\\\/www.yucatanencorto.com\\\/noticias\\\/la-fiscalia-de-nuevo-mexico-retira-los-cargos-contra-alec-baldwin\\\/\"},\"wordCount\":838,\"image\":{\"@id\":\"https:\\\/\\\/www.yucatanencorto.com\\\/noticias\\\/la-fiscalia-de-nuevo-mexico-retira-los-cargos-contra-alec-baldwin\\\/#primaryimage\"},\"thumbnailUrl\":\"https:\\\/\\\/www.yucatanencorto.com\\\/noticias\\\/wp-content\\\/uploads\\\/2023\\\/04\\\/211130-alec-baldwin-ac-1101p-34a061-scaled.jpg\",\"articleSection\":[\"Sociedad y Espect\u00e1culos\"],\"inLanguage\":\"es\"},{\"@type\":\"WebPage\",\"@id\":\"https:\\\/\\\/www.yucatanencorto.com\\\/noticias\\\/la-fiscalia-de-nuevo-mexico-retira-los-cargos-contra-alec-baldwin\\\/\",\"url\":\"https:\\\/\\\/www.yucatanencorto.com\\\/noticias\\\/la-fiscalia-de-nuevo-mexico-retira-los-cargos-contra-alec-baldwin\\\/\",\"name\":\"La Fiscal\u00eda de Nuevo M\u00e9xico retira los cargos contra Alec Baldwin - Yucat\u00e1n en corto\",\"isPartOf\":{\"@id\":\"https:\\\/\\\/www.yucatanencorto.com\\\/noticias\\\/#website\"},\"primaryImageOfPage\":{\"@id\":\"https:\\\/\\\/www.yucatanencorto.com\\\/noticias\\\/la-fiscalia-de-nuevo-mexico-retira-los-cargos-contra-alec-baldwin\\\/#primaryimage\"},\"image\":{\"@id\":\"https:\\\/\\\/www.yucatanencorto.com\\\/noticias\\\/la-fiscalia-de-nuevo-mexico-retira-los-cargos-contra-alec-baldwin\\\/#primaryimage\"},\"thumbnailUrl\":\"https:\\\/\\\/www.yucatanencorto.com\\\/noticias\\\/wp-content\\\/uploads\\\/2023\\\/04\\\/211130-alec-baldwin-ac-1101p-34a061-scaled.jpg\",\"datePublished\":\"2023-04-21T22:42:02+00:00\",\"author\":{\"@id\":\"https:\\\/\\\/www.yucatanencorto.com\\\/noticias\\\/#\\\/schema\\\/person\\\/e2fbdfaf30a07014a43940ce989f3119\"},\"breadcrumb\":{\"@id\":\"https:\\\/\\\/www.yucatanencorto.com\\\/noticias\\\/la-fiscalia-de-nuevo-mexico-retira-los-cargos-contra-alec-baldwin\\\/#breadcrumb\"},\"inLanguage\":\"es\",\"potentialAction\":[{\"@type\":\"ReadAction\",\"target\":[\"https:\\\/\\\/www.yucatanencorto.com\\\/noticias\\\/la-fiscalia-de-nuevo-mexico-retira-los-cargos-contra-alec-baldwin\\\/\"]}]},{\"@type\":\"ImageObject\",\"inLanguage\":\"es\",\"@id\":\"https:\\\/\\\/www.yucatanencorto.com\\\/noticias\\\/la-fiscalia-de-nuevo-mexico-retira-los-cargos-contra-alec-baldwin\\\/#primaryimage\",\"url\":\"https:\\\/\\\/www.yucatanencorto.com\\\/noticias\\\/wp-content\\\/uploads\\\/2023\\\/04\\\/211130-alec-baldwin-ac-1101p-34a061-scaled.jpg\",\"contentUrl\":\"https:\\\/\\\/www.yucatanencorto.com\\\/noticias\\\/wp-content\\\/uploads\\\/2023\\\/04\\\/211130-alec-baldwin-ac-1101p-34a061-scaled.jpg\",\"width\":768,\"height\":512,\"caption\":\"MANCHESTER, VT - OCTOBER 30: Alec Baldwin speaks for the first time regarding the accidental shooting that killed cinematographer Halyna Hutchins, and wounded director Joel Souza on the set of the film \\\"Rust\\\", on October 30, 2021 in Manchester, Vermont. The actor, his wife and children pulled over to the side of the road and gave an unscheduled statement after being pursued by photographers and members of the press. (Photo by MEGA\\\/GC Images)\"},{\"@type\":\"BreadcrumbList\",\"@id\":\"https:\\\/\\\/www.yucatanencorto.com\\\/noticias\\\/la-fiscalia-de-nuevo-mexico-retira-los-cargos-contra-alec-baldwin\\\/#breadcrumb\",\"itemListElement\":[{\"@type\":\"ListItem\",\"position\":1,\"name\":\"Portada\",\"item\":\"https:\\\/\\\/www.yucatanencorto.com\\\/noticias\\\/\"},{\"@type\":\"ListItem\",\"position\":2,\"name\":\"La Fiscal\u00eda de Nuevo M\u00e9xico retira los cargos contra Alec Baldwin\"}]},{\"@type\":\"WebSite\",\"@id\":\"https:\\\/\\\/www.yucatanencorto.com\\\/noticias\\\/#website\",\"url\":\"https:\\\/\\\/www.yucatanencorto.com\\\/noticias\\\/\",\"name\":\"Yucat\u00e1n en corto\",\"description\":\"Noticias\",\"potentialAction\":[{\"@type\":\"SearchAction\",\"target\":{\"@type\":\"EntryPoint\",\"urlTemplate\":\"https:\\\/\\\/www.yucatanencorto.com\\\/noticias\\\/?s={search_term_string}\"},\"query-input\":{\"@type\":\"PropertyValueSpecification\",\"valueRequired\":true,\"valueName\":\"search_term_string\"}}],\"inLanguage\":\"es\"},{\"@type\":\"Person\",\"@id\":\"https:\\\/\\\/www.yucatanencorto.com\\\/noticias\\\/#\\\/schema\\\/person\\\/e2fbdfaf30a07014a43940ce989f3119\",\"name\":\"Redes\",\"image\":{\"@type\":\"ImageObject\",\"inLanguage\":\"es\",\"@id\":\"https:\\\/\\\/secure.gravatar.com\\\/avatar\\\/5931a2d21dd7cc834f44c8c34fe56d90ed6d536ef452cbf870c7485b524dddd7?s=96&d=mm&r=g\",\"url\":\"https:\\\/\\\/secure.gravatar.com\\\/avatar\\\/5931a2d21dd7cc834f44c8c34fe56d90ed6d536ef452cbf870c7485b524dddd7?s=96&d=mm&r=g\",\"contentUrl\":\"https:\\\/\\\/secure.gravatar.com\\\/avatar\\\/5931a2d21dd7cc834f44c8c34fe56d90ed6d536ef452cbf870c7485b524dddd7?s=96&d=mm&r=g\",\"caption\":\"Redes\"},\"url\":\"https:\\\/\\\/www.yucatanencorto.com\\\/noticias\\\/author\\\/redes\\\/\"}]}<\/script>\n<!-- \/ Yoast SEO plugin. -->","yoast_head_json":{"title":"La Fiscal\u00eda de Nuevo M\u00e9xico retira los cargos contra Alec Baldwin - Yucat\u00e1n en corto","robots":{"index":"index","follow":"follow","max-snippet":"max-snippet:-1","max-image-preview":"max-image-preview:large","max-video-preview":"max-video-preview:-1"},"canonical":"https:\/\/www.yucatanencorto.com\/noticias\/la-fiscalia-de-nuevo-mexico-retira-los-cargos-contra-alec-baldwin\/","og_locale":"es_ES","og_type":"article","og_title":"La Fiscal\u00eda de Nuevo M\u00e9xico retira los cargos contra Alec Baldwin - Yucat\u00e1n en corto","og_description":"Victoria legal para\u00a0Alec Baldwin. La\u00a0Fiscal\u00eda de Santa Fe (Nuevo M\u00e9xico) ha confirmado este jueves que retirar\u00e1 los dos cargos contra el actor, de 65 a\u00f1os, cuya carrera ha quedado marcada por\u00a0la tragedia de\u00a0Rust. El rodaje del w\u00e9stern que produce y protagoniza se reanud\u00f3 recientemente, 18 meses despu\u00e9s de que la directora de fotograf\u00eda, Halyna Hutchins, [&hellip;]","og_url":"https:\/\/www.yucatanencorto.com\/noticias\/la-fiscalia-de-nuevo-mexico-retira-los-cargos-contra-alec-baldwin\/","og_site_name":"Yucat\u00e1n en corto","article_publisher":"http:\/\/www.facebook.com\/yucatanencorto","article_published_time":"2023-04-21T22:42:02+00:00","og_image":[{"width":768,"height":512,"url":"https:\/\/www.yucatanencorto.com\/noticias\/wp-content\/uploads\/2023\/04\/211130-alec-baldwin-ac-1101p-34a061-scaled.jpg","type":"image\/jpeg"}],"author":"Redes","twitter_card":"summary_large_image","twitter_creator":"@yucatanencorto","twitter_site":"@yucatanencorto","twitter_misc":{"Escrito por":"Redes","Tiempo de lectura":"4 minutos"},"schema":{"@context":"https:\/\/schema.org","@graph":[{"@type":"Article","@id":"https:\/\/www.yucatanencorto.com\/noticias\/la-fiscalia-de-nuevo-mexico-retira-los-cargos-contra-alec-baldwin\/#article","isPartOf":{"@id":"https:\/\/www.yucatanencorto.com\/noticias\/la-fiscalia-de-nuevo-mexico-retira-los-cargos-contra-alec-baldwin\/"},"author":{"name":"Redes","@id":"https:\/\/www.yucatanencorto.com\/noticias\/#\/schema\/person\/e2fbdfaf30a07014a43940ce989f3119"},"headline":"La Fiscal\u00eda de Nuevo M\u00e9xico retira los cargos contra Alec Baldwin","datePublished":"2023-04-21T22:42:02+00:00","mainEntityOfPage":{"@id":"https:\/\/www.yucatanencorto.com\/noticias\/la-fiscalia-de-nuevo-mexico-retira-los-cargos-contra-alec-baldwin\/"},"wordCount":838,"image":{"@id":"https:\/\/www.yucatanencorto.com\/noticias\/la-fiscalia-de-nuevo-mexico-retira-los-cargos-contra-alec-baldwin\/#primaryimage"},"thumbnailUrl":"https:\/\/www.yucatanencorto.com\/noticias\/wp-content\/uploads\/2023\/04\/211130-alec-baldwin-ac-1101p-34a061-scaled.jpg","articleSection":["Sociedad y Espect\u00e1culos"],"inLanguage":"es"},{"@type":"WebPage","@id":"https:\/\/www.yucatanencorto.com\/noticias\/la-fiscalia-de-nuevo-mexico-retira-los-cargos-contra-alec-baldwin\/","url":"https:\/\/www.yucatanencorto.com\/noticias\/la-fiscalia-de-nuevo-mexico-retira-los-cargos-contra-alec-baldwin\/","name":"La Fiscal\u00eda de Nuevo M\u00e9xico retira los cargos contra Alec Baldwin - Yucat\u00e1n en corto","isPartOf":{"@id":"https:\/\/www.yucatanencorto.com\/noticias\/#website"},"primaryImageOfPage":{"@id":"https:\/\/www.yucatanencorto.com\/noticias\/la-fiscalia-de-nuevo-mexico-retira-los-cargos-contra-alec-baldwin\/#primaryimage"},"image":{"@id":"https:\/\/www.yucatanencorto.com\/noticias\/la-fiscalia-de-nuevo-mexico-retira-los-cargos-contra-alec-baldwin\/#primaryimage"},"thumbnailUrl":"https:\/\/www.yucatanencorto.com\/noticias\/wp-content\/uploads\/2023\/04\/211130-alec-baldwin-ac-1101p-34a061-scaled.jpg","datePublished":"2023-04-21T22:42:02+00:00","author":{"@id":"https:\/\/www.yucatanencorto.com\/noticias\/#\/schema\/person\/e2fbdfaf30a07014a43940ce989f3119"},"breadcrumb":{"@id":"https:\/\/www.yucatanencorto.com\/noticias\/la-fiscalia-de-nuevo-mexico-retira-los-cargos-contra-alec-baldwin\/#breadcrumb"},"inLanguage":"es","potentialAction":[{"@type":"ReadAction","target":["https:\/\/www.yucatanencorto.com\/noticias\/la-fiscalia-de-nuevo-mexico-retira-los-cargos-contra-alec-baldwin\/"]}]},{"@type":"ImageObject","inLanguage":"es","@id":"https:\/\/www.yucatanencorto.com\/noticias\/la-fiscalia-de-nuevo-mexico-retira-los-cargos-contra-alec-baldwin\/#primaryimage","url":"https:\/\/www.yucatanencorto.com\/noticias\/wp-content\/uploads\/2023\/04\/211130-alec-baldwin-ac-1101p-34a061-scaled.jpg","contentUrl":"https:\/\/www.yucatanencorto.com\/noticias\/wp-content\/uploads\/2023\/04\/211130-alec-baldwin-ac-1101p-34a061-scaled.jpg","width":768,"height":512,"caption":"MANCHESTER, VT - OCTOBER 30: Alec Baldwin speaks for the first time regarding the accidental shooting that killed cinematographer Halyna Hutchins, and wounded director Joel Souza on the set of the film \"Rust\", on October 30, 2021 in Manchester, Vermont. The actor, his wife and children pulled over to the side of the road and gave an unscheduled statement after being pursued by photographers and members of the press. (Photo by MEGA\/GC Images)"},{"@type":"BreadcrumbList","@id":"https:\/\/www.yucatanencorto.com\/noticias\/la-fiscalia-de-nuevo-mexico-retira-los-cargos-contra-alec-baldwin\/#breadcrumb","itemListElement":[{"@type":"ListItem","position":1,"name":"Portada","item":"https:\/\/www.yucatanencorto.com\/noticias\/"},{"@type":"ListItem","position":2,"name":"La Fiscal\u00eda de Nuevo M\u00e9xico retira los cargos contra Alec Baldwin"}]},{"@type":"WebSite","@id":"https:\/\/www.yucatanencorto.com\/noticias\/#website","url":"https:\/\/www.yucatanencorto.com\/noticias\/","name":"Yucat\u00e1n en corto","description":"Noticias","potentialAction":[{"@type":"SearchAction","target":{"@type":"EntryPoint","urlTemplate":"https:\/\/www.yucatanencorto.com\/noticias\/?s={search_term_string}"},"query-input":{"@type":"PropertyValueSpecification","valueRequired":true,"valueName":"search_term_string"}}],"inLanguage":"es"},{"@type":"Person","@id":"https:\/\/www.yucatanencorto.com\/noticias\/#\/schema\/person\/e2fbdfaf30a07014a43940ce989f3119","name":"Redes","image":{"@type":"ImageObject","inLanguage":"es","@id":"https:\/\/secure.gravatar.com\/avatar\/5931a2d21dd7cc834f44c8c34fe56d90ed6d536ef452cbf870c7485b524dddd7?s=96&d=mm&r=g","url":"https:\/\/secure.gravatar.com\/avatar\/5931a2d21dd7cc834f44c8c34fe56d90ed6d536ef452cbf870c7485b524dddd7?s=96&d=mm&r=g","contentUrl":"https:\/\/secure.gravatar.com\/avatar\/5931a2d21dd7cc834f44c8c34fe56d90ed6d536ef452cbf870c7485b524dddd7?s=96&d=mm&r=g","caption":"Redes"},"url":"https:\/\/www.yucatanencorto.com\/noticias\/author\/redes\/"}]}},"_links":{"self":[{"href":"https:\/\/www.yucatanencorto.com\/noticias\/wp-json\/wp\/v2\/posts\/97751","targetHints":{"allow":["GET"]}}],"collection":[{"href":"https:\/\/www.yucatanencorto.com\/noticias\/wp-json\/wp\/v2\/posts"}],"about":[{"href":"https:\/\/www.yucatanencorto.com\/noticias\/wp-json\/wp\/v2\/types\/post"}],"author":[{"embeddable":true,"href":"https:\/\/www.yucatanencorto.com\/noticias\/wp-json\/wp\/v2\/users\/3"}],"replies":[{"embeddable":true,"href":"https:\/\/www.yucatanencorto.com\/noticias\/wp-json\/wp\/v2\/comments?post=97751"}],"version-history":[{"count":0,"href":"https:\/\/www.yucatanencorto.com\/noticias\/wp-json\/wp\/v2\/posts\/97751\/revisions"}],"wp:featuredmedia":[{"embeddable":true,"href":"https:\/\/www.yucatanencorto.com\/noticias\/wp-json\/wp\/v2\/media\/97752"}],"wp:attachment":[{"href":"https:\/\/www.yucatanencorto.com\/noticias\/wp-json\/wp\/v2\/media?parent=97751"}],"wp:term":[{"taxonomy":"category","embeddable":true,"href":"https:\/\/www.yucatanencorto.com\/noticias\/wp-json\/wp\/v2\/categories?post=97751"},{"taxonomy":"post_tag","embeddable":true,"href":"https:\/\/www.yucatanencorto.com\/noticias\/wp-json\/wp\/v2\/tags?post=97751"}],"curies":[{"name":"wp","href":"https:\/\/api.w.org\/{rel}","templated":true}]}}