{"id":97754,"date":"2023-04-21T17:03:23","date_gmt":"2023-04-21T23:03:23","guid":{"rendered":"https:\/\/www.yucatanencorto.com\/noticias\/?p=97754"},"modified":"2023-04-21T17:03:23","modified_gmt":"2023-04-21T23:03:23","slug":"reconocen-a-los-empleados-municipales","status":"publish","type":"post","link":"https:\/\/www.yucatanencorto.com\/noticias\/reconocen-a-los-empleados-municipales\/","title":{"rendered":"Reconocen a los empleados municipales"},"content":{"rendered":"<p><img loading=\"lazy\" decoding=\"async\" class=\"alignnone size-full wp-image-97755\" src=\"https:\/\/www.yucatanencorto.com\/noticias\/wp-content\/uploads\/2023\/04\/WhatsApp-Image-2023-04-21-at-15.47.11-scaled.jpeg\" alt=\"\" width=\"768\" height=\"567\" srcset=\"https:\/\/www.yucatanencorto.com\/noticias\/wp-content\/uploads\/2023\/04\/WhatsApp-Image-2023-04-21-at-15.47.11-scaled.jpeg 768w, https:\/\/www.yucatanencorto.com\/noticias\/wp-content\/uploads\/2023\/04\/WhatsApp-Image-2023-04-21-at-15.47.11-1536x1135.jpeg 1536w, https:\/\/www.yucatanencorto.com\/noticias\/wp-content\/uploads\/2023\/04\/WhatsApp-Image-2023-04-21-at-15.47.11-696x514.jpeg 696w, https:\/\/www.yucatanencorto.com\/noticias\/wp-content\/uploads\/2023\/04\/WhatsApp-Image-2023-04-21-at-15.47.11-1068x789.jpeg 1068w, https:\/\/www.yucatanencorto.com\/noticias\/wp-content\/uploads\/2023\/04\/WhatsApp-Image-2023-04-21-at-15.47.11-569x420.jpeg 569w, https:\/\/www.yucatanencorto.com\/noticias\/wp-content\/uploads\/2023\/04\/WhatsApp-Image-2023-04-21-at-15.47.11-80x60.jpeg 80w\" sizes=\"auto, (max-width: 768px) 100vw, 768px\" \/><\/p>\n<p>M\u00e9rida, Yucat\u00e1n a 21 de abril de 2023.- En la v\u00edspera de la conmemoraci\u00f3n de la empleada y el empleado municipal que se celebra cada 24 de abril, el Alcalde Ren\u00e1n Barrera Concha reconoci\u00f3 el esfuerzo, el compromiso y la trayectoria de quienes con dedicaci\u00f3n y amor mantienen a M\u00e9rida como una de las mejores ciudades en el pa\u00eds.<\/p>\n<p>En la ceremonia que se celebr\u00f3 en el Centro Cultural Olimpo, el Presidente Municipal manifest\u00f3 que el servicio p\u00fablico que todas y todos los trabajadores brindan a la ciudad, permite que las y los habitantes est\u00e9n orgullos de vivir en una M\u00e9rida ordenada, \u00f3ptima y con una gran calidad de vida.<\/p>\n<p>\u201cDeben estar muy orgullosos del servicio que han prestado a la ciudad en los mejores a\u00f1os de su vida profesional, porque para realizar su labor se requiere tener un gran coraz\u00f3n y siempre pensar en el bien com\u00fan\u201d, indic\u00f3.<br \/>\nEn su mensaje, Barrera Concha hizo un recuento de las tres administraciones que ha encabezado, refrendando su gratitud con las y los trabajadores municipales por sumar a los proyectos su experiencia, voluntad y la esperanza por construir una M\u00e9rida con m\u00e1s oportunidades de crecimiento, seguridad y servicios p\u00fablicos de calidad.<br \/>\n\u201cSin ustedes, no podr\u00eda hacer mi trabajo ni enfrentarme a los retos que conlleva estar al frente del Ayuntamiento. Son un gran equipo y por eso hoy reconocemos su compromiso con M\u00e9rida\u201d, expres\u00f3.<\/p>\n<p>Con la a\u00f1oranza apostada sobre el p\u00f3dium, Barrera Concha comparti\u00f3 los momentos de alegr\u00eda y los retos que ha enfrentado junto a las y los empleados municipales en las diferentes direcciones, sobre todo el camino que ha recorrido con quienes ya cumplieron 28 y 30 a\u00f1os de servicio.<\/p>\n<p>Acompa\u00f1ado de todas y todos los directores del Ayuntamiento, el Alcalde felicit\u00f3 y entreg\u00f3 los reconocimientos a las y los empleados que este 2023 se jubilar\u00e1n con la alegr\u00eda de haber cumplido con la ciudad y sus ciudadanos.<br \/>\n\u201cDe ustedes he aprendido mucho, especialmente, a trabajar por el presente y por un mejor futuro para M\u00e9rida. Esta ser\u00e1 siempre su casa, mil gracias por su trabajo incansable\u201d, extern\u00f3.<\/p>\n<p>En nombre de las y los 99 empleados que se jubilan, Marisol Puerto Acevedo, perteneciente a la Secretaria de Participaci\u00f3n Ciudadana, agradeci\u00f3 al Alcalde por su apoyo para la realizaci\u00f3n del trabajo diario, as\u00ed como a todos los jefes y compa\u00f1eros que a lo largo de su trayectoria laboral enriquecieron su vida con ense\u00f1anzas y amistad.<br \/>\n\u201cMirando hacia atr\u00e1s, parece un sue\u00f1o como ha cambiado tecnol\u00f3gicamente este Ayuntamiento. Para quienes empezamos a trabajar en los a\u00f1os 90, tuvimos que hacerlo con m\u00e1quinas de escribir, luego con computadoras que usaban disquetes y hoy en d\u00eda, ya tenemos equipo a la vanguardia de tecnolog\u00eda e internet, que hacen el trabajo m\u00e1s sencillo\u201d, coment\u00f3.<\/p>\n<p>Al concluir la ceremonia, las y los asistentes despidieron a sus compa\u00f1eros con un aplauso, abrazos y una felicitaci\u00f3n, mientras en las pantallas se proyectaron videos con los testimonios y las experiencias que convirtieron a muchos de ellos en personajes ic\u00f3nicos del gobierno municipal, por lo cual cosecharon admiraci\u00f3n, respeto y amistad de sus jefes y compa\u00f1eros.<\/p>\n<p>Asimismo, el Alcalde mencion\u00f3 que la fuerza laboral del Ayuntamiento de M\u00e9rida la integran 5,354 personas, de las cuales 1,802 son mujeres y 3,552 son hombres.<br \/>\nRecord\u00f3 que, en reconocimiento y apoyo del trabajo de las y los empleados municipales, durante la actual administraci\u00f3n, se mejoraron las condiciones laborales con acciones como la entrega de becas escolares a 1,025 hijas e hijos de trabajadores sindicalizados del Ayuntamiento con un monto de 615 mil pesos; el aumento del 10% en ayuda de transporte que reciben 1,248 beneficiados; la homologaci\u00f3n de salarios; la entrega de 469,655.54 pesos correspondiente a ayuda econ\u00f3mica a los beneficiarios designados por el fallecimiento de 21 trabajadores activos; y el cinco por ciento de aumento en vales de despensa, entre otras.<\/p>\n<p>\u201cSomos un Ayuntamiento humano y cercano que garantiza los derechos para el bienestar de las y los trabajadores y por eso, mantenemos las mejoras en prestaciones a nuestra fuerza laboral con un manejo transparente y ordenado de los recursos\u201d, asegur\u00f3.<br \/>\nAcompa\u00f1aron al Alcalde, el Oficial Mayor, Mario Mart\u00ednez Laviada; el director de Administraci\u00f3n, Aquiles S\u00e1nchez Peniche; la regidora Presidenta de la Comisi\u00f3n de Administraci\u00f3n, Servicios Administrativos y Desarrollo Institucional, Paulina Peniche Rodr\u00edguez; y Diana Graciela Garc\u00eda Chan, reci\u00e9n jubilada del DIF M\u00e9rida.<\/p>\n<p>Previo a la ceremonia, estuvo acompa\u00f1ado del secretario general del Sindicato de Trabajadores al Servicio del Municipio de M\u00e9rida (STSMM), Jorge Humberto Camelo Escalante; el Dr. Afranio Mart\u00edn Ordaz, secretario de Conflictos del STSMM; el director de Administraci\u00f3n, Aquiles S\u00e1nchez Peniche; y el director de Servicios P\u00fablicos Municipales, Jos\u00e9 Collado Soberanis, en el homenaje que se rindi\u00f3 a las y los empleados municipales fallecidos, donde realizaron una guardia de honor, un minuto de silencio y una ofrenda floral en los mausoleos de las y los trabajadores al servicio de Municipio en los cementerios Xocl\u00e1n y General.<\/p>\n","protected":false},"excerpt":{"rendered":"<p>M\u00e9rida, Yucat\u00e1n a 21 de abril de 2023.- En la v\u00edspera de la conmemoraci\u00f3n de la empleada y el empleado municipal que se celebra cada 24 de abril, el Alcalde Ren\u00e1n Barrera Concha reconoci\u00f3 el esfuerzo, el compromiso y la trayectoria de quienes con dedicaci\u00f3n y amor mantienen a M\u00e9rida como una de las mejores [&hellip;]<\/p>\n","protected":false},"author":3,"featured_media":97755,"comment_status":"closed","ping_status":"closed","sticky":false,"template":"","format":"standard","meta":{"footnotes":""},"categories":[2],"tags":[],"class_list":{"0":"post-97754","1":"post","2":"type-post","3":"status-publish","4":"format-standard","5":"has-post-thumbnail","7":"category-merida"},"yoast_head":"<!-- This site is optimized with the Yoast SEO plugin v27.5 - https:\/\/yoast.com\/product\/yoast-seo-wordpress\/ -->\n<title>Reconocen a los empleados municipales - Yucat\u00e1n en corto<\/title>\n<meta name=\"robots\" content=\"index, follow, max-snippet:-1, max-image-preview:large, max-video-preview:-1\" \/>\n<link rel=\"canonical\" href=\"https:\/\/www.yucatanencorto.com\/noticias\/reconocen-a-los-empleados-municipales\/\" \/>\n<meta property=\"og:locale\" content=\"es_ES\" \/>\n<meta property=\"og:type\" content=\"article\" \/>\n<meta property=\"og:title\" content=\"Reconocen a los empleados municipales - Yucat\u00e1n en corto\" \/>\n<meta property=\"og:description\" content=\"M\u00e9rida, Yucat\u00e1n a 21 de abril de 2023.- En la v\u00edspera de la conmemoraci\u00f3n de la empleada y el empleado municipal que se celebra cada 24 de abril, el Alcalde Ren\u00e1n Barrera Concha reconoci\u00f3 el esfuerzo, el compromiso y la trayectoria de quienes con dedicaci\u00f3n y amor mantienen a M\u00e9rida como una de las mejores [&hellip;]\" \/>\n<meta property=\"og:url\" content=\"https:\/\/www.yucatanencorto.com\/noticias\/reconocen-a-los-empleados-municipales\/\" \/>\n<meta property=\"og:site_name\" content=\"Yucat\u00e1n en corto\" \/>\n<meta property=\"article:publisher\" content=\"http:\/\/www.facebook.com\/yucatanencorto\" \/>\n<meta property=\"article:published_time\" content=\"2023-04-21T23:03:23+00:00\" \/>\n<meta property=\"og:image\" content=\"https:\/\/www.yucatanencorto.com\/noticias\/wp-content\/uploads\/2023\/04\/WhatsApp-Image-2023-04-21-at-15.47.11-scaled.jpeg\" \/>\n\t<meta property=\"og:image:width\" content=\"768\" \/>\n\t<meta property=\"og:image:height\" content=\"567\" \/>\n\t<meta property=\"og:image:type\" content=\"image\/jpeg\" \/>\n<meta name=\"author\" content=\"Redes\" \/>\n<meta name=\"twitter:card\" content=\"summary_large_image\" \/>\n<meta name=\"twitter:creator\" content=\"@yucatanencorto\" \/>\n<meta name=\"twitter:site\" content=\"@yucatanencorto\" \/>\n<meta name=\"twitter:label1\" content=\"Escrito por\" \/>\n\t<meta name=\"twitter:data1\" content=\"Redes\" \/>\n\t<meta name=\"twitter:label2\" content=\"Tiempo de lectura\" \/>\n\t<meta name=\"twitter:data2\" content=\"4 minutos\" \/>\n<script type=\"application\/ld+json\" class=\"yoast-schema-graph\">{\"@context\":\"https:\\\/\\\/schema.org\",\"@graph\":[{\"@type\":\"Article\",\"@id\":\"https:\\\/\\\/www.yucatanencorto.com\\\/noticias\\\/reconocen-a-los-empleados-municipales\\\/#article\",\"isPartOf\":{\"@id\":\"https:\\\/\\\/www.yucatanencorto.com\\\/noticias\\\/reconocen-a-los-empleados-municipales\\\/\"},\"author\":{\"name\":\"Redes\",\"@id\":\"https:\\\/\\\/www.yucatanencorto.com\\\/noticias\\\/#\\\/schema\\\/person\\\/e2fbdfaf30a07014a43940ce989f3119\"},\"headline\":\"Reconocen a los empleados municipales\",\"datePublished\":\"2023-04-21T23:03:23+00:00\",\"mainEntityOfPage\":{\"@id\":\"https:\\\/\\\/www.yucatanencorto.com\\\/noticias\\\/reconocen-a-los-empleados-municipales\\\/\"},\"wordCount\":871,\"image\":{\"@id\":\"https:\\\/\\\/www.yucatanencorto.com\\\/noticias\\\/reconocen-a-los-empleados-municipales\\\/#primaryimage\"},\"thumbnailUrl\":\"https:\\\/\\\/www.yucatanencorto.com\\\/noticias\\\/wp-content\\\/uploads\\\/2023\\\/04\\\/WhatsApp-Image-2023-04-21-at-15.47.11-scaled.jpeg\",\"articleSection\":[\"M\u00e9rida\"],\"inLanguage\":\"es\"},{\"@type\":\"WebPage\",\"@id\":\"https:\\\/\\\/www.yucatanencorto.com\\\/noticias\\\/reconocen-a-los-empleados-municipales\\\/\",\"url\":\"https:\\\/\\\/www.yucatanencorto.com\\\/noticias\\\/reconocen-a-los-empleados-municipales\\\/\",\"name\":\"Reconocen a los empleados municipales - Yucat\u00e1n en corto\",\"isPartOf\":{\"@id\":\"https:\\\/\\\/www.yucatanencorto.com\\\/noticias\\\/#website\"},\"primaryImageOfPage\":{\"@id\":\"https:\\\/\\\/www.yucatanencorto.com\\\/noticias\\\/reconocen-a-los-empleados-municipales\\\/#primaryimage\"},\"image\":{\"@id\":\"https:\\\/\\\/www.yucatanencorto.com\\\/noticias\\\/reconocen-a-los-empleados-municipales\\\/#primaryimage\"},\"thumbnailUrl\":\"https:\\\/\\\/www.yucatanencorto.com\\\/noticias\\\/wp-content\\\/uploads\\\/2023\\\/04\\\/WhatsApp-Image-2023-04-21-at-15.47.11-scaled.jpeg\",\"datePublished\":\"2023-04-21T23:03:23+00:00\",\"author\":{\"@id\":\"https:\\\/\\\/www.yucatanencorto.com\\\/noticias\\\/#\\\/schema\\\/person\\\/e2fbdfaf30a07014a43940ce989f3119\"},\"breadcrumb\":{\"@id\":\"https:\\\/\\\/www.yucatanencorto.com\\\/noticias\\\/reconocen-a-los-empleados-municipales\\\/#breadcrumb\"},\"inLanguage\":\"es\",\"potentialAction\":[{\"@type\":\"ReadAction\",\"target\":[\"https:\\\/\\\/www.yucatanencorto.com\\\/noticias\\\/reconocen-a-los-empleados-municipales\\\/\"]}]},{\"@type\":\"ImageObject\",\"inLanguage\":\"es\",\"@id\":\"https:\\\/\\\/www.yucatanencorto.com\\\/noticias\\\/reconocen-a-los-empleados-municipales\\\/#primaryimage\",\"url\":\"https:\\\/\\\/www.yucatanencorto.com\\\/noticias\\\/wp-content\\\/uploads\\\/2023\\\/04\\\/WhatsApp-Image-2023-04-21-at-15.47.11-scaled.jpeg\",\"contentUrl\":\"https:\\\/\\\/www.yucatanencorto.com\\\/noticias\\\/wp-content\\\/uploads\\\/2023\\\/04\\\/WhatsApp-Image-2023-04-21-at-15.47.11-scaled.jpeg\",\"width\":768,\"height\":567},{\"@type\":\"BreadcrumbList\",\"@id\":\"https:\\\/\\\/www.yucatanencorto.com\\\/noticias\\\/reconocen-a-los-empleados-municipales\\\/#breadcrumb\",\"itemListElement\":[{\"@type\":\"ListItem\",\"position\":1,\"name\":\"Portada\",\"item\":\"https:\\\/\\\/www.yucatanencorto.com\\\/noticias\\\/\"},{\"@type\":\"ListItem\",\"position\":2,\"name\":\"Reconocen a los empleados municipales\"}]},{\"@type\":\"WebSite\",\"@id\":\"https:\\\/\\\/www.yucatanencorto.com\\\/noticias\\\/#website\",\"url\":\"https:\\\/\\\/www.yucatanencorto.com\\\/noticias\\\/\",\"name\":\"Yucat\u00e1n en corto\",\"description\":\"Noticias\",\"potentialAction\":[{\"@type\":\"SearchAction\",\"target\":{\"@type\":\"EntryPoint\",\"urlTemplate\":\"https:\\\/\\\/www.yucatanencorto.com\\\/noticias\\\/?s={search_term_string}\"},\"query-input\":{\"@type\":\"PropertyValueSpecification\",\"valueRequired\":true,\"valueName\":\"search_term_string\"}}],\"inLanguage\":\"es\"},{\"@type\":\"Person\",\"@id\":\"https:\\\/\\\/www.yucatanencorto.com\\\/noticias\\\/#\\\/schema\\\/person\\\/e2fbdfaf30a07014a43940ce989f3119\",\"name\":\"Redes\",\"image\":{\"@type\":\"ImageObject\",\"inLanguage\":\"es\",\"@id\":\"https:\\\/\\\/secure.gravatar.com\\\/avatar\\\/5931a2d21dd7cc834f44c8c34fe56d90ed6d536ef452cbf870c7485b524dddd7?s=96&d=mm&r=g\",\"url\":\"https:\\\/\\\/secure.gravatar.com\\\/avatar\\\/5931a2d21dd7cc834f44c8c34fe56d90ed6d536ef452cbf870c7485b524dddd7?s=96&d=mm&r=g\",\"contentUrl\":\"https:\\\/\\\/secure.gravatar.com\\\/avatar\\\/5931a2d21dd7cc834f44c8c34fe56d90ed6d536ef452cbf870c7485b524dddd7?s=96&d=mm&r=g\",\"caption\":\"Redes\"},\"url\":\"https:\\\/\\\/www.yucatanencorto.com\\\/noticias\\\/author\\\/redes\\\/\"}]}<\/script>\n<!-- \/ Yoast SEO plugin. -->","yoast_head_json":{"title":"Reconocen a los empleados municipales - Yucat\u00e1n en corto","robots":{"index":"index","follow":"follow","max-snippet":"max-snippet:-1","max-image-preview":"max-image-preview:large","max-video-preview":"max-video-preview:-1"},"canonical":"https:\/\/www.yucatanencorto.com\/noticias\/reconocen-a-los-empleados-municipales\/","og_locale":"es_ES","og_type":"article","og_title":"Reconocen a los empleados municipales - Yucat\u00e1n en corto","og_description":"M\u00e9rida, Yucat\u00e1n a 21 de abril de 2023.- En la v\u00edspera de la conmemoraci\u00f3n de la empleada y el empleado municipal que se celebra cada 24 de abril, el Alcalde Ren\u00e1n Barrera Concha reconoci\u00f3 el esfuerzo, el compromiso y la trayectoria de quienes con dedicaci\u00f3n y amor mantienen a M\u00e9rida como una de las mejores [&hellip;]","og_url":"https:\/\/www.yucatanencorto.com\/noticias\/reconocen-a-los-empleados-municipales\/","og_site_name":"Yucat\u00e1n en corto","article_publisher":"http:\/\/www.facebook.com\/yucatanencorto","article_published_time":"2023-04-21T23:03:23+00:00","og_image":[{"width":768,"height":567,"url":"https:\/\/www.yucatanencorto.com\/noticias\/wp-content\/uploads\/2023\/04\/WhatsApp-Image-2023-04-21-at-15.47.11-scaled.jpeg","type":"image\/jpeg"}],"author":"Redes","twitter_card":"summary_large_image","twitter_creator":"@yucatanencorto","twitter_site":"@yucatanencorto","twitter_misc":{"Escrito por":"Redes","Tiempo de lectura":"4 minutos"},"schema":{"@context":"https:\/\/schema.org","@graph":[{"@type":"Article","@id":"https:\/\/www.yucatanencorto.com\/noticias\/reconocen-a-los-empleados-municipales\/#article","isPartOf":{"@id":"https:\/\/www.yucatanencorto.com\/noticias\/reconocen-a-los-empleados-municipales\/"},"author":{"name":"Redes","@id":"https:\/\/www.yucatanencorto.com\/noticias\/#\/schema\/person\/e2fbdfaf30a07014a43940ce989f3119"},"headline":"Reconocen a los empleados municipales","datePublished":"2023-04-21T23:03:23+00:00","mainEntityOfPage":{"@id":"https:\/\/www.yucatanencorto.com\/noticias\/reconocen-a-los-empleados-municipales\/"},"wordCount":871,"image":{"@id":"https:\/\/www.yucatanencorto.com\/noticias\/reconocen-a-los-empleados-municipales\/#primaryimage"},"thumbnailUrl":"https:\/\/www.yucatanencorto.com\/noticias\/wp-content\/uploads\/2023\/04\/WhatsApp-Image-2023-04-21-at-15.47.11-scaled.jpeg","articleSection":["M\u00e9rida"],"inLanguage":"es"},{"@type":"WebPage","@id":"https:\/\/www.yucatanencorto.com\/noticias\/reconocen-a-los-empleados-municipales\/","url":"https:\/\/www.yucatanencorto.com\/noticias\/reconocen-a-los-empleados-municipales\/","name":"Reconocen a los empleados municipales - Yucat\u00e1n en corto","isPartOf":{"@id":"https:\/\/www.yucatanencorto.com\/noticias\/#website"},"primaryImageOfPage":{"@id":"https:\/\/www.yucatanencorto.com\/noticias\/reconocen-a-los-empleados-municipales\/#primaryimage"},"image":{"@id":"https:\/\/www.yucatanencorto.com\/noticias\/reconocen-a-los-empleados-municipales\/#primaryimage"},"thumbnailUrl":"https:\/\/www.yucatanencorto.com\/noticias\/wp-content\/uploads\/2023\/04\/WhatsApp-Image-2023-04-21-at-15.47.11-scaled.jpeg","datePublished":"2023-04-21T23:03:23+00:00","author":{"@id":"https:\/\/www.yucatanencorto.com\/noticias\/#\/schema\/person\/e2fbdfaf30a07014a43940ce989f3119"},"breadcrumb":{"@id":"https:\/\/www.yucatanencorto.com\/noticias\/reconocen-a-los-empleados-municipales\/#breadcrumb"},"inLanguage":"es","potentialAction":[{"@type":"ReadAction","target":["https:\/\/www.yucatanencorto.com\/noticias\/reconocen-a-los-empleados-municipales\/"]}]},{"@type":"ImageObject","inLanguage":"es","@id":"https:\/\/www.yucatanencorto.com\/noticias\/reconocen-a-los-empleados-municipales\/#primaryimage","url":"https:\/\/www.yucatanencorto.com\/noticias\/wp-content\/uploads\/2023\/04\/WhatsApp-Image-2023-04-21-at-15.47.11-scaled.jpeg","contentUrl":"https:\/\/www.yucatanencorto.com\/noticias\/wp-content\/uploads\/2023\/04\/WhatsApp-Image-2023-04-21-at-15.47.11-scaled.jpeg","width":768,"height":567},{"@type":"BreadcrumbList","@id":"https:\/\/www.yucatanencorto.com\/noticias\/reconocen-a-los-empleados-municipales\/#breadcrumb","itemListElement":[{"@type":"ListItem","position":1,"name":"Portada","item":"https:\/\/www.yucatanencorto.com\/noticias\/"},{"@type":"ListItem","position":2,"name":"Reconocen a los empleados municipales"}]},{"@type":"WebSite","@id":"https:\/\/www.yucatanencorto.com\/noticias\/#website","url":"https:\/\/www.yucatanencorto.com\/noticias\/","name":"Yucat\u00e1n en corto","description":"Noticias","potentialAction":[{"@type":"SearchAction","target":{"@type":"EntryPoint","urlTemplate":"https:\/\/www.yucatanencorto.com\/noticias\/?s={search_term_string}"},"query-input":{"@type":"PropertyValueSpecification","valueRequired":true,"valueName":"search_term_string"}}],"inLanguage":"es"},{"@type":"Person","@id":"https:\/\/www.yucatanencorto.com\/noticias\/#\/schema\/person\/e2fbdfaf30a07014a43940ce989f3119","name":"Redes","image":{"@type":"ImageObject","inLanguage":"es","@id":"https:\/\/secure.gravatar.com\/avatar\/5931a2d21dd7cc834f44c8c34fe56d90ed6d536ef452cbf870c7485b524dddd7?s=96&d=mm&r=g","url":"https:\/\/secure.gravatar.com\/avatar\/5931a2d21dd7cc834f44c8c34fe56d90ed6d536ef452cbf870c7485b524dddd7?s=96&d=mm&r=g","contentUrl":"https:\/\/secure.gravatar.com\/avatar\/5931a2d21dd7cc834f44c8c34fe56d90ed6d536ef452cbf870c7485b524dddd7?s=96&d=mm&r=g","caption":"Redes"},"url":"https:\/\/www.yucatanencorto.com\/noticias\/author\/redes\/"}]}},"_links":{"self":[{"href":"https:\/\/www.yucatanencorto.com\/noticias\/wp-json\/wp\/v2\/posts\/97754","targetHints":{"allow":["GET"]}}],"collection":[{"href":"https:\/\/www.yucatanencorto.com\/noticias\/wp-json\/wp\/v2\/posts"}],"about":[{"href":"https:\/\/www.yucatanencorto.com\/noticias\/wp-json\/wp\/v2\/types\/post"}],"author":[{"embeddable":true,"href":"https:\/\/www.yucatanencorto.com\/noticias\/wp-json\/wp\/v2\/users\/3"}],"replies":[{"embeddable":true,"href":"https:\/\/www.yucatanencorto.com\/noticias\/wp-json\/wp\/v2\/comments?post=97754"}],"version-history":[{"count":0,"href":"https:\/\/www.yucatanencorto.com\/noticias\/wp-json\/wp\/v2\/posts\/97754\/revisions"}],"wp:featuredmedia":[{"embeddable":true,"href":"https:\/\/www.yucatanencorto.com\/noticias\/wp-json\/wp\/v2\/media\/97755"}],"wp:attachment":[{"href":"https:\/\/www.yucatanencorto.com\/noticias\/wp-json\/wp\/v2\/media?parent=97754"}],"wp:term":[{"taxonomy":"category","embeddable":true,"href":"https:\/\/www.yucatanencorto.com\/noticias\/wp-json\/wp\/v2\/categories?post=97754"},{"taxonomy":"post_tag","embeddable":true,"href":"https:\/\/www.yucatanencorto.com\/noticias\/wp-json\/wp\/v2\/tags?post=97754"}],"curies":[{"name":"wp","href":"https:\/\/api.w.org\/{rel}","templated":true}]}}