{"id":98033,"date":"2023-05-11T11:11:55","date_gmt":"2023-05-11T17:11:55","guid":{"rendered":"https:\/\/www.yucatanencorto.com\/noticias\/?p=98033"},"modified":"2023-05-11T11:11:55","modified_gmt":"2023-05-11T17:11:55","slug":"este-12-de-mayo-arranca-la-tradicional-fiesta-en-honor-a-san-isidro-labrador-en-kanasin","status":"publish","type":"post","link":"https:\/\/www.yucatanencorto.com\/noticias\/este-12-de-mayo-arranca-la-tradicional-fiesta-en-honor-a-san-isidro-labrador-en-kanasin\/","title":{"rendered":"Este 12 de mayo arranca la tradicional fiesta en honor a San Isidro Labrador en Kanas\u00edn"},"content":{"rendered":"<p><img loading=\"lazy\" decoding=\"async\" class=\"alignnone size-full wp-image-98034\" src=\"https:\/\/www.yucatanencorto.com\/noticias\/wp-content\/uploads\/2023\/05\/8e585e59-25c4-45fa-87a3-8076ca1451c8-scaled.jpeg\" alt=\"\" width=\"497\" height=\"768\" srcset=\"https:\/\/www.yucatanencorto.com\/noticias\/wp-content\/uploads\/2023\/05\/8e585e59-25c4-45fa-87a3-8076ca1451c8-scaled.jpeg 497w, https:\/\/www.yucatanencorto.com\/noticias\/wp-content\/uploads\/2023\/05\/8e585e59-25c4-45fa-87a3-8076ca1451c8-768x1187.jpeg 768w, https:\/\/www.yucatanencorto.com\/noticias\/wp-content\/uploads\/2023\/05\/8e585e59-25c4-45fa-87a3-8076ca1451c8-994x1536.jpeg 994w, https:\/\/www.yucatanencorto.com\/noticias\/wp-content\/uploads\/2023\/05\/8e585e59-25c4-45fa-87a3-8076ca1451c8-696x1076.jpeg 696w, https:\/\/www.yucatanencorto.com\/noticias\/wp-content\/uploads\/2023\/05\/8e585e59-25c4-45fa-87a3-8076ca1451c8-272x420.jpeg 272w\" sizes=\"auto, (max-width: 497px) 100vw, 497px\" \/><\/p>\n<p>Kanas\u00edn, Yucat\u00e1n a 11 de mayo de 2023.- Con una magna vaquer\u00eda, este viernes 12 de mayo en punto de las 11 de la noche, dar\u00e1n inicio las actividades en honor a San Isidro Labrador en Kanas\u00edn. Esta tradicional fiesta ofrece una amplia y gran cartelera para las familias del municipio.<\/p>\n<p>El alcalde Edwin Boj\u00f3rquez Ram\u00edrez extendi\u00f3 una cordial invitaci\u00f3n a las familias del municipio y de comunidades aleda\u00f1as para que asistan a los eventos que se han preparado, adem\u00e1s de que reiter\u00f3 que se ha preparado un operativo de seguridad para salvaguardar la integridad de los asistentes.<\/p>\n<p>Las actividades en honor a San Isidro Labrador iniciar\u00e1n este viernes 12 de mayo a las 11 de la noche con la realizaci\u00f3n de la tradicional vaquer\u00eda. Se espera que cientos de kanasinenses porten de manera orgullosa sus vestimentas tradicionales como ternos, guayaberas, etc.<\/p>\n<p>En la vaquer\u00eda de este viernes, que se llevar\u00e1 al cabo en los bajos del Palacio Municipal, se contar\u00e1 con la participaci\u00f3n de las Orquesta de Arturo Gonz\u00e1lez el Rey de las vaquer\u00edas, la orquesta Venus y desde la Villa de Tecoh la Orquesta Jaranera de de Oscar Poot.<\/p>\n<p>\u201cQueremos que cada vez sean m\u00e1s las y los kanasinenses que disfruten de las actividades que se llevan al cabo en el municipio. Esta fiesta tendr\u00e1 vaquer\u00eda, corridas, m\u00fasica y mucho m\u00e1s, todo para que las familias kanasinenses disfruten dentro de un ambiente seguro y sano. Esta es una de las fiestas m\u00e1s esperadas por todo el municipio y estamos listos para recibir un gran n\u00famero de visitantes\u201d, recalc\u00f3 el primer edil.<\/p>\n<p>Cabe resaltar que esta gran fiesta tradicional, que se llevar\u00e1 al cabo de 12 al 21 de mayo, tambi\u00e9n generar\u00e1 una importante derrama econ\u00f3mica para negocios y comercios, esto derivado de la importante asistencia que se espera.<\/p>\n<p>El s\u00e1bado 13 se realizar\u00e1 el gran baile en los bajos del Palacio Municipal, esto despu\u00e9s de la primera corrida. El espect\u00e1culo principal de la noche dar\u00e1 inicio a las 10 de la noche con la participaci\u00f3n de la Banda Sinaloense \u201cEstampida Musical\u201d, mientras que para el s\u00e1bado 20 de mayo el gran baile estar\u00e1 a cargo de Furia Latina.<\/p>\n<p>En todos los eventos se tendr\u00e1 la presencia de la embajadora Yadira Maricruz Baas Maas y por la parte infantil ser\u00e1 Alhel\u00ed Guadalupe Kant\u00fan Baas. La cartelera completa de los eventos puede consultarla a trav\u00e9s de la cuenta oficial de Facebook del Ayuntamiento de Kanas\u00edn.<\/p>\n","protected":false},"excerpt":{"rendered":"<p>Kanas\u00edn, Yucat\u00e1n a 11 de mayo de 2023.- Con una magna vaquer\u00eda, este viernes 12 de mayo en punto de las 11 de la noche, dar\u00e1n inicio las actividades en honor a San Isidro Labrador en Kanas\u00edn. Esta tradicional fiesta ofrece una amplia y gran cartelera para las familias del municipio. El alcalde Edwin Boj\u00f3rquez [&hellip;]<\/p>\n","protected":false},"author":3,"featured_media":98034,"comment_status":"closed","ping_status":"closed","sticky":false,"template":"","format":"standard","meta":{"footnotes":""},"categories":[3],"tags":[],"class_list":{"0":"post-98033","1":"post","2":"type-post","3":"status-publish","4":"format-standard","5":"has-post-thumbnail","7":"category-yucatan"},"yoast_head":"<!-- This site is optimized with the Yoast SEO plugin v27.5 - https:\/\/yoast.com\/product\/yoast-seo-wordpress\/ -->\n<title>Este 12 de mayo arranca la tradicional fiesta en honor a San Isidro Labrador en Kanas\u00edn - Yucat\u00e1n en corto<\/title>\n<meta name=\"robots\" content=\"index, follow, max-snippet:-1, max-image-preview:large, max-video-preview:-1\" \/>\n<link rel=\"canonical\" href=\"https:\/\/www.yucatanencorto.com\/noticias\/este-12-de-mayo-arranca-la-tradicional-fiesta-en-honor-a-san-isidro-labrador-en-kanasin\/\" \/>\n<meta property=\"og:locale\" content=\"es_ES\" \/>\n<meta property=\"og:type\" content=\"article\" \/>\n<meta property=\"og:title\" content=\"Este 12 de mayo arranca la tradicional fiesta en honor a San Isidro Labrador en Kanas\u00edn - Yucat\u00e1n en corto\" \/>\n<meta property=\"og:description\" content=\"Kanas\u00edn, Yucat\u00e1n a 11 de mayo de 2023.- Con una magna vaquer\u00eda, este viernes 12 de mayo en punto de las 11 de la noche, dar\u00e1n inicio las actividades en honor a San Isidro Labrador en Kanas\u00edn. Esta tradicional fiesta ofrece una amplia y gran cartelera para las familias del municipio. El alcalde Edwin Boj\u00f3rquez [&hellip;]\" \/>\n<meta property=\"og:url\" content=\"https:\/\/www.yucatanencorto.com\/noticias\/este-12-de-mayo-arranca-la-tradicional-fiesta-en-honor-a-san-isidro-labrador-en-kanasin\/\" \/>\n<meta property=\"og:site_name\" content=\"Yucat\u00e1n en corto\" \/>\n<meta property=\"article:publisher\" content=\"http:\/\/www.facebook.com\/yucatanencorto\" \/>\n<meta property=\"article:published_time\" content=\"2023-05-11T17:11:55+00:00\" \/>\n<meta property=\"og:image\" content=\"https:\/\/www.yucatanencorto.com\/noticias\/wp-content\/uploads\/2023\/05\/8e585e59-25c4-45fa-87a3-8076ca1451c8-scaled.jpeg\" \/>\n\t<meta property=\"og:image:width\" content=\"497\" \/>\n\t<meta property=\"og:image:height\" content=\"768\" \/>\n\t<meta property=\"og:image:type\" content=\"image\/jpeg\" \/>\n<meta name=\"author\" content=\"Redes\" \/>\n<meta name=\"twitter:card\" content=\"summary_large_image\" \/>\n<meta name=\"twitter:creator\" content=\"@yucatanencorto\" \/>\n<meta name=\"twitter:site\" content=\"@yucatanencorto\" \/>\n<meta name=\"twitter:label1\" content=\"Escrito por\" \/>\n\t<meta name=\"twitter:data1\" content=\"Redes\" \/>\n\t<meta name=\"twitter:label2\" content=\"Tiempo de lectura\" \/>\n\t<meta name=\"twitter:data2\" content=\"3 minutos\" \/>\n<script type=\"application\/ld+json\" class=\"yoast-schema-graph\">{\"@context\":\"https:\\\/\\\/schema.org\",\"@graph\":[{\"@type\":\"Article\",\"@id\":\"https:\\\/\\\/www.yucatanencorto.com\\\/noticias\\\/este-12-de-mayo-arranca-la-tradicional-fiesta-en-honor-a-san-isidro-labrador-en-kanasin\\\/#article\",\"isPartOf\":{\"@id\":\"https:\\\/\\\/www.yucatanencorto.com\\\/noticias\\\/este-12-de-mayo-arranca-la-tradicional-fiesta-en-honor-a-san-isidro-labrador-en-kanasin\\\/\"},\"author\":{\"name\":\"Redes\",\"@id\":\"https:\\\/\\\/www.yucatanencorto.com\\\/noticias\\\/#\\\/schema\\\/person\\\/e2fbdfaf30a07014a43940ce989f3119\"},\"headline\":\"Este 12 de mayo arranca la tradicional fiesta en honor a San Isidro Labrador en Kanas\u00edn\",\"datePublished\":\"2023-05-11T17:11:55+00:00\",\"mainEntityOfPage\":{\"@id\":\"https:\\\/\\\/www.yucatanencorto.com\\\/noticias\\\/este-12-de-mayo-arranca-la-tradicional-fiesta-en-honor-a-san-isidro-labrador-en-kanasin\\\/\"},\"wordCount\":444,\"image\":{\"@id\":\"https:\\\/\\\/www.yucatanencorto.com\\\/noticias\\\/este-12-de-mayo-arranca-la-tradicional-fiesta-en-honor-a-san-isidro-labrador-en-kanasin\\\/#primaryimage\"},\"thumbnailUrl\":\"https:\\\/\\\/www.yucatanencorto.com\\\/noticias\\\/wp-content\\\/uploads\\\/2023\\\/05\\\/8e585e59-25c4-45fa-87a3-8076ca1451c8-scaled.jpeg\",\"articleSection\":[\"Yucat\u00e1n\"],\"inLanguage\":\"es\"},{\"@type\":\"WebPage\",\"@id\":\"https:\\\/\\\/www.yucatanencorto.com\\\/noticias\\\/este-12-de-mayo-arranca-la-tradicional-fiesta-en-honor-a-san-isidro-labrador-en-kanasin\\\/\",\"url\":\"https:\\\/\\\/www.yucatanencorto.com\\\/noticias\\\/este-12-de-mayo-arranca-la-tradicional-fiesta-en-honor-a-san-isidro-labrador-en-kanasin\\\/\",\"name\":\"Este 12 de mayo arranca la tradicional fiesta en honor a San Isidro Labrador en Kanas\u00edn - Yucat\u00e1n en corto\",\"isPartOf\":{\"@id\":\"https:\\\/\\\/www.yucatanencorto.com\\\/noticias\\\/#website\"},\"primaryImageOfPage\":{\"@id\":\"https:\\\/\\\/www.yucatanencorto.com\\\/noticias\\\/este-12-de-mayo-arranca-la-tradicional-fiesta-en-honor-a-san-isidro-labrador-en-kanasin\\\/#primaryimage\"},\"image\":{\"@id\":\"https:\\\/\\\/www.yucatanencorto.com\\\/noticias\\\/este-12-de-mayo-arranca-la-tradicional-fiesta-en-honor-a-san-isidro-labrador-en-kanasin\\\/#primaryimage\"},\"thumbnailUrl\":\"https:\\\/\\\/www.yucatanencorto.com\\\/noticias\\\/wp-content\\\/uploads\\\/2023\\\/05\\\/8e585e59-25c4-45fa-87a3-8076ca1451c8-scaled.jpeg\",\"datePublished\":\"2023-05-11T17:11:55+00:00\",\"author\":{\"@id\":\"https:\\\/\\\/www.yucatanencorto.com\\\/noticias\\\/#\\\/schema\\\/person\\\/e2fbdfaf30a07014a43940ce989f3119\"},\"breadcrumb\":{\"@id\":\"https:\\\/\\\/www.yucatanencorto.com\\\/noticias\\\/este-12-de-mayo-arranca-la-tradicional-fiesta-en-honor-a-san-isidro-labrador-en-kanasin\\\/#breadcrumb\"},\"inLanguage\":\"es\",\"potentialAction\":[{\"@type\":\"ReadAction\",\"target\":[\"https:\\\/\\\/www.yucatanencorto.com\\\/noticias\\\/este-12-de-mayo-arranca-la-tradicional-fiesta-en-honor-a-san-isidro-labrador-en-kanasin\\\/\"]}]},{\"@type\":\"ImageObject\",\"inLanguage\":\"es\",\"@id\":\"https:\\\/\\\/www.yucatanencorto.com\\\/noticias\\\/este-12-de-mayo-arranca-la-tradicional-fiesta-en-honor-a-san-isidro-labrador-en-kanasin\\\/#primaryimage\",\"url\":\"https:\\\/\\\/www.yucatanencorto.com\\\/noticias\\\/wp-content\\\/uploads\\\/2023\\\/05\\\/8e585e59-25c4-45fa-87a3-8076ca1451c8-scaled.jpeg\",\"contentUrl\":\"https:\\\/\\\/www.yucatanencorto.com\\\/noticias\\\/wp-content\\\/uploads\\\/2023\\\/05\\\/8e585e59-25c4-45fa-87a3-8076ca1451c8-scaled.jpeg\",\"width\":497,\"height\":768},{\"@type\":\"BreadcrumbList\",\"@id\":\"https:\\\/\\\/www.yucatanencorto.com\\\/noticias\\\/este-12-de-mayo-arranca-la-tradicional-fiesta-en-honor-a-san-isidro-labrador-en-kanasin\\\/#breadcrumb\",\"itemListElement\":[{\"@type\":\"ListItem\",\"position\":1,\"name\":\"Portada\",\"item\":\"https:\\\/\\\/www.yucatanencorto.com\\\/noticias\\\/\"},{\"@type\":\"ListItem\",\"position\":2,\"name\":\"Este 12 de mayo arranca la tradicional fiesta en honor a San Isidro Labrador en Kanas\u00edn\"}]},{\"@type\":\"WebSite\",\"@id\":\"https:\\\/\\\/www.yucatanencorto.com\\\/noticias\\\/#website\",\"url\":\"https:\\\/\\\/www.yucatanencorto.com\\\/noticias\\\/\",\"name\":\"Yucat\u00e1n en corto\",\"description\":\"Noticias\",\"potentialAction\":[{\"@type\":\"SearchAction\",\"target\":{\"@type\":\"EntryPoint\",\"urlTemplate\":\"https:\\\/\\\/www.yucatanencorto.com\\\/noticias\\\/?s={search_term_string}\"},\"query-input\":{\"@type\":\"PropertyValueSpecification\",\"valueRequired\":true,\"valueName\":\"search_term_string\"}}],\"inLanguage\":\"es\"},{\"@type\":\"Person\",\"@id\":\"https:\\\/\\\/www.yucatanencorto.com\\\/noticias\\\/#\\\/schema\\\/person\\\/e2fbdfaf30a07014a43940ce989f3119\",\"name\":\"Redes\",\"image\":{\"@type\":\"ImageObject\",\"inLanguage\":\"es\",\"@id\":\"https:\\\/\\\/secure.gravatar.com\\\/avatar\\\/5931a2d21dd7cc834f44c8c34fe56d90ed6d536ef452cbf870c7485b524dddd7?s=96&d=mm&r=g\",\"url\":\"https:\\\/\\\/secure.gravatar.com\\\/avatar\\\/5931a2d21dd7cc834f44c8c34fe56d90ed6d536ef452cbf870c7485b524dddd7?s=96&d=mm&r=g\",\"contentUrl\":\"https:\\\/\\\/secure.gravatar.com\\\/avatar\\\/5931a2d21dd7cc834f44c8c34fe56d90ed6d536ef452cbf870c7485b524dddd7?s=96&d=mm&r=g\",\"caption\":\"Redes\"},\"url\":\"https:\\\/\\\/www.yucatanencorto.com\\\/noticias\\\/author\\\/redes\\\/\"}]}<\/script>\n<!-- \/ Yoast SEO plugin. -->","yoast_head_json":{"title":"Este 12 de mayo arranca la tradicional fiesta en honor a San Isidro Labrador en Kanas\u00edn - Yucat\u00e1n en corto","robots":{"index":"index","follow":"follow","max-snippet":"max-snippet:-1","max-image-preview":"max-image-preview:large","max-video-preview":"max-video-preview:-1"},"canonical":"https:\/\/www.yucatanencorto.com\/noticias\/este-12-de-mayo-arranca-la-tradicional-fiesta-en-honor-a-san-isidro-labrador-en-kanasin\/","og_locale":"es_ES","og_type":"article","og_title":"Este 12 de mayo arranca la tradicional fiesta en honor a San Isidro Labrador en Kanas\u00edn - Yucat\u00e1n en corto","og_description":"Kanas\u00edn, Yucat\u00e1n a 11 de mayo de 2023.- Con una magna vaquer\u00eda, este viernes 12 de mayo en punto de las 11 de la noche, dar\u00e1n inicio las actividades en honor a San Isidro Labrador en Kanas\u00edn. Esta tradicional fiesta ofrece una amplia y gran cartelera para las familias del municipio. El alcalde Edwin Boj\u00f3rquez [&hellip;]","og_url":"https:\/\/www.yucatanencorto.com\/noticias\/este-12-de-mayo-arranca-la-tradicional-fiesta-en-honor-a-san-isidro-labrador-en-kanasin\/","og_site_name":"Yucat\u00e1n en corto","article_publisher":"http:\/\/www.facebook.com\/yucatanencorto","article_published_time":"2023-05-11T17:11:55+00:00","og_image":[{"width":497,"height":768,"url":"https:\/\/www.yucatanencorto.com\/noticias\/wp-content\/uploads\/2023\/05\/8e585e59-25c4-45fa-87a3-8076ca1451c8-scaled.jpeg","type":"image\/jpeg"}],"author":"Redes","twitter_card":"summary_large_image","twitter_creator":"@yucatanencorto","twitter_site":"@yucatanencorto","twitter_misc":{"Escrito por":"Redes","Tiempo de lectura":"3 minutos"},"schema":{"@context":"https:\/\/schema.org","@graph":[{"@type":"Article","@id":"https:\/\/www.yucatanencorto.com\/noticias\/este-12-de-mayo-arranca-la-tradicional-fiesta-en-honor-a-san-isidro-labrador-en-kanasin\/#article","isPartOf":{"@id":"https:\/\/www.yucatanencorto.com\/noticias\/este-12-de-mayo-arranca-la-tradicional-fiesta-en-honor-a-san-isidro-labrador-en-kanasin\/"},"author":{"name":"Redes","@id":"https:\/\/www.yucatanencorto.com\/noticias\/#\/schema\/person\/e2fbdfaf30a07014a43940ce989f3119"},"headline":"Este 12 de mayo arranca la tradicional fiesta en honor a San Isidro Labrador en Kanas\u00edn","datePublished":"2023-05-11T17:11:55+00:00","mainEntityOfPage":{"@id":"https:\/\/www.yucatanencorto.com\/noticias\/este-12-de-mayo-arranca-la-tradicional-fiesta-en-honor-a-san-isidro-labrador-en-kanasin\/"},"wordCount":444,"image":{"@id":"https:\/\/www.yucatanencorto.com\/noticias\/este-12-de-mayo-arranca-la-tradicional-fiesta-en-honor-a-san-isidro-labrador-en-kanasin\/#primaryimage"},"thumbnailUrl":"https:\/\/www.yucatanencorto.com\/noticias\/wp-content\/uploads\/2023\/05\/8e585e59-25c4-45fa-87a3-8076ca1451c8-scaled.jpeg","articleSection":["Yucat\u00e1n"],"inLanguage":"es"},{"@type":"WebPage","@id":"https:\/\/www.yucatanencorto.com\/noticias\/este-12-de-mayo-arranca-la-tradicional-fiesta-en-honor-a-san-isidro-labrador-en-kanasin\/","url":"https:\/\/www.yucatanencorto.com\/noticias\/este-12-de-mayo-arranca-la-tradicional-fiesta-en-honor-a-san-isidro-labrador-en-kanasin\/","name":"Este 12 de mayo arranca la tradicional fiesta en honor a San Isidro Labrador en Kanas\u00edn - Yucat\u00e1n en corto","isPartOf":{"@id":"https:\/\/www.yucatanencorto.com\/noticias\/#website"},"primaryImageOfPage":{"@id":"https:\/\/www.yucatanencorto.com\/noticias\/este-12-de-mayo-arranca-la-tradicional-fiesta-en-honor-a-san-isidro-labrador-en-kanasin\/#primaryimage"},"image":{"@id":"https:\/\/www.yucatanencorto.com\/noticias\/este-12-de-mayo-arranca-la-tradicional-fiesta-en-honor-a-san-isidro-labrador-en-kanasin\/#primaryimage"},"thumbnailUrl":"https:\/\/www.yucatanencorto.com\/noticias\/wp-content\/uploads\/2023\/05\/8e585e59-25c4-45fa-87a3-8076ca1451c8-scaled.jpeg","datePublished":"2023-05-11T17:11:55+00:00","author":{"@id":"https:\/\/www.yucatanencorto.com\/noticias\/#\/schema\/person\/e2fbdfaf30a07014a43940ce989f3119"},"breadcrumb":{"@id":"https:\/\/www.yucatanencorto.com\/noticias\/este-12-de-mayo-arranca-la-tradicional-fiesta-en-honor-a-san-isidro-labrador-en-kanasin\/#breadcrumb"},"inLanguage":"es","potentialAction":[{"@type":"ReadAction","target":["https:\/\/www.yucatanencorto.com\/noticias\/este-12-de-mayo-arranca-la-tradicional-fiesta-en-honor-a-san-isidro-labrador-en-kanasin\/"]}]},{"@type":"ImageObject","inLanguage":"es","@id":"https:\/\/www.yucatanencorto.com\/noticias\/este-12-de-mayo-arranca-la-tradicional-fiesta-en-honor-a-san-isidro-labrador-en-kanasin\/#primaryimage","url":"https:\/\/www.yucatanencorto.com\/noticias\/wp-content\/uploads\/2023\/05\/8e585e59-25c4-45fa-87a3-8076ca1451c8-scaled.jpeg","contentUrl":"https:\/\/www.yucatanencorto.com\/noticias\/wp-content\/uploads\/2023\/05\/8e585e59-25c4-45fa-87a3-8076ca1451c8-scaled.jpeg","width":497,"height":768},{"@type":"BreadcrumbList","@id":"https:\/\/www.yucatanencorto.com\/noticias\/este-12-de-mayo-arranca-la-tradicional-fiesta-en-honor-a-san-isidro-labrador-en-kanasin\/#breadcrumb","itemListElement":[{"@type":"ListItem","position":1,"name":"Portada","item":"https:\/\/www.yucatanencorto.com\/noticias\/"},{"@type":"ListItem","position":2,"name":"Este 12 de mayo arranca la tradicional fiesta en honor a San Isidro Labrador en Kanas\u00edn"}]},{"@type":"WebSite","@id":"https:\/\/www.yucatanencorto.com\/noticias\/#website","url":"https:\/\/www.yucatanencorto.com\/noticias\/","name":"Yucat\u00e1n en corto","description":"Noticias","potentialAction":[{"@type":"SearchAction","target":{"@type":"EntryPoint","urlTemplate":"https:\/\/www.yucatanencorto.com\/noticias\/?s={search_term_string}"},"query-input":{"@type":"PropertyValueSpecification","valueRequired":true,"valueName":"search_term_string"}}],"inLanguage":"es"},{"@type":"Person","@id":"https:\/\/www.yucatanencorto.com\/noticias\/#\/schema\/person\/e2fbdfaf30a07014a43940ce989f3119","name":"Redes","image":{"@type":"ImageObject","inLanguage":"es","@id":"https:\/\/secure.gravatar.com\/avatar\/5931a2d21dd7cc834f44c8c34fe56d90ed6d536ef452cbf870c7485b524dddd7?s=96&d=mm&r=g","url":"https:\/\/secure.gravatar.com\/avatar\/5931a2d21dd7cc834f44c8c34fe56d90ed6d536ef452cbf870c7485b524dddd7?s=96&d=mm&r=g","contentUrl":"https:\/\/secure.gravatar.com\/avatar\/5931a2d21dd7cc834f44c8c34fe56d90ed6d536ef452cbf870c7485b524dddd7?s=96&d=mm&r=g","caption":"Redes"},"url":"https:\/\/www.yucatanencorto.com\/noticias\/author\/redes\/"}]}},"_links":{"self":[{"href":"https:\/\/www.yucatanencorto.com\/noticias\/wp-json\/wp\/v2\/posts\/98033","targetHints":{"allow":["GET"]}}],"collection":[{"href":"https:\/\/www.yucatanencorto.com\/noticias\/wp-json\/wp\/v2\/posts"}],"about":[{"href":"https:\/\/www.yucatanencorto.com\/noticias\/wp-json\/wp\/v2\/types\/post"}],"author":[{"embeddable":true,"href":"https:\/\/www.yucatanencorto.com\/noticias\/wp-json\/wp\/v2\/users\/3"}],"replies":[{"embeddable":true,"href":"https:\/\/www.yucatanencorto.com\/noticias\/wp-json\/wp\/v2\/comments?post=98033"}],"version-history":[{"count":0,"href":"https:\/\/www.yucatanencorto.com\/noticias\/wp-json\/wp\/v2\/posts\/98033\/revisions"}],"wp:featuredmedia":[{"embeddable":true,"href":"https:\/\/www.yucatanencorto.com\/noticias\/wp-json\/wp\/v2\/media\/98034"}],"wp:attachment":[{"href":"https:\/\/www.yucatanencorto.com\/noticias\/wp-json\/wp\/v2\/media?parent=98033"}],"wp:term":[{"taxonomy":"category","embeddable":true,"href":"https:\/\/www.yucatanencorto.com\/noticias\/wp-json\/wp\/v2\/categories?post=98033"},{"taxonomy":"post_tag","embeddable":true,"href":"https:\/\/www.yucatanencorto.com\/noticias\/wp-json\/wp\/v2\/tags?post=98033"}],"curies":[{"name":"wp","href":"https:\/\/api.w.org\/{rel}","templated":true}]}}