{"id":98036,"date":"2023-05-11T17:51:10","date_gmt":"2023-05-11T23:51:10","guid":{"rendered":"https:\/\/www.yucatanencorto.com\/noticias\/?p=98036"},"modified":"2023-05-11T17:51:10","modified_gmt":"2023-05-11T23:51:10","slug":"impulsan-la-preservacion-del-medio-ambiente","status":"publish","type":"post","link":"https:\/\/www.yucatanencorto.com\/noticias\/impulsan-la-preservacion-del-medio-ambiente\/","title":{"rendered":"Impulsan la preservaci\u00f3n del medio ambiente"},"content":{"rendered":"<p data-removefontsize=\"true\" data-originalcomputedfontsize=\"13.333333\">\n<p data-removefontsize=\"true\" data-originalcomputedfontsize=\"13.333333\"><img loading=\"lazy\" decoding=\"async\" class=\"alignnone size-full wp-image-98037\" src=\"https:\/\/www.yucatanencorto.com\/noticias\/wp-content\/uploads\/2023\/05\/IMG_9390-scaled.jpeg\" alt=\"\" width=\"768\" height=\"512\" srcset=\"https:\/\/www.yucatanencorto.com\/noticias\/wp-content\/uploads\/2023\/05\/IMG_9390-scaled.jpeg 768w, https:\/\/www.yucatanencorto.com\/noticias\/wp-content\/uploads\/2023\/05\/IMG_9390-696x464.jpeg 696w, https:\/\/www.yucatanencorto.com\/noticias\/wp-content\/uploads\/2023\/05\/IMG_9390-1068x712.jpeg 1068w, https:\/\/www.yucatanencorto.com\/noticias\/wp-content\/uploads\/2023\/05\/IMG_9390-630x420.jpeg 630w\" sizes=\"auto, (max-width: 768px) 100vw, 768px\" \/><br \/>\nM\u00e9rida, Yucat\u00e1n a 11 de mayo de 2023.- El Ayuntamiento de M\u00e9rida que encabeza Ren\u00e1n Barrera Concha celebrar\u00e1 los 30 a\u00f1os de la creaci\u00f3n de la Reserva Ecol\u00f3gica Cuxtal, con la presentaci\u00f3n de los programas y proyectos que contribuyen a cuidar este territorio dedicado a la preservaci\u00f3n del ecosistema y garantizar que las pr\u00f3ximas generaciones cuenten con recursos naturales.<\/p>\n<p data-removefontsize=\"true\" data-originalcomputedfontsize=\"13.333333\">Adem\u00e1s de su importancia como reserva ecol\u00f3gica, el Presidente Municipal manifest\u00f3 que esta zona tambi\u00e9n fomenta la cohesi\u00f3n social de las comisar\u00edas que intervienen en Cuxtal, porque se impulsan proyectos enfocados a preservar la historia, las costumbres y fortalecen el v\u00ednculo entre sociedad y naturaleza como parte de nuestra identidad.<\/p>\n<p data-removefontsize=\"true\" data-originalcomputedfontsize=\"13.333333\">\u201cLa celebraci\u00f3n del 30 aniversario ser\u00e1 el pr\u00f3ximo 17 de mayo, cuando se efectuar\u00e1 el 2\u00ba Foro de acciones y proyectos por la Reserva ecol\u00f3gica Cuxtal, en el Centro Cultural Olimpo, adem\u00e1s este programa de actividades incluir\u00e1 la realizaci\u00f3n del Cuadrangular de Softbol Femenil, donde participar\u00e1n dos equipos de comisar\u00edas, uno de M\u00e9rida y un invitado especial, como son las Amazonas de Yaxunah, as\u00ed como las y los interesados podr\u00e1n participar en el Reto Naturista Urbano\u201d, expres\u00f3.<\/p>\n<p data-removefontsize=\"true\" data-originalcomputedfontsize=\"13.333333\">Barrera Concha record\u00f3 que la importancia de Cuxtal radica en permitir la recuperaci\u00f3n de la flora que aporta fuentes de alimentaci\u00f3n para la fauna silvestre, los mantos acu\u00edferos que dotan de agua potable a la ciudad, la preservaci\u00f3n de la historia y las costumbres y es un agente importante para combatir el cambio clim\u00e1tico.<\/p>\n<p data-removefontsize=\"true\" data-originalcomputedfontsize=\"13.333333\">\u201cAdem\u00e1s cuenta con m\u00e1s de 242 especies de plantas registradas, 53 especies de mam\u00edferos, 168 de aves, 55 de reptiles, 12 de anfibios y 410 invertebrados. Por toda su riqueza y aportaci\u00f3n ecol\u00f3gica, Cuxtal es un territorio estrat\u00e9gico para hacer frente a la crisis clim\u00e1tica\u201d, destac\u00f3.<\/p>\n<p data-removefontsize=\"true\" data-originalcomputedfontsize=\"13.333333\">Asimismo, indic\u00f3 que, para garantizar su cuidado, en 2017 se public\u00f3 en la Gaceta Municipal el acuerdo en el que el Ayuntamiento autoriza la creaci\u00f3n del Organismo P\u00fablico Municipal Descentralizado de Operaci\u00f3n y Administraci\u00f3n de la Zona Sujeta a Conservaci\u00f3n Ecol\u00f3gica Reserva Cuxtal.<\/p>\n<p data-removefontsize=\"true\" data-originalcomputedfontsize=\"13.333333\">\u201cEn agosto de 2022, se inaugur\u00f3 el Centro de Capacitaci\u00f3n y de Educaci\u00f3n Ambiental (CCEA) en Cuxtal, que ha sido sede de reuniones de trabajo, talleres y actividades educativas con el objetivo de generar aprendizajes e intercambios de saberes y experiencias orientadas al fortalecimiento de la cultura ambiental y socio-cultural tanto a nivel regional como global\u201d, resalt\u00f3.<\/p>\n<p data-removefontsize=\"true\" data-originalcomputedfontsize=\"13.333333\">Barrera Concha record\u00f3 que la Reserva Ecol\u00f3gica Cuxtal, declarada \u00e1rea natural protegida en 1993, est\u00e1 ubicada al sur de M\u00e9rida y cuenta con una superficie de m\u00e1s de 11 mil 500 hect\u00e1reas, abarcando en esa \u00e1rea a las comisar\u00edas de Dzununc\u00e1n, Molas, San Ignacio Tesip, Xmatkuil, Santa Cruz Palomeque, San Pedro Chimay, Hunxectam\u00e1n, Dzoyaxch\u00e9 y Tahdzibich\u00e9n.<\/p>\n<p data-removefontsize=\"true\" data-originalcomputedfontsize=\"13.333333\">\u201cTodas y todos debemos cuidar y apreciar los beneficios que esta reserva nos otorga, como la protecci\u00f3n de la zona de captaci\u00f3n de agua para el suministro de M\u00e9rida, la regulaci\u00f3n del crecimiento de la ciudad en esa \u00e1rea, la conservaci\u00f3n de los ecosistemas de la regi\u00f3n, el fomento de la educaci\u00f3n ambiental, la investigaci\u00f3n cient\u00edfica y el impulso del aprovechamiento racional de los ecosistemas naturales; el proporcionar un lugar de recreo y esparcimiento a la poblaci\u00f3n yucateca y el desarrollo de turismo de naturaleza\u201d, indic\u00f3.<\/p>\n<p data-removefontsize=\"true\" data-originalcomputedfontsize=\"13.333333\">Sobre el 2\u00ba Foro de Acciones y Proyectos, el Alcalde inform\u00f3 que participar\u00e1n como conferencistas: la ex alcaldesa de M\u00e9rida Ana Rosa Pay\u00e1n Cervera y Carlos Santiago con el tema \u201cHistoria de la Creaci\u00f3n de la Reserva Cuxtal\u201d; Christian Mata Bonilla con \u201cGesti\u00f3n y Gobernanza de ANPs, Oportunidades de Participaci\u00f3n Social\u201d; Raziel Villegas N\u00fa\u00f1ez con la pl\u00e1tica \u201cEl Papel de las \u00c1reas Naturales Protegidas en la Garant\u00eda de un Medioambiente Sano\u201d; y David Bronzwaig Kravzov con la ponencia \u201cEl Valor de las \u00c1reas Naturales en el Ambiente Urbano\u201d.<\/p>\n<p data-removefontsize=\"true\" data-originalcomputedfontsize=\"13.333333\">Agreg\u00f3 que se har\u00e1 el conversatorio \u201cMujeres y Medio Ambiente: experiencias y retos en el sector ambiental\u201d, con la participaci\u00f3n de Jaynet Gonz\u00e1lez Alvarado, de la Oficina de representaci\u00f3n de Semarnat en Yucat\u00e1n; Sayda Rodr\u00edguez G\u00f3mez, secretaria de Desarrollo Sustentable del Gobierno del Estado; Alejandra Bolio Rojas, directora de la Unidad de Desarrollo Sustentable del Ayuntamiento de M\u00e9rida y Sandra Garc\u00eda Peregrina, directora de la Reserva Ecol\u00f3gica Cuxtal.<\/p>\n<p data-removefontsize=\"true\" data-originalcomputedfontsize=\"13.333333\">Finalmente, para mayor informaci\u00f3n sobre el 2\u00ba Foro de acciones y Proyectos por la Reserva Ecol\u00f3gica Cuxtal invit\u00f3 a las y los interesados a consultar la p\u00e1gina: <a href=\"https:\/\/reservacuxtal.com\/30aniversario\/\" target=\"_blank\" rel=\"noopener\" data-saferedirecturl=\"https:\/\/www.google.com\/url?q=https:\/\/reservacuxtal.com\/30aniversario\/&amp;source=gmail&amp;ust=1683928835078000&amp;usg=AOvVaw2cdNsSJNMj5_Wv15BHocPK\" data-removefontsize=\"true\" data-originalcomputedfontsize=\"13.333333\">https:\/\/reservacuxtal.com\/<wbr \/>30aniversario\/<\/a> .<\/p>\n","protected":false},"excerpt":{"rendered":"<p>M\u00e9rida, Yucat\u00e1n a 11 de mayo de 2023.- El Ayuntamiento de M\u00e9rida que encabeza Ren\u00e1n Barrera Concha celebrar\u00e1 los 30 a\u00f1os de la creaci\u00f3n de la Reserva Ecol\u00f3gica Cuxtal, con la presentaci\u00f3n de los programas y proyectos que contribuyen a cuidar este territorio dedicado a la preservaci\u00f3n del ecosistema y garantizar que las pr\u00f3ximas generaciones [&hellip;]<\/p>\n","protected":false},"author":3,"featured_media":98037,"comment_status":"closed","ping_status":"closed","sticky":false,"template":"","format":"standard","meta":{"footnotes":""},"categories":[2],"tags":[],"class_list":{"0":"post-98036","1":"post","2":"type-post","3":"status-publish","4":"format-standard","5":"has-post-thumbnail","7":"category-merida"},"yoast_head":"<!-- This site is optimized with the Yoast SEO plugin v27.5 - https:\/\/yoast.com\/product\/yoast-seo-wordpress\/ -->\n<title>Impulsan la preservaci\u00f3n del medio ambiente - Yucat\u00e1n en corto<\/title>\n<meta name=\"robots\" content=\"index, follow, max-snippet:-1, max-image-preview:large, max-video-preview:-1\" \/>\n<link rel=\"canonical\" href=\"https:\/\/www.yucatanencorto.com\/noticias\/impulsan-la-preservacion-del-medio-ambiente\/\" \/>\n<meta property=\"og:locale\" content=\"es_ES\" \/>\n<meta property=\"og:type\" content=\"article\" \/>\n<meta property=\"og:title\" content=\"Impulsan la preservaci\u00f3n del medio ambiente - Yucat\u00e1n en corto\" \/>\n<meta property=\"og:description\" content=\"M\u00e9rida, Yucat\u00e1n a 11 de mayo de 2023.- El Ayuntamiento de M\u00e9rida que encabeza Ren\u00e1n Barrera Concha celebrar\u00e1 los 30 a\u00f1os de la creaci\u00f3n de la Reserva Ecol\u00f3gica Cuxtal, con la presentaci\u00f3n de los programas y proyectos que contribuyen a cuidar este territorio dedicado a la preservaci\u00f3n del ecosistema y garantizar que las pr\u00f3ximas generaciones [&hellip;]\" \/>\n<meta property=\"og:url\" content=\"https:\/\/www.yucatanencorto.com\/noticias\/impulsan-la-preservacion-del-medio-ambiente\/\" \/>\n<meta property=\"og:site_name\" content=\"Yucat\u00e1n en corto\" \/>\n<meta property=\"article:publisher\" content=\"http:\/\/www.facebook.com\/yucatanencorto\" \/>\n<meta property=\"article:published_time\" content=\"2023-05-11T23:51:10+00:00\" \/>\n<meta property=\"og:image\" content=\"https:\/\/www.yucatanencorto.com\/noticias\/wp-content\/uploads\/2023\/05\/IMG_9390-scaled.jpeg\" \/>\n\t<meta property=\"og:image:width\" content=\"768\" \/>\n\t<meta property=\"og:image:height\" content=\"512\" \/>\n\t<meta property=\"og:image:type\" content=\"image\/jpeg\" \/>\n<meta name=\"author\" content=\"Redes\" \/>\n<meta name=\"twitter:card\" content=\"summary_large_image\" \/>\n<meta name=\"twitter:creator\" content=\"@yucatanencorto\" \/>\n<meta name=\"twitter:site\" content=\"@yucatanencorto\" \/>\n<meta name=\"twitter:label1\" content=\"Escrito por\" \/>\n\t<meta name=\"twitter:data1\" content=\"Redes\" \/>\n\t<meta name=\"twitter:label2\" content=\"Tiempo de lectura\" \/>\n\t<meta name=\"twitter:data2\" content=\"4 minutos\" \/>\n<script type=\"application\/ld+json\" class=\"yoast-schema-graph\">{\"@context\":\"https:\\\/\\\/schema.org\",\"@graph\":[{\"@type\":\"Article\",\"@id\":\"https:\\\/\\\/www.yucatanencorto.com\\\/noticias\\\/impulsan-la-preservacion-del-medio-ambiente\\\/#article\",\"isPartOf\":{\"@id\":\"https:\\\/\\\/www.yucatanencorto.com\\\/noticias\\\/impulsan-la-preservacion-del-medio-ambiente\\\/\"},\"author\":{\"name\":\"Redes\",\"@id\":\"https:\\\/\\\/www.yucatanencorto.com\\\/noticias\\\/#\\\/schema\\\/person\\\/e2fbdfaf30a07014a43940ce989f3119\"},\"headline\":\"Impulsan la preservaci\u00f3n del medio ambiente\",\"datePublished\":\"2023-05-11T23:51:10+00:00\",\"mainEntityOfPage\":{\"@id\":\"https:\\\/\\\/www.yucatanencorto.com\\\/noticias\\\/impulsan-la-preservacion-del-medio-ambiente\\\/\"},\"wordCount\":788,\"image\":{\"@id\":\"https:\\\/\\\/www.yucatanencorto.com\\\/noticias\\\/impulsan-la-preservacion-del-medio-ambiente\\\/#primaryimage\"},\"thumbnailUrl\":\"https:\\\/\\\/www.yucatanencorto.com\\\/noticias\\\/wp-content\\\/uploads\\\/2023\\\/05\\\/IMG_9390-scaled.jpeg\",\"articleSection\":[\"M\u00e9rida\"],\"inLanguage\":\"es\"},{\"@type\":\"WebPage\",\"@id\":\"https:\\\/\\\/www.yucatanencorto.com\\\/noticias\\\/impulsan-la-preservacion-del-medio-ambiente\\\/\",\"url\":\"https:\\\/\\\/www.yucatanencorto.com\\\/noticias\\\/impulsan-la-preservacion-del-medio-ambiente\\\/\",\"name\":\"Impulsan la preservaci\u00f3n del medio ambiente - Yucat\u00e1n en corto\",\"isPartOf\":{\"@id\":\"https:\\\/\\\/www.yucatanencorto.com\\\/noticias\\\/#website\"},\"primaryImageOfPage\":{\"@id\":\"https:\\\/\\\/www.yucatanencorto.com\\\/noticias\\\/impulsan-la-preservacion-del-medio-ambiente\\\/#primaryimage\"},\"image\":{\"@id\":\"https:\\\/\\\/www.yucatanencorto.com\\\/noticias\\\/impulsan-la-preservacion-del-medio-ambiente\\\/#primaryimage\"},\"thumbnailUrl\":\"https:\\\/\\\/www.yucatanencorto.com\\\/noticias\\\/wp-content\\\/uploads\\\/2023\\\/05\\\/IMG_9390-scaled.jpeg\",\"datePublished\":\"2023-05-11T23:51:10+00:00\",\"author\":{\"@id\":\"https:\\\/\\\/www.yucatanencorto.com\\\/noticias\\\/#\\\/schema\\\/person\\\/e2fbdfaf30a07014a43940ce989f3119\"},\"breadcrumb\":{\"@id\":\"https:\\\/\\\/www.yucatanencorto.com\\\/noticias\\\/impulsan-la-preservacion-del-medio-ambiente\\\/#breadcrumb\"},\"inLanguage\":\"es\",\"potentialAction\":[{\"@type\":\"ReadAction\",\"target\":[\"https:\\\/\\\/www.yucatanencorto.com\\\/noticias\\\/impulsan-la-preservacion-del-medio-ambiente\\\/\"]}]},{\"@type\":\"ImageObject\",\"inLanguage\":\"es\",\"@id\":\"https:\\\/\\\/www.yucatanencorto.com\\\/noticias\\\/impulsan-la-preservacion-del-medio-ambiente\\\/#primaryimage\",\"url\":\"https:\\\/\\\/www.yucatanencorto.com\\\/noticias\\\/wp-content\\\/uploads\\\/2023\\\/05\\\/IMG_9390-scaled.jpeg\",\"contentUrl\":\"https:\\\/\\\/www.yucatanencorto.com\\\/noticias\\\/wp-content\\\/uploads\\\/2023\\\/05\\\/IMG_9390-scaled.jpeg\",\"width\":768,\"height\":512},{\"@type\":\"BreadcrumbList\",\"@id\":\"https:\\\/\\\/www.yucatanencorto.com\\\/noticias\\\/impulsan-la-preservacion-del-medio-ambiente\\\/#breadcrumb\",\"itemListElement\":[{\"@type\":\"ListItem\",\"position\":1,\"name\":\"Portada\",\"item\":\"https:\\\/\\\/www.yucatanencorto.com\\\/noticias\\\/\"},{\"@type\":\"ListItem\",\"position\":2,\"name\":\"Impulsan la preservaci\u00f3n del medio ambiente\"}]},{\"@type\":\"WebSite\",\"@id\":\"https:\\\/\\\/www.yucatanencorto.com\\\/noticias\\\/#website\",\"url\":\"https:\\\/\\\/www.yucatanencorto.com\\\/noticias\\\/\",\"name\":\"Yucat\u00e1n en corto\",\"description\":\"Noticias\",\"potentialAction\":[{\"@type\":\"SearchAction\",\"target\":{\"@type\":\"EntryPoint\",\"urlTemplate\":\"https:\\\/\\\/www.yucatanencorto.com\\\/noticias\\\/?s={search_term_string}\"},\"query-input\":{\"@type\":\"PropertyValueSpecification\",\"valueRequired\":true,\"valueName\":\"search_term_string\"}}],\"inLanguage\":\"es\"},{\"@type\":\"Person\",\"@id\":\"https:\\\/\\\/www.yucatanencorto.com\\\/noticias\\\/#\\\/schema\\\/person\\\/e2fbdfaf30a07014a43940ce989f3119\",\"name\":\"Redes\",\"image\":{\"@type\":\"ImageObject\",\"inLanguage\":\"es\",\"@id\":\"https:\\\/\\\/secure.gravatar.com\\\/avatar\\\/5931a2d21dd7cc834f44c8c34fe56d90ed6d536ef452cbf870c7485b524dddd7?s=96&d=mm&r=g\",\"url\":\"https:\\\/\\\/secure.gravatar.com\\\/avatar\\\/5931a2d21dd7cc834f44c8c34fe56d90ed6d536ef452cbf870c7485b524dddd7?s=96&d=mm&r=g\",\"contentUrl\":\"https:\\\/\\\/secure.gravatar.com\\\/avatar\\\/5931a2d21dd7cc834f44c8c34fe56d90ed6d536ef452cbf870c7485b524dddd7?s=96&d=mm&r=g\",\"caption\":\"Redes\"},\"url\":\"https:\\\/\\\/www.yucatanencorto.com\\\/noticias\\\/author\\\/redes\\\/\"}]}<\/script>\n<!-- \/ Yoast SEO plugin. -->","yoast_head_json":{"title":"Impulsan la preservaci\u00f3n del medio ambiente - Yucat\u00e1n en corto","robots":{"index":"index","follow":"follow","max-snippet":"max-snippet:-1","max-image-preview":"max-image-preview:large","max-video-preview":"max-video-preview:-1"},"canonical":"https:\/\/www.yucatanencorto.com\/noticias\/impulsan-la-preservacion-del-medio-ambiente\/","og_locale":"es_ES","og_type":"article","og_title":"Impulsan la preservaci\u00f3n del medio ambiente - Yucat\u00e1n en corto","og_description":"M\u00e9rida, Yucat\u00e1n a 11 de mayo de 2023.- El Ayuntamiento de M\u00e9rida que encabeza Ren\u00e1n Barrera Concha celebrar\u00e1 los 30 a\u00f1os de la creaci\u00f3n de la Reserva Ecol\u00f3gica Cuxtal, con la presentaci\u00f3n de los programas y proyectos que contribuyen a cuidar este territorio dedicado a la preservaci\u00f3n del ecosistema y garantizar que las pr\u00f3ximas generaciones [&hellip;]","og_url":"https:\/\/www.yucatanencorto.com\/noticias\/impulsan-la-preservacion-del-medio-ambiente\/","og_site_name":"Yucat\u00e1n en corto","article_publisher":"http:\/\/www.facebook.com\/yucatanencorto","article_published_time":"2023-05-11T23:51:10+00:00","og_image":[{"width":768,"height":512,"url":"https:\/\/www.yucatanencorto.com\/noticias\/wp-content\/uploads\/2023\/05\/IMG_9390-scaled.jpeg","type":"image\/jpeg"}],"author":"Redes","twitter_card":"summary_large_image","twitter_creator":"@yucatanencorto","twitter_site":"@yucatanencorto","twitter_misc":{"Escrito por":"Redes","Tiempo de lectura":"4 minutos"},"schema":{"@context":"https:\/\/schema.org","@graph":[{"@type":"Article","@id":"https:\/\/www.yucatanencorto.com\/noticias\/impulsan-la-preservacion-del-medio-ambiente\/#article","isPartOf":{"@id":"https:\/\/www.yucatanencorto.com\/noticias\/impulsan-la-preservacion-del-medio-ambiente\/"},"author":{"name":"Redes","@id":"https:\/\/www.yucatanencorto.com\/noticias\/#\/schema\/person\/e2fbdfaf30a07014a43940ce989f3119"},"headline":"Impulsan la preservaci\u00f3n del medio ambiente","datePublished":"2023-05-11T23:51:10+00:00","mainEntityOfPage":{"@id":"https:\/\/www.yucatanencorto.com\/noticias\/impulsan-la-preservacion-del-medio-ambiente\/"},"wordCount":788,"image":{"@id":"https:\/\/www.yucatanencorto.com\/noticias\/impulsan-la-preservacion-del-medio-ambiente\/#primaryimage"},"thumbnailUrl":"https:\/\/www.yucatanencorto.com\/noticias\/wp-content\/uploads\/2023\/05\/IMG_9390-scaled.jpeg","articleSection":["M\u00e9rida"],"inLanguage":"es"},{"@type":"WebPage","@id":"https:\/\/www.yucatanencorto.com\/noticias\/impulsan-la-preservacion-del-medio-ambiente\/","url":"https:\/\/www.yucatanencorto.com\/noticias\/impulsan-la-preservacion-del-medio-ambiente\/","name":"Impulsan la preservaci\u00f3n del medio ambiente - Yucat\u00e1n en corto","isPartOf":{"@id":"https:\/\/www.yucatanencorto.com\/noticias\/#website"},"primaryImageOfPage":{"@id":"https:\/\/www.yucatanencorto.com\/noticias\/impulsan-la-preservacion-del-medio-ambiente\/#primaryimage"},"image":{"@id":"https:\/\/www.yucatanencorto.com\/noticias\/impulsan-la-preservacion-del-medio-ambiente\/#primaryimage"},"thumbnailUrl":"https:\/\/www.yucatanencorto.com\/noticias\/wp-content\/uploads\/2023\/05\/IMG_9390-scaled.jpeg","datePublished":"2023-05-11T23:51:10+00:00","author":{"@id":"https:\/\/www.yucatanencorto.com\/noticias\/#\/schema\/person\/e2fbdfaf30a07014a43940ce989f3119"},"breadcrumb":{"@id":"https:\/\/www.yucatanencorto.com\/noticias\/impulsan-la-preservacion-del-medio-ambiente\/#breadcrumb"},"inLanguage":"es","potentialAction":[{"@type":"ReadAction","target":["https:\/\/www.yucatanencorto.com\/noticias\/impulsan-la-preservacion-del-medio-ambiente\/"]}]},{"@type":"ImageObject","inLanguage":"es","@id":"https:\/\/www.yucatanencorto.com\/noticias\/impulsan-la-preservacion-del-medio-ambiente\/#primaryimage","url":"https:\/\/www.yucatanencorto.com\/noticias\/wp-content\/uploads\/2023\/05\/IMG_9390-scaled.jpeg","contentUrl":"https:\/\/www.yucatanencorto.com\/noticias\/wp-content\/uploads\/2023\/05\/IMG_9390-scaled.jpeg","width":768,"height":512},{"@type":"BreadcrumbList","@id":"https:\/\/www.yucatanencorto.com\/noticias\/impulsan-la-preservacion-del-medio-ambiente\/#breadcrumb","itemListElement":[{"@type":"ListItem","position":1,"name":"Portada","item":"https:\/\/www.yucatanencorto.com\/noticias\/"},{"@type":"ListItem","position":2,"name":"Impulsan la preservaci\u00f3n del medio ambiente"}]},{"@type":"WebSite","@id":"https:\/\/www.yucatanencorto.com\/noticias\/#website","url":"https:\/\/www.yucatanencorto.com\/noticias\/","name":"Yucat\u00e1n en corto","description":"Noticias","potentialAction":[{"@type":"SearchAction","target":{"@type":"EntryPoint","urlTemplate":"https:\/\/www.yucatanencorto.com\/noticias\/?s={search_term_string}"},"query-input":{"@type":"PropertyValueSpecification","valueRequired":true,"valueName":"search_term_string"}}],"inLanguage":"es"},{"@type":"Person","@id":"https:\/\/www.yucatanencorto.com\/noticias\/#\/schema\/person\/e2fbdfaf30a07014a43940ce989f3119","name":"Redes","image":{"@type":"ImageObject","inLanguage":"es","@id":"https:\/\/secure.gravatar.com\/avatar\/5931a2d21dd7cc834f44c8c34fe56d90ed6d536ef452cbf870c7485b524dddd7?s=96&d=mm&r=g","url":"https:\/\/secure.gravatar.com\/avatar\/5931a2d21dd7cc834f44c8c34fe56d90ed6d536ef452cbf870c7485b524dddd7?s=96&d=mm&r=g","contentUrl":"https:\/\/secure.gravatar.com\/avatar\/5931a2d21dd7cc834f44c8c34fe56d90ed6d536ef452cbf870c7485b524dddd7?s=96&d=mm&r=g","caption":"Redes"},"url":"https:\/\/www.yucatanencorto.com\/noticias\/author\/redes\/"}]}},"_links":{"self":[{"href":"https:\/\/www.yucatanencorto.com\/noticias\/wp-json\/wp\/v2\/posts\/98036","targetHints":{"allow":["GET"]}}],"collection":[{"href":"https:\/\/www.yucatanencorto.com\/noticias\/wp-json\/wp\/v2\/posts"}],"about":[{"href":"https:\/\/www.yucatanencorto.com\/noticias\/wp-json\/wp\/v2\/types\/post"}],"author":[{"embeddable":true,"href":"https:\/\/www.yucatanencorto.com\/noticias\/wp-json\/wp\/v2\/users\/3"}],"replies":[{"embeddable":true,"href":"https:\/\/www.yucatanencorto.com\/noticias\/wp-json\/wp\/v2\/comments?post=98036"}],"version-history":[{"count":0,"href":"https:\/\/www.yucatanencorto.com\/noticias\/wp-json\/wp\/v2\/posts\/98036\/revisions"}],"wp:featuredmedia":[{"embeddable":true,"href":"https:\/\/www.yucatanencorto.com\/noticias\/wp-json\/wp\/v2\/media\/98037"}],"wp:attachment":[{"href":"https:\/\/www.yucatanencorto.com\/noticias\/wp-json\/wp\/v2\/media?parent=98036"}],"wp:term":[{"taxonomy":"category","embeddable":true,"href":"https:\/\/www.yucatanencorto.com\/noticias\/wp-json\/wp\/v2\/categories?post=98036"},{"taxonomy":"post_tag","embeddable":true,"href":"https:\/\/www.yucatanencorto.com\/noticias\/wp-json\/wp\/v2\/tags?post=98036"}],"curies":[{"name":"wp","href":"https:\/\/api.w.org\/{rel}","templated":true}]}}