{"id":98054,"date":"2023-05-13T11:43:44","date_gmt":"2023-05-13T17:43:44","guid":{"rendered":"https:\/\/www.yucatanencorto.com\/noticias\/?p=98054"},"modified":"2023-05-13T11:43:44","modified_gmt":"2023-05-13T17:43:44","slug":"con-mucho-exito-las-tres-nuevas-rutas-de-centro-las-americas-se-integran-a-va-y-ven","status":"publish","type":"post","link":"https:\/\/www.yucatanencorto.com\/noticias\/con-mucho-exito-las-tres-nuevas-rutas-de-centro-las-americas-se-integran-a-va-y-ven\/","title":{"rendered":"Con mucho \u00e9xito, las tres nuevas rutas de Centro- Las Am\u00e9ricas se integran a \u201cVa y ven\u201d"},"content":{"rendered":"<p><img loading=\"lazy\" decoding=\"async\" class=\"alignnone size-full wp-image-98055\" src=\"https:\/\/www.yucatanencorto.com\/noticias\/wp-content\/uploads\/2023\/05\/IMG-20230513-WA0007-scaled.jpg\" alt=\"\" width=\"768\" height=\"522\" srcset=\"https:\/\/www.yucatanencorto.com\/noticias\/wp-content\/uploads\/2023\/05\/IMG-20230513-WA0007-scaled.jpg 768w, https:\/\/www.yucatanencorto.com\/noticias\/wp-content\/uploads\/2023\/05\/IMG-20230513-WA0007-696x473.jpg 696w, https:\/\/www.yucatanencorto.com\/noticias\/wp-content\/uploads\/2023\/05\/IMG-20230513-WA0007-1068x726.jpg 1068w, https:\/\/www.yucatanencorto.com\/noticias\/wp-content\/uploads\/2023\/05\/IMG-20230513-WA0007-618x420.jpg 618w\" sizes=\"auto, (max-width: 768px) 100vw, 768px\" \/><\/p>\n<p>M\u00e9rida, Yucat\u00e1n, 13 de mayo de 2023.- Con una gran aceptaci\u00f3n de las usuarias y usuarios, quienes ahora tienen que esperar menos tiempo y viajan m\u00e1s c\u00f3modos, las tres nuevas rutas Centro- Las Am\u00e9ricas pertenecientes al Sistema Metropolitano de Movilidad Amable y Sostenible \u201cVa y ven\u201d arrancaron exitosamente y sin incidentes.<\/p>\n<p>&nbsp;<\/p>\n<p>Desde las 5 de la ma\u00f1ana de este s\u00e1bado, el paradero de la calle 63 por 56 y 58 del Centro de M\u00e9rida luci\u00f3 lleno de personas que buscaban probar este nuevo servicio que la administraci\u00f3n del Gobernador Mauricio Vila Dosal impulsa como una respuesta a la sentida demanda de la gente que se traslada hacia y desde ese fraccionamiento del norte de la capital yucateca.<\/p>\n<p>&nbsp;<\/p>\n<p>Estos trayectos brindar\u00e1n servicio gratuito hasta el 21 de mayo y cuentan con transbordos gratuitos y descuentos que conectan con la ruta Perif\u00e9rico, Circuito Metropolitano y las Rutas Nocturnas, logrando as\u00ed una red de transporte p\u00fablico con conectividad y eficiencia.<\/p>\n<p>&nbsp;<\/p>\n<p>La se\u00f1ora Mar\u00eda \u00c1ngeles Pe\u00f1a Hern\u00e1ndez, quien se traslada a ese desarrollo inmobiliario para visitar a sus nietos, se dijo muy contenta del gran cambio que esta estrategia representa. \u00abPara m\u00ed, qued\u00f3 m\u00e1s f\u00e1cil y r\u00e1pido. Ahorro mucho tiempo porque ya no tengo que esperar hasta una hora a que pegue otro cami\u00f3n, ahora, uno tras otro est\u00e1n pasando\u00bb, coment\u00f3 antes de subir a la unidad.<\/p>\n<p>&nbsp;<\/p>\n<p>De esta forma, con m\u00e1s de 30 nuevos y modernos autobuses funcionando, las Rutas 72 Tec MID \u2013 Facultad de Ingenier\u00eda \u2013 Fraccionamiento Am\u00e9ricas II, 73 Avenida Tecnol\u00f3gico \u2013 Siglo XXI \u2013 The Harbor \u2013 Fraccionamiento Las Am\u00e9ricas II y 74 Avenida Tecnol\u00f3gico \u2013 V\u00eda Montejo \u2013 Fraccionamiento Las Am\u00e9ricas ya est\u00e1n funcionando con los altos est\u00e1ndares del Sistema \u201cVa y ven\u201d.<\/p>\n<p>&nbsp;<\/p>\n<p>Para brindar un servicio a la altura de lo que Yucat\u00e1n merece, estas rutas cuentan operadores capacitados, veh\u00edculos con accesibilidad universal, seguimiento en tiempo real mediante la app Va-y-ven y fomentan la multimodalidad al contar con rock para bicicletas.<\/p>\n<p>&nbsp;<\/p>\n<p>Adem\u00e1s, en apoyo a la econom\u00eda de las familias yucatecas, el costo ser\u00e1 gratuito durante la primera semana, periodo en el que se pondr\u00e1 a prueba el servicio para garantizar las mejores condiciones una vez que arranque el cobro electr\u00f3nico, el cual ser\u00e1 exclusivamente a trav\u00e9s de la tarjeta \u00abVa y ven\u201d.<\/p>\n<p>&nbsp;<\/p>\n<p>Se cuenta con la l\u00ednea 072, el correo queja.transporte@yucatan.gob.mx y el m\u00f3dulo de la Direcci\u00f3n de Transporte para resolver dudas y levantar reportes sobre el servicio.<\/p>\n","protected":false},"excerpt":{"rendered":"<p>M\u00e9rida, Yucat\u00e1n, 13 de mayo de 2023.- Con una gran aceptaci\u00f3n de las usuarias y usuarios, quienes ahora tienen que esperar menos tiempo y viajan m\u00e1s c\u00f3modos, las tres nuevas rutas Centro- Las Am\u00e9ricas pertenecientes al Sistema Metropolitano de Movilidad Amable y Sostenible \u201cVa y ven\u201d arrancaron exitosamente y sin incidentes. &nbsp; Desde las 5 [&hellip;]<\/p>\n","protected":false},"author":3,"featured_media":98056,"comment_status":"closed","ping_status":"closed","sticky":false,"template":"","format":"standard","meta":{"footnotes":""},"categories":[3],"tags":[],"class_list":{"0":"post-98054","1":"post","2":"type-post","3":"status-publish","4":"format-standard","5":"has-post-thumbnail","7":"category-yucatan"},"yoast_head":"<!-- This site is optimized with the Yoast SEO plugin v27.5 - https:\/\/yoast.com\/product\/yoast-seo-wordpress\/ -->\n<title>Con mucho \u00e9xito, las tres nuevas rutas de Centro- Las Am\u00e9ricas se integran a \u201cVa y ven\u201d - Yucat\u00e1n en corto<\/title>\n<meta name=\"robots\" content=\"index, follow, max-snippet:-1, max-image-preview:large, max-video-preview:-1\" \/>\n<link rel=\"canonical\" href=\"https:\/\/www.yucatanencorto.com\/noticias\/con-mucho-exito-las-tres-nuevas-rutas-de-centro-las-americas-se-integran-a-va-y-ven\/\" \/>\n<meta property=\"og:locale\" content=\"es_ES\" \/>\n<meta property=\"og:type\" content=\"article\" \/>\n<meta property=\"og:title\" content=\"Con mucho \u00e9xito, las tres nuevas rutas de Centro- Las Am\u00e9ricas se integran a \u201cVa y ven\u201d - Yucat\u00e1n en corto\" \/>\n<meta property=\"og:description\" content=\"M\u00e9rida, Yucat\u00e1n, 13 de mayo de 2023.- Con una gran aceptaci\u00f3n de las usuarias y usuarios, quienes ahora tienen que esperar menos tiempo y viajan m\u00e1s c\u00f3modos, las tres nuevas rutas Centro- Las Am\u00e9ricas pertenecientes al Sistema Metropolitano de Movilidad Amable y Sostenible \u201cVa y ven\u201d arrancaron exitosamente y sin incidentes. &nbsp; Desde las 5 [&hellip;]\" \/>\n<meta property=\"og:url\" content=\"https:\/\/www.yucatanencorto.com\/noticias\/con-mucho-exito-las-tres-nuevas-rutas-de-centro-las-americas-se-integran-a-va-y-ven\/\" \/>\n<meta property=\"og:site_name\" content=\"Yucat\u00e1n en corto\" \/>\n<meta property=\"article:publisher\" content=\"http:\/\/www.facebook.com\/yucatanencorto\" \/>\n<meta property=\"article:published_time\" content=\"2023-05-13T17:43:44+00:00\" \/>\n<meta property=\"og:image\" content=\"https:\/\/www.yucatanencorto.com\/noticias\/wp-content\/uploads\/2023\/05\/IMG-20230513-WA0006-scaled.jpg\" \/>\n\t<meta property=\"og:image:width\" content=\"768\" \/>\n\t<meta property=\"og:image:height\" content=\"526\" \/>\n\t<meta property=\"og:image:type\" content=\"image\/jpeg\" \/>\n<meta name=\"author\" content=\"Redes\" \/>\n<meta name=\"twitter:card\" content=\"summary_large_image\" \/>\n<meta name=\"twitter:creator\" content=\"@yucatanencorto\" \/>\n<meta name=\"twitter:site\" content=\"@yucatanencorto\" \/>\n<meta name=\"twitter:label1\" content=\"Escrito por\" \/>\n\t<meta name=\"twitter:data1\" content=\"Redes\" \/>\n\t<meta name=\"twitter:label2\" content=\"Tiempo de lectura\" \/>\n\t<meta name=\"twitter:data2\" content=\"3 minutos\" \/>\n<script type=\"application\/ld+json\" class=\"yoast-schema-graph\">{\"@context\":\"https:\\\/\\\/schema.org\",\"@graph\":[{\"@type\":\"Article\",\"@id\":\"https:\\\/\\\/www.yucatanencorto.com\\\/noticias\\\/con-mucho-exito-las-tres-nuevas-rutas-de-centro-las-americas-se-integran-a-va-y-ven\\\/#article\",\"isPartOf\":{\"@id\":\"https:\\\/\\\/www.yucatanencorto.com\\\/noticias\\\/con-mucho-exito-las-tres-nuevas-rutas-de-centro-las-americas-se-integran-a-va-y-ven\\\/\"},\"author\":{\"name\":\"Redes\",\"@id\":\"https:\\\/\\\/www.yucatanencorto.com\\\/noticias\\\/#\\\/schema\\\/person\\\/e2fbdfaf30a07014a43940ce989f3119\"},\"headline\":\"Con mucho \u00e9xito, las tres nuevas rutas de Centro- Las Am\u00e9ricas se integran a \u201cVa y ven\u201d\",\"datePublished\":\"2023-05-13T17:43:44+00:00\",\"mainEntityOfPage\":{\"@id\":\"https:\\\/\\\/www.yucatanencorto.com\\\/noticias\\\/con-mucho-exito-las-tres-nuevas-rutas-de-centro-las-americas-se-integran-a-va-y-ven\\\/\"},\"wordCount\":454,\"image\":{\"@id\":\"https:\\\/\\\/www.yucatanencorto.com\\\/noticias\\\/con-mucho-exito-las-tres-nuevas-rutas-de-centro-las-americas-se-integran-a-va-y-ven\\\/#primaryimage\"},\"thumbnailUrl\":\"https:\\\/\\\/www.yucatanencorto.com\\\/noticias\\\/wp-content\\\/uploads\\\/2023\\\/05\\\/IMG-20230513-WA0006-scaled.jpg\",\"articleSection\":[\"Yucat\u00e1n\"],\"inLanguage\":\"es\"},{\"@type\":\"WebPage\",\"@id\":\"https:\\\/\\\/www.yucatanencorto.com\\\/noticias\\\/con-mucho-exito-las-tres-nuevas-rutas-de-centro-las-americas-se-integran-a-va-y-ven\\\/\",\"url\":\"https:\\\/\\\/www.yucatanencorto.com\\\/noticias\\\/con-mucho-exito-las-tres-nuevas-rutas-de-centro-las-americas-se-integran-a-va-y-ven\\\/\",\"name\":\"Con mucho \u00e9xito, las tres nuevas rutas de Centro- Las Am\u00e9ricas se integran a \u201cVa y ven\u201d - Yucat\u00e1n en corto\",\"isPartOf\":{\"@id\":\"https:\\\/\\\/www.yucatanencorto.com\\\/noticias\\\/#website\"},\"primaryImageOfPage\":{\"@id\":\"https:\\\/\\\/www.yucatanencorto.com\\\/noticias\\\/con-mucho-exito-las-tres-nuevas-rutas-de-centro-las-americas-se-integran-a-va-y-ven\\\/#primaryimage\"},\"image\":{\"@id\":\"https:\\\/\\\/www.yucatanencorto.com\\\/noticias\\\/con-mucho-exito-las-tres-nuevas-rutas-de-centro-las-americas-se-integran-a-va-y-ven\\\/#primaryimage\"},\"thumbnailUrl\":\"https:\\\/\\\/www.yucatanencorto.com\\\/noticias\\\/wp-content\\\/uploads\\\/2023\\\/05\\\/IMG-20230513-WA0006-scaled.jpg\",\"datePublished\":\"2023-05-13T17:43:44+00:00\",\"author\":{\"@id\":\"https:\\\/\\\/www.yucatanencorto.com\\\/noticias\\\/#\\\/schema\\\/person\\\/e2fbdfaf30a07014a43940ce989f3119\"},\"breadcrumb\":{\"@id\":\"https:\\\/\\\/www.yucatanencorto.com\\\/noticias\\\/con-mucho-exito-las-tres-nuevas-rutas-de-centro-las-americas-se-integran-a-va-y-ven\\\/#breadcrumb\"},\"inLanguage\":\"es\",\"potentialAction\":[{\"@type\":\"ReadAction\",\"target\":[\"https:\\\/\\\/www.yucatanencorto.com\\\/noticias\\\/con-mucho-exito-las-tres-nuevas-rutas-de-centro-las-americas-se-integran-a-va-y-ven\\\/\"]}]},{\"@type\":\"ImageObject\",\"inLanguage\":\"es\",\"@id\":\"https:\\\/\\\/www.yucatanencorto.com\\\/noticias\\\/con-mucho-exito-las-tres-nuevas-rutas-de-centro-las-americas-se-integran-a-va-y-ven\\\/#primaryimage\",\"url\":\"https:\\\/\\\/www.yucatanencorto.com\\\/noticias\\\/wp-content\\\/uploads\\\/2023\\\/05\\\/IMG-20230513-WA0006-scaled.jpg\",\"contentUrl\":\"https:\\\/\\\/www.yucatanencorto.com\\\/noticias\\\/wp-content\\\/uploads\\\/2023\\\/05\\\/IMG-20230513-WA0006-scaled.jpg\",\"width\":768,\"height\":526},{\"@type\":\"BreadcrumbList\",\"@id\":\"https:\\\/\\\/www.yucatanencorto.com\\\/noticias\\\/con-mucho-exito-las-tres-nuevas-rutas-de-centro-las-americas-se-integran-a-va-y-ven\\\/#breadcrumb\",\"itemListElement\":[{\"@type\":\"ListItem\",\"position\":1,\"name\":\"Portada\",\"item\":\"https:\\\/\\\/www.yucatanencorto.com\\\/noticias\\\/\"},{\"@type\":\"ListItem\",\"position\":2,\"name\":\"Con mucho \u00e9xito, las tres nuevas rutas de Centro- Las Am\u00e9ricas se integran a \u201cVa y ven\u201d\"}]},{\"@type\":\"WebSite\",\"@id\":\"https:\\\/\\\/www.yucatanencorto.com\\\/noticias\\\/#website\",\"url\":\"https:\\\/\\\/www.yucatanencorto.com\\\/noticias\\\/\",\"name\":\"Yucat\u00e1n en corto\",\"description\":\"Noticias\",\"potentialAction\":[{\"@type\":\"SearchAction\",\"target\":{\"@type\":\"EntryPoint\",\"urlTemplate\":\"https:\\\/\\\/www.yucatanencorto.com\\\/noticias\\\/?s={search_term_string}\"},\"query-input\":{\"@type\":\"PropertyValueSpecification\",\"valueRequired\":true,\"valueName\":\"search_term_string\"}}],\"inLanguage\":\"es\"},{\"@type\":\"Person\",\"@id\":\"https:\\\/\\\/www.yucatanencorto.com\\\/noticias\\\/#\\\/schema\\\/person\\\/e2fbdfaf30a07014a43940ce989f3119\",\"name\":\"Redes\",\"image\":{\"@type\":\"ImageObject\",\"inLanguage\":\"es\",\"@id\":\"https:\\\/\\\/secure.gravatar.com\\\/avatar\\\/5931a2d21dd7cc834f44c8c34fe56d90ed6d536ef452cbf870c7485b524dddd7?s=96&d=mm&r=g\",\"url\":\"https:\\\/\\\/secure.gravatar.com\\\/avatar\\\/5931a2d21dd7cc834f44c8c34fe56d90ed6d536ef452cbf870c7485b524dddd7?s=96&d=mm&r=g\",\"contentUrl\":\"https:\\\/\\\/secure.gravatar.com\\\/avatar\\\/5931a2d21dd7cc834f44c8c34fe56d90ed6d536ef452cbf870c7485b524dddd7?s=96&d=mm&r=g\",\"caption\":\"Redes\"},\"url\":\"https:\\\/\\\/www.yucatanencorto.com\\\/noticias\\\/author\\\/redes\\\/\"}]}<\/script>\n<!-- \/ Yoast SEO plugin. -->","yoast_head_json":{"title":"Con mucho \u00e9xito, las tres nuevas rutas de Centro- Las Am\u00e9ricas se integran a \u201cVa y ven\u201d - Yucat\u00e1n en corto","robots":{"index":"index","follow":"follow","max-snippet":"max-snippet:-1","max-image-preview":"max-image-preview:large","max-video-preview":"max-video-preview:-1"},"canonical":"https:\/\/www.yucatanencorto.com\/noticias\/con-mucho-exito-las-tres-nuevas-rutas-de-centro-las-americas-se-integran-a-va-y-ven\/","og_locale":"es_ES","og_type":"article","og_title":"Con mucho \u00e9xito, las tres nuevas rutas de Centro- Las Am\u00e9ricas se integran a \u201cVa y ven\u201d - Yucat\u00e1n en corto","og_description":"M\u00e9rida, Yucat\u00e1n, 13 de mayo de 2023.- Con una gran aceptaci\u00f3n de las usuarias y usuarios, quienes ahora tienen que esperar menos tiempo y viajan m\u00e1s c\u00f3modos, las tres nuevas rutas Centro- Las Am\u00e9ricas pertenecientes al Sistema Metropolitano de Movilidad Amable y Sostenible \u201cVa y ven\u201d arrancaron exitosamente y sin incidentes. &nbsp; Desde las 5 [&hellip;]","og_url":"https:\/\/www.yucatanencorto.com\/noticias\/con-mucho-exito-las-tres-nuevas-rutas-de-centro-las-americas-se-integran-a-va-y-ven\/","og_site_name":"Yucat\u00e1n en corto","article_publisher":"http:\/\/www.facebook.com\/yucatanencorto","article_published_time":"2023-05-13T17:43:44+00:00","og_image":[{"width":768,"height":526,"url":"https:\/\/www.yucatanencorto.com\/noticias\/wp-content\/uploads\/2023\/05\/IMG-20230513-WA0006-scaled.jpg","type":"image\/jpeg"}],"author":"Redes","twitter_card":"summary_large_image","twitter_creator":"@yucatanencorto","twitter_site":"@yucatanencorto","twitter_misc":{"Escrito por":"Redes","Tiempo de lectura":"3 minutos"},"schema":{"@context":"https:\/\/schema.org","@graph":[{"@type":"Article","@id":"https:\/\/www.yucatanencorto.com\/noticias\/con-mucho-exito-las-tres-nuevas-rutas-de-centro-las-americas-se-integran-a-va-y-ven\/#article","isPartOf":{"@id":"https:\/\/www.yucatanencorto.com\/noticias\/con-mucho-exito-las-tres-nuevas-rutas-de-centro-las-americas-se-integran-a-va-y-ven\/"},"author":{"name":"Redes","@id":"https:\/\/www.yucatanencorto.com\/noticias\/#\/schema\/person\/e2fbdfaf30a07014a43940ce989f3119"},"headline":"Con mucho \u00e9xito, las tres nuevas rutas de Centro- Las Am\u00e9ricas se integran a \u201cVa y ven\u201d","datePublished":"2023-05-13T17:43:44+00:00","mainEntityOfPage":{"@id":"https:\/\/www.yucatanencorto.com\/noticias\/con-mucho-exito-las-tres-nuevas-rutas-de-centro-las-americas-se-integran-a-va-y-ven\/"},"wordCount":454,"image":{"@id":"https:\/\/www.yucatanencorto.com\/noticias\/con-mucho-exito-las-tres-nuevas-rutas-de-centro-las-americas-se-integran-a-va-y-ven\/#primaryimage"},"thumbnailUrl":"https:\/\/www.yucatanencorto.com\/noticias\/wp-content\/uploads\/2023\/05\/IMG-20230513-WA0006-scaled.jpg","articleSection":["Yucat\u00e1n"],"inLanguage":"es"},{"@type":"WebPage","@id":"https:\/\/www.yucatanencorto.com\/noticias\/con-mucho-exito-las-tres-nuevas-rutas-de-centro-las-americas-se-integran-a-va-y-ven\/","url":"https:\/\/www.yucatanencorto.com\/noticias\/con-mucho-exito-las-tres-nuevas-rutas-de-centro-las-americas-se-integran-a-va-y-ven\/","name":"Con mucho \u00e9xito, las tres nuevas rutas de Centro- Las Am\u00e9ricas se integran a \u201cVa y ven\u201d - Yucat\u00e1n en corto","isPartOf":{"@id":"https:\/\/www.yucatanencorto.com\/noticias\/#website"},"primaryImageOfPage":{"@id":"https:\/\/www.yucatanencorto.com\/noticias\/con-mucho-exito-las-tres-nuevas-rutas-de-centro-las-americas-se-integran-a-va-y-ven\/#primaryimage"},"image":{"@id":"https:\/\/www.yucatanencorto.com\/noticias\/con-mucho-exito-las-tres-nuevas-rutas-de-centro-las-americas-se-integran-a-va-y-ven\/#primaryimage"},"thumbnailUrl":"https:\/\/www.yucatanencorto.com\/noticias\/wp-content\/uploads\/2023\/05\/IMG-20230513-WA0006-scaled.jpg","datePublished":"2023-05-13T17:43:44+00:00","author":{"@id":"https:\/\/www.yucatanencorto.com\/noticias\/#\/schema\/person\/e2fbdfaf30a07014a43940ce989f3119"},"breadcrumb":{"@id":"https:\/\/www.yucatanencorto.com\/noticias\/con-mucho-exito-las-tres-nuevas-rutas-de-centro-las-americas-se-integran-a-va-y-ven\/#breadcrumb"},"inLanguage":"es","potentialAction":[{"@type":"ReadAction","target":["https:\/\/www.yucatanencorto.com\/noticias\/con-mucho-exito-las-tres-nuevas-rutas-de-centro-las-americas-se-integran-a-va-y-ven\/"]}]},{"@type":"ImageObject","inLanguage":"es","@id":"https:\/\/www.yucatanencorto.com\/noticias\/con-mucho-exito-las-tres-nuevas-rutas-de-centro-las-americas-se-integran-a-va-y-ven\/#primaryimage","url":"https:\/\/www.yucatanencorto.com\/noticias\/wp-content\/uploads\/2023\/05\/IMG-20230513-WA0006-scaled.jpg","contentUrl":"https:\/\/www.yucatanencorto.com\/noticias\/wp-content\/uploads\/2023\/05\/IMG-20230513-WA0006-scaled.jpg","width":768,"height":526},{"@type":"BreadcrumbList","@id":"https:\/\/www.yucatanencorto.com\/noticias\/con-mucho-exito-las-tres-nuevas-rutas-de-centro-las-americas-se-integran-a-va-y-ven\/#breadcrumb","itemListElement":[{"@type":"ListItem","position":1,"name":"Portada","item":"https:\/\/www.yucatanencorto.com\/noticias\/"},{"@type":"ListItem","position":2,"name":"Con mucho \u00e9xito, las tres nuevas rutas de Centro- Las Am\u00e9ricas se integran a \u201cVa y ven\u201d"}]},{"@type":"WebSite","@id":"https:\/\/www.yucatanencorto.com\/noticias\/#website","url":"https:\/\/www.yucatanencorto.com\/noticias\/","name":"Yucat\u00e1n en corto","description":"Noticias","potentialAction":[{"@type":"SearchAction","target":{"@type":"EntryPoint","urlTemplate":"https:\/\/www.yucatanencorto.com\/noticias\/?s={search_term_string}"},"query-input":{"@type":"PropertyValueSpecification","valueRequired":true,"valueName":"search_term_string"}}],"inLanguage":"es"},{"@type":"Person","@id":"https:\/\/www.yucatanencorto.com\/noticias\/#\/schema\/person\/e2fbdfaf30a07014a43940ce989f3119","name":"Redes","image":{"@type":"ImageObject","inLanguage":"es","@id":"https:\/\/secure.gravatar.com\/avatar\/5931a2d21dd7cc834f44c8c34fe56d90ed6d536ef452cbf870c7485b524dddd7?s=96&d=mm&r=g","url":"https:\/\/secure.gravatar.com\/avatar\/5931a2d21dd7cc834f44c8c34fe56d90ed6d536ef452cbf870c7485b524dddd7?s=96&d=mm&r=g","contentUrl":"https:\/\/secure.gravatar.com\/avatar\/5931a2d21dd7cc834f44c8c34fe56d90ed6d536ef452cbf870c7485b524dddd7?s=96&d=mm&r=g","caption":"Redes"},"url":"https:\/\/www.yucatanencorto.com\/noticias\/author\/redes\/"}]}},"_links":{"self":[{"href":"https:\/\/www.yucatanencorto.com\/noticias\/wp-json\/wp\/v2\/posts\/98054","targetHints":{"allow":["GET"]}}],"collection":[{"href":"https:\/\/www.yucatanencorto.com\/noticias\/wp-json\/wp\/v2\/posts"}],"about":[{"href":"https:\/\/www.yucatanencorto.com\/noticias\/wp-json\/wp\/v2\/types\/post"}],"author":[{"embeddable":true,"href":"https:\/\/www.yucatanencorto.com\/noticias\/wp-json\/wp\/v2\/users\/3"}],"replies":[{"embeddable":true,"href":"https:\/\/www.yucatanencorto.com\/noticias\/wp-json\/wp\/v2\/comments?post=98054"}],"version-history":[{"count":0,"href":"https:\/\/www.yucatanencorto.com\/noticias\/wp-json\/wp\/v2\/posts\/98054\/revisions"}],"wp:featuredmedia":[{"embeddable":true,"href":"https:\/\/www.yucatanencorto.com\/noticias\/wp-json\/wp\/v2\/media\/98056"}],"wp:attachment":[{"href":"https:\/\/www.yucatanencorto.com\/noticias\/wp-json\/wp\/v2\/media?parent=98054"}],"wp:term":[{"taxonomy":"category","embeddable":true,"href":"https:\/\/www.yucatanencorto.com\/noticias\/wp-json\/wp\/v2\/categories?post=98054"},{"taxonomy":"post_tag","embeddable":true,"href":"https:\/\/www.yucatanencorto.com\/noticias\/wp-json\/wp\/v2\/tags?post=98054"}],"curies":[{"name":"wp","href":"https:\/\/api.w.org\/{rel}","templated":true}]}}