{"id":98080,"date":"2023-05-15T16:09:47","date_gmt":"2023-05-15T22:09:47","guid":{"rendered":"https:\/\/www.yucatanencorto.com\/noticias\/?p=98080"},"modified":"2023-05-15T16:09:47","modified_gmt":"2023-05-15T22:09:47","slug":"nuevo-parque-lineal-anicabil-arqueologico-en-caucel","status":"publish","type":"post","link":"https:\/\/www.yucatanencorto.com\/noticias\/nuevo-parque-lineal-anicabil-arqueologico-en-caucel\/","title":{"rendered":"Nuevo Parque Lineal Anicabil Arqueol\u00f3gico en Caucel"},"content":{"rendered":"<p><img loading=\"lazy\" decoding=\"async\" class=\"alignnone size-full wp-image-98081\" src=\"https:\/\/www.yucatanencorto.com\/noticias\/wp-content\/uploads\/2023\/05\/WhatsApp-Image-2023-05-15-at-3.50.29-PM-1-scaled.jpeg\" alt=\"\" width=\"768\" height=\"516\" srcset=\"https:\/\/www.yucatanencorto.com\/noticias\/wp-content\/uploads\/2023\/05\/WhatsApp-Image-2023-05-15-at-3.50.29-PM-1-scaled.jpeg 768w, https:\/\/www.yucatanencorto.com\/noticias\/wp-content\/uploads\/2023\/05\/WhatsApp-Image-2023-05-15-at-3.50.29-PM-1-696x468.jpeg 696w, https:\/\/www.yucatanencorto.com\/noticias\/wp-content\/uploads\/2023\/05\/WhatsApp-Image-2023-05-15-at-3.50.29-PM-1-625x420.jpeg 625w\" sizes=\"auto, (max-width: 768px) 100vw, 768px\" \/>M\u00e9rida, Yucat\u00e1n a 15 de mayo de 2023.- Para promover la riqueza ecol\u00f3gica e hist\u00f3rica, as\u00ed como la sana convivencia, el Ayuntamiento que encabeza Ren\u00e1n Barrera Concha supervis\u00f3 la construcci\u00f3n del Parque Lineal Anicabil Arqueol\u00f3gico que ampliar\u00e1 la oferta de espacios p\u00fablicos dedicados al esparcimiento de las familias en el Municipio.<br \/>\nEn la supervisi\u00f3n de los trabajos de construcci\u00f3n, el Presidente Municipal inform\u00f3 que este parque lineal estar\u00e1 conectado con el parque arqueobot\u00e1nico Anicabil, la Hacienda Anicabil y el zool\u00f3gico Animaya.<br \/>\nAcompa\u00f1ado de David Lor\u00eda Magdub y Jos\u00e9 Collado Soberanis, directores Obras P\u00fablicas y Servicios P\u00fablicos, respectivamente, Barrera Concha explic\u00f3 que los puntos ecol\u00f3gicos con los que cuenta M\u00e9rida, son entornos seguros para la convivencia familiar ya que son opciones de aprendizaje y esparcimiento gratuito.<br \/>\n\u201cCon este tipo de acciones fomentamos la movilidad sustentable y la activaci\u00f3n de espacios p\u00fablicos, porque las mejoras realizadas en los parques de los distintos rumbos de la ciudad abonan a la cohesi\u00f3n social e impulsan la convivencia vecinal\u201d, dijo.<br \/>\nSe\u00f1al\u00f3 que la construcci\u00f3n del Parque Lineal Anicabil Arqueol\u00f3gico incluye tres estrategias: la conectividad, regeneraci\u00f3n del paisaje y la activaci\u00f3n social, que en conjunto ofrecen beneficios a la poblaci\u00f3n como el desplazamiento sustentable, el cuidado del medio ambiente y la creaci\u00f3n de espacios para desarrollar h\u00e1bitos m\u00e1s sanos y reforzar el tejido social.<br \/>\n\u201cCon esta infraestructura priorizamos los modos de traslado activo como son el uso la bicicleta y la caminata, tambi\u00e9n mejoramos el entorno al respetar y conservar la biodiversidad existente ya que hacemos una intervenci\u00f3n de m\u00ednimo impacto y, finalmente, este proyecto es un espacio p\u00fablico de estancia, con diversos elementos de mobiliario urbano para realizar varias actividades\u201d, expuso.<br \/>\n<img loading=\"lazy\" decoding=\"async\" class=\"alignnone size-full wp-image-98082\" src=\"https:\/\/www.yucatanencorto.com\/noticias\/wp-content\/uploads\/2023\/05\/WhatsApp-Image-2023-05-15-at-3.50.29-PM-scaled.jpeg\" alt=\"\" width=\"768\" height=\"512\" srcset=\"https:\/\/www.yucatanencorto.com\/noticias\/wp-content\/uploads\/2023\/05\/WhatsApp-Image-2023-05-15-at-3.50.29-PM-scaled.jpeg 768w, https:\/\/www.yucatanencorto.com\/noticias\/wp-content\/uploads\/2023\/05\/WhatsApp-Image-2023-05-15-at-3.50.29-PM-696x464.jpeg 696w, https:\/\/www.yucatanencorto.com\/noticias\/wp-content\/uploads\/2023\/05\/WhatsApp-Image-2023-05-15-at-3.50.29-PM-1068x712.jpeg 1068w, https:\/\/www.yucatanencorto.com\/noticias\/wp-content\/uploads\/2023\/05\/WhatsApp-Image-2023-05-15-at-3.50.29-PM-630x420.jpeg 630w\" sizes=\"auto, (max-width: 768px) 100vw, 768px\" \/>El Alcalde record\u00f3 que el objetivo principal es entregar a las familias un espacio de recreaci\u00f3n y encuentro con condiciones que favorezcan la apropiaci\u00f3n ciudadana, adem\u00e1s que ser\u00e1 una v\u00eda sustentable para el traslado de un punto a otro.<br \/>\nPor su parte, Lor\u00eda Magdub manifest\u00f3 que la construcci\u00f3n de este parque, ubicado en la calle 81 Diagonal por 81 y 83 en Ciudad Caucel, tiene un avance de 90 por ciento y representa una inversi\u00f3n de 6 millones 143 mil 529.07 pesos.<br \/>\nEl proyecto, continu\u00f3, contempla el rescate tipo arqueol\u00f3gico del camino antiguo del truck, andador peatonal, nuevo sistema de riego, nuevos circuitos de iluminaci\u00f3n para el camino de la plataforma y nuevo andador peatonal, construcci\u00f3n de banquetas en ambos extremos del parque con sus respectivas rampas para personas con discapacidad.<br \/>\nAdem\u00e1s, a\u00f1adi\u00f3 que se instalan bancas tipo grapa de concreto armado, mesas de picnic, instalaci\u00f3n de papeleras recolectoras de basura y de excretas de perros, instalaci\u00f3n de bombas sumergibles para riego y se\u00f1al\u00e9tica.<br \/>\nFinalmente, esta obra se suma a otros parques lineales de la ciudad, como el de Pacabt\u00fan el cual tendr\u00e1 una extensi\u00f3n de 1.15 kil\u00f3metros de longitud y conectar\u00e1 a la poblaci\u00f3n de los fraccionamientos del Oriente de M\u00e9rida con las canchas de futbol de la zona, la unidad m\u00e9dica familiar del IMSS 59, el Centro Integral para la Plenitud de Personas Mayores \u00abArmon\u00eda\u00bb y el gimnasio \u201cSolidaridad\u201d del IDEY, ubicado en el fraccionamiento del Parque.<\/p>\n","protected":false},"excerpt":{"rendered":"<p>M\u00e9rida, Yucat\u00e1n a 15 de mayo de 2023.- Para promover la riqueza ecol\u00f3gica e hist\u00f3rica, as\u00ed como la sana convivencia, el Ayuntamiento que encabeza Ren\u00e1n Barrera Concha supervis\u00f3 la construcci\u00f3n del Parque Lineal Anicabil Arqueol\u00f3gico que ampliar\u00e1 la oferta de espacios p\u00fablicos dedicados al esparcimiento de las familias en el Municipio. En la supervisi\u00f3n de [&hellip;]<\/p>\n","protected":false},"author":3,"featured_media":98082,"comment_status":"closed","ping_status":"closed","sticky":false,"template":"","format":"standard","meta":{"footnotes":""},"categories":[2],"tags":[],"class_list":{"0":"post-98080","1":"post","2":"type-post","3":"status-publish","4":"format-standard","5":"has-post-thumbnail","7":"category-merida"},"yoast_head":"<!-- This site is optimized with the Yoast SEO plugin v27.5 - https:\/\/yoast.com\/product\/yoast-seo-wordpress\/ -->\n<title>Nuevo Parque Lineal Anicabil Arqueol\u00f3gico en Caucel - Yucat\u00e1n en corto<\/title>\n<meta name=\"robots\" content=\"index, follow, max-snippet:-1, max-image-preview:large, max-video-preview:-1\" \/>\n<link rel=\"canonical\" href=\"https:\/\/www.yucatanencorto.com\/noticias\/nuevo-parque-lineal-anicabil-arqueologico-en-caucel\/\" \/>\n<meta property=\"og:locale\" content=\"es_ES\" \/>\n<meta property=\"og:type\" content=\"article\" \/>\n<meta property=\"og:title\" content=\"Nuevo Parque Lineal Anicabil Arqueol\u00f3gico en Caucel - Yucat\u00e1n en corto\" \/>\n<meta property=\"og:description\" content=\"M\u00e9rida, Yucat\u00e1n a 15 de mayo de 2023.- Para promover la riqueza ecol\u00f3gica e hist\u00f3rica, as\u00ed como la sana convivencia, el Ayuntamiento que encabeza Ren\u00e1n Barrera Concha supervis\u00f3 la construcci\u00f3n del Parque Lineal Anicabil Arqueol\u00f3gico que ampliar\u00e1 la oferta de espacios p\u00fablicos dedicados al esparcimiento de las familias en el Municipio. En la supervisi\u00f3n de [&hellip;]\" \/>\n<meta property=\"og:url\" content=\"https:\/\/www.yucatanencorto.com\/noticias\/nuevo-parque-lineal-anicabil-arqueologico-en-caucel\/\" \/>\n<meta property=\"og:site_name\" content=\"Yucat\u00e1n en corto\" \/>\n<meta property=\"article:publisher\" content=\"http:\/\/www.facebook.com\/yucatanencorto\" \/>\n<meta property=\"article:published_time\" content=\"2023-05-15T22:09:47+00:00\" \/>\n<meta property=\"og:image\" content=\"https:\/\/www.yucatanencorto.com\/noticias\/wp-content\/uploads\/2023\/05\/WhatsApp-Image-2023-05-15-at-3.50.29-PM-scaled.jpeg\" \/>\n\t<meta property=\"og:image:width\" content=\"768\" \/>\n\t<meta property=\"og:image:height\" content=\"512\" \/>\n\t<meta property=\"og:image:type\" content=\"image\/jpeg\" \/>\n<meta name=\"author\" content=\"Redes\" \/>\n<meta name=\"twitter:card\" content=\"summary_large_image\" \/>\n<meta name=\"twitter:creator\" content=\"@yucatanencorto\" \/>\n<meta name=\"twitter:site\" content=\"@yucatanencorto\" \/>\n<meta name=\"twitter:label1\" content=\"Escrito por\" \/>\n\t<meta name=\"twitter:data1\" content=\"Redes\" \/>\n\t<meta name=\"twitter:label2\" content=\"Tiempo de lectura\" \/>\n\t<meta name=\"twitter:data2\" content=\"3 minutos\" \/>\n<script type=\"application\/ld+json\" class=\"yoast-schema-graph\">{\"@context\":\"https:\\\/\\\/schema.org\",\"@graph\":[{\"@type\":\"Article\",\"@id\":\"https:\\\/\\\/www.yucatanencorto.com\\\/noticias\\\/nuevo-parque-lineal-anicabil-arqueologico-en-caucel\\\/#article\",\"isPartOf\":{\"@id\":\"https:\\\/\\\/www.yucatanencorto.com\\\/noticias\\\/nuevo-parque-lineal-anicabil-arqueologico-en-caucel\\\/\"},\"author\":{\"name\":\"Redes\",\"@id\":\"https:\\\/\\\/www.yucatanencorto.com\\\/noticias\\\/#\\\/schema\\\/person\\\/e2fbdfaf30a07014a43940ce989f3119\"},\"headline\":\"Nuevo Parque Lineal Anicabil Arqueol\u00f3gico en Caucel\",\"datePublished\":\"2023-05-15T22:09:47+00:00\",\"mainEntityOfPage\":{\"@id\":\"https:\\\/\\\/www.yucatanencorto.com\\\/noticias\\\/nuevo-parque-lineal-anicabil-arqueologico-en-caucel\\\/\"},\"wordCount\":570,\"image\":{\"@id\":\"https:\\\/\\\/www.yucatanencorto.com\\\/noticias\\\/nuevo-parque-lineal-anicabil-arqueologico-en-caucel\\\/#primaryimage\"},\"thumbnailUrl\":\"https:\\\/\\\/www.yucatanencorto.com\\\/noticias\\\/wp-content\\\/uploads\\\/2023\\\/05\\\/WhatsApp-Image-2023-05-15-at-3.50.29-PM-scaled.jpeg\",\"articleSection\":[\"M\u00e9rida\"],\"inLanguage\":\"es\"},{\"@type\":\"WebPage\",\"@id\":\"https:\\\/\\\/www.yucatanencorto.com\\\/noticias\\\/nuevo-parque-lineal-anicabil-arqueologico-en-caucel\\\/\",\"url\":\"https:\\\/\\\/www.yucatanencorto.com\\\/noticias\\\/nuevo-parque-lineal-anicabil-arqueologico-en-caucel\\\/\",\"name\":\"Nuevo Parque Lineal Anicabil Arqueol\u00f3gico en Caucel - Yucat\u00e1n en corto\",\"isPartOf\":{\"@id\":\"https:\\\/\\\/www.yucatanencorto.com\\\/noticias\\\/#website\"},\"primaryImageOfPage\":{\"@id\":\"https:\\\/\\\/www.yucatanencorto.com\\\/noticias\\\/nuevo-parque-lineal-anicabil-arqueologico-en-caucel\\\/#primaryimage\"},\"image\":{\"@id\":\"https:\\\/\\\/www.yucatanencorto.com\\\/noticias\\\/nuevo-parque-lineal-anicabil-arqueologico-en-caucel\\\/#primaryimage\"},\"thumbnailUrl\":\"https:\\\/\\\/www.yucatanencorto.com\\\/noticias\\\/wp-content\\\/uploads\\\/2023\\\/05\\\/WhatsApp-Image-2023-05-15-at-3.50.29-PM-scaled.jpeg\",\"datePublished\":\"2023-05-15T22:09:47+00:00\",\"author\":{\"@id\":\"https:\\\/\\\/www.yucatanencorto.com\\\/noticias\\\/#\\\/schema\\\/person\\\/e2fbdfaf30a07014a43940ce989f3119\"},\"breadcrumb\":{\"@id\":\"https:\\\/\\\/www.yucatanencorto.com\\\/noticias\\\/nuevo-parque-lineal-anicabil-arqueologico-en-caucel\\\/#breadcrumb\"},\"inLanguage\":\"es\",\"potentialAction\":[{\"@type\":\"ReadAction\",\"target\":[\"https:\\\/\\\/www.yucatanencorto.com\\\/noticias\\\/nuevo-parque-lineal-anicabil-arqueologico-en-caucel\\\/\"]}]},{\"@type\":\"ImageObject\",\"inLanguage\":\"es\",\"@id\":\"https:\\\/\\\/www.yucatanencorto.com\\\/noticias\\\/nuevo-parque-lineal-anicabil-arqueologico-en-caucel\\\/#primaryimage\",\"url\":\"https:\\\/\\\/www.yucatanencorto.com\\\/noticias\\\/wp-content\\\/uploads\\\/2023\\\/05\\\/WhatsApp-Image-2023-05-15-at-3.50.29-PM-scaled.jpeg\",\"contentUrl\":\"https:\\\/\\\/www.yucatanencorto.com\\\/noticias\\\/wp-content\\\/uploads\\\/2023\\\/05\\\/WhatsApp-Image-2023-05-15-at-3.50.29-PM-scaled.jpeg\",\"width\":768,\"height\":512},{\"@type\":\"BreadcrumbList\",\"@id\":\"https:\\\/\\\/www.yucatanencorto.com\\\/noticias\\\/nuevo-parque-lineal-anicabil-arqueologico-en-caucel\\\/#breadcrumb\",\"itemListElement\":[{\"@type\":\"ListItem\",\"position\":1,\"name\":\"Portada\",\"item\":\"https:\\\/\\\/www.yucatanencorto.com\\\/noticias\\\/\"},{\"@type\":\"ListItem\",\"position\":2,\"name\":\"Nuevo Parque Lineal Anicabil Arqueol\u00f3gico en Caucel\"}]},{\"@type\":\"WebSite\",\"@id\":\"https:\\\/\\\/www.yucatanencorto.com\\\/noticias\\\/#website\",\"url\":\"https:\\\/\\\/www.yucatanencorto.com\\\/noticias\\\/\",\"name\":\"Yucat\u00e1n en corto\",\"description\":\"Noticias\",\"potentialAction\":[{\"@type\":\"SearchAction\",\"target\":{\"@type\":\"EntryPoint\",\"urlTemplate\":\"https:\\\/\\\/www.yucatanencorto.com\\\/noticias\\\/?s={search_term_string}\"},\"query-input\":{\"@type\":\"PropertyValueSpecification\",\"valueRequired\":true,\"valueName\":\"search_term_string\"}}],\"inLanguage\":\"es\"},{\"@type\":\"Person\",\"@id\":\"https:\\\/\\\/www.yucatanencorto.com\\\/noticias\\\/#\\\/schema\\\/person\\\/e2fbdfaf30a07014a43940ce989f3119\",\"name\":\"Redes\",\"image\":{\"@type\":\"ImageObject\",\"inLanguage\":\"es\",\"@id\":\"https:\\\/\\\/secure.gravatar.com\\\/avatar\\\/5931a2d21dd7cc834f44c8c34fe56d90ed6d536ef452cbf870c7485b524dddd7?s=96&d=mm&r=g\",\"url\":\"https:\\\/\\\/secure.gravatar.com\\\/avatar\\\/5931a2d21dd7cc834f44c8c34fe56d90ed6d536ef452cbf870c7485b524dddd7?s=96&d=mm&r=g\",\"contentUrl\":\"https:\\\/\\\/secure.gravatar.com\\\/avatar\\\/5931a2d21dd7cc834f44c8c34fe56d90ed6d536ef452cbf870c7485b524dddd7?s=96&d=mm&r=g\",\"caption\":\"Redes\"},\"url\":\"https:\\\/\\\/www.yucatanencorto.com\\\/noticias\\\/author\\\/redes\\\/\"}]}<\/script>\n<!-- \/ Yoast SEO plugin. -->","yoast_head_json":{"title":"Nuevo Parque Lineal Anicabil Arqueol\u00f3gico en Caucel - Yucat\u00e1n en corto","robots":{"index":"index","follow":"follow","max-snippet":"max-snippet:-1","max-image-preview":"max-image-preview:large","max-video-preview":"max-video-preview:-1"},"canonical":"https:\/\/www.yucatanencorto.com\/noticias\/nuevo-parque-lineal-anicabil-arqueologico-en-caucel\/","og_locale":"es_ES","og_type":"article","og_title":"Nuevo Parque Lineal Anicabil Arqueol\u00f3gico en Caucel - Yucat\u00e1n en corto","og_description":"M\u00e9rida, Yucat\u00e1n a 15 de mayo de 2023.- Para promover la riqueza ecol\u00f3gica e hist\u00f3rica, as\u00ed como la sana convivencia, el Ayuntamiento que encabeza Ren\u00e1n Barrera Concha supervis\u00f3 la construcci\u00f3n del Parque Lineal Anicabil Arqueol\u00f3gico que ampliar\u00e1 la oferta de espacios p\u00fablicos dedicados al esparcimiento de las familias en el Municipio. En la supervisi\u00f3n de [&hellip;]","og_url":"https:\/\/www.yucatanencorto.com\/noticias\/nuevo-parque-lineal-anicabil-arqueologico-en-caucel\/","og_site_name":"Yucat\u00e1n en corto","article_publisher":"http:\/\/www.facebook.com\/yucatanencorto","article_published_time":"2023-05-15T22:09:47+00:00","og_image":[{"width":768,"height":512,"url":"https:\/\/www.yucatanencorto.com\/noticias\/wp-content\/uploads\/2023\/05\/WhatsApp-Image-2023-05-15-at-3.50.29-PM-scaled.jpeg","type":"image\/jpeg"}],"author":"Redes","twitter_card":"summary_large_image","twitter_creator":"@yucatanencorto","twitter_site":"@yucatanencorto","twitter_misc":{"Escrito por":"Redes","Tiempo de lectura":"3 minutos"},"schema":{"@context":"https:\/\/schema.org","@graph":[{"@type":"Article","@id":"https:\/\/www.yucatanencorto.com\/noticias\/nuevo-parque-lineal-anicabil-arqueologico-en-caucel\/#article","isPartOf":{"@id":"https:\/\/www.yucatanencorto.com\/noticias\/nuevo-parque-lineal-anicabil-arqueologico-en-caucel\/"},"author":{"name":"Redes","@id":"https:\/\/www.yucatanencorto.com\/noticias\/#\/schema\/person\/e2fbdfaf30a07014a43940ce989f3119"},"headline":"Nuevo Parque Lineal Anicabil Arqueol\u00f3gico en Caucel","datePublished":"2023-05-15T22:09:47+00:00","mainEntityOfPage":{"@id":"https:\/\/www.yucatanencorto.com\/noticias\/nuevo-parque-lineal-anicabil-arqueologico-en-caucel\/"},"wordCount":570,"image":{"@id":"https:\/\/www.yucatanencorto.com\/noticias\/nuevo-parque-lineal-anicabil-arqueologico-en-caucel\/#primaryimage"},"thumbnailUrl":"https:\/\/www.yucatanencorto.com\/noticias\/wp-content\/uploads\/2023\/05\/WhatsApp-Image-2023-05-15-at-3.50.29-PM-scaled.jpeg","articleSection":["M\u00e9rida"],"inLanguage":"es"},{"@type":"WebPage","@id":"https:\/\/www.yucatanencorto.com\/noticias\/nuevo-parque-lineal-anicabil-arqueologico-en-caucel\/","url":"https:\/\/www.yucatanencorto.com\/noticias\/nuevo-parque-lineal-anicabil-arqueologico-en-caucel\/","name":"Nuevo Parque Lineal Anicabil Arqueol\u00f3gico en Caucel - Yucat\u00e1n en corto","isPartOf":{"@id":"https:\/\/www.yucatanencorto.com\/noticias\/#website"},"primaryImageOfPage":{"@id":"https:\/\/www.yucatanencorto.com\/noticias\/nuevo-parque-lineal-anicabil-arqueologico-en-caucel\/#primaryimage"},"image":{"@id":"https:\/\/www.yucatanencorto.com\/noticias\/nuevo-parque-lineal-anicabil-arqueologico-en-caucel\/#primaryimage"},"thumbnailUrl":"https:\/\/www.yucatanencorto.com\/noticias\/wp-content\/uploads\/2023\/05\/WhatsApp-Image-2023-05-15-at-3.50.29-PM-scaled.jpeg","datePublished":"2023-05-15T22:09:47+00:00","author":{"@id":"https:\/\/www.yucatanencorto.com\/noticias\/#\/schema\/person\/e2fbdfaf30a07014a43940ce989f3119"},"breadcrumb":{"@id":"https:\/\/www.yucatanencorto.com\/noticias\/nuevo-parque-lineal-anicabil-arqueologico-en-caucel\/#breadcrumb"},"inLanguage":"es","potentialAction":[{"@type":"ReadAction","target":["https:\/\/www.yucatanencorto.com\/noticias\/nuevo-parque-lineal-anicabil-arqueologico-en-caucel\/"]}]},{"@type":"ImageObject","inLanguage":"es","@id":"https:\/\/www.yucatanencorto.com\/noticias\/nuevo-parque-lineal-anicabil-arqueologico-en-caucel\/#primaryimage","url":"https:\/\/www.yucatanencorto.com\/noticias\/wp-content\/uploads\/2023\/05\/WhatsApp-Image-2023-05-15-at-3.50.29-PM-scaled.jpeg","contentUrl":"https:\/\/www.yucatanencorto.com\/noticias\/wp-content\/uploads\/2023\/05\/WhatsApp-Image-2023-05-15-at-3.50.29-PM-scaled.jpeg","width":768,"height":512},{"@type":"BreadcrumbList","@id":"https:\/\/www.yucatanencorto.com\/noticias\/nuevo-parque-lineal-anicabil-arqueologico-en-caucel\/#breadcrumb","itemListElement":[{"@type":"ListItem","position":1,"name":"Portada","item":"https:\/\/www.yucatanencorto.com\/noticias\/"},{"@type":"ListItem","position":2,"name":"Nuevo Parque Lineal Anicabil Arqueol\u00f3gico en Caucel"}]},{"@type":"WebSite","@id":"https:\/\/www.yucatanencorto.com\/noticias\/#website","url":"https:\/\/www.yucatanencorto.com\/noticias\/","name":"Yucat\u00e1n en corto","description":"Noticias","potentialAction":[{"@type":"SearchAction","target":{"@type":"EntryPoint","urlTemplate":"https:\/\/www.yucatanencorto.com\/noticias\/?s={search_term_string}"},"query-input":{"@type":"PropertyValueSpecification","valueRequired":true,"valueName":"search_term_string"}}],"inLanguage":"es"},{"@type":"Person","@id":"https:\/\/www.yucatanencorto.com\/noticias\/#\/schema\/person\/e2fbdfaf30a07014a43940ce989f3119","name":"Redes","image":{"@type":"ImageObject","inLanguage":"es","@id":"https:\/\/secure.gravatar.com\/avatar\/5931a2d21dd7cc834f44c8c34fe56d90ed6d536ef452cbf870c7485b524dddd7?s=96&d=mm&r=g","url":"https:\/\/secure.gravatar.com\/avatar\/5931a2d21dd7cc834f44c8c34fe56d90ed6d536ef452cbf870c7485b524dddd7?s=96&d=mm&r=g","contentUrl":"https:\/\/secure.gravatar.com\/avatar\/5931a2d21dd7cc834f44c8c34fe56d90ed6d536ef452cbf870c7485b524dddd7?s=96&d=mm&r=g","caption":"Redes"},"url":"https:\/\/www.yucatanencorto.com\/noticias\/author\/redes\/"}]}},"_links":{"self":[{"href":"https:\/\/www.yucatanencorto.com\/noticias\/wp-json\/wp\/v2\/posts\/98080","targetHints":{"allow":["GET"]}}],"collection":[{"href":"https:\/\/www.yucatanencorto.com\/noticias\/wp-json\/wp\/v2\/posts"}],"about":[{"href":"https:\/\/www.yucatanencorto.com\/noticias\/wp-json\/wp\/v2\/types\/post"}],"author":[{"embeddable":true,"href":"https:\/\/www.yucatanencorto.com\/noticias\/wp-json\/wp\/v2\/users\/3"}],"replies":[{"embeddable":true,"href":"https:\/\/www.yucatanencorto.com\/noticias\/wp-json\/wp\/v2\/comments?post=98080"}],"version-history":[{"count":0,"href":"https:\/\/www.yucatanencorto.com\/noticias\/wp-json\/wp\/v2\/posts\/98080\/revisions"}],"wp:featuredmedia":[{"embeddable":true,"href":"https:\/\/www.yucatanencorto.com\/noticias\/wp-json\/wp\/v2\/media\/98082"}],"wp:attachment":[{"href":"https:\/\/www.yucatanencorto.com\/noticias\/wp-json\/wp\/v2\/media?parent=98080"}],"wp:term":[{"taxonomy":"category","embeddable":true,"href":"https:\/\/www.yucatanencorto.com\/noticias\/wp-json\/wp\/v2\/categories?post=98080"},{"taxonomy":"post_tag","embeddable":true,"href":"https:\/\/www.yucatanencorto.com\/noticias\/wp-json\/wp\/v2\/tags?post=98080"}],"curies":[{"name":"wp","href":"https:\/\/api.w.org\/{rel}","templated":true}]}}