{"id":98084,"date":"2023-05-15T16:43:16","date_gmt":"2023-05-15T22:43:16","guid":{"rendered":"https:\/\/www.yucatanencorto.com\/noticias\/?p=98084"},"modified":"2023-05-15T16:43:16","modified_gmt":"2023-05-15T22:43:16","slug":"se-realiza-con-exito-el-primer-concurso-de-debate-entre-jovenes-universitarios","status":"publish","type":"post","link":"https:\/\/www.yucatanencorto.com\/noticias\/se-realiza-con-exito-el-primer-concurso-de-debate-entre-jovenes-universitarios\/","title":{"rendered":"Se realiza con \u00e9xito el Primer Concurso de Debate entre j\u00f3venes universitarios"},"content":{"rendered":"<p><img loading=\"lazy\" decoding=\"async\" class=\"alignnone size-full wp-image-98086\" src=\"https:\/\/www.yucatanencorto.com\/noticias\/wp-content\/uploads\/2023\/05\/WhatsApp-Image-2023-05-15-at-4.18.25-PM-1-scaled.jpeg\" alt=\"\" width=\"768\" height=\"512\" srcset=\"https:\/\/www.yucatanencorto.com\/noticias\/wp-content\/uploads\/2023\/05\/WhatsApp-Image-2023-05-15-at-4.18.25-PM-1-scaled.jpeg 768w, https:\/\/www.yucatanencorto.com\/noticias\/wp-content\/uploads\/2023\/05\/WhatsApp-Image-2023-05-15-at-4.18.25-PM-1-696x464.jpeg 696w, https:\/\/www.yucatanencorto.com\/noticias\/wp-content\/uploads\/2023\/05\/WhatsApp-Image-2023-05-15-at-4.18.25-PM-1-1068x712.jpeg 1068w, https:\/\/www.yucatanencorto.com\/noticias\/wp-content\/uploads\/2023\/05\/WhatsApp-Image-2023-05-15-at-4.18.25-PM-1-630x420.jpeg 630w\" sizes=\"auto, (max-width: 768px) 100vw, 768px\" \/>M\u00e9rida, Yucat\u00e1n a 15 de mayo de 2023.- Como parte de las actividades programadas por el Bicentenario de la Instalaci\u00f3n del Augusto Congreso Constituyente del Estado de Yucat\u00e1n, se llev\u00f3 a cabo el Primer Concurso de Debate Interuniversitario \u201cMa\u00f1ana ser\u00e1 tarde\u201d, para contribuir al desarrollo de las habilidades argumentativas y de investigaci\u00f3n de la juventud yucateca.<\/p>\n<p>Al inaugurar el Primer Debate, el presidente de la JUGOCOPO, diputado V\u00edctor Hugo Lozano Poveda se\u00f1al\u00f3 que esta actividad representa un compromiso m\u00e1s de la LXIII Legislatura de mantener un Congreso de puertas abiertas que permita el di\u00e1logo y la participaci\u00f3n de todas y todos los yucatecos.<\/p>\n<p>\u201cQuiero reconocer la presencia de las y los representantes de las Universidades que hoy se encuentran agrupadas para apoyar este concurso que forma parte de las actividades programadas para conmemorar los 200 a\u00f1os de la Instalaci\u00f3n del Augusto Congreso\u201d, dijo.<br \/>\n<img loading=\"lazy\" decoding=\"async\" class=\"alignnone size-full wp-image-98085\" src=\"https:\/\/www.yucatanencorto.com\/noticias\/wp-content\/uploads\/2023\/05\/WhatsApp-Image-2023-05-15-at-4.18.24-PM-scaled.jpeg\" alt=\"\" width=\"768\" height=\"473\" srcset=\"https:\/\/www.yucatanencorto.com\/noticias\/wp-content\/uploads\/2023\/05\/WhatsApp-Image-2023-05-15-at-4.18.24-PM-scaled.jpeg 768w, https:\/\/www.yucatanencorto.com\/noticias\/wp-content\/uploads\/2023\/05\/WhatsApp-Image-2023-05-15-at-4.18.24-PM-696x428.jpeg 696w, https:\/\/www.yucatanencorto.com\/noticias\/wp-content\/uploads\/2023\/05\/WhatsApp-Image-2023-05-15-at-4.18.24-PM-1068x657.jpeg 1068w, https:\/\/www.yucatanencorto.com\/noticias\/wp-content\/uploads\/2023\/05\/WhatsApp-Image-2023-05-15-at-4.18.24-PM-682x420.jpeg 682w, https:\/\/www.yucatanencorto.com\/noticias\/wp-content\/uploads\/2023\/05\/WhatsApp-Image-2023-05-15-at-4.18.24-PM-356x220.jpeg 356w\" sizes=\"auto, (max-width: 768px) 100vw, 768px\" \/><br \/>\nEn el evento realizado en el \u201cSal\u00f3n Constituyentes de 1918\u201d del Congreso del Estado, se agruparon los diez participantes de igual n\u00famero de escuelas, quienes demostraron sus habilidades para defender los temas que les fueron asignados previo al inicio del debate. El jurado estuvo conformado por el diputado V\u00edctor Hugo Lozano Poveda (PAN), la diputada Vida G\u00f3mez Herrera (MC), el diputado Crescencio Guti\u00e9rrez Gonz\u00e1lez (NA) y el diputado Eduardo Sobrino Sierra (PRD) integrantes de la Junta de Gobierno y Coordinaci\u00f3n Pol\u00edtica (JUGOCOPO).<\/p>\n<p>Los estudiantes participantes fueron de la Universidad Vizcaya de las Am\u00e9ricas, Sabine Bass Carde\u00f1a; de la Universidad de Valladolid, \u00c1ngel Tun Ek; del Centro de Estudios Superiores CTM \u201cJusto Sierra O\u2019Reilly\u201d, Juan Dom\u00ednguez Gil; de la Universidad Mesoamericana de San Agust\u00edn, Emmanuel Segura Castro; de la Universidad Aut\u00f3noma de Yucat\u00e1n, Rafael Lope Herrera; de la Universidad del Valle de M\u00e9xico, Sergio Alatorre Pool; de la Universidad An\u00e1huac Mayab, Gabriel Aguayo D\u00edaz; de la Universidad Marista, Alejandro Rosado Rodr\u00edguez y de la Universidad Privada de la Pen\u00ednsula Campus Tekax, \u00c1ngel Gonz\u00e1lez Su\u00e1rez.<br \/>\n<img loading=\"lazy\" decoding=\"async\" class=\"alignnone size-full wp-image-98087\" src=\"https:\/\/www.yucatanencorto.com\/noticias\/wp-content\/uploads\/2023\/05\/WhatsApp-Image-2023-05-15-at-4.18.25-PM-2-scaled.jpeg\" alt=\"\" width=\"768\" height=\"512\" srcset=\"https:\/\/www.yucatanencorto.com\/noticias\/wp-content\/uploads\/2023\/05\/WhatsApp-Image-2023-05-15-at-4.18.25-PM-2-scaled.jpeg 768w, https:\/\/www.yucatanencorto.com\/noticias\/wp-content\/uploads\/2023\/05\/WhatsApp-Image-2023-05-15-at-4.18.25-PM-2-696x464.jpeg 696w, https:\/\/www.yucatanencorto.com\/noticias\/wp-content\/uploads\/2023\/05\/WhatsApp-Image-2023-05-15-at-4.18.25-PM-2-1068x712.jpeg 1068w, https:\/\/www.yucatanencorto.com\/noticias\/wp-content\/uploads\/2023\/05\/WhatsApp-Image-2023-05-15-at-4.18.25-PM-2-630x420.jpeg 630w\" sizes=\"auto, (max-width: 768px) 100vw, 768px\" \/><br \/>\nLos temas para debatir estuvieron enfocados en los derechos de las mujeres, la violencia de g\u00e9nero, las juventudes, redes sociales, gobiernos de coalici\u00f3n, m\u00ednimo de edad para las personas que aspiran a cargos p\u00fablicos y la cultura de la paz. Se dividi\u00f3 en cinco rondas preliminares hasta llegar a los dos finalistas que disputar\u00e1n el primer lugar.<\/p>\n<p>Este fue otorgado al alumno de la Universidad Aut\u00f3noma de la Uady, Rafael Lope Herrera, quien alcanz\u00f3 el mayor puntaje y la mejor participaci\u00f3n; el segundo lugar fue para Alejandro Rosado Rodr\u00edguez de la Universidad Marista y el tercer lugar para M\u00f3nica Alejandra Galaz Brice\u00f1o de la Universidad Modelo.<br \/>\n<img loading=\"lazy\" decoding=\"async\" class=\"alignnone size-full wp-image-98088\" src=\"https:\/\/www.yucatanencorto.com\/noticias\/wp-content\/uploads\/2023\/05\/WhatsApp-Image-2023-05-15-at-4.18.25-PM-scaled.jpeg\" alt=\"\" width=\"768\" height=\"512\" srcset=\"https:\/\/www.yucatanencorto.com\/noticias\/wp-content\/uploads\/2023\/05\/WhatsApp-Image-2023-05-15-at-4.18.25-PM-scaled.jpeg 768w, https:\/\/www.yucatanencorto.com\/noticias\/wp-content\/uploads\/2023\/05\/WhatsApp-Image-2023-05-15-at-4.18.25-PM-696x464.jpeg 696w, https:\/\/www.yucatanencorto.com\/noticias\/wp-content\/uploads\/2023\/05\/WhatsApp-Image-2023-05-15-at-4.18.25-PM-1068x712.jpeg 1068w, https:\/\/www.yucatanencorto.com\/noticias\/wp-content\/uploads\/2023\/05\/WhatsApp-Image-2023-05-15-at-4.18.25-PM-630x420.jpeg 630w\" sizes=\"auto, (max-width: 768px) 100vw, 768px\" \/><br \/>\nAl t\u00e9rmino, se entreg\u00f3 el reconocimiento a todos los participantes y se inform\u00f3 que la premiaci\u00f3n oficial ser\u00e1 el mi\u00e9rcoles 17 durante la realizaci\u00f3n de la sesi\u00f3n plenaria.<\/p>\n<p>En el concurso estuvieron presentes las diputadas Melba Gamboa \u00c1vila y Karla Salazar Gonz\u00e1lez y los diputados Erik Rihani Gonz\u00e1lez, Luis Fern\u00e1ndez Vidal y Esteban Abraham Macari.<\/p>\n","protected":false},"excerpt":{"rendered":"<p>M\u00e9rida, Yucat\u00e1n a 15 de mayo de 2023.- Como parte de las actividades programadas por el Bicentenario de la Instalaci\u00f3n del Augusto Congreso Constituyente del Estado de Yucat\u00e1n, se llev\u00f3 a cabo el Primer Concurso de Debate Interuniversitario \u201cMa\u00f1ana ser\u00e1 tarde\u201d, para contribuir al desarrollo de las habilidades argumentativas y de investigaci\u00f3n de la juventud [&hellip;]<\/p>\n","protected":false},"author":3,"featured_media":98088,"comment_status":"closed","ping_status":"closed","sticky":false,"template":"","format":"standard","meta":{"footnotes":""},"categories":[3],"tags":[],"class_list":{"0":"post-98084","1":"post","2":"type-post","3":"status-publish","4":"format-standard","5":"has-post-thumbnail","7":"category-yucatan"},"yoast_head":"<!-- This site is optimized with the Yoast SEO plugin v27.5 - https:\/\/yoast.com\/product\/yoast-seo-wordpress\/ -->\n<title>Se realiza con \u00e9xito el Primer Concurso de Debate entre j\u00f3venes universitarios - Yucat\u00e1n en corto<\/title>\n<meta name=\"robots\" content=\"index, follow, max-snippet:-1, max-image-preview:large, max-video-preview:-1\" \/>\n<link rel=\"canonical\" href=\"https:\/\/www.yucatanencorto.com\/noticias\/se-realiza-con-exito-el-primer-concurso-de-debate-entre-jovenes-universitarios\/\" \/>\n<meta property=\"og:locale\" content=\"es_ES\" \/>\n<meta property=\"og:type\" content=\"article\" \/>\n<meta property=\"og:title\" content=\"Se realiza con \u00e9xito el Primer Concurso de Debate entre j\u00f3venes universitarios - Yucat\u00e1n en corto\" \/>\n<meta property=\"og:description\" content=\"M\u00e9rida, Yucat\u00e1n a 15 de mayo de 2023.- Como parte de las actividades programadas por el Bicentenario de la Instalaci\u00f3n del Augusto Congreso Constituyente del Estado de Yucat\u00e1n, se llev\u00f3 a cabo el Primer Concurso de Debate Interuniversitario \u201cMa\u00f1ana ser\u00e1 tarde\u201d, para contribuir al desarrollo de las habilidades argumentativas y de investigaci\u00f3n de la juventud [&hellip;]\" \/>\n<meta property=\"og:url\" content=\"https:\/\/www.yucatanencorto.com\/noticias\/se-realiza-con-exito-el-primer-concurso-de-debate-entre-jovenes-universitarios\/\" \/>\n<meta property=\"og:site_name\" content=\"Yucat\u00e1n en corto\" \/>\n<meta property=\"article:publisher\" content=\"http:\/\/www.facebook.com\/yucatanencorto\" \/>\n<meta property=\"article:published_time\" content=\"2023-05-15T22:43:16+00:00\" \/>\n<meta property=\"og:image\" content=\"https:\/\/www.yucatanencorto.com\/noticias\/wp-content\/uploads\/2023\/05\/WhatsApp-Image-2023-05-15-at-4.18.25-PM-scaled.jpeg\" \/>\n\t<meta property=\"og:image:width\" content=\"768\" \/>\n\t<meta property=\"og:image:height\" content=\"512\" \/>\n\t<meta property=\"og:image:type\" content=\"image\/jpeg\" \/>\n<meta name=\"author\" content=\"Redes\" \/>\n<meta name=\"twitter:card\" content=\"summary_large_image\" \/>\n<meta name=\"twitter:creator\" content=\"@yucatanencorto\" \/>\n<meta name=\"twitter:site\" content=\"@yucatanencorto\" \/>\n<meta name=\"twitter:label1\" content=\"Escrito por\" \/>\n\t<meta name=\"twitter:data1\" content=\"Redes\" \/>\n\t<meta name=\"twitter:label2\" content=\"Tiempo de lectura\" \/>\n\t<meta name=\"twitter:data2\" content=\"3 minutos\" \/>\n<script type=\"application\/ld+json\" class=\"yoast-schema-graph\">{\"@context\":\"https:\\\/\\\/schema.org\",\"@graph\":[{\"@type\":\"Article\",\"@id\":\"https:\\\/\\\/www.yucatanencorto.com\\\/noticias\\\/se-realiza-con-exito-el-primer-concurso-de-debate-entre-jovenes-universitarios\\\/#article\",\"isPartOf\":{\"@id\":\"https:\\\/\\\/www.yucatanencorto.com\\\/noticias\\\/se-realiza-con-exito-el-primer-concurso-de-debate-entre-jovenes-universitarios\\\/\"},\"author\":{\"name\":\"Redes\",\"@id\":\"https:\\\/\\\/www.yucatanencorto.com\\\/noticias\\\/#\\\/schema\\\/person\\\/e2fbdfaf30a07014a43940ce989f3119\"},\"headline\":\"Se realiza con \u00e9xito el Primer Concurso de Debate entre j\u00f3venes universitarios\",\"datePublished\":\"2023-05-15T22:43:16+00:00\",\"mainEntityOfPage\":{\"@id\":\"https:\\\/\\\/www.yucatanencorto.com\\\/noticias\\\/se-realiza-con-exito-el-primer-concurso-de-debate-entre-jovenes-universitarios\\\/\"},\"wordCount\":539,\"image\":{\"@id\":\"https:\\\/\\\/www.yucatanencorto.com\\\/noticias\\\/se-realiza-con-exito-el-primer-concurso-de-debate-entre-jovenes-universitarios\\\/#primaryimage\"},\"thumbnailUrl\":\"https:\\\/\\\/www.yucatanencorto.com\\\/noticias\\\/wp-content\\\/uploads\\\/2023\\\/05\\\/WhatsApp-Image-2023-05-15-at-4.18.25-PM-scaled.jpeg\",\"articleSection\":[\"Yucat\u00e1n\"],\"inLanguage\":\"es\"},{\"@type\":\"WebPage\",\"@id\":\"https:\\\/\\\/www.yucatanencorto.com\\\/noticias\\\/se-realiza-con-exito-el-primer-concurso-de-debate-entre-jovenes-universitarios\\\/\",\"url\":\"https:\\\/\\\/www.yucatanencorto.com\\\/noticias\\\/se-realiza-con-exito-el-primer-concurso-de-debate-entre-jovenes-universitarios\\\/\",\"name\":\"Se realiza con \u00e9xito el Primer Concurso de Debate entre j\u00f3venes universitarios - Yucat\u00e1n en corto\",\"isPartOf\":{\"@id\":\"https:\\\/\\\/www.yucatanencorto.com\\\/noticias\\\/#website\"},\"primaryImageOfPage\":{\"@id\":\"https:\\\/\\\/www.yucatanencorto.com\\\/noticias\\\/se-realiza-con-exito-el-primer-concurso-de-debate-entre-jovenes-universitarios\\\/#primaryimage\"},\"image\":{\"@id\":\"https:\\\/\\\/www.yucatanencorto.com\\\/noticias\\\/se-realiza-con-exito-el-primer-concurso-de-debate-entre-jovenes-universitarios\\\/#primaryimage\"},\"thumbnailUrl\":\"https:\\\/\\\/www.yucatanencorto.com\\\/noticias\\\/wp-content\\\/uploads\\\/2023\\\/05\\\/WhatsApp-Image-2023-05-15-at-4.18.25-PM-scaled.jpeg\",\"datePublished\":\"2023-05-15T22:43:16+00:00\",\"author\":{\"@id\":\"https:\\\/\\\/www.yucatanencorto.com\\\/noticias\\\/#\\\/schema\\\/person\\\/e2fbdfaf30a07014a43940ce989f3119\"},\"breadcrumb\":{\"@id\":\"https:\\\/\\\/www.yucatanencorto.com\\\/noticias\\\/se-realiza-con-exito-el-primer-concurso-de-debate-entre-jovenes-universitarios\\\/#breadcrumb\"},\"inLanguage\":\"es\",\"potentialAction\":[{\"@type\":\"ReadAction\",\"target\":[\"https:\\\/\\\/www.yucatanencorto.com\\\/noticias\\\/se-realiza-con-exito-el-primer-concurso-de-debate-entre-jovenes-universitarios\\\/\"]}]},{\"@type\":\"ImageObject\",\"inLanguage\":\"es\",\"@id\":\"https:\\\/\\\/www.yucatanencorto.com\\\/noticias\\\/se-realiza-con-exito-el-primer-concurso-de-debate-entre-jovenes-universitarios\\\/#primaryimage\",\"url\":\"https:\\\/\\\/www.yucatanencorto.com\\\/noticias\\\/wp-content\\\/uploads\\\/2023\\\/05\\\/WhatsApp-Image-2023-05-15-at-4.18.25-PM-scaled.jpeg\",\"contentUrl\":\"https:\\\/\\\/www.yucatanencorto.com\\\/noticias\\\/wp-content\\\/uploads\\\/2023\\\/05\\\/WhatsApp-Image-2023-05-15-at-4.18.25-PM-scaled.jpeg\",\"width\":768,\"height\":512},{\"@type\":\"BreadcrumbList\",\"@id\":\"https:\\\/\\\/www.yucatanencorto.com\\\/noticias\\\/se-realiza-con-exito-el-primer-concurso-de-debate-entre-jovenes-universitarios\\\/#breadcrumb\",\"itemListElement\":[{\"@type\":\"ListItem\",\"position\":1,\"name\":\"Portada\",\"item\":\"https:\\\/\\\/www.yucatanencorto.com\\\/noticias\\\/\"},{\"@type\":\"ListItem\",\"position\":2,\"name\":\"Se realiza con \u00e9xito el Primer Concurso de Debate entre j\u00f3venes universitarios\"}]},{\"@type\":\"WebSite\",\"@id\":\"https:\\\/\\\/www.yucatanencorto.com\\\/noticias\\\/#website\",\"url\":\"https:\\\/\\\/www.yucatanencorto.com\\\/noticias\\\/\",\"name\":\"Yucat\u00e1n en corto\",\"description\":\"Noticias\",\"potentialAction\":[{\"@type\":\"SearchAction\",\"target\":{\"@type\":\"EntryPoint\",\"urlTemplate\":\"https:\\\/\\\/www.yucatanencorto.com\\\/noticias\\\/?s={search_term_string}\"},\"query-input\":{\"@type\":\"PropertyValueSpecification\",\"valueRequired\":true,\"valueName\":\"search_term_string\"}}],\"inLanguage\":\"es\"},{\"@type\":\"Person\",\"@id\":\"https:\\\/\\\/www.yucatanencorto.com\\\/noticias\\\/#\\\/schema\\\/person\\\/e2fbdfaf30a07014a43940ce989f3119\",\"name\":\"Redes\",\"image\":{\"@type\":\"ImageObject\",\"inLanguage\":\"es\",\"@id\":\"https:\\\/\\\/secure.gravatar.com\\\/avatar\\\/5931a2d21dd7cc834f44c8c34fe56d90ed6d536ef452cbf870c7485b524dddd7?s=96&d=mm&r=g\",\"url\":\"https:\\\/\\\/secure.gravatar.com\\\/avatar\\\/5931a2d21dd7cc834f44c8c34fe56d90ed6d536ef452cbf870c7485b524dddd7?s=96&d=mm&r=g\",\"contentUrl\":\"https:\\\/\\\/secure.gravatar.com\\\/avatar\\\/5931a2d21dd7cc834f44c8c34fe56d90ed6d536ef452cbf870c7485b524dddd7?s=96&d=mm&r=g\",\"caption\":\"Redes\"},\"url\":\"https:\\\/\\\/www.yucatanencorto.com\\\/noticias\\\/author\\\/redes\\\/\"}]}<\/script>\n<!-- \/ Yoast SEO plugin. -->","yoast_head_json":{"title":"Se realiza con \u00e9xito el Primer Concurso de Debate entre j\u00f3venes universitarios - Yucat\u00e1n en corto","robots":{"index":"index","follow":"follow","max-snippet":"max-snippet:-1","max-image-preview":"max-image-preview:large","max-video-preview":"max-video-preview:-1"},"canonical":"https:\/\/www.yucatanencorto.com\/noticias\/se-realiza-con-exito-el-primer-concurso-de-debate-entre-jovenes-universitarios\/","og_locale":"es_ES","og_type":"article","og_title":"Se realiza con \u00e9xito el Primer Concurso de Debate entre j\u00f3venes universitarios - Yucat\u00e1n en corto","og_description":"M\u00e9rida, Yucat\u00e1n a 15 de mayo de 2023.- Como parte de las actividades programadas por el Bicentenario de la Instalaci\u00f3n del Augusto Congreso Constituyente del Estado de Yucat\u00e1n, se llev\u00f3 a cabo el Primer Concurso de Debate Interuniversitario \u201cMa\u00f1ana ser\u00e1 tarde\u201d, para contribuir al desarrollo de las habilidades argumentativas y de investigaci\u00f3n de la juventud [&hellip;]","og_url":"https:\/\/www.yucatanencorto.com\/noticias\/se-realiza-con-exito-el-primer-concurso-de-debate-entre-jovenes-universitarios\/","og_site_name":"Yucat\u00e1n en corto","article_publisher":"http:\/\/www.facebook.com\/yucatanencorto","article_published_time":"2023-05-15T22:43:16+00:00","og_image":[{"width":768,"height":512,"url":"https:\/\/www.yucatanencorto.com\/noticias\/wp-content\/uploads\/2023\/05\/WhatsApp-Image-2023-05-15-at-4.18.25-PM-scaled.jpeg","type":"image\/jpeg"}],"author":"Redes","twitter_card":"summary_large_image","twitter_creator":"@yucatanencorto","twitter_site":"@yucatanencorto","twitter_misc":{"Escrito por":"Redes","Tiempo de lectura":"3 minutos"},"schema":{"@context":"https:\/\/schema.org","@graph":[{"@type":"Article","@id":"https:\/\/www.yucatanencorto.com\/noticias\/se-realiza-con-exito-el-primer-concurso-de-debate-entre-jovenes-universitarios\/#article","isPartOf":{"@id":"https:\/\/www.yucatanencorto.com\/noticias\/se-realiza-con-exito-el-primer-concurso-de-debate-entre-jovenes-universitarios\/"},"author":{"name":"Redes","@id":"https:\/\/www.yucatanencorto.com\/noticias\/#\/schema\/person\/e2fbdfaf30a07014a43940ce989f3119"},"headline":"Se realiza con \u00e9xito el Primer Concurso de Debate entre j\u00f3venes universitarios","datePublished":"2023-05-15T22:43:16+00:00","mainEntityOfPage":{"@id":"https:\/\/www.yucatanencorto.com\/noticias\/se-realiza-con-exito-el-primer-concurso-de-debate-entre-jovenes-universitarios\/"},"wordCount":539,"image":{"@id":"https:\/\/www.yucatanencorto.com\/noticias\/se-realiza-con-exito-el-primer-concurso-de-debate-entre-jovenes-universitarios\/#primaryimage"},"thumbnailUrl":"https:\/\/www.yucatanencorto.com\/noticias\/wp-content\/uploads\/2023\/05\/WhatsApp-Image-2023-05-15-at-4.18.25-PM-scaled.jpeg","articleSection":["Yucat\u00e1n"],"inLanguage":"es"},{"@type":"WebPage","@id":"https:\/\/www.yucatanencorto.com\/noticias\/se-realiza-con-exito-el-primer-concurso-de-debate-entre-jovenes-universitarios\/","url":"https:\/\/www.yucatanencorto.com\/noticias\/se-realiza-con-exito-el-primer-concurso-de-debate-entre-jovenes-universitarios\/","name":"Se realiza con \u00e9xito el Primer Concurso de Debate entre j\u00f3venes universitarios - Yucat\u00e1n en corto","isPartOf":{"@id":"https:\/\/www.yucatanencorto.com\/noticias\/#website"},"primaryImageOfPage":{"@id":"https:\/\/www.yucatanencorto.com\/noticias\/se-realiza-con-exito-el-primer-concurso-de-debate-entre-jovenes-universitarios\/#primaryimage"},"image":{"@id":"https:\/\/www.yucatanencorto.com\/noticias\/se-realiza-con-exito-el-primer-concurso-de-debate-entre-jovenes-universitarios\/#primaryimage"},"thumbnailUrl":"https:\/\/www.yucatanencorto.com\/noticias\/wp-content\/uploads\/2023\/05\/WhatsApp-Image-2023-05-15-at-4.18.25-PM-scaled.jpeg","datePublished":"2023-05-15T22:43:16+00:00","author":{"@id":"https:\/\/www.yucatanencorto.com\/noticias\/#\/schema\/person\/e2fbdfaf30a07014a43940ce989f3119"},"breadcrumb":{"@id":"https:\/\/www.yucatanencorto.com\/noticias\/se-realiza-con-exito-el-primer-concurso-de-debate-entre-jovenes-universitarios\/#breadcrumb"},"inLanguage":"es","potentialAction":[{"@type":"ReadAction","target":["https:\/\/www.yucatanencorto.com\/noticias\/se-realiza-con-exito-el-primer-concurso-de-debate-entre-jovenes-universitarios\/"]}]},{"@type":"ImageObject","inLanguage":"es","@id":"https:\/\/www.yucatanencorto.com\/noticias\/se-realiza-con-exito-el-primer-concurso-de-debate-entre-jovenes-universitarios\/#primaryimage","url":"https:\/\/www.yucatanencorto.com\/noticias\/wp-content\/uploads\/2023\/05\/WhatsApp-Image-2023-05-15-at-4.18.25-PM-scaled.jpeg","contentUrl":"https:\/\/www.yucatanencorto.com\/noticias\/wp-content\/uploads\/2023\/05\/WhatsApp-Image-2023-05-15-at-4.18.25-PM-scaled.jpeg","width":768,"height":512},{"@type":"BreadcrumbList","@id":"https:\/\/www.yucatanencorto.com\/noticias\/se-realiza-con-exito-el-primer-concurso-de-debate-entre-jovenes-universitarios\/#breadcrumb","itemListElement":[{"@type":"ListItem","position":1,"name":"Portada","item":"https:\/\/www.yucatanencorto.com\/noticias\/"},{"@type":"ListItem","position":2,"name":"Se realiza con \u00e9xito el Primer Concurso de Debate entre j\u00f3venes universitarios"}]},{"@type":"WebSite","@id":"https:\/\/www.yucatanencorto.com\/noticias\/#website","url":"https:\/\/www.yucatanencorto.com\/noticias\/","name":"Yucat\u00e1n en corto","description":"Noticias","potentialAction":[{"@type":"SearchAction","target":{"@type":"EntryPoint","urlTemplate":"https:\/\/www.yucatanencorto.com\/noticias\/?s={search_term_string}"},"query-input":{"@type":"PropertyValueSpecification","valueRequired":true,"valueName":"search_term_string"}}],"inLanguage":"es"},{"@type":"Person","@id":"https:\/\/www.yucatanencorto.com\/noticias\/#\/schema\/person\/e2fbdfaf30a07014a43940ce989f3119","name":"Redes","image":{"@type":"ImageObject","inLanguage":"es","@id":"https:\/\/secure.gravatar.com\/avatar\/5931a2d21dd7cc834f44c8c34fe56d90ed6d536ef452cbf870c7485b524dddd7?s=96&d=mm&r=g","url":"https:\/\/secure.gravatar.com\/avatar\/5931a2d21dd7cc834f44c8c34fe56d90ed6d536ef452cbf870c7485b524dddd7?s=96&d=mm&r=g","contentUrl":"https:\/\/secure.gravatar.com\/avatar\/5931a2d21dd7cc834f44c8c34fe56d90ed6d536ef452cbf870c7485b524dddd7?s=96&d=mm&r=g","caption":"Redes"},"url":"https:\/\/www.yucatanencorto.com\/noticias\/author\/redes\/"}]}},"_links":{"self":[{"href":"https:\/\/www.yucatanencorto.com\/noticias\/wp-json\/wp\/v2\/posts\/98084","targetHints":{"allow":["GET"]}}],"collection":[{"href":"https:\/\/www.yucatanencorto.com\/noticias\/wp-json\/wp\/v2\/posts"}],"about":[{"href":"https:\/\/www.yucatanencorto.com\/noticias\/wp-json\/wp\/v2\/types\/post"}],"author":[{"embeddable":true,"href":"https:\/\/www.yucatanencorto.com\/noticias\/wp-json\/wp\/v2\/users\/3"}],"replies":[{"embeddable":true,"href":"https:\/\/www.yucatanencorto.com\/noticias\/wp-json\/wp\/v2\/comments?post=98084"}],"version-history":[{"count":0,"href":"https:\/\/www.yucatanencorto.com\/noticias\/wp-json\/wp\/v2\/posts\/98084\/revisions"}],"wp:featuredmedia":[{"embeddable":true,"href":"https:\/\/www.yucatanencorto.com\/noticias\/wp-json\/wp\/v2\/media\/98088"}],"wp:attachment":[{"href":"https:\/\/www.yucatanencorto.com\/noticias\/wp-json\/wp\/v2\/media?parent=98084"}],"wp:term":[{"taxonomy":"category","embeddable":true,"href":"https:\/\/www.yucatanencorto.com\/noticias\/wp-json\/wp\/v2\/categories?post=98084"},{"taxonomy":"post_tag","embeddable":true,"href":"https:\/\/www.yucatanencorto.com\/noticias\/wp-json\/wp\/v2\/tags?post=98084"}],"curies":[{"name":"wp","href":"https:\/\/api.w.org\/{rel}","templated":true}]}}