{"id":98090,"date":"2023-05-15T16:49:24","date_gmt":"2023-05-15T22:49:24","guid":{"rendered":"https:\/\/www.yucatanencorto.com\/noticias\/?p=98090"},"modified":"2023-05-15T16:49:24","modified_gmt":"2023-05-15T22:49:24","slug":"emprendedores-micro-y-pequenos-empresarios-fortalecen-sus-negocios","status":"publish","type":"post","link":"https:\/\/www.yucatanencorto.com\/noticias\/emprendedores-micro-y-pequenos-empresarios-fortalecen-sus-negocios\/","title":{"rendered":"Emprendedores, micro y peque\u00f1os empresarios fortalecen sus negocios"},"content":{"rendered":"<p><img loading=\"lazy\" decoding=\"async\" class=\"alignnone size-full wp-image-98091\" src=\"https:\/\/www.yucatanencorto.com\/noticias\/wp-content\/uploads\/2023\/05\/WhatsApp-Image-2023-05-15-at-3.50.59-PM-1-scaled.jpeg\" alt=\"\" width=\"768\" height=\"514\" srcset=\"https:\/\/www.yucatanencorto.com\/noticias\/wp-content\/uploads\/2023\/05\/WhatsApp-Image-2023-05-15-at-3.50.59-PM-1-scaled.jpeg 768w, https:\/\/www.yucatanencorto.com\/noticias\/wp-content\/uploads\/2023\/05\/WhatsApp-Image-2023-05-15-at-3.50.59-PM-1-696x466.jpeg 696w, https:\/\/www.yucatanencorto.com\/noticias\/wp-content\/uploads\/2023\/05\/WhatsApp-Image-2023-05-15-at-3.50.59-PM-1-1068x715.jpeg 1068w, https:\/\/www.yucatanencorto.com\/noticias\/wp-content\/uploads\/2023\/05\/WhatsApp-Image-2023-05-15-at-3.50.59-PM-1-628x420.jpeg 628w\" sizes=\"auto, (max-width: 768px) 100vw, 768px\" \/>M\u00e9rida, Yucat\u00e1n, 15 de mayo de 2023.- A fin de continuar haciendo crecer los emprendimientos, micro y peque\u00f1as empresas para que sigan generando econom\u00eda y empleos para los yucatecos, el Gobernador Mauricio Vila puso en marcha la distribuci\u00f3n a beneficiarios de todo el estado un total de 1,146 apoyos de programa MicroYuc productivo y 221 de MicroYuc Social, respaldo que representa una inversi\u00f3n total de 7.8 millones de pesos.<\/p>\n<p>En las canchas del Polifuncional del Instituto del Deporte en el estado (IDEY), el Gobernador encabez\u00f3 el inicio de la entrega de este programa que, en lo que va de la administraci\u00f3n, ha dado 27 mil apoyos y cr\u00e9ditos. Consiste en dotar de herramientas y paquetes de insumos en el caso de la vertiente productiva, as\u00ed como financiamientos para en la social.<\/p>\n<p>Una de las beneficiarias de la vertiente productivo es Ligia Mar\u00eda Dzul Canul, quien se dedica a la venta en diferentes tianguis de la ciudad y recibi\u00f3 de Vila Dosal un triciclo que le permitir\u00e1 transportar su mercanc\u00eda m\u00e1s f\u00e1cil y sin tanto gasto, puesto que antes se ve\u00eda en la necesidad de pagar el servicio de un mototaxista.<\/p>\n<p>\u201cMe est\u00e1n dando mi triciclo para que pueda mover mi venta sin tener que pagarle a alguien m\u00e1s. Esto representa un ahorro porque ese dinero que ya no lo destinar\u00e9 a ese transporte, lo podr\u00e9 usar en otras cosas\u201d, destac\u00f3.<\/p>\n<p>La vecina de la colonia Emiliano Zapata Sur III agradeci\u00f3 a Vila Dosal este respaldo, ya que representa un alivio para su familia y un gran incentivo para seguir trabajando fuerte para superarse.<\/p>\n<p>En su intervenci\u00f3n, el Gobernador dijo que con esta estrategia se busca apoyar a los yucatecos que quieren emprender o mejorar sus negocios, a hacer que sus esfuerzos rindan m\u00e1s y mejores resultados, especialmente a aquellos que m\u00e1s lo necesitan.<\/p>\n<p>Acompa\u00f1ado del alcalde de M\u00e9rida, Ren\u00e1n Barrera Concha, y del titular de la Secretar\u00eda de Desarrollo Social (Sedesol), Roger Torres Peniche, Vila Dosal afirm\u00f3 que su administraci\u00f3n se preocupa para que en Yucat\u00e1n todos tengan oportunidades tanto para adquirir un mejor empleo, dada la importante din\u00e1mica econ\u00f3mica que se presenta, y para fortalecer sus empresas o comercios.<\/p>\n<p>\u201cNo todos quieren o pueden trabajar en empresas, por eso se busca que los beneficios que se ven en la generaci\u00f3n de empleos lleguen a todos y sea de forma pareja\u201d, destac\u00f3.<\/p>\n<p>Se\u00f1al\u00f3 que Yucat\u00e1n est\u00e1 viviendo un momento hist\u00f3rico, pues en 2021 ha sido el a\u00f1o con mayor crecimiento econ\u00f3mico y creaci\u00f3n de empleos en la entidad; mientras que 2022 ha sido el que m\u00e1s turistas se ha recibido y con mayor registro de inversi\u00f3n extranjera directa.<\/p>\n<p>Para continuar cerrando las brechas de la desigualdad, el Gobernador indic\u00f3 que adem\u00e1s de programas como MicroYuc, tambi\u00e9n est\u00e1 mejorar el transporte p\u00fablico con el nuevo sistema \u201cVa y Ven\u00bb, que ya cuenta con las rutas Perif\u00e9rico, los circuitos Metropolitano y Aeropuerto, Centro-Fraccionamiento Las Am\u00e9ricas; y en unas semanas se pondr\u00e1 en marcha la de Centro-Francisco de Montejo.<\/p>\n<p>\u201cMicroYuc y Va y Ven son algunos de los cambios que estamos haciendo para transformar Yucat\u00e1n para bien, para que las ni\u00f1as y los ni\u00f1os tengan un mejor estado del que nos toc\u00f3 y por eso les invito a trabajar en equipo para obtener mejores resultados\u201d, destac\u00f3 Vila Dosal.<\/p>\n<p>A su vez, el Alcalde Ren\u00e1n Barrera Concha resalt\u00f3 que la creaci\u00f3n de programas sociales como los que se ofrecen desde el Ayuntamiento y Gobierno del Estado, permiten impulsar el autoempleo y emprendimiento en la entidad para que m\u00e1s familias yucatecas puedan salir adelante, obtener m\u00e1s ingresos que mejoren su condici\u00f3n econ\u00f3mica y su calidad de vida.<\/p>\n<p><img loading=\"lazy\" decoding=\"async\" class=\"alignnone size-full wp-image-98092\" src=\"https:\/\/www.yucatanencorto.com\/noticias\/wp-content\/uploads\/2023\/05\/WhatsApp-Image-2023-05-15-at-3.50.59-PM-scaled.jpeg\" alt=\"\" width=\"768\" height=\"512\" srcset=\"https:\/\/www.yucatanencorto.com\/noticias\/wp-content\/uploads\/2023\/05\/WhatsApp-Image-2023-05-15-at-3.50.59-PM-scaled.jpeg 768w, https:\/\/www.yucatanencorto.com\/noticias\/wp-content\/uploads\/2023\/05\/WhatsApp-Image-2023-05-15-at-3.50.59-PM-696x464.jpeg 696w, https:\/\/www.yucatanencorto.com\/noticias\/wp-content\/uploads\/2023\/05\/WhatsApp-Image-2023-05-15-at-3.50.59-PM-1068x712.jpeg 1068w, https:\/\/www.yucatanencorto.com\/noticias\/wp-content\/uploads\/2023\/05\/WhatsApp-Image-2023-05-15-at-3.50.59-PM-630x420.jpeg 630w\" sizes=\"auto, (max-width: 768px) 100vw, 768px\" \/>Asimismo, reconoci\u00f3 la visi\u00f3n del Gobernador Mauricio Vila Dosal, a quien felicit\u00f3 por generar oportunidades de apoyo para fortalecer y ser aliado de las familias emprendedoras que requieren de un peque\u00f1o impulso para fortalecer sus negocios.<\/p>\n<p>\u00abAqu\u00ed lo que vemos es este programa que viene a generar la producci\u00f3n y el otorgamiento de canales y de puentes que permitan hacer que la actividad en la cual se desempe\u00f1an pueda ser una actividad mucho m\u00e1s sencilla\u00bb, acot\u00f3.<\/p>\n<p>De igual manera, record\u00f3 que los rubros de Apoyos Directos a Proyectos Productivos y Apoyos de Gesti\u00f3n Social, el Ayuntamiento ha entregado apoyos por m\u00e1s de 15 millones de pesos, tanto en colonias, fraccionamientos y comisar\u00edas del Municipio.<\/p>\n<p>De manera detallada, a trav\u00e9s de MicroYuc productivo, este 2023 se estar\u00e1 entregando en todo el estado 250 paquetes de urdido, 250 de bordado, 240 de electricidad, 296 triciclos y 110 m\u00e1quinas de coser, ayuda por 4.4 millones de pesos. Solo hoy, Vila Dosal entreg\u00f3 52 paquetes de insumos a igual n\u00famero de beneficiarios de M\u00e9rida.<\/p>\n<p>Esta ayuda consiste en el otorgamiento de Apoyos en Especie y Apoyos Econ\u00f3micos a personas en situaci\u00f3n de vulnerabilidad mediante la entrega de herramientas de trabajo e insumos para la creaci\u00f3n o permanencia de actividades productivas del sector primario como agricultura, ganader\u00eda y pesca; as\u00ed como del sector secundario como industria manufacturera.<\/p>\n<p>Tambi\u00e9n, mediante la vertiente social se otorgar\u00e1n este a\u00f1o m\u00e1s de 221 financiamientos por 3.3 millones de pesos, de los cuales, 109 son para personas de la capital yucateca. Reciben un cr\u00e9dito por hasta 25 mil pesos, con una tasa de inter\u00e9s del 0% a un plazo de dieciocho meses, que deber\u00e1 ser destinado para la adquisici\u00f3n de maquinaria, equipo, herramientas o insumos para el desarrollo de un proyecto de negocio o la consolidaci\u00f3n de una actividad productiva ya establecida.<\/p>\n<p>MicroYuc tiene como objetivo contribuir a que la poblaci\u00f3n emprendedora y empresarial se desenvuelva en un contexto favorable para el desarrollo de proyectos productivos con enfoque de inclusi\u00f3n, mediante el otorgamiento de herramientas e insumos y l\u00edneas de cr\u00e9dito a bajo costo que les permitan ejercer una actividad productiva.<\/p>\n","protected":false},"excerpt":{"rendered":"<p>M\u00e9rida, Yucat\u00e1n, 15 de mayo de 2023.- A fin de continuar haciendo crecer los emprendimientos, micro y peque\u00f1as empresas para que sigan generando econom\u00eda y empleos para los yucatecos, el Gobernador Mauricio Vila puso en marcha la distribuci\u00f3n a beneficiarios de todo el estado un total de 1,146 apoyos de programa MicroYuc productivo y 221 [&hellip;]<\/p>\n","protected":false},"author":3,"featured_media":98092,"comment_status":"closed","ping_status":"closed","sticky":false,"template":"","format":"standard","meta":{"footnotes":""},"categories":[3],"tags":[],"class_list":{"0":"post-98090","1":"post","2":"type-post","3":"status-publish","4":"format-standard","5":"has-post-thumbnail","7":"category-yucatan"},"yoast_head":"<!-- This site is optimized with the Yoast SEO plugin v27.5 - https:\/\/yoast.com\/product\/yoast-seo-wordpress\/ -->\n<title>Emprendedores, micro y peque\u00f1os empresarios fortalecen sus negocios - Yucat\u00e1n en corto<\/title>\n<meta name=\"robots\" content=\"index, follow, max-snippet:-1, max-image-preview:large, max-video-preview:-1\" \/>\n<link rel=\"canonical\" href=\"https:\/\/www.yucatanencorto.com\/noticias\/emprendedores-micro-y-pequenos-empresarios-fortalecen-sus-negocios\/\" \/>\n<meta property=\"og:locale\" content=\"es_ES\" \/>\n<meta property=\"og:type\" content=\"article\" \/>\n<meta property=\"og:title\" content=\"Emprendedores, micro y peque\u00f1os empresarios fortalecen sus negocios - Yucat\u00e1n en corto\" \/>\n<meta property=\"og:description\" content=\"M\u00e9rida, Yucat\u00e1n, 15 de mayo de 2023.- A fin de continuar haciendo crecer los emprendimientos, micro y peque\u00f1as empresas para que sigan generando econom\u00eda y empleos para los yucatecos, el Gobernador Mauricio Vila puso en marcha la distribuci\u00f3n a beneficiarios de todo el estado un total de 1,146 apoyos de programa MicroYuc productivo y 221 [&hellip;]\" \/>\n<meta property=\"og:url\" content=\"https:\/\/www.yucatanencorto.com\/noticias\/emprendedores-micro-y-pequenos-empresarios-fortalecen-sus-negocios\/\" \/>\n<meta property=\"og:site_name\" content=\"Yucat\u00e1n en corto\" \/>\n<meta property=\"article:publisher\" content=\"http:\/\/www.facebook.com\/yucatanencorto\" \/>\n<meta property=\"article:published_time\" content=\"2023-05-15T22:49:24+00:00\" \/>\n<meta property=\"og:image\" content=\"https:\/\/www.yucatanencorto.com\/noticias\/wp-content\/uploads\/2023\/05\/WhatsApp-Image-2023-05-15-at-3.50.59-PM-scaled.jpeg\" \/>\n\t<meta property=\"og:image:width\" content=\"768\" \/>\n\t<meta property=\"og:image:height\" content=\"512\" \/>\n\t<meta property=\"og:image:type\" content=\"image\/jpeg\" \/>\n<meta name=\"author\" content=\"Redes\" \/>\n<meta name=\"twitter:card\" content=\"summary_large_image\" \/>\n<meta name=\"twitter:creator\" content=\"@yucatanencorto\" \/>\n<meta name=\"twitter:site\" content=\"@yucatanencorto\" \/>\n<meta name=\"twitter:label1\" content=\"Escrito por\" \/>\n\t<meta name=\"twitter:data1\" content=\"Redes\" \/>\n\t<meta name=\"twitter:label2\" content=\"Tiempo de lectura\" \/>\n\t<meta name=\"twitter:data2\" content=\"5 minutos\" \/>\n<script type=\"application\/ld+json\" class=\"yoast-schema-graph\">{\"@context\":\"https:\\\/\\\/schema.org\",\"@graph\":[{\"@type\":\"Article\",\"@id\":\"https:\\\/\\\/www.yucatanencorto.com\\\/noticias\\\/emprendedores-micro-y-pequenos-empresarios-fortalecen-sus-negocios\\\/#article\",\"isPartOf\":{\"@id\":\"https:\\\/\\\/www.yucatanencorto.com\\\/noticias\\\/emprendedores-micro-y-pequenos-empresarios-fortalecen-sus-negocios\\\/\"},\"author\":{\"name\":\"Redes\",\"@id\":\"https:\\\/\\\/www.yucatanencorto.com\\\/noticias\\\/#\\\/schema\\\/person\\\/e2fbdfaf30a07014a43940ce989f3119\"},\"headline\":\"Emprendedores, micro y peque\u00f1os empresarios fortalecen sus negocios\",\"datePublished\":\"2023-05-15T22:49:24+00:00\",\"mainEntityOfPage\":{\"@id\":\"https:\\\/\\\/www.yucatanencorto.com\\\/noticias\\\/emprendedores-micro-y-pequenos-empresarios-fortalecen-sus-negocios\\\/\"},\"wordCount\":1018,\"image\":{\"@id\":\"https:\\\/\\\/www.yucatanencorto.com\\\/noticias\\\/emprendedores-micro-y-pequenos-empresarios-fortalecen-sus-negocios\\\/#primaryimage\"},\"thumbnailUrl\":\"https:\\\/\\\/www.yucatanencorto.com\\\/noticias\\\/wp-content\\\/uploads\\\/2023\\\/05\\\/WhatsApp-Image-2023-05-15-at-3.50.59-PM-scaled.jpeg\",\"articleSection\":[\"Yucat\u00e1n\"],\"inLanguage\":\"es\"},{\"@type\":\"WebPage\",\"@id\":\"https:\\\/\\\/www.yucatanencorto.com\\\/noticias\\\/emprendedores-micro-y-pequenos-empresarios-fortalecen-sus-negocios\\\/\",\"url\":\"https:\\\/\\\/www.yucatanencorto.com\\\/noticias\\\/emprendedores-micro-y-pequenos-empresarios-fortalecen-sus-negocios\\\/\",\"name\":\"Emprendedores, micro y peque\u00f1os empresarios fortalecen sus negocios - Yucat\u00e1n en corto\",\"isPartOf\":{\"@id\":\"https:\\\/\\\/www.yucatanencorto.com\\\/noticias\\\/#website\"},\"primaryImageOfPage\":{\"@id\":\"https:\\\/\\\/www.yucatanencorto.com\\\/noticias\\\/emprendedores-micro-y-pequenos-empresarios-fortalecen-sus-negocios\\\/#primaryimage\"},\"image\":{\"@id\":\"https:\\\/\\\/www.yucatanencorto.com\\\/noticias\\\/emprendedores-micro-y-pequenos-empresarios-fortalecen-sus-negocios\\\/#primaryimage\"},\"thumbnailUrl\":\"https:\\\/\\\/www.yucatanencorto.com\\\/noticias\\\/wp-content\\\/uploads\\\/2023\\\/05\\\/WhatsApp-Image-2023-05-15-at-3.50.59-PM-scaled.jpeg\",\"datePublished\":\"2023-05-15T22:49:24+00:00\",\"author\":{\"@id\":\"https:\\\/\\\/www.yucatanencorto.com\\\/noticias\\\/#\\\/schema\\\/person\\\/e2fbdfaf30a07014a43940ce989f3119\"},\"breadcrumb\":{\"@id\":\"https:\\\/\\\/www.yucatanencorto.com\\\/noticias\\\/emprendedores-micro-y-pequenos-empresarios-fortalecen-sus-negocios\\\/#breadcrumb\"},\"inLanguage\":\"es\",\"potentialAction\":[{\"@type\":\"ReadAction\",\"target\":[\"https:\\\/\\\/www.yucatanencorto.com\\\/noticias\\\/emprendedores-micro-y-pequenos-empresarios-fortalecen-sus-negocios\\\/\"]}]},{\"@type\":\"ImageObject\",\"inLanguage\":\"es\",\"@id\":\"https:\\\/\\\/www.yucatanencorto.com\\\/noticias\\\/emprendedores-micro-y-pequenos-empresarios-fortalecen-sus-negocios\\\/#primaryimage\",\"url\":\"https:\\\/\\\/www.yucatanencorto.com\\\/noticias\\\/wp-content\\\/uploads\\\/2023\\\/05\\\/WhatsApp-Image-2023-05-15-at-3.50.59-PM-scaled.jpeg\",\"contentUrl\":\"https:\\\/\\\/www.yucatanencorto.com\\\/noticias\\\/wp-content\\\/uploads\\\/2023\\\/05\\\/WhatsApp-Image-2023-05-15-at-3.50.59-PM-scaled.jpeg\",\"width\":768,\"height\":512},{\"@type\":\"BreadcrumbList\",\"@id\":\"https:\\\/\\\/www.yucatanencorto.com\\\/noticias\\\/emprendedores-micro-y-pequenos-empresarios-fortalecen-sus-negocios\\\/#breadcrumb\",\"itemListElement\":[{\"@type\":\"ListItem\",\"position\":1,\"name\":\"Portada\",\"item\":\"https:\\\/\\\/www.yucatanencorto.com\\\/noticias\\\/\"},{\"@type\":\"ListItem\",\"position\":2,\"name\":\"Emprendedores, micro y peque\u00f1os empresarios fortalecen sus negocios\"}]},{\"@type\":\"WebSite\",\"@id\":\"https:\\\/\\\/www.yucatanencorto.com\\\/noticias\\\/#website\",\"url\":\"https:\\\/\\\/www.yucatanencorto.com\\\/noticias\\\/\",\"name\":\"Yucat\u00e1n en corto\",\"description\":\"Noticias\",\"potentialAction\":[{\"@type\":\"SearchAction\",\"target\":{\"@type\":\"EntryPoint\",\"urlTemplate\":\"https:\\\/\\\/www.yucatanencorto.com\\\/noticias\\\/?s={search_term_string}\"},\"query-input\":{\"@type\":\"PropertyValueSpecification\",\"valueRequired\":true,\"valueName\":\"search_term_string\"}}],\"inLanguage\":\"es\"},{\"@type\":\"Person\",\"@id\":\"https:\\\/\\\/www.yucatanencorto.com\\\/noticias\\\/#\\\/schema\\\/person\\\/e2fbdfaf30a07014a43940ce989f3119\",\"name\":\"Redes\",\"image\":{\"@type\":\"ImageObject\",\"inLanguage\":\"es\",\"@id\":\"https:\\\/\\\/secure.gravatar.com\\\/avatar\\\/5931a2d21dd7cc834f44c8c34fe56d90ed6d536ef452cbf870c7485b524dddd7?s=96&d=mm&r=g\",\"url\":\"https:\\\/\\\/secure.gravatar.com\\\/avatar\\\/5931a2d21dd7cc834f44c8c34fe56d90ed6d536ef452cbf870c7485b524dddd7?s=96&d=mm&r=g\",\"contentUrl\":\"https:\\\/\\\/secure.gravatar.com\\\/avatar\\\/5931a2d21dd7cc834f44c8c34fe56d90ed6d536ef452cbf870c7485b524dddd7?s=96&d=mm&r=g\",\"caption\":\"Redes\"},\"url\":\"https:\\\/\\\/www.yucatanencorto.com\\\/noticias\\\/author\\\/redes\\\/\"}]}<\/script>\n<!-- \/ Yoast SEO plugin. -->","yoast_head_json":{"title":"Emprendedores, micro y peque\u00f1os empresarios fortalecen sus negocios - Yucat\u00e1n en corto","robots":{"index":"index","follow":"follow","max-snippet":"max-snippet:-1","max-image-preview":"max-image-preview:large","max-video-preview":"max-video-preview:-1"},"canonical":"https:\/\/www.yucatanencorto.com\/noticias\/emprendedores-micro-y-pequenos-empresarios-fortalecen-sus-negocios\/","og_locale":"es_ES","og_type":"article","og_title":"Emprendedores, micro y peque\u00f1os empresarios fortalecen sus negocios - Yucat\u00e1n en corto","og_description":"M\u00e9rida, Yucat\u00e1n, 15 de mayo de 2023.- A fin de continuar haciendo crecer los emprendimientos, micro y peque\u00f1as empresas para que sigan generando econom\u00eda y empleos para los yucatecos, el Gobernador Mauricio Vila puso en marcha la distribuci\u00f3n a beneficiarios de todo el estado un total de 1,146 apoyos de programa MicroYuc productivo y 221 [&hellip;]","og_url":"https:\/\/www.yucatanencorto.com\/noticias\/emprendedores-micro-y-pequenos-empresarios-fortalecen-sus-negocios\/","og_site_name":"Yucat\u00e1n en corto","article_publisher":"http:\/\/www.facebook.com\/yucatanencorto","article_published_time":"2023-05-15T22:49:24+00:00","og_image":[{"width":768,"height":512,"url":"https:\/\/www.yucatanencorto.com\/noticias\/wp-content\/uploads\/2023\/05\/WhatsApp-Image-2023-05-15-at-3.50.59-PM-scaled.jpeg","type":"image\/jpeg"}],"author":"Redes","twitter_card":"summary_large_image","twitter_creator":"@yucatanencorto","twitter_site":"@yucatanencorto","twitter_misc":{"Escrito por":"Redes","Tiempo de lectura":"5 minutos"},"schema":{"@context":"https:\/\/schema.org","@graph":[{"@type":"Article","@id":"https:\/\/www.yucatanencorto.com\/noticias\/emprendedores-micro-y-pequenos-empresarios-fortalecen-sus-negocios\/#article","isPartOf":{"@id":"https:\/\/www.yucatanencorto.com\/noticias\/emprendedores-micro-y-pequenos-empresarios-fortalecen-sus-negocios\/"},"author":{"name":"Redes","@id":"https:\/\/www.yucatanencorto.com\/noticias\/#\/schema\/person\/e2fbdfaf30a07014a43940ce989f3119"},"headline":"Emprendedores, micro y peque\u00f1os empresarios fortalecen sus negocios","datePublished":"2023-05-15T22:49:24+00:00","mainEntityOfPage":{"@id":"https:\/\/www.yucatanencorto.com\/noticias\/emprendedores-micro-y-pequenos-empresarios-fortalecen-sus-negocios\/"},"wordCount":1018,"image":{"@id":"https:\/\/www.yucatanencorto.com\/noticias\/emprendedores-micro-y-pequenos-empresarios-fortalecen-sus-negocios\/#primaryimage"},"thumbnailUrl":"https:\/\/www.yucatanencorto.com\/noticias\/wp-content\/uploads\/2023\/05\/WhatsApp-Image-2023-05-15-at-3.50.59-PM-scaled.jpeg","articleSection":["Yucat\u00e1n"],"inLanguage":"es"},{"@type":"WebPage","@id":"https:\/\/www.yucatanencorto.com\/noticias\/emprendedores-micro-y-pequenos-empresarios-fortalecen-sus-negocios\/","url":"https:\/\/www.yucatanencorto.com\/noticias\/emprendedores-micro-y-pequenos-empresarios-fortalecen-sus-negocios\/","name":"Emprendedores, micro y peque\u00f1os empresarios fortalecen sus negocios - Yucat\u00e1n en corto","isPartOf":{"@id":"https:\/\/www.yucatanencorto.com\/noticias\/#website"},"primaryImageOfPage":{"@id":"https:\/\/www.yucatanencorto.com\/noticias\/emprendedores-micro-y-pequenos-empresarios-fortalecen-sus-negocios\/#primaryimage"},"image":{"@id":"https:\/\/www.yucatanencorto.com\/noticias\/emprendedores-micro-y-pequenos-empresarios-fortalecen-sus-negocios\/#primaryimage"},"thumbnailUrl":"https:\/\/www.yucatanencorto.com\/noticias\/wp-content\/uploads\/2023\/05\/WhatsApp-Image-2023-05-15-at-3.50.59-PM-scaled.jpeg","datePublished":"2023-05-15T22:49:24+00:00","author":{"@id":"https:\/\/www.yucatanencorto.com\/noticias\/#\/schema\/person\/e2fbdfaf30a07014a43940ce989f3119"},"breadcrumb":{"@id":"https:\/\/www.yucatanencorto.com\/noticias\/emprendedores-micro-y-pequenos-empresarios-fortalecen-sus-negocios\/#breadcrumb"},"inLanguage":"es","potentialAction":[{"@type":"ReadAction","target":["https:\/\/www.yucatanencorto.com\/noticias\/emprendedores-micro-y-pequenos-empresarios-fortalecen-sus-negocios\/"]}]},{"@type":"ImageObject","inLanguage":"es","@id":"https:\/\/www.yucatanencorto.com\/noticias\/emprendedores-micro-y-pequenos-empresarios-fortalecen-sus-negocios\/#primaryimage","url":"https:\/\/www.yucatanencorto.com\/noticias\/wp-content\/uploads\/2023\/05\/WhatsApp-Image-2023-05-15-at-3.50.59-PM-scaled.jpeg","contentUrl":"https:\/\/www.yucatanencorto.com\/noticias\/wp-content\/uploads\/2023\/05\/WhatsApp-Image-2023-05-15-at-3.50.59-PM-scaled.jpeg","width":768,"height":512},{"@type":"BreadcrumbList","@id":"https:\/\/www.yucatanencorto.com\/noticias\/emprendedores-micro-y-pequenos-empresarios-fortalecen-sus-negocios\/#breadcrumb","itemListElement":[{"@type":"ListItem","position":1,"name":"Portada","item":"https:\/\/www.yucatanencorto.com\/noticias\/"},{"@type":"ListItem","position":2,"name":"Emprendedores, micro y peque\u00f1os empresarios fortalecen sus negocios"}]},{"@type":"WebSite","@id":"https:\/\/www.yucatanencorto.com\/noticias\/#website","url":"https:\/\/www.yucatanencorto.com\/noticias\/","name":"Yucat\u00e1n en corto","description":"Noticias","potentialAction":[{"@type":"SearchAction","target":{"@type":"EntryPoint","urlTemplate":"https:\/\/www.yucatanencorto.com\/noticias\/?s={search_term_string}"},"query-input":{"@type":"PropertyValueSpecification","valueRequired":true,"valueName":"search_term_string"}}],"inLanguage":"es"},{"@type":"Person","@id":"https:\/\/www.yucatanencorto.com\/noticias\/#\/schema\/person\/e2fbdfaf30a07014a43940ce989f3119","name":"Redes","image":{"@type":"ImageObject","inLanguage":"es","@id":"https:\/\/secure.gravatar.com\/avatar\/5931a2d21dd7cc834f44c8c34fe56d90ed6d536ef452cbf870c7485b524dddd7?s=96&d=mm&r=g","url":"https:\/\/secure.gravatar.com\/avatar\/5931a2d21dd7cc834f44c8c34fe56d90ed6d536ef452cbf870c7485b524dddd7?s=96&d=mm&r=g","contentUrl":"https:\/\/secure.gravatar.com\/avatar\/5931a2d21dd7cc834f44c8c34fe56d90ed6d536ef452cbf870c7485b524dddd7?s=96&d=mm&r=g","caption":"Redes"},"url":"https:\/\/www.yucatanencorto.com\/noticias\/author\/redes\/"}]}},"_links":{"self":[{"href":"https:\/\/www.yucatanencorto.com\/noticias\/wp-json\/wp\/v2\/posts\/98090","targetHints":{"allow":["GET"]}}],"collection":[{"href":"https:\/\/www.yucatanencorto.com\/noticias\/wp-json\/wp\/v2\/posts"}],"about":[{"href":"https:\/\/www.yucatanencorto.com\/noticias\/wp-json\/wp\/v2\/types\/post"}],"author":[{"embeddable":true,"href":"https:\/\/www.yucatanencorto.com\/noticias\/wp-json\/wp\/v2\/users\/3"}],"replies":[{"embeddable":true,"href":"https:\/\/www.yucatanencorto.com\/noticias\/wp-json\/wp\/v2\/comments?post=98090"}],"version-history":[{"count":0,"href":"https:\/\/www.yucatanencorto.com\/noticias\/wp-json\/wp\/v2\/posts\/98090\/revisions"}],"wp:featuredmedia":[{"embeddable":true,"href":"https:\/\/www.yucatanencorto.com\/noticias\/wp-json\/wp\/v2\/media\/98092"}],"wp:attachment":[{"href":"https:\/\/www.yucatanencorto.com\/noticias\/wp-json\/wp\/v2\/media?parent=98090"}],"wp:term":[{"taxonomy":"category","embeddable":true,"href":"https:\/\/www.yucatanencorto.com\/noticias\/wp-json\/wp\/v2\/categories?post=98090"},{"taxonomy":"post_tag","embeddable":true,"href":"https:\/\/www.yucatanencorto.com\/noticias\/wp-json\/wp\/v2\/tags?post=98090"}],"curies":[{"name":"wp","href":"https:\/\/api.w.org\/{rel}","templated":true}]}}