{"id":98094,"date":"2023-05-15T17:15:01","date_gmt":"2023-05-15T23:15:01","guid":{"rendered":"https:\/\/www.yucatanencorto.com\/noticias\/?p=98094"},"modified":"2023-05-15T17:15:01","modified_gmt":"2023-05-15T23:15:01","slug":"fge-y-ssp-detienen-a-un-sujeto-por-homicidio-en-kanasin","status":"publish","type":"post","link":"https:\/\/www.yucatanencorto.com\/noticias\/fge-y-ssp-detienen-a-un-sujeto-por-homicidio-en-kanasin\/","title":{"rendered":"FGE y SSP detienen a un sujeto por homicidio en Kanas\u00edn"},"content":{"rendered":"<p><img loading=\"lazy\" decoding=\"async\" class=\"alignnone size-full wp-image-98095\" src=\"https:\/\/www.yucatanencorto.com\/noticias\/wp-content\/uploads\/2023\/05\/WhatsApp-Image-2023-05-15-at-5.00.22-PM-scaled.jpeg\" alt=\"\" width=\"699\" height=\"768\" srcset=\"https:\/\/www.yucatanencorto.com\/noticias\/wp-content\/uploads\/2023\/05\/WhatsApp-Image-2023-05-15-at-5.00.22-PM-scaled.jpeg 699w, https:\/\/www.yucatanencorto.com\/noticias\/wp-content\/uploads\/2023\/05\/WhatsApp-Image-2023-05-15-at-5.00.22-PM-768x844.jpeg 768w, https:\/\/www.yucatanencorto.com\/noticias\/wp-content\/uploads\/2023\/05\/WhatsApp-Image-2023-05-15-at-5.00.22-PM-696x765.jpeg 696w, https:\/\/www.yucatanencorto.com\/noticias\/wp-content\/uploads\/2023\/05\/WhatsApp-Image-2023-05-15-at-5.00.22-PM-1068x1173.jpeg 1068w, https:\/\/www.yucatanencorto.com\/noticias\/wp-content\/uploads\/2023\/05\/WhatsApp-Image-2023-05-15-at-5.00.22-PM-382x420.jpeg 382w\" sizes=\"auto, (max-width: 699px) 100vw, 699px\" \/>Por los delitos de homicidio calificado y en materia de cad\u00e1veres cometido en pandilla, fue detenido Jos\u00e9 Dagoberto U.L., alias \u201cchamoy\u201d o \u201cdago\u201d de 28 a\u00f1os de edad.<\/p>\n<p>Con base en las investigaciones realizadas por elementos de la Polic\u00eda Estatal de Investigaci\u00f3n (PEI) en coordinaci\u00f3n con la Fiscal\u00eda General del Estado (FGE), particip\u00f3 con otros tres individuos, detenidos el pasado mes de abril, en la muerte por golpes y estrangulamiento de Jorge Pastor H.M., encontrado en una zanja de un rancho ubicado en el kil\u00f3metro 11 de la carretera M\u00e9rida- Canc\u00fan.<\/p>\n<p>Los agentes y fiscales investigadores localizaron al individuo, ejecutaron la orden de aprehensi\u00f3n y lo pusieron a disposici\u00f3n del Juez de Control que le sigue el proceso.<\/p>\n","protected":false},"excerpt":{"rendered":"<p>Por los delitos de homicidio calificado y en materia de cad\u00e1veres cometido en pandilla, fue detenido Jos\u00e9 Dagoberto U.L., alias \u201cchamoy\u201d o \u201cdago\u201d de 28 a\u00f1os de edad. Con base en las investigaciones realizadas por elementos de la Polic\u00eda Estatal de Investigaci\u00f3n (PEI) en coordinaci\u00f3n con la Fiscal\u00eda General del Estado (FGE), particip\u00f3 con otros [&hellip;]<\/p>\n","protected":false},"author":3,"featured_media":98095,"comment_status":"closed","ping_status":"closed","sticky":false,"template":"","format":"standard","meta":{"footnotes":""},"categories":[3],"tags":[],"class_list":{"0":"post-98094","1":"post","2":"type-post","3":"status-publish","4":"format-standard","5":"has-post-thumbnail","7":"category-yucatan"},"yoast_head":"<!-- This site is optimized with the Yoast SEO plugin v27.5 - https:\/\/yoast.com\/product\/yoast-seo-wordpress\/ -->\n<title>FGE y SSP detienen a un sujeto por homicidio en Kanas\u00edn - Yucat\u00e1n en corto<\/title>\n<meta name=\"robots\" content=\"index, follow, max-snippet:-1, max-image-preview:large, max-video-preview:-1\" \/>\n<link rel=\"canonical\" href=\"https:\/\/www.yucatanencorto.com\/noticias\/fge-y-ssp-detienen-a-un-sujeto-por-homicidio-en-kanasin\/\" \/>\n<meta property=\"og:locale\" content=\"es_ES\" \/>\n<meta property=\"og:type\" content=\"article\" \/>\n<meta property=\"og:title\" content=\"FGE y SSP detienen a un sujeto por homicidio en Kanas\u00edn - Yucat\u00e1n en corto\" \/>\n<meta property=\"og:description\" content=\"Por los delitos de homicidio calificado y en materia de cad\u00e1veres cometido en pandilla, fue detenido Jos\u00e9 Dagoberto U.L., alias \u201cchamoy\u201d o \u201cdago\u201d de 28 a\u00f1os de edad. Con base en las investigaciones realizadas por elementos de la Polic\u00eda Estatal de Investigaci\u00f3n (PEI) en coordinaci\u00f3n con la Fiscal\u00eda General del Estado (FGE), particip\u00f3 con otros [&hellip;]\" \/>\n<meta property=\"og:url\" content=\"https:\/\/www.yucatanencorto.com\/noticias\/fge-y-ssp-detienen-a-un-sujeto-por-homicidio-en-kanasin\/\" \/>\n<meta property=\"og:site_name\" content=\"Yucat\u00e1n en corto\" \/>\n<meta property=\"article:publisher\" content=\"http:\/\/www.facebook.com\/yucatanencorto\" \/>\n<meta property=\"article:published_time\" content=\"2023-05-15T23:15:01+00:00\" \/>\n<meta property=\"og:image\" content=\"https:\/\/www.yucatanencorto.com\/noticias\/wp-content\/uploads\/2023\/05\/WhatsApp-Image-2023-05-15-at-5.00.22-PM-scaled.jpeg\" \/>\n\t<meta property=\"og:image:width\" content=\"699\" \/>\n\t<meta property=\"og:image:height\" content=\"768\" \/>\n\t<meta property=\"og:image:type\" content=\"image\/jpeg\" \/>\n<meta name=\"author\" content=\"Redes\" \/>\n<meta name=\"twitter:card\" content=\"summary_large_image\" \/>\n<meta name=\"twitter:creator\" content=\"@yucatanencorto\" \/>\n<meta name=\"twitter:site\" content=\"@yucatanencorto\" \/>\n<meta name=\"twitter:label1\" content=\"Escrito por\" \/>\n\t<meta name=\"twitter:data1\" content=\"Redes\" \/>\n\t<meta name=\"twitter:label2\" content=\"Tiempo de lectura\" \/>\n\t<meta name=\"twitter:data2\" content=\"1 minuto\" \/>\n<script type=\"application\/ld+json\" class=\"yoast-schema-graph\">{\"@context\":\"https:\\\/\\\/schema.org\",\"@graph\":[{\"@type\":\"Article\",\"@id\":\"https:\\\/\\\/www.yucatanencorto.com\\\/noticias\\\/fge-y-ssp-detienen-a-un-sujeto-por-homicidio-en-kanasin\\\/#article\",\"isPartOf\":{\"@id\":\"https:\\\/\\\/www.yucatanencorto.com\\\/noticias\\\/fge-y-ssp-detienen-a-un-sujeto-por-homicidio-en-kanasin\\\/\"},\"author\":{\"name\":\"Redes\",\"@id\":\"https:\\\/\\\/www.yucatanencorto.com\\\/noticias\\\/#\\\/schema\\\/person\\\/e2fbdfaf30a07014a43940ce989f3119\"},\"headline\":\"FGE y SSP detienen a un sujeto por homicidio en Kanas\u00edn\",\"datePublished\":\"2023-05-15T23:15:01+00:00\",\"mainEntityOfPage\":{\"@id\":\"https:\\\/\\\/www.yucatanencorto.com\\\/noticias\\\/fge-y-ssp-detienen-a-un-sujeto-por-homicidio-en-kanasin\\\/\"},\"wordCount\":141,\"image\":{\"@id\":\"https:\\\/\\\/www.yucatanencorto.com\\\/noticias\\\/fge-y-ssp-detienen-a-un-sujeto-por-homicidio-en-kanasin\\\/#primaryimage\"},\"thumbnailUrl\":\"https:\\\/\\\/www.yucatanencorto.com\\\/noticias\\\/wp-content\\\/uploads\\\/2023\\\/05\\\/WhatsApp-Image-2023-05-15-at-5.00.22-PM-scaled.jpeg\",\"articleSection\":[\"Yucat\u00e1n\"],\"inLanguage\":\"es\"},{\"@type\":\"WebPage\",\"@id\":\"https:\\\/\\\/www.yucatanencorto.com\\\/noticias\\\/fge-y-ssp-detienen-a-un-sujeto-por-homicidio-en-kanasin\\\/\",\"url\":\"https:\\\/\\\/www.yucatanencorto.com\\\/noticias\\\/fge-y-ssp-detienen-a-un-sujeto-por-homicidio-en-kanasin\\\/\",\"name\":\"FGE y SSP detienen a un sujeto por homicidio en Kanas\u00edn - Yucat\u00e1n en corto\",\"isPartOf\":{\"@id\":\"https:\\\/\\\/www.yucatanencorto.com\\\/noticias\\\/#website\"},\"primaryImageOfPage\":{\"@id\":\"https:\\\/\\\/www.yucatanencorto.com\\\/noticias\\\/fge-y-ssp-detienen-a-un-sujeto-por-homicidio-en-kanasin\\\/#primaryimage\"},\"image\":{\"@id\":\"https:\\\/\\\/www.yucatanencorto.com\\\/noticias\\\/fge-y-ssp-detienen-a-un-sujeto-por-homicidio-en-kanasin\\\/#primaryimage\"},\"thumbnailUrl\":\"https:\\\/\\\/www.yucatanencorto.com\\\/noticias\\\/wp-content\\\/uploads\\\/2023\\\/05\\\/WhatsApp-Image-2023-05-15-at-5.00.22-PM-scaled.jpeg\",\"datePublished\":\"2023-05-15T23:15:01+00:00\",\"author\":{\"@id\":\"https:\\\/\\\/www.yucatanencorto.com\\\/noticias\\\/#\\\/schema\\\/person\\\/e2fbdfaf30a07014a43940ce989f3119\"},\"breadcrumb\":{\"@id\":\"https:\\\/\\\/www.yucatanencorto.com\\\/noticias\\\/fge-y-ssp-detienen-a-un-sujeto-por-homicidio-en-kanasin\\\/#breadcrumb\"},\"inLanguage\":\"es\",\"potentialAction\":[{\"@type\":\"ReadAction\",\"target\":[\"https:\\\/\\\/www.yucatanencorto.com\\\/noticias\\\/fge-y-ssp-detienen-a-un-sujeto-por-homicidio-en-kanasin\\\/\"]}]},{\"@type\":\"ImageObject\",\"inLanguage\":\"es\",\"@id\":\"https:\\\/\\\/www.yucatanencorto.com\\\/noticias\\\/fge-y-ssp-detienen-a-un-sujeto-por-homicidio-en-kanasin\\\/#primaryimage\",\"url\":\"https:\\\/\\\/www.yucatanencorto.com\\\/noticias\\\/wp-content\\\/uploads\\\/2023\\\/05\\\/WhatsApp-Image-2023-05-15-at-5.00.22-PM-scaled.jpeg\",\"contentUrl\":\"https:\\\/\\\/www.yucatanencorto.com\\\/noticias\\\/wp-content\\\/uploads\\\/2023\\\/05\\\/WhatsApp-Image-2023-05-15-at-5.00.22-PM-scaled.jpeg\",\"width\":699,\"height\":768},{\"@type\":\"BreadcrumbList\",\"@id\":\"https:\\\/\\\/www.yucatanencorto.com\\\/noticias\\\/fge-y-ssp-detienen-a-un-sujeto-por-homicidio-en-kanasin\\\/#breadcrumb\",\"itemListElement\":[{\"@type\":\"ListItem\",\"position\":1,\"name\":\"Portada\",\"item\":\"https:\\\/\\\/www.yucatanencorto.com\\\/noticias\\\/\"},{\"@type\":\"ListItem\",\"position\":2,\"name\":\"FGE y SSP detienen a un sujeto por homicidio en Kanas\u00edn\"}]},{\"@type\":\"WebSite\",\"@id\":\"https:\\\/\\\/www.yucatanencorto.com\\\/noticias\\\/#website\",\"url\":\"https:\\\/\\\/www.yucatanencorto.com\\\/noticias\\\/\",\"name\":\"Yucat\u00e1n en corto\",\"description\":\"Noticias\",\"potentialAction\":[{\"@type\":\"SearchAction\",\"target\":{\"@type\":\"EntryPoint\",\"urlTemplate\":\"https:\\\/\\\/www.yucatanencorto.com\\\/noticias\\\/?s={search_term_string}\"},\"query-input\":{\"@type\":\"PropertyValueSpecification\",\"valueRequired\":true,\"valueName\":\"search_term_string\"}}],\"inLanguage\":\"es\"},{\"@type\":\"Person\",\"@id\":\"https:\\\/\\\/www.yucatanencorto.com\\\/noticias\\\/#\\\/schema\\\/person\\\/e2fbdfaf30a07014a43940ce989f3119\",\"name\":\"Redes\",\"image\":{\"@type\":\"ImageObject\",\"inLanguage\":\"es\",\"@id\":\"https:\\\/\\\/secure.gravatar.com\\\/avatar\\\/5931a2d21dd7cc834f44c8c34fe56d90ed6d536ef452cbf870c7485b524dddd7?s=96&d=mm&r=g\",\"url\":\"https:\\\/\\\/secure.gravatar.com\\\/avatar\\\/5931a2d21dd7cc834f44c8c34fe56d90ed6d536ef452cbf870c7485b524dddd7?s=96&d=mm&r=g\",\"contentUrl\":\"https:\\\/\\\/secure.gravatar.com\\\/avatar\\\/5931a2d21dd7cc834f44c8c34fe56d90ed6d536ef452cbf870c7485b524dddd7?s=96&d=mm&r=g\",\"caption\":\"Redes\"},\"url\":\"https:\\\/\\\/www.yucatanencorto.com\\\/noticias\\\/author\\\/redes\\\/\"}]}<\/script>\n<!-- \/ Yoast SEO plugin. -->","yoast_head_json":{"title":"FGE y SSP detienen a un sujeto por homicidio en Kanas\u00edn - Yucat\u00e1n en corto","robots":{"index":"index","follow":"follow","max-snippet":"max-snippet:-1","max-image-preview":"max-image-preview:large","max-video-preview":"max-video-preview:-1"},"canonical":"https:\/\/www.yucatanencorto.com\/noticias\/fge-y-ssp-detienen-a-un-sujeto-por-homicidio-en-kanasin\/","og_locale":"es_ES","og_type":"article","og_title":"FGE y SSP detienen a un sujeto por homicidio en Kanas\u00edn - Yucat\u00e1n en corto","og_description":"Por los delitos de homicidio calificado y en materia de cad\u00e1veres cometido en pandilla, fue detenido Jos\u00e9 Dagoberto U.L., alias \u201cchamoy\u201d o \u201cdago\u201d de 28 a\u00f1os de edad. Con base en las investigaciones realizadas por elementos de la Polic\u00eda Estatal de Investigaci\u00f3n (PEI) en coordinaci\u00f3n con la Fiscal\u00eda General del Estado (FGE), particip\u00f3 con otros [&hellip;]","og_url":"https:\/\/www.yucatanencorto.com\/noticias\/fge-y-ssp-detienen-a-un-sujeto-por-homicidio-en-kanasin\/","og_site_name":"Yucat\u00e1n en corto","article_publisher":"http:\/\/www.facebook.com\/yucatanencorto","article_published_time":"2023-05-15T23:15:01+00:00","og_image":[{"width":699,"height":768,"url":"https:\/\/www.yucatanencorto.com\/noticias\/wp-content\/uploads\/2023\/05\/WhatsApp-Image-2023-05-15-at-5.00.22-PM-scaled.jpeg","type":"image\/jpeg"}],"author":"Redes","twitter_card":"summary_large_image","twitter_creator":"@yucatanencorto","twitter_site":"@yucatanencorto","twitter_misc":{"Escrito por":"Redes","Tiempo de lectura":"1 minuto"},"schema":{"@context":"https:\/\/schema.org","@graph":[{"@type":"Article","@id":"https:\/\/www.yucatanencorto.com\/noticias\/fge-y-ssp-detienen-a-un-sujeto-por-homicidio-en-kanasin\/#article","isPartOf":{"@id":"https:\/\/www.yucatanencorto.com\/noticias\/fge-y-ssp-detienen-a-un-sujeto-por-homicidio-en-kanasin\/"},"author":{"name":"Redes","@id":"https:\/\/www.yucatanencorto.com\/noticias\/#\/schema\/person\/e2fbdfaf30a07014a43940ce989f3119"},"headline":"FGE y SSP detienen a un sujeto por homicidio en Kanas\u00edn","datePublished":"2023-05-15T23:15:01+00:00","mainEntityOfPage":{"@id":"https:\/\/www.yucatanencorto.com\/noticias\/fge-y-ssp-detienen-a-un-sujeto-por-homicidio-en-kanasin\/"},"wordCount":141,"image":{"@id":"https:\/\/www.yucatanencorto.com\/noticias\/fge-y-ssp-detienen-a-un-sujeto-por-homicidio-en-kanasin\/#primaryimage"},"thumbnailUrl":"https:\/\/www.yucatanencorto.com\/noticias\/wp-content\/uploads\/2023\/05\/WhatsApp-Image-2023-05-15-at-5.00.22-PM-scaled.jpeg","articleSection":["Yucat\u00e1n"],"inLanguage":"es"},{"@type":"WebPage","@id":"https:\/\/www.yucatanencorto.com\/noticias\/fge-y-ssp-detienen-a-un-sujeto-por-homicidio-en-kanasin\/","url":"https:\/\/www.yucatanencorto.com\/noticias\/fge-y-ssp-detienen-a-un-sujeto-por-homicidio-en-kanasin\/","name":"FGE y SSP detienen a un sujeto por homicidio en Kanas\u00edn - Yucat\u00e1n en corto","isPartOf":{"@id":"https:\/\/www.yucatanencorto.com\/noticias\/#website"},"primaryImageOfPage":{"@id":"https:\/\/www.yucatanencorto.com\/noticias\/fge-y-ssp-detienen-a-un-sujeto-por-homicidio-en-kanasin\/#primaryimage"},"image":{"@id":"https:\/\/www.yucatanencorto.com\/noticias\/fge-y-ssp-detienen-a-un-sujeto-por-homicidio-en-kanasin\/#primaryimage"},"thumbnailUrl":"https:\/\/www.yucatanencorto.com\/noticias\/wp-content\/uploads\/2023\/05\/WhatsApp-Image-2023-05-15-at-5.00.22-PM-scaled.jpeg","datePublished":"2023-05-15T23:15:01+00:00","author":{"@id":"https:\/\/www.yucatanencorto.com\/noticias\/#\/schema\/person\/e2fbdfaf30a07014a43940ce989f3119"},"breadcrumb":{"@id":"https:\/\/www.yucatanencorto.com\/noticias\/fge-y-ssp-detienen-a-un-sujeto-por-homicidio-en-kanasin\/#breadcrumb"},"inLanguage":"es","potentialAction":[{"@type":"ReadAction","target":["https:\/\/www.yucatanencorto.com\/noticias\/fge-y-ssp-detienen-a-un-sujeto-por-homicidio-en-kanasin\/"]}]},{"@type":"ImageObject","inLanguage":"es","@id":"https:\/\/www.yucatanencorto.com\/noticias\/fge-y-ssp-detienen-a-un-sujeto-por-homicidio-en-kanasin\/#primaryimage","url":"https:\/\/www.yucatanencorto.com\/noticias\/wp-content\/uploads\/2023\/05\/WhatsApp-Image-2023-05-15-at-5.00.22-PM-scaled.jpeg","contentUrl":"https:\/\/www.yucatanencorto.com\/noticias\/wp-content\/uploads\/2023\/05\/WhatsApp-Image-2023-05-15-at-5.00.22-PM-scaled.jpeg","width":699,"height":768},{"@type":"BreadcrumbList","@id":"https:\/\/www.yucatanencorto.com\/noticias\/fge-y-ssp-detienen-a-un-sujeto-por-homicidio-en-kanasin\/#breadcrumb","itemListElement":[{"@type":"ListItem","position":1,"name":"Portada","item":"https:\/\/www.yucatanencorto.com\/noticias\/"},{"@type":"ListItem","position":2,"name":"FGE y SSP detienen a un sujeto por homicidio en Kanas\u00edn"}]},{"@type":"WebSite","@id":"https:\/\/www.yucatanencorto.com\/noticias\/#website","url":"https:\/\/www.yucatanencorto.com\/noticias\/","name":"Yucat\u00e1n en corto","description":"Noticias","potentialAction":[{"@type":"SearchAction","target":{"@type":"EntryPoint","urlTemplate":"https:\/\/www.yucatanencorto.com\/noticias\/?s={search_term_string}"},"query-input":{"@type":"PropertyValueSpecification","valueRequired":true,"valueName":"search_term_string"}}],"inLanguage":"es"},{"@type":"Person","@id":"https:\/\/www.yucatanencorto.com\/noticias\/#\/schema\/person\/e2fbdfaf30a07014a43940ce989f3119","name":"Redes","image":{"@type":"ImageObject","inLanguage":"es","@id":"https:\/\/secure.gravatar.com\/avatar\/5931a2d21dd7cc834f44c8c34fe56d90ed6d536ef452cbf870c7485b524dddd7?s=96&d=mm&r=g","url":"https:\/\/secure.gravatar.com\/avatar\/5931a2d21dd7cc834f44c8c34fe56d90ed6d536ef452cbf870c7485b524dddd7?s=96&d=mm&r=g","contentUrl":"https:\/\/secure.gravatar.com\/avatar\/5931a2d21dd7cc834f44c8c34fe56d90ed6d536ef452cbf870c7485b524dddd7?s=96&d=mm&r=g","caption":"Redes"},"url":"https:\/\/www.yucatanencorto.com\/noticias\/author\/redes\/"}]}},"_links":{"self":[{"href":"https:\/\/www.yucatanencorto.com\/noticias\/wp-json\/wp\/v2\/posts\/98094","targetHints":{"allow":["GET"]}}],"collection":[{"href":"https:\/\/www.yucatanencorto.com\/noticias\/wp-json\/wp\/v2\/posts"}],"about":[{"href":"https:\/\/www.yucatanencorto.com\/noticias\/wp-json\/wp\/v2\/types\/post"}],"author":[{"embeddable":true,"href":"https:\/\/www.yucatanencorto.com\/noticias\/wp-json\/wp\/v2\/users\/3"}],"replies":[{"embeddable":true,"href":"https:\/\/www.yucatanencorto.com\/noticias\/wp-json\/wp\/v2\/comments?post=98094"}],"version-history":[{"count":0,"href":"https:\/\/www.yucatanencorto.com\/noticias\/wp-json\/wp\/v2\/posts\/98094\/revisions"}],"wp:featuredmedia":[{"embeddable":true,"href":"https:\/\/www.yucatanencorto.com\/noticias\/wp-json\/wp\/v2\/media\/98095"}],"wp:attachment":[{"href":"https:\/\/www.yucatanencorto.com\/noticias\/wp-json\/wp\/v2\/media?parent=98094"}],"wp:term":[{"taxonomy":"category","embeddable":true,"href":"https:\/\/www.yucatanencorto.com\/noticias\/wp-json\/wp\/v2\/categories?post=98094"},{"taxonomy":"post_tag","embeddable":true,"href":"https:\/\/www.yucatanencorto.com\/noticias\/wp-json\/wp\/v2\/tags?post=98094"}],"curies":[{"name":"wp","href":"https:\/\/api.w.org\/{rel}","templated":true}]}}