{"id":98098,"date":"2023-05-15T17:34:57","date_gmt":"2023-05-15T23:34:57","guid":{"rendered":"https:\/\/www.yucatanencorto.com\/noticias\/?p=98098"},"modified":"2023-05-15T17:34:57","modified_gmt":"2023-05-15T23:34:57","slug":"los-antibioticos-ya-no-se-estan-funcionando-ciad","status":"publish","type":"post","link":"https:\/\/www.yucatanencorto.com\/noticias\/los-antibioticos-ya-no-se-estan-funcionando-ciad\/","title":{"rendered":"Los antibi\u00f3ticos ya no se est\u00e1n funcionando: CIAD"},"content":{"rendered":"<p><img loading=\"lazy\" decoding=\"async\" class=\"alignnone size-full wp-image-98099\" src=\"https:\/\/www.yucatanencorto.com\/noticias\/wp-content\/uploads\/2023\/05\/AA1bb7sX.jpg\" alt=\"\" width=\"768\" height=\"768\" srcset=\"https:\/\/www.yucatanencorto.com\/noticias\/wp-content\/uploads\/2023\/05\/AA1bb7sX.jpg 768w, https:\/\/www.yucatanencorto.com\/noticias\/wp-content\/uploads\/2023\/05\/AA1bb7sX-696x696.jpg 696w, https:\/\/www.yucatanencorto.com\/noticias\/wp-content\/uploads\/2023\/05\/AA1bb7sX-420x420.jpg 420w\" sizes=\"auto, (max-width: 768px) 100vw, 768px\" \/><\/p>\n<p>La alarma ha sido lanzada y es que la resistencia bacteriana se ha convertido en un problema cada vez m\u00e1s grave en todo el mundo, indica el Centro de Investigaci\u00f3n, Alimentaci\u00f3n y Desarrollo (CIAD)<\/p>\n<p>Aunque los antibi\u00f3ticos han sido una herramienta invaluable para el control de muchas enfermedades bacterianas, el mal uso de ellos ha llevado a la creaci\u00f3n de bacterias resistentes que pueden resultar mortales.<\/p>\n<p>Las bacterias tienen una capacidad impresionante para generar resistencia. Con una sola exposici\u00f3n a dosis subcl\u00ednicas, una bacteria puede desarrollar resistencia en sus c\u00e9lulas descendientes.<\/p>\n<p>En la actualidad, existen bacterias que tienen la capacidad de resistir m\u00faltiples antibi\u00f3ticos a la vez.\u00a0En Estados Unidos, 1.8 millones de personas sufren infecciones por bacterias resistentes al menos a un antibi\u00f3tico, y alrededor de 48,000 mueren cada a\u00f1o.<\/p>\n<p>Desde su descubrimiento y uso, se ha observado que algunas bacterias tienen la capacidad natural de resistir el ataque de ciertos antibi\u00f3ticos, y que otras r\u00e1pidamente desarrollan esa resistencia.<\/p>\n<p>La causa de esta \u00faltima es atribuida al mal uso que les hemos dado a los antibi\u00f3ticos por d\u00e9cadas. Y es que aunque los m\u00e9dicos se encargan de prescribir el antibi\u00f3tico seg\u00fan la infecci\u00f3n que tenga el paciente, es com\u00fan que\u00a0no se sigan las indicaciones de dosis, frecuencia y tiempo de tratamiento, lo que genera dosis subcl\u00ednicas que permiten la resistencia bacteriana.<\/p>\n<p>La clave est\u00e1 en seguir las indicaciones m\u00e9dicas al pie de la letra, administrando el medicamento exactamente como se indica, evitando la interrupci\u00f3n del tratamiento y no automedic\u00e1ndonos.<\/p>\n<p>Tambi\u00e9n debemos tomar en consideraci\u00f3n la engorda indiscriminada de animales de granja con antibi\u00f3ticos, ya que esto ha contribuido a la creaci\u00f3n de bacterias resistentes.<\/p>\n<p>A los m\u00e9dicos les corresponde hacer un diagn\u00f3stico correcto y prescribir los medicamentos adecuados, mientras que nosotros, como pacientes, tenemos la responsabilidad de administrarlos en los tiempos y dosis que nos indican.<\/p>\n<p>Solo as\u00ed podremos luchar contra la resistencia bacteriana y asegurar que los antibi\u00f3ticos sigan siendo una herramienta eficaz para salvar vidas.<\/p>\n<p>&nbsp;<\/p>\n","protected":false},"excerpt":{"rendered":"<p>La alarma ha sido lanzada y es que la resistencia bacteriana se ha convertido en un problema cada vez m\u00e1s grave en todo el mundo, indica el Centro de Investigaci\u00f3n, Alimentaci\u00f3n y Desarrollo (CIAD) Aunque los antibi\u00f3ticos han sido una herramienta invaluable para el control de muchas enfermedades bacterianas, el mal uso de ellos ha [&hellip;]<\/p>\n","protected":false},"author":3,"featured_media":98099,"comment_status":"closed","ping_status":"closed","sticky":false,"template":"","format":"standard","meta":{"footnotes":""},"categories":[9976],"tags":[],"class_list":{"0":"post-98098","1":"post","2":"type-post","3":"status-publish","4":"format-standard","5":"has-post-thumbnail","7":"category-salud"},"yoast_head":"<!-- This site is optimized with the Yoast SEO plugin v27.5 - https:\/\/yoast.com\/product\/yoast-seo-wordpress\/ -->\n<title>Los antibi\u00f3ticos ya no se est\u00e1n funcionando: CIAD - Yucat\u00e1n en corto<\/title>\n<meta name=\"robots\" content=\"index, follow, max-snippet:-1, max-image-preview:large, max-video-preview:-1\" \/>\n<link rel=\"canonical\" href=\"https:\/\/www.yucatanencorto.com\/noticias\/los-antibioticos-ya-no-se-estan-funcionando-ciad\/\" \/>\n<meta property=\"og:locale\" content=\"es_ES\" \/>\n<meta property=\"og:type\" content=\"article\" \/>\n<meta property=\"og:title\" content=\"Los antibi\u00f3ticos ya no se est\u00e1n funcionando: CIAD - Yucat\u00e1n en corto\" \/>\n<meta property=\"og:description\" content=\"La alarma ha sido lanzada y es que la resistencia bacteriana se ha convertido en un problema cada vez m\u00e1s grave en todo el mundo, indica el Centro de Investigaci\u00f3n, Alimentaci\u00f3n y Desarrollo (CIAD) Aunque los antibi\u00f3ticos han sido una herramienta invaluable para el control de muchas enfermedades bacterianas, el mal uso de ellos ha [&hellip;]\" \/>\n<meta property=\"og:url\" content=\"https:\/\/www.yucatanencorto.com\/noticias\/los-antibioticos-ya-no-se-estan-funcionando-ciad\/\" \/>\n<meta property=\"og:site_name\" content=\"Yucat\u00e1n en corto\" \/>\n<meta property=\"article:publisher\" content=\"http:\/\/www.facebook.com\/yucatanencorto\" \/>\n<meta property=\"article:published_time\" content=\"2023-05-15T23:34:57+00:00\" \/>\n<meta property=\"og:image\" content=\"https:\/\/www.yucatanencorto.com\/noticias\/wp-content\/uploads\/2023\/05\/AA1bb7sX.jpg\" \/>\n\t<meta property=\"og:image:width\" content=\"768\" \/>\n\t<meta property=\"og:image:height\" content=\"768\" \/>\n\t<meta property=\"og:image:type\" content=\"image\/jpeg\" \/>\n<meta name=\"author\" content=\"Redes\" \/>\n<meta name=\"twitter:card\" content=\"summary_large_image\" \/>\n<meta name=\"twitter:creator\" content=\"@yucatanencorto\" \/>\n<meta name=\"twitter:site\" content=\"@yucatanencorto\" \/>\n<meta name=\"twitter:label1\" content=\"Escrito por\" \/>\n\t<meta name=\"twitter:data1\" content=\"Redes\" \/>\n\t<meta name=\"twitter:label2\" content=\"Tiempo de lectura\" \/>\n\t<meta name=\"twitter:data2\" content=\"2 minutos\" \/>\n<script type=\"application\/ld+json\" class=\"yoast-schema-graph\">{\"@context\":\"https:\\\/\\\/schema.org\",\"@graph\":[{\"@type\":\"Article\",\"@id\":\"https:\\\/\\\/www.yucatanencorto.com\\\/noticias\\\/los-antibioticos-ya-no-se-estan-funcionando-ciad\\\/#article\",\"isPartOf\":{\"@id\":\"https:\\\/\\\/www.yucatanencorto.com\\\/noticias\\\/los-antibioticos-ya-no-se-estan-funcionando-ciad\\\/\"},\"author\":{\"name\":\"Redes\",\"@id\":\"https:\\\/\\\/www.yucatanencorto.com\\\/noticias\\\/#\\\/schema\\\/person\\\/e2fbdfaf30a07014a43940ce989f3119\"},\"headline\":\"Los antibi\u00f3ticos ya no se est\u00e1n funcionando: CIAD\",\"datePublished\":\"2023-05-15T23:34:57+00:00\",\"mainEntityOfPage\":{\"@id\":\"https:\\\/\\\/www.yucatanencorto.com\\\/noticias\\\/los-antibioticos-ya-no-se-estan-funcionando-ciad\\\/\"},\"wordCount\":370,\"image\":{\"@id\":\"https:\\\/\\\/www.yucatanencorto.com\\\/noticias\\\/los-antibioticos-ya-no-se-estan-funcionando-ciad\\\/#primaryimage\"},\"thumbnailUrl\":\"https:\\\/\\\/www.yucatanencorto.com\\\/noticias\\\/wp-content\\\/uploads\\\/2023\\\/05\\\/AA1bb7sX.jpg\",\"articleSection\":[\"Salud\"],\"inLanguage\":\"es\"},{\"@type\":\"WebPage\",\"@id\":\"https:\\\/\\\/www.yucatanencorto.com\\\/noticias\\\/los-antibioticos-ya-no-se-estan-funcionando-ciad\\\/\",\"url\":\"https:\\\/\\\/www.yucatanencorto.com\\\/noticias\\\/los-antibioticos-ya-no-se-estan-funcionando-ciad\\\/\",\"name\":\"Los antibi\u00f3ticos ya no se est\u00e1n funcionando: CIAD - Yucat\u00e1n en corto\",\"isPartOf\":{\"@id\":\"https:\\\/\\\/www.yucatanencorto.com\\\/noticias\\\/#website\"},\"primaryImageOfPage\":{\"@id\":\"https:\\\/\\\/www.yucatanencorto.com\\\/noticias\\\/los-antibioticos-ya-no-se-estan-funcionando-ciad\\\/#primaryimage\"},\"image\":{\"@id\":\"https:\\\/\\\/www.yucatanencorto.com\\\/noticias\\\/los-antibioticos-ya-no-se-estan-funcionando-ciad\\\/#primaryimage\"},\"thumbnailUrl\":\"https:\\\/\\\/www.yucatanencorto.com\\\/noticias\\\/wp-content\\\/uploads\\\/2023\\\/05\\\/AA1bb7sX.jpg\",\"datePublished\":\"2023-05-15T23:34:57+00:00\",\"author\":{\"@id\":\"https:\\\/\\\/www.yucatanencorto.com\\\/noticias\\\/#\\\/schema\\\/person\\\/e2fbdfaf30a07014a43940ce989f3119\"},\"breadcrumb\":{\"@id\":\"https:\\\/\\\/www.yucatanencorto.com\\\/noticias\\\/los-antibioticos-ya-no-se-estan-funcionando-ciad\\\/#breadcrumb\"},\"inLanguage\":\"es\",\"potentialAction\":[{\"@type\":\"ReadAction\",\"target\":[\"https:\\\/\\\/www.yucatanencorto.com\\\/noticias\\\/los-antibioticos-ya-no-se-estan-funcionando-ciad\\\/\"]}]},{\"@type\":\"ImageObject\",\"inLanguage\":\"es\",\"@id\":\"https:\\\/\\\/www.yucatanencorto.com\\\/noticias\\\/los-antibioticos-ya-no-se-estan-funcionando-ciad\\\/#primaryimage\",\"url\":\"https:\\\/\\\/www.yucatanencorto.com\\\/noticias\\\/wp-content\\\/uploads\\\/2023\\\/05\\\/AA1bb7sX.jpg\",\"contentUrl\":\"https:\\\/\\\/www.yucatanencorto.com\\\/noticias\\\/wp-content\\\/uploads\\\/2023\\\/05\\\/AA1bb7sX.jpg\",\"width\":768,\"height\":768},{\"@type\":\"BreadcrumbList\",\"@id\":\"https:\\\/\\\/www.yucatanencorto.com\\\/noticias\\\/los-antibioticos-ya-no-se-estan-funcionando-ciad\\\/#breadcrumb\",\"itemListElement\":[{\"@type\":\"ListItem\",\"position\":1,\"name\":\"Portada\",\"item\":\"https:\\\/\\\/www.yucatanencorto.com\\\/noticias\\\/\"},{\"@type\":\"ListItem\",\"position\":2,\"name\":\"Los antibi\u00f3ticos ya no se est\u00e1n funcionando: CIAD\"}]},{\"@type\":\"WebSite\",\"@id\":\"https:\\\/\\\/www.yucatanencorto.com\\\/noticias\\\/#website\",\"url\":\"https:\\\/\\\/www.yucatanencorto.com\\\/noticias\\\/\",\"name\":\"Yucat\u00e1n en corto\",\"description\":\"Noticias\",\"potentialAction\":[{\"@type\":\"SearchAction\",\"target\":{\"@type\":\"EntryPoint\",\"urlTemplate\":\"https:\\\/\\\/www.yucatanencorto.com\\\/noticias\\\/?s={search_term_string}\"},\"query-input\":{\"@type\":\"PropertyValueSpecification\",\"valueRequired\":true,\"valueName\":\"search_term_string\"}}],\"inLanguage\":\"es\"},{\"@type\":\"Person\",\"@id\":\"https:\\\/\\\/www.yucatanencorto.com\\\/noticias\\\/#\\\/schema\\\/person\\\/e2fbdfaf30a07014a43940ce989f3119\",\"name\":\"Redes\",\"image\":{\"@type\":\"ImageObject\",\"inLanguage\":\"es\",\"@id\":\"https:\\\/\\\/secure.gravatar.com\\\/avatar\\\/5931a2d21dd7cc834f44c8c34fe56d90ed6d536ef452cbf870c7485b524dddd7?s=96&d=mm&r=g\",\"url\":\"https:\\\/\\\/secure.gravatar.com\\\/avatar\\\/5931a2d21dd7cc834f44c8c34fe56d90ed6d536ef452cbf870c7485b524dddd7?s=96&d=mm&r=g\",\"contentUrl\":\"https:\\\/\\\/secure.gravatar.com\\\/avatar\\\/5931a2d21dd7cc834f44c8c34fe56d90ed6d536ef452cbf870c7485b524dddd7?s=96&d=mm&r=g\",\"caption\":\"Redes\"},\"url\":\"https:\\\/\\\/www.yucatanencorto.com\\\/noticias\\\/author\\\/redes\\\/\"}]}<\/script>\n<!-- \/ Yoast SEO plugin. -->","yoast_head_json":{"title":"Los antibi\u00f3ticos ya no se est\u00e1n funcionando: CIAD - Yucat\u00e1n en corto","robots":{"index":"index","follow":"follow","max-snippet":"max-snippet:-1","max-image-preview":"max-image-preview:large","max-video-preview":"max-video-preview:-1"},"canonical":"https:\/\/www.yucatanencorto.com\/noticias\/los-antibioticos-ya-no-se-estan-funcionando-ciad\/","og_locale":"es_ES","og_type":"article","og_title":"Los antibi\u00f3ticos ya no se est\u00e1n funcionando: CIAD - Yucat\u00e1n en corto","og_description":"La alarma ha sido lanzada y es que la resistencia bacteriana se ha convertido en un problema cada vez m\u00e1s grave en todo el mundo, indica el Centro de Investigaci\u00f3n, Alimentaci\u00f3n y Desarrollo (CIAD) Aunque los antibi\u00f3ticos han sido una herramienta invaluable para el control de muchas enfermedades bacterianas, el mal uso de ellos ha [&hellip;]","og_url":"https:\/\/www.yucatanencorto.com\/noticias\/los-antibioticos-ya-no-se-estan-funcionando-ciad\/","og_site_name":"Yucat\u00e1n en corto","article_publisher":"http:\/\/www.facebook.com\/yucatanencorto","article_published_time":"2023-05-15T23:34:57+00:00","og_image":[{"width":768,"height":768,"url":"https:\/\/www.yucatanencorto.com\/noticias\/wp-content\/uploads\/2023\/05\/AA1bb7sX.jpg","type":"image\/jpeg"}],"author":"Redes","twitter_card":"summary_large_image","twitter_creator":"@yucatanencorto","twitter_site":"@yucatanencorto","twitter_misc":{"Escrito por":"Redes","Tiempo de lectura":"2 minutos"},"schema":{"@context":"https:\/\/schema.org","@graph":[{"@type":"Article","@id":"https:\/\/www.yucatanencorto.com\/noticias\/los-antibioticos-ya-no-se-estan-funcionando-ciad\/#article","isPartOf":{"@id":"https:\/\/www.yucatanencorto.com\/noticias\/los-antibioticos-ya-no-se-estan-funcionando-ciad\/"},"author":{"name":"Redes","@id":"https:\/\/www.yucatanencorto.com\/noticias\/#\/schema\/person\/e2fbdfaf30a07014a43940ce989f3119"},"headline":"Los antibi\u00f3ticos ya no se est\u00e1n funcionando: CIAD","datePublished":"2023-05-15T23:34:57+00:00","mainEntityOfPage":{"@id":"https:\/\/www.yucatanencorto.com\/noticias\/los-antibioticos-ya-no-se-estan-funcionando-ciad\/"},"wordCount":370,"image":{"@id":"https:\/\/www.yucatanencorto.com\/noticias\/los-antibioticos-ya-no-se-estan-funcionando-ciad\/#primaryimage"},"thumbnailUrl":"https:\/\/www.yucatanencorto.com\/noticias\/wp-content\/uploads\/2023\/05\/AA1bb7sX.jpg","articleSection":["Salud"],"inLanguage":"es"},{"@type":"WebPage","@id":"https:\/\/www.yucatanencorto.com\/noticias\/los-antibioticos-ya-no-se-estan-funcionando-ciad\/","url":"https:\/\/www.yucatanencorto.com\/noticias\/los-antibioticos-ya-no-se-estan-funcionando-ciad\/","name":"Los antibi\u00f3ticos ya no se est\u00e1n funcionando: CIAD - Yucat\u00e1n en corto","isPartOf":{"@id":"https:\/\/www.yucatanencorto.com\/noticias\/#website"},"primaryImageOfPage":{"@id":"https:\/\/www.yucatanencorto.com\/noticias\/los-antibioticos-ya-no-se-estan-funcionando-ciad\/#primaryimage"},"image":{"@id":"https:\/\/www.yucatanencorto.com\/noticias\/los-antibioticos-ya-no-se-estan-funcionando-ciad\/#primaryimage"},"thumbnailUrl":"https:\/\/www.yucatanencorto.com\/noticias\/wp-content\/uploads\/2023\/05\/AA1bb7sX.jpg","datePublished":"2023-05-15T23:34:57+00:00","author":{"@id":"https:\/\/www.yucatanencorto.com\/noticias\/#\/schema\/person\/e2fbdfaf30a07014a43940ce989f3119"},"breadcrumb":{"@id":"https:\/\/www.yucatanencorto.com\/noticias\/los-antibioticos-ya-no-se-estan-funcionando-ciad\/#breadcrumb"},"inLanguage":"es","potentialAction":[{"@type":"ReadAction","target":["https:\/\/www.yucatanencorto.com\/noticias\/los-antibioticos-ya-no-se-estan-funcionando-ciad\/"]}]},{"@type":"ImageObject","inLanguage":"es","@id":"https:\/\/www.yucatanencorto.com\/noticias\/los-antibioticos-ya-no-se-estan-funcionando-ciad\/#primaryimage","url":"https:\/\/www.yucatanencorto.com\/noticias\/wp-content\/uploads\/2023\/05\/AA1bb7sX.jpg","contentUrl":"https:\/\/www.yucatanencorto.com\/noticias\/wp-content\/uploads\/2023\/05\/AA1bb7sX.jpg","width":768,"height":768},{"@type":"BreadcrumbList","@id":"https:\/\/www.yucatanencorto.com\/noticias\/los-antibioticos-ya-no-se-estan-funcionando-ciad\/#breadcrumb","itemListElement":[{"@type":"ListItem","position":1,"name":"Portada","item":"https:\/\/www.yucatanencorto.com\/noticias\/"},{"@type":"ListItem","position":2,"name":"Los antibi\u00f3ticos ya no se est\u00e1n funcionando: CIAD"}]},{"@type":"WebSite","@id":"https:\/\/www.yucatanencorto.com\/noticias\/#website","url":"https:\/\/www.yucatanencorto.com\/noticias\/","name":"Yucat\u00e1n en corto","description":"Noticias","potentialAction":[{"@type":"SearchAction","target":{"@type":"EntryPoint","urlTemplate":"https:\/\/www.yucatanencorto.com\/noticias\/?s={search_term_string}"},"query-input":{"@type":"PropertyValueSpecification","valueRequired":true,"valueName":"search_term_string"}}],"inLanguage":"es"},{"@type":"Person","@id":"https:\/\/www.yucatanencorto.com\/noticias\/#\/schema\/person\/e2fbdfaf30a07014a43940ce989f3119","name":"Redes","image":{"@type":"ImageObject","inLanguage":"es","@id":"https:\/\/secure.gravatar.com\/avatar\/5931a2d21dd7cc834f44c8c34fe56d90ed6d536ef452cbf870c7485b524dddd7?s=96&d=mm&r=g","url":"https:\/\/secure.gravatar.com\/avatar\/5931a2d21dd7cc834f44c8c34fe56d90ed6d536ef452cbf870c7485b524dddd7?s=96&d=mm&r=g","contentUrl":"https:\/\/secure.gravatar.com\/avatar\/5931a2d21dd7cc834f44c8c34fe56d90ed6d536ef452cbf870c7485b524dddd7?s=96&d=mm&r=g","caption":"Redes"},"url":"https:\/\/www.yucatanencorto.com\/noticias\/author\/redes\/"}]}},"_links":{"self":[{"href":"https:\/\/www.yucatanencorto.com\/noticias\/wp-json\/wp\/v2\/posts\/98098","targetHints":{"allow":["GET"]}}],"collection":[{"href":"https:\/\/www.yucatanencorto.com\/noticias\/wp-json\/wp\/v2\/posts"}],"about":[{"href":"https:\/\/www.yucatanencorto.com\/noticias\/wp-json\/wp\/v2\/types\/post"}],"author":[{"embeddable":true,"href":"https:\/\/www.yucatanencorto.com\/noticias\/wp-json\/wp\/v2\/users\/3"}],"replies":[{"embeddable":true,"href":"https:\/\/www.yucatanencorto.com\/noticias\/wp-json\/wp\/v2\/comments?post=98098"}],"version-history":[{"count":0,"href":"https:\/\/www.yucatanencorto.com\/noticias\/wp-json\/wp\/v2\/posts\/98098\/revisions"}],"wp:featuredmedia":[{"embeddable":true,"href":"https:\/\/www.yucatanencorto.com\/noticias\/wp-json\/wp\/v2\/media\/98099"}],"wp:attachment":[{"href":"https:\/\/www.yucatanencorto.com\/noticias\/wp-json\/wp\/v2\/media?parent=98098"}],"wp:term":[{"taxonomy":"category","embeddable":true,"href":"https:\/\/www.yucatanencorto.com\/noticias\/wp-json\/wp\/v2\/categories?post=98098"},{"taxonomy":"post_tag","embeddable":true,"href":"https:\/\/www.yucatanencorto.com\/noticias\/wp-json\/wp\/v2\/tags?post=98098"}],"curies":[{"name":"wp","href":"https:\/\/api.w.org\/{rel}","templated":true}]}}