{"id":98104,"date":"2023-05-15T17:38:55","date_gmt":"2023-05-15T23:38:55","guid":{"rendered":"https:\/\/www.yucatanencorto.com\/noticias\/?p=98104"},"modified":"2023-05-15T17:38:55","modified_gmt":"2023-05-15T23:38:55","slug":"black-eyed-peas-anuncio-gira-en-mexico","status":"publish","type":"post","link":"https:\/\/www.yucatanencorto.com\/noticias\/black-eyed-peas-anuncio-gira-en-mexico\/","title":{"rendered":"Black Eyed Peas anunci\u00f3 gira en M\u00e9xico"},"content":{"rendered":"<p><img loading=\"lazy\" decoding=\"async\" class=\"alignnone size-full wp-image-98105\" src=\"https:\/\/www.yucatanencorto.com\/noticias\/wp-content\/uploads\/2023\/05\/16789350601214-scaled.jpg\" alt=\"\" width=\"768\" height=\"512\" srcset=\"https:\/\/www.yucatanencorto.com\/noticias\/wp-content\/uploads\/2023\/05\/16789350601214-scaled.jpg 768w, https:\/\/www.yucatanencorto.com\/noticias\/wp-content\/uploads\/2023\/05\/16789350601214-1536x1024.jpg 1536w, https:\/\/www.yucatanencorto.com\/noticias\/wp-content\/uploads\/2023\/05\/16789350601214-696x464.jpg 696w, https:\/\/www.yucatanencorto.com\/noticias\/wp-content\/uploads\/2023\/05\/16789350601214-1068x712.jpg 1068w, https:\/\/www.yucatanencorto.com\/noticias\/wp-content\/uploads\/2023\/05\/16789350601214-1920x1280.jpg 1920w, https:\/\/www.yucatanencorto.com\/noticias\/wp-content\/uploads\/2023\/05\/16789350601214-630x420.jpg 630w\" sizes=\"auto, (max-width: 768px) 100vw, 768px\" \/><\/p>\n<p>La banda liderada por\u00a0Will.I.Am.\u00a0present\u00f3 las fechas en que estar\u00e1 brindando conciertos en M\u00e9xico, donde comenzar\u00e1 en septiembre pr\u00f3ximo con su\u00a0show\u00a0en Torre\u00f3n, para terminar en octubre en la ciudad de Guadalajara.<\/p>\n<p>Estas son las diez fechas que los creadores de temas como\u00a0Pump It\u00a0y\u00a0Don\u2019t Phunk with My Heart\u00a0confirmaron en nuestro pa\u00eds:<\/p>\n<p>Torre\u00f3n, Coahuila &#8211; 30 de septiembre<br \/>\nQuer\u00e9taro, Quer\u00e9taro &#8211; 01 de octubre<br \/>\nMonterrey, Nuevo Le\u00f3n &#8211; 05 de octubre<br \/>\nCiudad de M\u00e9xico &#8211; 06 de octubre<br \/>\nPuebla, Puebla &#8211; 07 de octubre<br \/>\nM\u00e9rida, Yucat\u00e1n &#8211; 12 de octubre<br \/>\nCanc\u00fan, Quintana Roo &#8211; 14 de octubre<br \/>\nTijuana, Baja California &#8211; 19 de octubre<br \/>\nMexicali, Baja California &#8211; 20 de octubre<br \/>\nGuadalajara, Jalisco &#8211; 21 de octubre<\/p>\n<p>La agrupaci\u00f3n tambi\u00e9n conformada por\u00a0Taboo\u00a0y\u00a0Apl.de.ap. dio a conocer que los recintos en los que se llevar\u00e1n a cabo los conciertos revelados\u00a0ser\u00e1n anunciados el pr\u00f3ximo 23 de mayo; mientras tanto la emoci\u00f3n de sus seguidores mexicano ya se ha hecho notar en las redes sociales.<\/p>\n<p>Black Eyed Peas\u00a0es una de las bandas que tienen un lugar en el coraz\u00f3n del p\u00fablico mexicano, tal como qued\u00f3 demostrado la noche de este domingo 14 de mayo en el Festival Emblema, cuando en su segundo y \u00faltimo d\u00eda de actividades transportaron a sus admiradores a las primeras d\u00e9cadas de los 2000 con los \u00e9xitos que presentaron durante m\u00e1s de una hora.<\/p>\n<p>\u201cTenemos que decir que siempre que venimos a M\u00e9xico sentimos su amor, tienen a las mejores personas e historia. \u00a1Son los mejores!\u201d, grit\u00f3 Will.I.am en pleno escenario de la curva cuatro del Aut\u00f3dromo Hermanos Rodr\u00edguez.<\/p>\n<p>El ahora tr\u00edo, quien se hace acompa\u00f1ar de la vocalista\u00a0J Rey Soul\u00a0en sus presentaciones en vivo, y quien es la voz femenina tras la ausencia de\u00a0Fergie, caus\u00f3 la emoci\u00f3n de su p\u00fablico con sus temas donde experimentan con sonidos pop, hip hop, urbana y electr\u00f3nica.<\/p>\n<p>\u201c\u00bfQu\u00e9 ondas M\u00e9xico? \u00bfD\u00f3nde est\u00e1n los m\u00e1s chingones de M\u00e9xico?, \u00bfd\u00f3nde est\u00e1n mis loquitas? \u00bfMis parientes de M\u00e9xico?\u00a0Are you ready?\u201d, pregunt\u00f3 el l\u00edder de la banda.<\/p>\n<p>Let\u2019s Get it Started,\u00a0Boom Boom Pow,\u00a0My Humps\u00a0y\u00a0Pump It, entre otros temas encendieron la fiesta en la cual se dej\u00f3 o\u00edr la voz de los integrantes de Black Eyed Peas en ingl\u00e9s y en espa\u00f1ol.<\/p>\n<p>\u201c\u00a1M\u00e9xico! Mi gente, hagan ruido, arriba M\u00e9xico, \u00bfd\u00f3nde est\u00e1n mis mamacitas?, \u00bfd\u00f3nde est\u00e1n mis princesitas?\u201d, pregunt\u00f3 en cierto momento Will.I.am, quien visit\u00f3 una chamarra amarilla, gorra y lentes oscuros.<\/p>\n<p>Durante la conferencia de prensa de la banda formada en Los \u00c1ngeles, California, para presentar las fechas mexicanas de su\u00a0Elevation World Tour, los Black Eyed Peas dejaron ver su apertura a colaborar con otros artistas y de diferentes estilos. Cuando fueron cuestionados sobre una probable colaboraci\u00f3n con exponentes de los llamados \u201ccorridos tumbados\u201d, como Peso Pluma,\u00a0Taboo dej\u00f3 ver el inter\u00e9s del tr\u00edo en explorar nuevas aristas\u00a0musicales y enalteci\u00f3 a los artistas mexicanos que inspiran a las nuevas generaciones.<\/p>\n<p>\u201cNosotros somos fans de artistas j\u00f3venes como Becky G y sabemos que ella hizo una canci\u00f3n con Peso Pluma, as\u00ed que obviamente es algo natural para nosotros trabajar con un artista as\u00ed. Somos fans de los nuevos artistas, as\u00ed que ser\u00eda una bendici\u00f3n trabajar con alguien como \u00e9l, pero tambi\u00e9n las nuevas generaciones que est\u00e1n inspirando con su m\u00fasica y poniendo en alto a M\u00e9xico\u201d, expres\u00f3 el m\u00fasico.<\/p>\n","protected":false},"excerpt":{"rendered":"<p>La banda liderada por\u00a0Will.I.Am.\u00a0present\u00f3 las fechas en que estar\u00e1 brindando conciertos en M\u00e9xico, donde comenzar\u00e1 en septiembre pr\u00f3ximo con su\u00a0show\u00a0en Torre\u00f3n, para terminar en octubre en la ciudad de Guadalajara. Estas son las diez fechas que los creadores de temas como\u00a0Pump It\u00a0y\u00a0Don\u2019t Phunk with My Heart\u00a0confirmaron en nuestro pa\u00eds: Torre\u00f3n, Coahuila &#8211; 30 de septiembre [&hellip;]<\/p>\n","protected":false},"author":3,"featured_media":98105,"comment_status":"closed","ping_status":"closed","sticky":false,"template":"","format":"standard","meta":{"footnotes":""},"categories":[9],"tags":[],"class_list":{"0":"post-98104","1":"post","2":"type-post","3":"status-publish","4":"format-standard","5":"has-post-thumbnail","7":"category-sociedad-y-espectaculos"},"yoast_head":"<!-- This site is optimized with the Yoast SEO plugin v27.5 - https:\/\/yoast.com\/product\/yoast-seo-wordpress\/ -->\n<title>Black Eyed Peas anunci\u00f3 gira en M\u00e9xico - Yucat\u00e1n en corto<\/title>\n<meta name=\"robots\" content=\"index, follow, max-snippet:-1, max-image-preview:large, max-video-preview:-1\" \/>\n<link rel=\"canonical\" href=\"https:\/\/www.yucatanencorto.com\/noticias\/black-eyed-peas-anuncio-gira-en-mexico\/\" \/>\n<meta property=\"og:locale\" content=\"es_ES\" \/>\n<meta property=\"og:type\" content=\"article\" \/>\n<meta property=\"og:title\" content=\"Black Eyed Peas anunci\u00f3 gira en M\u00e9xico - Yucat\u00e1n en corto\" \/>\n<meta property=\"og:description\" content=\"La banda liderada por\u00a0Will.I.Am.\u00a0present\u00f3 las fechas en que estar\u00e1 brindando conciertos en M\u00e9xico, donde comenzar\u00e1 en septiembre pr\u00f3ximo con su\u00a0show\u00a0en Torre\u00f3n, para terminar en octubre en la ciudad de Guadalajara. Estas son las diez fechas que los creadores de temas como\u00a0Pump It\u00a0y\u00a0Don\u2019t Phunk with My Heart\u00a0confirmaron en nuestro pa\u00eds: Torre\u00f3n, Coahuila &#8211; 30 de septiembre [&hellip;]\" \/>\n<meta property=\"og:url\" content=\"https:\/\/www.yucatanencorto.com\/noticias\/black-eyed-peas-anuncio-gira-en-mexico\/\" \/>\n<meta property=\"og:site_name\" content=\"Yucat\u00e1n en corto\" \/>\n<meta property=\"article:publisher\" content=\"http:\/\/www.facebook.com\/yucatanencorto\" \/>\n<meta property=\"article:published_time\" content=\"2023-05-15T23:38:55+00:00\" \/>\n<meta property=\"og:image\" content=\"https:\/\/www.yucatanencorto.com\/noticias\/wp-content\/uploads\/2023\/05\/16789350601214-scaled.jpg\" \/>\n\t<meta property=\"og:image:width\" content=\"768\" \/>\n\t<meta property=\"og:image:height\" content=\"512\" \/>\n\t<meta property=\"og:image:type\" content=\"image\/jpeg\" \/>\n<meta name=\"author\" content=\"Redes\" \/>\n<meta name=\"twitter:card\" content=\"summary_large_image\" \/>\n<meta name=\"twitter:creator\" content=\"@yucatanencorto\" \/>\n<meta name=\"twitter:site\" content=\"@yucatanencorto\" \/>\n<meta name=\"twitter:label1\" content=\"Escrito por\" \/>\n\t<meta name=\"twitter:data1\" content=\"Redes\" \/>\n\t<meta name=\"twitter:label2\" content=\"Tiempo de lectura\" \/>\n\t<meta name=\"twitter:data2\" content=\"3 minutos\" \/>\n<script type=\"application\/ld+json\" class=\"yoast-schema-graph\">{\"@context\":\"https:\\\/\\\/schema.org\",\"@graph\":[{\"@type\":\"Article\",\"@id\":\"https:\\\/\\\/www.yucatanencorto.com\\\/noticias\\\/black-eyed-peas-anuncio-gira-en-mexico\\\/#article\",\"isPartOf\":{\"@id\":\"https:\\\/\\\/www.yucatanencorto.com\\\/noticias\\\/black-eyed-peas-anuncio-gira-en-mexico\\\/\"},\"author\":{\"name\":\"Redes\",\"@id\":\"https:\\\/\\\/www.yucatanencorto.com\\\/noticias\\\/#\\\/schema\\\/person\\\/e2fbdfaf30a07014a43940ce989f3119\"},\"headline\":\"Black Eyed Peas anunci\u00f3 gira en M\u00e9xico\",\"datePublished\":\"2023-05-15T23:38:55+00:00\",\"mainEntityOfPage\":{\"@id\":\"https:\\\/\\\/www.yucatanencorto.com\\\/noticias\\\/black-eyed-peas-anuncio-gira-en-mexico\\\/\"},\"wordCount\":626,\"image\":{\"@id\":\"https:\\\/\\\/www.yucatanencorto.com\\\/noticias\\\/black-eyed-peas-anuncio-gira-en-mexico\\\/#primaryimage\"},\"thumbnailUrl\":\"https:\\\/\\\/www.yucatanencorto.com\\\/noticias\\\/wp-content\\\/uploads\\\/2023\\\/05\\\/16789350601214-scaled.jpg\",\"articleSection\":[\"Sociedad y Espect\u00e1culos\"],\"inLanguage\":\"es\"},{\"@type\":\"WebPage\",\"@id\":\"https:\\\/\\\/www.yucatanencorto.com\\\/noticias\\\/black-eyed-peas-anuncio-gira-en-mexico\\\/\",\"url\":\"https:\\\/\\\/www.yucatanencorto.com\\\/noticias\\\/black-eyed-peas-anuncio-gira-en-mexico\\\/\",\"name\":\"Black Eyed Peas anunci\u00f3 gira en M\u00e9xico - Yucat\u00e1n en corto\",\"isPartOf\":{\"@id\":\"https:\\\/\\\/www.yucatanencorto.com\\\/noticias\\\/#website\"},\"primaryImageOfPage\":{\"@id\":\"https:\\\/\\\/www.yucatanencorto.com\\\/noticias\\\/black-eyed-peas-anuncio-gira-en-mexico\\\/#primaryimage\"},\"image\":{\"@id\":\"https:\\\/\\\/www.yucatanencorto.com\\\/noticias\\\/black-eyed-peas-anuncio-gira-en-mexico\\\/#primaryimage\"},\"thumbnailUrl\":\"https:\\\/\\\/www.yucatanencorto.com\\\/noticias\\\/wp-content\\\/uploads\\\/2023\\\/05\\\/16789350601214-scaled.jpg\",\"datePublished\":\"2023-05-15T23:38:55+00:00\",\"author\":{\"@id\":\"https:\\\/\\\/www.yucatanencorto.com\\\/noticias\\\/#\\\/schema\\\/person\\\/e2fbdfaf30a07014a43940ce989f3119\"},\"breadcrumb\":{\"@id\":\"https:\\\/\\\/www.yucatanencorto.com\\\/noticias\\\/black-eyed-peas-anuncio-gira-en-mexico\\\/#breadcrumb\"},\"inLanguage\":\"es\",\"potentialAction\":[{\"@type\":\"ReadAction\",\"target\":[\"https:\\\/\\\/www.yucatanencorto.com\\\/noticias\\\/black-eyed-peas-anuncio-gira-en-mexico\\\/\"]}]},{\"@type\":\"ImageObject\",\"inLanguage\":\"es\",\"@id\":\"https:\\\/\\\/www.yucatanencorto.com\\\/noticias\\\/black-eyed-peas-anuncio-gira-en-mexico\\\/#primaryimage\",\"url\":\"https:\\\/\\\/www.yucatanencorto.com\\\/noticias\\\/wp-content\\\/uploads\\\/2023\\\/05\\\/16789350601214-scaled.jpg\",\"contentUrl\":\"https:\\\/\\\/www.yucatanencorto.com\\\/noticias\\\/wp-content\\\/uploads\\\/2023\\\/05\\\/16789350601214-scaled.jpg\",\"width\":768,\"height\":512},{\"@type\":\"BreadcrumbList\",\"@id\":\"https:\\\/\\\/www.yucatanencorto.com\\\/noticias\\\/black-eyed-peas-anuncio-gira-en-mexico\\\/#breadcrumb\",\"itemListElement\":[{\"@type\":\"ListItem\",\"position\":1,\"name\":\"Portada\",\"item\":\"https:\\\/\\\/www.yucatanencorto.com\\\/noticias\\\/\"},{\"@type\":\"ListItem\",\"position\":2,\"name\":\"Black Eyed Peas anunci\u00f3 gira en M\u00e9xico\"}]},{\"@type\":\"WebSite\",\"@id\":\"https:\\\/\\\/www.yucatanencorto.com\\\/noticias\\\/#website\",\"url\":\"https:\\\/\\\/www.yucatanencorto.com\\\/noticias\\\/\",\"name\":\"Yucat\u00e1n en corto\",\"description\":\"Noticias\",\"potentialAction\":[{\"@type\":\"SearchAction\",\"target\":{\"@type\":\"EntryPoint\",\"urlTemplate\":\"https:\\\/\\\/www.yucatanencorto.com\\\/noticias\\\/?s={search_term_string}\"},\"query-input\":{\"@type\":\"PropertyValueSpecification\",\"valueRequired\":true,\"valueName\":\"search_term_string\"}}],\"inLanguage\":\"es\"},{\"@type\":\"Person\",\"@id\":\"https:\\\/\\\/www.yucatanencorto.com\\\/noticias\\\/#\\\/schema\\\/person\\\/e2fbdfaf30a07014a43940ce989f3119\",\"name\":\"Redes\",\"image\":{\"@type\":\"ImageObject\",\"inLanguage\":\"es\",\"@id\":\"https:\\\/\\\/secure.gravatar.com\\\/avatar\\\/5931a2d21dd7cc834f44c8c34fe56d90ed6d536ef452cbf870c7485b524dddd7?s=96&d=mm&r=g\",\"url\":\"https:\\\/\\\/secure.gravatar.com\\\/avatar\\\/5931a2d21dd7cc834f44c8c34fe56d90ed6d536ef452cbf870c7485b524dddd7?s=96&d=mm&r=g\",\"contentUrl\":\"https:\\\/\\\/secure.gravatar.com\\\/avatar\\\/5931a2d21dd7cc834f44c8c34fe56d90ed6d536ef452cbf870c7485b524dddd7?s=96&d=mm&r=g\",\"caption\":\"Redes\"},\"url\":\"https:\\\/\\\/www.yucatanencorto.com\\\/noticias\\\/author\\\/redes\\\/\"}]}<\/script>\n<!-- \/ Yoast SEO plugin. -->","yoast_head_json":{"title":"Black Eyed Peas anunci\u00f3 gira en M\u00e9xico - Yucat\u00e1n en corto","robots":{"index":"index","follow":"follow","max-snippet":"max-snippet:-1","max-image-preview":"max-image-preview:large","max-video-preview":"max-video-preview:-1"},"canonical":"https:\/\/www.yucatanencorto.com\/noticias\/black-eyed-peas-anuncio-gira-en-mexico\/","og_locale":"es_ES","og_type":"article","og_title":"Black Eyed Peas anunci\u00f3 gira en M\u00e9xico - Yucat\u00e1n en corto","og_description":"La banda liderada por\u00a0Will.I.Am.\u00a0present\u00f3 las fechas en que estar\u00e1 brindando conciertos en M\u00e9xico, donde comenzar\u00e1 en septiembre pr\u00f3ximo con su\u00a0show\u00a0en Torre\u00f3n, para terminar en octubre en la ciudad de Guadalajara. Estas son las diez fechas que los creadores de temas como\u00a0Pump It\u00a0y\u00a0Don\u2019t Phunk with My Heart\u00a0confirmaron en nuestro pa\u00eds: Torre\u00f3n, Coahuila &#8211; 30 de septiembre [&hellip;]","og_url":"https:\/\/www.yucatanencorto.com\/noticias\/black-eyed-peas-anuncio-gira-en-mexico\/","og_site_name":"Yucat\u00e1n en corto","article_publisher":"http:\/\/www.facebook.com\/yucatanencorto","article_published_time":"2023-05-15T23:38:55+00:00","og_image":[{"width":768,"height":512,"url":"https:\/\/www.yucatanencorto.com\/noticias\/wp-content\/uploads\/2023\/05\/16789350601214-scaled.jpg","type":"image\/jpeg"}],"author":"Redes","twitter_card":"summary_large_image","twitter_creator":"@yucatanencorto","twitter_site":"@yucatanencorto","twitter_misc":{"Escrito por":"Redes","Tiempo de lectura":"3 minutos"},"schema":{"@context":"https:\/\/schema.org","@graph":[{"@type":"Article","@id":"https:\/\/www.yucatanencorto.com\/noticias\/black-eyed-peas-anuncio-gira-en-mexico\/#article","isPartOf":{"@id":"https:\/\/www.yucatanencorto.com\/noticias\/black-eyed-peas-anuncio-gira-en-mexico\/"},"author":{"name":"Redes","@id":"https:\/\/www.yucatanencorto.com\/noticias\/#\/schema\/person\/e2fbdfaf30a07014a43940ce989f3119"},"headline":"Black Eyed Peas anunci\u00f3 gira en M\u00e9xico","datePublished":"2023-05-15T23:38:55+00:00","mainEntityOfPage":{"@id":"https:\/\/www.yucatanencorto.com\/noticias\/black-eyed-peas-anuncio-gira-en-mexico\/"},"wordCount":626,"image":{"@id":"https:\/\/www.yucatanencorto.com\/noticias\/black-eyed-peas-anuncio-gira-en-mexico\/#primaryimage"},"thumbnailUrl":"https:\/\/www.yucatanencorto.com\/noticias\/wp-content\/uploads\/2023\/05\/16789350601214-scaled.jpg","articleSection":["Sociedad y Espect\u00e1culos"],"inLanguage":"es"},{"@type":"WebPage","@id":"https:\/\/www.yucatanencorto.com\/noticias\/black-eyed-peas-anuncio-gira-en-mexico\/","url":"https:\/\/www.yucatanencorto.com\/noticias\/black-eyed-peas-anuncio-gira-en-mexico\/","name":"Black Eyed Peas anunci\u00f3 gira en M\u00e9xico - Yucat\u00e1n en corto","isPartOf":{"@id":"https:\/\/www.yucatanencorto.com\/noticias\/#website"},"primaryImageOfPage":{"@id":"https:\/\/www.yucatanencorto.com\/noticias\/black-eyed-peas-anuncio-gira-en-mexico\/#primaryimage"},"image":{"@id":"https:\/\/www.yucatanencorto.com\/noticias\/black-eyed-peas-anuncio-gira-en-mexico\/#primaryimage"},"thumbnailUrl":"https:\/\/www.yucatanencorto.com\/noticias\/wp-content\/uploads\/2023\/05\/16789350601214-scaled.jpg","datePublished":"2023-05-15T23:38:55+00:00","author":{"@id":"https:\/\/www.yucatanencorto.com\/noticias\/#\/schema\/person\/e2fbdfaf30a07014a43940ce989f3119"},"breadcrumb":{"@id":"https:\/\/www.yucatanencorto.com\/noticias\/black-eyed-peas-anuncio-gira-en-mexico\/#breadcrumb"},"inLanguage":"es","potentialAction":[{"@type":"ReadAction","target":["https:\/\/www.yucatanencorto.com\/noticias\/black-eyed-peas-anuncio-gira-en-mexico\/"]}]},{"@type":"ImageObject","inLanguage":"es","@id":"https:\/\/www.yucatanencorto.com\/noticias\/black-eyed-peas-anuncio-gira-en-mexico\/#primaryimage","url":"https:\/\/www.yucatanencorto.com\/noticias\/wp-content\/uploads\/2023\/05\/16789350601214-scaled.jpg","contentUrl":"https:\/\/www.yucatanencorto.com\/noticias\/wp-content\/uploads\/2023\/05\/16789350601214-scaled.jpg","width":768,"height":512},{"@type":"BreadcrumbList","@id":"https:\/\/www.yucatanencorto.com\/noticias\/black-eyed-peas-anuncio-gira-en-mexico\/#breadcrumb","itemListElement":[{"@type":"ListItem","position":1,"name":"Portada","item":"https:\/\/www.yucatanencorto.com\/noticias\/"},{"@type":"ListItem","position":2,"name":"Black Eyed Peas anunci\u00f3 gira en M\u00e9xico"}]},{"@type":"WebSite","@id":"https:\/\/www.yucatanencorto.com\/noticias\/#website","url":"https:\/\/www.yucatanencorto.com\/noticias\/","name":"Yucat\u00e1n en corto","description":"Noticias","potentialAction":[{"@type":"SearchAction","target":{"@type":"EntryPoint","urlTemplate":"https:\/\/www.yucatanencorto.com\/noticias\/?s={search_term_string}"},"query-input":{"@type":"PropertyValueSpecification","valueRequired":true,"valueName":"search_term_string"}}],"inLanguage":"es"},{"@type":"Person","@id":"https:\/\/www.yucatanencorto.com\/noticias\/#\/schema\/person\/e2fbdfaf30a07014a43940ce989f3119","name":"Redes","image":{"@type":"ImageObject","inLanguage":"es","@id":"https:\/\/secure.gravatar.com\/avatar\/5931a2d21dd7cc834f44c8c34fe56d90ed6d536ef452cbf870c7485b524dddd7?s=96&d=mm&r=g","url":"https:\/\/secure.gravatar.com\/avatar\/5931a2d21dd7cc834f44c8c34fe56d90ed6d536ef452cbf870c7485b524dddd7?s=96&d=mm&r=g","contentUrl":"https:\/\/secure.gravatar.com\/avatar\/5931a2d21dd7cc834f44c8c34fe56d90ed6d536ef452cbf870c7485b524dddd7?s=96&d=mm&r=g","caption":"Redes"},"url":"https:\/\/www.yucatanencorto.com\/noticias\/author\/redes\/"}]}},"_links":{"self":[{"href":"https:\/\/www.yucatanencorto.com\/noticias\/wp-json\/wp\/v2\/posts\/98104","targetHints":{"allow":["GET"]}}],"collection":[{"href":"https:\/\/www.yucatanencorto.com\/noticias\/wp-json\/wp\/v2\/posts"}],"about":[{"href":"https:\/\/www.yucatanencorto.com\/noticias\/wp-json\/wp\/v2\/types\/post"}],"author":[{"embeddable":true,"href":"https:\/\/www.yucatanencorto.com\/noticias\/wp-json\/wp\/v2\/users\/3"}],"replies":[{"embeddable":true,"href":"https:\/\/www.yucatanencorto.com\/noticias\/wp-json\/wp\/v2\/comments?post=98104"}],"version-history":[{"count":0,"href":"https:\/\/www.yucatanencorto.com\/noticias\/wp-json\/wp\/v2\/posts\/98104\/revisions"}],"wp:featuredmedia":[{"embeddable":true,"href":"https:\/\/www.yucatanencorto.com\/noticias\/wp-json\/wp\/v2\/media\/98105"}],"wp:attachment":[{"href":"https:\/\/www.yucatanencorto.com\/noticias\/wp-json\/wp\/v2\/media?parent=98104"}],"wp:term":[{"taxonomy":"category","embeddable":true,"href":"https:\/\/www.yucatanencorto.com\/noticias\/wp-json\/wp\/v2\/categories?post=98104"},{"taxonomy":"post_tag","embeddable":true,"href":"https:\/\/www.yucatanencorto.com\/noticias\/wp-json\/wp\/v2\/tags?post=98104"}],"curies":[{"name":"wp","href":"https:\/\/api.w.org\/{rel}","templated":true}]}}