{"id":98107,"date":"2023-05-15T17:41:27","date_gmt":"2023-05-15T23:41:27","guid":{"rendered":"https:\/\/www.yucatanencorto.com\/noticias\/?p=98107"},"modified":"2023-05-15T17:41:27","modified_gmt":"2023-05-15T23:41:27","slug":"erik-rubin-conto-que-fue-secuestrado-pero-lo-soltaron-porque-sus-captores-eran-fans-de-timbiriche","status":"publish","type":"post","link":"https:\/\/www.yucatanencorto.com\/noticias\/erik-rubin-conto-que-fue-secuestrado-pero-lo-soltaron-porque-sus-captores-eran-fans-de-timbiriche\/","title":{"rendered":"Erik Rub\u00edn cont\u00f3 que fue secuestrado, pero lo soltaron porque sus captores eran fans de Timbiriche"},"content":{"rendered":"<p><img loading=\"lazy\" decoding=\"async\" class=\"alignnone size-full wp-image-98108\" src=\"https:\/\/www.yucatanencorto.com\/noticias\/wp-content\/uploads\/2023\/05\/6P7P4ELYLFGXHH4X2OGS4XA5IY-scaled.webp\" alt=\"\" width=\"768\" height=\"432\" srcset=\"https:\/\/www.yucatanencorto.com\/noticias\/wp-content\/uploads\/2023\/05\/6P7P4ELYLFGXHH4X2OGS4XA5IY-scaled.webp 768w, https:\/\/www.yucatanencorto.com\/noticias\/wp-content\/uploads\/2023\/05\/6P7P4ELYLFGXHH4X2OGS4XA5IY-696x392.webp 696w, https:\/\/www.yucatanencorto.com\/noticias\/wp-content\/uploads\/2023\/05\/6P7P4ELYLFGXHH4X2OGS4XA5IY-747x420.webp 747w\" sizes=\"auto, (max-width: 768px) 100vw, 768px\" \/><\/p>\n<p>Erik Rub\u00edn se ha convertido en uno de los famosos mexicanos m\u00e1s medi\u00e1ticos de los \u00faltimos meses, pues luego de que el cantante compartiera la noticia del fin de su matrimonio con Andrea Legarreta los reflectores no han dejado de seguirlo. Sin embargo, se ha vuelto tendencia por motivo diferente, pues detall\u00f3 c\u00f3mo fue el d\u00eda que lo intentaron secuestrar pero fue liberado porque los criminales eran fans de Timbiriche.<\/p>\n<p>El m\u00fasico fue la estrella invitada a las entrevistas semanales de\u00a0Yordi Rosado\u00a0para su canal de\u00a0YouTube, sorprendiendo a m\u00e1s de uno por las confesiones que ventil\u00f3 en dicho espacio. Tras hablar de que en dicha etapa estaba \u201crot\u00edsimo\u201d financieramente, ya que incluso \u201cni siquiera llegaba a tarjetas\u201d y por ello no le ordenaron sacar dinero del cajero, comenz\u00f3 a dar detalles del agridulce d\u00eda.<\/p>\n<p>El tambi\u00e9n actor record\u00f3 el d\u00eda que mientras circulaba por la zona del Pedregal en Ciudad de M\u00e9xico, se fren\u00f3 para pasar un tope, cuando un autom\u00f3vil se le cruz\u00f3 y un grupo de criminales sali\u00f3 del veh\u00edculo con armas, orden\u00e1ndoles que fueran a la parte de atr\u00e1s sin tener otra opci\u00f3n m\u00e1s que seguir las indicaciones y siendo el inicio de la pol\u00e9mica an\u00e9cdota.<\/p>\n<p>\u201cAqu\u00ed en Pedregal con un amigo, nos frenamos para el tope, ellos se lo volaron y se cruzaron, se bajaron con las pistolas e igual me reconocieron y dijeron: de haber sabido que eras t\u00fa la verdad ni te hacemos nada\u201d, comenz\u00f3 a narrar el int\u00e9rprete de \u00e9xitos como\u00a0Princesa Tibetana,\u00a0Con todos menos conmigo\u00a0y\u00a0Soy un desastre.<\/p>\n<p>Pese a que de primer instancia el cantante asegur\u00f3 que tuvo mucho miedo, la historia dio un giro de 180 grados luego de que los criminales se dieran cuenta que era compa\u00f1ero de Thal\u00eda, Paulina Rubio, Sasha Sokol, Benny Ibarra, Diego Schoening y otros integrantes de la famosa agrupaci\u00f3n pop que conquist\u00f3 a M\u00e9xico en la d\u00e9cada de los a\u00f1os 80 y 90.<\/p>\n<p>\u201cMe dijeron a ver tu reloj, era un\u00a0Swatch\u00a0y me dijeron: \u2018est\u00e1 chido\u2019. Nos tra\u00edan vuelta y vuelta e interrog\u00e1ndonos, luego ya buena onda, eran fans. Nos vieron y se alivianaron Nos dejaron todo, (y al final nos dijeron) aguas cu\u00eddense\u201d, expres\u00f3 sobre la iron\u00eda del consejo que le hab\u00eda dado su secuestrador.<\/p>\n<p>Durante la charla que el cantante tuvo con el ex presentador de\u00a0Otro Rollo, el tambi\u00e9n actor se sincer\u00f3 sobre su vida personal, hablado inevitablemente del fin de su matrimonio con la presentadora de\u00a0Hoy, que sostuvieron por m\u00e1s de 20 a\u00f1os.<\/p>\n<p>\u201cSin dudas soy el m\u00e1s afortunado en haberme encontrado a esta mujer bella en todos los aspectos, admirable, luchona, inteligente; la verdad es que la amo profundamente. Obviamente la amo, es alguien que me ha dado tanto y que precisamente estamos&#8230; yo s\u00ed quiero todo en esta vida, y creo que s\u00ed se puede todo en esta vida; yo quiero todo con ella, quiero darme cuenta si es posible o si hemos pasado ya a ser m\u00e1s amigos, m\u00e1s familia, que pareja\u201d, confes\u00f3.<\/p>\n<p>El gran reto para el ex Timbiriche fue hacerlo p\u00fablico, pues al ser una figura relevante en la industria musical mexicana y que Andrea Legarreta sea una de las presentadoras m\u00e1s famosas de la televisi\u00f3n, la presi\u00f3n era mayor.<\/p>\n<p>\u201cEl qu\u00e9 van a decir, qu\u00e9 van a inventar, qu\u00e9 van a decir mis hijas, qu\u00e9 van a escuchar&#8230; cuando deber\u00eda ser lo menos importante\u201d, revela. \u201cNosotros estamos tranquilos porque sabemos que esto es algo para bien y estamos en el proceso de encontrar, nosotros mismos, d\u00f3nde estamos como pareja\u201d, finaliz\u00f3.<\/p>\n","protected":false},"excerpt":{"rendered":"<p>Erik Rub\u00edn se ha convertido en uno de los famosos mexicanos m\u00e1s medi\u00e1ticos de los \u00faltimos meses, pues luego de que el cantante compartiera la noticia del fin de su matrimonio con Andrea Legarreta los reflectores no han dejado de seguirlo. Sin embargo, se ha vuelto tendencia por motivo diferente, pues detall\u00f3 c\u00f3mo fue el [&hellip;]<\/p>\n","protected":false},"author":3,"featured_media":98108,"comment_status":"closed","ping_status":"closed","sticky":false,"template":"","format":"standard","meta":{"footnotes":""},"categories":[4],"tags":[],"class_list":{"0":"post-98107","1":"post","2":"type-post","3":"status-publish","4":"format-standard","5":"has-post-thumbnail","7":"category-mexico"},"yoast_head":"<!-- This site is optimized with the Yoast SEO plugin v27.5 - https:\/\/yoast.com\/product\/yoast-seo-wordpress\/ -->\n<title>Erik Rub\u00edn cont\u00f3 que fue secuestrado, pero lo soltaron porque sus captores eran fans de Timbiriche - Yucat\u00e1n en corto<\/title>\n<meta name=\"robots\" content=\"index, follow, max-snippet:-1, max-image-preview:large, max-video-preview:-1\" \/>\n<link rel=\"canonical\" href=\"https:\/\/www.yucatanencorto.com\/noticias\/erik-rubin-conto-que-fue-secuestrado-pero-lo-soltaron-porque-sus-captores-eran-fans-de-timbiriche\/\" \/>\n<meta property=\"og:locale\" content=\"es_ES\" \/>\n<meta property=\"og:type\" content=\"article\" \/>\n<meta property=\"og:title\" content=\"Erik Rub\u00edn cont\u00f3 que fue secuestrado, pero lo soltaron porque sus captores eran fans de Timbiriche - Yucat\u00e1n en corto\" \/>\n<meta property=\"og:description\" content=\"Erik Rub\u00edn se ha convertido en uno de los famosos mexicanos m\u00e1s medi\u00e1ticos de los \u00faltimos meses, pues luego de que el cantante compartiera la noticia del fin de su matrimonio con Andrea Legarreta los reflectores no han dejado de seguirlo. Sin embargo, se ha vuelto tendencia por motivo diferente, pues detall\u00f3 c\u00f3mo fue el [&hellip;]\" \/>\n<meta property=\"og:url\" content=\"https:\/\/www.yucatanencorto.com\/noticias\/erik-rubin-conto-que-fue-secuestrado-pero-lo-soltaron-porque-sus-captores-eran-fans-de-timbiriche\/\" \/>\n<meta property=\"og:site_name\" content=\"Yucat\u00e1n en corto\" \/>\n<meta property=\"article:publisher\" content=\"http:\/\/www.facebook.com\/yucatanencorto\" \/>\n<meta property=\"article:published_time\" content=\"2023-05-15T23:41:27+00:00\" \/>\n<meta property=\"og:image\" content=\"https:\/\/www.yucatanencorto.com\/noticias\/wp-content\/uploads\/2023\/05\/6P7P4ELYLFGXHH4X2OGS4XA5IY-scaled.webp\" \/>\n\t<meta property=\"og:image:width\" content=\"768\" \/>\n\t<meta property=\"og:image:height\" content=\"432\" \/>\n\t<meta property=\"og:image:type\" content=\"image\/webp\" \/>\n<meta name=\"author\" content=\"Redes\" \/>\n<meta name=\"twitter:card\" content=\"summary_large_image\" \/>\n<meta name=\"twitter:creator\" content=\"@yucatanencorto\" \/>\n<meta name=\"twitter:site\" content=\"@yucatanencorto\" \/>\n<meta name=\"twitter:label1\" content=\"Escrito por\" \/>\n\t<meta name=\"twitter:data1\" content=\"Redes\" \/>\n\t<meta name=\"twitter:label2\" content=\"Tiempo de lectura\" \/>\n\t<meta name=\"twitter:data2\" content=\"3 minutos\" \/>\n<script type=\"application\/ld+json\" class=\"yoast-schema-graph\">{\"@context\":\"https:\\\/\\\/schema.org\",\"@graph\":[{\"@type\":\"Article\",\"@id\":\"https:\\\/\\\/www.yucatanencorto.com\\\/noticias\\\/erik-rubin-conto-que-fue-secuestrado-pero-lo-soltaron-porque-sus-captores-eran-fans-de-timbiriche\\\/#article\",\"isPartOf\":{\"@id\":\"https:\\\/\\\/www.yucatanencorto.com\\\/noticias\\\/erik-rubin-conto-que-fue-secuestrado-pero-lo-soltaron-porque-sus-captores-eran-fans-de-timbiriche\\\/\"},\"author\":{\"name\":\"Redes\",\"@id\":\"https:\\\/\\\/www.yucatanencorto.com\\\/noticias\\\/#\\\/schema\\\/person\\\/e2fbdfaf30a07014a43940ce989f3119\"},\"headline\":\"Erik Rub\u00edn cont\u00f3 que fue secuestrado, pero lo soltaron porque sus captores eran fans de Timbiriche\",\"datePublished\":\"2023-05-15T23:41:27+00:00\",\"mainEntityOfPage\":{\"@id\":\"https:\\\/\\\/www.yucatanencorto.com\\\/noticias\\\/erik-rubin-conto-que-fue-secuestrado-pero-lo-soltaron-porque-sus-captores-eran-fans-de-timbiriche\\\/\"},\"wordCount\":649,\"image\":{\"@id\":\"https:\\\/\\\/www.yucatanencorto.com\\\/noticias\\\/erik-rubin-conto-que-fue-secuestrado-pero-lo-soltaron-porque-sus-captores-eran-fans-de-timbiriche\\\/#primaryimage\"},\"thumbnailUrl\":\"https:\\\/\\\/www.yucatanencorto.com\\\/noticias\\\/wp-content\\\/uploads\\\/2023\\\/05\\\/6P7P4ELYLFGXHH4X2OGS4XA5IY-scaled.webp\",\"articleSection\":[\"M\u00e9xico\"],\"inLanguage\":\"es\"},{\"@type\":\"WebPage\",\"@id\":\"https:\\\/\\\/www.yucatanencorto.com\\\/noticias\\\/erik-rubin-conto-que-fue-secuestrado-pero-lo-soltaron-porque-sus-captores-eran-fans-de-timbiriche\\\/\",\"url\":\"https:\\\/\\\/www.yucatanencorto.com\\\/noticias\\\/erik-rubin-conto-que-fue-secuestrado-pero-lo-soltaron-porque-sus-captores-eran-fans-de-timbiriche\\\/\",\"name\":\"Erik Rub\u00edn cont\u00f3 que fue secuestrado, pero lo soltaron porque sus captores eran fans de Timbiriche - Yucat\u00e1n en corto\",\"isPartOf\":{\"@id\":\"https:\\\/\\\/www.yucatanencorto.com\\\/noticias\\\/#website\"},\"primaryImageOfPage\":{\"@id\":\"https:\\\/\\\/www.yucatanencorto.com\\\/noticias\\\/erik-rubin-conto-que-fue-secuestrado-pero-lo-soltaron-porque-sus-captores-eran-fans-de-timbiriche\\\/#primaryimage\"},\"image\":{\"@id\":\"https:\\\/\\\/www.yucatanencorto.com\\\/noticias\\\/erik-rubin-conto-que-fue-secuestrado-pero-lo-soltaron-porque-sus-captores-eran-fans-de-timbiriche\\\/#primaryimage\"},\"thumbnailUrl\":\"https:\\\/\\\/www.yucatanencorto.com\\\/noticias\\\/wp-content\\\/uploads\\\/2023\\\/05\\\/6P7P4ELYLFGXHH4X2OGS4XA5IY-scaled.webp\",\"datePublished\":\"2023-05-15T23:41:27+00:00\",\"author\":{\"@id\":\"https:\\\/\\\/www.yucatanencorto.com\\\/noticias\\\/#\\\/schema\\\/person\\\/e2fbdfaf30a07014a43940ce989f3119\"},\"breadcrumb\":{\"@id\":\"https:\\\/\\\/www.yucatanencorto.com\\\/noticias\\\/erik-rubin-conto-que-fue-secuestrado-pero-lo-soltaron-porque-sus-captores-eran-fans-de-timbiriche\\\/#breadcrumb\"},\"inLanguage\":\"es\",\"potentialAction\":[{\"@type\":\"ReadAction\",\"target\":[\"https:\\\/\\\/www.yucatanencorto.com\\\/noticias\\\/erik-rubin-conto-que-fue-secuestrado-pero-lo-soltaron-porque-sus-captores-eran-fans-de-timbiriche\\\/\"]}]},{\"@type\":\"ImageObject\",\"inLanguage\":\"es\",\"@id\":\"https:\\\/\\\/www.yucatanencorto.com\\\/noticias\\\/erik-rubin-conto-que-fue-secuestrado-pero-lo-soltaron-porque-sus-captores-eran-fans-de-timbiriche\\\/#primaryimage\",\"url\":\"https:\\\/\\\/www.yucatanencorto.com\\\/noticias\\\/wp-content\\\/uploads\\\/2023\\\/05\\\/6P7P4ELYLFGXHH4X2OGS4XA5IY-scaled.webp\",\"contentUrl\":\"https:\\\/\\\/www.yucatanencorto.com\\\/noticias\\\/wp-content\\\/uploads\\\/2023\\\/05\\\/6P7P4ELYLFGXHH4X2OGS4XA5IY-scaled.webp\",\"width\":768,\"height\":432},{\"@type\":\"BreadcrumbList\",\"@id\":\"https:\\\/\\\/www.yucatanencorto.com\\\/noticias\\\/erik-rubin-conto-que-fue-secuestrado-pero-lo-soltaron-porque-sus-captores-eran-fans-de-timbiriche\\\/#breadcrumb\",\"itemListElement\":[{\"@type\":\"ListItem\",\"position\":1,\"name\":\"Portada\",\"item\":\"https:\\\/\\\/www.yucatanencorto.com\\\/noticias\\\/\"},{\"@type\":\"ListItem\",\"position\":2,\"name\":\"Erik Rub\u00edn cont\u00f3 que fue secuestrado, pero lo soltaron porque sus captores eran fans de Timbiriche\"}]},{\"@type\":\"WebSite\",\"@id\":\"https:\\\/\\\/www.yucatanencorto.com\\\/noticias\\\/#website\",\"url\":\"https:\\\/\\\/www.yucatanencorto.com\\\/noticias\\\/\",\"name\":\"Yucat\u00e1n en corto\",\"description\":\"Noticias\",\"potentialAction\":[{\"@type\":\"SearchAction\",\"target\":{\"@type\":\"EntryPoint\",\"urlTemplate\":\"https:\\\/\\\/www.yucatanencorto.com\\\/noticias\\\/?s={search_term_string}\"},\"query-input\":{\"@type\":\"PropertyValueSpecification\",\"valueRequired\":true,\"valueName\":\"search_term_string\"}}],\"inLanguage\":\"es\"},{\"@type\":\"Person\",\"@id\":\"https:\\\/\\\/www.yucatanencorto.com\\\/noticias\\\/#\\\/schema\\\/person\\\/e2fbdfaf30a07014a43940ce989f3119\",\"name\":\"Redes\",\"image\":{\"@type\":\"ImageObject\",\"inLanguage\":\"es\",\"@id\":\"https:\\\/\\\/secure.gravatar.com\\\/avatar\\\/5931a2d21dd7cc834f44c8c34fe56d90ed6d536ef452cbf870c7485b524dddd7?s=96&d=mm&r=g\",\"url\":\"https:\\\/\\\/secure.gravatar.com\\\/avatar\\\/5931a2d21dd7cc834f44c8c34fe56d90ed6d536ef452cbf870c7485b524dddd7?s=96&d=mm&r=g\",\"contentUrl\":\"https:\\\/\\\/secure.gravatar.com\\\/avatar\\\/5931a2d21dd7cc834f44c8c34fe56d90ed6d536ef452cbf870c7485b524dddd7?s=96&d=mm&r=g\",\"caption\":\"Redes\"},\"url\":\"https:\\\/\\\/www.yucatanencorto.com\\\/noticias\\\/author\\\/redes\\\/\"}]}<\/script>\n<!-- \/ Yoast SEO plugin. -->","yoast_head_json":{"title":"Erik Rub\u00edn cont\u00f3 que fue secuestrado, pero lo soltaron porque sus captores eran fans de Timbiriche - Yucat\u00e1n en corto","robots":{"index":"index","follow":"follow","max-snippet":"max-snippet:-1","max-image-preview":"max-image-preview:large","max-video-preview":"max-video-preview:-1"},"canonical":"https:\/\/www.yucatanencorto.com\/noticias\/erik-rubin-conto-que-fue-secuestrado-pero-lo-soltaron-porque-sus-captores-eran-fans-de-timbiriche\/","og_locale":"es_ES","og_type":"article","og_title":"Erik Rub\u00edn cont\u00f3 que fue secuestrado, pero lo soltaron porque sus captores eran fans de Timbiriche - Yucat\u00e1n en corto","og_description":"Erik Rub\u00edn se ha convertido en uno de los famosos mexicanos m\u00e1s medi\u00e1ticos de los \u00faltimos meses, pues luego de que el cantante compartiera la noticia del fin de su matrimonio con Andrea Legarreta los reflectores no han dejado de seguirlo. Sin embargo, se ha vuelto tendencia por motivo diferente, pues detall\u00f3 c\u00f3mo fue el [&hellip;]","og_url":"https:\/\/www.yucatanencorto.com\/noticias\/erik-rubin-conto-que-fue-secuestrado-pero-lo-soltaron-porque-sus-captores-eran-fans-de-timbiriche\/","og_site_name":"Yucat\u00e1n en corto","article_publisher":"http:\/\/www.facebook.com\/yucatanencorto","article_published_time":"2023-05-15T23:41:27+00:00","og_image":[{"width":768,"height":432,"url":"https:\/\/www.yucatanencorto.com\/noticias\/wp-content\/uploads\/2023\/05\/6P7P4ELYLFGXHH4X2OGS4XA5IY-scaled.webp","type":"image\/webp"}],"author":"Redes","twitter_card":"summary_large_image","twitter_creator":"@yucatanencorto","twitter_site":"@yucatanencorto","twitter_misc":{"Escrito por":"Redes","Tiempo de lectura":"3 minutos"},"schema":{"@context":"https:\/\/schema.org","@graph":[{"@type":"Article","@id":"https:\/\/www.yucatanencorto.com\/noticias\/erik-rubin-conto-que-fue-secuestrado-pero-lo-soltaron-porque-sus-captores-eran-fans-de-timbiriche\/#article","isPartOf":{"@id":"https:\/\/www.yucatanencorto.com\/noticias\/erik-rubin-conto-que-fue-secuestrado-pero-lo-soltaron-porque-sus-captores-eran-fans-de-timbiriche\/"},"author":{"name":"Redes","@id":"https:\/\/www.yucatanencorto.com\/noticias\/#\/schema\/person\/e2fbdfaf30a07014a43940ce989f3119"},"headline":"Erik Rub\u00edn cont\u00f3 que fue secuestrado, pero lo soltaron porque sus captores eran fans de Timbiriche","datePublished":"2023-05-15T23:41:27+00:00","mainEntityOfPage":{"@id":"https:\/\/www.yucatanencorto.com\/noticias\/erik-rubin-conto-que-fue-secuestrado-pero-lo-soltaron-porque-sus-captores-eran-fans-de-timbiriche\/"},"wordCount":649,"image":{"@id":"https:\/\/www.yucatanencorto.com\/noticias\/erik-rubin-conto-que-fue-secuestrado-pero-lo-soltaron-porque-sus-captores-eran-fans-de-timbiriche\/#primaryimage"},"thumbnailUrl":"https:\/\/www.yucatanencorto.com\/noticias\/wp-content\/uploads\/2023\/05\/6P7P4ELYLFGXHH4X2OGS4XA5IY-scaled.webp","articleSection":["M\u00e9xico"],"inLanguage":"es"},{"@type":"WebPage","@id":"https:\/\/www.yucatanencorto.com\/noticias\/erik-rubin-conto-que-fue-secuestrado-pero-lo-soltaron-porque-sus-captores-eran-fans-de-timbiriche\/","url":"https:\/\/www.yucatanencorto.com\/noticias\/erik-rubin-conto-que-fue-secuestrado-pero-lo-soltaron-porque-sus-captores-eran-fans-de-timbiriche\/","name":"Erik Rub\u00edn cont\u00f3 que fue secuestrado, pero lo soltaron porque sus captores eran fans de Timbiriche - Yucat\u00e1n en corto","isPartOf":{"@id":"https:\/\/www.yucatanencorto.com\/noticias\/#website"},"primaryImageOfPage":{"@id":"https:\/\/www.yucatanencorto.com\/noticias\/erik-rubin-conto-que-fue-secuestrado-pero-lo-soltaron-porque-sus-captores-eran-fans-de-timbiriche\/#primaryimage"},"image":{"@id":"https:\/\/www.yucatanencorto.com\/noticias\/erik-rubin-conto-que-fue-secuestrado-pero-lo-soltaron-porque-sus-captores-eran-fans-de-timbiriche\/#primaryimage"},"thumbnailUrl":"https:\/\/www.yucatanencorto.com\/noticias\/wp-content\/uploads\/2023\/05\/6P7P4ELYLFGXHH4X2OGS4XA5IY-scaled.webp","datePublished":"2023-05-15T23:41:27+00:00","author":{"@id":"https:\/\/www.yucatanencorto.com\/noticias\/#\/schema\/person\/e2fbdfaf30a07014a43940ce989f3119"},"breadcrumb":{"@id":"https:\/\/www.yucatanencorto.com\/noticias\/erik-rubin-conto-que-fue-secuestrado-pero-lo-soltaron-porque-sus-captores-eran-fans-de-timbiriche\/#breadcrumb"},"inLanguage":"es","potentialAction":[{"@type":"ReadAction","target":["https:\/\/www.yucatanencorto.com\/noticias\/erik-rubin-conto-que-fue-secuestrado-pero-lo-soltaron-porque-sus-captores-eran-fans-de-timbiriche\/"]}]},{"@type":"ImageObject","inLanguage":"es","@id":"https:\/\/www.yucatanencorto.com\/noticias\/erik-rubin-conto-que-fue-secuestrado-pero-lo-soltaron-porque-sus-captores-eran-fans-de-timbiriche\/#primaryimage","url":"https:\/\/www.yucatanencorto.com\/noticias\/wp-content\/uploads\/2023\/05\/6P7P4ELYLFGXHH4X2OGS4XA5IY-scaled.webp","contentUrl":"https:\/\/www.yucatanencorto.com\/noticias\/wp-content\/uploads\/2023\/05\/6P7P4ELYLFGXHH4X2OGS4XA5IY-scaled.webp","width":768,"height":432},{"@type":"BreadcrumbList","@id":"https:\/\/www.yucatanencorto.com\/noticias\/erik-rubin-conto-que-fue-secuestrado-pero-lo-soltaron-porque-sus-captores-eran-fans-de-timbiriche\/#breadcrumb","itemListElement":[{"@type":"ListItem","position":1,"name":"Portada","item":"https:\/\/www.yucatanencorto.com\/noticias\/"},{"@type":"ListItem","position":2,"name":"Erik Rub\u00edn cont\u00f3 que fue secuestrado, pero lo soltaron porque sus captores eran fans de Timbiriche"}]},{"@type":"WebSite","@id":"https:\/\/www.yucatanencorto.com\/noticias\/#website","url":"https:\/\/www.yucatanencorto.com\/noticias\/","name":"Yucat\u00e1n en corto","description":"Noticias","potentialAction":[{"@type":"SearchAction","target":{"@type":"EntryPoint","urlTemplate":"https:\/\/www.yucatanencorto.com\/noticias\/?s={search_term_string}"},"query-input":{"@type":"PropertyValueSpecification","valueRequired":true,"valueName":"search_term_string"}}],"inLanguage":"es"},{"@type":"Person","@id":"https:\/\/www.yucatanencorto.com\/noticias\/#\/schema\/person\/e2fbdfaf30a07014a43940ce989f3119","name":"Redes","image":{"@type":"ImageObject","inLanguage":"es","@id":"https:\/\/secure.gravatar.com\/avatar\/5931a2d21dd7cc834f44c8c34fe56d90ed6d536ef452cbf870c7485b524dddd7?s=96&d=mm&r=g","url":"https:\/\/secure.gravatar.com\/avatar\/5931a2d21dd7cc834f44c8c34fe56d90ed6d536ef452cbf870c7485b524dddd7?s=96&d=mm&r=g","contentUrl":"https:\/\/secure.gravatar.com\/avatar\/5931a2d21dd7cc834f44c8c34fe56d90ed6d536ef452cbf870c7485b524dddd7?s=96&d=mm&r=g","caption":"Redes"},"url":"https:\/\/www.yucatanencorto.com\/noticias\/author\/redes\/"}]}},"_links":{"self":[{"href":"https:\/\/www.yucatanencorto.com\/noticias\/wp-json\/wp\/v2\/posts\/98107","targetHints":{"allow":["GET"]}}],"collection":[{"href":"https:\/\/www.yucatanencorto.com\/noticias\/wp-json\/wp\/v2\/posts"}],"about":[{"href":"https:\/\/www.yucatanencorto.com\/noticias\/wp-json\/wp\/v2\/types\/post"}],"author":[{"embeddable":true,"href":"https:\/\/www.yucatanencorto.com\/noticias\/wp-json\/wp\/v2\/users\/3"}],"replies":[{"embeddable":true,"href":"https:\/\/www.yucatanencorto.com\/noticias\/wp-json\/wp\/v2\/comments?post=98107"}],"version-history":[{"count":0,"href":"https:\/\/www.yucatanencorto.com\/noticias\/wp-json\/wp\/v2\/posts\/98107\/revisions"}],"wp:featuredmedia":[{"embeddable":true,"href":"https:\/\/www.yucatanencorto.com\/noticias\/wp-json\/wp\/v2\/media\/98108"}],"wp:attachment":[{"href":"https:\/\/www.yucatanencorto.com\/noticias\/wp-json\/wp\/v2\/media?parent=98107"}],"wp:term":[{"taxonomy":"category","embeddable":true,"href":"https:\/\/www.yucatanencorto.com\/noticias\/wp-json\/wp\/v2\/categories?post=98107"},{"taxonomy":"post_tag","embeddable":true,"href":"https:\/\/www.yucatanencorto.com\/noticias\/wp-json\/wp\/v2\/tags?post=98107"}],"curies":[{"name":"wp","href":"https:\/\/api.w.org\/{rel}","templated":true}]}}