{"id":98304,"date":"2023-05-27T15:56:10","date_gmt":"2023-05-27T21:56:10","guid":{"rendered":"https:\/\/www.yucatanencorto.com\/noticias\/?p=98304"},"modified":"2023-05-27T15:56:10","modified_gmt":"2023-05-27T21:56:10","slug":"daran-mayor-promocion-a-los-productores-yucatecos-en-merida","status":"publish","type":"post","link":"https:\/\/www.yucatanencorto.com\/noticias\/daran-mayor-promocion-a-los-productores-yucatecos-en-merida\/","title":{"rendered":"Dar\u00e1n mayor promoci\u00f3n a los productores yucatecos en M\u00e9rida"},"content":{"rendered":"<p style=\"font-weight: 400;\"><span data-originalfontsize=\"12pt\" data-originalcomputedfontsize=\"16\"><img loading=\"lazy\" decoding=\"async\" class=\"alignnone size-full wp-image-98305\" src=\"https:\/\/www.yucatanencorto.com\/noticias\/wp-content\/uploads\/2023\/05\/IMG_0466-scaled.jpeg\" alt=\"\" width=\"768\" height=\"512\" srcset=\"https:\/\/www.yucatanencorto.com\/noticias\/wp-content\/uploads\/2023\/05\/IMG_0466-scaled.jpeg 768w, https:\/\/www.yucatanencorto.com\/noticias\/wp-content\/uploads\/2023\/05\/IMG_0466-696x464.jpeg 696w, https:\/\/www.yucatanencorto.com\/noticias\/wp-content\/uploads\/2023\/05\/IMG_0466-1068x712.jpeg 1068w, https:\/\/www.yucatanencorto.com\/noticias\/wp-content\/uploads\/2023\/05\/IMG_0466-630x420.jpeg 630w\" sizes=\"auto, (max-width: 768px) 100vw, 768px\" \/><br \/>\nM\u00e9rida, Yucat\u00e1n a 27 de mayo de 2023.- El Alcalde de M\u00e9rida, Ren\u00e1n Barrera Concha, trabajar\u00e1 con los municipios del sur de Yucat\u00e1n para compartir pol\u00edticas p\u00fablicas exitosas en el rubro del fomento agropecuario, los canales de distribuci\u00f3n de mercanc\u00edas en la econom\u00eda local y el comercio justo, lo cual traer\u00e1 grandes beneficios para mejorar la calidad de vida de las familias yucatecas.<\/span><\/p>\n<p style=\"font-weight: 400;\"><span data-originalfontsize=\"12pt\" data-originalcomputedfontsize=\"16\">En su visita a Tekax por invitaci\u00f3n del Alcalde, Diego \u00c1vila Romero, Ren\u00e1n Barrera visit\u00f3 como primer punto el Huerto N\u00famero 8 en la comisar\u00eda de Pencuyut, que est\u00e1 dedicado a la siembra y cosecha de diversos productos, los cuales se deshidratan para la elaboraci\u00f3n de condimentos.<\/span><\/p>\n<p style=\"font-weight: 400;\"><span data-originalfontsize=\"12pt\" data-originalcomputedfontsize=\"16\">Durante la visita a este proyecto apoyado por el Club Rotary en colaboraci\u00f3n con el Ayuntamiento de Tekax, el Alcalde de M\u00e9rida asegur\u00f3 que junto con \u00c1vila Romero trabajan para escuchar las necesidades de las y los productores locales y, as\u00ed, encontrar programas susceptibles de replicarse en el Municipio.<\/span><\/p>\n<p style=\"font-weight: 400;\"><span data-originalfontsize=\"12pt\" data-originalcomputedfontsize=\"16\">\u201cAunque el municipio de M\u00e9rida es m\u00e1s conocido por su cabecera, tambi\u00e9n tenemos una importante zona rural productiva, por lo que s\u00e9 de los desaf\u00edos de las y los productores, por ello creamos el C\u00edrculo 47, un programa de trabajo con todas las comisar\u00edas, a trav\u00e9s del cual se apoya a productores y se generan cadenas productivas y comerciales para que sus productos lleguen a los consumidores y restauranteros de manera directa\u201d, expres\u00f3.<\/span><\/p>\n<p style=\"font-weight: 400;\"><span data-originalfontsize=\"12pt\" data-originalcomputedfontsize=\"16\">Acompa\u00f1ado de Leticia Ruiz Ocejo, Presidenta del Club Rotario de Meridanas; Magaly Cruz Nucamendi, Secretaria Ejecutiva del Club Rotario de Meridanas; Sof\u00eda Ram\u00edrez, Socia del Club Rotary Meridanas; las representantes de los \u201cHuertos de Mujeres Rurales de Pencuyut\u201d: Juana de Mata, representante del grupo \u201cLas flores\u201d; Herminia Quintal, representante del grupo \u201cLas palomas\u201d; Landy Cab, representante del grupo \u201cLa flor del huerto\u201d; Ariana Caamal, representante del grupo \u201cLas Almendras\u201d; Nancy Pool, representante del grupo \u201cEl Girasol\u201d; Mar\u00eda Cauich, representante del grupo \u201cLluvia de oro\u201d; Jaqueline Quintal, representante del grupo \u201cJa\u2019 sut\u2019 lool\u201d; y Luc\u00eda Quintal, representante del grupo \u201cEl Pedregal\u201d; recorrieron el huerto para conocer los detalles de la producci\u00f3n y sus canales de distribuci\u00f3n.<\/span><\/p>\n<p style=\"font-weight: 400;\"><span data-originalfontsize=\"12pt\" data-originalcomputedfontsize=\"16\">En este recorrido, Barrera Concha le propuso a \u00c1vila Romero vincular al sector agropecuario de Tekax a trav\u00e9s de los proyectos de Caja de Campo, que es un cat\u00e1logo de productos del campo que son ofrecidos al sector restaurante y comercial, adem\u00e1s de exponerlos en el Tianguis de Productos Naturales denominado Slow Food, con lo cual las familias tendr\u00e1n un comercio justo.<\/span><\/p>\n<p style=\"font-weight: 400;\"><span data-originalfontsize=\"12pt\" data-originalcomputedfontsize=\"16\">Como segundo punto en su agenda de trabajo, sostuvo una reuni\u00f3n con empresarios, prestadores de servicios tur\u00edsticos, representantes de organizaciones de productores agr\u00edcolas y ganaderos, a quienes les expuso el programa Micromer y Macromer como alternativas para incentivar el crecimiento de la econom\u00eda local.<\/span><\/p>\n<p style=\"font-weight: 400;\"><span data-originalfontsize=\"12pt\" data-originalcomputedfontsize=\"16\">\u201cMicromer y Macromer, son programas por medio de los cuales ofrecemos cr\u00e9ditos de 5,000 a 350 mil pesos con bajas tasas de inter\u00e9s, son dos ejemplos de lo que podemos hacer para apoyar a los negocios. Estos programas han sido un fuerte impulso para la actividad econ\u00f3mica en beneficio no solo de los empresarios y emprendedores, sino de toda la comunidad\u201d, destac\u00f3.<\/span><\/p>\n<p style=\"font-weight: 400;\"><span data-originalfontsize=\"12pt\" data-originalcomputedfontsize=\"16\">En su mensaje, \u00c1vila Romero resalt\u00f3 que existe la voluntad pol\u00edtica de los presidentes municipales para trabajar unidos en la b\u00fasqueda de lograr una mejor calidad de vida para las y los habitantes de Yucat\u00e1n, sobre todo para encontrar soluciones con programas y acciones que han demostrado su \u00e9xito en la atenci\u00f3n de problem\u00e1ticas similares.<\/span><\/p>\n<p style=\"font-weight: 400;\"><span data-originalfontsize=\"12pt\" data-originalcomputedfontsize=\"16\">Los representantes del sector empresarial, Sergio Miranda Febles, Presidente de la CANACO Delegaci\u00f3n Tekax y Rosaura Mu\u00f1oz Canto, representante del Fondo Regional Emiliano Zapata, reconocieron que los dos alcaldes han demostrado su empe\u00f1o por mejorar las condiciones de sus respectivos municipios, como en Tekax donde se trabaj\u00f3 para rehabilitar los tramos viales principales.<\/span><\/p>\n<p style=\"font-weight: 400;\"><span data-originalfontsize=\"12pt\" data-originalcomputedfontsize=\"16\">Finalmente, Barrera Concha se reuni\u00f3 con diferentes actores de la vida social y pol\u00edtica de Tekax para conocer los retos que existen, proponer intercambio de proyectos y acciones para continuar transformando al municipio en un espacio de bienestar para todas y todos.<\/span><\/p>\n","protected":false},"excerpt":{"rendered":"<p>M\u00e9rida, Yucat\u00e1n a 27 de mayo de 2023.- El Alcalde de M\u00e9rida, Ren\u00e1n Barrera Concha, trabajar\u00e1 con los municipios del sur de Yucat\u00e1n para compartir pol\u00edticas p\u00fablicas exitosas en el rubro del fomento agropecuario, los canales de distribuci\u00f3n de mercanc\u00edas en la econom\u00eda local y el comercio justo, lo cual traer\u00e1 grandes beneficios para mejorar [&hellip;]<\/p>\n","protected":false},"author":1,"featured_media":98305,"comment_status":"closed","ping_status":"closed","sticky":false,"template":"","format":"standard","meta":{"footnotes":""},"categories":[2],"tags":[],"class_list":["post-98304","post","type-post","status-publish","format-standard","has-post-thumbnail","category-merida"],"yoast_head":"<!-- This site is optimized with the Yoast SEO plugin v28.3 - https:\/\/yoast.com\/product\/yoast-seo-wordpress\/ -->\n<title>Dar\u00e1n mayor promoci\u00f3n a los productores yucatecos en M\u00e9rida - Yucat\u00e1n en corto<\/title>\n<meta name=\"robots\" content=\"index, follow, max-snippet:-1, max-image-preview:large, max-video-preview:-1\" \/>\n<link rel=\"canonical\" href=\"https:\/\/www.yucatanencorto.com\/noticias\/daran-mayor-promocion-a-los-productores-yucatecos-en-merida\/\" \/>\n<meta property=\"og:locale\" content=\"es_ES\" \/>\n<meta property=\"og:type\" content=\"article\" \/>\n<meta property=\"og:title\" content=\"Dar\u00e1n mayor promoci\u00f3n a los productores yucatecos en M\u00e9rida - Yucat\u00e1n en corto\" \/>\n<meta property=\"og:description\" content=\"M\u00e9rida, Yucat\u00e1n a 27 de mayo de 2023.- El Alcalde de M\u00e9rida, Ren\u00e1n Barrera Concha, trabajar\u00e1 con los municipios del sur de Yucat\u00e1n para compartir pol\u00edticas p\u00fablicas exitosas en el rubro del fomento agropecuario, los canales de distribuci\u00f3n de mercanc\u00edas en la econom\u00eda local y el comercio justo, lo cual traer\u00e1 grandes beneficios para mejorar [&hellip;]\" \/>\n<meta property=\"og:url\" content=\"https:\/\/www.yucatanencorto.com\/noticias\/daran-mayor-promocion-a-los-productores-yucatecos-en-merida\/\" \/>\n<meta property=\"og:site_name\" content=\"Yucat\u00e1n en corto\" \/>\n<meta property=\"article:publisher\" content=\"http:\/\/www.facebook.com\/yucatanencorto\" \/>\n<meta property=\"article:published_time\" content=\"2023-05-27T21:56:10+00:00\" \/>\n<meta property=\"og:image\" content=\"https:\/\/www.yucatanencorto.com\/noticias\/wp-content\/uploads\/2023\/05\/IMG_0466-scaled.jpeg\" \/>\n\t<meta property=\"og:image:width\" content=\"768\" \/>\n\t<meta property=\"og:image:height\" content=\"512\" \/>\n\t<meta property=\"og:image:type\" content=\"image\/jpeg\" \/>\n<meta name=\"author\" content=\"Yucat\u00e1n en corto DQ\" \/>\n<meta name=\"twitter:card\" content=\"summary_large_image\" \/>\n<meta name=\"twitter:creator\" content=\"@yucatanencorto\" \/>\n<meta name=\"twitter:site\" content=\"@yucatanencorto\" \/>\n<meta name=\"twitter:label1\" content=\"Escrito por\" \/>\n\t<meta name=\"twitter:data1\" content=\"Yucat\u00e1n en corto DQ\" \/>\n\t<meta name=\"twitter:label2\" content=\"Tiempo de lectura\" \/>\n\t<meta name=\"twitter:data2\" content=\"4 minutos\" \/>\n<script type=\"application\/ld+json\" class=\"yoast-schema-graph\">{\"@context\":\"https:\\\/\\\/schema.org\",\"@graph\":[{\"@type\":\"Article\",\"@id\":\"https:\\\/\\\/www.yucatanencorto.com\\\/noticias\\\/daran-mayor-promocion-a-los-productores-yucatecos-en-merida\\\/#article\",\"isPartOf\":{\"@id\":\"https:\\\/\\\/www.yucatanencorto.com\\\/noticias\\\/daran-mayor-promocion-a-los-productores-yucatecos-en-merida\\\/\"},\"author\":{\"name\":\"Yucat\u00e1n en corto DQ\",\"@id\":\"https:\\\/\\\/www.yucatanencorto.com\\\/noticias\\\/#\\\/schema\\\/person\\\/1363e375b7d4816046ffe3de17aa932a\"},\"headline\":\"Dar\u00e1n mayor promoci\u00f3n a los productores yucatecos en M\u00e9rida\",\"datePublished\":\"2023-05-27T21:56:10+00:00\",\"mainEntityOfPage\":{\"@id\":\"https:\\\/\\\/www.yucatanencorto.com\\\/noticias\\\/daran-mayor-promocion-a-los-productores-yucatecos-en-merida\\\/\"},\"wordCount\":723,\"publisher\":{\"@id\":\"https:\\\/\\\/www.yucatanencorto.com\\\/noticias\\\/#organization\"},\"image\":{\"@id\":\"https:\\\/\\\/www.yucatanencorto.com\\\/noticias\\\/daran-mayor-promocion-a-los-productores-yucatecos-en-merida\\\/#primaryimage\"},\"thumbnailUrl\":\"https:\\\/\\\/www.yucatanencorto.com\\\/noticias\\\/wp-content\\\/uploads\\\/2023\\\/05\\\/IMG_0466-scaled.jpeg\",\"articleSection\":[\"M\u00e9rida\"],\"inLanguage\":\"es\"},{\"@type\":\"WebPage\",\"@id\":\"https:\\\/\\\/www.yucatanencorto.com\\\/noticias\\\/daran-mayor-promocion-a-los-productores-yucatecos-en-merida\\\/\",\"url\":\"https:\\\/\\\/www.yucatanencorto.com\\\/noticias\\\/daran-mayor-promocion-a-los-productores-yucatecos-en-merida\\\/\",\"name\":\"Dar\u00e1n mayor promoci\u00f3n a los productores yucatecos en M\u00e9rida - Yucat\u00e1n en corto\",\"isPartOf\":{\"@id\":\"https:\\\/\\\/www.yucatanencorto.com\\\/noticias\\\/#website\"},\"primaryImageOfPage\":{\"@id\":\"https:\\\/\\\/www.yucatanencorto.com\\\/noticias\\\/daran-mayor-promocion-a-los-productores-yucatecos-en-merida\\\/#primaryimage\"},\"image\":{\"@id\":\"https:\\\/\\\/www.yucatanencorto.com\\\/noticias\\\/daran-mayor-promocion-a-los-productores-yucatecos-en-merida\\\/#primaryimage\"},\"thumbnailUrl\":\"https:\\\/\\\/www.yucatanencorto.com\\\/noticias\\\/wp-content\\\/uploads\\\/2023\\\/05\\\/IMG_0466-scaled.jpeg\",\"datePublished\":\"2023-05-27T21:56:10+00:00\",\"breadcrumb\":{\"@id\":\"https:\\\/\\\/www.yucatanencorto.com\\\/noticias\\\/daran-mayor-promocion-a-los-productores-yucatecos-en-merida\\\/#breadcrumb\"},\"inLanguage\":\"es\",\"potentialAction\":[{\"@type\":\"ReadAction\",\"target\":[\"https:\\\/\\\/www.yucatanencorto.com\\\/noticias\\\/daran-mayor-promocion-a-los-productores-yucatecos-en-merida\\\/\"]}]},{\"@type\":\"ImageObject\",\"inLanguage\":\"es\",\"@id\":\"https:\\\/\\\/www.yucatanencorto.com\\\/noticias\\\/daran-mayor-promocion-a-los-productores-yucatecos-en-merida\\\/#primaryimage\",\"url\":\"https:\\\/\\\/www.yucatanencorto.com\\\/noticias\\\/wp-content\\\/uploads\\\/2023\\\/05\\\/IMG_0466-scaled.jpeg\",\"contentUrl\":\"https:\\\/\\\/www.yucatanencorto.com\\\/noticias\\\/wp-content\\\/uploads\\\/2023\\\/05\\\/IMG_0466-scaled.jpeg\",\"width\":768,\"height\":512},{\"@type\":\"BreadcrumbList\",\"@id\":\"https:\\\/\\\/www.yucatanencorto.com\\\/noticias\\\/daran-mayor-promocion-a-los-productores-yucatecos-en-merida\\\/#breadcrumb\",\"itemListElement\":[{\"@type\":\"ListItem\",\"position\":1,\"name\":\"Portada\",\"item\":\"https:\\\/\\\/www.yucatanencorto.com\\\/noticias\\\/\"},{\"@type\":\"ListItem\",\"position\":2,\"name\":\"Dar\u00e1n mayor promoci\u00f3n a los productores yucatecos en M\u00e9rida\"}]},{\"@type\":\"WebSite\",\"@id\":\"https:\\\/\\\/www.yucatanencorto.com\\\/noticias\\\/#website\",\"url\":\"https:\\\/\\\/www.yucatanencorto.com\\\/noticias\\\/\",\"name\":\"Yucat\u00e1n en corto\",\"description\":\"Noticias\",\"publisher\":{\"@id\":\"https:\\\/\\\/www.yucatanencorto.com\\\/noticias\\\/#organization\"},\"potentialAction\":[{\"@type\":\"SearchAction\",\"target\":{\"@type\":\"EntryPoint\",\"urlTemplate\":\"https:\\\/\\\/www.yucatanencorto.com\\\/noticias\\\/?s={search_term_string}\"},\"query-input\":{\"@type\":\"PropertyValueSpecification\",\"valueRequired\":true,\"valueName\":\"search_term_string\"}}],\"inLanguage\":\"es\"},{\"@type\":\"Organization\",\"@id\":\"https:\\\/\\\/www.yucatanencorto.com\\\/noticias\\\/#organization\",\"name\":\"Yucat\u00e1n en corto\",\"url\":\"https:\\\/\\\/www.yucatanencorto.com\\\/noticias\\\/\",\"logo\":{\"@type\":\"ImageObject\",\"inLanguage\":\"es\",\"@id\":\"https:\\\/\\\/www.yucatanencorto.com\\\/noticias\\\/#\\\/schema\\\/logo\\\/image\\\/\",\"url\":\"https:\\\/\\\/www.yucatanencorto.com\\\/noticias\\\/wp-content\\\/uploads\\\/2026\\\/08\\\/Logo-web.png\",\"contentUrl\":\"https:\\\/\\\/www.yucatanencorto.com\\\/noticias\\\/wp-content\\\/uploads\\\/2026\\\/08\\\/Logo-web.png\",\"width\":272,\"height\":90,\"caption\":\"Yucat\u00e1n en corto\"},\"image\":{\"@id\":\"https:\\\/\\\/www.yucatanencorto.com\\\/noticias\\\/#\\\/schema\\\/logo\\\/image\\\/\"},\"sameAs\":[\"http:\\\/\\\/www.facebook.com\\\/yucatanencorto\",\"https:\\\/\\\/x.com\\\/yucatanencorto\"]},{\"@type\":\"Person\",\"@id\":\"https:\\\/\\\/www.yucatanencorto.com\\\/noticias\\\/#\\\/schema\\\/person\\\/1363e375b7d4816046ffe3de17aa932a\",\"name\":\"Yucat\u00e1n en corto DQ\",\"image\":{\"@type\":\"ImageObject\",\"inLanguage\":\"es\",\"@id\":\"https:\\\/\\\/secure.gravatar.com\\\/avatar\\\/6b9261004de5b8ed65116517e67986d57fe9e8d78e163a91c3913c304ecc25a9?s=96&d=mm&r=g\",\"url\":\"https:\\\/\\\/secure.gravatar.com\\\/avatar\\\/6b9261004de5b8ed65116517e67986d57fe9e8d78e163a91c3913c304ecc25a9?s=96&d=mm&r=g\",\"contentUrl\":\"https:\\\/\\\/secure.gravatar.com\\\/avatar\\\/6b9261004de5b8ed65116517e67986d57fe9e8d78e163a91c3913c304ecc25a9?s=96&d=mm&r=g\",\"caption\":\"Yucat\u00e1n en corto DQ\"},\"url\":\"https:\\\/\\\/www.yucatanencorto.com\\\/noticias\\\/author\\\/qcdar\\\/\"}]}<\/script>\n<!-- \/ Yoast SEO plugin. -->","yoast_head_json":{"title":"Dar\u00e1n mayor promoci\u00f3n a los productores yucatecos en M\u00e9rida - Yucat\u00e1n en corto","robots":{"index":"index","follow":"follow","max-snippet":"max-snippet:-1","max-image-preview":"max-image-preview:large","max-video-preview":"max-video-preview:-1"},"canonical":"https:\/\/www.yucatanencorto.com\/noticias\/daran-mayor-promocion-a-los-productores-yucatecos-en-merida\/","og_locale":"es_ES","og_type":"article","og_title":"Dar\u00e1n mayor promoci\u00f3n a los productores yucatecos en M\u00e9rida - Yucat\u00e1n en corto","og_description":"M\u00e9rida, Yucat\u00e1n a 27 de mayo de 2023.- El Alcalde de M\u00e9rida, Ren\u00e1n Barrera Concha, trabajar\u00e1 con los municipios del sur de Yucat\u00e1n para compartir pol\u00edticas p\u00fablicas exitosas en el rubro del fomento agropecuario, los canales de distribuci\u00f3n de mercanc\u00edas en la econom\u00eda local y el comercio justo, lo cual traer\u00e1 grandes beneficios para mejorar [&hellip;]","og_url":"https:\/\/www.yucatanencorto.com\/noticias\/daran-mayor-promocion-a-los-productores-yucatecos-en-merida\/","og_site_name":"Yucat\u00e1n en corto","article_publisher":"http:\/\/www.facebook.com\/yucatanencorto","article_published_time":"2023-05-27T21:56:10+00:00","og_image":[{"width":768,"height":512,"url":"https:\/\/www.yucatanencorto.com\/noticias\/wp-content\/uploads\/2023\/05\/IMG_0466-scaled.jpeg","type":"image\/jpeg"}],"author":"Yucat\u00e1n en corto DQ","twitter_card":"summary_large_image","twitter_creator":"@yucatanencorto","twitter_site":"@yucatanencorto","twitter_misc":{"Escrito por":"Yucat\u00e1n en corto DQ","Tiempo de lectura":"4 minutos"},"schema":{"@context":"https:\/\/schema.org","@graph":[{"@type":"Article","@id":"https:\/\/www.yucatanencorto.com\/noticias\/daran-mayor-promocion-a-los-productores-yucatecos-en-merida\/#article","isPartOf":{"@id":"https:\/\/www.yucatanencorto.com\/noticias\/daran-mayor-promocion-a-los-productores-yucatecos-en-merida\/"},"author":{"name":"Yucat\u00e1n en corto DQ","@id":"https:\/\/www.yucatanencorto.com\/noticias\/#\/schema\/person\/1363e375b7d4816046ffe3de17aa932a"},"headline":"Dar\u00e1n mayor promoci\u00f3n a los productores yucatecos en M\u00e9rida","datePublished":"2023-05-27T21:56:10+00:00","mainEntityOfPage":{"@id":"https:\/\/www.yucatanencorto.com\/noticias\/daran-mayor-promocion-a-los-productores-yucatecos-en-merida\/"},"wordCount":723,"publisher":{"@id":"https:\/\/www.yucatanencorto.com\/noticias\/#organization"},"image":{"@id":"https:\/\/www.yucatanencorto.com\/noticias\/daran-mayor-promocion-a-los-productores-yucatecos-en-merida\/#primaryimage"},"thumbnailUrl":"https:\/\/www.yucatanencorto.com\/noticias\/wp-content\/uploads\/2023\/05\/IMG_0466-scaled.jpeg","articleSection":["M\u00e9rida"],"inLanguage":"es"},{"@type":"WebPage","@id":"https:\/\/www.yucatanencorto.com\/noticias\/daran-mayor-promocion-a-los-productores-yucatecos-en-merida\/","url":"https:\/\/www.yucatanencorto.com\/noticias\/daran-mayor-promocion-a-los-productores-yucatecos-en-merida\/","name":"Dar\u00e1n mayor promoci\u00f3n a los productores yucatecos en M\u00e9rida - Yucat\u00e1n en corto","isPartOf":{"@id":"https:\/\/www.yucatanencorto.com\/noticias\/#website"},"primaryImageOfPage":{"@id":"https:\/\/www.yucatanencorto.com\/noticias\/daran-mayor-promocion-a-los-productores-yucatecos-en-merida\/#primaryimage"},"image":{"@id":"https:\/\/www.yucatanencorto.com\/noticias\/daran-mayor-promocion-a-los-productores-yucatecos-en-merida\/#primaryimage"},"thumbnailUrl":"https:\/\/www.yucatanencorto.com\/noticias\/wp-content\/uploads\/2023\/05\/IMG_0466-scaled.jpeg","datePublished":"2023-05-27T21:56:10+00:00","breadcrumb":{"@id":"https:\/\/www.yucatanencorto.com\/noticias\/daran-mayor-promocion-a-los-productores-yucatecos-en-merida\/#breadcrumb"},"inLanguage":"es","potentialAction":[{"@type":"ReadAction","target":["https:\/\/www.yucatanencorto.com\/noticias\/daran-mayor-promocion-a-los-productores-yucatecos-en-merida\/"]}]},{"@type":"ImageObject","inLanguage":"es","@id":"https:\/\/www.yucatanencorto.com\/noticias\/daran-mayor-promocion-a-los-productores-yucatecos-en-merida\/#primaryimage","url":"https:\/\/www.yucatanencorto.com\/noticias\/wp-content\/uploads\/2023\/05\/IMG_0466-scaled.jpeg","contentUrl":"https:\/\/www.yucatanencorto.com\/noticias\/wp-content\/uploads\/2023\/05\/IMG_0466-scaled.jpeg","width":768,"height":512},{"@type":"BreadcrumbList","@id":"https:\/\/www.yucatanencorto.com\/noticias\/daran-mayor-promocion-a-los-productores-yucatecos-en-merida\/#breadcrumb","itemListElement":[{"@type":"ListItem","position":1,"name":"Portada","item":"https:\/\/www.yucatanencorto.com\/noticias\/"},{"@type":"ListItem","position":2,"name":"Dar\u00e1n mayor promoci\u00f3n a los productores yucatecos en M\u00e9rida"}]},{"@type":"WebSite","@id":"https:\/\/www.yucatanencorto.com\/noticias\/#website","url":"https:\/\/www.yucatanencorto.com\/noticias\/","name":"Yucat\u00e1n en corto","description":"Noticias","publisher":{"@id":"https:\/\/www.yucatanencorto.com\/noticias\/#organization"},"potentialAction":[{"@type":"SearchAction","target":{"@type":"EntryPoint","urlTemplate":"https:\/\/www.yucatanencorto.com\/noticias\/?s={search_term_string}"},"query-input":{"@type":"PropertyValueSpecification","valueRequired":true,"valueName":"search_term_string"}}],"inLanguage":"es"},{"@type":"Organization","@id":"https:\/\/www.yucatanencorto.com\/noticias\/#organization","name":"Yucat\u00e1n en corto","url":"https:\/\/www.yucatanencorto.com\/noticias\/","logo":{"@type":"ImageObject","inLanguage":"es","@id":"https:\/\/www.yucatanencorto.com\/noticias\/#\/schema\/logo\/image\/","url":"https:\/\/www.yucatanencorto.com\/noticias\/wp-content\/uploads\/2026\/08\/Logo-web.png","contentUrl":"https:\/\/www.yucatanencorto.com\/noticias\/wp-content\/uploads\/2026\/08\/Logo-web.png","width":272,"height":90,"caption":"Yucat\u00e1n en corto"},"image":{"@id":"https:\/\/www.yucatanencorto.com\/noticias\/#\/schema\/logo\/image\/"},"sameAs":["http:\/\/www.facebook.com\/yucatanencorto","https:\/\/x.com\/yucatanencorto"]},{"@type":"Person","@id":"https:\/\/www.yucatanencorto.com\/noticias\/#\/schema\/person\/1363e375b7d4816046ffe3de17aa932a","name":"Yucat\u00e1n en corto DQ","image":{"@type":"ImageObject","inLanguage":"es","@id":"https:\/\/secure.gravatar.com\/avatar\/6b9261004de5b8ed65116517e67986d57fe9e8d78e163a91c3913c304ecc25a9?s=96&d=mm&r=g","url":"https:\/\/secure.gravatar.com\/avatar\/6b9261004de5b8ed65116517e67986d57fe9e8d78e163a91c3913c304ecc25a9?s=96&d=mm&r=g","contentUrl":"https:\/\/secure.gravatar.com\/avatar\/6b9261004de5b8ed65116517e67986d57fe9e8d78e163a91c3913c304ecc25a9?s=96&d=mm&r=g","caption":"Yucat\u00e1n en corto DQ"},"url":"https:\/\/www.yucatanencorto.com\/noticias\/author\/qcdar\/"}]}},"_links":{"self":[{"href":"https:\/\/www.yucatanencorto.com\/noticias\/wp-json\/wp\/v2\/posts\/98304","targetHints":{"allow":["GET"]}}],"collection":[{"href":"https:\/\/www.yucatanencorto.com\/noticias\/wp-json\/wp\/v2\/posts"}],"about":[{"href":"https:\/\/www.yucatanencorto.com\/noticias\/wp-json\/wp\/v2\/types\/post"}],"author":[{"embeddable":true,"href":"https:\/\/www.yucatanencorto.com\/noticias\/wp-json\/wp\/v2\/users\/1"}],"replies":[{"embeddable":true,"href":"https:\/\/www.yucatanencorto.com\/noticias\/wp-json\/wp\/v2\/comments?post=98304"}],"version-history":[{"count":0,"href":"https:\/\/www.yucatanencorto.com\/noticias\/wp-json\/wp\/v2\/posts\/98304\/revisions"}],"wp:featuredmedia":[{"embeddable":true,"href":"https:\/\/www.yucatanencorto.com\/noticias\/wp-json\/wp\/v2\/media\/98305"}],"wp:attachment":[{"href":"https:\/\/www.yucatanencorto.com\/noticias\/wp-json\/wp\/v2\/media?parent=98304"}],"wp:term":[{"taxonomy":"category","embeddable":true,"href":"https:\/\/www.yucatanencorto.com\/noticias\/wp-json\/wp\/v2\/categories?post=98304"},{"taxonomy":"post_tag","embeddable":true,"href":"https:\/\/www.yucatanencorto.com\/noticias\/wp-json\/wp\/v2\/tags?post=98304"}],"curies":[{"name":"wp","href":"https:\/\/api.w.org\/{rel}","templated":true}]}}