{"id":98338,"date":"2023-05-30T15:29:09","date_gmt":"2023-05-30T21:29:09","guid":{"rendered":"https:\/\/www.yucatanencorto.com\/noticias\/?p=98338"},"modified":"2023-05-30T15:29:09","modified_gmt":"2023-05-30T21:29:09","slug":"alejandro-sanz-reaparece-tras-alarmante-mensaje-creo-que-encerrarme-no-es-buena-idea","status":"publish","type":"post","link":"https:\/\/www.yucatanencorto.com\/noticias\/alejandro-sanz-reaparece-tras-alarmante-mensaje-creo-que-encerrarme-no-es-buena-idea\/","title":{"rendered":"ALEJANDRO SANZ REAPARECE TRAS ALARMANTE MENSAJE: \u201cCREO QUE ENCERRARME NO ES BUENA IDEA\u201d"},"content":{"rendered":"<p><img loading=\"lazy\" decoding=\"async\" class=\"alignnone size-full wp-image-98339\" src=\"https:\/\/www.yucatanencorto.com\/noticias\/wp-content\/uploads\/2023\/05\/1685471204_668059_1685471306_gigante_normal-scaled.jpg\" alt=\"\" width=\"768\" height=\"348\" srcset=\"https:\/\/www.yucatanencorto.com\/noticias\/wp-content\/uploads\/2023\/05\/1685471204_668059_1685471306_gigante_normal-scaled.jpg 768w, https:\/\/www.yucatanencorto.com\/noticias\/wp-content\/uploads\/2023\/05\/1685471204_668059_1685471306_gigante_normal-1536x697.jpg 1536w, https:\/\/www.yucatanencorto.com\/noticias\/wp-content\/uploads\/2023\/05\/1685471204_668059_1685471306_gigante_normal-696x316.jpg 696w, https:\/\/www.yucatanencorto.com\/noticias\/wp-content\/uploads\/2023\/05\/1685471204_668059_1685471306_gigante_normal-1068x484.jpg 1068w, https:\/\/www.yucatanencorto.com\/noticias\/wp-content\/uploads\/2023\/05\/1685471204_668059_1685471306_gigante_normal-926x420.jpg 926w\" sizes=\"auto, (max-width: 768px) 100vw, 768px\" \/><\/p>\n<p>Tras mensajes de apoyo de amigos, colegas y sus fieles seguidores , el cantante espa\u00f1ol reapareci\u00f3 para agradecer por todo el cari\u00f1o\u00a0que recibi\u00f3 en estos d\u00edas, aunque\u00a0destac\u00f3 que \u201cno termina de llegar la luz\u201d, parece que est\u00e1 mejor.<\/p>\n<p>\u201cHe tenido un brote fuerte este fin de semana y aunque a\u00fan no termina de llegar la luz, parece que se ha despertado una luci\u00e9rnaga en mi pecho\u201d, escribi\u00f3.<\/p>\n<p>El int\u00e9rprete de \u201cCoraz\u00f3n Partido\u201d alista su gira \u201cSanz en vivo\u201d, de la que tiene m\u00e1s de sesenta fechas programadas en 2023, por lo que aclar\u00f3 que\u00a0no tiene pensado cancelar ninguna fecha.<\/p>\n<p>\u201cNo quiero suspender la gira porque creo que con la ayuda correcta y un poco de comprensi\u00f3n y apoyo en los shows, lo vamos a sacar adelante. Adem\u00e1s creo que encerrarme no es buena idea\u201d, confes\u00f3.<\/p>\n<p>Su tour incluye pa\u00edses como Colombia, Per\u00fa, Ecuador, Chile, Argentina y Uruguay, para luego regresar a Espa\u00f1a en verano.<\/p>\n<p>Para concluir su mensaje el compositor, de 54 a\u00f1os, agradeci\u00f3 las innumerables muestras de apoyo, mientras muestra su lucha por estar mejor.<\/p>\n<p>\u201cGracias por el calorcito. Vamos a por el d\u00eda de ma\u00f1ana. El sol est\u00e1 de camino\u201d.<\/p>\n","protected":false},"excerpt":{"rendered":"<p>Tras mensajes de apoyo de amigos, colegas y sus fieles seguidores , el cantante espa\u00f1ol reapareci\u00f3 para agradecer por todo el cari\u00f1o\u00a0que recibi\u00f3 en estos d\u00edas, aunque\u00a0destac\u00f3 que \u201cno termina de llegar la luz\u201d, parece que est\u00e1 mejor. \u201cHe tenido un brote fuerte este fin de semana y aunque a\u00fan no termina de llegar la [&hellip;]<\/p>\n","protected":false},"author":3,"featured_media":98339,"comment_status":"closed","ping_status":"closed","sticky":false,"template":"","format":"standard","meta":{"footnotes":""},"categories":[9],"tags":[],"class_list":{"0":"post-98338","1":"post","2":"type-post","3":"status-publish","4":"format-standard","5":"has-post-thumbnail","7":"category-sociedad-y-espectaculos"},"yoast_head":"<!-- This site is optimized with the Yoast SEO plugin v27.5 - https:\/\/yoast.com\/product\/yoast-seo-wordpress\/ -->\n<title>ALEJANDRO SANZ REAPARECE TRAS ALARMANTE MENSAJE: \u201cCREO QUE ENCERRARME NO ES BUENA IDEA\u201d - Yucat\u00e1n en corto<\/title>\n<meta name=\"robots\" content=\"index, follow, max-snippet:-1, max-image-preview:large, max-video-preview:-1\" \/>\n<link rel=\"canonical\" href=\"https:\/\/www.yucatanencorto.com\/noticias\/alejandro-sanz-reaparece-tras-alarmante-mensaje-creo-que-encerrarme-no-es-buena-idea\/\" \/>\n<meta property=\"og:locale\" content=\"es_ES\" \/>\n<meta property=\"og:type\" content=\"article\" \/>\n<meta property=\"og:title\" content=\"ALEJANDRO SANZ REAPARECE TRAS ALARMANTE MENSAJE: \u201cCREO QUE ENCERRARME NO ES BUENA IDEA\u201d - Yucat\u00e1n en corto\" \/>\n<meta property=\"og:description\" content=\"Tras mensajes de apoyo de amigos, colegas y sus fieles seguidores , el cantante espa\u00f1ol reapareci\u00f3 para agradecer por todo el cari\u00f1o\u00a0que recibi\u00f3 en estos d\u00edas, aunque\u00a0destac\u00f3 que \u201cno termina de llegar la luz\u201d, parece que est\u00e1 mejor. \u201cHe tenido un brote fuerte este fin de semana y aunque a\u00fan no termina de llegar la [&hellip;]\" \/>\n<meta property=\"og:url\" content=\"https:\/\/www.yucatanencorto.com\/noticias\/alejandro-sanz-reaparece-tras-alarmante-mensaje-creo-que-encerrarme-no-es-buena-idea\/\" \/>\n<meta property=\"og:site_name\" content=\"Yucat\u00e1n en corto\" \/>\n<meta property=\"article:publisher\" content=\"http:\/\/www.facebook.com\/yucatanencorto\" \/>\n<meta property=\"article:published_time\" content=\"2023-05-30T21:29:09+00:00\" \/>\n<meta property=\"og:image\" content=\"https:\/\/www.yucatanencorto.com\/noticias\/wp-content\/uploads\/2023\/05\/1685471204_668059_1685471306_gigante_normal-scaled.jpg\" \/>\n\t<meta property=\"og:image:width\" content=\"768\" \/>\n\t<meta property=\"og:image:height\" content=\"348\" \/>\n\t<meta property=\"og:image:type\" content=\"image\/jpeg\" \/>\n<meta name=\"author\" content=\"Redes\" \/>\n<meta name=\"twitter:card\" content=\"summary_large_image\" \/>\n<meta name=\"twitter:creator\" content=\"@yucatanencorto\" \/>\n<meta name=\"twitter:site\" content=\"@yucatanencorto\" \/>\n<meta name=\"twitter:label1\" content=\"Escrito por\" \/>\n\t<meta name=\"twitter:data1\" content=\"Redes\" \/>\n\t<meta name=\"twitter:label2\" content=\"Tiempo de lectura\" \/>\n\t<meta name=\"twitter:data2\" content=\"2 minutos\" \/>\n<script type=\"application\/ld+json\" class=\"yoast-schema-graph\">{\"@context\":\"https:\\\/\\\/schema.org\",\"@graph\":[{\"@type\":\"Article\",\"@id\":\"https:\\\/\\\/www.yucatanencorto.com\\\/noticias\\\/alejandro-sanz-reaparece-tras-alarmante-mensaje-creo-que-encerrarme-no-es-buena-idea\\\/#article\",\"isPartOf\":{\"@id\":\"https:\\\/\\\/www.yucatanencorto.com\\\/noticias\\\/alejandro-sanz-reaparece-tras-alarmante-mensaje-creo-que-encerrarme-no-es-buena-idea\\\/\"},\"author\":{\"name\":\"Redes\",\"@id\":\"https:\\\/\\\/www.yucatanencorto.com\\\/noticias\\\/#\\\/schema\\\/person\\\/e2fbdfaf30a07014a43940ce989f3119\"},\"headline\":\"ALEJANDRO SANZ REAPARECE TRAS ALARMANTE MENSAJE: \u201cCREO QUE ENCERRARME NO ES BUENA IDEA\u201d\",\"datePublished\":\"2023-05-30T21:29:09+00:00\",\"mainEntityOfPage\":{\"@id\":\"https:\\\/\\\/www.yucatanencorto.com\\\/noticias\\\/alejandro-sanz-reaparece-tras-alarmante-mensaje-creo-que-encerrarme-no-es-buena-idea\\\/\"},\"wordCount\":220,\"image\":{\"@id\":\"https:\\\/\\\/www.yucatanencorto.com\\\/noticias\\\/alejandro-sanz-reaparece-tras-alarmante-mensaje-creo-que-encerrarme-no-es-buena-idea\\\/#primaryimage\"},\"thumbnailUrl\":\"https:\\\/\\\/www.yucatanencorto.com\\\/noticias\\\/wp-content\\\/uploads\\\/2023\\\/05\\\/1685471204_668059_1685471306_gigante_normal-scaled.jpg\",\"articleSection\":[\"Sociedad y Espect\u00e1culos\"],\"inLanguage\":\"es\"},{\"@type\":\"WebPage\",\"@id\":\"https:\\\/\\\/www.yucatanencorto.com\\\/noticias\\\/alejandro-sanz-reaparece-tras-alarmante-mensaje-creo-que-encerrarme-no-es-buena-idea\\\/\",\"url\":\"https:\\\/\\\/www.yucatanencorto.com\\\/noticias\\\/alejandro-sanz-reaparece-tras-alarmante-mensaje-creo-que-encerrarme-no-es-buena-idea\\\/\",\"name\":\"ALEJANDRO SANZ REAPARECE TRAS ALARMANTE MENSAJE: \u201cCREO QUE ENCERRARME NO ES BUENA IDEA\u201d - Yucat\u00e1n en corto\",\"isPartOf\":{\"@id\":\"https:\\\/\\\/www.yucatanencorto.com\\\/noticias\\\/#website\"},\"primaryImageOfPage\":{\"@id\":\"https:\\\/\\\/www.yucatanencorto.com\\\/noticias\\\/alejandro-sanz-reaparece-tras-alarmante-mensaje-creo-que-encerrarme-no-es-buena-idea\\\/#primaryimage\"},\"image\":{\"@id\":\"https:\\\/\\\/www.yucatanencorto.com\\\/noticias\\\/alejandro-sanz-reaparece-tras-alarmante-mensaje-creo-que-encerrarme-no-es-buena-idea\\\/#primaryimage\"},\"thumbnailUrl\":\"https:\\\/\\\/www.yucatanencorto.com\\\/noticias\\\/wp-content\\\/uploads\\\/2023\\\/05\\\/1685471204_668059_1685471306_gigante_normal-scaled.jpg\",\"datePublished\":\"2023-05-30T21:29:09+00:00\",\"author\":{\"@id\":\"https:\\\/\\\/www.yucatanencorto.com\\\/noticias\\\/#\\\/schema\\\/person\\\/e2fbdfaf30a07014a43940ce989f3119\"},\"breadcrumb\":{\"@id\":\"https:\\\/\\\/www.yucatanencorto.com\\\/noticias\\\/alejandro-sanz-reaparece-tras-alarmante-mensaje-creo-que-encerrarme-no-es-buena-idea\\\/#breadcrumb\"},\"inLanguage\":\"es\",\"potentialAction\":[{\"@type\":\"ReadAction\",\"target\":[\"https:\\\/\\\/www.yucatanencorto.com\\\/noticias\\\/alejandro-sanz-reaparece-tras-alarmante-mensaje-creo-que-encerrarme-no-es-buena-idea\\\/\"]}]},{\"@type\":\"ImageObject\",\"inLanguage\":\"es\",\"@id\":\"https:\\\/\\\/www.yucatanencorto.com\\\/noticias\\\/alejandro-sanz-reaparece-tras-alarmante-mensaje-creo-que-encerrarme-no-es-buena-idea\\\/#primaryimage\",\"url\":\"https:\\\/\\\/www.yucatanencorto.com\\\/noticias\\\/wp-content\\\/uploads\\\/2023\\\/05\\\/1685471204_668059_1685471306_gigante_normal-scaled.jpg\",\"contentUrl\":\"https:\\\/\\\/www.yucatanencorto.com\\\/noticias\\\/wp-content\\\/uploads\\\/2023\\\/05\\\/1685471204_668059_1685471306_gigante_normal-scaled.jpg\",\"width\":768,\"height\":348},{\"@type\":\"BreadcrumbList\",\"@id\":\"https:\\\/\\\/www.yucatanencorto.com\\\/noticias\\\/alejandro-sanz-reaparece-tras-alarmante-mensaje-creo-que-encerrarme-no-es-buena-idea\\\/#breadcrumb\",\"itemListElement\":[{\"@type\":\"ListItem\",\"position\":1,\"name\":\"Portada\",\"item\":\"https:\\\/\\\/www.yucatanencorto.com\\\/noticias\\\/\"},{\"@type\":\"ListItem\",\"position\":2,\"name\":\"ALEJANDRO SANZ REAPARECE TRAS ALARMANTE MENSAJE: \u201cCREO QUE ENCERRARME NO ES BUENA IDEA\u201d\"}]},{\"@type\":\"WebSite\",\"@id\":\"https:\\\/\\\/www.yucatanencorto.com\\\/noticias\\\/#website\",\"url\":\"https:\\\/\\\/www.yucatanencorto.com\\\/noticias\\\/\",\"name\":\"Yucat\u00e1n en corto\",\"description\":\"Noticias\",\"potentialAction\":[{\"@type\":\"SearchAction\",\"target\":{\"@type\":\"EntryPoint\",\"urlTemplate\":\"https:\\\/\\\/www.yucatanencorto.com\\\/noticias\\\/?s={search_term_string}\"},\"query-input\":{\"@type\":\"PropertyValueSpecification\",\"valueRequired\":true,\"valueName\":\"search_term_string\"}}],\"inLanguage\":\"es\"},{\"@type\":\"Person\",\"@id\":\"https:\\\/\\\/www.yucatanencorto.com\\\/noticias\\\/#\\\/schema\\\/person\\\/e2fbdfaf30a07014a43940ce989f3119\",\"name\":\"Redes\",\"image\":{\"@type\":\"ImageObject\",\"inLanguage\":\"es\",\"@id\":\"https:\\\/\\\/secure.gravatar.com\\\/avatar\\\/5931a2d21dd7cc834f44c8c34fe56d90ed6d536ef452cbf870c7485b524dddd7?s=96&d=mm&r=g\",\"url\":\"https:\\\/\\\/secure.gravatar.com\\\/avatar\\\/5931a2d21dd7cc834f44c8c34fe56d90ed6d536ef452cbf870c7485b524dddd7?s=96&d=mm&r=g\",\"contentUrl\":\"https:\\\/\\\/secure.gravatar.com\\\/avatar\\\/5931a2d21dd7cc834f44c8c34fe56d90ed6d536ef452cbf870c7485b524dddd7?s=96&d=mm&r=g\",\"caption\":\"Redes\"},\"url\":\"https:\\\/\\\/www.yucatanencorto.com\\\/noticias\\\/author\\\/redes\\\/\"}]}<\/script>\n<!-- \/ Yoast SEO plugin. -->","yoast_head_json":{"title":"ALEJANDRO SANZ REAPARECE TRAS ALARMANTE MENSAJE: \u201cCREO QUE ENCERRARME NO ES BUENA IDEA\u201d - Yucat\u00e1n en corto","robots":{"index":"index","follow":"follow","max-snippet":"max-snippet:-1","max-image-preview":"max-image-preview:large","max-video-preview":"max-video-preview:-1"},"canonical":"https:\/\/www.yucatanencorto.com\/noticias\/alejandro-sanz-reaparece-tras-alarmante-mensaje-creo-que-encerrarme-no-es-buena-idea\/","og_locale":"es_ES","og_type":"article","og_title":"ALEJANDRO SANZ REAPARECE TRAS ALARMANTE MENSAJE: \u201cCREO QUE ENCERRARME NO ES BUENA IDEA\u201d - Yucat\u00e1n en corto","og_description":"Tras mensajes de apoyo de amigos, colegas y sus fieles seguidores , el cantante espa\u00f1ol reapareci\u00f3 para agradecer por todo el cari\u00f1o\u00a0que recibi\u00f3 en estos d\u00edas, aunque\u00a0destac\u00f3 que \u201cno termina de llegar la luz\u201d, parece que est\u00e1 mejor. \u201cHe tenido un brote fuerte este fin de semana y aunque a\u00fan no termina de llegar la [&hellip;]","og_url":"https:\/\/www.yucatanencorto.com\/noticias\/alejandro-sanz-reaparece-tras-alarmante-mensaje-creo-que-encerrarme-no-es-buena-idea\/","og_site_name":"Yucat\u00e1n en corto","article_publisher":"http:\/\/www.facebook.com\/yucatanencorto","article_published_time":"2023-05-30T21:29:09+00:00","og_image":[{"width":768,"height":348,"url":"https:\/\/www.yucatanencorto.com\/noticias\/wp-content\/uploads\/2023\/05\/1685471204_668059_1685471306_gigante_normal-scaled.jpg","type":"image\/jpeg"}],"author":"Redes","twitter_card":"summary_large_image","twitter_creator":"@yucatanencorto","twitter_site":"@yucatanencorto","twitter_misc":{"Escrito por":"Redes","Tiempo de lectura":"2 minutos"},"schema":{"@context":"https:\/\/schema.org","@graph":[{"@type":"Article","@id":"https:\/\/www.yucatanencorto.com\/noticias\/alejandro-sanz-reaparece-tras-alarmante-mensaje-creo-que-encerrarme-no-es-buena-idea\/#article","isPartOf":{"@id":"https:\/\/www.yucatanencorto.com\/noticias\/alejandro-sanz-reaparece-tras-alarmante-mensaje-creo-que-encerrarme-no-es-buena-idea\/"},"author":{"name":"Redes","@id":"https:\/\/www.yucatanencorto.com\/noticias\/#\/schema\/person\/e2fbdfaf30a07014a43940ce989f3119"},"headline":"ALEJANDRO SANZ REAPARECE TRAS ALARMANTE MENSAJE: \u201cCREO QUE ENCERRARME NO ES BUENA IDEA\u201d","datePublished":"2023-05-30T21:29:09+00:00","mainEntityOfPage":{"@id":"https:\/\/www.yucatanencorto.com\/noticias\/alejandro-sanz-reaparece-tras-alarmante-mensaje-creo-que-encerrarme-no-es-buena-idea\/"},"wordCount":220,"image":{"@id":"https:\/\/www.yucatanencorto.com\/noticias\/alejandro-sanz-reaparece-tras-alarmante-mensaje-creo-que-encerrarme-no-es-buena-idea\/#primaryimage"},"thumbnailUrl":"https:\/\/www.yucatanencorto.com\/noticias\/wp-content\/uploads\/2023\/05\/1685471204_668059_1685471306_gigante_normal-scaled.jpg","articleSection":["Sociedad y Espect\u00e1culos"],"inLanguage":"es"},{"@type":"WebPage","@id":"https:\/\/www.yucatanencorto.com\/noticias\/alejandro-sanz-reaparece-tras-alarmante-mensaje-creo-que-encerrarme-no-es-buena-idea\/","url":"https:\/\/www.yucatanencorto.com\/noticias\/alejandro-sanz-reaparece-tras-alarmante-mensaje-creo-que-encerrarme-no-es-buena-idea\/","name":"ALEJANDRO SANZ REAPARECE TRAS ALARMANTE MENSAJE: \u201cCREO QUE ENCERRARME NO ES BUENA IDEA\u201d - Yucat\u00e1n en corto","isPartOf":{"@id":"https:\/\/www.yucatanencorto.com\/noticias\/#website"},"primaryImageOfPage":{"@id":"https:\/\/www.yucatanencorto.com\/noticias\/alejandro-sanz-reaparece-tras-alarmante-mensaje-creo-que-encerrarme-no-es-buena-idea\/#primaryimage"},"image":{"@id":"https:\/\/www.yucatanencorto.com\/noticias\/alejandro-sanz-reaparece-tras-alarmante-mensaje-creo-que-encerrarme-no-es-buena-idea\/#primaryimage"},"thumbnailUrl":"https:\/\/www.yucatanencorto.com\/noticias\/wp-content\/uploads\/2023\/05\/1685471204_668059_1685471306_gigante_normal-scaled.jpg","datePublished":"2023-05-30T21:29:09+00:00","author":{"@id":"https:\/\/www.yucatanencorto.com\/noticias\/#\/schema\/person\/e2fbdfaf30a07014a43940ce989f3119"},"breadcrumb":{"@id":"https:\/\/www.yucatanencorto.com\/noticias\/alejandro-sanz-reaparece-tras-alarmante-mensaje-creo-que-encerrarme-no-es-buena-idea\/#breadcrumb"},"inLanguage":"es","potentialAction":[{"@type":"ReadAction","target":["https:\/\/www.yucatanencorto.com\/noticias\/alejandro-sanz-reaparece-tras-alarmante-mensaje-creo-que-encerrarme-no-es-buena-idea\/"]}]},{"@type":"ImageObject","inLanguage":"es","@id":"https:\/\/www.yucatanencorto.com\/noticias\/alejandro-sanz-reaparece-tras-alarmante-mensaje-creo-que-encerrarme-no-es-buena-idea\/#primaryimage","url":"https:\/\/www.yucatanencorto.com\/noticias\/wp-content\/uploads\/2023\/05\/1685471204_668059_1685471306_gigante_normal-scaled.jpg","contentUrl":"https:\/\/www.yucatanencorto.com\/noticias\/wp-content\/uploads\/2023\/05\/1685471204_668059_1685471306_gigante_normal-scaled.jpg","width":768,"height":348},{"@type":"BreadcrumbList","@id":"https:\/\/www.yucatanencorto.com\/noticias\/alejandro-sanz-reaparece-tras-alarmante-mensaje-creo-que-encerrarme-no-es-buena-idea\/#breadcrumb","itemListElement":[{"@type":"ListItem","position":1,"name":"Portada","item":"https:\/\/www.yucatanencorto.com\/noticias\/"},{"@type":"ListItem","position":2,"name":"ALEJANDRO SANZ REAPARECE TRAS ALARMANTE MENSAJE: \u201cCREO QUE ENCERRARME NO ES BUENA IDEA\u201d"}]},{"@type":"WebSite","@id":"https:\/\/www.yucatanencorto.com\/noticias\/#website","url":"https:\/\/www.yucatanencorto.com\/noticias\/","name":"Yucat\u00e1n en corto","description":"Noticias","potentialAction":[{"@type":"SearchAction","target":{"@type":"EntryPoint","urlTemplate":"https:\/\/www.yucatanencorto.com\/noticias\/?s={search_term_string}"},"query-input":{"@type":"PropertyValueSpecification","valueRequired":true,"valueName":"search_term_string"}}],"inLanguage":"es"},{"@type":"Person","@id":"https:\/\/www.yucatanencorto.com\/noticias\/#\/schema\/person\/e2fbdfaf30a07014a43940ce989f3119","name":"Redes","image":{"@type":"ImageObject","inLanguage":"es","@id":"https:\/\/secure.gravatar.com\/avatar\/5931a2d21dd7cc834f44c8c34fe56d90ed6d536ef452cbf870c7485b524dddd7?s=96&d=mm&r=g","url":"https:\/\/secure.gravatar.com\/avatar\/5931a2d21dd7cc834f44c8c34fe56d90ed6d536ef452cbf870c7485b524dddd7?s=96&d=mm&r=g","contentUrl":"https:\/\/secure.gravatar.com\/avatar\/5931a2d21dd7cc834f44c8c34fe56d90ed6d536ef452cbf870c7485b524dddd7?s=96&d=mm&r=g","caption":"Redes"},"url":"https:\/\/www.yucatanencorto.com\/noticias\/author\/redes\/"}]}},"_links":{"self":[{"href":"https:\/\/www.yucatanencorto.com\/noticias\/wp-json\/wp\/v2\/posts\/98338","targetHints":{"allow":["GET"]}}],"collection":[{"href":"https:\/\/www.yucatanencorto.com\/noticias\/wp-json\/wp\/v2\/posts"}],"about":[{"href":"https:\/\/www.yucatanencorto.com\/noticias\/wp-json\/wp\/v2\/types\/post"}],"author":[{"embeddable":true,"href":"https:\/\/www.yucatanencorto.com\/noticias\/wp-json\/wp\/v2\/users\/3"}],"replies":[{"embeddable":true,"href":"https:\/\/www.yucatanencorto.com\/noticias\/wp-json\/wp\/v2\/comments?post=98338"}],"version-history":[{"count":0,"href":"https:\/\/www.yucatanencorto.com\/noticias\/wp-json\/wp\/v2\/posts\/98338\/revisions"}],"wp:featuredmedia":[{"embeddable":true,"href":"https:\/\/www.yucatanencorto.com\/noticias\/wp-json\/wp\/v2\/media\/98339"}],"wp:attachment":[{"href":"https:\/\/www.yucatanencorto.com\/noticias\/wp-json\/wp\/v2\/media?parent=98338"}],"wp:term":[{"taxonomy":"category","embeddable":true,"href":"https:\/\/www.yucatanencorto.com\/noticias\/wp-json\/wp\/v2\/categories?post=98338"},{"taxonomy":"post_tag","embeddable":true,"href":"https:\/\/www.yucatanencorto.com\/noticias\/wp-json\/wp\/v2\/tags?post=98338"}],"curies":[{"name":"wp","href":"https:\/\/api.w.org\/{rel}","templated":true}]}}