{"id":98991,"date":"2023-07-05T17:40:24","date_gmt":"2023-07-05T23:40:24","guid":{"rendered":"https:\/\/www.yucatanencorto.com\/noticias\/?p=98991"},"modified":"2023-07-05T17:40:24","modified_gmt":"2023-07-05T23:40:24","slug":"apoyan-a-ciudadanos-del-municipio-de-tinum","status":"publish","type":"post","link":"https:\/\/www.yucatanencorto.com\/noticias\/apoyan-a-ciudadanos-del-municipio-de-tinum\/","title":{"rendered":"Apoyan a ciudadanos del municipio de Tinum"},"content":{"rendered":"<p><img loading=\"lazy\" decoding=\"async\" class=\"alignnone size-full wp-image-98992\" src=\"https:\/\/www.yucatanencorto.com\/noticias\/wp-content\/uploads\/2023\/07\/WhatsApp-Image-2023-07-05-at-16.28.58-scaled.jpeg\" alt=\"\" width=\"768\" height=\"483\" srcset=\"https:\/\/www.yucatanencorto.com\/noticias\/wp-content\/uploads\/2023\/07\/WhatsApp-Image-2023-07-05-at-16.28.58-scaled.jpeg 768w, https:\/\/www.yucatanencorto.com\/noticias\/wp-content\/uploads\/2023\/07\/WhatsApp-Image-2023-07-05-at-16.28.58-696x438.jpeg 696w, https:\/\/www.yucatanencorto.com\/noticias\/wp-content\/uploads\/2023\/07\/WhatsApp-Image-2023-07-05-at-16.28.58-668x420.jpeg 668w\" sizes=\"auto, (max-width: 768px) 100vw, 768px\" \/><\/p>\n<p>Tinum, Yucat\u00e1n, 5 de julio de 2023.- El respaldo del Gobernador Mauricio Vila Dosal contin\u00faa presente en todos los rincones del estado, por ejemplo, en Tinum, donde estuvo entregando apoyos sociales para respaldar a las mujeres y fortalecer el campo yucateco, as\u00ed como obras para reforzar los servicios de salud en la localidad.<\/p>\n<p>En gira de trabajo por Pist\u00e9, comisar\u00eda de Tinum, Vila Dosal distribuy\u00f3 certificados para la realizaci\u00f3n de acciones de vivienda, sanitarios rurales y pozos de riego, al igual que de ma\u00edz para consumo humano del esquema Seguridad Alimentaria, fertilizante, plantas de pl\u00e1tano de variedad mejorada, materiales a mujeres artesanas y apoyos para la adquisici\u00f3n de equipo ap\u00edcola.<\/p>\n<p>De igual manera, entreg\u00f3 las obras de mejoramiento y equipamiento de la casa ejidal de la comisar\u00eda de San Francisco, junto con el proyecto de remodelaci\u00f3n del Centro de Salud de la referida localidad, que vienen a mejorar la infraestructura de ese municipio.<\/p>\n<p>Acompa\u00f1ado del titular de la Secretar\u00eda de Desarrollo Social (Sedesol), Roger Torres Peniche, Vila Dosal comenz\u00f3 la distribuci\u00f3n de 70 certificados para acciones de Vivienda Social, con el objetivo de reducir la condici\u00f3n de vulnerabilidad de las familias que m\u00e1s lo necesitan.<\/p>\n<p>Mediante esta estrategia, se construye pisos, ba\u00f1os, cocinas ecol\u00f3gicas y cuartos adicionales, de manera que se contribuye con el combate a la desigualdad social, el hacinamiento y el fecalismo al aire libre, al tiempo que mejora la calidad de vida de los yucatecos, pues les permite contar con espacios m\u00e1s c\u00f3modos y dignos para habitar.<\/p>\n<p>A fin de respaldar a las mujeres artesanas de esta demarcaci\u00f3n, para fortalecer su participaci\u00f3n como impulsoras de su propio desarrollo, el Gobernador les entreg\u00f3 herramientas y material, que consistieron en 24 bastidores, el mismo n\u00famero de paquetes de hilos para urdir y 100 para bordar, 8 m\u00e1quinas de coser y 1 molino para nixtamal.<\/p>\n<p>Otro sector que respalda la administraci\u00f3n estatal es la apicultura y, por ello, Vila Dosal dio apoyos que consistieron en la adquisici\u00f3n de equipo, que permita a los productores locales recuperar e incrementar la infraestructura para realizar su actividad.<\/p>\n<p>Con una inversi\u00f3n de 12 millones de pesos, se entregar\u00e1 m\u00e1s de 20,000 cajas completas para la producci\u00f3n de miel, con lo que se favorecer\u00e1 a hasta 5,000 apicultores, quienes s\u00f3lo aportan el 50% del costo del paquete.<\/p>\n<p>Ante el titular de la Secretar\u00eda de Desarrollo Rural (Seder), Jorge D\u00edaz Loeza, el Gobernador reparti\u00f3 1,020 sacos de ma\u00edz para consumo humano, de 20 kilogramos cada uno, en Pist\u00e9 y San Francisco Grande, as\u00ed como 150 de fertilizante en la primera localidad, que suman 7.5 toneladas.<\/p>\n<p>Tambi\u00e9n, dio a la gente de ese lugar 500 plantas de pl\u00e1tano de la variedad mejorada, acci\u00f3n que pretende apoyar a las familias de esta comunidad, con material vegetativo de variedades seleccionadas para su cultivo de traspatio o huerto.<\/p>\n<p>M\u00e1s tarde, distribuy\u00f3 certificados de m\u00e1s 12 pozos ganaderos y agr\u00edcolas, lo que representa la perforaci\u00f3n de 504 metros para extracci\u00f3n de agua en unidades productivas, con una inversi\u00f3n de 279,000 pesos, para impulsar el incremento de la capacidad productiva de estos sectores, al contar con m\u00e1s cantidad del l\u00edquido vital.<\/p>\n<p>Finalmente, para beneficiarios de las localidades de San Francisco, Tohopk\u00fa, San Felipe y Chendzonot, el Gobierno de Vila Dosal promueve la construcci\u00f3n de 147 sanitarios rurales, a fin de erradicar el fecalismo al aire libre y mejorar la salud de la poblaci\u00f3n.<\/p>\n<p>Este esquema incluye fosa de absorci\u00f3n de mamposter\u00eda, tanque s\u00e9ptico biodigestor autolimpiable de 600 litros y tinaco de 450 para almacenamiento de agua potable, as\u00ed como muebles de ba\u00f1o, registro, alimentaci\u00f3n hidr\u00e1ulica y sanitaria.<\/p>\n<p>Junto con los titulares de la Secretar\u00eda de Salud (SSY), Mauricio Sauri Vivas, y el Instituto para la Construcci\u00f3n y Conservaci\u00f3n de la Obra P\u00fablica (Inccopy), Virgilio Crespo M\u00e9ndez, Vila Dosal supervis\u00f3 la remodelaci\u00f3n del Centro de Salud de Pist\u00e9, con lo que, ahora, la poblaci\u00f3n tiene acceso a espacios \u00f3ptimos para recibir una atenci\u00f3n de mayor calidad.<\/p>\n<p>Dicho sitio cuenta con \u00e1reas m\u00e1s c\u00f3modas, como sala de espera, pasillo, consultorios, curaciones, farmacia, cocina, ba\u00f1os p\u00fablicos, promoci\u00f3n y bodegas, mediante una inversi\u00f3n de 1.6 millones de pesos. Se intervino las fachadas, sustituy\u00f3 la malla cicl\u00f3nica por reja de acero en el per\u00edmetro de la cara frontal, suministr\u00f3 gravilla y sembr\u00f3 plantas nuevas en los jardines exteriores.<\/p>\n<p>En el interior, se realiz\u00f3 trabajos de mantenimiento y conservaci\u00f3n, al a\u00f1adir nuevos muebles sanitarios, equipo hidr\u00e1ulico, aires acondicionados y luminarias de mayor calidad, que mejoran la atenci\u00f3n del personal m\u00e9dico.<\/p>\n<p>Asimismo, se aplic\u00f3 nueva pintura y se instal\u00f3 tanto mosquiteros como cortinas tipo black out en las ventanas, las cuales mejoran el ambiente t\u00e9rmico y regulan la entrada de luz natural durante el d\u00eda, al igual que se sustituy\u00f3 puertas y ventanas.<\/p>\n<p>Como parte de su gira de trabajo, el Gobernador constat\u00f3 la nueva imagen de la Casa Ejidal de la comisar\u00eda de Pist\u00e9, donde se aplic\u00f3 raspado y cambio de pintura en todo el inmueble, rotulaci\u00f3n de t\u00edtulos y logotipos, as\u00ed como reparaci\u00f3n de puertas y ventanas.<\/p>\n<p>Tambi\u00e9n, se instal\u00f3 ventiladores y l\u00e1mparas de techo; equip\u00f3 con sillas, mesas, archivero, bocina, micr\u00f3fono, l\u00e1mparas LED y focos, e instal\u00f3 material el\u00e9ctrico, todo en favor de 187 ejidatarios y mediante una inversi\u00f3n de 50,000 pesos.<\/p>\n","protected":false},"excerpt":{"rendered":"<p>Tinum, Yucat\u00e1n, 5 de julio de 2023.- El respaldo del Gobernador Mauricio Vila Dosal contin\u00faa presente en todos los rincones del estado, por ejemplo, en Tinum, donde estuvo entregando apoyos sociales para respaldar a las mujeres y fortalecer el campo yucateco, as\u00ed como obras para reforzar los servicios de salud en la localidad. En gira [&hellip;]<\/p>\n","protected":false},"author":3,"featured_media":98992,"comment_status":"closed","ping_status":"closed","sticky":false,"template":"","format":"standard","meta":{"footnotes":""},"categories":[3],"tags":[],"class_list":{"0":"post-98991","1":"post","2":"type-post","3":"status-publish","4":"format-standard","5":"has-post-thumbnail","7":"category-yucatan"},"yoast_head":"<!-- This site is optimized with the Yoast SEO plugin v27.4 - https:\/\/yoast.com\/product\/yoast-seo-wordpress\/ -->\n<title>Apoyan a ciudadanos del municipio de Tinum - Yucat\u00e1n en corto<\/title>\n<meta name=\"robots\" content=\"index, follow, max-snippet:-1, max-image-preview:large, max-video-preview:-1\" \/>\n<link rel=\"canonical\" href=\"https:\/\/www.yucatanencorto.com\/noticias\/apoyan-a-ciudadanos-del-municipio-de-tinum\/\" \/>\n<meta property=\"og:locale\" content=\"es_ES\" \/>\n<meta property=\"og:type\" content=\"article\" \/>\n<meta property=\"og:title\" content=\"Apoyan a ciudadanos del municipio de Tinum - Yucat\u00e1n en corto\" \/>\n<meta property=\"og:description\" content=\"Tinum, Yucat\u00e1n, 5 de julio de 2023.- El respaldo del Gobernador Mauricio Vila Dosal contin\u00faa presente en todos los rincones del estado, por ejemplo, en Tinum, donde estuvo entregando apoyos sociales para respaldar a las mujeres y fortalecer el campo yucateco, as\u00ed como obras para reforzar los servicios de salud en la localidad. En gira [&hellip;]\" \/>\n<meta property=\"og:url\" content=\"https:\/\/www.yucatanencorto.com\/noticias\/apoyan-a-ciudadanos-del-municipio-de-tinum\/\" \/>\n<meta property=\"og:site_name\" content=\"Yucat\u00e1n en corto\" \/>\n<meta property=\"article:publisher\" content=\"http:\/\/www.facebook.com\/yucatanencorto\" \/>\n<meta property=\"article:published_time\" content=\"2023-07-05T23:40:24+00:00\" \/>\n<meta property=\"og:image\" content=\"https:\/\/www.yucatanencorto.com\/noticias\/wp-content\/uploads\/2023\/07\/WhatsApp-Image-2023-07-05-at-16.28.58-scaled.jpeg\" \/>\n\t<meta property=\"og:image:width\" content=\"768\" \/>\n\t<meta property=\"og:image:height\" content=\"483\" \/>\n\t<meta property=\"og:image:type\" content=\"image\/jpeg\" \/>\n<meta name=\"author\" content=\"Redes\" \/>\n<meta name=\"twitter:card\" content=\"summary_large_image\" \/>\n<meta name=\"twitter:creator\" content=\"@yucatanencorto\" \/>\n<meta name=\"twitter:site\" content=\"@yucatanencorto\" \/>\n<meta name=\"twitter:label1\" content=\"Escrito por\" \/>\n\t<meta name=\"twitter:data1\" content=\"Redes\" \/>\n\t<meta name=\"twitter:label2\" content=\"Tiempo de lectura\" \/>\n\t<meta name=\"twitter:data2\" content=\"5 minutos\" \/>\n<script type=\"application\/ld+json\" class=\"yoast-schema-graph\">{\"@context\":\"https:\\\/\\\/schema.org\",\"@graph\":[{\"@type\":\"Article\",\"@id\":\"https:\\\/\\\/www.yucatanencorto.com\\\/noticias\\\/apoyan-a-ciudadanos-del-municipio-de-tinum\\\/#article\",\"isPartOf\":{\"@id\":\"https:\\\/\\\/www.yucatanencorto.com\\\/noticias\\\/apoyan-a-ciudadanos-del-municipio-de-tinum\\\/\"},\"author\":{\"name\":\"Redes\",\"@id\":\"https:\\\/\\\/www.yucatanencorto.com\\\/noticias\\\/#\\\/schema\\\/person\\\/e2fbdfaf30a07014a43940ce989f3119\"},\"headline\":\"Apoyan a ciudadanos del municipio de Tinum\",\"datePublished\":\"2023-07-05T23:40:24+00:00\",\"mainEntityOfPage\":{\"@id\":\"https:\\\/\\\/www.yucatanencorto.com\\\/noticias\\\/apoyan-a-ciudadanos-del-municipio-de-tinum\\\/\"},\"wordCount\":933,\"image\":{\"@id\":\"https:\\\/\\\/www.yucatanencorto.com\\\/noticias\\\/apoyan-a-ciudadanos-del-municipio-de-tinum\\\/#primaryimage\"},\"thumbnailUrl\":\"https:\\\/\\\/www.yucatanencorto.com\\\/noticias\\\/wp-content\\\/uploads\\\/2023\\\/07\\\/WhatsApp-Image-2023-07-05-at-16.28.58-scaled.jpeg\",\"articleSection\":[\"Yucat\u00e1n\"],\"inLanguage\":\"es\"},{\"@type\":\"WebPage\",\"@id\":\"https:\\\/\\\/www.yucatanencorto.com\\\/noticias\\\/apoyan-a-ciudadanos-del-municipio-de-tinum\\\/\",\"url\":\"https:\\\/\\\/www.yucatanencorto.com\\\/noticias\\\/apoyan-a-ciudadanos-del-municipio-de-tinum\\\/\",\"name\":\"Apoyan a ciudadanos del municipio de Tinum - Yucat\u00e1n en corto\",\"isPartOf\":{\"@id\":\"https:\\\/\\\/www.yucatanencorto.com\\\/noticias\\\/#website\"},\"primaryImageOfPage\":{\"@id\":\"https:\\\/\\\/www.yucatanencorto.com\\\/noticias\\\/apoyan-a-ciudadanos-del-municipio-de-tinum\\\/#primaryimage\"},\"image\":{\"@id\":\"https:\\\/\\\/www.yucatanencorto.com\\\/noticias\\\/apoyan-a-ciudadanos-del-municipio-de-tinum\\\/#primaryimage\"},\"thumbnailUrl\":\"https:\\\/\\\/www.yucatanencorto.com\\\/noticias\\\/wp-content\\\/uploads\\\/2023\\\/07\\\/WhatsApp-Image-2023-07-05-at-16.28.58-scaled.jpeg\",\"datePublished\":\"2023-07-05T23:40:24+00:00\",\"author\":{\"@id\":\"https:\\\/\\\/www.yucatanencorto.com\\\/noticias\\\/#\\\/schema\\\/person\\\/e2fbdfaf30a07014a43940ce989f3119\"},\"breadcrumb\":{\"@id\":\"https:\\\/\\\/www.yucatanencorto.com\\\/noticias\\\/apoyan-a-ciudadanos-del-municipio-de-tinum\\\/#breadcrumb\"},\"inLanguage\":\"es\",\"potentialAction\":[{\"@type\":\"ReadAction\",\"target\":[\"https:\\\/\\\/www.yucatanencorto.com\\\/noticias\\\/apoyan-a-ciudadanos-del-municipio-de-tinum\\\/\"]}]},{\"@type\":\"ImageObject\",\"inLanguage\":\"es\",\"@id\":\"https:\\\/\\\/www.yucatanencorto.com\\\/noticias\\\/apoyan-a-ciudadanos-del-municipio-de-tinum\\\/#primaryimage\",\"url\":\"https:\\\/\\\/www.yucatanencorto.com\\\/noticias\\\/wp-content\\\/uploads\\\/2023\\\/07\\\/WhatsApp-Image-2023-07-05-at-16.28.58-scaled.jpeg\",\"contentUrl\":\"https:\\\/\\\/www.yucatanencorto.com\\\/noticias\\\/wp-content\\\/uploads\\\/2023\\\/07\\\/WhatsApp-Image-2023-07-05-at-16.28.58-scaled.jpeg\",\"width\":768,\"height\":483},{\"@type\":\"BreadcrumbList\",\"@id\":\"https:\\\/\\\/www.yucatanencorto.com\\\/noticias\\\/apoyan-a-ciudadanos-del-municipio-de-tinum\\\/#breadcrumb\",\"itemListElement\":[{\"@type\":\"ListItem\",\"position\":1,\"name\":\"Portada\",\"item\":\"https:\\\/\\\/www.yucatanencorto.com\\\/noticias\\\/\"},{\"@type\":\"ListItem\",\"position\":2,\"name\":\"Apoyan a ciudadanos del municipio de Tinum\"}]},{\"@type\":\"WebSite\",\"@id\":\"https:\\\/\\\/www.yucatanencorto.com\\\/noticias\\\/#website\",\"url\":\"https:\\\/\\\/www.yucatanencorto.com\\\/noticias\\\/\",\"name\":\"Yucat\u00e1n en corto\",\"description\":\"Noticias\",\"potentialAction\":[{\"@type\":\"SearchAction\",\"target\":{\"@type\":\"EntryPoint\",\"urlTemplate\":\"https:\\\/\\\/www.yucatanencorto.com\\\/noticias\\\/?s={search_term_string}\"},\"query-input\":{\"@type\":\"PropertyValueSpecification\",\"valueRequired\":true,\"valueName\":\"search_term_string\"}}],\"inLanguage\":\"es\"},{\"@type\":\"Person\",\"@id\":\"https:\\\/\\\/www.yucatanencorto.com\\\/noticias\\\/#\\\/schema\\\/person\\\/e2fbdfaf30a07014a43940ce989f3119\",\"name\":\"Redes\",\"image\":{\"@type\":\"ImageObject\",\"inLanguage\":\"es\",\"@id\":\"https:\\\/\\\/secure.gravatar.com\\\/avatar\\\/5931a2d21dd7cc834f44c8c34fe56d90ed6d536ef452cbf870c7485b524dddd7?s=96&d=mm&r=g\",\"url\":\"https:\\\/\\\/secure.gravatar.com\\\/avatar\\\/5931a2d21dd7cc834f44c8c34fe56d90ed6d536ef452cbf870c7485b524dddd7?s=96&d=mm&r=g\",\"contentUrl\":\"https:\\\/\\\/secure.gravatar.com\\\/avatar\\\/5931a2d21dd7cc834f44c8c34fe56d90ed6d536ef452cbf870c7485b524dddd7?s=96&d=mm&r=g\",\"caption\":\"Redes\"},\"url\":\"https:\\\/\\\/www.yucatanencorto.com\\\/noticias\\\/author\\\/redes\\\/\"}]}<\/script>\n<!-- \/ Yoast SEO plugin. -->","yoast_head_json":{"title":"Apoyan a ciudadanos del municipio de Tinum - Yucat\u00e1n en corto","robots":{"index":"index","follow":"follow","max-snippet":"max-snippet:-1","max-image-preview":"max-image-preview:large","max-video-preview":"max-video-preview:-1"},"canonical":"https:\/\/www.yucatanencorto.com\/noticias\/apoyan-a-ciudadanos-del-municipio-de-tinum\/","og_locale":"es_ES","og_type":"article","og_title":"Apoyan a ciudadanos del municipio de Tinum - Yucat\u00e1n en corto","og_description":"Tinum, Yucat\u00e1n, 5 de julio de 2023.- El respaldo del Gobernador Mauricio Vila Dosal contin\u00faa presente en todos los rincones del estado, por ejemplo, en Tinum, donde estuvo entregando apoyos sociales para respaldar a las mujeres y fortalecer el campo yucateco, as\u00ed como obras para reforzar los servicios de salud en la localidad. En gira [&hellip;]","og_url":"https:\/\/www.yucatanencorto.com\/noticias\/apoyan-a-ciudadanos-del-municipio-de-tinum\/","og_site_name":"Yucat\u00e1n en corto","article_publisher":"http:\/\/www.facebook.com\/yucatanencorto","article_published_time":"2023-07-05T23:40:24+00:00","og_image":[{"width":768,"height":483,"url":"https:\/\/www.yucatanencorto.com\/noticias\/wp-content\/uploads\/2023\/07\/WhatsApp-Image-2023-07-05-at-16.28.58-scaled.jpeg","type":"image\/jpeg"}],"author":"Redes","twitter_card":"summary_large_image","twitter_creator":"@yucatanencorto","twitter_site":"@yucatanencorto","twitter_misc":{"Escrito por":"Redes","Tiempo de lectura":"5 minutos"},"schema":{"@context":"https:\/\/schema.org","@graph":[{"@type":"Article","@id":"https:\/\/www.yucatanencorto.com\/noticias\/apoyan-a-ciudadanos-del-municipio-de-tinum\/#article","isPartOf":{"@id":"https:\/\/www.yucatanencorto.com\/noticias\/apoyan-a-ciudadanos-del-municipio-de-tinum\/"},"author":{"name":"Redes","@id":"https:\/\/www.yucatanencorto.com\/noticias\/#\/schema\/person\/e2fbdfaf30a07014a43940ce989f3119"},"headline":"Apoyan a ciudadanos del municipio de Tinum","datePublished":"2023-07-05T23:40:24+00:00","mainEntityOfPage":{"@id":"https:\/\/www.yucatanencorto.com\/noticias\/apoyan-a-ciudadanos-del-municipio-de-tinum\/"},"wordCount":933,"image":{"@id":"https:\/\/www.yucatanencorto.com\/noticias\/apoyan-a-ciudadanos-del-municipio-de-tinum\/#primaryimage"},"thumbnailUrl":"https:\/\/www.yucatanencorto.com\/noticias\/wp-content\/uploads\/2023\/07\/WhatsApp-Image-2023-07-05-at-16.28.58-scaled.jpeg","articleSection":["Yucat\u00e1n"],"inLanguage":"es"},{"@type":"WebPage","@id":"https:\/\/www.yucatanencorto.com\/noticias\/apoyan-a-ciudadanos-del-municipio-de-tinum\/","url":"https:\/\/www.yucatanencorto.com\/noticias\/apoyan-a-ciudadanos-del-municipio-de-tinum\/","name":"Apoyan a ciudadanos del municipio de Tinum - Yucat\u00e1n en corto","isPartOf":{"@id":"https:\/\/www.yucatanencorto.com\/noticias\/#website"},"primaryImageOfPage":{"@id":"https:\/\/www.yucatanencorto.com\/noticias\/apoyan-a-ciudadanos-del-municipio-de-tinum\/#primaryimage"},"image":{"@id":"https:\/\/www.yucatanencorto.com\/noticias\/apoyan-a-ciudadanos-del-municipio-de-tinum\/#primaryimage"},"thumbnailUrl":"https:\/\/www.yucatanencorto.com\/noticias\/wp-content\/uploads\/2023\/07\/WhatsApp-Image-2023-07-05-at-16.28.58-scaled.jpeg","datePublished":"2023-07-05T23:40:24+00:00","author":{"@id":"https:\/\/www.yucatanencorto.com\/noticias\/#\/schema\/person\/e2fbdfaf30a07014a43940ce989f3119"},"breadcrumb":{"@id":"https:\/\/www.yucatanencorto.com\/noticias\/apoyan-a-ciudadanos-del-municipio-de-tinum\/#breadcrumb"},"inLanguage":"es","potentialAction":[{"@type":"ReadAction","target":["https:\/\/www.yucatanencorto.com\/noticias\/apoyan-a-ciudadanos-del-municipio-de-tinum\/"]}]},{"@type":"ImageObject","inLanguage":"es","@id":"https:\/\/www.yucatanencorto.com\/noticias\/apoyan-a-ciudadanos-del-municipio-de-tinum\/#primaryimage","url":"https:\/\/www.yucatanencorto.com\/noticias\/wp-content\/uploads\/2023\/07\/WhatsApp-Image-2023-07-05-at-16.28.58-scaled.jpeg","contentUrl":"https:\/\/www.yucatanencorto.com\/noticias\/wp-content\/uploads\/2023\/07\/WhatsApp-Image-2023-07-05-at-16.28.58-scaled.jpeg","width":768,"height":483},{"@type":"BreadcrumbList","@id":"https:\/\/www.yucatanencorto.com\/noticias\/apoyan-a-ciudadanos-del-municipio-de-tinum\/#breadcrumb","itemListElement":[{"@type":"ListItem","position":1,"name":"Portada","item":"https:\/\/www.yucatanencorto.com\/noticias\/"},{"@type":"ListItem","position":2,"name":"Apoyan a ciudadanos del municipio de Tinum"}]},{"@type":"WebSite","@id":"https:\/\/www.yucatanencorto.com\/noticias\/#website","url":"https:\/\/www.yucatanencorto.com\/noticias\/","name":"Yucat\u00e1n en corto","description":"Noticias","potentialAction":[{"@type":"SearchAction","target":{"@type":"EntryPoint","urlTemplate":"https:\/\/www.yucatanencorto.com\/noticias\/?s={search_term_string}"},"query-input":{"@type":"PropertyValueSpecification","valueRequired":true,"valueName":"search_term_string"}}],"inLanguage":"es"},{"@type":"Person","@id":"https:\/\/www.yucatanencorto.com\/noticias\/#\/schema\/person\/e2fbdfaf30a07014a43940ce989f3119","name":"Redes","image":{"@type":"ImageObject","inLanguage":"es","@id":"https:\/\/secure.gravatar.com\/avatar\/5931a2d21dd7cc834f44c8c34fe56d90ed6d536ef452cbf870c7485b524dddd7?s=96&d=mm&r=g","url":"https:\/\/secure.gravatar.com\/avatar\/5931a2d21dd7cc834f44c8c34fe56d90ed6d536ef452cbf870c7485b524dddd7?s=96&d=mm&r=g","contentUrl":"https:\/\/secure.gravatar.com\/avatar\/5931a2d21dd7cc834f44c8c34fe56d90ed6d536ef452cbf870c7485b524dddd7?s=96&d=mm&r=g","caption":"Redes"},"url":"https:\/\/www.yucatanencorto.com\/noticias\/author\/redes\/"}]}},"_links":{"self":[{"href":"https:\/\/www.yucatanencorto.com\/noticias\/wp-json\/wp\/v2\/posts\/98991","targetHints":{"allow":["GET"]}}],"collection":[{"href":"https:\/\/www.yucatanencorto.com\/noticias\/wp-json\/wp\/v2\/posts"}],"about":[{"href":"https:\/\/www.yucatanencorto.com\/noticias\/wp-json\/wp\/v2\/types\/post"}],"author":[{"embeddable":true,"href":"https:\/\/www.yucatanencorto.com\/noticias\/wp-json\/wp\/v2\/users\/3"}],"replies":[{"embeddable":true,"href":"https:\/\/www.yucatanencorto.com\/noticias\/wp-json\/wp\/v2\/comments?post=98991"}],"version-history":[{"count":0,"href":"https:\/\/www.yucatanencorto.com\/noticias\/wp-json\/wp\/v2\/posts\/98991\/revisions"}],"wp:featuredmedia":[{"embeddable":true,"href":"https:\/\/www.yucatanencorto.com\/noticias\/wp-json\/wp\/v2\/media\/98992"}],"wp:attachment":[{"href":"https:\/\/www.yucatanencorto.com\/noticias\/wp-json\/wp\/v2\/media?parent=98991"}],"wp:term":[{"taxonomy":"category","embeddable":true,"href":"https:\/\/www.yucatanencorto.com\/noticias\/wp-json\/wp\/v2\/categories?post=98991"},{"taxonomy":"post_tag","embeddable":true,"href":"https:\/\/www.yucatanencorto.com\/noticias\/wp-json\/wp\/v2\/tags?post=98991"}],"curies":[{"name":"wp","href":"https:\/\/api.w.org\/{rel}","templated":true}]}}