{"id":98996,"date":"2023-07-06T12:05:17","date_gmt":"2023-07-06T18:05:17","guid":{"rendered":"https:\/\/www.yucatanencorto.com\/noticias\/?p=98996"},"modified":"2023-07-06T12:06:13","modified_gmt":"2023-07-06T18:06:13","slug":"a-un-mes-de-entrar-en-funciones-la-policia-ecologica-de-kanasin-ya-atendio-198-reportes-de-los-ciudadanos","status":"publish","type":"post","link":"https:\/\/www.yucatanencorto.com\/noticias\/a-un-mes-de-entrar-en-funciones-la-policia-ecologica-de-kanasin-ya-atendio-198-reportes-de-los-ciudadanos\/","title":{"rendered":"A un mes de entrar en funciones, la Polic\u00eda Ecol\u00f3gica de Kanas\u00edn ya atendi\u00f3 198 reportes de los ciudadanos"},"content":{"rendered":"<p><img loading=\"lazy\" decoding=\"async\" class=\"alignnone size-full wp-image-98995\" src=\"https:\/\/www.yucatanencorto.com\/noticias\/wp-content\/uploads\/2023\/07\/WhatsApp-Image-2023-07-06-at-10.40.05-scaled.jpeg\" alt=\"\" width=\"432\" height=\"768\" srcset=\"https:\/\/www.yucatanencorto.com\/noticias\/wp-content\/uploads\/2023\/07\/WhatsApp-Image-2023-07-06-at-10.40.05-scaled.jpeg 432w, https:\/\/www.yucatanencorto.com\/noticias\/wp-content\/uploads\/2023\/07\/WhatsApp-Image-2023-07-06-at-10.40.05-768x1365.jpeg 768w, https:\/\/www.yucatanencorto.com\/noticias\/wp-content\/uploads\/2023\/07\/WhatsApp-Image-2023-07-06-at-10.40.05-864x1536.jpeg 864w, https:\/\/www.yucatanencorto.com\/noticias\/wp-content\/uploads\/2023\/07\/WhatsApp-Image-2023-07-06-at-10.40.05-696x1237.jpeg 696w, https:\/\/www.yucatanencorto.com\/noticias\/wp-content\/uploads\/2023\/07\/WhatsApp-Image-2023-07-06-at-10.40.05-236x420.jpeg 236w\" sizes=\"auto, (max-width: 432px) 100vw, 432px\" \/><\/p>\n<p>Kanas\u00edn, a 6 de julio 2023.- A un mes de entrar en funciones, la Polic\u00eda Ecol\u00f3gica de Kanasin ha atendido reportes y quejas de diversa \u00edndole, las cuales van desde maltrato animal hasta infracciones a ciudadanos por tirar basura en la v\u00eda p\u00fablica.<\/p>\n<p>Como se recordar\u00e1, la Polic\u00eda Ecol\u00f3gica entr\u00f3 en funciones en junio pasado y se cre\u00f3 con el objetivo principal de cuidar y proteger al medio ambiente, as\u00ed como la flora y la fauna del municipio, adem\u00e1s de la vigilancia y cuidado de espacios p\u00fablicos.<\/p>\n<p>El alcalde Edwin Boj\u00f3rquez Ram\u00edrez destac\u00f3 que con la puesta en marcha de la corporaci\u00f3n \u201cse toma al toro por los cuernos y se atienden temas que son muy sensibles para la sociedad. No nos pod\u00edamos quedar atr\u00e1s en el cuidado y protecci\u00f3n de la flora y fauna en el municipio y por eso creamos la Polic\u00eda Ecol\u00f3gica de Kanas\u00edn\u201d.<\/p>\n<p>Se\u00f1al\u00f3 que \u201cde esta manera, el municipio est\u00e1 a la vanguardia con corporaciones de esa naturaleza, porque no solo se busca tener una ciudad m\u00e1s limpia sino tambi\u00e9n generar conciencia entre la poblaci\u00f3n de un mayor respeto y cuidado hacia los animales\u201d.<\/p>\n<p>Por su parte, Jaqueline Uicab Rodr\u00edguez , regidora de Seguridad P\u00fablica del Ayuntamiento de Kanas\u00edn, se\u00f1al\u00f3 que en el mes que lleva la Polic\u00eda Ecol\u00f3gica en funciones se han atendido 198 reportes, que van desde maltrato animal, animales lesionados, reubicaci\u00f3n de serpientes y zarig\u00fceyas, adem\u00e1s de que se han emitido infracciones a personas por tirar basura en la v\u00eda p\u00fablica y en lotes bald\u00edos.<\/p>\n<p>Agreg\u00f3 que tambi\u00e9n se han atendido reportes de quema de basura y tirado de aguas jabonosas a la v\u00eda p\u00fablica, por lo que se procedi\u00f3 en su momento a realizar las visitas de inspecci\u00f3n correspondiente.<\/p>\n<p>De acuerdo con la regidora, las multas se dividen en leve, grave y muy grave.<\/p>\n<p>Por \u00faltimo, inform\u00f3 que la Polic\u00eda Ecol\u00f3gica de Kanas\u00edn labora las 24 horas del d\u00eda y entre otras funciones de la corporaci\u00f3n est\u00e1 la proximidad social con ni\u00f1as y ni\u00f1os de escuelas del municipio.<\/p>\n","protected":false},"excerpt":{"rendered":"<p>Kanas\u00edn, a 6 de julio 2023.- A un mes de entrar en funciones, la Polic\u00eda Ecol\u00f3gica de Kanasin ha atendido reportes y quejas de diversa \u00edndole, las cuales van desde maltrato animal hasta infracciones a ciudadanos por tirar basura en la v\u00eda p\u00fablica. Como se recordar\u00e1, la Polic\u00eda Ecol\u00f3gica entr\u00f3 en funciones en junio pasado [&hellip;]<\/p>\n","protected":false},"author":3,"featured_media":98998,"comment_status":"closed","ping_status":"closed","sticky":false,"template":"","format":"standard","meta":{"footnotes":""},"categories":[3],"tags":[],"class_list":{"0":"post-98996","1":"post","2":"type-post","3":"status-publish","4":"format-standard","5":"has-post-thumbnail","7":"category-yucatan"},"yoast_head":"<!-- This site is optimized with the Yoast SEO plugin v27.4 - https:\/\/yoast.com\/product\/yoast-seo-wordpress\/ -->\n<title>A un mes de entrar en funciones, la Polic\u00eda Ecol\u00f3gica de Kanas\u00edn ya atendi\u00f3 198 reportes de los ciudadanos - Yucat\u00e1n en corto<\/title>\n<meta name=\"robots\" content=\"index, follow, max-snippet:-1, max-image-preview:large, max-video-preview:-1\" \/>\n<link rel=\"canonical\" href=\"https:\/\/www.yucatanencorto.com\/noticias\/a-un-mes-de-entrar-en-funciones-la-policia-ecologica-de-kanasin-ya-atendio-198-reportes-de-los-ciudadanos\/\" \/>\n<meta property=\"og:locale\" content=\"es_ES\" \/>\n<meta property=\"og:type\" content=\"article\" \/>\n<meta property=\"og:title\" content=\"A un mes de entrar en funciones, la Polic\u00eda Ecol\u00f3gica de Kanas\u00edn ya atendi\u00f3 198 reportes de los ciudadanos - Yucat\u00e1n en corto\" \/>\n<meta property=\"og:description\" content=\"Kanas\u00edn, a 6 de julio 2023.- A un mes de entrar en funciones, la Polic\u00eda Ecol\u00f3gica de Kanasin ha atendido reportes y quejas de diversa \u00edndole, las cuales van desde maltrato animal hasta infracciones a ciudadanos por tirar basura en la v\u00eda p\u00fablica. Como se recordar\u00e1, la Polic\u00eda Ecol\u00f3gica entr\u00f3 en funciones en junio pasado [&hellip;]\" \/>\n<meta property=\"og:url\" content=\"https:\/\/www.yucatanencorto.com\/noticias\/a-un-mes-de-entrar-en-funciones-la-policia-ecologica-de-kanasin-ya-atendio-198-reportes-de-los-ciudadanos\/\" \/>\n<meta property=\"og:site_name\" content=\"Yucat\u00e1n en corto\" \/>\n<meta property=\"article:publisher\" content=\"http:\/\/www.facebook.com\/yucatanencorto\" \/>\n<meta property=\"article:published_time\" content=\"2023-07-06T18:05:17+00:00\" \/>\n<meta property=\"article:modified_time\" content=\"2023-07-06T18:06:13+00:00\" \/>\n<meta property=\"og:image\" content=\"https:\/\/www.yucatanencorto.com\/noticias\/wp-content\/uploads\/2023\/07\/WhatsApp-Image-2023-07-06-at-10.40.05-1-scaled.jpeg\" \/>\n\t<meta property=\"og:image:width\" content=\"768\" \/>\n\t<meta property=\"og:image:height\" content=\"432\" \/>\n\t<meta property=\"og:image:type\" content=\"image\/jpeg\" \/>\n<meta name=\"author\" content=\"Redes\" \/>\n<meta name=\"twitter:card\" content=\"summary_large_image\" \/>\n<meta name=\"twitter:creator\" content=\"@yucatanencorto\" \/>\n<meta name=\"twitter:site\" content=\"@yucatanencorto\" \/>\n<meta name=\"twitter:label1\" content=\"Escrito por\" \/>\n\t<meta name=\"twitter:data1\" content=\"Redes\" \/>\n\t<meta name=\"twitter:label2\" content=\"Tiempo de lectura\" \/>\n\t<meta name=\"twitter:data2\" content=\"2 minutos\" \/>\n<script type=\"application\/ld+json\" class=\"yoast-schema-graph\">{\"@context\":\"https:\\\/\\\/schema.org\",\"@graph\":[{\"@type\":\"Article\",\"@id\":\"https:\\\/\\\/www.yucatanencorto.com\\\/noticias\\\/a-un-mes-de-entrar-en-funciones-la-policia-ecologica-de-kanasin-ya-atendio-198-reportes-de-los-ciudadanos\\\/#article\",\"isPartOf\":{\"@id\":\"https:\\\/\\\/www.yucatanencorto.com\\\/noticias\\\/a-un-mes-de-entrar-en-funciones-la-policia-ecologica-de-kanasin-ya-atendio-198-reportes-de-los-ciudadanos\\\/\"},\"author\":{\"name\":\"Redes\",\"@id\":\"https:\\\/\\\/www.yucatanencorto.com\\\/noticias\\\/#\\\/schema\\\/person\\\/e2fbdfaf30a07014a43940ce989f3119\"},\"headline\":\"A un mes de entrar en funciones, la Polic\u00eda Ecol\u00f3gica de Kanas\u00edn ya atendi\u00f3 198 reportes de los ciudadanos\",\"datePublished\":\"2023-07-06T18:05:17+00:00\",\"dateModified\":\"2023-07-06T18:06:13+00:00\",\"mainEntityOfPage\":{\"@id\":\"https:\\\/\\\/www.yucatanencorto.com\\\/noticias\\\/a-un-mes-de-entrar-en-funciones-la-policia-ecologica-de-kanasin-ya-atendio-198-reportes-de-los-ciudadanos\\\/\"},\"wordCount\":399,\"image\":{\"@id\":\"https:\\\/\\\/www.yucatanencorto.com\\\/noticias\\\/a-un-mes-de-entrar-en-funciones-la-policia-ecologica-de-kanasin-ya-atendio-198-reportes-de-los-ciudadanos\\\/#primaryimage\"},\"thumbnailUrl\":\"https:\\\/\\\/www.yucatanencorto.com\\\/noticias\\\/wp-content\\\/uploads\\\/2023\\\/07\\\/WhatsApp-Image-2023-07-06-at-10.40.05-1-scaled.jpeg\",\"articleSection\":[\"Yucat\u00e1n\"],\"inLanguage\":\"es\"},{\"@type\":\"WebPage\",\"@id\":\"https:\\\/\\\/www.yucatanencorto.com\\\/noticias\\\/a-un-mes-de-entrar-en-funciones-la-policia-ecologica-de-kanasin-ya-atendio-198-reportes-de-los-ciudadanos\\\/\",\"url\":\"https:\\\/\\\/www.yucatanencorto.com\\\/noticias\\\/a-un-mes-de-entrar-en-funciones-la-policia-ecologica-de-kanasin-ya-atendio-198-reportes-de-los-ciudadanos\\\/\",\"name\":\"A un mes de entrar en funciones, la Polic\u00eda Ecol\u00f3gica de Kanas\u00edn ya atendi\u00f3 198 reportes de los ciudadanos - Yucat\u00e1n en corto\",\"isPartOf\":{\"@id\":\"https:\\\/\\\/www.yucatanencorto.com\\\/noticias\\\/#website\"},\"primaryImageOfPage\":{\"@id\":\"https:\\\/\\\/www.yucatanencorto.com\\\/noticias\\\/a-un-mes-de-entrar-en-funciones-la-policia-ecologica-de-kanasin-ya-atendio-198-reportes-de-los-ciudadanos\\\/#primaryimage\"},\"image\":{\"@id\":\"https:\\\/\\\/www.yucatanencorto.com\\\/noticias\\\/a-un-mes-de-entrar-en-funciones-la-policia-ecologica-de-kanasin-ya-atendio-198-reportes-de-los-ciudadanos\\\/#primaryimage\"},\"thumbnailUrl\":\"https:\\\/\\\/www.yucatanencorto.com\\\/noticias\\\/wp-content\\\/uploads\\\/2023\\\/07\\\/WhatsApp-Image-2023-07-06-at-10.40.05-1-scaled.jpeg\",\"datePublished\":\"2023-07-06T18:05:17+00:00\",\"dateModified\":\"2023-07-06T18:06:13+00:00\",\"author\":{\"@id\":\"https:\\\/\\\/www.yucatanencorto.com\\\/noticias\\\/#\\\/schema\\\/person\\\/e2fbdfaf30a07014a43940ce989f3119\"},\"breadcrumb\":{\"@id\":\"https:\\\/\\\/www.yucatanencorto.com\\\/noticias\\\/a-un-mes-de-entrar-en-funciones-la-policia-ecologica-de-kanasin-ya-atendio-198-reportes-de-los-ciudadanos\\\/#breadcrumb\"},\"inLanguage\":\"es\",\"potentialAction\":[{\"@type\":\"ReadAction\",\"target\":[\"https:\\\/\\\/www.yucatanencorto.com\\\/noticias\\\/a-un-mes-de-entrar-en-funciones-la-policia-ecologica-de-kanasin-ya-atendio-198-reportes-de-los-ciudadanos\\\/\"]}]},{\"@type\":\"ImageObject\",\"inLanguage\":\"es\",\"@id\":\"https:\\\/\\\/www.yucatanencorto.com\\\/noticias\\\/a-un-mes-de-entrar-en-funciones-la-policia-ecologica-de-kanasin-ya-atendio-198-reportes-de-los-ciudadanos\\\/#primaryimage\",\"url\":\"https:\\\/\\\/www.yucatanencorto.com\\\/noticias\\\/wp-content\\\/uploads\\\/2023\\\/07\\\/WhatsApp-Image-2023-07-06-at-10.40.05-1-scaled.jpeg\",\"contentUrl\":\"https:\\\/\\\/www.yucatanencorto.com\\\/noticias\\\/wp-content\\\/uploads\\\/2023\\\/07\\\/WhatsApp-Image-2023-07-06-at-10.40.05-1-scaled.jpeg\",\"width\":768,\"height\":432},{\"@type\":\"BreadcrumbList\",\"@id\":\"https:\\\/\\\/www.yucatanencorto.com\\\/noticias\\\/a-un-mes-de-entrar-en-funciones-la-policia-ecologica-de-kanasin-ya-atendio-198-reportes-de-los-ciudadanos\\\/#breadcrumb\",\"itemListElement\":[{\"@type\":\"ListItem\",\"position\":1,\"name\":\"Portada\",\"item\":\"https:\\\/\\\/www.yucatanencorto.com\\\/noticias\\\/\"},{\"@type\":\"ListItem\",\"position\":2,\"name\":\"A un mes de entrar en funciones, la Polic\u00eda Ecol\u00f3gica de Kanas\u00edn ya atendi\u00f3 198 reportes de los ciudadanos\"}]},{\"@type\":\"WebSite\",\"@id\":\"https:\\\/\\\/www.yucatanencorto.com\\\/noticias\\\/#website\",\"url\":\"https:\\\/\\\/www.yucatanencorto.com\\\/noticias\\\/\",\"name\":\"Yucat\u00e1n en corto\",\"description\":\"Noticias\",\"potentialAction\":[{\"@type\":\"SearchAction\",\"target\":{\"@type\":\"EntryPoint\",\"urlTemplate\":\"https:\\\/\\\/www.yucatanencorto.com\\\/noticias\\\/?s={search_term_string}\"},\"query-input\":{\"@type\":\"PropertyValueSpecification\",\"valueRequired\":true,\"valueName\":\"search_term_string\"}}],\"inLanguage\":\"es\"},{\"@type\":\"Person\",\"@id\":\"https:\\\/\\\/www.yucatanencorto.com\\\/noticias\\\/#\\\/schema\\\/person\\\/e2fbdfaf30a07014a43940ce989f3119\",\"name\":\"Redes\",\"image\":{\"@type\":\"ImageObject\",\"inLanguage\":\"es\",\"@id\":\"https:\\\/\\\/secure.gravatar.com\\\/avatar\\\/5931a2d21dd7cc834f44c8c34fe56d90ed6d536ef452cbf870c7485b524dddd7?s=96&d=mm&r=g\",\"url\":\"https:\\\/\\\/secure.gravatar.com\\\/avatar\\\/5931a2d21dd7cc834f44c8c34fe56d90ed6d536ef452cbf870c7485b524dddd7?s=96&d=mm&r=g\",\"contentUrl\":\"https:\\\/\\\/secure.gravatar.com\\\/avatar\\\/5931a2d21dd7cc834f44c8c34fe56d90ed6d536ef452cbf870c7485b524dddd7?s=96&d=mm&r=g\",\"caption\":\"Redes\"},\"url\":\"https:\\\/\\\/www.yucatanencorto.com\\\/noticias\\\/author\\\/redes\\\/\"}]}<\/script>\n<!-- \/ Yoast SEO plugin. -->","yoast_head_json":{"title":"A un mes de entrar en funciones, la Polic\u00eda Ecol\u00f3gica de Kanas\u00edn ya atendi\u00f3 198 reportes de los ciudadanos - Yucat\u00e1n en corto","robots":{"index":"index","follow":"follow","max-snippet":"max-snippet:-1","max-image-preview":"max-image-preview:large","max-video-preview":"max-video-preview:-1"},"canonical":"https:\/\/www.yucatanencorto.com\/noticias\/a-un-mes-de-entrar-en-funciones-la-policia-ecologica-de-kanasin-ya-atendio-198-reportes-de-los-ciudadanos\/","og_locale":"es_ES","og_type":"article","og_title":"A un mes de entrar en funciones, la Polic\u00eda Ecol\u00f3gica de Kanas\u00edn ya atendi\u00f3 198 reportes de los ciudadanos - Yucat\u00e1n en corto","og_description":"Kanas\u00edn, a 6 de julio 2023.- A un mes de entrar en funciones, la Polic\u00eda Ecol\u00f3gica de Kanasin ha atendido reportes y quejas de diversa \u00edndole, las cuales van desde maltrato animal hasta infracciones a ciudadanos por tirar basura en la v\u00eda p\u00fablica. Como se recordar\u00e1, la Polic\u00eda Ecol\u00f3gica entr\u00f3 en funciones en junio pasado [&hellip;]","og_url":"https:\/\/www.yucatanencorto.com\/noticias\/a-un-mes-de-entrar-en-funciones-la-policia-ecologica-de-kanasin-ya-atendio-198-reportes-de-los-ciudadanos\/","og_site_name":"Yucat\u00e1n en corto","article_publisher":"http:\/\/www.facebook.com\/yucatanencorto","article_published_time":"2023-07-06T18:05:17+00:00","article_modified_time":"2023-07-06T18:06:13+00:00","og_image":[{"width":768,"height":432,"url":"https:\/\/www.yucatanencorto.com\/noticias\/wp-content\/uploads\/2023\/07\/WhatsApp-Image-2023-07-06-at-10.40.05-1-scaled.jpeg","type":"image\/jpeg"}],"author":"Redes","twitter_card":"summary_large_image","twitter_creator":"@yucatanencorto","twitter_site":"@yucatanencorto","twitter_misc":{"Escrito por":"Redes","Tiempo de lectura":"2 minutos"},"schema":{"@context":"https:\/\/schema.org","@graph":[{"@type":"Article","@id":"https:\/\/www.yucatanencorto.com\/noticias\/a-un-mes-de-entrar-en-funciones-la-policia-ecologica-de-kanasin-ya-atendio-198-reportes-de-los-ciudadanos\/#article","isPartOf":{"@id":"https:\/\/www.yucatanencorto.com\/noticias\/a-un-mes-de-entrar-en-funciones-la-policia-ecologica-de-kanasin-ya-atendio-198-reportes-de-los-ciudadanos\/"},"author":{"name":"Redes","@id":"https:\/\/www.yucatanencorto.com\/noticias\/#\/schema\/person\/e2fbdfaf30a07014a43940ce989f3119"},"headline":"A un mes de entrar en funciones, la Polic\u00eda Ecol\u00f3gica de Kanas\u00edn ya atendi\u00f3 198 reportes de los ciudadanos","datePublished":"2023-07-06T18:05:17+00:00","dateModified":"2023-07-06T18:06:13+00:00","mainEntityOfPage":{"@id":"https:\/\/www.yucatanencorto.com\/noticias\/a-un-mes-de-entrar-en-funciones-la-policia-ecologica-de-kanasin-ya-atendio-198-reportes-de-los-ciudadanos\/"},"wordCount":399,"image":{"@id":"https:\/\/www.yucatanencorto.com\/noticias\/a-un-mes-de-entrar-en-funciones-la-policia-ecologica-de-kanasin-ya-atendio-198-reportes-de-los-ciudadanos\/#primaryimage"},"thumbnailUrl":"https:\/\/www.yucatanencorto.com\/noticias\/wp-content\/uploads\/2023\/07\/WhatsApp-Image-2023-07-06-at-10.40.05-1-scaled.jpeg","articleSection":["Yucat\u00e1n"],"inLanguage":"es"},{"@type":"WebPage","@id":"https:\/\/www.yucatanencorto.com\/noticias\/a-un-mes-de-entrar-en-funciones-la-policia-ecologica-de-kanasin-ya-atendio-198-reportes-de-los-ciudadanos\/","url":"https:\/\/www.yucatanencorto.com\/noticias\/a-un-mes-de-entrar-en-funciones-la-policia-ecologica-de-kanasin-ya-atendio-198-reportes-de-los-ciudadanos\/","name":"A un mes de entrar en funciones, la Polic\u00eda Ecol\u00f3gica de Kanas\u00edn ya atendi\u00f3 198 reportes de los ciudadanos - Yucat\u00e1n en corto","isPartOf":{"@id":"https:\/\/www.yucatanencorto.com\/noticias\/#website"},"primaryImageOfPage":{"@id":"https:\/\/www.yucatanencorto.com\/noticias\/a-un-mes-de-entrar-en-funciones-la-policia-ecologica-de-kanasin-ya-atendio-198-reportes-de-los-ciudadanos\/#primaryimage"},"image":{"@id":"https:\/\/www.yucatanencorto.com\/noticias\/a-un-mes-de-entrar-en-funciones-la-policia-ecologica-de-kanasin-ya-atendio-198-reportes-de-los-ciudadanos\/#primaryimage"},"thumbnailUrl":"https:\/\/www.yucatanencorto.com\/noticias\/wp-content\/uploads\/2023\/07\/WhatsApp-Image-2023-07-06-at-10.40.05-1-scaled.jpeg","datePublished":"2023-07-06T18:05:17+00:00","dateModified":"2023-07-06T18:06:13+00:00","author":{"@id":"https:\/\/www.yucatanencorto.com\/noticias\/#\/schema\/person\/e2fbdfaf30a07014a43940ce989f3119"},"breadcrumb":{"@id":"https:\/\/www.yucatanencorto.com\/noticias\/a-un-mes-de-entrar-en-funciones-la-policia-ecologica-de-kanasin-ya-atendio-198-reportes-de-los-ciudadanos\/#breadcrumb"},"inLanguage":"es","potentialAction":[{"@type":"ReadAction","target":["https:\/\/www.yucatanencorto.com\/noticias\/a-un-mes-de-entrar-en-funciones-la-policia-ecologica-de-kanasin-ya-atendio-198-reportes-de-los-ciudadanos\/"]}]},{"@type":"ImageObject","inLanguage":"es","@id":"https:\/\/www.yucatanencorto.com\/noticias\/a-un-mes-de-entrar-en-funciones-la-policia-ecologica-de-kanasin-ya-atendio-198-reportes-de-los-ciudadanos\/#primaryimage","url":"https:\/\/www.yucatanencorto.com\/noticias\/wp-content\/uploads\/2023\/07\/WhatsApp-Image-2023-07-06-at-10.40.05-1-scaled.jpeg","contentUrl":"https:\/\/www.yucatanencorto.com\/noticias\/wp-content\/uploads\/2023\/07\/WhatsApp-Image-2023-07-06-at-10.40.05-1-scaled.jpeg","width":768,"height":432},{"@type":"BreadcrumbList","@id":"https:\/\/www.yucatanencorto.com\/noticias\/a-un-mes-de-entrar-en-funciones-la-policia-ecologica-de-kanasin-ya-atendio-198-reportes-de-los-ciudadanos\/#breadcrumb","itemListElement":[{"@type":"ListItem","position":1,"name":"Portada","item":"https:\/\/www.yucatanencorto.com\/noticias\/"},{"@type":"ListItem","position":2,"name":"A un mes de entrar en funciones, la Polic\u00eda Ecol\u00f3gica de Kanas\u00edn ya atendi\u00f3 198 reportes de los ciudadanos"}]},{"@type":"WebSite","@id":"https:\/\/www.yucatanencorto.com\/noticias\/#website","url":"https:\/\/www.yucatanencorto.com\/noticias\/","name":"Yucat\u00e1n en corto","description":"Noticias","potentialAction":[{"@type":"SearchAction","target":{"@type":"EntryPoint","urlTemplate":"https:\/\/www.yucatanencorto.com\/noticias\/?s={search_term_string}"},"query-input":{"@type":"PropertyValueSpecification","valueRequired":true,"valueName":"search_term_string"}}],"inLanguage":"es"},{"@type":"Person","@id":"https:\/\/www.yucatanencorto.com\/noticias\/#\/schema\/person\/e2fbdfaf30a07014a43940ce989f3119","name":"Redes","image":{"@type":"ImageObject","inLanguage":"es","@id":"https:\/\/secure.gravatar.com\/avatar\/5931a2d21dd7cc834f44c8c34fe56d90ed6d536ef452cbf870c7485b524dddd7?s=96&d=mm&r=g","url":"https:\/\/secure.gravatar.com\/avatar\/5931a2d21dd7cc834f44c8c34fe56d90ed6d536ef452cbf870c7485b524dddd7?s=96&d=mm&r=g","contentUrl":"https:\/\/secure.gravatar.com\/avatar\/5931a2d21dd7cc834f44c8c34fe56d90ed6d536ef452cbf870c7485b524dddd7?s=96&d=mm&r=g","caption":"Redes"},"url":"https:\/\/www.yucatanencorto.com\/noticias\/author\/redes\/"}]}},"_links":{"self":[{"href":"https:\/\/www.yucatanencorto.com\/noticias\/wp-json\/wp\/v2\/posts\/98996","targetHints":{"allow":["GET"]}}],"collection":[{"href":"https:\/\/www.yucatanencorto.com\/noticias\/wp-json\/wp\/v2\/posts"}],"about":[{"href":"https:\/\/www.yucatanencorto.com\/noticias\/wp-json\/wp\/v2\/types\/post"}],"author":[{"embeddable":true,"href":"https:\/\/www.yucatanencorto.com\/noticias\/wp-json\/wp\/v2\/users\/3"}],"replies":[{"embeddable":true,"href":"https:\/\/www.yucatanencorto.com\/noticias\/wp-json\/wp\/v2\/comments?post=98996"}],"version-history":[{"count":0,"href":"https:\/\/www.yucatanencorto.com\/noticias\/wp-json\/wp\/v2\/posts\/98996\/revisions"}],"wp:featuredmedia":[{"embeddable":true,"href":"https:\/\/www.yucatanencorto.com\/noticias\/wp-json\/wp\/v2\/media\/98998"}],"wp:attachment":[{"href":"https:\/\/www.yucatanencorto.com\/noticias\/wp-json\/wp\/v2\/media?parent=98996"}],"wp:term":[{"taxonomy":"category","embeddable":true,"href":"https:\/\/www.yucatanencorto.com\/noticias\/wp-json\/wp\/v2\/categories?post=98996"},{"taxonomy":"post_tag","embeddable":true,"href":"https:\/\/www.yucatanencorto.com\/noticias\/wp-json\/wp\/v2\/tags?post=98996"}],"curies":[{"name":"wp","href":"https:\/\/api.w.org\/{rel}","templated":true}]}}