{"id":99002,"date":"2023-07-06T18:01:40","date_gmt":"2023-07-07T00:01:40","guid":{"rendered":"https:\/\/www.yucatanencorto.com\/noticias\/?p=99002"},"modified":"2023-07-06T18:01:40","modified_gmt":"2023-07-07T00:01:40","slug":"yucatan-registra-424406-afiliados-al-instituto-mexicano-del-seguro-social","status":"publish","type":"post","link":"https:\/\/www.yucatanencorto.com\/noticias\/yucatan-registra-424406-afiliados-al-instituto-mexicano-del-seguro-social\/","title":{"rendered":"Yucat\u00e1n registra 424,406 afiliados al Instituto Mexicano del Seguro Social"},"content":{"rendered":"<p><img loading=\"lazy\" decoding=\"async\" class=\"alignnone size-full wp-image-99003\" src=\"https:\/\/www.yucatanencorto.com\/noticias\/wp-content\/uploads\/2023\/07\/WhatsApp-Image-2023-07-06-at-17.45.52-scaled.jpeg\" alt=\"\" width=\"768\" height=\"506\" srcset=\"https:\/\/www.yucatanencorto.com\/noticias\/wp-content\/uploads\/2023\/07\/WhatsApp-Image-2023-07-06-at-17.45.52-scaled.jpeg 768w, https:\/\/www.yucatanencorto.com\/noticias\/wp-content\/uploads\/2023\/07\/WhatsApp-Image-2023-07-06-at-17.45.52-696x459.jpeg 696w, https:\/\/www.yucatanencorto.com\/noticias\/wp-content\/uploads\/2023\/07\/WhatsApp-Image-2023-07-06-at-17.45.52-1068x704.jpeg 1068w, https:\/\/www.yucatanencorto.com\/noticias\/wp-content\/uploads\/2023\/07\/WhatsApp-Image-2023-07-06-at-17.45.52-637x420.jpeg 637w\" sizes=\"auto, (max-width: 768px) 100vw, 768px\" \/><\/p>\n<p>M\u00e9rida, Yucat\u00e1n, 6 de julio de 2023.- Yucat\u00e1n contin\u00faa incrementando la cifra de trabajadores asegurados y nuevamente rompe su propio r\u00e9cord hist\u00f3rico, al registrar, en el pasado mes de junio, un total de 424,406 afiliados al Instituto Mexicano del Seguro Social (IMSS), nuevo m\u00e1ximo hist\u00f3rico de empleos formales en la entidad, desde que se tiene registro, resultado de la estrategia que impulsa el Gobernador Mauricio Vila Dosal para mejorar la econom\u00eda de las familias.<\/p>\n<p>De acuerdo con el reporte mensual del IMSS, esto signific\u00f3 un incremento anual de 5% respecto del mismo mes, pero de 2022, y super\u00f3 al nacional, de 3.9%, con lo que el estado se posicion\u00f3 entre los primeros en todo el pa\u00eds con mayor crecimiento.<\/p>\n<p>Estos resultados son parte del momento hist\u00f3rico que se vive en el territorio, con la generaci\u00f3n de m\u00e1s y mejores empleos, para las y los yucatecos; como muestra de ello, la dependencia federal arroj\u00f3 que, desde mayo de 2021, Yucat\u00e1n ha tenido 26 meses consecutivos de aumento anual en la cifra de adscritos a ella.<\/p>\n<p>Cabe se\u00f1alar que, durante la actual administraci\u00f3n, se ha generado 54,866 empleos, n\u00famero superior al promedio nacional, de 52,948, lo que ha colocado a la entidad entre las primeros con mayor avance en este rubro, para dicho periodo; en este sentido, se ha creado 963 plazas mensualmente.<\/p>\n<p>Tambi\u00e9n, durante los 6 primeros meses de este a\u00f1o, se sum\u00f3 9,967 nuevos puestos, lo que signific\u00f3 un crecimiento de 2.4% de trabajadores asegurados, y entre junio de 2022 y 2023, se abri\u00f3 20,215 oportunidades laborales en el estado.<\/p>\n<p>Fruto del impulso de Vila Dosal a la econom\u00eda local, a trav\u00e9s de la promoci\u00f3n nacional e internacional de las ventajas competitivas de la regi\u00f3n, se est\u00e1 recibiendo m\u00e1s de 260 proyectos, por arriba de 114,000 millones de pesos, de firmas de talla mundial, como Tesla, Amazon, Airbus, Accenture y Leoni, que est\u00e1n aportando importantes fuentes de empleo para las familias yucatecas.<\/p>\n","protected":false},"excerpt":{"rendered":"<p>M\u00e9rida, Yucat\u00e1n, 6 de julio de 2023.- Yucat\u00e1n contin\u00faa incrementando la cifra de trabajadores asegurados y nuevamente rompe su propio r\u00e9cord hist\u00f3rico, al registrar, en el pasado mes de junio, un total de 424,406 afiliados al Instituto Mexicano del Seguro Social (IMSS), nuevo m\u00e1ximo hist\u00f3rico de empleos formales en la entidad, desde que se tiene [&hellip;]<\/p>\n","protected":false},"author":3,"featured_media":99003,"comment_status":"closed","ping_status":"closed","sticky":false,"template":"","format":"standard","meta":{"footnotes":""},"categories":[3],"tags":[],"class_list":{"0":"post-99002","1":"post","2":"type-post","3":"status-publish","4":"format-standard","5":"has-post-thumbnail","7":"category-yucatan"},"yoast_head":"<!-- This site is optimized with the Yoast SEO plugin v27.4 - https:\/\/yoast.com\/product\/yoast-seo-wordpress\/ -->\n<title>Yucat\u00e1n registra 424,406 afiliados al Instituto Mexicano del Seguro Social - Yucat\u00e1n en corto<\/title>\n<meta name=\"robots\" content=\"index, follow, max-snippet:-1, max-image-preview:large, max-video-preview:-1\" \/>\n<link rel=\"canonical\" href=\"https:\/\/www.yucatanencorto.com\/noticias\/yucatan-registra-424406-afiliados-al-instituto-mexicano-del-seguro-social\/\" \/>\n<meta property=\"og:locale\" content=\"es_ES\" \/>\n<meta property=\"og:type\" content=\"article\" \/>\n<meta property=\"og:title\" content=\"Yucat\u00e1n registra 424,406 afiliados al Instituto Mexicano del Seguro Social - Yucat\u00e1n en corto\" \/>\n<meta property=\"og:description\" content=\"M\u00e9rida, Yucat\u00e1n, 6 de julio de 2023.- Yucat\u00e1n contin\u00faa incrementando la cifra de trabajadores asegurados y nuevamente rompe su propio r\u00e9cord hist\u00f3rico, al registrar, en el pasado mes de junio, un total de 424,406 afiliados al Instituto Mexicano del Seguro Social (IMSS), nuevo m\u00e1ximo hist\u00f3rico de empleos formales en la entidad, desde que se tiene [&hellip;]\" \/>\n<meta property=\"og:url\" content=\"https:\/\/www.yucatanencorto.com\/noticias\/yucatan-registra-424406-afiliados-al-instituto-mexicano-del-seguro-social\/\" \/>\n<meta property=\"og:site_name\" content=\"Yucat\u00e1n en corto\" \/>\n<meta property=\"article:publisher\" content=\"http:\/\/www.facebook.com\/yucatanencorto\" \/>\n<meta property=\"article:published_time\" content=\"2023-07-07T00:01:40+00:00\" \/>\n<meta property=\"og:image\" content=\"https:\/\/www.yucatanencorto.com\/noticias\/wp-content\/uploads\/2023\/07\/WhatsApp-Image-2023-07-06-at-17.45.52-scaled.jpeg\" \/>\n\t<meta property=\"og:image:width\" content=\"768\" \/>\n\t<meta property=\"og:image:height\" content=\"506\" \/>\n\t<meta property=\"og:image:type\" content=\"image\/jpeg\" \/>\n<meta name=\"author\" content=\"Redes\" \/>\n<meta name=\"twitter:card\" content=\"summary_large_image\" \/>\n<meta name=\"twitter:creator\" content=\"@yucatanencorto\" \/>\n<meta name=\"twitter:site\" content=\"@yucatanencorto\" \/>\n<meta name=\"twitter:label1\" content=\"Escrito por\" \/>\n\t<meta name=\"twitter:data1\" content=\"Redes\" \/>\n\t<meta name=\"twitter:label2\" content=\"Tiempo de lectura\" \/>\n\t<meta name=\"twitter:data2\" content=\"2 minutos\" \/>\n<script type=\"application\/ld+json\" class=\"yoast-schema-graph\">{\"@context\":\"https:\\\/\\\/schema.org\",\"@graph\":[{\"@type\":\"Article\",\"@id\":\"https:\\\/\\\/www.yucatanencorto.com\\\/noticias\\\/yucatan-registra-424406-afiliados-al-instituto-mexicano-del-seguro-social\\\/#article\",\"isPartOf\":{\"@id\":\"https:\\\/\\\/www.yucatanencorto.com\\\/noticias\\\/yucatan-registra-424406-afiliados-al-instituto-mexicano-del-seguro-social\\\/\"},\"author\":{\"name\":\"Redes\",\"@id\":\"https:\\\/\\\/www.yucatanencorto.com\\\/noticias\\\/#\\\/schema\\\/person\\\/e2fbdfaf30a07014a43940ce989f3119\"},\"headline\":\"Yucat\u00e1n registra 424,406 afiliados al Instituto Mexicano del Seguro Social\",\"datePublished\":\"2023-07-07T00:01:40+00:00\",\"mainEntityOfPage\":{\"@id\":\"https:\\\/\\\/www.yucatanencorto.com\\\/noticias\\\/yucatan-registra-424406-afiliados-al-instituto-mexicano-del-seguro-social\\\/\"},\"wordCount\":339,\"image\":{\"@id\":\"https:\\\/\\\/www.yucatanencorto.com\\\/noticias\\\/yucatan-registra-424406-afiliados-al-instituto-mexicano-del-seguro-social\\\/#primaryimage\"},\"thumbnailUrl\":\"https:\\\/\\\/www.yucatanencorto.com\\\/noticias\\\/wp-content\\\/uploads\\\/2023\\\/07\\\/WhatsApp-Image-2023-07-06-at-17.45.52-scaled.jpeg\",\"articleSection\":[\"Yucat\u00e1n\"],\"inLanguage\":\"es\"},{\"@type\":\"WebPage\",\"@id\":\"https:\\\/\\\/www.yucatanencorto.com\\\/noticias\\\/yucatan-registra-424406-afiliados-al-instituto-mexicano-del-seguro-social\\\/\",\"url\":\"https:\\\/\\\/www.yucatanencorto.com\\\/noticias\\\/yucatan-registra-424406-afiliados-al-instituto-mexicano-del-seguro-social\\\/\",\"name\":\"Yucat\u00e1n registra 424,406 afiliados al Instituto Mexicano del Seguro Social - Yucat\u00e1n en corto\",\"isPartOf\":{\"@id\":\"https:\\\/\\\/www.yucatanencorto.com\\\/noticias\\\/#website\"},\"primaryImageOfPage\":{\"@id\":\"https:\\\/\\\/www.yucatanencorto.com\\\/noticias\\\/yucatan-registra-424406-afiliados-al-instituto-mexicano-del-seguro-social\\\/#primaryimage\"},\"image\":{\"@id\":\"https:\\\/\\\/www.yucatanencorto.com\\\/noticias\\\/yucatan-registra-424406-afiliados-al-instituto-mexicano-del-seguro-social\\\/#primaryimage\"},\"thumbnailUrl\":\"https:\\\/\\\/www.yucatanencorto.com\\\/noticias\\\/wp-content\\\/uploads\\\/2023\\\/07\\\/WhatsApp-Image-2023-07-06-at-17.45.52-scaled.jpeg\",\"datePublished\":\"2023-07-07T00:01:40+00:00\",\"author\":{\"@id\":\"https:\\\/\\\/www.yucatanencorto.com\\\/noticias\\\/#\\\/schema\\\/person\\\/e2fbdfaf30a07014a43940ce989f3119\"},\"breadcrumb\":{\"@id\":\"https:\\\/\\\/www.yucatanencorto.com\\\/noticias\\\/yucatan-registra-424406-afiliados-al-instituto-mexicano-del-seguro-social\\\/#breadcrumb\"},\"inLanguage\":\"es\",\"potentialAction\":[{\"@type\":\"ReadAction\",\"target\":[\"https:\\\/\\\/www.yucatanencorto.com\\\/noticias\\\/yucatan-registra-424406-afiliados-al-instituto-mexicano-del-seguro-social\\\/\"]}]},{\"@type\":\"ImageObject\",\"inLanguage\":\"es\",\"@id\":\"https:\\\/\\\/www.yucatanencorto.com\\\/noticias\\\/yucatan-registra-424406-afiliados-al-instituto-mexicano-del-seguro-social\\\/#primaryimage\",\"url\":\"https:\\\/\\\/www.yucatanencorto.com\\\/noticias\\\/wp-content\\\/uploads\\\/2023\\\/07\\\/WhatsApp-Image-2023-07-06-at-17.45.52-scaled.jpeg\",\"contentUrl\":\"https:\\\/\\\/www.yucatanencorto.com\\\/noticias\\\/wp-content\\\/uploads\\\/2023\\\/07\\\/WhatsApp-Image-2023-07-06-at-17.45.52-scaled.jpeg\",\"width\":768,\"height\":506},{\"@type\":\"BreadcrumbList\",\"@id\":\"https:\\\/\\\/www.yucatanencorto.com\\\/noticias\\\/yucatan-registra-424406-afiliados-al-instituto-mexicano-del-seguro-social\\\/#breadcrumb\",\"itemListElement\":[{\"@type\":\"ListItem\",\"position\":1,\"name\":\"Portada\",\"item\":\"https:\\\/\\\/www.yucatanencorto.com\\\/noticias\\\/\"},{\"@type\":\"ListItem\",\"position\":2,\"name\":\"Yucat\u00e1n registra 424,406 afiliados al Instituto Mexicano del Seguro Social\"}]},{\"@type\":\"WebSite\",\"@id\":\"https:\\\/\\\/www.yucatanencorto.com\\\/noticias\\\/#website\",\"url\":\"https:\\\/\\\/www.yucatanencorto.com\\\/noticias\\\/\",\"name\":\"Yucat\u00e1n en corto\",\"description\":\"Noticias\",\"potentialAction\":[{\"@type\":\"SearchAction\",\"target\":{\"@type\":\"EntryPoint\",\"urlTemplate\":\"https:\\\/\\\/www.yucatanencorto.com\\\/noticias\\\/?s={search_term_string}\"},\"query-input\":{\"@type\":\"PropertyValueSpecification\",\"valueRequired\":true,\"valueName\":\"search_term_string\"}}],\"inLanguage\":\"es\"},{\"@type\":\"Person\",\"@id\":\"https:\\\/\\\/www.yucatanencorto.com\\\/noticias\\\/#\\\/schema\\\/person\\\/e2fbdfaf30a07014a43940ce989f3119\",\"name\":\"Redes\",\"image\":{\"@type\":\"ImageObject\",\"inLanguage\":\"es\",\"@id\":\"https:\\\/\\\/secure.gravatar.com\\\/avatar\\\/5931a2d21dd7cc834f44c8c34fe56d90ed6d536ef452cbf870c7485b524dddd7?s=96&d=mm&r=g\",\"url\":\"https:\\\/\\\/secure.gravatar.com\\\/avatar\\\/5931a2d21dd7cc834f44c8c34fe56d90ed6d536ef452cbf870c7485b524dddd7?s=96&d=mm&r=g\",\"contentUrl\":\"https:\\\/\\\/secure.gravatar.com\\\/avatar\\\/5931a2d21dd7cc834f44c8c34fe56d90ed6d536ef452cbf870c7485b524dddd7?s=96&d=mm&r=g\",\"caption\":\"Redes\"},\"url\":\"https:\\\/\\\/www.yucatanencorto.com\\\/noticias\\\/author\\\/redes\\\/\"}]}<\/script>\n<!-- \/ Yoast SEO plugin. -->","yoast_head_json":{"title":"Yucat\u00e1n registra 424,406 afiliados al Instituto Mexicano del Seguro Social - Yucat\u00e1n en corto","robots":{"index":"index","follow":"follow","max-snippet":"max-snippet:-1","max-image-preview":"max-image-preview:large","max-video-preview":"max-video-preview:-1"},"canonical":"https:\/\/www.yucatanencorto.com\/noticias\/yucatan-registra-424406-afiliados-al-instituto-mexicano-del-seguro-social\/","og_locale":"es_ES","og_type":"article","og_title":"Yucat\u00e1n registra 424,406 afiliados al Instituto Mexicano del Seguro Social - Yucat\u00e1n en corto","og_description":"M\u00e9rida, Yucat\u00e1n, 6 de julio de 2023.- Yucat\u00e1n contin\u00faa incrementando la cifra de trabajadores asegurados y nuevamente rompe su propio r\u00e9cord hist\u00f3rico, al registrar, en el pasado mes de junio, un total de 424,406 afiliados al Instituto Mexicano del Seguro Social (IMSS), nuevo m\u00e1ximo hist\u00f3rico de empleos formales en la entidad, desde que se tiene [&hellip;]","og_url":"https:\/\/www.yucatanencorto.com\/noticias\/yucatan-registra-424406-afiliados-al-instituto-mexicano-del-seguro-social\/","og_site_name":"Yucat\u00e1n en corto","article_publisher":"http:\/\/www.facebook.com\/yucatanencorto","article_published_time":"2023-07-07T00:01:40+00:00","og_image":[{"width":768,"height":506,"url":"https:\/\/www.yucatanencorto.com\/noticias\/wp-content\/uploads\/2023\/07\/WhatsApp-Image-2023-07-06-at-17.45.52-scaled.jpeg","type":"image\/jpeg"}],"author":"Redes","twitter_card":"summary_large_image","twitter_creator":"@yucatanencorto","twitter_site":"@yucatanencorto","twitter_misc":{"Escrito por":"Redes","Tiempo de lectura":"2 minutos"},"schema":{"@context":"https:\/\/schema.org","@graph":[{"@type":"Article","@id":"https:\/\/www.yucatanencorto.com\/noticias\/yucatan-registra-424406-afiliados-al-instituto-mexicano-del-seguro-social\/#article","isPartOf":{"@id":"https:\/\/www.yucatanencorto.com\/noticias\/yucatan-registra-424406-afiliados-al-instituto-mexicano-del-seguro-social\/"},"author":{"name":"Redes","@id":"https:\/\/www.yucatanencorto.com\/noticias\/#\/schema\/person\/e2fbdfaf30a07014a43940ce989f3119"},"headline":"Yucat\u00e1n registra 424,406 afiliados al Instituto Mexicano del Seguro Social","datePublished":"2023-07-07T00:01:40+00:00","mainEntityOfPage":{"@id":"https:\/\/www.yucatanencorto.com\/noticias\/yucatan-registra-424406-afiliados-al-instituto-mexicano-del-seguro-social\/"},"wordCount":339,"image":{"@id":"https:\/\/www.yucatanencorto.com\/noticias\/yucatan-registra-424406-afiliados-al-instituto-mexicano-del-seguro-social\/#primaryimage"},"thumbnailUrl":"https:\/\/www.yucatanencorto.com\/noticias\/wp-content\/uploads\/2023\/07\/WhatsApp-Image-2023-07-06-at-17.45.52-scaled.jpeg","articleSection":["Yucat\u00e1n"],"inLanguage":"es"},{"@type":"WebPage","@id":"https:\/\/www.yucatanencorto.com\/noticias\/yucatan-registra-424406-afiliados-al-instituto-mexicano-del-seguro-social\/","url":"https:\/\/www.yucatanencorto.com\/noticias\/yucatan-registra-424406-afiliados-al-instituto-mexicano-del-seguro-social\/","name":"Yucat\u00e1n registra 424,406 afiliados al Instituto Mexicano del Seguro Social - Yucat\u00e1n en corto","isPartOf":{"@id":"https:\/\/www.yucatanencorto.com\/noticias\/#website"},"primaryImageOfPage":{"@id":"https:\/\/www.yucatanencorto.com\/noticias\/yucatan-registra-424406-afiliados-al-instituto-mexicano-del-seguro-social\/#primaryimage"},"image":{"@id":"https:\/\/www.yucatanencorto.com\/noticias\/yucatan-registra-424406-afiliados-al-instituto-mexicano-del-seguro-social\/#primaryimage"},"thumbnailUrl":"https:\/\/www.yucatanencorto.com\/noticias\/wp-content\/uploads\/2023\/07\/WhatsApp-Image-2023-07-06-at-17.45.52-scaled.jpeg","datePublished":"2023-07-07T00:01:40+00:00","author":{"@id":"https:\/\/www.yucatanencorto.com\/noticias\/#\/schema\/person\/e2fbdfaf30a07014a43940ce989f3119"},"breadcrumb":{"@id":"https:\/\/www.yucatanencorto.com\/noticias\/yucatan-registra-424406-afiliados-al-instituto-mexicano-del-seguro-social\/#breadcrumb"},"inLanguage":"es","potentialAction":[{"@type":"ReadAction","target":["https:\/\/www.yucatanencorto.com\/noticias\/yucatan-registra-424406-afiliados-al-instituto-mexicano-del-seguro-social\/"]}]},{"@type":"ImageObject","inLanguage":"es","@id":"https:\/\/www.yucatanencorto.com\/noticias\/yucatan-registra-424406-afiliados-al-instituto-mexicano-del-seguro-social\/#primaryimage","url":"https:\/\/www.yucatanencorto.com\/noticias\/wp-content\/uploads\/2023\/07\/WhatsApp-Image-2023-07-06-at-17.45.52-scaled.jpeg","contentUrl":"https:\/\/www.yucatanencorto.com\/noticias\/wp-content\/uploads\/2023\/07\/WhatsApp-Image-2023-07-06-at-17.45.52-scaled.jpeg","width":768,"height":506},{"@type":"BreadcrumbList","@id":"https:\/\/www.yucatanencorto.com\/noticias\/yucatan-registra-424406-afiliados-al-instituto-mexicano-del-seguro-social\/#breadcrumb","itemListElement":[{"@type":"ListItem","position":1,"name":"Portada","item":"https:\/\/www.yucatanencorto.com\/noticias\/"},{"@type":"ListItem","position":2,"name":"Yucat\u00e1n registra 424,406 afiliados al Instituto Mexicano del Seguro Social"}]},{"@type":"WebSite","@id":"https:\/\/www.yucatanencorto.com\/noticias\/#website","url":"https:\/\/www.yucatanencorto.com\/noticias\/","name":"Yucat\u00e1n en corto","description":"Noticias","potentialAction":[{"@type":"SearchAction","target":{"@type":"EntryPoint","urlTemplate":"https:\/\/www.yucatanencorto.com\/noticias\/?s={search_term_string}"},"query-input":{"@type":"PropertyValueSpecification","valueRequired":true,"valueName":"search_term_string"}}],"inLanguage":"es"},{"@type":"Person","@id":"https:\/\/www.yucatanencorto.com\/noticias\/#\/schema\/person\/e2fbdfaf30a07014a43940ce989f3119","name":"Redes","image":{"@type":"ImageObject","inLanguage":"es","@id":"https:\/\/secure.gravatar.com\/avatar\/5931a2d21dd7cc834f44c8c34fe56d90ed6d536ef452cbf870c7485b524dddd7?s=96&d=mm&r=g","url":"https:\/\/secure.gravatar.com\/avatar\/5931a2d21dd7cc834f44c8c34fe56d90ed6d536ef452cbf870c7485b524dddd7?s=96&d=mm&r=g","contentUrl":"https:\/\/secure.gravatar.com\/avatar\/5931a2d21dd7cc834f44c8c34fe56d90ed6d536ef452cbf870c7485b524dddd7?s=96&d=mm&r=g","caption":"Redes"},"url":"https:\/\/www.yucatanencorto.com\/noticias\/author\/redes\/"}]}},"_links":{"self":[{"href":"https:\/\/www.yucatanencorto.com\/noticias\/wp-json\/wp\/v2\/posts\/99002","targetHints":{"allow":["GET"]}}],"collection":[{"href":"https:\/\/www.yucatanencorto.com\/noticias\/wp-json\/wp\/v2\/posts"}],"about":[{"href":"https:\/\/www.yucatanencorto.com\/noticias\/wp-json\/wp\/v2\/types\/post"}],"author":[{"embeddable":true,"href":"https:\/\/www.yucatanencorto.com\/noticias\/wp-json\/wp\/v2\/users\/3"}],"replies":[{"embeddable":true,"href":"https:\/\/www.yucatanencorto.com\/noticias\/wp-json\/wp\/v2\/comments?post=99002"}],"version-history":[{"count":0,"href":"https:\/\/www.yucatanencorto.com\/noticias\/wp-json\/wp\/v2\/posts\/99002\/revisions"}],"wp:featuredmedia":[{"embeddable":true,"href":"https:\/\/www.yucatanencorto.com\/noticias\/wp-json\/wp\/v2\/media\/99003"}],"wp:attachment":[{"href":"https:\/\/www.yucatanencorto.com\/noticias\/wp-json\/wp\/v2\/media?parent=99002"}],"wp:term":[{"taxonomy":"category","embeddable":true,"href":"https:\/\/www.yucatanencorto.com\/noticias\/wp-json\/wp\/v2\/categories?post=99002"},{"taxonomy":"post_tag","embeddable":true,"href":"https:\/\/www.yucatanencorto.com\/noticias\/wp-json\/wp\/v2\/tags?post=99002"}],"curies":[{"name":"wp","href":"https:\/\/api.w.org\/{rel}","templated":true}]}}