{"id":99013,"date":"2023-07-07T14:24:08","date_gmt":"2023-07-07T20:24:08","guid":{"rendered":"https:\/\/www.yucatanencorto.com\/noticias\/?p=99013"},"modified":"2023-07-07T14:24:08","modified_gmt":"2023-07-07T20:24:08","slug":"llego-el-ie-tram-a-kanasin","status":"publish","type":"post","link":"https:\/\/www.yucatanencorto.com\/noticias\/llego-el-ie-tram-a-kanasin\/","title":{"rendered":"Lleg\u00f3 el Ie-Tram a Kanas\u00edn"},"content":{"rendered":"<p><img loading=\"lazy\" decoding=\"async\" class=\"alignnone size-full wp-image-99014\" src=\"https:\/\/www.yucatanencorto.com\/noticias\/wp-content\/uploads\/2023\/07\/WhatsApp-Image-2023-07-07-at-13.35.32-scaled.jpeg\" alt=\"\" width=\"768\" height=\"510\" srcset=\"https:\/\/www.yucatanencorto.com\/noticias\/wp-content\/uploads\/2023\/07\/WhatsApp-Image-2023-07-07-at-13.35.32-scaled.jpeg 768w, https:\/\/www.yucatanencorto.com\/noticias\/wp-content\/uploads\/2023\/07\/WhatsApp-Image-2023-07-07-at-13.35.32-696x462.jpeg 696w, https:\/\/www.yucatanencorto.com\/noticias\/wp-content\/uploads\/2023\/07\/WhatsApp-Image-2023-07-07-at-13.35.32-1068x709.jpeg 1068w, https:\/\/www.yucatanencorto.com\/noticias\/wp-content\/uploads\/2023\/07\/WhatsApp-Image-2023-07-07-at-13.35.32-633x420.jpeg 633w\" sizes=\"auto, (max-width: 768px) 100vw, 768px\" \/><\/p>\n<p>Kanas\u00edn, Yucat\u00e1n, 7 de julio de 2023.- Para que los habitantes de Kanas\u00edn y colonias vecinas puedan conocer las bondades y comodidades que ofrece el Ie-Tram, transporte p\u00fablico 100% el\u00e9ctrico, desde este d\u00eda y hasta el jueves 13 del presente, la unidad de prueba estar\u00e1 en exhibici\u00f3n frente al Palacio Municipal de esta localidad.<\/p>\n<p>El titular del Instituto de Movilidad y Desarrollo Urbano Territorial (Imdut), Rafael Hern\u00e1ndez Kotasek, junto al alcalde anfitri\u00f3n, Edwin Boj\u00f3rquez Ram\u00edrez, supervis\u00f3 la llegada de este nuevo y moderno veh\u00edculo a dicha demarcaci\u00f3n, donde estar\u00e1 disponible para el p\u00fablico, en horario de 8:00 de la ma\u00f1ana a 8:00 de la noche.<\/p>\n<p>Tras conocer de cerca la unidad, Guillermina Burgos, quien labora sobre la avenida 39, en la colonia Los Reyes, manifest\u00f3 su alegr\u00eda al contar con un transporte de esta talla, que le permitir\u00e1 llegar m\u00e1s c\u00f3moda y segura a su centro de trabajo.<\/p>\n<p>\u00abEsto va a facilitar a muchas personas que no tienen veh\u00edculos; creo que es una muy buena inversi\u00f3n, veo que est\u00e1 muy seguro, muy bien, amplio y tiene para las personas que tienen poca movilidad, est\u00e1 excelente\u00bb, asegur\u00f3.<\/p>\n<p>Hern\u00e1ndez Kotasek tambi\u00e9n constat\u00f3 el funcionamiento de los m\u00f3dulos, donde personal con chalecos verdes estar\u00e1 vendiendo las credenciales del Sistema \u201cVa y ven\u201d y compartiendo informaci\u00f3n sobre las rutas de estas unidades, \u00fanicas en la Latinoam\u00e9rica.<\/p>\n<p>Tienen un dise\u00f1o accesible, con 5 puertas deslizantes, entrada baja para personas adultas mayores y con discapacidad, se\u00f1alizaci\u00f3n de lugares reservados para ellas, disposici\u00f3n de asientos y distribuci\u00f3n interior, pasillos adaptables, informaci\u00f3n sonora y, en el tema tecnol\u00f3gico, recaudo electr\u00f3nico, entre otras amenidades.<\/p>\n<p>Mediante 32 unidades, el Ie-Tram brindar\u00e1 todas las bondades de un tranv\u00eda, pero con la flexibilidad de un autob\u00fas; pueden llevar hasta 105 pasajeros, de los cuales 33 ir\u00e1n sentados, y su rendimiento ser\u00e1 de hasta 400 kil\u00f3metros por cada una.<\/p>\n<p>Generan 0 emisiones de carbono y miden 12 metros de largo; cuentan con 11 c\u00e1maras para visi\u00f3n 360 grados y 5 internas para mayor seguridad; bater\u00edas modulares, dise\u00f1adas para adecuarse a varias necesidades; aire acondicionado especial para veh\u00edculos el\u00e9ctricos; control para regular la velocidad; cargadores USB, y geolocalizador.<\/p>\n<p>Producto del trabajo en equipo que impulsa el Gobernador Mauricio Vila Dosal, este proyecto, muy pronto, ser\u00e1 realidad para la ciudadan\u00eda, por una inversi\u00f3n total de 2,820 millones de pesos, de la que 60% aportar\u00e1 el Estado; 23%, la Federaci\u00f3n, y 16%, la iniciativa privada, lo cual incluye las unidades, infraestructura vial y el\u00e9ctrica, con adecuaciones en los trayectos y el Centro Hist\u00f3rico.<\/p>\n<p>De esta forma, se est\u00e1 transformando por completo el transporte p\u00fablico en la entidad, con la primera y \u00fanica ruta 100% el\u00e9ctrica en Am\u00e9rica Latina, y un tipo de veh\u00edculo que, actualmente, s\u00f3lo est\u00e1 circulando en algunas ciudades de Europa y Medio Oriente, Catar y Emiratos \u00c1rabes Unidos.<\/p>\n<p>Se fortalecer\u00e1 la movilidad en el territorio, al conectar 3 demarcaciones, m\u00e1s de 137 colonias, 80 rutas existentes y 20 puntos tur\u00edsticos, al tiempo que se reduce la contaminaci\u00f3n por ruido y el di\u00f3xido de carbono que absorben equivale a arriba de 170,000 \u00e1rboles plantados durante 10 a\u00f1os.<\/p>\n<p>Igual, sus recorridos constar\u00e1n de 100 kil\u00f3metros, en 5 trayectos de alta demanda, que vincular\u00e1n el primer cuadro de M\u00e9rida con la Facultad de Ingenier\u00eda de la Universidad Aut\u00f3noma de Yucat\u00e1n (UADY), Um\u00e1n, Kanas\u00edn, Poxil\u00e1 y Teya, con senderos para el transporte p\u00fablico.<\/p>\n","protected":false},"excerpt":{"rendered":"<p>Kanas\u00edn, Yucat\u00e1n, 7 de julio de 2023.- Para que los habitantes de Kanas\u00edn y colonias vecinas puedan conocer las bondades y comodidades que ofrece el Ie-Tram, transporte p\u00fablico 100% el\u00e9ctrico, desde este d\u00eda y hasta el jueves 13 del presente, la unidad de prueba estar\u00e1 en exhibici\u00f3n frente al Palacio Municipal de esta localidad. El [&hellip;]<\/p>\n","protected":false},"author":3,"featured_media":99014,"comment_status":"closed","ping_status":"closed","sticky":false,"template":"","format":"standard","meta":{"footnotes":""},"categories":[3],"tags":[],"class_list":{"0":"post-99013","1":"post","2":"type-post","3":"status-publish","4":"format-standard","5":"has-post-thumbnail","7":"category-yucatan"},"yoast_head":"<!-- This site is optimized with the Yoast SEO plugin v27.4 - https:\/\/yoast.com\/product\/yoast-seo-wordpress\/ -->\n<title>Lleg\u00f3 el Ie-Tram a Kanas\u00edn - Yucat\u00e1n en corto<\/title>\n<meta name=\"robots\" content=\"index, follow, max-snippet:-1, max-image-preview:large, max-video-preview:-1\" \/>\n<link rel=\"canonical\" href=\"https:\/\/www.yucatanencorto.com\/noticias\/llego-el-ie-tram-a-kanasin\/\" \/>\n<meta property=\"og:locale\" content=\"es_ES\" \/>\n<meta property=\"og:type\" content=\"article\" \/>\n<meta property=\"og:title\" content=\"Lleg\u00f3 el Ie-Tram a Kanas\u00edn - Yucat\u00e1n en corto\" \/>\n<meta property=\"og:description\" content=\"Kanas\u00edn, Yucat\u00e1n, 7 de julio de 2023.- Para que los habitantes de Kanas\u00edn y colonias vecinas puedan conocer las bondades y comodidades que ofrece el Ie-Tram, transporte p\u00fablico 100% el\u00e9ctrico, desde este d\u00eda y hasta el jueves 13 del presente, la unidad de prueba estar\u00e1 en exhibici\u00f3n frente al Palacio Municipal de esta localidad. El [&hellip;]\" \/>\n<meta property=\"og:url\" content=\"https:\/\/www.yucatanencorto.com\/noticias\/llego-el-ie-tram-a-kanasin\/\" \/>\n<meta property=\"og:site_name\" content=\"Yucat\u00e1n en corto\" \/>\n<meta property=\"article:publisher\" content=\"http:\/\/www.facebook.com\/yucatanencorto\" \/>\n<meta property=\"article:published_time\" content=\"2023-07-07T20:24:08+00:00\" \/>\n<meta property=\"og:image\" content=\"https:\/\/www.yucatanencorto.com\/noticias\/wp-content\/uploads\/2023\/07\/WhatsApp-Image-2023-07-07-at-13.35.32-scaled.jpeg\" \/>\n\t<meta property=\"og:image:width\" content=\"768\" \/>\n\t<meta property=\"og:image:height\" content=\"510\" \/>\n\t<meta property=\"og:image:type\" content=\"image\/jpeg\" \/>\n<meta name=\"author\" content=\"Redes\" \/>\n<meta name=\"twitter:card\" content=\"summary_large_image\" \/>\n<meta name=\"twitter:creator\" content=\"@yucatanencorto\" \/>\n<meta name=\"twitter:site\" content=\"@yucatanencorto\" \/>\n<meta name=\"twitter:label1\" content=\"Escrito por\" \/>\n\t<meta name=\"twitter:data1\" content=\"Redes\" \/>\n\t<meta name=\"twitter:label2\" content=\"Tiempo de lectura\" \/>\n\t<meta name=\"twitter:data2\" content=\"3 minutos\" \/>\n<script type=\"application\/ld+json\" class=\"yoast-schema-graph\">{\"@context\":\"https:\\\/\\\/schema.org\",\"@graph\":[{\"@type\":\"Article\",\"@id\":\"https:\\\/\\\/www.yucatanencorto.com\\\/noticias\\\/llego-el-ie-tram-a-kanasin\\\/#article\",\"isPartOf\":{\"@id\":\"https:\\\/\\\/www.yucatanencorto.com\\\/noticias\\\/llego-el-ie-tram-a-kanasin\\\/\"},\"author\":{\"name\":\"Redes\",\"@id\":\"https:\\\/\\\/www.yucatanencorto.com\\\/noticias\\\/#\\\/schema\\\/person\\\/e2fbdfaf30a07014a43940ce989f3119\"},\"headline\":\"Lleg\u00f3 el Ie-Tram a Kanas\u00edn\",\"datePublished\":\"2023-07-07T20:24:08+00:00\",\"mainEntityOfPage\":{\"@id\":\"https:\\\/\\\/www.yucatanencorto.com\\\/noticias\\\/llego-el-ie-tram-a-kanasin\\\/\"},\"wordCount\":601,\"image\":{\"@id\":\"https:\\\/\\\/www.yucatanencorto.com\\\/noticias\\\/llego-el-ie-tram-a-kanasin\\\/#primaryimage\"},\"thumbnailUrl\":\"https:\\\/\\\/www.yucatanencorto.com\\\/noticias\\\/wp-content\\\/uploads\\\/2023\\\/07\\\/WhatsApp-Image-2023-07-07-at-13.35.32-scaled.jpeg\",\"articleSection\":[\"Yucat\u00e1n\"],\"inLanguage\":\"es\"},{\"@type\":\"WebPage\",\"@id\":\"https:\\\/\\\/www.yucatanencorto.com\\\/noticias\\\/llego-el-ie-tram-a-kanasin\\\/\",\"url\":\"https:\\\/\\\/www.yucatanencorto.com\\\/noticias\\\/llego-el-ie-tram-a-kanasin\\\/\",\"name\":\"Lleg\u00f3 el Ie-Tram a Kanas\u00edn - Yucat\u00e1n en corto\",\"isPartOf\":{\"@id\":\"https:\\\/\\\/www.yucatanencorto.com\\\/noticias\\\/#website\"},\"primaryImageOfPage\":{\"@id\":\"https:\\\/\\\/www.yucatanencorto.com\\\/noticias\\\/llego-el-ie-tram-a-kanasin\\\/#primaryimage\"},\"image\":{\"@id\":\"https:\\\/\\\/www.yucatanencorto.com\\\/noticias\\\/llego-el-ie-tram-a-kanasin\\\/#primaryimage\"},\"thumbnailUrl\":\"https:\\\/\\\/www.yucatanencorto.com\\\/noticias\\\/wp-content\\\/uploads\\\/2023\\\/07\\\/WhatsApp-Image-2023-07-07-at-13.35.32-scaled.jpeg\",\"datePublished\":\"2023-07-07T20:24:08+00:00\",\"author\":{\"@id\":\"https:\\\/\\\/www.yucatanencorto.com\\\/noticias\\\/#\\\/schema\\\/person\\\/e2fbdfaf30a07014a43940ce989f3119\"},\"breadcrumb\":{\"@id\":\"https:\\\/\\\/www.yucatanencorto.com\\\/noticias\\\/llego-el-ie-tram-a-kanasin\\\/#breadcrumb\"},\"inLanguage\":\"es\",\"potentialAction\":[{\"@type\":\"ReadAction\",\"target\":[\"https:\\\/\\\/www.yucatanencorto.com\\\/noticias\\\/llego-el-ie-tram-a-kanasin\\\/\"]}]},{\"@type\":\"ImageObject\",\"inLanguage\":\"es\",\"@id\":\"https:\\\/\\\/www.yucatanencorto.com\\\/noticias\\\/llego-el-ie-tram-a-kanasin\\\/#primaryimage\",\"url\":\"https:\\\/\\\/www.yucatanencorto.com\\\/noticias\\\/wp-content\\\/uploads\\\/2023\\\/07\\\/WhatsApp-Image-2023-07-07-at-13.35.32-scaled.jpeg\",\"contentUrl\":\"https:\\\/\\\/www.yucatanencorto.com\\\/noticias\\\/wp-content\\\/uploads\\\/2023\\\/07\\\/WhatsApp-Image-2023-07-07-at-13.35.32-scaled.jpeg\",\"width\":768,\"height\":510},{\"@type\":\"BreadcrumbList\",\"@id\":\"https:\\\/\\\/www.yucatanencorto.com\\\/noticias\\\/llego-el-ie-tram-a-kanasin\\\/#breadcrumb\",\"itemListElement\":[{\"@type\":\"ListItem\",\"position\":1,\"name\":\"Portada\",\"item\":\"https:\\\/\\\/www.yucatanencorto.com\\\/noticias\\\/\"},{\"@type\":\"ListItem\",\"position\":2,\"name\":\"Lleg\u00f3 el Ie-Tram a Kanas\u00edn\"}]},{\"@type\":\"WebSite\",\"@id\":\"https:\\\/\\\/www.yucatanencorto.com\\\/noticias\\\/#website\",\"url\":\"https:\\\/\\\/www.yucatanencorto.com\\\/noticias\\\/\",\"name\":\"Yucat\u00e1n en corto\",\"description\":\"Noticias\",\"potentialAction\":[{\"@type\":\"SearchAction\",\"target\":{\"@type\":\"EntryPoint\",\"urlTemplate\":\"https:\\\/\\\/www.yucatanencorto.com\\\/noticias\\\/?s={search_term_string}\"},\"query-input\":{\"@type\":\"PropertyValueSpecification\",\"valueRequired\":true,\"valueName\":\"search_term_string\"}}],\"inLanguage\":\"es\"},{\"@type\":\"Person\",\"@id\":\"https:\\\/\\\/www.yucatanencorto.com\\\/noticias\\\/#\\\/schema\\\/person\\\/e2fbdfaf30a07014a43940ce989f3119\",\"name\":\"Redes\",\"image\":{\"@type\":\"ImageObject\",\"inLanguage\":\"es\",\"@id\":\"https:\\\/\\\/secure.gravatar.com\\\/avatar\\\/5931a2d21dd7cc834f44c8c34fe56d90ed6d536ef452cbf870c7485b524dddd7?s=96&d=mm&r=g\",\"url\":\"https:\\\/\\\/secure.gravatar.com\\\/avatar\\\/5931a2d21dd7cc834f44c8c34fe56d90ed6d536ef452cbf870c7485b524dddd7?s=96&d=mm&r=g\",\"contentUrl\":\"https:\\\/\\\/secure.gravatar.com\\\/avatar\\\/5931a2d21dd7cc834f44c8c34fe56d90ed6d536ef452cbf870c7485b524dddd7?s=96&d=mm&r=g\",\"caption\":\"Redes\"},\"url\":\"https:\\\/\\\/www.yucatanencorto.com\\\/noticias\\\/author\\\/redes\\\/\"}]}<\/script>\n<!-- \/ Yoast SEO plugin. -->","yoast_head_json":{"title":"Lleg\u00f3 el Ie-Tram a Kanas\u00edn - Yucat\u00e1n en corto","robots":{"index":"index","follow":"follow","max-snippet":"max-snippet:-1","max-image-preview":"max-image-preview:large","max-video-preview":"max-video-preview:-1"},"canonical":"https:\/\/www.yucatanencorto.com\/noticias\/llego-el-ie-tram-a-kanasin\/","og_locale":"es_ES","og_type":"article","og_title":"Lleg\u00f3 el Ie-Tram a Kanas\u00edn - Yucat\u00e1n en corto","og_description":"Kanas\u00edn, Yucat\u00e1n, 7 de julio de 2023.- Para que los habitantes de Kanas\u00edn y colonias vecinas puedan conocer las bondades y comodidades que ofrece el Ie-Tram, transporte p\u00fablico 100% el\u00e9ctrico, desde este d\u00eda y hasta el jueves 13 del presente, la unidad de prueba estar\u00e1 en exhibici\u00f3n frente al Palacio Municipal de esta localidad. El [&hellip;]","og_url":"https:\/\/www.yucatanencorto.com\/noticias\/llego-el-ie-tram-a-kanasin\/","og_site_name":"Yucat\u00e1n en corto","article_publisher":"http:\/\/www.facebook.com\/yucatanencorto","article_published_time":"2023-07-07T20:24:08+00:00","og_image":[{"width":768,"height":510,"url":"https:\/\/www.yucatanencorto.com\/noticias\/wp-content\/uploads\/2023\/07\/WhatsApp-Image-2023-07-07-at-13.35.32-scaled.jpeg","type":"image\/jpeg"}],"author":"Redes","twitter_card":"summary_large_image","twitter_creator":"@yucatanencorto","twitter_site":"@yucatanencorto","twitter_misc":{"Escrito por":"Redes","Tiempo de lectura":"3 minutos"},"schema":{"@context":"https:\/\/schema.org","@graph":[{"@type":"Article","@id":"https:\/\/www.yucatanencorto.com\/noticias\/llego-el-ie-tram-a-kanasin\/#article","isPartOf":{"@id":"https:\/\/www.yucatanencorto.com\/noticias\/llego-el-ie-tram-a-kanasin\/"},"author":{"name":"Redes","@id":"https:\/\/www.yucatanencorto.com\/noticias\/#\/schema\/person\/e2fbdfaf30a07014a43940ce989f3119"},"headline":"Lleg\u00f3 el Ie-Tram a Kanas\u00edn","datePublished":"2023-07-07T20:24:08+00:00","mainEntityOfPage":{"@id":"https:\/\/www.yucatanencorto.com\/noticias\/llego-el-ie-tram-a-kanasin\/"},"wordCount":601,"image":{"@id":"https:\/\/www.yucatanencorto.com\/noticias\/llego-el-ie-tram-a-kanasin\/#primaryimage"},"thumbnailUrl":"https:\/\/www.yucatanencorto.com\/noticias\/wp-content\/uploads\/2023\/07\/WhatsApp-Image-2023-07-07-at-13.35.32-scaled.jpeg","articleSection":["Yucat\u00e1n"],"inLanguage":"es"},{"@type":"WebPage","@id":"https:\/\/www.yucatanencorto.com\/noticias\/llego-el-ie-tram-a-kanasin\/","url":"https:\/\/www.yucatanencorto.com\/noticias\/llego-el-ie-tram-a-kanasin\/","name":"Lleg\u00f3 el Ie-Tram a Kanas\u00edn - Yucat\u00e1n en corto","isPartOf":{"@id":"https:\/\/www.yucatanencorto.com\/noticias\/#website"},"primaryImageOfPage":{"@id":"https:\/\/www.yucatanencorto.com\/noticias\/llego-el-ie-tram-a-kanasin\/#primaryimage"},"image":{"@id":"https:\/\/www.yucatanencorto.com\/noticias\/llego-el-ie-tram-a-kanasin\/#primaryimage"},"thumbnailUrl":"https:\/\/www.yucatanencorto.com\/noticias\/wp-content\/uploads\/2023\/07\/WhatsApp-Image-2023-07-07-at-13.35.32-scaled.jpeg","datePublished":"2023-07-07T20:24:08+00:00","author":{"@id":"https:\/\/www.yucatanencorto.com\/noticias\/#\/schema\/person\/e2fbdfaf30a07014a43940ce989f3119"},"breadcrumb":{"@id":"https:\/\/www.yucatanencorto.com\/noticias\/llego-el-ie-tram-a-kanasin\/#breadcrumb"},"inLanguage":"es","potentialAction":[{"@type":"ReadAction","target":["https:\/\/www.yucatanencorto.com\/noticias\/llego-el-ie-tram-a-kanasin\/"]}]},{"@type":"ImageObject","inLanguage":"es","@id":"https:\/\/www.yucatanencorto.com\/noticias\/llego-el-ie-tram-a-kanasin\/#primaryimage","url":"https:\/\/www.yucatanencorto.com\/noticias\/wp-content\/uploads\/2023\/07\/WhatsApp-Image-2023-07-07-at-13.35.32-scaled.jpeg","contentUrl":"https:\/\/www.yucatanencorto.com\/noticias\/wp-content\/uploads\/2023\/07\/WhatsApp-Image-2023-07-07-at-13.35.32-scaled.jpeg","width":768,"height":510},{"@type":"BreadcrumbList","@id":"https:\/\/www.yucatanencorto.com\/noticias\/llego-el-ie-tram-a-kanasin\/#breadcrumb","itemListElement":[{"@type":"ListItem","position":1,"name":"Portada","item":"https:\/\/www.yucatanencorto.com\/noticias\/"},{"@type":"ListItem","position":2,"name":"Lleg\u00f3 el Ie-Tram a Kanas\u00edn"}]},{"@type":"WebSite","@id":"https:\/\/www.yucatanencorto.com\/noticias\/#website","url":"https:\/\/www.yucatanencorto.com\/noticias\/","name":"Yucat\u00e1n en corto","description":"Noticias","potentialAction":[{"@type":"SearchAction","target":{"@type":"EntryPoint","urlTemplate":"https:\/\/www.yucatanencorto.com\/noticias\/?s={search_term_string}"},"query-input":{"@type":"PropertyValueSpecification","valueRequired":true,"valueName":"search_term_string"}}],"inLanguage":"es"},{"@type":"Person","@id":"https:\/\/www.yucatanencorto.com\/noticias\/#\/schema\/person\/e2fbdfaf30a07014a43940ce989f3119","name":"Redes","image":{"@type":"ImageObject","inLanguage":"es","@id":"https:\/\/secure.gravatar.com\/avatar\/5931a2d21dd7cc834f44c8c34fe56d90ed6d536ef452cbf870c7485b524dddd7?s=96&d=mm&r=g","url":"https:\/\/secure.gravatar.com\/avatar\/5931a2d21dd7cc834f44c8c34fe56d90ed6d536ef452cbf870c7485b524dddd7?s=96&d=mm&r=g","contentUrl":"https:\/\/secure.gravatar.com\/avatar\/5931a2d21dd7cc834f44c8c34fe56d90ed6d536ef452cbf870c7485b524dddd7?s=96&d=mm&r=g","caption":"Redes"},"url":"https:\/\/www.yucatanencorto.com\/noticias\/author\/redes\/"}]}},"_links":{"self":[{"href":"https:\/\/www.yucatanencorto.com\/noticias\/wp-json\/wp\/v2\/posts\/99013","targetHints":{"allow":["GET"]}}],"collection":[{"href":"https:\/\/www.yucatanencorto.com\/noticias\/wp-json\/wp\/v2\/posts"}],"about":[{"href":"https:\/\/www.yucatanencorto.com\/noticias\/wp-json\/wp\/v2\/types\/post"}],"author":[{"embeddable":true,"href":"https:\/\/www.yucatanencorto.com\/noticias\/wp-json\/wp\/v2\/users\/3"}],"replies":[{"embeddable":true,"href":"https:\/\/www.yucatanencorto.com\/noticias\/wp-json\/wp\/v2\/comments?post=99013"}],"version-history":[{"count":0,"href":"https:\/\/www.yucatanencorto.com\/noticias\/wp-json\/wp\/v2\/posts\/99013\/revisions"}],"wp:featuredmedia":[{"embeddable":true,"href":"https:\/\/www.yucatanencorto.com\/noticias\/wp-json\/wp\/v2\/media\/99014"}],"wp:attachment":[{"href":"https:\/\/www.yucatanencorto.com\/noticias\/wp-json\/wp\/v2\/media?parent=99013"}],"wp:term":[{"taxonomy":"category","embeddable":true,"href":"https:\/\/www.yucatanencorto.com\/noticias\/wp-json\/wp\/v2\/categories?post=99013"},{"taxonomy":"post_tag","embeddable":true,"href":"https:\/\/www.yucatanencorto.com\/noticias\/wp-json\/wp\/v2\/tags?post=99013"}],"curies":[{"name":"wp","href":"https:\/\/api.w.org\/{rel}","templated":true}]}}