{"id":99020,"date":"2023-07-07T20:22:37","date_gmt":"2023-07-08T02:22:37","guid":{"rendered":"https:\/\/www.yucatanencorto.com\/noticias\/?p=99020"},"modified":"2023-07-07T20:22:37","modified_gmt":"2023-07-08T02:22:37","slug":"marcelo-ebrard-visita-merida","status":"publish","type":"post","link":"https:\/\/www.yucatanencorto.com\/noticias\/marcelo-ebrard-visita-merida\/","title":{"rendered":"Marcelo Ebrard visita M\u00e9rida"},"content":{"rendered":"<p><img loading=\"lazy\" decoding=\"async\" class=\"alignnone size-full wp-image-99021\" src=\"https:\/\/www.yucatanencorto.com\/noticias\/wp-content\/uploads\/2023\/07\/9d0ce631-cd01-40b8-9c25-ea3bfe0a21ba-scaled.jpeg\" alt=\"\" width=\"576\" height=\"768\" srcset=\"https:\/\/www.yucatanencorto.com\/noticias\/wp-content\/uploads\/2023\/07\/9d0ce631-cd01-40b8-9c25-ea3bfe0a21ba-scaled.jpeg 576w, https:\/\/www.yucatanencorto.com\/noticias\/wp-content\/uploads\/2023\/07\/9d0ce631-cd01-40b8-9c25-ea3bfe0a21ba-768x1024.jpeg 768w, https:\/\/www.yucatanencorto.com\/noticias\/wp-content\/uploads\/2023\/07\/9d0ce631-cd01-40b8-9c25-ea3bfe0a21ba-1152x1536.jpeg 1152w, https:\/\/www.yucatanencorto.com\/noticias\/wp-content\/uploads\/2023\/07\/9d0ce631-cd01-40b8-9c25-ea3bfe0a21ba-696x928.jpeg 696w, https:\/\/www.yucatanencorto.com\/noticias\/wp-content\/uploads\/2023\/07\/9d0ce631-cd01-40b8-9c25-ea3bfe0a21ba-1068x1424.jpeg 1068w, https:\/\/www.yucatanencorto.com\/noticias\/wp-content\/uploads\/2023\/07\/9d0ce631-cd01-40b8-9c25-ea3bfe0a21ba-315x420.jpeg 315w\" sizes=\"auto, (max-width: 576px) 100vw, 576px\" \/><\/p>\n<p>M\u00e9rida, Yucat\u00e1n, 7 de julio de 2023.- El aspirante a candidato presidencial Marcelo Ebrard Casaub\u00f3n afirm\u00f3 tener una muy buena opini\u00f3n del trabajo del Gobierno de Mauricio Vila Dosal.<\/p>\n<p>Durante su visita a Yucat\u00e1n, el morenista destac\u00f3 la labor realizada por Vila Dosal en la entidad, as\u00ed como el trabajo en conjunto que ha mantenido con el Presidente Andr\u00e9s Manuel L\u00f3pez Obrador.<\/p>\n<p>\u00abEl Gobierno de Yucat\u00e1n ha estado muy de cerca trabajando con el Presidente, hay una inversi\u00f3n federal como nunca. Por ello digo que vamos a mantener el tema de colaboraci\u00f3n, de trabajo en conjunto y de inversi\u00f3n para el futuro\u00bb, apunt\u00f3 Ebrard Casaub\u00f3n.<\/p>\n<p>Agreg\u00f3 que resultado de este trabajo conjunto entre la administraci\u00f3n estatal y la Federaci\u00f3n, se tienen importantes proyectos como el Tren Maya, en materia de gas natural, las dos nuevas plantas de energ\u00eda y mucha inversi\u00f3n social.<\/p>\n<p>Otro tema que resalt\u00f3 el excanciller fue la seguridad que identifica a Yucat\u00e1n en donde el sentido de comunidad ha jugado un papel preponderante para posicionar al estado como el primero en el ramo a nivel nacional.<\/p>\n<p>\u201cYucat\u00e1n tiene un sentido de comunidad muy fuerte y es lo que le da especificidad no de ahora sino de muchos a\u00f1os atr\u00e1s, eso hay que defender y mantener. A mayor integraci\u00f3n en tu comunidad mejor te va en tu materia de seguridad\u201d destac\u00f3 en sus reuniones con los medios de comunicaci\u00f3n.<\/p>\n<p>Abord\u00f3 el tema de la inversi\u00f3n para el Puerto de Altura de Progreso, el cual es de vital importancia para aumentar su capacidad de recepci\u00f3n y operaci\u00f3n y posicionarlo como uno de los m\u00e1s importantes en el pa\u00eds.<\/p>\n<p>\u201cEl plan de estructura de Puerto Progreso es vital, tenemos que tener en cuenta que es uno de los puertos mas importantes del pa\u00eds pero tambi\u00e9n hay que entender que se puede hacer m\u00e1s y por ello necesita aumentar su capacidad de recepci\u00f3n y operaci\u00f3n. Por ello requiere de una inversi\u00f3n muy importante\u201d, recalc\u00f3 Ebr\u00e1n Casaub\u00f3n antes de concluir su visita a Yucat\u00e1n.<\/p>\n","protected":false},"excerpt":{"rendered":"<p>M\u00e9rida, Yucat\u00e1n, 7 de julio de 2023.- El aspirante a candidato presidencial Marcelo Ebrard Casaub\u00f3n afirm\u00f3 tener una muy buena opini\u00f3n del trabajo del Gobierno de Mauricio Vila Dosal. Durante su visita a Yucat\u00e1n, el morenista destac\u00f3 la labor realizada por Vila Dosal en la entidad, as\u00ed como el trabajo en conjunto que ha mantenido [&hellip;]<\/p>\n","protected":false},"author":3,"featured_media":99021,"comment_status":"closed","ping_status":"closed","sticky":false,"template":"","format":"standard","meta":{"footnotes":""},"categories":[3],"tags":[],"class_list":{"0":"post-99020","1":"post","2":"type-post","3":"status-publish","4":"format-standard","5":"has-post-thumbnail","7":"category-yucatan"},"yoast_head":"<!-- This site is optimized with the Yoast SEO plugin v27.4 - https:\/\/yoast.com\/product\/yoast-seo-wordpress\/ -->\n<title>Marcelo Ebrard visita M\u00e9rida - Yucat\u00e1n en corto<\/title>\n<meta name=\"robots\" content=\"index, follow, max-snippet:-1, max-image-preview:large, max-video-preview:-1\" \/>\n<link rel=\"canonical\" href=\"https:\/\/www.yucatanencorto.com\/noticias\/marcelo-ebrard-visita-merida\/\" \/>\n<meta property=\"og:locale\" content=\"es_ES\" \/>\n<meta property=\"og:type\" content=\"article\" \/>\n<meta property=\"og:title\" content=\"Marcelo Ebrard visita M\u00e9rida - Yucat\u00e1n en corto\" \/>\n<meta property=\"og:description\" content=\"M\u00e9rida, Yucat\u00e1n, 7 de julio de 2023.- El aspirante a candidato presidencial Marcelo Ebrard Casaub\u00f3n afirm\u00f3 tener una muy buena opini\u00f3n del trabajo del Gobierno de Mauricio Vila Dosal. Durante su visita a Yucat\u00e1n, el morenista destac\u00f3 la labor realizada por Vila Dosal en la entidad, as\u00ed como el trabajo en conjunto que ha mantenido [&hellip;]\" \/>\n<meta property=\"og:url\" content=\"https:\/\/www.yucatanencorto.com\/noticias\/marcelo-ebrard-visita-merida\/\" \/>\n<meta property=\"og:site_name\" content=\"Yucat\u00e1n en corto\" \/>\n<meta property=\"article:publisher\" content=\"http:\/\/www.facebook.com\/yucatanencorto\" \/>\n<meta property=\"article:published_time\" content=\"2023-07-08T02:22:37+00:00\" \/>\n<meta property=\"og:image\" content=\"https:\/\/www.yucatanencorto.com\/noticias\/wp-content\/uploads\/2023\/07\/9d0ce631-cd01-40b8-9c25-ea3bfe0a21ba-scaled.jpeg\" \/>\n\t<meta property=\"og:image:width\" content=\"576\" \/>\n\t<meta property=\"og:image:height\" content=\"768\" \/>\n\t<meta property=\"og:image:type\" content=\"image\/jpeg\" \/>\n<meta name=\"author\" content=\"Redes\" \/>\n<meta name=\"twitter:card\" content=\"summary_large_image\" \/>\n<meta name=\"twitter:creator\" content=\"@yucatanencorto\" \/>\n<meta name=\"twitter:site\" content=\"@yucatanencorto\" \/>\n<meta name=\"twitter:label1\" content=\"Escrito por\" \/>\n\t<meta name=\"twitter:data1\" content=\"Redes\" \/>\n\t<meta name=\"twitter:label2\" content=\"Tiempo de lectura\" \/>\n\t<meta name=\"twitter:data2\" content=\"2 minutos\" \/>\n<script type=\"application\/ld+json\" class=\"yoast-schema-graph\">{\"@context\":\"https:\\\/\\\/schema.org\",\"@graph\":[{\"@type\":\"Article\",\"@id\":\"https:\\\/\\\/www.yucatanencorto.com\\\/noticias\\\/marcelo-ebrard-visita-merida\\\/#article\",\"isPartOf\":{\"@id\":\"https:\\\/\\\/www.yucatanencorto.com\\\/noticias\\\/marcelo-ebrard-visita-merida\\\/\"},\"author\":{\"name\":\"Redes\",\"@id\":\"https:\\\/\\\/www.yucatanencorto.com\\\/noticias\\\/#\\\/schema\\\/person\\\/e2fbdfaf30a07014a43940ce989f3119\"},\"headline\":\"Marcelo Ebrard visita M\u00e9rida\",\"datePublished\":\"2023-07-08T02:22:37+00:00\",\"mainEntityOfPage\":{\"@id\":\"https:\\\/\\\/www.yucatanencorto.com\\\/noticias\\\/marcelo-ebrard-visita-merida\\\/\"},\"wordCount\":372,\"image\":{\"@id\":\"https:\\\/\\\/www.yucatanencorto.com\\\/noticias\\\/marcelo-ebrard-visita-merida\\\/#primaryimage\"},\"thumbnailUrl\":\"https:\\\/\\\/www.yucatanencorto.com\\\/noticias\\\/wp-content\\\/uploads\\\/2023\\\/07\\\/9d0ce631-cd01-40b8-9c25-ea3bfe0a21ba-scaled.jpeg\",\"articleSection\":[\"Yucat\u00e1n\"],\"inLanguage\":\"es\"},{\"@type\":\"WebPage\",\"@id\":\"https:\\\/\\\/www.yucatanencorto.com\\\/noticias\\\/marcelo-ebrard-visita-merida\\\/\",\"url\":\"https:\\\/\\\/www.yucatanencorto.com\\\/noticias\\\/marcelo-ebrard-visita-merida\\\/\",\"name\":\"Marcelo Ebrard visita M\u00e9rida - Yucat\u00e1n en corto\",\"isPartOf\":{\"@id\":\"https:\\\/\\\/www.yucatanencorto.com\\\/noticias\\\/#website\"},\"primaryImageOfPage\":{\"@id\":\"https:\\\/\\\/www.yucatanencorto.com\\\/noticias\\\/marcelo-ebrard-visita-merida\\\/#primaryimage\"},\"image\":{\"@id\":\"https:\\\/\\\/www.yucatanencorto.com\\\/noticias\\\/marcelo-ebrard-visita-merida\\\/#primaryimage\"},\"thumbnailUrl\":\"https:\\\/\\\/www.yucatanencorto.com\\\/noticias\\\/wp-content\\\/uploads\\\/2023\\\/07\\\/9d0ce631-cd01-40b8-9c25-ea3bfe0a21ba-scaled.jpeg\",\"datePublished\":\"2023-07-08T02:22:37+00:00\",\"author\":{\"@id\":\"https:\\\/\\\/www.yucatanencorto.com\\\/noticias\\\/#\\\/schema\\\/person\\\/e2fbdfaf30a07014a43940ce989f3119\"},\"breadcrumb\":{\"@id\":\"https:\\\/\\\/www.yucatanencorto.com\\\/noticias\\\/marcelo-ebrard-visita-merida\\\/#breadcrumb\"},\"inLanguage\":\"es\",\"potentialAction\":[{\"@type\":\"ReadAction\",\"target\":[\"https:\\\/\\\/www.yucatanencorto.com\\\/noticias\\\/marcelo-ebrard-visita-merida\\\/\"]}]},{\"@type\":\"ImageObject\",\"inLanguage\":\"es\",\"@id\":\"https:\\\/\\\/www.yucatanencorto.com\\\/noticias\\\/marcelo-ebrard-visita-merida\\\/#primaryimage\",\"url\":\"https:\\\/\\\/www.yucatanencorto.com\\\/noticias\\\/wp-content\\\/uploads\\\/2023\\\/07\\\/9d0ce631-cd01-40b8-9c25-ea3bfe0a21ba-scaled.jpeg\",\"contentUrl\":\"https:\\\/\\\/www.yucatanencorto.com\\\/noticias\\\/wp-content\\\/uploads\\\/2023\\\/07\\\/9d0ce631-cd01-40b8-9c25-ea3bfe0a21ba-scaled.jpeg\",\"width\":576,\"height\":768},{\"@type\":\"BreadcrumbList\",\"@id\":\"https:\\\/\\\/www.yucatanencorto.com\\\/noticias\\\/marcelo-ebrard-visita-merida\\\/#breadcrumb\",\"itemListElement\":[{\"@type\":\"ListItem\",\"position\":1,\"name\":\"Portada\",\"item\":\"https:\\\/\\\/www.yucatanencorto.com\\\/noticias\\\/\"},{\"@type\":\"ListItem\",\"position\":2,\"name\":\"Marcelo Ebrard visita M\u00e9rida\"}]},{\"@type\":\"WebSite\",\"@id\":\"https:\\\/\\\/www.yucatanencorto.com\\\/noticias\\\/#website\",\"url\":\"https:\\\/\\\/www.yucatanencorto.com\\\/noticias\\\/\",\"name\":\"Yucat\u00e1n en corto\",\"description\":\"Noticias\",\"potentialAction\":[{\"@type\":\"SearchAction\",\"target\":{\"@type\":\"EntryPoint\",\"urlTemplate\":\"https:\\\/\\\/www.yucatanencorto.com\\\/noticias\\\/?s={search_term_string}\"},\"query-input\":{\"@type\":\"PropertyValueSpecification\",\"valueRequired\":true,\"valueName\":\"search_term_string\"}}],\"inLanguage\":\"es\"},{\"@type\":\"Person\",\"@id\":\"https:\\\/\\\/www.yucatanencorto.com\\\/noticias\\\/#\\\/schema\\\/person\\\/e2fbdfaf30a07014a43940ce989f3119\",\"name\":\"Redes\",\"image\":{\"@type\":\"ImageObject\",\"inLanguage\":\"es\",\"@id\":\"https:\\\/\\\/secure.gravatar.com\\\/avatar\\\/5931a2d21dd7cc834f44c8c34fe56d90ed6d536ef452cbf870c7485b524dddd7?s=96&d=mm&r=g\",\"url\":\"https:\\\/\\\/secure.gravatar.com\\\/avatar\\\/5931a2d21dd7cc834f44c8c34fe56d90ed6d536ef452cbf870c7485b524dddd7?s=96&d=mm&r=g\",\"contentUrl\":\"https:\\\/\\\/secure.gravatar.com\\\/avatar\\\/5931a2d21dd7cc834f44c8c34fe56d90ed6d536ef452cbf870c7485b524dddd7?s=96&d=mm&r=g\",\"caption\":\"Redes\"},\"url\":\"https:\\\/\\\/www.yucatanencorto.com\\\/noticias\\\/author\\\/redes\\\/\"}]}<\/script>\n<!-- \/ Yoast SEO plugin. -->","yoast_head_json":{"title":"Marcelo Ebrard visita M\u00e9rida - Yucat\u00e1n en corto","robots":{"index":"index","follow":"follow","max-snippet":"max-snippet:-1","max-image-preview":"max-image-preview:large","max-video-preview":"max-video-preview:-1"},"canonical":"https:\/\/www.yucatanencorto.com\/noticias\/marcelo-ebrard-visita-merida\/","og_locale":"es_ES","og_type":"article","og_title":"Marcelo Ebrard visita M\u00e9rida - Yucat\u00e1n en corto","og_description":"M\u00e9rida, Yucat\u00e1n, 7 de julio de 2023.- El aspirante a candidato presidencial Marcelo Ebrard Casaub\u00f3n afirm\u00f3 tener una muy buena opini\u00f3n del trabajo del Gobierno de Mauricio Vila Dosal. Durante su visita a Yucat\u00e1n, el morenista destac\u00f3 la labor realizada por Vila Dosal en la entidad, as\u00ed como el trabajo en conjunto que ha mantenido [&hellip;]","og_url":"https:\/\/www.yucatanencorto.com\/noticias\/marcelo-ebrard-visita-merida\/","og_site_name":"Yucat\u00e1n en corto","article_publisher":"http:\/\/www.facebook.com\/yucatanencorto","article_published_time":"2023-07-08T02:22:37+00:00","og_image":[{"width":576,"height":768,"url":"https:\/\/www.yucatanencorto.com\/noticias\/wp-content\/uploads\/2023\/07\/9d0ce631-cd01-40b8-9c25-ea3bfe0a21ba-scaled.jpeg","type":"image\/jpeg"}],"author":"Redes","twitter_card":"summary_large_image","twitter_creator":"@yucatanencorto","twitter_site":"@yucatanencorto","twitter_misc":{"Escrito por":"Redes","Tiempo de lectura":"2 minutos"},"schema":{"@context":"https:\/\/schema.org","@graph":[{"@type":"Article","@id":"https:\/\/www.yucatanencorto.com\/noticias\/marcelo-ebrard-visita-merida\/#article","isPartOf":{"@id":"https:\/\/www.yucatanencorto.com\/noticias\/marcelo-ebrard-visita-merida\/"},"author":{"name":"Redes","@id":"https:\/\/www.yucatanencorto.com\/noticias\/#\/schema\/person\/e2fbdfaf30a07014a43940ce989f3119"},"headline":"Marcelo Ebrard visita M\u00e9rida","datePublished":"2023-07-08T02:22:37+00:00","mainEntityOfPage":{"@id":"https:\/\/www.yucatanencorto.com\/noticias\/marcelo-ebrard-visita-merida\/"},"wordCount":372,"image":{"@id":"https:\/\/www.yucatanencorto.com\/noticias\/marcelo-ebrard-visita-merida\/#primaryimage"},"thumbnailUrl":"https:\/\/www.yucatanencorto.com\/noticias\/wp-content\/uploads\/2023\/07\/9d0ce631-cd01-40b8-9c25-ea3bfe0a21ba-scaled.jpeg","articleSection":["Yucat\u00e1n"],"inLanguage":"es"},{"@type":"WebPage","@id":"https:\/\/www.yucatanencorto.com\/noticias\/marcelo-ebrard-visita-merida\/","url":"https:\/\/www.yucatanencorto.com\/noticias\/marcelo-ebrard-visita-merida\/","name":"Marcelo Ebrard visita M\u00e9rida - Yucat\u00e1n en corto","isPartOf":{"@id":"https:\/\/www.yucatanencorto.com\/noticias\/#website"},"primaryImageOfPage":{"@id":"https:\/\/www.yucatanencorto.com\/noticias\/marcelo-ebrard-visita-merida\/#primaryimage"},"image":{"@id":"https:\/\/www.yucatanencorto.com\/noticias\/marcelo-ebrard-visita-merida\/#primaryimage"},"thumbnailUrl":"https:\/\/www.yucatanencorto.com\/noticias\/wp-content\/uploads\/2023\/07\/9d0ce631-cd01-40b8-9c25-ea3bfe0a21ba-scaled.jpeg","datePublished":"2023-07-08T02:22:37+00:00","author":{"@id":"https:\/\/www.yucatanencorto.com\/noticias\/#\/schema\/person\/e2fbdfaf30a07014a43940ce989f3119"},"breadcrumb":{"@id":"https:\/\/www.yucatanencorto.com\/noticias\/marcelo-ebrard-visita-merida\/#breadcrumb"},"inLanguage":"es","potentialAction":[{"@type":"ReadAction","target":["https:\/\/www.yucatanencorto.com\/noticias\/marcelo-ebrard-visita-merida\/"]}]},{"@type":"ImageObject","inLanguage":"es","@id":"https:\/\/www.yucatanencorto.com\/noticias\/marcelo-ebrard-visita-merida\/#primaryimage","url":"https:\/\/www.yucatanencorto.com\/noticias\/wp-content\/uploads\/2023\/07\/9d0ce631-cd01-40b8-9c25-ea3bfe0a21ba-scaled.jpeg","contentUrl":"https:\/\/www.yucatanencorto.com\/noticias\/wp-content\/uploads\/2023\/07\/9d0ce631-cd01-40b8-9c25-ea3bfe0a21ba-scaled.jpeg","width":576,"height":768},{"@type":"BreadcrumbList","@id":"https:\/\/www.yucatanencorto.com\/noticias\/marcelo-ebrard-visita-merida\/#breadcrumb","itemListElement":[{"@type":"ListItem","position":1,"name":"Portada","item":"https:\/\/www.yucatanencorto.com\/noticias\/"},{"@type":"ListItem","position":2,"name":"Marcelo Ebrard visita M\u00e9rida"}]},{"@type":"WebSite","@id":"https:\/\/www.yucatanencorto.com\/noticias\/#website","url":"https:\/\/www.yucatanencorto.com\/noticias\/","name":"Yucat\u00e1n en corto","description":"Noticias","potentialAction":[{"@type":"SearchAction","target":{"@type":"EntryPoint","urlTemplate":"https:\/\/www.yucatanencorto.com\/noticias\/?s={search_term_string}"},"query-input":{"@type":"PropertyValueSpecification","valueRequired":true,"valueName":"search_term_string"}}],"inLanguage":"es"},{"@type":"Person","@id":"https:\/\/www.yucatanencorto.com\/noticias\/#\/schema\/person\/e2fbdfaf30a07014a43940ce989f3119","name":"Redes","image":{"@type":"ImageObject","inLanguage":"es","@id":"https:\/\/secure.gravatar.com\/avatar\/5931a2d21dd7cc834f44c8c34fe56d90ed6d536ef452cbf870c7485b524dddd7?s=96&d=mm&r=g","url":"https:\/\/secure.gravatar.com\/avatar\/5931a2d21dd7cc834f44c8c34fe56d90ed6d536ef452cbf870c7485b524dddd7?s=96&d=mm&r=g","contentUrl":"https:\/\/secure.gravatar.com\/avatar\/5931a2d21dd7cc834f44c8c34fe56d90ed6d536ef452cbf870c7485b524dddd7?s=96&d=mm&r=g","caption":"Redes"},"url":"https:\/\/www.yucatanencorto.com\/noticias\/author\/redes\/"}]}},"_links":{"self":[{"href":"https:\/\/www.yucatanencorto.com\/noticias\/wp-json\/wp\/v2\/posts\/99020","targetHints":{"allow":["GET"]}}],"collection":[{"href":"https:\/\/www.yucatanencorto.com\/noticias\/wp-json\/wp\/v2\/posts"}],"about":[{"href":"https:\/\/www.yucatanencorto.com\/noticias\/wp-json\/wp\/v2\/types\/post"}],"author":[{"embeddable":true,"href":"https:\/\/www.yucatanencorto.com\/noticias\/wp-json\/wp\/v2\/users\/3"}],"replies":[{"embeddable":true,"href":"https:\/\/www.yucatanencorto.com\/noticias\/wp-json\/wp\/v2\/comments?post=99020"}],"version-history":[{"count":0,"href":"https:\/\/www.yucatanencorto.com\/noticias\/wp-json\/wp\/v2\/posts\/99020\/revisions"}],"wp:featuredmedia":[{"embeddable":true,"href":"https:\/\/www.yucatanencorto.com\/noticias\/wp-json\/wp\/v2\/media\/99021"}],"wp:attachment":[{"href":"https:\/\/www.yucatanencorto.com\/noticias\/wp-json\/wp\/v2\/media?parent=99020"}],"wp:term":[{"taxonomy":"category","embeddable":true,"href":"https:\/\/www.yucatanencorto.com\/noticias\/wp-json\/wp\/v2\/categories?post=99020"},{"taxonomy":"post_tag","embeddable":true,"href":"https:\/\/www.yucatanencorto.com\/noticias\/wp-json\/wp\/v2\/tags?post=99020"}],"curies":[{"name":"wp","href":"https:\/\/api.w.org\/{rel}","templated":true}]}}