{"id":99024,"date":"2023-07-08T10:13:06","date_gmt":"2023-07-08T16:13:06","guid":{"rendered":"https:\/\/www.yucatanencorto.com\/noticias\/?p=99024"},"modified":"2023-07-08T10:13:16","modified_gmt":"2023-07-08T16:13:16","slug":"380-agentes-se-desplegaran-para-operativo-vacacional-de-verano","status":"publish","type":"post","link":"https:\/\/www.yucatanencorto.com\/noticias\/380-agentes-se-desplegaran-para-operativo-vacacional-de-verano\/","title":{"rendered":"380 Agentes se desplegar\u00e1n para Operativo Vacacional de Verano"},"content":{"rendered":"<p><img loading=\"lazy\" decoding=\"async\" class=\"alignnone size-full wp-image-99025\" src=\"https:\/\/www.yucatanencorto.com\/noticias\/wp-content\/uploads\/2023\/07\/IMG-20230707-WA0056-scaled.jpg\" alt=\"\" width=\"705\" height=\"768\" srcset=\"https:\/\/www.yucatanencorto.com\/noticias\/wp-content\/uploads\/2023\/07\/IMG-20230707-WA0056-scaled.jpg 705w, https:\/\/www.yucatanencorto.com\/noticias\/wp-content\/uploads\/2023\/07\/IMG-20230707-WA0056-768x837.jpg 768w, https:\/\/www.yucatanencorto.com\/noticias\/wp-content\/uploads\/2023\/07\/IMG-20230707-WA0056-696x758.jpg 696w, https:\/\/www.yucatanencorto.com\/noticias\/wp-content\/uploads\/2023\/07\/IMG-20230707-WA0056-1068x1163.jpg 1068w, https:\/\/www.yucatanencorto.com\/noticias\/wp-content\/uploads\/2023\/07\/IMG-20230707-WA0056-386x420.jpg 386w\" sizes=\"auto, (max-width: 705px) 100vw, 705px\" \/><\/p>\n<p>M\u00e9rida, Yucat\u00e1n a 7 de julio de 2023.- Con la participaci\u00f3n de 380 agentes, la Polic\u00eda Municipal de M\u00e9rida podr\u00e1 en marcha el pr\u00f3ximo lunes 10 de julio su operativo vacacional, que concluir\u00e1 el domingo 27 de agosto, tiempo en el cual se reforzar\u00e1n las acciones encaminadas a la seguridad y vialidad a efectos de garantizar la tranquilidad de las personas que acudan al Centro Hist\u00f3rico de la ciudad.<\/p>\n<p>Debido a que se espera un incremento en el aforo vehicular, se implementar\u00e1n operativos viales a efecto de evitar que se generen afectaciones a la vialidad.<\/p>\n<p>Cabe indicar que como resultado de las acciones de proximidad social implementadas por la Polic\u00eda Municipal de M\u00e9rida y del trabajo de coordinaci\u00f3n con los comerciantes del centro hist\u00f3rico, en lo que va del a\u00f1o se ha logrado reducir la incidencia delictiva en el centro de la ciudad en un 38 por ciento.<\/p>\n<p>En el operativo vacacional participar\u00e1 personal de las \u00e1reas operativas pertenecientes a Seguridad Ciudadana, Vialidad, Param\u00e9dicos, la Unidad de Protecci\u00f3n Animal, Peritos en Hechos de Tr\u00e1nsito, Ingenier\u00eda Vial, la Unidad Canina, y Polic\u00edas Tur\u00edsticos, divididos en varios turnos con cobertura de 24 horas al d\u00eda.<\/p>\n<p>Del mismo modo se cubrir\u00e1n, mediante recorridos constantes, las terminales de autobuses Noreste, CAME, TAME, Autoprogreso, y Combis de Progreso.<\/p>\n<p>La vigilancia en zona habitacional del sector de jurisdicci\u00f3n de la Polic\u00eda Municipal de M\u00e9rida ser\u00e1 reforzada mediante patrullajes constantes de las unidades operativas, esto a fin de evitar los robos a casa-habitaci\u00f3n.<\/p>\n<p>En relaci\u00f3n a los operativos de alcohol\u00edmetro, se reforzar\u00e1n durante este periodo vacacional para brindar una mayor seguridad a los conductores y evitar que registren hechos de tr\u00e1nsito en que los conductores est\u00e9n bajo los efectos del alcohol.<\/p>\n<p>Asimismo, durante el operativo vacacional esta corporaci\u00f3n policial contar\u00e1 con el apoyo de su Unidad Canina la cual desarrollar\u00e1 operativos en diversos puntos del centro de la ciudad.<\/p>\n","protected":false},"excerpt":{"rendered":"<p>M\u00e9rida, Yucat\u00e1n a 7 de julio de 2023.- Con la participaci\u00f3n de 380 agentes, la Polic\u00eda Municipal de M\u00e9rida podr\u00e1 en marcha el pr\u00f3ximo lunes 10 de julio su operativo vacacional, que concluir\u00e1 el domingo 27 de agosto, tiempo en el cual se reforzar\u00e1n las acciones encaminadas a la seguridad y vialidad a efectos de [&hellip;]<\/p>\n","protected":false},"author":3,"featured_media":99025,"comment_status":"closed","ping_status":"closed","sticky":false,"template":"","format":"standard","meta":{"footnotes":""},"categories":[2],"tags":[],"class_list":{"0":"post-99024","1":"post","2":"type-post","3":"status-publish","4":"format-standard","5":"has-post-thumbnail","7":"category-merida"},"yoast_head":"<!-- This site is optimized with the Yoast SEO plugin v27.4 - https:\/\/yoast.com\/product\/yoast-seo-wordpress\/ -->\n<title>380 Agentes se desplegar\u00e1n para Operativo Vacacional de Verano - Yucat\u00e1n en corto<\/title>\n<meta name=\"robots\" content=\"index, follow, max-snippet:-1, max-image-preview:large, max-video-preview:-1\" \/>\n<link rel=\"canonical\" href=\"https:\/\/www.yucatanencorto.com\/noticias\/380-agentes-se-desplegaran-para-operativo-vacacional-de-verano\/\" \/>\n<meta property=\"og:locale\" content=\"es_ES\" \/>\n<meta property=\"og:type\" content=\"article\" \/>\n<meta property=\"og:title\" content=\"380 Agentes se desplegar\u00e1n para Operativo Vacacional de Verano - Yucat\u00e1n en corto\" \/>\n<meta property=\"og:description\" content=\"M\u00e9rida, Yucat\u00e1n a 7 de julio de 2023.- Con la participaci\u00f3n de 380 agentes, la Polic\u00eda Municipal de M\u00e9rida podr\u00e1 en marcha el pr\u00f3ximo lunes 10 de julio su operativo vacacional, que concluir\u00e1 el domingo 27 de agosto, tiempo en el cual se reforzar\u00e1n las acciones encaminadas a la seguridad y vialidad a efectos de [&hellip;]\" \/>\n<meta property=\"og:url\" content=\"https:\/\/www.yucatanencorto.com\/noticias\/380-agentes-se-desplegaran-para-operativo-vacacional-de-verano\/\" \/>\n<meta property=\"og:site_name\" content=\"Yucat\u00e1n en corto\" \/>\n<meta property=\"article:publisher\" content=\"http:\/\/www.facebook.com\/yucatanencorto\" \/>\n<meta property=\"article:published_time\" content=\"2023-07-08T16:13:06+00:00\" \/>\n<meta property=\"article:modified_time\" content=\"2023-07-08T16:13:16+00:00\" \/>\n<meta property=\"og:image\" content=\"https:\/\/www.yucatanencorto.com\/noticias\/wp-content\/uploads\/2023\/07\/IMG-20230707-WA0056-scaled.jpg\" \/>\n\t<meta property=\"og:image:width\" content=\"705\" \/>\n\t<meta property=\"og:image:height\" content=\"768\" \/>\n\t<meta property=\"og:image:type\" content=\"image\/jpeg\" \/>\n<meta name=\"author\" content=\"Redes\" \/>\n<meta name=\"twitter:card\" content=\"summary_large_image\" \/>\n<meta name=\"twitter:creator\" content=\"@yucatanencorto\" \/>\n<meta name=\"twitter:site\" content=\"@yucatanencorto\" \/>\n<meta name=\"twitter:label1\" content=\"Escrito por\" \/>\n\t<meta name=\"twitter:data1\" content=\"Redes\" \/>\n\t<meta name=\"twitter:label2\" content=\"Tiempo de lectura\" \/>\n\t<meta name=\"twitter:data2\" content=\"2 minutos\" \/>\n<script type=\"application\/ld+json\" class=\"yoast-schema-graph\">{\"@context\":\"https:\\\/\\\/schema.org\",\"@graph\":[{\"@type\":\"Article\",\"@id\":\"https:\\\/\\\/www.yucatanencorto.com\\\/noticias\\\/380-agentes-se-desplegaran-para-operativo-vacacional-de-verano\\\/#article\",\"isPartOf\":{\"@id\":\"https:\\\/\\\/www.yucatanencorto.com\\\/noticias\\\/380-agentes-se-desplegaran-para-operativo-vacacional-de-verano\\\/\"},\"author\":{\"name\":\"Redes\",\"@id\":\"https:\\\/\\\/www.yucatanencorto.com\\\/noticias\\\/#\\\/schema\\\/person\\\/e2fbdfaf30a07014a43940ce989f3119\"},\"headline\":\"380 Agentes se desplegar\u00e1n para Operativo Vacacional de Verano\",\"datePublished\":\"2023-07-08T16:13:06+00:00\",\"dateModified\":\"2023-07-08T16:13:16+00:00\",\"mainEntityOfPage\":{\"@id\":\"https:\\\/\\\/www.yucatanencorto.com\\\/noticias\\\/380-agentes-se-desplegaran-para-operativo-vacacional-de-verano\\\/\"},\"wordCount\":347,\"image\":{\"@id\":\"https:\\\/\\\/www.yucatanencorto.com\\\/noticias\\\/380-agentes-se-desplegaran-para-operativo-vacacional-de-verano\\\/#primaryimage\"},\"thumbnailUrl\":\"https:\\\/\\\/www.yucatanencorto.com\\\/noticias\\\/wp-content\\\/uploads\\\/2023\\\/07\\\/IMG-20230707-WA0056-scaled.jpg\",\"articleSection\":[\"M\u00e9rida\"],\"inLanguage\":\"es\"},{\"@type\":\"WebPage\",\"@id\":\"https:\\\/\\\/www.yucatanencorto.com\\\/noticias\\\/380-agentes-se-desplegaran-para-operativo-vacacional-de-verano\\\/\",\"url\":\"https:\\\/\\\/www.yucatanencorto.com\\\/noticias\\\/380-agentes-se-desplegaran-para-operativo-vacacional-de-verano\\\/\",\"name\":\"380 Agentes se desplegar\u00e1n para Operativo Vacacional de Verano - Yucat\u00e1n en corto\",\"isPartOf\":{\"@id\":\"https:\\\/\\\/www.yucatanencorto.com\\\/noticias\\\/#website\"},\"primaryImageOfPage\":{\"@id\":\"https:\\\/\\\/www.yucatanencorto.com\\\/noticias\\\/380-agentes-se-desplegaran-para-operativo-vacacional-de-verano\\\/#primaryimage\"},\"image\":{\"@id\":\"https:\\\/\\\/www.yucatanencorto.com\\\/noticias\\\/380-agentes-se-desplegaran-para-operativo-vacacional-de-verano\\\/#primaryimage\"},\"thumbnailUrl\":\"https:\\\/\\\/www.yucatanencorto.com\\\/noticias\\\/wp-content\\\/uploads\\\/2023\\\/07\\\/IMG-20230707-WA0056-scaled.jpg\",\"datePublished\":\"2023-07-08T16:13:06+00:00\",\"dateModified\":\"2023-07-08T16:13:16+00:00\",\"author\":{\"@id\":\"https:\\\/\\\/www.yucatanencorto.com\\\/noticias\\\/#\\\/schema\\\/person\\\/e2fbdfaf30a07014a43940ce989f3119\"},\"breadcrumb\":{\"@id\":\"https:\\\/\\\/www.yucatanencorto.com\\\/noticias\\\/380-agentes-se-desplegaran-para-operativo-vacacional-de-verano\\\/#breadcrumb\"},\"inLanguage\":\"es\",\"potentialAction\":[{\"@type\":\"ReadAction\",\"target\":[\"https:\\\/\\\/www.yucatanencorto.com\\\/noticias\\\/380-agentes-se-desplegaran-para-operativo-vacacional-de-verano\\\/\"]}]},{\"@type\":\"ImageObject\",\"inLanguage\":\"es\",\"@id\":\"https:\\\/\\\/www.yucatanencorto.com\\\/noticias\\\/380-agentes-se-desplegaran-para-operativo-vacacional-de-verano\\\/#primaryimage\",\"url\":\"https:\\\/\\\/www.yucatanencorto.com\\\/noticias\\\/wp-content\\\/uploads\\\/2023\\\/07\\\/IMG-20230707-WA0056-scaled.jpg\",\"contentUrl\":\"https:\\\/\\\/www.yucatanencorto.com\\\/noticias\\\/wp-content\\\/uploads\\\/2023\\\/07\\\/IMG-20230707-WA0056-scaled.jpg\",\"width\":705,\"height\":768},{\"@type\":\"BreadcrumbList\",\"@id\":\"https:\\\/\\\/www.yucatanencorto.com\\\/noticias\\\/380-agentes-se-desplegaran-para-operativo-vacacional-de-verano\\\/#breadcrumb\",\"itemListElement\":[{\"@type\":\"ListItem\",\"position\":1,\"name\":\"Portada\",\"item\":\"https:\\\/\\\/www.yucatanencorto.com\\\/noticias\\\/\"},{\"@type\":\"ListItem\",\"position\":2,\"name\":\"380 Agentes se desplegar\u00e1n para Operativo Vacacional de Verano\"}]},{\"@type\":\"WebSite\",\"@id\":\"https:\\\/\\\/www.yucatanencorto.com\\\/noticias\\\/#website\",\"url\":\"https:\\\/\\\/www.yucatanencorto.com\\\/noticias\\\/\",\"name\":\"Yucat\u00e1n en corto\",\"description\":\"Noticias\",\"potentialAction\":[{\"@type\":\"SearchAction\",\"target\":{\"@type\":\"EntryPoint\",\"urlTemplate\":\"https:\\\/\\\/www.yucatanencorto.com\\\/noticias\\\/?s={search_term_string}\"},\"query-input\":{\"@type\":\"PropertyValueSpecification\",\"valueRequired\":true,\"valueName\":\"search_term_string\"}}],\"inLanguage\":\"es\"},{\"@type\":\"Person\",\"@id\":\"https:\\\/\\\/www.yucatanencorto.com\\\/noticias\\\/#\\\/schema\\\/person\\\/e2fbdfaf30a07014a43940ce989f3119\",\"name\":\"Redes\",\"image\":{\"@type\":\"ImageObject\",\"inLanguage\":\"es\",\"@id\":\"https:\\\/\\\/secure.gravatar.com\\\/avatar\\\/5931a2d21dd7cc834f44c8c34fe56d90ed6d536ef452cbf870c7485b524dddd7?s=96&d=mm&r=g\",\"url\":\"https:\\\/\\\/secure.gravatar.com\\\/avatar\\\/5931a2d21dd7cc834f44c8c34fe56d90ed6d536ef452cbf870c7485b524dddd7?s=96&d=mm&r=g\",\"contentUrl\":\"https:\\\/\\\/secure.gravatar.com\\\/avatar\\\/5931a2d21dd7cc834f44c8c34fe56d90ed6d536ef452cbf870c7485b524dddd7?s=96&d=mm&r=g\",\"caption\":\"Redes\"},\"url\":\"https:\\\/\\\/www.yucatanencorto.com\\\/noticias\\\/author\\\/redes\\\/\"}]}<\/script>\n<!-- \/ Yoast SEO plugin. -->","yoast_head_json":{"title":"380 Agentes se desplegar\u00e1n para Operativo Vacacional de Verano - Yucat\u00e1n en corto","robots":{"index":"index","follow":"follow","max-snippet":"max-snippet:-1","max-image-preview":"max-image-preview:large","max-video-preview":"max-video-preview:-1"},"canonical":"https:\/\/www.yucatanencorto.com\/noticias\/380-agentes-se-desplegaran-para-operativo-vacacional-de-verano\/","og_locale":"es_ES","og_type":"article","og_title":"380 Agentes se desplegar\u00e1n para Operativo Vacacional de Verano - Yucat\u00e1n en corto","og_description":"M\u00e9rida, Yucat\u00e1n a 7 de julio de 2023.- Con la participaci\u00f3n de 380 agentes, la Polic\u00eda Municipal de M\u00e9rida podr\u00e1 en marcha el pr\u00f3ximo lunes 10 de julio su operativo vacacional, que concluir\u00e1 el domingo 27 de agosto, tiempo en el cual se reforzar\u00e1n las acciones encaminadas a la seguridad y vialidad a efectos de [&hellip;]","og_url":"https:\/\/www.yucatanencorto.com\/noticias\/380-agentes-se-desplegaran-para-operativo-vacacional-de-verano\/","og_site_name":"Yucat\u00e1n en corto","article_publisher":"http:\/\/www.facebook.com\/yucatanencorto","article_published_time":"2023-07-08T16:13:06+00:00","article_modified_time":"2023-07-08T16:13:16+00:00","og_image":[{"width":705,"height":768,"url":"https:\/\/www.yucatanencorto.com\/noticias\/wp-content\/uploads\/2023\/07\/IMG-20230707-WA0056-scaled.jpg","type":"image\/jpeg"}],"author":"Redes","twitter_card":"summary_large_image","twitter_creator":"@yucatanencorto","twitter_site":"@yucatanencorto","twitter_misc":{"Escrito por":"Redes","Tiempo de lectura":"2 minutos"},"schema":{"@context":"https:\/\/schema.org","@graph":[{"@type":"Article","@id":"https:\/\/www.yucatanencorto.com\/noticias\/380-agentes-se-desplegaran-para-operativo-vacacional-de-verano\/#article","isPartOf":{"@id":"https:\/\/www.yucatanencorto.com\/noticias\/380-agentes-se-desplegaran-para-operativo-vacacional-de-verano\/"},"author":{"name":"Redes","@id":"https:\/\/www.yucatanencorto.com\/noticias\/#\/schema\/person\/e2fbdfaf30a07014a43940ce989f3119"},"headline":"380 Agentes se desplegar\u00e1n para Operativo Vacacional de Verano","datePublished":"2023-07-08T16:13:06+00:00","dateModified":"2023-07-08T16:13:16+00:00","mainEntityOfPage":{"@id":"https:\/\/www.yucatanencorto.com\/noticias\/380-agentes-se-desplegaran-para-operativo-vacacional-de-verano\/"},"wordCount":347,"image":{"@id":"https:\/\/www.yucatanencorto.com\/noticias\/380-agentes-se-desplegaran-para-operativo-vacacional-de-verano\/#primaryimage"},"thumbnailUrl":"https:\/\/www.yucatanencorto.com\/noticias\/wp-content\/uploads\/2023\/07\/IMG-20230707-WA0056-scaled.jpg","articleSection":["M\u00e9rida"],"inLanguage":"es"},{"@type":"WebPage","@id":"https:\/\/www.yucatanencorto.com\/noticias\/380-agentes-se-desplegaran-para-operativo-vacacional-de-verano\/","url":"https:\/\/www.yucatanencorto.com\/noticias\/380-agentes-se-desplegaran-para-operativo-vacacional-de-verano\/","name":"380 Agentes se desplegar\u00e1n para Operativo Vacacional de Verano - Yucat\u00e1n en corto","isPartOf":{"@id":"https:\/\/www.yucatanencorto.com\/noticias\/#website"},"primaryImageOfPage":{"@id":"https:\/\/www.yucatanencorto.com\/noticias\/380-agentes-se-desplegaran-para-operativo-vacacional-de-verano\/#primaryimage"},"image":{"@id":"https:\/\/www.yucatanencorto.com\/noticias\/380-agentes-se-desplegaran-para-operativo-vacacional-de-verano\/#primaryimage"},"thumbnailUrl":"https:\/\/www.yucatanencorto.com\/noticias\/wp-content\/uploads\/2023\/07\/IMG-20230707-WA0056-scaled.jpg","datePublished":"2023-07-08T16:13:06+00:00","dateModified":"2023-07-08T16:13:16+00:00","author":{"@id":"https:\/\/www.yucatanencorto.com\/noticias\/#\/schema\/person\/e2fbdfaf30a07014a43940ce989f3119"},"breadcrumb":{"@id":"https:\/\/www.yucatanencorto.com\/noticias\/380-agentes-se-desplegaran-para-operativo-vacacional-de-verano\/#breadcrumb"},"inLanguage":"es","potentialAction":[{"@type":"ReadAction","target":["https:\/\/www.yucatanencorto.com\/noticias\/380-agentes-se-desplegaran-para-operativo-vacacional-de-verano\/"]}]},{"@type":"ImageObject","inLanguage":"es","@id":"https:\/\/www.yucatanencorto.com\/noticias\/380-agentes-se-desplegaran-para-operativo-vacacional-de-verano\/#primaryimage","url":"https:\/\/www.yucatanencorto.com\/noticias\/wp-content\/uploads\/2023\/07\/IMG-20230707-WA0056-scaled.jpg","contentUrl":"https:\/\/www.yucatanencorto.com\/noticias\/wp-content\/uploads\/2023\/07\/IMG-20230707-WA0056-scaled.jpg","width":705,"height":768},{"@type":"BreadcrumbList","@id":"https:\/\/www.yucatanencorto.com\/noticias\/380-agentes-se-desplegaran-para-operativo-vacacional-de-verano\/#breadcrumb","itemListElement":[{"@type":"ListItem","position":1,"name":"Portada","item":"https:\/\/www.yucatanencorto.com\/noticias\/"},{"@type":"ListItem","position":2,"name":"380 Agentes se desplegar\u00e1n para Operativo Vacacional de Verano"}]},{"@type":"WebSite","@id":"https:\/\/www.yucatanencorto.com\/noticias\/#website","url":"https:\/\/www.yucatanencorto.com\/noticias\/","name":"Yucat\u00e1n en corto","description":"Noticias","potentialAction":[{"@type":"SearchAction","target":{"@type":"EntryPoint","urlTemplate":"https:\/\/www.yucatanencorto.com\/noticias\/?s={search_term_string}"},"query-input":{"@type":"PropertyValueSpecification","valueRequired":true,"valueName":"search_term_string"}}],"inLanguage":"es"},{"@type":"Person","@id":"https:\/\/www.yucatanencorto.com\/noticias\/#\/schema\/person\/e2fbdfaf30a07014a43940ce989f3119","name":"Redes","image":{"@type":"ImageObject","inLanguage":"es","@id":"https:\/\/secure.gravatar.com\/avatar\/5931a2d21dd7cc834f44c8c34fe56d90ed6d536ef452cbf870c7485b524dddd7?s=96&d=mm&r=g","url":"https:\/\/secure.gravatar.com\/avatar\/5931a2d21dd7cc834f44c8c34fe56d90ed6d536ef452cbf870c7485b524dddd7?s=96&d=mm&r=g","contentUrl":"https:\/\/secure.gravatar.com\/avatar\/5931a2d21dd7cc834f44c8c34fe56d90ed6d536ef452cbf870c7485b524dddd7?s=96&d=mm&r=g","caption":"Redes"},"url":"https:\/\/www.yucatanencorto.com\/noticias\/author\/redes\/"}]}},"_links":{"self":[{"href":"https:\/\/www.yucatanencorto.com\/noticias\/wp-json\/wp\/v2\/posts\/99024","targetHints":{"allow":["GET"]}}],"collection":[{"href":"https:\/\/www.yucatanencorto.com\/noticias\/wp-json\/wp\/v2\/posts"}],"about":[{"href":"https:\/\/www.yucatanencorto.com\/noticias\/wp-json\/wp\/v2\/types\/post"}],"author":[{"embeddable":true,"href":"https:\/\/www.yucatanencorto.com\/noticias\/wp-json\/wp\/v2\/users\/3"}],"replies":[{"embeddable":true,"href":"https:\/\/www.yucatanencorto.com\/noticias\/wp-json\/wp\/v2\/comments?post=99024"}],"version-history":[{"count":0,"href":"https:\/\/www.yucatanencorto.com\/noticias\/wp-json\/wp\/v2\/posts\/99024\/revisions"}],"wp:featuredmedia":[{"embeddable":true,"href":"https:\/\/www.yucatanencorto.com\/noticias\/wp-json\/wp\/v2\/media\/99025"}],"wp:attachment":[{"href":"https:\/\/www.yucatanencorto.com\/noticias\/wp-json\/wp\/v2\/media?parent=99024"}],"wp:term":[{"taxonomy":"category","embeddable":true,"href":"https:\/\/www.yucatanencorto.com\/noticias\/wp-json\/wp\/v2\/categories?post=99024"},{"taxonomy":"post_tag","embeddable":true,"href":"https:\/\/www.yucatanencorto.com\/noticias\/wp-json\/wp\/v2\/tags?post=99024"}],"curies":[{"name":"wp","href":"https:\/\/api.w.org\/{rel}","templated":true}]}}