{"id":99027,"date":"2023-07-08T10:16:11","date_gmt":"2023-07-08T16:16:11","guid":{"rendered":"https:\/\/www.yucatanencorto.com\/noticias\/?p=99027"},"modified":"2023-07-08T10:16:11","modified_gmt":"2023-07-08T16:16:11","slug":"el-crucero-de-lujo-serenade-of-the-seas-llega-a-la-costa-de-yucatan-con-mas-de-2500-turistas","status":"publish","type":"post","link":"https:\/\/www.yucatanencorto.com\/noticias\/el-crucero-de-lujo-serenade-of-the-seas-llega-a-la-costa-de-yucatan-con-mas-de-2500-turistas\/","title":{"rendered":"El crucero de lujo Serenade of the Seas llega a la costa de Yucat\u00e1n, con m\u00e1s de 2,500 turistas\u00a0"},"content":{"rendered":"<p><img loading=\"lazy\" decoding=\"async\" class=\"alignnone size-full wp-image-99028\" src=\"https:\/\/www.yucatanencorto.com\/noticias\/wp-content\/uploads\/2023\/07\/IMG-20230708-WA0011-scaled.jpg\" alt=\"\" width=\"768\" height=\"512\" srcset=\"https:\/\/www.yucatanencorto.com\/noticias\/wp-content\/uploads\/2023\/07\/IMG-20230708-WA0011-scaled.jpg 768w, https:\/\/www.yucatanencorto.com\/noticias\/wp-content\/uploads\/2023\/07\/IMG-20230708-WA0011-696x464.jpg 696w, https:\/\/www.yucatanencorto.com\/noticias\/wp-content\/uploads\/2023\/07\/IMG-20230708-WA0011-1068x712.jpg 1068w, https:\/\/www.yucatanencorto.com\/noticias\/wp-content\/uploads\/2023\/07\/IMG-20230708-WA0011-630x420.jpg 630w\" sizes=\"auto, (max-width: 768px) 100vw, 768px\" \/><\/p>\n<p>Progreso, Yucat\u00e1n, 8 de julio de 2023.- Un total de 2,516 turistas lleg\u00f3 a Yucat\u00e1n, a bordo del crucero de lujo Serenade of the Seas, de la l\u00ednea naviera Royal Caribbean International, que lleg\u00f3 por primera vez al estado, como resultado de la promoci\u00f3n internacional de la entidad, que encabeza el Gobernador Mauricio Vila Dosal para seguir atrayendo turismo y derrama econ\u00f3mica, en beneficio de las y los yucatecos.<\/p>\n<p>&nbsp;<\/p>\n<p>Esta embarcaci\u00f3n de la clase Radiance, que se construy\u00f3 en 2003, en Papenburg, Alemania, y cuenta con m\u00e1s de 1,000 cabinas, arrib\u00f3 a costa yucateca a las 7:09 de la ma\u00f1ana, con 2,516 pasajeros y 847 tripulantes a bordo.<\/p>\n<p>&nbsp;<\/p>\n<p>Inici\u00f3 su recorrido en el puerto de Tampa, Florida, con un itinerario de 4 d\u00edas, en el que visit\u00f3 Progreso, donde se quedar\u00e1 10 horas y saldr\u00e1 a las 5:00 de la tarde para regresar a su punto de origen.<\/p>\n<p>&nbsp;<\/p>\n<p>Serenade of the Seas fue el primer crucero de Royal Caribbean que visit\u00f3 Alaska desde 2019 y, en 2021, se anunci\u00f3 que ofrecer\u00e1 un itinerario de 274 d\u00edas, el m\u00e1s largo de cualquier l\u00ednea de cruceros, en un viaje llamado Ultimate World Cruise, con el que partir\u00e1 de Miami, en diciembre de 2023, y visitar\u00e1 65 pa\u00edses, como Marruecos, Australia y Brasil.<\/p>\n<p>&nbsp;<\/p>\n<p>La visitante Ruth Miller, de Florida, que viaj\u00f3 con su familia, destac\u00f3 la belleza natural del territorio y la tranquilidad que se puede respirar en \u00e9l, por lo que se mostr\u00f3 entusiasmada.<\/p>\n<p>&nbsp;<\/p>\n<p>\u201cYucat\u00e1n es precioso y el d\u00eda parece que lo prepararon bello para recibirnos; nos encanta el agua cristalina que se aprecia. Hoy, tenemos muchas actividades, disfrutaremos la playa y tambi\u00e9n visitaremos algunas ruinas. \u00a1Gracias por tenernos aqu\u00ed, Yucat\u00e1n!\u201d, expres\u00f3 la estadounidense.<\/p>\n<p>&nbsp;<\/p>\n<p>Esto es posible gracias a la apuesta del Gobernador por mejorar la infraestructura de Progreso, a fin de ofrecer atractivos y experiencias a sus visitantes, como el Museo del Meteorito \u00abEl origen de la nueva vida\u00bb, espacio recreativo que da a conocer la historia biol\u00f3gica desde el impacto del referido cuerpo celeste, hace 66 millones de a\u00f1os, as\u00ed como el Sendero Jur\u00e1sico, el cual expone dinosaurios de diferentes especies, la mayor\u00eda de tama\u00f1o real y con tecnolog\u00eda rob\u00f3tica.<\/p>\n<p>&nbsp;<\/p>\n<p>Tambi\u00e9n, en equipo con el Gobierno federal, se remodel\u00f3 los parques de las comisar\u00edas de Chicxulub, Chuburn\u00e1 y Chelem, con el Malec\u00f3n y la Casa de la Cultura de esta demarcaci\u00f3n, a la vez que se cre\u00f3 el popular Callej\u00f3n del Amor.<\/p>\n<p>&nbsp;<\/p>\n<p>De esta forma, Yucat\u00e1n se contin\u00faa consolidando como un gran destino tur\u00edstico a nivel mundial, al lograr la llegada de m\u00e1s cruceros e incrementar sus productos tur\u00edsticos, en beneficio directo de las y los yucatecos que trabajan en el sector, con mayor derrama econ\u00f3mica y nuevas fuentes de empleo.<\/p>\n","protected":false},"excerpt":{"rendered":"<p>Progreso, Yucat\u00e1n, 8 de julio de 2023.- Un total de 2,516 turistas lleg\u00f3 a Yucat\u00e1n, a bordo del crucero de lujo Serenade of the Seas, de la l\u00ednea naviera Royal Caribbean International, que lleg\u00f3 por primera vez al estado, como resultado de la promoci\u00f3n internacional de la entidad, que encabeza el Gobernador Mauricio Vila Dosal [&hellip;]<\/p>\n","protected":false},"author":3,"featured_media":99028,"comment_status":"closed","ping_status":"closed","sticky":false,"template":"","format":"standard","meta":{"footnotes":""},"categories":[3],"tags":[],"class_list":{"0":"post-99027","1":"post","2":"type-post","3":"status-publish","4":"format-standard","5":"has-post-thumbnail","7":"category-yucatan"},"yoast_head":"<!-- This site is optimized with the Yoast SEO plugin v27.4 - https:\/\/yoast.com\/product\/yoast-seo-wordpress\/ -->\n<title>El crucero de lujo Serenade of the Seas llega a la costa de Yucat\u00e1n, con m\u00e1s de 2,500 turistas\u00a0 - Yucat\u00e1n en corto<\/title>\n<meta name=\"robots\" content=\"index, follow, max-snippet:-1, max-image-preview:large, max-video-preview:-1\" \/>\n<link rel=\"canonical\" href=\"https:\/\/www.yucatanencorto.com\/noticias\/el-crucero-de-lujo-serenade-of-the-seas-llega-a-la-costa-de-yucatan-con-mas-de-2500-turistas\/\" \/>\n<meta property=\"og:locale\" content=\"es_ES\" \/>\n<meta property=\"og:type\" content=\"article\" \/>\n<meta property=\"og:title\" content=\"El crucero de lujo Serenade of the Seas llega a la costa de Yucat\u00e1n, con m\u00e1s de 2,500 turistas\u00a0 - Yucat\u00e1n en corto\" \/>\n<meta property=\"og:description\" content=\"Progreso, Yucat\u00e1n, 8 de julio de 2023.- Un total de 2,516 turistas lleg\u00f3 a Yucat\u00e1n, a bordo del crucero de lujo Serenade of the Seas, de la l\u00ednea naviera Royal Caribbean International, que lleg\u00f3 por primera vez al estado, como resultado de la promoci\u00f3n internacional de la entidad, que encabeza el Gobernador Mauricio Vila Dosal [&hellip;]\" \/>\n<meta property=\"og:url\" content=\"https:\/\/www.yucatanencorto.com\/noticias\/el-crucero-de-lujo-serenade-of-the-seas-llega-a-la-costa-de-yucatan-con-mas-de-2500-turistas\/\" \/>\n<meta property=\"og:site_name\" content=\"Yucat\u00e1n en corto\" \/>\n<meta property=\"article:publisher\" content=\"http:\/\/www.facebook.com\/yucatanencorto\" \/>\n<meta property=\"article:published_time\" content=\"2023-07-08T16:16:11+00:00\" \/>\n<meta property=\"og:image\" content=\"https:\/\/www.yucatanencorto.com\/noticias\/wp-content\/uploads\/2023\/07\/IMG-20230708-WA0011-scaled.jpg\" \/>\n\t<meta property=\"og:image:width\" content=\"768\" \/>\n\t<meta property=\"og:image:height\" content=\"512\" \/>\n\t<meta property=\"og:image:type\" content=\"image\/jpeg\" \/>\n<meta name=\"author\" content=\"Redes\" \/>\n<meta name=\"twitter:card\" content=\"summary_large_image\" \/>\n<meta name=\"twitter:creator\" content=\"@yucatanencorto\" \/>\n<meta name=\"twitter:site\" content=\"@yucatanencorto\" \/>\n<meta name=\"twitter:label1\" content=\"Escrito por\" \/>\n\t<meta name=\"twitter:data1\" content=\"Redes\" \/>\n\t<meta name=\"twitter:label2\" content=\"Tiempo de lectura\" \/>\n\t<meta name=\"twitter:data2\" content=\"3 minutos\" \/>\n<script type=\"application\/ld+json\" class=\"yoast-schema-graph\">{\"@context\":\"https:\\\/\\\/schema.org\",\"@graph\":[{\"@type\":\"Article\",\"@id\":\"https:\\\/\\\/www.yucatanencorto.com\\\/noticias\\\/el-crucero-de-lujo-serenade-of-the-seas-llega-a-la-costa-de-yucatan-con-mas-de-2500-turistas\\\/#article\",\"isPartOf\":{\"@id\":\"https:\\\/\\\/www.yucatanencorto.com\\\/noticias\\\/el-crucero-de-lujo-serenade-of-the-seas-llega-a-la-costa-de-yucatan-con-mas-de-2500-turistas\\\/\"},\"author\":{\"name\":\"Redes\",\"@id\":\"https:\\\/\\\/www.yucatanencorto.com\\\/noticias\\\/#\\\/schema\\\/person\\\/e2fbdfaf30a07014a43940ce989f3119\"},\"headline\":\"El crucero de lujo Serenade of the Seas llega a la costa de Yucat\u00e1n, con m\u00e1s de 2,500 turistas\u00a0\",\"datePublished\":\"2023-07-08T16:16:11+00:00\",\"mainEntityOfPage\":{\"@id\":\"https:\\\/\\\/www.yucatanencorto.com\\\/noticias\\\/el-crucero-de-lujo-serenade-of-the-seas-llega-a-la-costa-de-yucatan-con-mas-de-2500-turistas\\\/\"},\"wordCount\":499,\"image\":{\"@id\":\"https:\\\/\\\/www.yucatanencorto.com\\\/noticias\\\/el-crucero-de-lujo-serenade-of-the-seas-llega-a-la-costa-de-yucatan-con-mas-de-2500-turistas\\\/#primaryimage\"},\"thumbnailUrl\":\"https:\\\/\\\/www.yucatanencorto.com\\\/noticias\\\/wp-content\\\/uploads\\\/2023\\\/07\\\/IMG-20230708-WA0011-scaled.jpg\",\"articleSection\":[\"Yucat\u00e1n\"],\"inLanguage\":\"es\"},{\"@type\":\"WebPage\",\"@id\":\"https:\\\/\\\/www.yucatanencorto.com\\\/noticias\\\/el-crucero-de-lujo-serenade-of-the-seas-llega-a-la-costa-de-yucatan-con-mas-de-2500-turistas\\\/\",\"url\":\"https:\\\/\\\/www.yucatanencorto.com\\\/noticias\\\/el-crucero-de-lujo-serenade-of-the-seas-llega-a-la-costa-de-yucatan-con-mas-de-2500-turistas\\\/\",\"name\":\"El crucero de lujo Serenade of the Seas llega a la costa de Yucat\u00e1n, con m\u00e1s de 2,500 turistas\u00a0 - Yucat\u00e1n en corto\",\"isPartOf\":{\"@id\":\"https:\\\/\\\/www.yucatanencorto.com\\\/noticias\\\/#website\"},\"primaryImageOfPage\":{\"@id\":\"https:\\\/\\\/www.yucatanencorto.com\\\/noticias\\\/el-crucero-de-lujo-serenade-of-the-seas-llega-a-la-costa-de-yucatan-con-mas-de-2500-turistas\\\/#primaryimage\"},\"image\":{\"@id\":\"https:\\\/\\\/www.yucatanencorto.com\\\/noticias\\\/el-crucero-de-lujo-serenade-of-the-seas-llega-a-la-costa-de-yucatan-con-mas-de-2500-turistas\\\/#primaryimage\"},\"thumbnailUrl\":\"https:\\\/\\\/www.yucatanencorto.com\\\/noticias\\\/wp-content\\\/uploads\\\/2023\\\/07\\\/IMG-20230708-WA0011-scaled.jpg\",\"datePublished\":\"2023-07-08T16:16:11+00:00\",\"author\":{\"@id\":\"https:\\\/\\\/www.yucatanencorto.com\\\/noticias\\\/#\\\/schema\\\/person\\\/e2fbdfaf30a07014a43940ce989f3119\"},\"breadcrumb\":{\"@id\":\"https:\\\/\\\/www.yucatanencorto.com\\\/noticias\\\/el-crucero-de-lujo-serenade-of-the-seas-llega-a-la-costa-de-yucatan-con-mas-de-2500-turistas\\\/#breadcrumb\"},\"inLanguage\":\"es\",\"potentialAction\":[{\"@type\":\"ReadAction\",\"target\":[\"https:\\\/\\\/www.yucatanencorto.com\\\/noticias\\\/el-crucero-de-lujo-serenade-of-the-seas-llega-a-la-costa-de-yucatan-con-mas-de-2500-turistas\\\/\"]}]},{\"@type\":\"ImageObject\",\"inLanguage\":\"es\",\"@id\":\"https:\\\/\\\/www.yucatanencorto.com\\\/noticias\\\/el-crucero-de-lujo-serenade-of-the-seas-llega-a-la-costa-de-yucatan-con-mas-de-2500-turistas\\\/#primaryimage\",\"url\":\"https:\\\/\\\/www.yucatanencorto.com\\\/noticias\\\/wp-content\\\/uploads\\\/2023\\\/07\\\/IMG-20230708-WA0011-scaled.jpg\",\"contentUrl\":\"https:\\\/\\\/www.yucatanencorto.com\\\/noticias\\\/wp-content\\\/uploads\\\/2023\\\/07\\\/IMG-20230708-WA0011-scaled.jpg\",\"width\":768,\"height\":512},{\"@type\":\"BreadcrumbList\",\"@id\":\"https:\\\/\\\/www.yucatanencorto.com\\\/noticias\\\/el-crucero-de-lujo-serenade-of-the-seas-llega-a-la-costa-de-yucatan-con-mas-de-2500-turistas\\\/#breadcrumb\",\"itemListElement\":[{\"@type\":\"ListItem\",\"position\":1,\"name\":\"Portada\",\"item\":\"https:\\\/\\\/www.yucatanencorto.com\\\/noticias\\\/\"},{\"@type\":\"ListItem\",\"position\":2,\"name\":\"El crucero de lujo Serenade of the Seas llega a la costa de Yucat\u00e1n, con m\u00e1s de 2,500 turistas\u00a0\"}]},{\"@type\":\"WebSite\",\"@id\":\"https:\\\/\\\/www.yucatanencorto.com\\\/noticias\\\/#website\",\"url\":\"https:\\\/\\\/www.yucatanencorto.com\\\/noticias\\\/\",\"name\":\"Yucat\u00e1n en corto\",\"description\":\"Noticias\",\"potentialAction\":[{\"@type\":\"SearchAction\",\"target\":{\"@type\":\"EntryPoint\",\"urlTemplate\":\"https:\\\/\\\/www.yucatanencorto.com\\\/noticias\\\/?s={search_term_string}\"},\"query-input\":{\"@type\":\"PropertyValueSpecification\",\"valueRequired\":true,\"valueName\":\"search_term_string\"}}],\"inLanguage\":\"es\"},{\"@type\":\"Person\",\"@id\":\"https:\\\/\\\/www.yucatanencorto.com\\\/noticias\\\/#\\\/schema\\\/person\\\/e2fbdfaf30a07014a43940ce989f3119\",\"name\":\"Redes\",\"image\":{\"@type\":\"ImageObject\",\"inLanguage\":\"es\",\"@id\":\"https:\\\/\\\/secure.gravatar.com\\\/avatar\\\/5931a2d21dd7cc834f44c8c34fe56d90ed6d536ef452cbf870c7485b524dddd7?s=96&d=mm&r=g\",\"url\":\"https:\\\/\\\/secure.gravatar.com\\\/avatar\\\/5931a2d21dd7cc834f44c8c34fe56d90ed6d536ef452cbf870c7485b524dddd7?s=96&d=mm&r=g\",\"contentUrl\":\"https:\\\/\\\/secure.gravatar.com\\\/avatar\\\/5931a2d21dd7cc834f44c8c34fe56d90ed6d536ef452cbf870c7485b524dddd7?s=96&d=mm&r=g\",\"caption\":\"Redes\"},\"url\":\"https:\\\/\\\/www.yucatanencorto.com\\\/noticias\\\/author\\\/redes\\\/\"}]}<\/script>\n<!-- \/ Yoast SEO plugin. -->","yoast_head_json":{"title":"El crucero de lujo Serenade of the Seas llega a la costa de Yucat\u00e1n, con m\u00e1s de 2,500 turistas\u00a0 - Yucat\u00e1n en corto","robots":{"index":"index","follow":"follow","max-snippet":"max-snippet:-1","max-image-preview":"max-image-preview:large","max-video-preview":"max-video-preview:-1"},"canonical":"https:\/\/www.yucatanencorto.com\/noticias\/el-crucero-de-lujo-serenade-of-the-seas-llega-a-la-costa-de-yucatan-con-mas-de-2500-turistas\/","og_locale":"es_ES","og_type":"article","og_title":"El crucero de lujo Serenade of the Seas llega a la costa de Yucat\u00e1n, con m\u00e1s de 2,500 turistas\u00a0 - Yucat\u00e1n en corto","og_description":"Progreso, Yucat\u00e1n, 8 de julio de 2023.- Un total de 2,516 turistas lleg\u00f3 a Yucat\u00e1n, a bordo del crucero de lujo Serenade of the Seas, de la l\u00ednea naviera Royal Caribbean International, que lleg\u00f3 por primera vez al estado, como resultado de la promoci\u00f3n internacional de la entidad, que encabeza el Gobernador Mauricio Vila Dosal [&hellip;]","og_url":"https:\/\/www.yucatanencorto.com\/noticias\/el-crucero-de-lujo-serenade-of-the-seas-llega-a-la-costa-de-yucatan-con-mas-de-2500-turistas\/","og_site_name":"Yucat\u00e1n en corto","article_publisher":"http:\/\/www.facebook.com\/yucatanencorto","article_published_time":"2023-07-08T16:16:11+00:00","og_image":[{"width":768,"height":512,"url":"https:\/\/www.yucatanencorto.com\/noticias\/wp-content\/uploads\/2023\/07\/IMG-20230708-WA0011-scaled.jpg","type":"image\/jpeg"}],"author":"Redes","twitter_card":"summary_large_image","twitter_creator":"@yucatanencorto","twitter_site":"@yucatanencorto","twitter_misc":{"Escrito por":"Redes","Tiempo de lectura":"3 minutos"},"schema":{"@context":"https:\/\/schema.org","@graph":[{"@type":"Article","@id":"https:\/\/www.yucatanencorto.com\/noticias\/el-crucero-de-lujo-serenade-of-the-seas-llega-a-la-costa-de-yucatan-con-mas-de-2500-turistas\/#article","isPartOf":{"@id":"https:\/\/www.yucatanencorto.com\/noticias\/el-crucero-de-lujo-serenade-of-the-seas-llega-a-la-costa-de-yucatan-con-mas-de-2500-turistas\/"},"author":{"name":"Redes","@id":"https:\/\/www.yucatanencorto.com\/noticias\/#\/schema\/person\/e2fbdfaf30a07014a43940ce989f3119"},"headline":"El crucero de lujo Serenade of the Seas llega a la costa de Yucat\u00e1n, con m\u00e1s de 2,500 turistas\u00a0","datePublished":"2023-07-08T16:16:11+00:00","mainEntityOfPage":{"@id":"https:\/\/www.yucatanencorto.com\/noticias\/el-crucero-de-lujo-serenade-of-the-seas-llega-a-la-costa-de-yucatan-con-mas-de-2500-turistas\/"},"wordCount":499,"image":{"@id":"https:\/\/www.yucatanencorto.com\/noticias\/el-crucero-de-lujo-serenade-of-the-seas-llega-a-la-costa-de-yucatan-con-mas-de-2500-turistas\/#primaryimage"},"thumbnailUrl":"https:\/\/www.yucatanencorto.com\/noticias\/wp-content\/uploads\/2023\/07\/IMG-20230708-WA0011-scaled.jpg","articleSection":["Yucat\u00e1n"],"inLanguage":"es"},{"@type":"WebPage","@id":"https:\/\/www.yucatanencorto.com\/noticias\/el-crucero-de-lujo-serenade-of-the-seas-llega-a-la-costa-de-yucatan-con-mas-de-2500-turistas\/","url":"https:\/\/www.yucatanencorto.com\/noticias\/el-crucero-de-lujo-serenade-of-the-seas-llega-a-la-costa-de-yucatan-con-mas-de-2500-turistas\/","name":"El crucero de lujo Serenade of the Seas llega a la costa de Yucat\u00e1n, con m\u00e1s de 2,500 turistas\u00a0 - Yucat\u00e1n en corto","isPartOf":{"@id":"https:\/\/www.yucatanencorto.com\/noticias\/#website"},"primaryImageOfPage":{"@id":"https:\/\/www.yucatanencorto.com\/noticias\/el-crucero-de-lujo-serenade-of-the-seas-llega-a-la-costa-de-yucatan-con-mas-de-2500-turistas\/#primaryimage"},"image":{"@id":"https:\/\/www.yucatanencorto.com\/noticias\/el-crucero-de-lujo-serenade-of-the-seas-llega-a-la-costa-de-yucatan-con-mas-de-2500-turistas\/#primaryimage"},"thumbnailUrl":"https:\/\/www.yucatanencorto.com\/noticias\/wp-content\/uploads\/2023\/07\/IMG-20230708-WA0011-scaled.jpg","datePublished":"2023-07-08T16:16:11+00:00","author":{"@id":"https:\/\/www.yucatanencorto.com\/noticias\/#\/schema\/person\/e2fbdfaf30a07014a43940ce989f3119"},"breadcrumb":{"@id":"https:\/\/www.yucatanencorto.com\/noticias\/el-crucero-de-lujo-serenade-of-the-seas-llega-a-la-costa-de-yucatan-con-mas-de-2500-turistas\/#breadcrumb"},"inLanguage":"es","potentialAction":[{"@type":"ReadAction","target":["https:\/\/www.yucatanencorto.com\/noticias\/el-crucero-de-lujo-serenade-of-the-seas-llega-a-la-costa-de-yucatan-con-mas-de-2500-turistas\/"]}]},{"@type":"ImageObject","inLanguage":"es","@id":"https:\/\/www.yucatanencorto.com\/noticias\/el-crucero-de-lujo-serenade-of-the-seas-llega-a-la-costa-de-yucatan-con-mas-de-2500-turistas\/#primaryimage","url":"https:\/\/www.yucatanencorto.com\/noticias\/wp-content\/uploads\/2023\/07\/IMG-20230708-WA0011-scaled.jpg","contentUrl":"https:\/\/www.yucatanencorto.com\/noticias\/wp-content\/uploads\/2023\/07\/IMG-20230708-WA0011-scaled.jpg","width":768,"height":512},{"@type":"BreadcrumbList","@id":"https:\/\/www.yucatanencorto.com\/noticias\/el-crucero-de-lujo-serenade-of-the-seas-llega-a-la-costa-de-yucatan-con-mas-de-2500-turistas\/#breadcrumb","itemListElement":[{"@type":"ListItem","position":1,"name":"Portada","item":"https:\/\/www.yucatanencorto.com\/noticias\/"},{"@type":"ListItem","position":2,"name":"El crucero de lujo Serenade of the Seas llega a la costa de Yucat\u00e1n, con m\u00e1s de 2,500 turistas\u00a0"}]},{"@type":"WebSite","@id":"https:\/\/www.yucatanencorto.com\/noticias\/#website","url":"https:\/\/www.yucatanencorto.com\/noticias\/","name":"Yucat\u00e1n en corto","description":"Noticias","potentialAction":[{"@type":"SearchAction","target":{"@type":"EntryPoint","urlTemplate":"https:\/\/www.yucatanencorto.com\/noticias\/?s={search_term_string}"},"query-input":{"@type":"PropertyValueSpecification","valueRequired":true,"valueName":"search_term_string"}}],"inLanguage":"es"},{"@type":"Person","@id":"https:\/\/www.yucatanencorto.com\/noticias\/#\/schema\/person\/e2fbdfaf30a07014a43940ce989f3119","name":"Redes","image":{"@type":"ImageObject","inLanguage":"es","@id":"https:\/\/secure.gravatar.com\/avatar\/5931a2d21dd7cc834f44c8c34fe56d90ed6d536ef452cbf870c7485b524dddd7?s=96&d=mm&r=g","url":"https:\/\/secure.gravatar.com\/avatar\/5931a2d21dd7cc834f44c8c34fe56d90ed6d536ef452cbf870c7485b524dddd7?s=96&d=mm&r=g","contentUrl":"https:\/\/secure.gravatar.com\/avatar\/5931a2d21dd7cc834f44c8c34fe56d90ed6d536ef452cbf870c7485b524dddd7?s=96&d=mm&r=g","caption":"Redes"},"url":"https:\/\/www.yucatanencorto.com\/noticias\/author\/redes\/"}]}},"_links":{"self":[{"href":"https:\/\/www.yucatanencorto.com\/noticias\/wp-json\/wp\/v2\/posts\/99027","targetHints":{"allow":["GET"]}}],"collection":[{"href":"https:\/\/www.yucatanencorto.com\/noticias\/wp-json\/wp\/v2\/posts"}],"about":[{"href":"https:\/\/www.yucatanencorto.com\/noticias\/wp-json\/wp\/v2\/types\/post"}],"author":[{"embeddable":true,"href":"https:\/\/www.yucatanencorto.com\/noticias\/wp-json\/wp\/v2\/users\/3"}],"replies":[{"embeddable":true,"href":"https:\/\/www.yucatanencorto.com\/noticias\/wp-json\/wp\/v2\/comments?post=99027"}],"version-history":[{"count":0,"href":"https:\/\/www.yucatanencorto.com\/noticias\/wp-json\/wp\/v2\/posts\/99027\/revisions"}],"wp:featuredmedia":[{"embeddable":true,"href":"https:\/\/www.yucatanencorto.com\/noticias\/wp-json\/wp\/v2\/media\/99028"}],"wp:attachment":[{"href":"https:\/\/www.yucatanencorto.com\/noticias\/wp-json\/wp\/v2\/media?parent=99027"}],"wp:term":[{"taxonomy":"category","embeddable":true,"href":"https:\/\/www.yucatanencorto.com\/noticias\/wp-json\/wp\/v2\/categories?post=99027"},{"taxonomy":"post_tag","embeddable":true,"href":"https:\/\/www.yucatanencorto.com\/noticias\/wp-json\/wp\/v2\/tags?post=99027"}],"curies":[{"name":"wp","href":"https:\/\/api.w.org\/{rel}","templated":true}]}}