{"id":99034,"date":"2023-07-08T20:13:04","date_gmt":"2023-07-09T02:13:04","guid":{"rendered":"https:\/\/www.yucatanencorto.com\/noticias\/?p=99034"},"modified":"2023-07-08T20:13:04","modified_gmt":"2023-07-09T02:13:04","slug":"inaugura-la-feria-de-becas-de-descuento-en-su-edicion-dieciseis","status":"publish","type":"post","link":"https:\/\/www.yucatanencorto.com\/noticias\/inaugura-la-feria-de-becas-de-descuento-en-su-edicion-dieciseis\/","title":{"rendered":"Inaugura la Feria de Becas de Descuento en su edici\u00f3n diecis\u00e9is"},"content":{"rendered":"<p><img loading=\"lazy\" decoding=\"async\" class=\"alignnone size-full wp-image-99035\" src=\"https:\/\/www.yucatanencorto.com\/noticias\/wp-content\/uploads\/2023\/07\/225fecc9-26e1-4697-83a2-49986f59d21a-scaled.jpeg\" alt=\"\" width=\"768\" height=\"512\" srcset=\"https:\/\/www.yucatanencorto.com\/noticias\/wp-content\/uploads\/2023\/07\/225fecc9-26e1-4697-83a2-49986f59d21a-scaled.jpeg 768w, https:\/\/www.yucatanencorto.com\/noticias\/wp-content\/uploads\/2023\/07\/225fecc9-26e1-4697-83a2-49986f59d21a-696x464.jpeg 696w, https:\/\/www.yucatanencorto.com\/noticias\/wp-content\/uploads\/2023\/07\/225fecc9-26e1-4697-83a2-49986f59d21a-1068x712.jpeg 1068w, https:\/\/www.yucatanencorto.com\/noticias\/wp-content\/uploads\/2023\/07\/225fecc9-26e1-4697-83a2-49986f59d21a-630x420.jpeg 630w\" sizes=\"auto, (max-width: 768px) 100vw, 768px\" \/><\/p>\n<p>M\u00e9rida, Yucat\u00e1n a 8 de julio de 2023.- Para brindar m\u00e1s oportunidades de superaci\u00f3n a las y los estudiantes de bachillerato a posgrado, el Alcalde Ren\u00e1n Barrera Concha otorgar\u00e1 m\u00e1s de tres mil becas de descuento en 65 instituciones privadas con el objetivo de que cada d\u00eda m\u00e1s j\u00f3venes contin\u00faen con sus estudios.<\/p>\n<p>En la inauguraci\u00f3n de la 16\u00aa edici\u00f3n de la Feria de Becas de Descuento 2023, el Presidente Municipal inform\u00f3 que estas tres mil becas representan un descuento entre el 20 y el 60% en 65 instituciones educativas privadas.<br \/>\n\u201cEstas tres mil becas no s\u00f3lo estar\u00e1n disponibles en esta feria, tambi\u00e9n en la Direcci\u00f3n de Desarrollo Social podr\u00e1n solicitarlas para que las familias tengan la oportunidad de acceder a ellas\u201d, expres\u00f3.<br \/>\nCon este programa basado en la colaboraci\u00f3n solidaria y generosa, abund\u00f3, como Municipio contribuimos a reducir la deserci\u00f3n escolar en nuestra ciudad.<br \/>\nExplic\u00f3 que en esta Feria de Becas se reunieron todas las opciones de bachillerato, licenciatura o posgrados disponibles en las escuelas particulares de la ciudad, para que las familias exploren las opciones que tienen a su alcance.<br \/>\nSe\u00f1al\u00f3 que estas becas representan un importante apoyo a la econom\u00eda familiar, haciendo que los pagos sean m\u00e1s accesibles y, as\u00ed, evitar que las y los j\u00f3venes abandonen sus estudios.<br \/>\nEn compa\u00f1\u00eda de Manuel Jes\u00fas Herrera Cetina, director general del Centro Universitario Rep\u00fablica de M\u00e9xico, y Felipe Ortiz Compa\u00f1, rector de la Universidad Privada de la Pen\u00ednsula, el Alcalde record\u00f3 que el Ayuntamiento tiene diversos programas enfocados a apoyar la educaci\u00f3n, como son Computadora en Casa, que a la fecha ha entregado m\u00e1s de 700 laptops y las becas de preparaci\u00f3n para el EXANI I y II.<br \/>\nEn su intervenci\u00f3n, Ortiz Compa\u00f1 agradeci\u00f3 al Alcalde por trabajar de la mano con las instituciones privadas para ofrecerles a las y los estudiantes nuevas alternativas para continuar con su preparaci\u00f3n profesional.<br \/>\n\u201cNo cabe duda que cuando gobierno, sociedad civil y el sector empresarial trabajan unidos, la comunidad obtiene mayores beneficios, pues entre todos impulsamos el bien com\u00fan\u201d, expres\u00f3.<br \/>\nDurante el evento efectuado en el Centro de Convenciones Siglo XXI, la estudiante de Licenciatura en Educaci\u00f3n y alumna beneficiada por el Programa de Becas de Descuento 2022, Kimberly \u00c1lvarez Esquivel, agradeci\u00f3 al Alcalde por la oportunidad de continuar con sus estudios.<br \/>\n\u201cA trav\u00e9s de las Becas de Descuentos, el a\u00f1o pasado encontr\u00e9 muchas opciones interesantes para continuar estudiando, y, lo m\u00e1s importante, este descuento que me otorgaron me permiti\u00f3 seguir prepar\u00e1ndome sin afectar la econom\u00eda de mi familia\u201d, se\u00f1al\u00f3.<br \/>\nPor otra parte, Sof\u00eda Nazar Xacur, agradeci\u00f3 al Alcalde por la realizaci\u00f3n de esta Feria de Becas de Descuentos, porque representa una opci\u00f3n para continuar prepar\u00e1ndose profesionalmente.<br \/>\n\u201cEn esta feria hay muchas ofertas tanto en inscripciones como en colegiaturas y eso nos facilita seguir estudiando. Yo ya encontr\u00e9 la universidad donde voy a estudiar Psicolog\u00eda y me voy con mi beca del 50%\u201d, indic\u00f3.<br \/>\nAsimismo, David de Jes\u00fas Tzuc Chan, del municipio de Kinchil, coment\u00f3 que con este programa encontr\u00f3 precios accesibles para seguir estudiando.<br \/>\n\u201cEl Alcalde nos ayuda mucho con este programa, ya que cuando las familias tienen m\u00e1s hijos que tambi\u00e9n est\u00e1n estudiando, es m\u00e1s dif\u00edcil pagar una colegiatura en una escuela privada, pero con los descuentos que hoy nos ofrecen, mis pap\u00e1s ya no lo ver\u00e1n tan duro\u201d, dijo.<br \/>\nPor su parte, la directora de Desarrollo Social, Mar\u00eda Jos\u00e9 C\u00e1ceres Delgado, explic\u00f3 que los requisitos para obtener una de las becas de descuento son: ser alumna\/o de nuevo ingreso para alguna de las escuelas participantes; tener un promedio m\u00ednimo de 80, el cual comprobar\u00e1n mediante una copia del \u00faltimo certificado de estudios con promedio, constancia de estudios con promedio final o \u00faltima boleta de calificaciones; copia del comprobante de domicilio (CFE o JAPAY), m\u00e1ximo tres meses de antig\u00fcedad y copia de Identificaci\u00f3n oficial con fotograf\u00eda, si es mayor de edad, o copia de Acta de Nacimiento en caso de ser menor de edad.<br \/>\nFinalmente, el evento incluy\u00f3 una convivencia con los cosplayers Hitomi, Nere Sama, Pam Evangeline, Serenity, Web Warriors, Brenditz y Yerahoney.<\/p>\n","protected":false},"excerpt":{"rendered":"<p>M\u00e9rida, Yucat\u00e1n a 8 de julio de 2023.- Para brindar m\u00e1s oportunidades de superaci\u00f3n a las y los estudiantes de bachillerato a posgrado, el Alcalde Ren\u00e1n Barrera Concha otorgar\u00e1 m\u00e1s de tres mil becas de descuento en 65 instituciones privadas con el objetivo de que cada d\u00eda m\u00e1s j\u00f3venes contin\u00faen con sus estudios. En la [&hellip;]<\/p>\n","protected":false},"author":3,"featured_media":99035,"comment_status":"closed","ping_status":"closed","sticky":false,"template":"","format":"standard","meta":{"footnotes":""},"categories":[2],"tags":[],"class_list":{"0":"post-99034","1":"post","2":"type-post","3":"status-publish","4":"format-standard","5":"has-post-thumbnail","7":"category-merida"},"yoast_head":"<!-- This site is optimized with the Yoast SEO plugin v27.4 - https:\/\/yoast.com\/product\/yoast-seo-wordpress\/ -->\n<title>Inaugura la Feria de Becas de Descuento en su edici\u00f3n diecis\u00e9is - Yucat\u00e1n en corto<\/title>\n<meta name=\"robots\" content=\"index, follow, max-snippet:-1, max-image-preview:large, max-video-preview:-1\" \/>\n<link rel=\"canonical\" href=\"https:\/\/www.yucatanencorto.com\/noticias\/inaugura-la-feria-de-becas-de-descuento-en-su-edicion-dieciseis\/\" \/>\n<meta property=\"og:locale\" content=\"es_ES\" \/>\n<meta property=\"og:type\" content=\"article\" \/>\n<meta property=\"og:title\" content=\"Inaugura la Feria de Becas de Descuento en su edici\u00f3n diecis\u00e9is - Yucat\u00e1n en corto\" \/>\n<meta property=\"og:description\" content=\"M\u00e9rida, Yucat\u00e1n a 8 de julio de 2023.- Para brindar m\u00e1s oportunidades de superaci\u00f3n a las y los estudiantes de bachillerato a posgrado, el Alcalde Ren\u00e1n Barrera Concha otorgar\u00e1 m\u00e1s de tres mil becas de descuento en 65 instituciones privadas con el objetivo de que cada d\u00eda m\u00e1s j\u00f3venes contin\u00faen con sus estudios. En la [&hellip;]\" \/>\n<meta property=\"og:url\" content=\"https:\/\/www.yucatanencorto.com\/noticias\/inaugura-la-feria-de-becas-de-descuento-en-su-edicion-dieciseis\/\" \/>\n<meta property=\"og:site_name\" content=\"Yucat\u00e1n en corto\" \/>\n<meta property=\"article:publisher\" content=\"http:\/\/www.facebook.com\/yucatanencorto\" \/>\n<meta property=\"article:published_time\" content=\"2023-07-09T02:13:04+00:00\" \/>\n<meta property=\"og:image\" content=\"https:\/\/www.yucatanencorto.com\/noticias\/wp-content\/uploads\/2023\/07\/225fecc9-26e1-4697-83a2-49986f59d21a-scaled.jpeg\" \/>\n\t<meta property=\"og:image:width\" content=\"768\" \/>\n\t<meta property=\"og:image:height\" content=\"512\" \/>\n\t<meta property=\"og:image:type\" content=\"image\/jpeg\" \/>\n<meta name=\"author\" content=\"Redes\" \/>\n<meta name=\"twitter:card\" content=\"summary_large_image\" \/>\n<meta name=\"twitter:creator\" content=\"@yucatanencorto\" \/>\n<meta name=\"twitter:site\" content=\"@yucatanencorto\" \/>\n<meta name=\"twitter:label1\" content=\"Escrito por\" \/>\n\t<meta name=\"twitter:data1\" content=\"Redes\" \/>\n\t<meta name=\"twitter:label2\" content=\"Tiempo de lectura\" \/>\n\t<meta name=\"twitter:data2\" content=\"4 minutos\" \/>\n<script type=\"application\/ld+json\" class=\"yoast-schema-graph\">{\"@context\":\"https:\\\/\\\/schema.org\",\"@graph\":[{\"@type\":\"Article\",\"@id\":\"https:\\\/\\\/www.yucatanencorto.com\\\/noticias\\\/inaugura-la-feria-de-becas-de-descuento-en-su-edicion-dieciseis\\\/#article\",\"isPartOf\":{\"@id\":\"https:\\\/\\\/www.yucatanencorto.com\\\/noticias\\\/inaugura-la-feria-de-becas-de-descuento-en-su-edicion-dieciseis\\\/\"},\"author\":{\"name\":\"Redes\",\"@id\":\"https:\\\/\\\/www.yucatanencorto.com\\\/noticias\\\/#\\\/schema\\\/person\\\/e2fbdfaf30a07014a43940ce989f3119\"},\"headline\":\"Inaugura la Feria de Becas de Descuento en su edici\u00f3n diecis\u00e9is\",\"datePublished\":\"2023-07-09T02:13:04+00:00\",\"mainEntityOfPage\":{\"@id\":\"https:\\\/\\\/www.yucatanencorto.com\\\/noticias\\\/inaugura-la-feria-de-becas-de-descuento-en-su-edicion-dieciseis\\\/\"},\"wordCount\":739,\"image\":{\"@id\":\"https:\\\/\\\/www.yucatanencorto.com\\\/noticias\\\/inaugura-la-feria-de-becas-de-descuento-en-su-edicion-dieciseis\\\/#primaryimage\"},\"thumbnailUrl\":\"https:\\\/\\\/www.yucatanencorto.com\\\/noticias\\\/wp-content\\\/uploads\\\/2023\\\/07\\\/225fecc9-26e1-4697-83a2-49986f59d21a-scaled.jpeg\",\"articleSection\":[\"M\u00e9rida\"],\"inLanguage\":\"es\"},{\"@type\":\"WebPage\",\"@id\":\"https:\\\/\\\/www.yucatanencorto.com\\\/noticias\\\/inaugura-la-feria-de-becas-de-descuento-en-su-edicion-dieciseis\\\/\",\"url\":\"https:\\\/\\\/www.yucatanencorto.com\\\/noticias\\\/inaugura-la-feria-de-becas-de-descuento-en-su-edicion-dieciseis\\\/\",\"name\":\"Inaugura la Feria de Becas de Descuento en su edici\u00f3n diecis\u00e9is - Yucat\u00e1n en corto\",\"isPartOf\":{\"@id\":\"https:\\\/\\\/www.yucatanencorto.com\\\/noticias\\\/#website\"},\"primaryImageOfPage\":{\"@id\":\"https:\\\/\\\/www.yucatanencorto.com\\\/noticias\\\/inaugura-la-feria-de-becas-de-descuento-en-su-edicion-dieciseis\\\/#primaryimage\"},\"image\":{\"@id\":\"https:\\\/\\\/www.yucatanencorto.com\\\/noticias\\\/inaugura-la-feria-de-becas-de-descuento-en-su-edicion-dieciseis\\\/#primaryimage\"},\"thumbnailUrl\":\"https:\\\/\\\/www.yucatanencorto.com\\\/noticias\\\/wp-content\\\/uploads\\\/2023\\\/07\\\/225fecc9-26e1-4697-83a2-49986f59d21a-scaled.jpeg\",\"datePublished\":\"2023-07-09T02:13:04+00:00\",\"author\":{\"@id\":\"https:\\\/\\\/www.yucatanencorto.com\\\/noticias\\\/#\\\/schema\\\/person\\\/e2fbdfaf30a07014a43940ce989f3119\"},\"breadcrumb\":{\"@id\":\"https:\\\/\\\/www.yucatanencorto.com\\\/noticias\\\/inaugura-la-feria-de-becas-de-descuento-en-su-edicion-dieciseis\\\/#breadcrumb\"},\"inLanguage\":\"es\",\"potentialAction\":[{\"@type\":\"ReadAction\",\"target\":[\"https:\\\/\\\/www.yucatanencorto.com\\\/noticias\\\/inaugura-la-feria-de-becas-de-descuento-en-su-edicion-dieciseis\\\/\"]}]},{\"@type\":\"ImageObject\",\"inLanguage\":\"es\",\"@id\":\"https:\\\/\\\/www.yucatanencorto.com\\\/noticias\\\/inaugura-la-feria-de-becas-de-descuento-en-su-edicion-dieciseis\\\/#primaryimage\",\"url\":\"https:\\\/\\\/www.yucatanencorto.com\\\/noticias\\\/wp-content\\\/uploads\\\/2023\\\/07\\\/225fecc9-26e1-4697-83a2-49986f59d21a-scaled.jpeg\",\"contentUrl\":\"https:\\\/\\\/www.yucatanencorto.com\\\/noticias\\\/wp-content\\\/uploads\\\/2023\\\/07\\\/225fecc9-26e1-4697-83a2-49986f59d21a-scaled.jpeg\",\"width\":768,\"height\":512},{\"@type\":\"BreadcrumbList\",\"@id\":\"https:\\\/\\\/www.yucatanencorto.com\\\/noticias\\\/inaugura-la-feria-de-becas-de-descuento-en-su-edicion-dieciseis\\\/#breadcrumb\",\"itemListElement\":[{\"@type\":\"ListItem\",\"position\":1,\"name\":\"Portada\",\"item\":\"https:\\\/\\\/www.yucatanencorto.com\\\/noticias\\\/\"},{\"@type\":\"ListItem\",\"position\":2,\"name\":\"Inaugura la Feria de Becas de Descuento en su edici\u00f3n diecis\u00e9is\"}]},{\"@type\":\"WebSite\",\"@id\":\"https:\\\/\\\/www.yucatanencorto.com\\\/noticias\\\/#website\",\"url\":\"https:\\\/\\\/www.yucatanencorto.com\\\/noticias\\\/\",\"name\":\"Yucat\u00e1n en corto\",\"description\":\"Noticias\",\"potentialAction\":[{\"@type\":\"SearchAction\",\"target\":{\"@type\":\"EntryPoint\",\"urlTemplate\":\"https:\\\/\\\/www.yucatanencorto.com\\\/noticias\\\/?s={search_term_string}\"},\"query-input\":{\"@type\":\"PropertyValueSpecification\",\"valueRequired\":true,\"valueName\":\"search_term_string\"}}],\"inLanguage\":\"es\"},{\"@type\":\"Person\",\"@id\":\"https:\\\/\\\/www.yucatanencorto.com\\\/noticias\\\/#\\\/schema\\\/person\\\/e2fbdfaf30a07014a43940ce989f3119\",\"name\":\"Redes\",\"image\":{\"@type\":\"ImageObject\",\"inLanguage\":\"es\",\"@id\":\"https:\\\/\\\/secure.gravatar.com\\\/avatar\\\/5931a2d21dd7cc834f44c8c34fe56d90ed6d536ef452cbf870c7485b524dddd7?s=96&d=mm&r=g\",\"url\":\"https:\\\/\\\/secure.gravatar.com\\\/avatar\\\/5931a2d21dd7cc834f44c8c34fe56d90ed6d536ef452cbf870c7485b524dddd7?s=96&d=mm&r=g\",\"contentUrl\":\"https:\\\/\\\/secure.gravatar.com\\\/avatar\\\/5931a2d21dd7cc834f44c8c34fe56d90ed6d536ef452cbf870c7485b524dddd7?s=96&d=mm&r=g\",\"caption\":\"Redes\"},\"url\":\"https:\\\/\\\/www.yucatanencorto.com\\\/noticias\\\/author\\\/redes\\\/\"}]}<\/script>\n<!-- \/ Yoast SEO plugin. -->","yoast_head_json":{"title":"Inaugura la Feria de Becas de Descuento en su edici\u00f3n diecis\u00e9is - Yucat\u00e1n en corto","robots":{"index":"index","follow":"follow","max-snippet":"max-snippet:-1","max-image-preview":"max-image-preview:large","max-video-preview":"max-video-preview:-1"},"canonical":"https:\/\/www.yucatanencorto.com\/noticias\/inaugura-la-feria-de-becas-de-descuento-en-su-edicion-dieciseis\/","og_locale":"es_ES","og_type":"article","og_title":"Inaugura la Feria de Becas de Descuento en su edici\u00f3n diecis\u00e9is - Yucat\u00e1n en corto","og_description":"M\u00e9rida, Yucat\u00e1n a 8 de julio de 2023.- Para brindar m\u00e1s oportunidades de superaci\u00f3n a las y los estudiantes de bachillerato a posgrado, el Alcalde Ren\u00e1n Barrera Concha otorgar\u00e1 m\u00e1s de tres mil becas de descuento en 65 instituciones privadas con el objetivo de que cada d\u00eda m\u00e1s j\u00f3venes contin\u00faen con sus estudios. En la [&hellip;]","og_url":"https:\/\/www.yucatanencorto.com\/noticias\/inaugura-la-feria-de-becas-de-descuento-en-su-edicion-dieciseis\/","og_site_name":"Yucat\u00e1n en corto","article_publisher":"http:\/\/www.facebook.com\/yucatanencorto","article_published_time":"2023-07-09T02:13:04+00:00","og_image":[{"width":768,"height":512,"url":"https:\/\/www.yucatanencorto.com\/noticias\/wp-content\/uploads\/2023\/07\/225fecc9-26e1-4697-83a2-49986f59d21a-scaled.jpeg","type":"image\/jpeg"}],"author":"Redes","twitter_card":"summary_large_image","twitter_creator":"@yucatanencorto","twitter_site":"@yucatanencorto","twitter_misc":{"Escrito por":"Redes","Tiempo de lectura":"4 minutos"},"schema":{"@context":"https:\/\/schema.org","@graph":[{"@type":"Article","@id":"https:\/\/www.yucatanencorto.com\/noticias\/inaugura-la-feria-de-becas-de-descuento-en-su-edicion-dieciseis\/#article","isPartOf":{"@id":"https:\/\/www.yucatanencorto.com\/noticias\/inaugura-la-feria-de-becas-de-descuento-en-su-edicion-dieciseis\/"},"author":{"name":"Redes","@id":"https:\/\/www.yucatanencorto.com\/noticias\/#\/schema\/person\/e2fbdfaf30a07014a43940ce989f3119"},"headline":"Inaugura la Feria de Becas de Descuento en su edici\u00f3n diecis\u00e9is","datePublished":"2023-07-09T02:13:04+00:00","mainEntityOfPage":{"@id":"https:\/\/www.yucatanencorto.com\/noticias\/inaugura-la-feria-de-becas-de-descuento-en-su-edicion-dieciseis\/"},"wordCount":739,"image":{"@id":"https:\/\/www.yucatanencorto.com\/noticias\/inaugura-la-feria-de-becas-de-descuento-en-su-edicion-dieciseis\/#primaryimage"},"thumbnailUrl":"https:\/\/www.yucatanencorto.com\/noticias\/wp-content\/uploads\/2023\/07\/225fecc9-26e1-4697-83a2-49986f59d21a-scaled.jpeg","articleSection":["M\u00e9rida"],"inLanguage":"es"},{"@type":"WebPage","@id":"https:\/\/www.yucatanencorto.com\/noticias\/inaugura-la-feria-de-becas-de-descuento-en-su-edicion-dieciseis\/","url":"https:\/\/www.yucatanencorto.com\/noticias\/inaugura-la-feria-de-becas-de-descuento-en-su-edicion-dieciseis\/","name":"Inaugura la Feria de Becas de Descuento en su edici\u00f3n diecis\u00e9is - Yucat\u00e1n en corto","isPartOf":{"@id":"https:\/\/www.yucatanencorto.com\/noticias\/#website"},"primaryImageOfPage":{"@id":"https:\/\/www.yucatanencorto.com\/noticias\/inaugura-la-feria-de-becas-de-descuento-en-su-edicion-dieciseis\/#primaryimage"},"image":{"@id":"https:\/\/www.yucatanencorto.com\/noticias\/inaugura-la-feria-de-becas-de-descuento-en-su-edicion-dieciseis\/#primaryimage"},"thumbnailUrl":"https:\/\/www.yucatanencorto.com\/noticias\/wp-content\/uploads\/2023\/07\/225fecc9-26e1-4697-83a2-49986f59d21a-scaled.jpeg","datePublished":"2023-07-09T02:13:04+00:00","author":{"@id":"https:\/\/www.yucatanencorto.com\/noticias\/#\/schema\/person\/e2fbdfaf30a07014a43940ce989f3119"},"breadcrumb":{"@id":"https:\/\/www.yucatanencorto.com\/noticias\/inaugura-la-feria-de-becas-de-descuento-en-su-edicion-dieciseis\/#breadcrumb"},"inLanguage":"es","potentialAction":[{"@type":"ReadAction","target":["https:\/\/www.yucatanencorto.com\/noticias\/inaugura-la-feria-de-becas-de-descuento-en-su-edicion-dieciseis\/"]}]},{"@type":"ImageObject","inLanguage":"es","@id":"https:\/\/www.yucatanencorto.com\/noticias\/inaugura-la-feria-de-becas-de-descuento-en-su-edicion-dieciseis\/#primaryimage","url":"https:\/\/www.yucatanencorto.com\/noticias\/wp-content\/uploads\/2023\/07\/225fecc9-26e1-4697-83a2-49986f59d21a-scaled.jpeg","contentUrl":"https:\/\/www.yucatanencorto.com\/noticias\/wp-content\/uploads\/2023\/07\/225fecc9-26e1-4697-83a2-49986f59d21a-scaled.jpeg","width":768,"height":512},{"@type":"BreadcrumbList","@id":"https:\/\/www.yucatanencorto.com\/noticias\/inaugura-la-feria-de-becas-de-descuento-en-su-edicion-dieciseis\/#breadcrumb","itemListElement":[{"@type":"ListItem","position":1,"name":"Portada","item":"https:\/\/www.yucatanencorto.com\/noticias\/"},{"@type":"ListItem","position":2,"name":"Inaugura la Feria de Becas de Descuento en su edici\u00f3n diecis\u00e9is"}]},{"@type":"WebSite","@id":"https:\/\/www.yucatanencorto.com\/noticias\/#website","url":"https:\/\/www.yucatanencorto.com\/noticias\/","name":"Yucat\u00e1n en corto","description":"Noticias","potentialAction":[{"@type":"SearchAction","target":{"@type":"EntryPoint","urlTemplate":"https:\/\/www.yucatanencorto.com\/noticias\/?s={search_term_string}"},"query-input":{"@type":"PropertyValueSpecification","valueRequired":true,"valueName":"search_term_string"}}],"inLanguage":"es"},{"@type":"Person","@id":"https:\/\/www.yucatanencorto.com\/noticias\/#\/schema\/person\/e2fbdfaf30a07014a43940ce989f3119","name":"Redes","image":{"@type":"ImageObject","inLanguage":"es","@id":"https:\/\/secure.gravatar.com\/avatar\/5931a2d21dd7cc834f44c8c34fe56d90ed6d536ef452cbf870c7485b524dddd7?s=96&d=mm&r=g","url":"https:\/\/secure.gravatar.com\/avatar\/5931a2d21dd7cc834f44c8c34fe56d90ed6d536ef452cbf870c7485b524dddd7?s=96&d=mm&r=g","contentUrl":"https:\/\/secure.gravatar.com\/avatar\/5931a2d21dd7cc834f44c8c34fe56d90ed6d536ef452cbf870c7485b524dddd7?s=96&d=mm&r=g","caption":"Redes"},"url":"https:\/\/www.yucatanencorto.com\/noticias\/author\/redes\/"}]}},"_links":{"self":[{"href":"https:\/\/www.yucatanencorto.com\/noticias\/wp-json\/wp\/v2\/posts\/99034","targetHints":{"allow":["GET"]}}],"collection":[{"href":"https:\/\/www.yucatanencorto.com\/noticias\/wp-json\/wp\/v2\/posts"}],"about":[{"href":"https:\/\/www.yucatanencorto.com\/noticias\/wp-json\/wp\/v2\/types\/post"}],"author":[{"embeddable":true,"href":"https:\/\/www.yucatanencorto.com\/noticias\/wp-json\/wp\/v2\/users\/3"}],"replies":[{"embeddable":true,"href":"https:\/\/www.yucatanencorto.com\/noticias\/wp-json\/wp\/v2\/comments?post=99034"}],"version-history":[{"count":0,"href":"https:\/\/www.yucatanencorto.com\/noticias\/wp-json\/wp\/v2\/posts\/99034\/revisions"}],"wp:featuredmedia":[{"embeddable":true,"href":"https:\/\/www.yucatanencorto.com\/noticias\/wp-json\/wp\/v2\/media\/99035"}],"wp:attachment":[{"href":"https:\/\/www.yucatanencorto.com\/noticias\/wp-json\/wp\/v2\/media?parent=99034"}],"wp:term":[{"taxonomy":"category","embeddable":true,"href":"https:\/\/www.yucatanencorto.com\/noticias\/wp-json\/wp\/v2\/categories?post=99034"},{"taxonomy":"post_tag","embeddable":true,"href":"https:\/\/www.yucatanencorto.com\/noticias\/wp-json\/wp\/v2\/tags?post=99034"}],"curies":[{"name":"wp","href":"https:\/\/api.w.org\/{rel}","templated":true}]}}