{"id":99037,"date":"2023-07-08T20:23:20","date_gmt":"2023-07-09T02:23:20","guid":{"rendered":"https:\/\/www.yucatanencorto.com\/noticias\/?p=99037"},"modified":"2023-07-08T20:23:20","modified_gmt":"2023-07-09T02:23:20","slug":"avanzan-las-obras-de-remozamiento-de-los-mercados-lucas-de-galvez-y-san-benito","status":"publish","type":"post","link":"https:\/\/www.yucatanencorto.com\/noticias\/avanzan-las-obras-de-remozamiento-de-los-mercados-lucas-de-galvez-y-san-benito\/","title":{"rendered":"Avanzan las obras de remozamiento de los mercados Lucas de G\u00e1lvez y San Benito."},"content":{"rendered":"<p><img loading=\"lazy\" decoding=\"async\" class=\"alignnone size-full wp-image-99038\" src=\"https:\/\/www.yucatanencorto.com\/noticias\/wp-content\/uploads\/2023\/07\/eaa65b89-9bcb-4c93-b389-aa291085ff98-scaled.jpeg\" alt=\"\" width=\"768\" height=\"512\" srcset=\"https:\/\/www.yucatanencorto.com\/noticias\/wp-content\/uploads\/2023\/07\/eaa65b89-9bcb-4c93-b389-aa291085ff98-scaled.jpeg 768w, https:\/\/www.yucatanencorto.com\/noticias\/wp-content\/uploads\/2023\/07\/eaa65b89-9bcb-4c93-b389-aa291085ff98-696x464.jpeg 696w, https:\/\/www.yucatanencorto.com\/noticias\/wp-content\/uploads\/2023\/07\/eaa65b89-9bcb-4c93-b389-aa291085ff98-1068x712.jpeg 1068w, https:\/\/www.yucatanencorto.com\/noticias\/wp-content\/uploads\/2023\/07\/eaa65b89-9bcb-4c93-b389-aa291085ff98-630x420.jpeg 630w\" sizes=\"auto, (max-width: 768px) 100vw, 768px\" \/><\/p>\n<p>M\u00e9rida, Yucat\u00e1n a 8 de julio de 2023.- Con el objetivo de entregar dos espacios p\u00fablicos seguros, arm\u00f3nicos, renovados y dignos, la ciudadan\u00eda y el Ayuntamiento que encabeza Ren\u00e1n Barrera Concha trabajan en conjunto para avanzar en la rehabilitaci\u00f3n de los mercados Lucas de G\u00e1lvez y San Benito.<\/p>\n<p>El director de Obras P\u00fablicas, David Lor\u00eda Magdub, inform\u00f3 que el remozamiento del Lucas de G\u00e1lvez est\u00e1 en la etapa final, faltando los \u00faltimos detalles de los locales, \u00e1rea de esparcimiento y el mirador al aire libre.<br \/>\nExplic\u00f3 que al \u00e1rea de comidas se le otorg\u00f3 una vista moderna con la colocaci\u00f3n de mesetas de acero inoxidable y, actualmente, se est\u00e1 dando los retoques finales al mirador al aire libre donde se presentar\u00e1n las actividades art\u00edsticas y culturales.<br \/>\n\u201cPara la recuperaci\u00f3n de la fachada original de este mercado construido en 1950, se respet\u00f3 la estructura original conforme a los lineamientos del INAH, ya que es un edificio considerado como hist\u00f3rico\u201d, expres\u00f3.<br \/>\nAgreg\u00f3 que hay avances en el \u00e1rea de las escaleras que dan acceso a la parte superior del mercado, donde se coloca una rampa el\u00e9ctrica que conecta con el puente y permitir\u00e1 que las y los visitantes y comensales puedan acceder al comedor, \u00e1rea de artesanos, joyeros, entre otras.<br \/>\nEn el caso del San Benito, se\u00f1al\u00f3 que la colocaci\u00f3n de los nuevos domos de acr\u00edlico en el techo se realiza sin contratiempos; asimismo coment\u00f3 que ya se atendi\u00f3 el sistema de ventilaci\u00f3n con la colocaci\u00f3n de 3 extractores de aire y otro m\u00e1s que estar\u00e1 suministrando aire limpio al interior del mercado, con el objetivo de expulsar y eliminar gases acumulados que se generan por la funci\u00f3n normal de la planta.<br \/>\nEl funcionario precis\u00f3 que la imagen del mercado San Benito cambiar\u00e1 gradualmente, m\u00e1s con la renovaci\u00f3n del \u00e1rea de basura y \u00e1rea de sanitarios p\u00fablicos ubicados en la planta baja.<br \/>\nEn cuanto al mantenimiento de la planta de tratamiento de aguas residuales, destac\u00f3 que se construy\u00f3 un pozo de 90 metros de profundidad para mejorar la absorci\u00f3n.<br \/>\nFinalmente, record\u00f3 que esta obra representa una inversi\u00f3n de 19 millones 356 mil 629.88 pesos en el Lucas de G\u00e1lvez y 10 millones 18 mil 242.77 pesos en el San Benito.<\/p>\n","protected":false},"excerpt":{"rendered":"<p>M\u00e9rida, Yucat\u00e1n a 8 de julio de 2023.- Con el objetivo de entregar dos espacios p\u00fablicos seguros, arm\u00f3nicos, renovados y dignos, la ciudadan\u00eda y el Ayuntamiento que encabeza Ren\u00e1n Barrera Concha trabajan en conjunto para avanzar en la rehabilitaci\u00f3n de los mercados Lucas de G\u00e1lvez y San Benito. El director de Obras P\u00fablicas, David Lor\u00eda [&hellip;]<\/p>\n","protected":false},"author":3,"featured_media":99038,"comment_status":"closed","ping_status":"closed","sticky":false,"template":"","format":"standard","meta":{"footnotes":""},"categories":[3],"tags":[],"class_list":{"0":"post-99037","1":"post","2":"type-post","3":"status-publish","4":"format-standard","5":"has-post-thumbnail","7":"category-yucatan"},"yoast_head":"<!-- This site is optimized with the Yoast SEO plugin v27.4 - https:\/\/yoast.com\/product\/yoast-seo-wordpress\/ -->\n<title>Avanzan las obras de remozamiento de los mercados Lucas de G\u00e1lvez y San Benito. - Yucat\u00e1n en corto<\/title>\n<meta name=\"robots\" content=\"index, follow, max-snippet:-1, max-image-preview:large, max-video-preview:-1\" \/>\n<link rel=\"canonical\" href=\"https:\/\/www.yucatanencorto.com\/noticias\/avanzan-las-obras-de-remozamiento-de-los-mercados-lucas-de-galvez-y-san-benito\/\" \/>\n<meta property=\"og:locale\" content=\"es_ES\" \/>\n<meta property=\"og:type\" content=\"article\" \/>\n<meta property=\"og:title\" content=\"Avanzan las obras de remozamiento de los mercados Lucas de G\u00e1lvez y San Benito. - Yucat\u00e1n en corto\" \/>\n<meta property=\"og:description\" content=\"M\u00e9rida, Yucat\u00e1n a 8 de julio de 2023.- Con el objetivo de entregar dos espacios p\u00fablicos seguros, arm\u00f3nicos, renovados y dignos, la ciudadan\u00eda y el Ayuntamiento que encabeza Ren\u00e1n Barrera Concha trabajan en conjunto para avanzar en la rehabilitaci\u00f3n de los mercados Lucas de G\u00e1lvez y San Benito. El director de Obras P\u00fablicas, David Lor\u00eda [&hellip;]\" \/>\n<meta property=\"og:url\" content=\"https:\/\/www.yucatanencorto.com\/noticias\/avanzan-las-obras-de-remozamiento-de-los-mercados-lucas-de-galvez-y-san-benito\/\" \/>\n<meta property=\"og:site_name\" content=\"Yucat\u00e1n en corto\" \/>\n<meta property=\"article:publisher\" content=\"http:\/\/www.facebook.com\/yucatanencorto\" \/>\n<meta property=\"article:published_time\" content=\"2023-07-09T02:23:20+00:00\" \/>\n<meta property=\"og:image\" content=\"https:\/\/www.yucatanencorto.com\/noticias\/wp-content\/uploads\/2023\/07\/eaa65b89-9bcb-4c93-b389-aa291085ff98-scaled.jpeg\" \/>\n\t<meta property=\"og:image:width\" content=\"768\" \/>\n\t<meta property=\"og:image:height\" content=\"512\" \/>\n\t<meta property=\"og:image:type\" content=\"image\/jpeg\" \/>\n<meta name=\"author\" content=\"Redes\" \/>\n<meta name=\"twitter:card\" content=\"summary_large_image\" \/>\n<meta name=\"twitter:creator\" content=\"@yucatanencorto\" \/>\n<meta name=\"twitter:site\" content=\"@yucatanencorto\" \/>\n<meta name=\"twitter:label1\" content=\"Escrito por\" \/>\n\t<meta name=\"twitter:data1\" content=\"Redes\" \/>\n\t<meta name=\"twitter:label2\" content=\"Tiempo de lectura\" \/>\n\t<meta name=\"twitter:data2\" content=\"2 minutos\" \/>\n<script type=\"application\/ld+json\" class=\"yoast-schema-graph\">{\"@context\":\"https:\\\/\\\/schema.org\",\"@graph\":[{\"@type\":\"Article\",\"@id\":\"https:\\\/\\\/www.yucatanencorto.com\\\/noticias\\\/avanzan-las-obras-de-remozamiento-de-los-mercados-lucas-de-galvez-y-san-benito\\\/#article\",\"isPartOf\":{\"@id\":\"https:\\\/\\\/www.yucatanencorto.com\\\/noticias\\\/avanzan-las-obras-de-remozamiento-de-los-mercados-lucas-de-galvez-y-san-benito\\\/\"},\"author\":{\"name\":\"Redes\",\"@id\":\"https:\\\/\\\/www.yucatanencorto.com\\\/noticias\\\/#\\\/schema\\\/person\\\/e2fbdfaf30a07014a43940ce989f3119\"},\"headline\":\"Avanzan las obras de remozamiento de los mercados Lucas de G\u00e1lvez y San Benito.\",\"datePublished\":\"2023-07-09T02:23:20+00:00\",\"mainEntityOfPage\":{\"@id\":\"https:\\\/\\\/www.yucatanencorto.com\\\/noticias\\\/avanzan-las-obras-de-remozamiento-de-los-mercados-lucas-de-galvez-y-san-benito\\\/\"},\"wordCount\":403,\"image\":{\"@id\":\"https:\\\/\\\/www.yucatanencorto.com\\\/noticias\\\/avanzan-las-obras-de-remozamiento-de-los-mercados-lucas-de-galvez-y-san-benito\\\/#primaryimage\"},\"thumbnailUrl\":\"https:\\\/\\\/www.yucatanencorto.com\\\/noticias\\\/wp-content\\\/uploads\\\/2023\\\/07\\\/eaa65b89-9bcb-4c93-b389-aa291085ff98-scaled.jpeg\",\"articleSection\":[\"Yucat\u00e1n\"],\"inLanguage\":\"es\"},{\"@type\":\"WebPage\",\"@id\":\"https:\\\/\\\/www.yucatanencorto.com\\\/noticias\\\/avanzan-las-obras-de-remozamiento-de-los-mercados-lucas-de-galvez-y-san-benito\\\/\",\"url\":\"https:\\\/\\\/www.yucatanencorto.com\\\/noticias\\\/avanzan-las-obras-de-remozamiento-de-los-mercados-lucas-de-galvez-y-san-benito\\\/\",\"name\":\"Avanzan las obras de remozamiento de los mercados Lucas de G\u00e1lvez y San Benito. - Yucat\u00e1n en corto\",\"isPartOf\":{\"@id\":\"https:\\\/\\\/www.yucatanencorto.com\\\/noticias\\\/#website\"},\"primaryImageOfPage\":{\"@id\":\"https:\\\/\\\/www.yucatanencorto.com\\\/noticias\\\/avanzan-las-obras-de-remozamiento-de-los-mercados-lucas-de-galvez-y-san-benito\\\/#primaryimage\"},\"image\":{\"@id\":\"https:\\\/\\\/www.yucatanencorto.com\\\/noticias\\\/avanzan-las-obras-de-remozamiento-de-los-mercados-lucas-de-galvez-y-san-benito\\\/#primaryimage\"},\"thumbnailUrl\":\"https:\\\/\\\/www.yucatanencorto.com\\\/noticias\\\/wp-content\\\/uploads\\\/2023\\\/07\\\/eaa65b89-9bcb-4c93-b389-aa291085ff98-scaled.jpeg\",\"datePublished\":\"2023-07-09T02:23:20+00:00\",\"author\":{\"@id\":\"https:\\\/\\\/www.yucatanencorto.com\\\/noticias\\\/#\\\/schema\\\/person\\\/e2fbdfaf30a07014a43940ce989f3119\"},\"breadcrumb\":{\"@id\":\"https:\\\/\\\/www.yucatanencorto.com\\\/noticias\\\/avanzan-las-obras-de-remozamiento-de-los-mercados-lucas-de-galvez-y-san-benito\\\/#breadcrumb\"},\"inLanguage\":\"es\",\"potentialAction\":[{\"@type\":\"ReadAction\",\"target\":[\"https:\\\/\\\/www.yucatanencorto.com\\\/noticias\\\/avanzan-las-obras-de-remozamiento-de-los-mercados-lucas-de-galvez-y-san-benito\\\/\"]}]},{\"@type\":\"ImageObject\",\"inLanguage\":\"es\",\"@id\":\"https:\\\/\\\/www.yucatanencorto.com\\\/noticias\\\/avanzan-las-obras-de-remozamiento-de-los-mercados-lucas-de-galvez-y-san-benito\\\/#primaryimage\",\"url\":\"https:\\\/\\\/www.yucatanencorto.com\\\/noticias\\\/wp-content\\\/uploads\\\/2023\\\/07\\\/eaa65b89-9bcb-4c93-b389-aa291085ff98-scaled.jpeg\",\"contentUrl\":\"https:\\\/\\\/www.yucatanencorto.com\\\/noticias\\\/wp-content\\\/uploads\\\/2023\\\/07\\\/eaa65b89-9bcb-4c93-b389-aa291085ff98-scaled.jpeg\",\"width\":768,\"height\":512},{\"@type\":\"BreadcrumbList\",\"@id\":\"https:\\\/\\\/www.yucatanencorto.com\\\/noticias\\\/avanzan-las-obras-de-remozamiento-de-los-mercados-lucas-de-galvez-y-san-benito\\\/#breadcrumb\",\"itemListElement\":[{\"@type\":\"ListItem\",\"position\":1,\"name\":\"Portada\",\"item\":\"https:\\\/\\\/www.yucatanencorto.com\\\/noticias\\\/\"},{\"@type\":\"ListItem\",\"position\":2,\"name\":\"Avanzan las obras de remozamiento de los mercados Lucas de G\u00e1lvez y San Benito.\"}]},{\"@type\":\"WebSite\",\"@id\":\"https:\\\/\\\/www.yucatanencorto.com\\\/noticias\\\/#website\",\"url\":\"https:\\\/\\\/www.yucatanencorto.com\\\/noticias\\\/\",\"name\":\"Yucat\u00e1n en corto\",\"description\":\"Noticias\",\"potentialAction\":[{\"@type\":\"SearchAction\",\"target\":{\"@type\":\"EntryPoint\",\"urlTemplate\":\"https:\\\/\\\/www.yucatanencorto.com\\\/noticias\\\/?s={search_term_string}\"},\"query-input\":{\"@type\":\"PropertyValueSpecification\",\"valueRequired\":true,\"valueName\":\"search_term_string\"}}],\"inLanguage\":\"es\"},{\"@type\":\"Person\",\"@id\":\"https:\\\/\\\/www.yucatanencorto.com\\\/noticias\\\/#\\\/schema\\\/person\\\/e2fbdfaf30a07014a43940ce989f3119\",\"name\":\"Redes\",\"image\":{\"@type\":\"ImageObject\",\"inLanguage\":\"es\",\"@id\":\"https:\\\/\\\/secure.gravatar.com\\\/avatar\\\/5931a2d21dd7cc834f44c8c34fe56d90ed6d536ef452cbf870c7485b524dddd7?s=96&d=mm&r=g\",\"url\":\"https:\\\/\\\/secure.gravatar.com\\\/avatar\\\/5931a2d21dd7cc834f44c8c34fe56d90ed6d536ef452cbf870c7485b524dddd7?s=96&d=mm&r=g\",\"contentUrl\":\"https:\\\/\\\/secure.gravatar.com\\\/avatar\\\/5931a2d21dd7cc834f44c8c34fe56d90ed6d536ef452cbf870c7485b524dddd7?s=96&d=mm&r=g\",\"caption\":\"Redes\"},\"url\":\"https:\\\/\\\/www.yucatanencorto.com\\\/noticias\\\/author\\\/redes\\\/\"}]}<\/script>\n<!-- \/ Yoast SEO plugin. -->","yoast_head_json":{"title":"Avanzan las obras de remozamiento de los mercados Lucas de G\u00e1lvez y San Benito. - Yucat\u00e1n en corto","robots":{"index":"index","follow":"follow","max-snippet":"max-snippet:-1","max-image-preview":"max-image-preview:large","max-video-preview":"max-video-preview:-1"},"canonical":"https:\/\/www.yucatanencorto.com\/noticias\/avanzan-las-obras-de-remozamiento-de-los-mercados-lucas-de-galvez-y-san-benito\/","og_locale":"es_ES","og_type":"article","og_title":"Avanzan las obras de remozamiento de los mercados Lucas de G\u00e1lvez y San Benito. - Yucat\u00e1n en corto","og_description":"M\u00e9rida, Yucat\u00e1n a 8 de julio de 2023.- Con el objetivo de entregar dos espacios p\u00fablicos seguros, arm\u00f3nicos, renovados y dignos, la ciudadan\u00eda y el Ayuntamiento que encabeza Ren\u00e1n Barrera Concha trabajan en conjunto para avanzar en la rehabilitaci\u00f3n de los mercados Lucas de G\u00e1lvez y San Benito. El director de Obras P\u00fablicas, David Lor\u00eda [&hellip;]","og_url":"https:\/\/www.yucatanencorto.com\/noticias\/avanzan-las-obras-de-remozamiento-de-los-mercados-lucas-de-galvez-y-san-benito\/","og_site_name":"Yucat\u00e1n en corto","article_publisher":"http:\/\/www.facebook.com\/yucatanencorto","article_published_time":"2023-07-09T02:23:20+00:00","og_image":[{"width":768,"height":512,"url":"https:\/\/www.yucatanencorto.com\/noticias\/wp-content\/uploads\/2023\/07\/eaa65b89-9bcb-4c93-b389-aa291085ff98-scaled.jpeg","type":"image\/jpeg"}],"author":"Redes","twitter_card":"summary_large_image","twitter_creator":"@yucatanencorto","twitter_site":"@yucatanencorto","twitter_misc":{"Escrito por":"Redes","Tiempo de lectura":"2 minutos"},"schema":{"@context":"https:\/\/schema.org","@graph":[{"@type":"Article","@id":"https:\/\/www.yucatanencorto.com\/noticias\/avanzan-las-obras-de-remozamiento-de-los-mercados-lucas-de-galvez-y-san-benito\/#article","isPartOf":{"@id":"https:\/\/www.yucatanencorto.com\/noticias\/avanzan-las-obras-de-remozamiento-de-los-mercados-lucas-de-galvez-y-san-benito\/"},"author":{"name":"Redes","@id":"https:\/\/www.yucatanencorto.com\/noticias\/#\/schema\/person\/e2fbdfaf30a07014a43940ce989f3119"},"headline":"Avanzan las obras de remozamiento de los mercados Lucas de G\u00e1lvez y San Benito.","datePublished":"2023-07-09T02:23:20+00:00","mainEntityOfPage":{"@id":"https:\/\/www.yucatanencorto.com\/noticias\/avanzan-las-obras-de-remozamiento-de-los-mercados-lucas-de-galvez-y-san-benito\/"},"wordCount":403,"image":{"@id":"https:\/\/www.yucatanencorto.com\/noticias\/avanzan-las-obras-de-remozamiento-de-los-mercados-lucas-de-galvez-y-san-benito\/#primaryimage"},"thumbnailUrl":"https:\/\/www.yucatanencorto.com\/noticias\/wp-content\/uploads\/2023\/07\/eaa65b89-9bcb-4c93-b389-aa291085ff98-scaled.jpeg","articleSection":["Yucat\u00e1n"],"inLanguage":"es"},{"@type":"WebPage","@id":"https:\/\/www.yucatanencorto.com\/noticias\/avanzan-las-obras-de-remozamiento-de-los-mercados-lucas-de-galvez-y-san-benito\/","url":"https:\/\/www.yucatanencorto.com\/noticias\/avanzan-las-obras-de-remozamiento-de-los-mercados-lucas-de-galvez-y-san-benito\/","name":"Avanzan las obras de remozamiento de los mercados Lucas de G\u00e1lvez y San Benito. - Yucat\u00e1n en corto","isPartOf":{"@id":"https:\/\/www.yucatanencorto.com\/noticias\/#website"},"primaryImageOfPage":{"@id":"https:\/\/www.yucatanencorto.com\/noticias\/avanzan-las-obras-de-remozamiento-de-los-mercados-lucas-de-galvez-y-san-benito\/#primaryimage"},"image":{"@id":"https:\/\/www.yucatanencorto.com\/noticias\/avanzan-las-obras-de-remozamiento-de-los-mercados-lucas-de-galvez-y-san-benito\/#primaryimage"},"thumbnailUrl":"https:\/\/www.yucatanencorto.com\/noticias\/wp-content\/uploads\/2023\/07\/eaa65b89-9bcb-4c93-b389-aa291085ff98-scaled.jpeg","datePublished":"2023-07-09T02:23:20+00:00","author":{"@id":"https:\/\/www.yucatanencorto.com\/noticias\/#\/schema\/person\/e2fbdfaf30a07014a43940ce989f3119"},"breadcrumb":{"@id":"https:\/\/www.yucatanencorto.com\/noticias\/avanzan-las-obras-de-remozamiento-de-los-mercados-lucas-de-galvez-y-san-benito\/#breadcrumb"},"inLanguage":"es","potentialAction":[{"@type":"ReadAction","target":["https:\/\/www.yucatanencorto.com\/noticias\/avanzan-las-obras-de-remozamiento-de-los-mercados-lucas-de-galvez-y-san-benito\/"]}]},{"@type":"ImageObject","inLanguage":"es","@id":"https:\/\/www.yucatanencorto.com\/noticias\/avanzan-las-obras-de-remozamiento-de-los-mercados-lucas-de-galvez-y-san-benito\/#primaryimage","url":"https:\/\/www.yucatanencorto.com\/noticias\/wp-content\/uploads\/2023\/07\/eaa65b89-9bcb-4c93-b389-aa291085ff98-scaled.jpeg","contentUrl":"https:\/\/www.yucatanencorto.com\/noticias\/wp-content\/uploads\/2023\/07\/eaa65b89-9bcb-4c93-b389-aa291085ff98-scaled.jpeg","width":768,"height":512},{"@type":"BreadcrumbList","@id":"https:\/\/www.yucatanencorto.com\/noticias\/avanzan-las-obras-de-remozamiento-de-los-mercados-lucas-de-galvez-y-san-benito\/#breadcrumb","itemListElement":[{"@type":"ListItem","position":1,"name":"Portada","item":"https:\/\/www.yucatanencorto.com\/noticias\/"},{"@type":"ListItem","position":2,"name":"Avanzan las obras de remozamiento de los mercados Lucas de G\u00e1lvez y San Benito."}]},{"@type":"WebSite","@id":"https:\/\/www.yucatanencorto.com\/noticias\/#website","url":"https:\/\/www.yucatanencorto.com\/noticias\/","name":"Yucat\u00e1n en corto","description":"Noticias","potentialAction":[{"@type":"SearchAction","target":{"@type":"EntryPoint","urlTemplate":"https:\/\/www.yucatanencorto.com\/noticias\/?s={search_term_string}"},"query-input":{"@type":"PropertyValueSpecification","valueRequired":true,"valueName":"search_term_string"}}],"inLanguage":"es"},{"@type":"Person","@id":"https:\/\/www.yucatanencorto.com\/noticias\/#\/schema\/person\/e2fbdfaf30a07014a43940ce989f3119","name":"Redes","image":{"@type":"ImageObject","inLanguage":"es","@id":"https:\/\/secure.gravatar.com\/avatar\/5931a2d21dd7cc834f44c8c34fe56d90ed6d536ef452cbf870c7485b524dddd7?s=96&d=mm&r=g","url":"https:\/\/secure.gravatar.com\/avatar\/5931a2d21dd7cc834f44c8c34fe56d90ed6d536ef452cbf870c7485b524dddd7?s=96&d=mm&r=g","contentUrl":"https:\/\/secure.gravatar.com\/avatar\/5931a2d21dd7cc834f44c8c34fe56d90ed6d536ef452cbf870c7485b524dddd7?s=96&d=mm&r=g","caption":"Redes"},"url":"https:\/\/www.yucatanencorto.com\/noticias\/author\/redes\/"}]}},"_links":{"self":[{"href":"https:\/\/www.yucatanencorto.com\/noticias\/wp-json\/wp\/v2\/posts\/99037","targetHints":{"allow":["GET"]}}],"collection":[{"href":"https:\/\/www.yucatanencorto.com\/noticias\/wp-json\/wp\/v2\/posts"}],"about":[{"href":"https:\/\/www.yucatanencorto.com\/noticias\/wp-json\/wp\/v2\/types\/post"}],"author":[{"embeddable":true,"href":"https:\/\/www.yucatanencorto.com\/noticias\/wp-json\/wp\/v2\/users\/3"}],"replies":[{"embeddable":true,"href":"https:\/\/www.yucatanencorto.com\/noticias\/wp-json\/wp\/v2\/comments?post=99037"}],"version-history":[{"count":0,"href":"https:\/\/www.yucatanencorto.com\/noticias\/wp-json\/wp\/v2\/posts\/99037\/revisions"}],"wp:featuredmedia":[{"embeddable":true,"href":"https:\/\/www.yucatanencorto.com\/noticias\/wp-json\/wp\/v2\/media\/99038"}],"wp:attachment":[{"href":"https:\/\/www.yucatanencorto.com\/noticias\/wp-json\/wp\/v2\/media?parent=99037"}],"wp:term":[{"taxonomy":"category","embeddable":true,"href":"https:\/\/www.yucatanencorto.com\/noticias\/wp-json\/wp\/v2\/categories?post=99037"},{"taxonomy":"post_tag","embeddable":true,"href":"https:\/\/www.yucatanencorto.com\/noticias\/wp-json\/wp\/v2\/tags?post=99037"}],"curies":[{"name":"wp","href":"https:\/\/api.w.org\/{rel}","templated":true}]}}