{"id":99042,"date":"2023-07-09T15:55:12","date_gmt":"2023-07-09T21:55:12","guid":{"rendered":"https:\/\/www.yucatanencorto.com\/noticias\/?p=99042"},"modified":"2023-07-09T15:55:12","modified_gmt":"2023-07-09T21:55:12","slug":"habitantes-de-tixkokob-comprometidos-con-cuidar-yucatan","status":"publish","type":"post","link":"https:\/\/www.yucatanencorto.com\/noticias\/habitantes-de-tixkokob-comprometidos-con-cuidar-yucatan\/","title":{"rendered":"Habitantes de Tixkokob comprometidos con cuidar Yucat\u00e1n"},"content":{"rendered":"<p><img loading=\"lazy\" decoding=\"async\" class=\"alignnone size-full wp-image-99043\" src=\"https:\/\/www.yucatanencorto.com\/noticias\/wp-content\/uploads\/2023\/07\/1b14d2cb-254c-4e75-8c53-6b4776f8d632-scaled.jpeg\" alt=\"\" width=\"768\" height=\"512\" srcset=\"https:\/\/www.yucatanencorto.com\/noticias\/wp-content\/uploads\/2023\/07\/1b14d2cb-254c-4e75-8c53-6b4776f8d632-scaled.jpeg 768w, https:\/\/www.yucatanencorto.com\/noticias\/wp-content\/uploads\/2023\/07\/1b14d2cb-254c-4e75-8c53-6b4776f8d632-696x464.jpeg 696w, https:\/\/www.yucatanencorto.com\/noticias\/wp-content\/uploads\/2023\/07\/1b14d2cb-254c-4e75-8c53-6b4776f8d632-631x420.jpeg 631w\" sizes=\"auto, (max-width: 768px) 100vw, 768px\" \/><\/p>\n<p>Tixkokob, Yuc, a 09 de julio de 2023.- L\u00edderes y militantes panistas de este municipio se dieron cita para escuchar el mensaje de Ren\u00e1n Barrera Concha, quien agradeci\u00f3 la unidad que caracteriza a la familia panista e hizo un llamado a no caer en divisiones, sino en sumar a quienes quieren conservar la calidad de vida que prevalece en Yucat\u00e1n.<br \/>\n\u201cTenemos que sumar a todos por un objetivo com\u00fan que es cuidar Yucat\u00e1n\u00bb, subray\u00f3 Barrera Concha, quien fue recibido a ritmo de batucada y con banderolas panistas ondeando por el auditorio.<br \/>\nEl consejero nacional y estatal del PAN record\u00f3 que Yucat\u00e1n es una de las ciudades m\u00e1s seguras en M\u00e9xico y advirti\u00f3 el riesgo de perder la paz y tranquilidad que gozamos los yucatecos y los residentes que escogieron al estado como su nueva casa.<br \/>\n\u201cPor eso es importante de que unamos fuerzas y pongamos a un lado nuestras diferencias y privilegiemos nuestras coincidencias\u201d, enfatiz\u00f3 el pol\u00edtico yucateco, ante los aplausos de los asistentes.<br \/>\n\u201cSi no caminamos en el mismo sentido, sino defendemos las mismas causas por encima de nuestras diferencias, va a ser dif\u00edcil que cuidemos nuestro Estado. Los diferentes podemos estar unidos, porque hoy tenemos la oportunidad y una causa en com\u00fan \u00bfqui\u00e9n no est\u00e1 a favor de la seguridad?\u201d, se\u00f1al\u00f3 el alcalde meridano.<br \/>\nContagiados por el \u00e1nimo y la firmeza de su mensaje, militantes y liderazgos demostraron su total apoyo a Ren\u00e1n Barrera, a quien corearon \u201c\u00a1Gobernador!, \u00a1Gobernador!\u201d, arrancando otra ola de aplausos.<br \/>\nEl consejero panista agradeci\u00f3 las muestras de aprobaci\u00f3n y reiter\u00f3, como lo ha hecho en otros municipios, que llegado el momento y respetando la ley va a participar en el proceso electoral de 2024.<br \/>\n\u201cLo voy a hacer convencido de que tenemos en ustedes al mejor equipo que quiere a Yucat\u00e1n, porque s\u00e9 que juntos, en su momento, vamos a enfrentar ese reto y ese desaf\u00edo que es evitar que se descomponga el estado. Juntos podemos eliminar los riesgos\u00bb, enfatiz\u00f3.<br \/>\n\u201cEn su momento, en los 106 municipios habr\u00e1 oportunidad de plantear nuestras propuestas, habr\u00e1 tiempo de trabajarlas y esto es fundamental porque la gente quiere saber de qu\u00e9 se va a tratar\u00bb, expres\u00f3 Barrera Concha.<\/p>\n<p>Entrevista en la \u201cJaula del Pajarraco\u201d<\/p>\n<p>A temprana hora, en el mercado municipal \u201cManuel Romero Ancona\u201d, se escuchaba a trav\u00e9s del sonido\u201d \u00a1Ren\u00e1n Barrera Concha en Tixkokob!\u201d, \u201c\u00a1En unos momentos estar\u00e1 llegando al mercado!\u201d. Era la voz de Mario Silveira Malaver, conductor de radio.<br \/>\nA su llegada se dirigi\u00f3 directamente a la \u201cJaula del Pajarraco\u201d, donde fue entrevistado por el conductor Silveira Malaver, quien le pregunt\u00f3 los motivos de su visita al municipio.<br \/>\nRen\u00e1n expuso que el principal objetivo es promover en Tixkokob los programas de \u00e9xito en M\u00e9rida que se pueden replicar en el municipio y destacar la labor que realiza el gobernador Mauricio Vila en materia de seguridad, desarrollo econ\u00f3mico, generaci\u00f3n de empleo, obras de infraestructura y programas sociales, entre muchos otros.<\/p>\n<p>Panuchos de huevo en el mercado<\/p>\n<p>Posteriormente, Ren\u00e1n se dirigi\u00f3 a la loncher\u00eda Do\u00f1a Reyna, donde desayun\u00f3 los tradicionales panuchos de huevo que la han dado fama al municipio.<br \/>\nDespu\u00e9s, hizo un recorrido por el mercado municipal, donde salud\u00f3 a los comerciantes y posteriormente visit\u00f3 a una fabricante y reparadora de hamacas de Tixkokob, con quien platic\u00f3 e intercambi\u00f3 ideas para promover esta actividad en M\u00e9rida.<\/p>\n","protected":false},"excerpt":{"rendered":"<p>Tixkokob, Yuc, a 09 de julio de 2023.- L\u00edderes y militantes panistas de este municipio se dieron cita para escuchar el mensaje de Ren\u00e1n Barrera Concha, quien agradeci\u00f3 la unidad que caracteriza a la familia panista e hizo un llamado a no caer en divisiones, sino en sumar a quienes quieren conservar la calidad de [&hellip;]<\/p>\n","protected":false},"author":3,"featured_media":99043,"comment_status":"closed","ping_status":"closed","sticky":false,"template":"","format":"standard","meta":{"footnotes":""},"categories":[2],"tags":[],"class_list":{"0":"post-99042","1":"post","2":"type-post","3":"status-publish","4":"format-standard","5":"has-post-thumbnail","7":"category-merida"},"yoast_head":"<!-- This site is optimized with the Yoast SEO plugin v27.4 - https:\/\/yoast.com\/product\/yoast-seo-wordpress\/ -->\n<title>Habitantes de Tixkokob comprometidos con cuidar Yucat\u00e1n - Yucat\u00e1n en corto<\/title>\n<meta name=\"robots\" content=\"index, follow, max-snippet:-1, max-image-preview:large, max-video-preview:-1\" \/>\n<link rel=\"canonical\" href=\"https:\/\/www.yucatanencorto.com\/noticias\/habitantes-de-tixkokob-comprometidos-con-cuidar-yucatan\/\" \/>\n<meta property=\"og:locale\" content=\"es_ES\" \/>\n<meta property=\"og:type\" content=\"article\" \/>\n<meta property=\"og:title\" content=\"Habitantes de Tixkokob comprometidos con cuidar Yucat\u00e1n - Yucat\u00e1n en corto\" \/>\n<meta property=\"og:description\" content=\"Tixkokob, Yuc, a 09 de julio de 2023.- L\u00edderes y militantes panistas de este municipio se dieron cita para escuchar el mensaje de Ren\u00e1n Barrera Concha, quien agradeci\u00f3 la unidad que caracteriza a la familia panista e hizo un llamado a no caer en divisiones, sino en sumar a quienes quieren conservar la calidad de [&hellip;]\" \/>\n<meta property=\"og:url\" content=\"https:\/\/www.yucatanencorto.com\/noticias\/habitantes-de-tixkokob-comprometidos-con-cuidar-yucatan\/\" \/>\n<meta property=\"og:site_name\" content=\"Yucat\u00e1n en corto\" \/>\n<meta property=\"article:publisher\" content=\"http:\/\/www.facebook.com\/yucatanencorto\" \/>\n<meta property=\"article:published_time\" content=\"2023-07-09T21:55:12+00:00\" \/>\n<meta property=\"og:image\" content=\"https:\/\/www.yucatanencorto.com\/noticias\/wp-content\/uploads\/2023\/07\/1b14d2cb-254c-4e75-8c53-6b4776f8d632-scaled.jpeg\" \/>\n\t<meta property=\"og:image:width\" content=\"768\" \/>\n\t<meta property=\"og:image:height\" content=\"512\" \/>\n\t<meta property=\"og:image:type\" content=\"image\/jpeg\" \/>\n<meta name=\"author\" content=\"Redes\" \/>\n<meta name=\"twitter:card\" content=\"summary_large_image\" \/>\n<meta name=\"twitter:creator\" content=\"@yucatanencorto\" \/>\n<meta name=\"twitter:site\" content=\"@yucatanencorto\" \/>\n<meta name=\"twitter:label1\" content=\"Escrito por\" \/>\n\t<meta name=\"twitter:data1\" content=\"Redes\" \/>\n\t<meta name=\"twitter:label2\" content=\"Tiempo de lectura\" \/>\n\t<meta name=\"twitter:data2\" content=\"3 minutos\" \/>\n<script type=\"application\/ld+json\" class=\"yoast-schema-graph\">{\"@context\":\"https:\\\/\\\/schema.org\",\"@graph\":[{\"@type\":\"Article\",\"@id\":\"https:\\\/\\\/www.yucatanencorto.com\\\/noticias\\\/habitantes-de-tixkokob-comprometidos-con-cuidar-yucatan\\\/#article\",\"isPartOf\":{\"@id\":\"https:\\\/\\\/www.yucatanencorto.com\\\/noticias\\\/habitantes-de-tixkokob-comprometidos-con-cuidar-yucatan\\\/\"},\"author\":{\"name\":\"Redes\",\"@id\":\"https:\\\/\\\/www.yucatanencorto.com\\\/noticias\\\/#\\\/schema\\\/person\\\/e2fbdfaf30a07014a43940ce989f3119\"},\"headline\":\"Habitantes de Tixkokob comprometidos con cuidar Yucat\u00e1n\",\"datePublished\":\"2023-07-09T21:55:12+00:00\",\"mainEntityOfPage\":{\"@id\":\"https:\\\/\\\/www.yucatanencorto.com\\\/noticias\\\/habitantes-de-tixkokob-comprometidos-con-cuidar-yucatan\\\/\"},\"wordCount\":584,\"image\":{\"@id\":\"https:\\\/\\\/www.yucatanencorto.com\\\/noticias\\\/habitantes-de-tixkokob-comprometidos-con-cuidar-yucatan\\\/#primaryimage\"},\"thumbnailUrl\":\"https:\\\/\\\/www.yucatanencorto.com\\\/noticias\\\/wp-content\\\/uploads\\\/2023\\\/07\\\/1b14d2cb-254c-4e75-8c53-6b4776f8d632-scaled.jpeg\",\"articleSection\":[\"M\u00e9rida\"],\"inLanguage\":\"es\"},{\"@type\":\"WebPage\",\"@id\":\"https:\\\/\\\/www.yucatanencorto.com\\\/noticias\\\/habitantes-de-tixkokob-comprometidos-con-cuidar-yucatan\\\/\",\"url\":\"https:\\\/\\\/www.yucatanencorto.com\\\/noticias\\\/habitantes-de-tixkokob-comprometidos-con-cuidar-yucatan\\\/\",\"name\":\"Habitantes de Tixkokob comprometidos con cuidar Yucat\u00e1n - Yucat\u00e1n en corto\",\"isPartOf\":{\"@id\":\"https:\\\/\\\/www.yucatanencorto.com\\\/noticias\\\/#website\"},\"primaryImageOfPage\":{\"@id\":\"https:\\\/\\\/www.yucatanencorto.com\\\/noticias\\\/habitantes-de-tixkokob-comprometidos-con-cuidar-yucatan\\\/#primaryimage\"},\"image\":{\"@id\":\"https:\\\/\\\/www.yucatanencorto.com\\\/noticias\\\/habitantes-de-tixkokob-comprometidos-con-cuidar-yucatan\\\/#primaryimage\"},\"thumbnailUrl\":\"https:\\\/\\\/www.yucatanencorto.com\\\/noticias\\\/wp-content\\\/uploads\\\/2023\\\/07\\\/1b14d2cb-254c-4e75-8c53-6b4776f8d632-scaled.jpeg\",\"datePublished\":\"2023-07-09T21:55:12+00:00\",\"author\":{\"@id\":\"https:\\\/\\\/www.yucatanencorto.com\\\/noticias\\\/#\\\/schema\\\/person\\\/e2fbdfaf30a07014a43940ce989f3119\"},\"breadcrumb\":{\"@id\":\"https:\\\/\\\/www.yucatanencorto.com\\\/noticias\\\/habitantes-de-tixkokob-comprometidos-con-cuidar-yucatan\\\/#breadcrumb\"},\"inLanguage\":\"es\",\"potentialAction\":[{\"@type\":\"ReadAction\",\"target\":[\"https:\\\/\\\/www.yucatanencorto.com\\\/noticias\\\/habitantes-de-tixkokob-comprometidos-con-cuidar-yucatan\\\/\"]}]},{\"@type\":\"ImageObject\",\"inLanguage\":\"es\",\"@id\":\"https:\\\/\\\/www.yucatanencorto.com\\\/noticias\\\/habitantes-de-tixkokob-comprometidos-con-cuidar-yucatan\\\/#primaryimage\",\"url\":\"https:\\\/\\\/www.yucatanencorto.com\\\/noticias\\\/wp-content\\\/uploads\\\/2023\\\/07\\\/1b14d2cb-254c-4e75-8c53-6b4776f8d632-scaled.jpeg\",\"contentUrl\":\"https:\\\/\\\/www.yucatanencorto.com\\\/noticias\\\/wp-content\\\/uploads\\\/2023\\\/07\\\/1b14d2cb-254c-4e75-8c53-6b4776f8d632-scaled.jpeg\",\"width\":768,\"height\":512},{\"@type\":\"BreadcrumbList\",\"@id\":\"https:\\\/\\\/www.yucatanencorto.com\\\/noticias\\\/habitantes-de-tixkokob-comprometidos-con-cuidar-yucatan\\\/#breadcrumb\",\"itemListElement\":[{\"@type\":\"ListItem\",\"position\":1,\"name\":\"Portada\",\"item\":\"https:\\\/\\\/www.yucatanencorto.com\\\/noticias\\\/\"},{\"@type\":\"ListItem\",\"position\":2,\"name\":\"Habitantes de Tixkokob comprometidos con cuidar Yucat\u00e1n\"}]},{\"@type\":\"WebSite\",\"@id\":\"https:\\\/\\\/www.yucatanencorto.com\\\/noticias\\\/#website\",\"url\":\"https:\\\/\\\/www.yucatanencorto.com\\\/noticias\\\/\",\"name\":\"Yucat\u00e1n en corto\",\"description\":\"Noticias\",\"potentialAction\":[{\"@type\":\"SearchAction\",\"target\":{\"@type\":\"EntryPoint\",\"urlTemplate\":\"https:\\\/\\\/www.yucatanencorto.com\\\/noticias\\\/?s={search_term_string}\"},\"query-input\":{\"@type\":\"PropertyValueSpecification\",\"valueRequired\":true,\"valueName\":\"search_term_string\"}}],\"inLanguage\":\"es\"},{\"@type\":\"Person\",\"@id\":\"https:\\\/\\\/www.yucatanencorto.com\\\/noticias\\\/#\\\/schema\\\/person\\\/e2fbdfaf30a07014a43940ce989f3119\",\"name\":\"Redes\",\"image\":{\"@type\":\"ImageObject\",\"inLanguage\":\"es\",\"@id\":\"https:\\\/\\\/secure.gravatar.com\\\/avatar\\\/5931a2d21dd7cc834f44c8c34fe56d90ed6d536ef452cbf870c7485b524dddd7?s=96&d=mm&r=g\",\"url\":\"https:\\\/\\\/secure.gravatar.com\\\/avatar\\\/5931a2d21dd7cc834f44c8c34fe56d90ed6d536ef452cbf870c7485b524dddd7?s=96&d=mm&r=g\",\"contentUrl\":\"https:\\\/\\\/secure.gravatar.com\\\/avatar\\\/5931a2d21dd7cc834f44c8c34fe56d90ed6d536ef452cbf870c7485b524dddd7?s=96&d=mm&r=g\",\"caption\":\"Redes\"},\"url\":\"https:\\\/\\\/www.yucatanencorto.com\\\/noticias\\\/author\\\/redes\\\/\"}]}<\/script>\n<!-- \/ Yoast SEO plugin. -->","yoast_head_json":{"title":"Habitantes de Tixkokob comprometidos con cuidar Yucat\u00e1n - Yucat\u00e1n en corto","robots":{"index":"index","follow":"follow","max-snippet":"max-snippet:-1","max-image-preview":"max-image-preview:large","max-video-preview":"max-video-preview:-1"},"canonical":"https:\/\/www.yucatanencorto.com\/noticias\/habitantes-de-tixkokob-comprometidos-con-cuidar-yucatan\/","og_locale":"es_ES","og_type":"article","og_title":"Habitantes de Tixkokob comprometidos con cuidar Yucat\u00e1n - Yucat\u00e1n en corto","og_description":"Tixkokob, Yuc, a 09 de julio de 2023.- L\u00edderes y militantes panistas de este municipio se dieron cita para escuchar el mensaje de Ren\u00e1n Barrera Concha, quien agradeci\u00f3 la unidad que caracteriza a la familia panista e hizo un llamado a no caer en divisiones, sino en sumar a quienes quieren conservar la calidad de [&hellip;]","og_url":"https:\/\/www.yucatanencorto.com\/noticias\/habitantes-de-tixkokob-comprometidos-con-cuidar-yucatan\/","og_site_name":"Yucat\u00e1n en corto","article_publisher":"http:\/\/www.facebook.com\/yucatanencorto","article_published_time":"2023-07-09T21:55:12+00:00","og_image":[{"width":768,"height":512,"url":"https:\/\/www.yucatanencorto.com\/noticias\/wp-content\/uploads\/2023\/07\/1b14d2cb-254c-4e75-8c53-6b4776f8d632-scaled.jpeg","type":"image\/jpeg"}],"author":"Redes","twitter_card":"summary_large_image","twitter_creator":"@yucatanencorto","twitter_site":"@yucatanencorto","twitter_misc":{"Escrito por":"Redes","Tiempo de lectura":"3 minutos"},"schema":{"@context":"https:\/\/schema.org","@graph":[{"@type":"Article","@id":"https:\/\/www.yucatanencorto.com\/noticias\/habitantes-de-tixkokob-comprometidos-con-cuidar-yucatan\/#article","isPartOf":{"@id":"https:\/\/www.yucatanencorto.com\/noticias\/habitantes-de-tixkokob-comprometidos-con-cuidar-yucatan\/"},"author":{"name":"Redes","@id":"https:\/\/www.yucatanencorto.com\/noticias\/#\/schema\/person\/e2fbdfaf30a07014a43940ce989f3119"},"headline":"Habitantes de Tixkokob comprometidos con cuidar Yucat\u00e1n","datePublished":"2023-07-09T21:55:12+00:00","mainEntityOfPage":{"@id":"https:\/\/www.yucatanencorto.com\/noticias\/habitantes-de-tixkokob-comprometidos-con-cuidar-yucatan\/"},"wordCount":584,"image":{"@id":"https:\/\/www.yucatanencorto.com\/noticias\/habitantes-de-tixkokob-comprometidos-con-cuidar-yucatan\/#primaryimage"},"thumbnailUrl":"https:\/\/www.yucatanencorto.com\/noticias\/wp-content\/uploads\/2023\/07\/1b14d2cb-254c-4e75-8c53-6b4776f8d632-scaled.jpeg","articleSection":["M\u00e9rida"],"inLanguage":"es"},{"@type":"WebPage","@id":"https:\/\/www.yucatanencorto.com\/noticias\/habitantes-de-tixkokob-comprometidos-con-cuidar-yucatan\/","url":"https:\/\/www.yucatanencorto.com\/noticias\/habitantes-de-tixkokob-comprometidos-con-cuidar-yucatan\/","name":"Habitantes de Tixkokob comprometidos con cuidar Yucat\u00e1n - Yucat\u00e1n en corto","isPartOf":{"@id":"https:\/\/www.yucatanencorto.com\/noticias\/#website"},"primaryImageOfPage":{"@id":"https:\/\/www.yucatanencorto.com\/noticias\/habitantes-de-tixkokob-comprometidos-con-cuidar-yucatan\/#primaryimage"},"image":{"@id":"https:\/\/www.yucatanencorto.com\/noticias\/habitantes-de-tixkokob-comprometidos-con-cuidar-yucatan\/#primaryimage"},"thumbnailUrl":"https:\/\/www.yucatanencorto.com\/noticias\/wp-content\/uploads\/2023\/07\/1b14d2cb-254c-4e75-8c53-6b4776f8d632-scaled.jpeg","datePublished":"2023-07-09T21:55:12+00:00","author":{"@id":"https:\/\/www.yucatanencorto.com\/noticias\/#\/schema\/person\/e2fbdfaf30a07014a43940ce989f3119"},"breadcrumb":{"@id":"https:\/\/www.yucatanencorto.com\/noticias\/habitantes-de-tixkokob-comprometidos-con-cuidar-yucatan\/#breadcrumb"},"inLanguage":"es","potentialAction":[{"@type":"ReadAction","target":["https:\/\/www.yucatanencorto.com\/noticias\/habitantes-de-tixkokob-comprometidos-con-cuidar-yucatan\/"]}]},{"@type":"ImageObject","inLanguage":"es","@id":"https:\/\/www.yucatanencorto.com\/noticias\/habitantes-de-tixkokob-comprometidos-con-cuidar-yucatan\/#primaryimage","url":"https:\/\/www.yucatanencorto.com\/noticias\/wp-content\/uploads\/2023\/07\/1b14d2cb-254c-4e75-8c53-6b4776f8d632-scaled.jpeg","contentUrl":"https:\/\/www.yucatanencorto.com\/noticias\/wp-content\/uploads\/2023\/07\/1b14d2cb-254c-4e75-8c53-6b4776f8d632-scaled.jpeg","width":768,"height":512},{"@type":"BreadcrumbList","@id":"https:\/\/www.yucatanencorto.com\/noticias\/habitantes-de-tixkokob-comprometidos-con-cuidar-yucatan\/#breadcrumb","itemListElement":[{"@type":"ListItem","position":1,"name":"Portada","item":"https:\/\/www.yucatanencorto.com\/noticias\/"},{"@type":"ListItem","position":2,"name":"Habitantes de Tixkokob comprometidos con cuidar Yucat\u00e1n"}]},{"@type":"WebSite","@id":"https:\/\/www.yucatanencorto.com\/noticias\/#website","url":"https:\/\/www.yucatanencorto.com\/noticias\/","name":"Yucat\u00e1n en corto","description":"Noticias","potentialAction":[{"@type":"SearchAction","target":{"@type":"EntryPoint","urlTemplate":"https:\/\/www.yucatanencorto.com\/noticias\/?s={search_term_string}"},"query-input":{"@type":"PropertyValueSpecification","valueRequired":true,"valueName":"search_term_string"}}],"inLanguage":"es"},{"@type":"Person","@id":"https:\/\/www.yucatanencorto.com\/noticias\/#\/schema\/person\/e2fbdfaf30a07014a43940ce989f3119","name":"Redes","image":{"@type":"ImageObject","inLanguage":"es","@id":"https:\/\/secure.gravatar.com\/avatar\/5931a2d21dd7cc834f44c8c34fe56d90ed6d536ef452cbf870c7485b524dddd7?s=96&d=mm&r=g","url":"https:\/\/secure.gravatar.com\/avatar\/5931a2d21dd7cc834f44c8c34fe56d90ed6d536ef452cbf870c7485b524dddd7?s=96&d=mm&r=g","contentUrl":"https:\/\/secure.gravatar.com\/avatar\/5931a2d21dd7cc834f44c8c34fe56d90ed6d536ef452cbf870c7485b524dddd7?s=96&d=mm&r=g","caption":"Redes"},"url":"https:\/\/www.yucatanencorto.com\/noticias\/author\/redes\/"}]}},"_links":{"self":[{"href":"https:\/\/www.yucatanencorto.com\/noticias\/wp-json\/wp\/v2\/posts\/99042","targetHints":{"allow":["GET"]}}],"collection":[{"href":"https:\/\/www.yucatanencorto.com\/noticias\/wp-json\/wp\/v2\/posts"}],"about":[{"href":"https:\/\/www.yucatanencorto.com\/noticias\/wp-json\/wp\/v2\/types\/post"}],"author":[{"embeddable":true,"href":"https:\/\/www.yucatanencorto.com\/noticias\/wp-json\/wp\/v2\/users\/3"}],"replies":[{"embeddable":true,"href":"https:\/\/www.yucatanencorto.com\/noticias\/wp-json\/wp\/v2\/comments?post=99042"}],"version-history":[{"count":0,"href":"https:\/\/www.yucatanencorto.com\/noticias\/wp-json\/wp\/v2\/posts\/99042\/revisions"}],"wp:featuredmedia":[{"embeddable":true,"href":"https:\/\/www.yucatanencorto.com\/noticias\/wp-json\/wp\/v2\/media\/99043"}],"wp:attachment":[{"href":"https:\/\/www.yucatanencorto.com\/noticias\/wp-json\/wp\/v2\/media?parent=99042"}],"wp:term":[{"taxonomy":"category","embeddable":true,"href":"https:\/\/www.yucatanencorto.com\/noticias\/wp-json\/wp\/v2\/categories?post=99042"},{"taxonomy":"post_tag","embeddable":true,"href":"https:\/\/www.yucatanencorto.com\/noticias\/wp-json\/wp\/v2\/tags?post=99042"}],"curies":[{"name":"wp","href":"https:\/\/api.w.org\/{rel}","templated":true}]}}