{"id":99052,"date":"2023-07-11T17:16:44","date_gmt":"2023-07-11T23:16:44","guid":{"rendered":"https:\/\/www.yucatanencorto.com\/noticias\/?p=99052"},"modified":"2023-07-11T17:16:44","modified_gmt":"2023-07-11T23:16:44","slug":"se-realizara-la-feria-artesanal-tunich-2023","status":"publish","type":"post","link":"https:\/\/www.yucatanencorto.com\/noticias\/se-realizara-la-feria-artesanal-tunich-2023\/","title":{"rendered":"Se realizar\u00e1 la Feria Artesanal Tunich 2023"},"content":{"rendered":"<p><img loading=\"lazy\" decoding=\"async\" class=\"alignnone size-full wp-image-99057\" src=\"https:\/\/www.yucatanencorto.com\/noticias\/wp-content\/uploads\/2023\/07\/WhatsApp-Image-2023-07-11-at-17.05.23-scaled.jpeg\" alt=\"\" width=\"768\" height=\"512\" srcset=\"https:\/\/www.yucatanencorto.com\/noticias\/wp-content\/uploads\/2023\/07\/WhatsApp-Image-2023-07-11-at-17.05.23-scaled.jpeg 768w, https:\/\/www.yucatanencorto.com\/noticias\/wp-content\/uploads\/2023\/07\/WhatsApp-Image-2023-07-11-at-17.05.23-696x464.jpeg 696w, https:\/\/www.yucatanencorto.com\/noticias\/wp-content\/uploads\/2023\/07\/WhatsApp-Image-2023-07-11-at-17.05.23-630x420.jpeg 630w\" sizes=\"auto, (max-width: 768px) 100vw, 768px\" \/><\/p>\n<p>M\u00e9rida, Yucat\u00e1n a 11 de julio de 2023.- Para generar m\u00e1s desarrollo econ\u00f3mico para las familias y difundir nuestras tradiciones culturales, el Alcalde Ren\u00e1n Barrera Concha impulsa la generaci\u00f3n de circuitos comerciales que coloquen los productos de las y los artesanos de M\u00e9rida y Yucat\u00e1n en los mercados locales, nacionales e internacionales.<br \/>\nEl Presidente Municipal anunci\u00f3 que el pr\u00f3ximo 28 de julio se inaugurar\u00e1 una nueva edici\u00f3n de la Feria Artesanal Tunich 2023 en la comisar\u00eda de Dzity\u00e1, donde se reunir\u00e1n 150 artesanas y artesanos de M\u00e9rida, Valladolid, Ticul, Xocchel e Izamal, as\u00ed como productores provenientes de Michoac\u00e1n, Veracruz y Guanajuato.<br \/>\n\u201cEn el Ayuntamiento trabajamos para que M\u00e9rida sea un punto de encuentro donde las y los productores de los diferentes rubros tengan m\u00e1s oportunidades para crear circuitos comerciales, con lo cual ampliamos la exposici\u00f3n que tienen en el mercado y promovemos el desarrollo econ\u00f3mico para las familias de todos los municipios\u201d, expres\u00f3.<br \/>\nEn la rueda de prensa efectuada en el Centro Cultural de M\u00e9rida Olimpo, el director de Desarrollo Econ\u00f3mico y Turismo, Jos\u00e9 Luis Mart\u00ednez Semerena, inform\u00f3 que la Feria Artesanal Tunich 2023 se realizar\u00e1 del viernes 28 de julio al domingo 6 de agosto.<br \/>\n\u201cEs una iniciativa de participaci\u00f3n ciudadana organizado por la comunidad de artesanas y artesanos que trabajan la piedra y la madera en la comisar\u00eda de Dzity\u00e1, y este a\u00f1o cumplir\u00e1 22 a\u00f1os posicion\u00e1ndose como la feria artesanal m\u00e1s importante del sureste de M\u00e9xico\u201d, subray\u00f3.<br \/>\nEn su intervenci\u00f3n, Secundino Chi Chi, presidente de la Asociaci\u00f3n de Artesanos de Madera Torneada de Dzity\u00e1, reconoci\u00f3 el compromiso y trabajo del Alcalde Ren\u00e1n Barrera para que lograr que la Feria Tunich tenga mayor presencia a nivel local, nacional e internacional.<br \/>\n\u201cLa Feria Tunich es importante en todos los aspectos porque no solamente nos beneficia a nosotros como artesanos, sino a toda la comunidad, por eso quiero darle las gracias muy puntualmente a nuestro Alcalde porque ha generado y cre\u00eddo en nosotros, ha cre\u00eddo en la feria y nos brinda todos los apoyos que necesitamos\u201d, expres\u00f3.<br \/>\nPor su parte, Felipe Riancho C\u00e1mara, vicepresidente de Turismo de la Canaco M\u00e9rida, mencion\u00f3 que la feria es una oportunidad para resaltar gran parte de la cultura de M\u00e9rida y Yucat\u00e1n, la cual es representada en productos elaborados por las manos de las y los artesanos locales.<br \/>\nAsimismo, exhort\u00f3 a revalorizar el trabajo de las y los artesanos, porque dedican su vida a crear piezas \u00fanicas mediante el uso de t\u00e9cnicas aprendidas y ense\u00f1adas de generaci\u00f3n en generaci\u00f3n.<br \/>\nMart\u00ednez Semerena indic\u00f3 que la Feria Artesanal creci\u00f3 exponencialmente en los \u00faltimos a\u00f1os, pasando de 18 participantes en la primera edici\u00f3n a 150 artesanas y artesanos en 2023.<br \/>\n\u201cEn la edici\u00f3n de 2022 asistieron 100 mil personas que dejaron una derrama econ\u00f3mica de 5 millones 813 mil 855 pesos, lo cual represent\u00f3 un incremento del 53% de las ventas en comparaci\u00f3n con la realizada en el 2019, antes de la pandemia\u201d, acot\u00f3.<br \/>\nPrecis\u00f3 que en esta edici\u00f3n las y los artesanos expondr\u00e1n y vender\u00e1n productos elaborados en madera, piedra, textiles, filigrana y joyer\u00eda, adem\u00e1s que las cocineras de la comunidad presentar\u00e1n una amplia oferta gastron\u00f3mica.<br \/>\nPara complementar esta oferta artesanal y gastron\u00f3mica, indic\u00f3 que los 10 d\u00edas de la Feria, en horario de 10:00 a 22:00 horas, se realizar\u00e1n m\u00e1s de 40 espect\u00e1culos culturales con artistas como Big Band, Los M\u00e9ndez de Pil\u00f3n, Los Juglares y dos maratones de baile, as\u00ed como show de Titeradas, Tila Mar\u00eda Sesto, Cuxum, entre otros.<br \/>\nResalt\u00f3 que, como cada a\u00f1o, en la Plaza Grande saldr\u00e1 el transporte gratuito de lunes a viernes de 17:00 a 22:00 horas y los s\u00e1bados y domingos de 13:00 a 22:00 horas. Mientras que en la comisar\u00eda habr\u00e1 estacionamientos p\u00fablicos con un costo de acceso de $25 pesos.<br \/>\nFinalmente, las y los interesados pueden consultar toda la informaci\u00f3n en las redes sociales de VisitM\u00e9rida.mx y www.merida.gob.mx\/tunich\/<\/p>\n","protected":false},"excerpt":{"rendered":"<p>M\u00e9rida, Yucat\u00e1n a 11 de julio de 2023.- Para generar m\u00e1s desarrollo econ\u00f3mico para las familias y difundir nuestras tradiciones culturales, el Alcalde Ren\u00e1n Barrera Concha impulsa la generaci\u00f3n de circuitos comerciales que coloquen los productos de las y los artesanos de M\u00e9rida y Yucat\u00e1n en los mercados locales, nacionales e internacionales. El Presidente Municipal [&hellip;]<\/p>\n","protected":false},"author":3,"featured_media":99057,"comment_status":"closed","ping_status":"closed","sticky":false,"template":"","format":"standard","meta":{"footnotes":""},"categories":[2],"tags":[],"class_list":{"0":"post-99052","1":"post","2":"type-post","3":"status-publish","4":"format-standard","5":"has-post-thumbnail","7":"category-merida"},"yoast_head":"<!-- This site is optimized with the Yoast SEO plugin v27.4 - https:\/\/yoast.com\/product\/yoast-seo-wordpress\/ -->\n<title>Se realizar\u00e1 la Feria Artesanal Tunich 2023 - Yucat\u00e1n en corto<\/title>\n<meta name=\"robots\" content=\"index, follow, max-snippet:-1, max-image-preview:large, max-video-preview:-1\" \/>\n<link rel=\"canonical\" href=\"https:\/\/www.yucatanencorto.com\/noticias\/se-realizara-la-feria-artesanal-tunich-2023\/\" \/>\n<meta property=\"og:locale\" content=\"es_ES\" \/>\n<meta property=\"og:type\" content=\"article\" \/>\n<meta property=\"og:title\" content=\"Se realizar\u00e1 la Feria Artesanal Tunich 2023 - Yucat\u00e1n en corto\" \/>\n<meta property=\"og:description\" content=\"M\u00e9rida, Yucat\u00e1n a 11 de julio de 2023.- Para generar m\u00e1s desarrollo econ\u00f3mico para las familias y difundir nuestras tradiciones culturales, el Alcalde Ren\u00e1n Barrera Concha impulsa la generaci\u00f3n de circuitos comerciales que coloquen los productos de las y los artesanos de M\u00e9rida y Yucat\u00e1n en los mercados locales, nacionales e internacionales. El Presidente Municipal [&hellip;]\" \/>\n<meta property=\"og:url\" content=\"https:\/\/www.yucatanencorto.com\/noticias\/se-realizara-la-feria-artesanal-tunich-2023\/\" \/>\n<meta property=\"og:site_name\" content=\"Yucat\u00e1n en corto\" \/>\n<meta property=\"article:publisher\" content=\"http:\/\/www.facebook.com\/yucatanencorto\" \/>\n<meta property=\"article:published_time\" content=\"2023-07-11T23:16:44+00:00\" \/>\n<meta property=\"og:image\" content=\"https:\/\/www.yucatanencorto.com\/noticias\/wp-content\/uploads\/2023\/07\/WhatsApp-Image-2023-07-11-at-17.05.23-scaled.jpeg\" \/>\n\t<meta property=\"og:image:width\" content=\"768\" \/>\n\t<meta property=\"og:image:height\" content=\"512\" \/>\n\t<meta property=\"og:image:type\" content=\"image\/jpeg\" \/>\n<meta name=\"author\" content=\"Redes\" \/>\n<meta name=\"twitter:card\" content=\"summary_large_image\" \/>\n<meta name=\"twitter:creator\" content=\"@yucatanencorto\" \/>\n<meta name=\"twitter:site\" content=\"@yucatanencorto\" \/>\n<meta name=\"twitter:label1\" content=\"Escrito por\" \/>\n\t<meta name=\"twitter:data1\" content=\"Redes\" \/>\n\t<meta name=\"twitter:label2\" content=\"Tiempo de lectura\" \/>\n\t<meta name=\"twitter:data2\" content=\"4 minutos\" \/>\n<script type=\"application\/ld+json\" class=\"yoast-schema-graph\">{\"@context\":\"https:\\\/\\\/schema.org\",\"@graph\":[{\"@type\":\"Article\",\"@id\":\"https:\\\/\\\/www.yucatanencorto.com\\\/noticias\\\/se-realizara-la-feria-artesanal-tunich-2023\\\/#article\",\"isPartOf\":{\"@id\":\"https:\\\/\\\/www.yucatanencorto.com\\\/noticias\\\/se-realizara-la-feria-artesanal-tunich-2023\\\/\"},\"author\":{\"name\":\"Redes\",\"@id\":\"https:\\\/\\\/www.yucatanencorto.com\\\/noticias\\\/#\\\/schema\\\/person\\\/e2fbdfaf30a07014a43940ce989f3119\"},\"headline\":\"Se realizar\u00e1 la Feria Artesanal Tunich 2023\",\"datePublished\":\"2023-07-11T23:16:44+00:00\",\"mainEntityOfPage\":{\"@id\":\"https:\\\/\\\/www.yucatanencorto.com\\\/noticias\\\/se-realizara-la-feria-artesanal-tunich-2023\\\/\"},\"wordCount\":694,\"image\":{\"@id\":\"https:\\\/\\\/www.yucatanencorto.com\\\/noticias\\\/se-realizara-la-feria-artesanal-tunich-2023\\\/#primaryimage\"},\"thumbnailUrl\":\"https:\\\/\\\/www.yucatanencorto.com\\\/noticias\\\/wp-content\\\/uploads\\\/2023\\\/07\\\/WhatsApp-Image-2023-07-11-at-17.05.23-scaled.jpeg\",\"articleSection\":[\"M\u00e9rida\"],\"inLanguage\":\"es\"},{\"@type\":\"WebPage\",\"@id\":\"https:\\\/\\\/www.yucatanencorto.com\\\/noticias\\\/se-realizara-la-feria-artesanal-tunich-2023\\\/\",\"url\":\"https:\\\/\\\/www.yucatanencorto.com\\\/noticias\\\/se-realizara-la-feria-artesanal-tunich-2023\\\/\",\"name\":\"Se realizar\u00e1 la Feria Artesanal Tunich 2023 - Yucat\u00e1n en corto\",\"isPartOf\":{\"@id\":\"https:\\\/\\\/www.yucatanencorto.com\\\/noticias\\\/#website\"},\"primaryImageOfPage\":{\"@id\":\"https:\\\/\\\/www.yucatanencorto.com\\\/noticias\\\/se-realizara-la-feria-artesanal-tunich-2023\\\/#primaryimage\"},\"image\":{\"@id\":\"https:\\\/\\\/www.yucatanencorto.com\\\/noticias\\\/se-realizara-la-feria-artesanal-tunich-2023\\\/#primaryimage\"},\"thumbnailUrl\":\"https:\\\/\\\/www.yucatanencorto.com\\\/noticias\\\/wp-content\\\/uploads\\\/2023\\\/07\\\/WhatsApp-Image-2023-07-11-at-17.05.23-scaled.jpeg\",\"datePublished\":\"2023-07-11T23:16:44+00:00\",\"author\":{\"@id\":\"https:\\\/\\\/www.yucatanencorto.com\\\/noticias\\\/#\\\/schema\\\/person\\\/e2fbdfaf30a07014a43940ce989f3119\"},\"breadcrumb\":{\"@id\":\"https:\\\/\\\/www.yucatanencorto.com\\\/noticias\\\/se-realizara-la-feria-artesanal-tunich-2023\\\/#breadcrumb\"},\"inLanguage\":\"es\",\"potentialAction\":[{\"@type\":\"ReadAction\",\"target\":[\"https:\\\/\\\/www.yucatanencorto.com\\\/noticias\\\/se-realizara-la-feria-artesanal-tunich-2023\\\/\"]}]},{\"@type\":\"ImageObject\",\"inLanguage\":\"es\",\"@id\":\"https:\\\/\\\/www.yucatanencorto.com\\\/noticias\\\/se-realizara-la-feria-artesanal-tunich-2023\\\/#primaryimage\",\"url\":\"https:\\\/\\\/www.yucatanencorto.com\\\/noticias\\\/wp-content\\\/uploads\\\/2023\\\/07\\\/WhatsApp-Image-2023-07-11-at-17.05.23-scaled.jpeg\",\"contentUrl\":\"https:\\\/\\\/www.yucatanencorto.com\\\/noticias\\\/wp-content\\\/uploads\\\/2023\\\/07\\\/WhatsApp-Image-2023-07-11-at-17.05.23-scaled.jpeg\",\"width\":768,\"height\":512},{\"@type\":\"BreadcrumbList\",\"@id\":\"https:\\\/\\\/www.yucatanencorto.com\\\/noticias\\\/se-realizara-la-feria-artesanal-tunich-2023\\\/#breadcrumb\",\"itemListElement\":[{\"@type\":\"ListItem\",\"position\":1,\"name\":\"Portada\",\"item\":\"https:\\\/\\\/www.yucatanencorto.com\\\/noticias\\\/\"},{\"@type\":\"ListItem\",\"position\":2,\"name\":\"Se realizar\u00e1 la Feria Artesanal Tunich 2023\"}]},{\"@type\":\"WebSite\",\"@id\":\"https:\\\/\\\/www.yucatanencorto.com\\\/noticias\\\/#website\",\"url\":\"https:\\\/\\\/www.yucatanencorto.com\\\/noticias\\\/\",\"name\":\"Yucat\u00e1n en corto\",\"description\":\"Noticias\",\"potentialAction\":[{\"@type\":\"SearchAction\",\"target\":{\"@type\":\"EntryPoint\",\"urlTemplate\":\"https:\\\/\\\/www.yucatanencorto.com\\\/noticias\\\/?s={search_term_string}\"},\"query-input\":{\"@type\":\"PropertyValueSpecification\",\"valueRequired\":true,\"valueName\":\"search_term_string\"}}],\"inLanguage\":\"es\"},{\"@type\":\"Person\",\"@id\":\"https:\\\/\\\/www.yucatanencorto.com\\\/noticias\\\/#\\\/schema\\\/person\\\/e2fbdfaf30a07014a43940ce989f3119\",\"name\":\"Redes\",\"image\":{\"@type\":\"ImageObject\",\"inLanguage\":\"es\",\"@id\":\"https:\\\/\\\/secure.gravatar.com\\\/avatar\\\/5931a2d21dd7cc834f44c8c34fe56d90ed6d536ef452cbf870c7485b524dddd7?s=96&d=mm&r=g\",\"url\":\"https:\\\/\\\/secure.gravatar.com\\\/avatar\\\/5931a2d21dd7cc834f44c8c34fe56d90ed6d536ef452cbf870c7485b524dddd7?s=96&d=mm&r=g\",\"contentUrl\":\"https:\\\/\\\/secure.gravatar.com\\\/avatar\\\/5931a2d21dd7cc834f44c8c34fe56d90ed6d536ef452cbf870c7485b524dddd7?s=96&d=mm&r=g\",\"caption\":\"Redes\"},\"url\":\"https:\\\/\\\/www.yucatanencorto.com\\\/noticias\\\/author\\\/redes\\\/\"}]}<\/script>\n<!-- \/ Yoast SEO plugin. -->","yoast_head_json":{"title":"Se realizar\u00e1 la Feria Artesanal Tunich 2023 - Yucat\u00e1n en corto","robots":{"index":"index","follow":"follow","max-snippet":"max-snippet:-1","max-image-preview":"max-image-preview:large","max-video-preview":"max-video-preview:-1"},"canonical":"https:\/\/www.yucatanencorto.com\/noticias\/se-realizara-la-feria-artesanal-tunich-2023\/","og_locale":"es_ES","og_type":"article","og_title":"Se realizar\u00e1 la Feria Artesanal Tunich 2023 - Yucat\u00e1n en corto","og_description":"M\u00e9rida, Yucat\u00e1n a 11 de julio de 2023.- Para generar m\u00e1s desarrollo econ\u00f3mico para las familias y difundir nuestras tradiciones culturales, el Alcalde Ren\u00e1n Barrera Concha impulsa la generaci\u00f3n de circuitos comerciales que coloquen los productos de las y los artesanos de M\u00e9rida y Yucat\u00e1n en los mercados locales, nacionales e internacionales. El Presidente Municipal [&hellip;]","og_url":"https:\/\/www.yucatanencorto.com\/noticias\/se-realizara-la-feria-artesanal-tunich-2023\/","og_site_name":"Yucat\u00e1n en corto","article_publisher":"http:\/\/www.facebook.com\/yucatanencorto","article_published_time":"2023-07-11T23:16:44+00:00","og_image":[{"width":768,"height":512,"url":"https:\/\/www.yucatanencorto.com\/noticias\/wp-content\/uploads\/2023\/07\/WhatsApp-Image-2023-07-11-at-17.05.23-scaled.jpeg","type":"image\/jpeg"}],"author":"Redes","twitter_card":"summary_large_image","twitter_creator":"@yucatanencorto","twitter_site":"@yucatanencorto","twitter_misc":{"Escrito por":"Redes","Tiempo de lectura":"4 minutos"},"schema":{"@context":"https:\/\/schema.org","@graph":[{"@type":"Article","@id":"https:\/\/www.yucatanencorto.com\/noticias\/se-realizara-la-feria-artesanal-tunich-2023\/#article","isPartOf":{"@id":"https:\/\/www.yucatanencorto.com\/noticias\/se-realizara-la-feria-artesanal-tunich-2023\/"},"author":{"name":"Redes","@id":"https:\/\/www.yucatanencorto.com\/noticias\/#\/schema\/person\/e2fbdfaf30a07014a43940ce989f3119"},"headline":"Se realizar\u00e1 la Feria Artesanal Tunich 2023","datePublished":"2023-07-11T23:16:44+00:00","mainEntityOfPage":{"@id":"https:\/\/www.yucatanencorto.com\/noticias\/se-realizara-la-feria-artesanal-tunich-2023\/"},"wordCount":694,"image":{"@id":"https:\/\/www.yucatanencorto.com\/noticias\/se-realizara-la-feria-artesanal-tunich-2023\/#primaryimage"},"thumbnailUrl":"https:\/\/www.yucatanencorto.com\/noticias\/wp-content\/uploads\/2023\/07\/WhatsApp-Image-2023-07-11-at-17.05.23-scaled.jpeg","articleSection":["M\u00e9rida"],"inLanguage":"es"},{"@type":"WebPage","@id":"https:\/\/www.yucatanencorto.com\/noticias\/se-realizara-la-feria-artesanal-tunich-2023\/","url":"https:\/\/www.yucatanencorto.com\/noticias\/se-realizara-la-feria-artesanal-tunich-2023\/","name":"Se realizar\u00e1 la Feria Artesanal Tunich 2023 - Yucat\u00e1n en corto","isPartOf":{"@id":"https:\/\/www.yucatanencorto.com\/noticias\/#website"},"primaryImageOfPage":{"@id":"https:\/\/www.yucatanencorto.com\/noticias\/se-realizara-la-feria-artesanal-tunich-2023\/#primaryimage"},"image":{"@id":"https:\/\/www.yucatanencorto.com\/noticias\/se-realizara-la-feria-artesanal-tunich-2023\/#primaryimage"},"thumbnailUrl":"https:\/\/www.yucatanencorto.com\/noticias\/wp-content\/uploads\/2023\/07\/WhatsApp-Image-2023-07-11-at-17.05.23-scaled.jpeg","datePublished":"2023-07-11T23:16:44+00:00","author":{"@id":"https:\/\/www.yucatanencorto.com\/noticias\/#\/schema\/person\/e2fbdfaf30a07014a43940ce989f3119"},"breadcrumb":{"@id":"https:\/\/www.yucatanencorto.com\/noticias\/se-realizara-la-feria-artesanal-tunich-2023\/#breadcrumb"},"inLanguage":"es","potentialAction":[{"@type":"ReadAction","target":["https:\/\/www.yucatanencorto.com\/noticias\/se-realizara-la-feria-artesanal-tunich-2023\/"]}]},{"@type":"ImageObject","inLanguage":"es","@id":"https:\/\/www.yucatanencorto.com\/noticias\/se-realizara-la-feria-artesanal-tunich-2023\/#primaryimage","url":"https:\/\/www.yucatanencorto.com\/noticias\/wp-content\/uploads\/2023\/07\/WhatsApp-Image-2023-07-11-at-17.05.23-scaled.jpeg","contentUrl":"https:\/\/www.yucatanencorto.com\/noticias\/wp-content\/uploads\/2023\/07\/WhatsApp-Image-2023-07-11-at-17.05.23-scaled.jpeg","width":768,"height":512},{"@type":"BreadcrumbList","@id":"https:\/\/www.yucatanencorto.com\/noticias\/se-realizara-la-feria-artesanal-tunich-2023\/#breadcrumb","itemListElement":[{"@type":"ListItem","position":1,"name":"Portada","item":"https:\/\/www.yucatanencorto.com\/noticias\/"},{"@type":"ListItem","position":2,"name":"Se realizar\u00e1 la Feria Artesanal Tunich 2023"}]},{"@type":"WebSite","@id":"https:\/\/www.yucatanencorto.com\/noticias\/#website","url":"https:\/\/www.yucatanencorto.com\/noticias\/","name":"Yucat\u00e1n en corto","description":"Noticias","potentialAction":[{"@type":"SearchAction","target":{"@type":"EntryPoint","urlTemplate":"https:\/\/www.yucatanencorto.com\/noticias\/?s={search_term_string}"},"query-input":{"@type":"PropertyValueSpecification","valueRequired":true,"valueName":"search_term_string"}}],"inLanguage":"es"},{"@type":"Person","@id":"https:\/\/www.yucatanencorto.com\/noticias\/#\/schema\/person\/e2fbdfaf30a07014a43940ce989f3119","name":"Redes","image":{"@type":"ImageObject","inLanguage":"es","@id":"https:\/\/secure.gravatar.com\/avatar\/5931a2d21dd7cc834f44c8c34fe56d90ed6d536ef452cbf870c7485b524dddd7?s=96&d=mm&r=g","url":"https:\/\/secure.gravatar.com\/avatar\/5931a2d21dd7cc834f44c8c34fe56d90ed6d536ef452cbf870c7485b524dddd7?s=96&d=mm&r=g","contentUrl":"https:\/\/secure.gravatar.com\/avatar\/5931a2d21dd7cc834f44c8c34fe56d90ed6d536ef452cbf870c7485b524dddd7?s=96&d=mm&r=g","caption":"Redes"},"url":"https:\/\/www.yucatanencorto.com\/noticias\/author\/redes\/"}]}},"_links":{"self":[{"href":"https:\/\/www.yucatanencorto.com\/noticias\/wp-json\/wp\/v2\/posts\/99052","targetHints":{"allow":["GET"]}}],"collection":[{"href":"https:\/\/www.yucatanencorto.com\/noticias\/wp-json\/wp\/v2\/posts"}],"about":[{"href":"https:\/\/www.yucatanencorto.com\/noticias\/wp-json\/wp\/v2\/types\/post"}],"author":[{"embeddable":true,"href":"https:\/\/www.yucatanencorto.com\/noticias\/wp-json\/wp\/v2\/users\/3"}],"replies":[{"embeddable":true,"href":"https:\/\/www.yucatanencorto.com\/noticias\/wp-json\/wp\/v2\/comments?post=99052"}],"version-history":[{"count":0,"href":"https:\/\/www.yucatanencorto.com\/noticias\/wp-json\/wp\/v2\/posts\/99052\/revisions"}],"wp:featuredmedia":[{"embeddable":true,"href":"https:\/\/www.yucatanencorto.com\/noticias\/wp-json\/wp\/v2\/media\/99057"}],"wp:attachment":[{"href":"https:\/\/www.yucatanencorto.com\/noticias\/wp-json\/wp\/v2\/media?parent=99052"}],"wp:term":[{"taxonomy":"category","embeddable":true,"href":"https:\/\/www.yucatanencorto.com\/noticias\/wp-json\/wp\/v2\/categories?post=99052"},{"taxonomy":"post_tag","embeddable":true,"href":"https:\/\/www.yucatanencorto.com\/noticias\/wp-json\/wp\/v2\/tags?post=99052"}],"curies":[{"name":"wp","href":"https:\/\/api.w.org\/{rel}","templated":true}]}}