{"id":99053,"date":"2023-07-11T14:34:32","date_gmt":"2023-07-11T20:34:32","guid":{"rendered":"https:\/\/www.yucatanencorto.com\/noticias\/?p=99053"},"modified":"2023-07-11T14:45:44","modified_gmt":"2023-07-11T20:45:44","slug":"supervisan-trabajos-de-repavimentacion-de-calles-en-kanasin","status":"publish","type":"post","link":"https:\/\/www.yucatanencorto.com\/noticias\/supervisan-trabajos-de-repavimentacion-de-calles-en-kanasin\/","title":{"rendered":"Supervisan trabajos de repavimentaci\u00f3n de calles en Kanas\u00edn"},"content":{"rendered":"<p><img loading=\"lazy\" decoding=\"async\" class=\"alignnone size-full wp-image-99054\" src=\"https:\/\/www.yucatanencorto.com\/noticias\/wp-content\/uploads\/2023\/07\/7b560f2a-c418-4b8a-9548-fd31c7b5f681-scaled.jpeg\" alt=\"\" width=\"768\" height=\"576\" srcset=\"https:\/\/www.yucatanencorto.com\/noticias\/wp-content\/uploads\/2023\/07\/7b560f2a-c418-4b8a-9548-fd31c7b5f681-scaled.jpeg 768w, https:\/\/www.yucatanencorto.com\/noticias\/wp-content\/uploads\/2023\/07\/7b560f2a-c418-4b8a-9548-fd31c7b5f681-1536x1152.jpeg 1536w, https:\/\/www.yucatanencorto.com\/noticias\/wp-content\/uploads\/2023\/07\/7b560f2a-c418-4b8a-9548-fd31c7b5f681-696x522.jpeg 696w, https:\/\/www.yucatanencorto.com\/noticias\/wp-content\/uploads\/2023\/07\/7b560f2a-c418-4b8a-9548-fd31c7b5f681-1068x801.jpeg 1068w, https:\/\/www.yucatanencorto.com\/noticias\/wp-content\/uploads\/2023\/07\/7b560f2a-c418-4b8a-9548-fd31c7b5f681-560x420.jpeg 560w, https:\/\/www.yucatanencorto.com\/noticias\/wp-content\/uploads\/2023\/07\/7b560f2a-c418-4b8a-9548-fd31c7b5f681-80x60.jpeg 80w, https:\/\/www.yucatanencorto.com\/noticias\/wp-content\/uploads\/2023\/07\/7b560f2a-c418-4b8a-9548-fd31c7b5f681-265x198.jpeg 265w\" sizes=\"auto, (max-width: 768px) 100vw, 768px\" \/><\/p>\n<p>KANAS\u00cdN, Yucat\u00e1n a 11 de julio 2023.&#8212;&#8211;Despu\u00e9s de m\u00e1s de una d\u00e9cada de estar en el olvido, la calle 21, que va desde la reci\u00e9n mejorada Concha Ac\u00fastica hasta el Fraccionamiento Vivah, est\u00e1 siendo repavimentada, por lo que se realizan trabajos de mejoramientos de 345 metros lineales de calles, con lo que se beneficiar\u00e1n decenas de familias de esa zona.<\/p>\n<p>En un recorrido que realiz\u00f3 para supervisar el inicio de los trabajos, el alcalde Edwin Boj\u00f3rquez Ram\u00edrez reiter\u00f3 su compromiso de impulsar acciones que mejoren la calidad de vida de las familias del municipio y destac\u00f3 que la construcci\u00f3n y reconstrucci\u00f3n de vialidades es una prioridad para su administraci\u00f3n.<\/p>\n<p>\u201cLa calle 21 estuvo muchos a\u00f1os en el olvido, por parte de las anteriores administraciones, y cuando era bacheaba se hac\u00eda con materiales de muy mala calidad\u201d, dijo el edil kanasinense.<\/p>\n<p>En tal sentido, indic\u00f3 que desde el principio de su gobierno se comprometi\u00f3 con los vecinos de la zona a realizar mejoras importantes sobre la calle 21, pues sus malas condiciones propiciaron la presencia de accidentes.<\/p>\n<p>\u201cEs por ello que adem\u00e1s de que se repavimentar\u00e1, el ancho de la calle aumentar\u00e1 de 6.2 metros a 8 metros y se le construir\u00e1n banquetas, esto con la finalidad de ofrecer a los peatones y conductores mayor seguridad\u201d, apunt\u00f3.<\/p>\n<p>Record\u00f3 tambi\u00e9n que se est\u00e1n haciendo trabajos de mejoramiento de vialidades en la Francisco Villa Oriente, San Camilo, Jardines de Mulchech\u00e9n, centro de la ciudad, entre otros puntos, \u201ccon lo que se demuestra con acciones que todos los d\u00edas estamos ofreciendo resultados a la poblaci\u00f3n\u201d.<\/p>\n<p>El alcalde Edwin Boj\u00f3rquez indic\u00f3 que \u201cKanas\u00edn vive los mejores momentos de su historia y se transforma todos los d\u00edas. El ciudadano kanasinense est\u00e1 contento porque ve todos los d\u00edas lo que se ha hecho en materia educativa, infraestructura, deportes y calles, etc\u201d.<\/p>\n","protected":false},"excerpt":{"rendered":"<p>KANAS\u00cdN, Yucat\u00e1n a 11 de julio 2023.&#8212;&#8211;Despu\u00e9s de m\u00e1s de una d\u00e9cada de estar en el olvido, la calle 21, que va desde la reci\u00e9n mejorada Concha Ac\u00fastica hasta el Fraccionamiento Vivah, est\u00e1 siendo repavimentada, por lo que se realizan trabajos de mejoramientos de 345 metros lineales de calles, con lo que se beneficiar\u00e1n decenas [&hellip;]<\/p>\n","protected":false},"author":3,"featured_media":99054,"comment_status":"closed","ping_status":"closed","sticky":false,"template":"","format":"standard","meta":{"footnotes":""},"categories":[3],"tags":[],"class_list":{"0":"post-99053","1":"post","2":"type-post","3":"status-publish","4":"format-standard","5":"has-post-thumbnail","7":"category-yucatan"},"yoast_head":"<!-- This site is optimized with the Yoast SEO plugin v27.4 - https:\/\/yoast.com\/product\/yoast-seo-wordpress\/ -->\n<title>Supervisan trabajos de repavimentaci\u00f3n de calles en Kanas\u00edn - Yucat\u00e1n en corto<\/title>\n<meta name=\"robots\" content=\"index, follow, max-snippet:-1, max-image-preview:large, max-video-preview:-1\" \/>\n<link rel=\"canonical\" href=\"https:\/\/www.yucatanencorto.com\/noticias\/supervisan-trabajos-de-repavimentacion-de-calles-en-kanasin\/\" \/>\n<meta property=\"og:locale\" content=\"es_ES\" \/>\n<meta property=\"og:type\" content=\"article\" \/>\n<meta property=\"og:title\" content=\"Supervisan trabajos de repavimentaci\u00f3n de calles en Kanas\u00edn - Yucat\u00e1n en corto\" \/>\n<meta property=\"og:description\" content=\"KANAS\u00cdN, Yucat\u00e1n a 11 de julio 2023.&#8212;&#8211;Despu\u00e9s de m\u00e1s de una d\u00e9cada de estar en el olvido, la calle 21, que va desde la reci\u00e9n mejorada Concha Ac\u00fastica hasta el Fraccionamiento Vivah, est\u00e1 siendo repavimentada, por lo que se realizan trabajos de mejoramientos de 345 metros lineales de calles, con lo que se beneficiar\u00e1n decenas [&hellip;]\" \/>\n<meta property=\"og:url\" content=\"https:\/\/www.yucatanencorto.com\/noticias\/supervisan-trabajos-de-repavimentacion-de-calles-en-kanasin\/\" \/>\n<meta property=\"og:site_name\" content=\"Yucat\u00e1n en corto\" \/>\n<meta property=\"article:publisher\" content=\"http:\/\/www.facebook.com\/yucatanencorto\" \/>\n<meta property=\"article:published_time\" content=\"2023-07-11T20:34:32+00:00\" \/>\n<meta property=\"article:modified_time\" content=\"2023-07-11T20:45:44+00:00\" \/>\n<meta property=\"og:image\" content=\"https:\/\/www.yucatanencorto.com\/noticias\/wp-content\/uploads\/2023\/07\/7b560f2a-c418-4b8a-9548-fd31c7b5f681-scaled.jpeg\" \/>\n\t<meta property=\"og:image:width\" content=\"768\" \/>\n\t<meta property=\"og:image:height\" content=\"576\" \/>\n\t<meta property=\"og:image:type\" content=\"image\/jpeg\" \/>\n<meta name=\"author\" content=\"Redes\" \/>\n<meta name=\"twitter:card\" content=\"summary_large_image\" \/>\n<meta name=\"twitter:creator\" content=\"@yucatanencorto\" \/>\n<meta name=\"twitter:site\" content=\"@yucatanencorto\" \/>\n<meta name=\"twitter:label1\" content=\"Escrito por\" \/>\n\t<meta name=\"twitter:data1\" content=\"Redes\" \/>\n\t<meta name=\"twitter:label2\" content=\"Tiempo de lectura\" \/>\n\t<meta name=\"twitter:data2\" content=\"2 minutos\" \/>\n<script type=\"application\/ld+json\" class=\"yoast-schema-graph\">{\"@context\":\"https:\\\/\\\/schema.org\",\"@graph\":[{\"@type\":\"Article\",\"@id\":\"https:\\\/\\\/www.yucatanencorto.com\\\/noticias\\\/supervisan-trabajos-de-repavimentacion-de-calles-en-kanasin\\\/#article\",\"isPartOf\":{\"@id\":\"https:\\\/\\\/www.yucatanencorto.com\\\/noticias\\\/supervisan-trabajos-de-repavimentacion-de-calles-en-kanasin\\\/\"},\"author\":{\"name\":\"Redes\",\"@id\":\"https:\\\/\\\/www.yucatanencorto.com\\\/noticias\\\/#\\\/schema\\\/person\\\/e2fbdfaf30a07014a43940ce989f3119\"},\"headline\":\"Supervisan trabajos de repavimentaci\u00f3n de calles en Kanas\u00edn\",\"datePublished\":\"2023-07-11T20:34:32+00:00\",\"dateModified\":\"2023-07-11T20:45:44+00:00\",\"mainEntityOfPage\":{\"@id\":\"https:\\\/\\\/www.yucatanencorto.com\\\/noticias\\\/supervisan-trabajos-de-repavimentacion-de-calles-en-kanasin\\\/\"},\"wordCount\":333,\"image\":{\"@id\":\"https:\\\/\\\/www.yucatanencorto.com\\\/noticias\\\/supervisan-trabajos-de-repavimentacion-de-calles-en-kanasin\\\/#primaryimage\"},\"thumbnailUrl\":\"https:\\\/\\\/www.yucatanencorto.com\\\/noticias\\\/wp-content\\\/uploads\\\/2023\\\/07\\\/7b560f2a-c418-4b8a-9548-fd31c7b5f681-scaled.jpeg\",\"articleSection\":[\"Yucat\u00e1n\"],\"inLanguage\":\"es\"},{\"@type\":\"WebPage\",\"@id\":\"https:\\\/\\\/www.yucatanencorto.com\\\/noticias\\\/supervisan-trabajos-de-repavimentacion-de-calles-en-kanasin\\\/\",\"url\":\"https:\\\/\\\/www.yucatanencorto.com\\\/noticias\\\/supervisan-trabajos-de-repavimentacion-de-calles-en-kanasin\\\/\",\"name\":\"Supervisan trabajos de repavimentaci\u00f3n de calles en Kanas\u00edn - Yucat\u00e1n en corto\",\"isPartOf\":{\"@id\":\"https:\\\/\\\/www.yucatanencorto.com\\\/noticias\\\/#website\"},\"primaryImageOfPage\":{\"@id\":\"https:\\\/\\\/www.yucatanencorto.com\\\/noticias\\\/supervisan-trabajos-de-repavimentacion-de-calles-en-kanasin\\\/#primaryimage\"},\"image\":{\"@id\":\"https:\\\/\\\/www.yucatanencorto.com\\\/noticias\\\/supervisan-trabajos-de-repavimentacion-de-calles-en-kanasin\\\/#primaryimage\"},\"thumbnailUrl\":\"https:\\\/\\\/www.yucatanencorto.com\\\/noticias\\\/wp-content\\\/uploads\\\/2023\\\/07\\\/7b560f2a-c418-4b8a-9548-fd31c7b5f681-scaled.jpeg\",\"datePublished\":\"2023-07-11T20:34:32+00:00\",\"dateModified\":\"2023-07-11T20:45:44+00:00\",\"author\":{\"@id\":\"https:\\\/\\\/www.yucatanencorto.com\\\/noticias\\\/#\\\/schema\\\/person\\\/e2fbdfaf30a07014a43940ce989f3119\"},\"breadcrumb\":{\"@id\":\"https:\\\/\\\/www.yucatanencorto.com\\\/noticias\\\/supervisan-trabajos-de-repavimentacion-de-calles-en-kanasin\\\/#breadcrumb\"},\"inLanguage\":\"es\",\"potentialAction\":[{\"@type\":\"ReadAction\",\"target\":[\"https:\\\/\\\/www.yucatanencorto.com\\\/noticias\\\/supervisan-trabajos-de-repavimentacion-de-calles-en-kanasin\\\/\"]}]},{\"@type\":\"ImageObject\",\"inLanguage\":\"es\",\"@id\":\"https:\\\/\\\/www.yucatanencorto.com\\\/noticias\\\/supervisan-trabajos-de-repavimentacion-de-calles-en-kanasin\\\/#primaryimage\",\"url\":\"https:\\\/\\\/www.yucatanencorto.com\\\/noticias\\\/wp-content\\\/uploads\\\/2023\\\/07\\\/7b560f2a-c418-4b8a-9548-fd31c7b5f681-scaled.jpeg\",\"contentUrl\":\"https:\\\/\\\/www.yucatanencorto.com\\\/noticias\\\/wp-content\\\/uploads\\\/2023\\\/07\\\/7b560f2a-c418-4b8a-9548-fd31c7b5f681-scaled.jpeg\",\"width\":768,\"height\":576},{\"@type\":\"BreadcrumbList\",\"@id\":\"https:\\\/\\\/www.yucatanencorto.com\\\/noticias\\\/supervisan-trabajos-de-repavimentacion-de-calles-en-kanasin\\\/#breadcrumb\",\"itemListElement\":[{\"@type\":\"ListItem\",\"position\":1,\"name\":\"Portada\",\"item\":\"https:\\\/\\\/www.yucatanencorto.com\\\/noticias\\\/\"},{\"@type\":\"ListItem\",\"position\":2,\"name\":\"Supervisan trabajos de repavimentaci\u00f3n de calles en Kanas\u00edn\"}]},{\"@type\":\"WebSite\",\"@id\":\"https:\\\/\\\/www.yucatanencorto.com\\\/noticias\\\/#website\",\"url\":\"https:\\\/\\\/www.yucatanencorto.com\\\/noticias\\\/\",\"name\":\"Yucat\u00e1n en corto\",\"description\":\"Noticias\",\"potentialAction\":[{\"@type\":\"SearchAction\",\"target\":{\"@type\":\"EntryPoint\",\"urlTemplate\":\"https:\\\/\\\/www.yucatanencorto.com\\\/noticias\\\/?s={search_term_string}\"},\"query-input\":{\"@type\":\"PropertyValueSpecification\",\"valueRequired\":true,\"valueName\":\"search_term_string\"}}],\"inLanguage\":\"es\"},{\"@type\":\"Person\",\"@id\":\"https:\\\/\\\/www.yucatanencorto.com\\\/noticias\\\/#\\\/schema\\\/person\\\/e2fbdfaf30a07014a43940ce989f3119\",\"name\":\"Redes\",\"image\":{\"@type\":\"ImageObject\",\"inLanguage\":\"es\",\"@id\":\"https:\\\/\\\/secure.gravatar.com\\\/avatar\\\/5931a2d21dd7cc834f44c8c34fe56d90ed6d536ef452cbf870c7485b524dddd7?s=96&d=mm&r=g\",\"url\":\"https:\\\/\\\/secure.gravatar.com\\\/avatar\\\/5931a2d21dd7cc834f44c8c34fe56d90ed6d536ef452cbf870c7485b524dddd7?s=96&d=mm&r=g\",\"contentUrl\":\"https:\\\/\\\/secure.gravatar.com\\\/avatar\\\/5931a2d21dd7cc834f44c8c34fe56d90ed6d536ef452cbf870c7485b524dddd7?s=96&d=mm&r=g\",\"caption\":\"Redes\"},\"url\":\"https:\\\/\\\/www.yucatanencorto.com\\\/noticias\\\/author\\\/redes\\\/\"}]}<\/script>\n<!-- \/ Yoast SEO plugin. -->","yoast_head_json":{"title":"Supervisan trabajos de repavimentaci\u00f3n de calles en Kanas\u00edn - Yucat\u00e1n en corto","robots":{"index":"index","follow":"follow","max-snippet":"max-snippet:-1","max-image-preview":"max-image-preview:large","max-video-preview":"max-video-preview:-1"},"canonical":"https:\/\/www.yucatanencorto.com\/noticias\/supervisan-trabajos-de-repavimentacion-de-calles-en-kanasin\/","og_locale":"es_ES","og_type":"article","og_title":"Supervisan trabajos de repavimentaci\u00f3n de calles en Kanas\u00edn - Yucat\u00e1n en corto","og_description":"KANAS\u00cdN, Yucat\u00e1n a 11 de julio 2023.&#8212;&#8211;Despu\u00e9s de m\u00e1s de una d\u00e9cada de estar en el olvido, la calle 21, que va desde la reci\u00e9n mejorada Concha Ac\u00fastica hasta el Fraccionamiento Vivah, est\u00e1 siendo repavimentada, por lo que se realizan trabajos de mejoramientos de 345 metros lineales de calles, con lo que se beneficiar\u00e1n decenas [&hellip;]","og_url":"https:\/\/www.yucatanencorto.com\/noticias\/supervisan-trabajos-de-repavimentacion-de-calles-en-kanasin\/","og_site_name":"Yucat\u00e1n en corto","article_publisher":"http:\/\/www.facebook.com\/yucatanencorto","article_published_time":"2023-07-11T20:34:32+00:00","article_modified_time":"2023-07-11T20:45:44+00:00","og_image":[{"width":768,"height":576,"url":"https:\/\/www.yucatanencorto.com\/noticias\/wp-content\/uploads\/2023\/07\/7b560f2a-c418-4b8a-9548-fd31c7b5f681-scaled.jpeg","type":"image\/jpeg"}],"author":"Redes","twitter_card":"summary_large_image","twitter_creator":"@yucatanencorto","twitter_site":"@yucatanencorto","twitter_misc":{"Escrito por":"Redes","Tiempo de lectura":"2 minutos"},"schema":{"@context":"https:\/\/schema.org","@graph":[{"@type":"Article","@id":"https:\/\/www.yucatanencorto.com\/noticias\/supervisan-trabajos-de-repavimentacion-de-calles-en-kanasin\/#article","isPartOf":{"@id":"https:\/\/www.yucatanencorto.com\/noticias\/supervisan-trabajos-de-repavimentacion-de-calles-en-kanasin\/"},"author":{"name":"Redes","@id":"https:\/\/www.yucatanencorto.com\/noticias\/#\/schema\/person\/e2fbdfaf30a07014a43940ce989f3119"},"headline":"Supervisan trabajos de repavimentaci\u00f3n de calles en Kanas\u00edn","datePublished":"2023-07-11T20:34:32+00:00","dateModified":"2023-07-11T20:45:44+00:00","mainEntityOfPage":{"@id":"https:\/\/www.yucatanencorto.com\/noticias\/supervisan-trabajos-de-repavimentacion-de-calles-en-kanasin\/"},"wordCount":333,"image":{"@id":"https:\/\/www.yucatanencorto.com\/noticias\/supervisan-trabajos-de-repavimentacion-de-calles-en-kanasin\/#primaryimage"},"thumbnailUrl":"https:\/\/www.yucatanencorto.com\/noticias\/wp-content\/uploads\/2023\/07\/7b560f2a-c418-4b8a-9548-fd31c7b5f681-scaled.jpeg","articleSection":["Yucat\u00e1n"],"inLanguage":"es"},{"@type":"WebPage","@id":"https:\/\/www.yucatanencorto.com\/noticias\/supervisan-trabajos-de-repavimentacion-de-calles-en-kanasin\/","url":"https:\/\/www.yucatanencorto.com\/noticias\/supervisan-trabajos-de-repavimentacion-de-calles-en-kanasin\/","name":"Supervisan trabajos de repavimentaci\u00f3n de calles en Kanas\u00edn - Yucat\u00e1n en corto","isPartOf":{"@id":"https:\/\/www.yucatanencorto.com\/noticias\/#website"},"primaryImageOfPage":{"@id":"https:\/\/www.yucatanencorto.com\/noticias\/supervisan-trabajos-de-repavimentacion-de-calles-en-kanasin\/#primaryimage"},"image":{"@id":"https:\/\/www.yucatanencorto.com\/noticias\/supervisan-trabajos-de-repavimentacion-de-calles-en-kanasin\/#primaryimage"},"thumbnailUrl":"https:\/\/www.yucatanencorto.com\/noticias\/wp-content\/uploads\/2023\/07\/7b560f2a-c418-4b8a-9548-fd31c7b5f681-scaled.jpeg","datePublished":"2023-07-11T20:34:32+00:00","dateModified":"2023-07-11T20:45:44+00:00","author":{"@id":"https:\/\/www.yucatanencorto.com\/noticias\/#\/schema\/person\/e2fbdfaf30a07014a43940ce989f3119"},"breadcrumb":{"@id":"https:\/\/www.yucatanencorto.com\/noticias\/supervisan-trabajos-de-repavimentacion-de-calles-en-kanasin\/#breadcrumb"},"inLanguage":"es","potentialAction":[{"@type":"ReadAction","target":["https:\/\/www.yucatanencorto.com\/noticias\/supervisan-trabajos-de-repavimentacion-de-calles-en-kanasin\/"]}]},{"@type":"ImageObject","inLanguage":"es","@id":"https:\/\/www.yucatanencorto.com\/noticias\/supervisan-trabajos-de-repavimentacion-de-calles-en-kanasin\/#primaryimage","url":"https:\/\/www.yucatanencorto.com\/noticias\/wp-content\/uploads\/2023\/07\/7b560f2a-c418-4b8a-9548-fd31c7b5f681-scaled.jpeg","contentUrl":"https:\/\/www.yucatanencorto.com\/noticias\/wp-content\/uploads\/2023\/07\/7b560f2a-c418-4b8a-9548-fd31c7b5f681-scaled.jpeg","width":768,"height":576},{"@type":"BreadcrumbList","@id":"https:\/\/www.yucatanencorto.com\/noticias\/supervisan-trabajos-de-repavimentacion-de-calles-en-kanasin\/#breadcrumb","itemListElement":[{"@type":"ListItem","position":1,"name":"Portada","item":"https:\/\/www.yucatanencorto.com\/noticias\/"},{"@type":"ListItem","position":2,"name":"Supervisan trabajos de repavimentaci\u00f3n de calles en Kanas\u00edn"}]},{"@type":"WebSite","@id":"https:\/\/www.yucatanencorto.com\/noticias\/#website","url":"https:\/\/www.yucatanencorto.com\/noticias\/","name":"Yucat\u00e1n en corto","description":"Noticias","potentialAction":[{"@type":"SearchAction","target":{"@type":"EntryPoint","urlTemplate":"https:\/\/www.yucatanencorto.com\/noticias\/?s={search_term_string}"},"query-input":{"@type":"PropertyValueSpecification","valueRequired":true,"valueName":"search_term_string"}}],"inLanguage":"es"},{"@type":"Person","@id":"https:\/\/www.yucatanencorto.com\/noticias\/#\/schema\/person\/e2fbdfaf30a07014a43940ce989f3119","name":"Redes","image":{"@type":"ImageObject","inLanguage":"es","@id":"https:\/\/secure.gravatar.com\/avatar\/5931a2d21dd7cc834f44c8c34fe56d90ed6d536ef452cbf870c7485b524dddd7?s=96&d=mm&r=g","url":"https:\/\/secure.gravatar.com\/avatar\/5931a2d21dd7cc834f44c8c34fe56d90ed6d536ef452cbf870c7485b524dddd7?s=96&d=mm&r=g","contentUrl":"https:\/\/secure.gravatar.com\/avatar\/5931a2d21dd7cc834f44c8c34fe56d90ed6d536ef452cbf870c7485b524dddd7?s=96&d=mm&r=g","caption":"Redes"},"url":"https:\/\/www.yucatanencorto.com\/noticias\/author\/redes\/"}]}},"_links":{"self":[{"href":"https:\/\/www.yucatanencorto.com\/noticias\/wp-json\/wp\/v2\/posts\/99053","targetHints":{"allow":["GET"]}}],"collection":[{"href":"https:\/\/www.yucatanencorto.com\/noticias\/wp-json\/wp\/v2\/posts"}],"about":[{"href":"https:\/\/www.yucatanencorto.com\/noticias\/wp-json\/wp\/v2\/types\/post"}],"author":[{"embeddable":true,"href":"https:\/\/www.yucatanencorto.com\/noticias\/wp-json\/wp\/v2\/users\/3"}],"replies":[{"embeddable":true,"href":"https:\/\/www.yucatanencorto.com\/noticias\/wp-json\/wp\/v2\/comments?post=99053"}],"version-history":[{"count":0,"href":"https:\/\/www.yucatanencorto.com\/noticias\/wp-json\/wp\/v2\/posts\/99053\/revisions"}],"wp:featuredmedia":[{"embeddable":true,"href":"https:\/\/www.yucatanencorto.com\/noticias\/wp-json\/wp\/v2\/media\/99054"}],"wp:attachment":[{"href":"https:\/\/www.yucatanencorto.com\/noticias\/wp-json\/wp\/v2\/media?parent=99053"}],"wp:term":[{"taxonomy":"category","embeddable":true,"href":"https:\/\/www.yucatanencorto.com\/noticias\/wp-json\/wp\/v2\/categories?post=99053"},{"taxonomy":"post_tag","embeddable":true,"href":"https:\/\/www.yucatanencorto.com\/noticias\/wp-json\/wp\/v2\/tags?post=99053"}],"curies":[{"name":"wp","href":"https:\/\/api.w.org\/{rel}","templated":true}]}}