{"id":99066,"date":"2023-07-11T20:50:49","date_gmt":"2023-07-12T02:50:49","guid":{"rendered":"https:\/\/www.yucatanencorto.com\/noticias\/?p=99066"},"modified":"2023-07-11T20:50:49","modified_gmt":"2023-07-12T02:50:49","slug":"apuestan-por-los-jovenes-de-la-upy","status":"publish","type":"post","link":"https:\/\/www.yucatanencorto.com\/noticias\/apuestan-por-los-jovenes-de-la-upy\/","title":{"rendered":"Apuestan por los j\u00f3venes de la UPY"},"content":{"rendered":"<p>&nbsp;<\/p>\n<p><img loading=\"lazy\" decoding=\"async\" class=\"alignnone size-full wp-image-99067\" src=\"https:\/\/www.yucatanencorto.com\/noticias\/wp-content\/uploads\/2023\/07\/7257e153-8f37-4358-9338-f5e577af2bc6-scaled.jpeg\" alt=\"\" width=\"768\" height=\"510\" srcset=\"https:\/\/www.yucatanencorto.com\/noticias\/wp-content\/uploads\/2023\/07\/7257e153-8f37-4358-9338-f5e577af2bc6-scaled.jpeg 768w, https:\/\/www.yucatanencorto.com\/noticias\/wp-content\/uploads\/2023\/07\/7257e153-8f37-4358-9338-f5e577af2bc6-696x462.jpeg 696w, https:\/\/www.yucatanencorto.com\/noticias\/wp-content\/uploads\/2023\/07\/7257e153-8f37-4358-9338-f5e577af2bc6-1068x709.jpeg 1068w, https:\/\/www.yucatanencorto.com\/noticias\/wp-content\/uploads\/2023\/07\/7257e153-8f37-4358-9338-f5e577af2bc6-633x420.jpeg 633w\" sizes=\"auto, (max-width: 768px) 100vw, 768px\" \/><br \/>\nM\u00e9rida, Yucat\u00e1n, 11 de julio de 2023<\/p>\n<p>Tener m\u00e1s oportunidades laborales y mejores sueldos al concluir los estudios son\u00a0 inquietudes que los estudiantes de la Universidad Polit\u00e9cnica de Yucat\u00e1n expusieron en un encuentro con la diputada federal Cecilia Patr\u00f3n Laviada.<\/p>\n<p>\u00abEstoy segura que su perfil biling\u00fce espa\u00f1ol-ingl\u00e9s y sus habilidades tecnol\u00f3gicas y de innovaci\u00f3n les permitir\u00e1n pronto acceder a espacios laborales bien pagados\u00bb dijo ante unos 200 alumnos de la instituci\u00f3n ubicada en el poniente de M\u00e9rida como parte del programa \u00abDiputada en tu escuela\u00bb.<\/p>\n<p>En este sentido habl\u00f3 de la importancia de la pol\u00edtica econ\u00f3mica del Gobierno del Estado de atracci\u00f3n de inversiones, que ha permitido el establecimiento de empresas de tecnolog\u00eda en la localidad y que requieren profesionales como los que se forman en la UPY.<\/p>\n<p>Adem\u00e1s se comprometi\u00f3 a ser el v\u00ednculo con empresas e instituciones que est\u00e1n en b\u00fasqueda de talentos.<\/p>\n<p>La diputada tambi\u00e9n se refiri\u00f3 a su trabajo legislativo, a las iniciativas de ley que impulsa en apoyo a las juventudes como las del servicio social como experiencia laboral y los beneficios fiscales en el primer empleo.<\/p>\n<p>Los participantes tambi\u00e9n expusieron la importancia de la reforestaci\u00f3n en la ciudad y la vigilancia de los desarrolladores de vivienda para que<br \/>\ncumplan con los reglamentos de construcci\u00f3n y no se convierta en una placa de cemento.<\/p>\n<p>\u00abMi visi\u00f3n de M\u00e9rida es la de una ciudad ordenada, solidaria y sostenible, en la que existan las mismas oportunidades para todos, atendiendo los servicios con una visi\u00f3n de cuidado del medio ambiente\u00bb se\u00f1al\u00f3 Cecilia.<\/p>\n<p>Finalmente, la diputada pidi\u00f3 a los j\u00f3venes que se comprometan a trabajar en equipo con sus autoridades y sean protagonistas en sus comunidades.<\/p>\n<p>\u00abBusquen la participaci\u00f3n social, opinar sobre sus necesidades, porque si ustedes no se meten con la pol\u00edtica, la pol\u00edtica terminar\u00e1 meti\u00e9ndose con ustedes\u00bb, a\u00f1adi\u00f3.<\/p>\n<p>Antes de retirarse, Cecilia Patr\u00f3n visit\u00f3 algunos talleres de la UPY como el de Rob\u00f3tica y Drones y el reci\u00e9n inaugurado de Ciberseguridad.<\/p>\n<p>Acompa\u00f1aron a la diputada el rector, Dr. Alfredo Ulibarri Ben\u00edtez; la directora de vinculaci\u00f3n, Cristina<br \/>\nErales, y el subsecretario de Juventud, Ing. Gerardo L\u00f3pez.<\/p>\n","protected":false},"excerpt":{"rendered":"<p>&nbsp; M\u00e9rida, Yucat\u00e1n, 11 de julio de 2023 Tener m\u00e1s oportunidades laborales y mejores sueldos al concluir los estudios son\u00a0 inquietudes que los estudiantes de la Universidad Polit\u00e9cnica de Yucat\u00e1n expusieron en un encuentro con la diputada federal Cecilia Patr\u00f3n Laviada. \u00abEstoy segura que su perfil biling\u00fce espa\u00f1ol-ingl\u00e9s y sus habilidades tecnol\u00f3gicas y de innovaci\u00f3n [&hellip;]<\/p>\n","protected":false},"author":3,"featured_media":99067,"comment_status":"closed","ping_status":"closed","sticky":false,"template":"","format":"standard","meta":{"footnotes":""},"categories":[3],"tags":[],"class_list":{"0":"post-99066","1":"post","2":"type-post","3":"status-publish","4":"format-standard","5":"has-post-thumbnail","7":"category-yucatan"},"yoast_head":"<!-- This site is optimized with the Yoast SEO plugin v27.4 - https:\/\/yoast.com\/product\/yoast-seo-wordpress\/ -->\n<title>Apuestan por los j\u00f3venes de la UPY - Yucat\u00e1n en corto<\/title>\n<meta name=\"robots\" content=\"index, follow, max-snippet:-1, max-image-preview:large, max-video-preview:-1\" \/>\n<link rel=\"canonical\" href=\"https:\/\/www.yucatanencorto.com\/noticias\/apuestan-por-los-jovenes-de-la-upy\/\" \/>\n<meta property=\"og:locale\" content=\"es_ES\" \/>\n<meta property=\"og:type\" content=\"article\" \/>\n<meta property=\"og:title\" content=\"Apuestan por los j\u00f3venes de la UPY - Yucat\u00e1n en corto\" \/>\n<meta property=\"og:description\" content=\"&nbsp; M\u00e9rida, Yucat\u00e1n, 11 de julio de 2023 Tener m\u00e1s oportunidades laborales y mejores sueldos al concluir los estudios son\u00a0 inquietudes que los estudiantes de la Universidad Polit\u00e9cnica de Yucat\u00e1n expusieron en un encuentro con la diputada federal Cecilia Patr\u00f3n Laviada. \u00abEstoy segura que su perfil biling\u00fce espa\u00f1ol-ingl\u00e9s y sus habilidades tecnol\u00f3gicas y de innovaci\u00f3n [&hellip;]\" \/>\n<meta property=\"og:url\" content=\"https:\/\/www.yucatanencorto.com\/noticias\/apuestan-por-los-jovenes-de-la-upy\/\" \/>\n<meta property=\"og:site_name\" content=\"Yucat\u00e1n en corto\" \/>\n<meta property=\"article:publisher\" content=\"http:\/\/www.facebook.com\/yucatanencorto\" \/>\n<meta property=\"article:published_time\" content=\"2023-07-12T02:50:49+00:00\" \/>\n<meta property=\"og:image\" content=\"https:\/\/www.yucatanencorto.com\/noticias\/wp-content\/uploads\/2023\/07\/7257e153-8f37-4358-9338-f5e577af2bc6-scaled.jpeg\" \/>\n\t<meta property=\"og:image:width\" content=\"768\" \/>\n\t<meta property=\"og:image:height\" content=\"510\" \/>\n\t<meta property=\"og:image:type\" content=\"image\/jpeg\" \/>\n<meta name=\"author\" content=\"Redes\" \/>\n<meta name=\"twitter:card\" content=\"summary_large_image\" \/>\n<meta name=\"twitter:creator\" content=\"@yucatanencorto\" \/>\n<meta name=\"twitter:site\" content=\"@yucatanencorto\" \/>\n<meta name=\"twitter:label1\" content=\"Escrito por\" \/>\n\t<meta name=\"twitter:data1\" content=\"Redes\" \/>\n\t<meta name=\"twitter:label2\" content=\"Tiempo de lectura\" \/>\n\t<meta name=\"twitter:data2\" content=\"2 minutos\" \/>\n<script type=\"application\/ld+json\" class=\"yoast-schema-graph\">{\"@context\":\"https:\\\/\\\/schema.org\",\"@graph\":[{\"@type\":\"Article\",\"@id\":\"https:\\\/\\\/www.yucatanencorto.com\\\/noticias\\\/apuestan-por-los-jovenes-de-la-upy\\\/#article\",\"isPartOf\":{\"@id\":\"https:\\\/\\\/www.yucatanencorto.com\\\/noticias\\\/apuestan-por-los-jovenes-de-la-upy\\\/\"},\"author\":{\"name\":\"Redes\",\"@id\":\"https:\\\/\\\/www.yucatanencorto.com\\\/noticias\\\/#\\\/schema\\\/person\\\/e2fbdfaf30a07014a43940ce989f3119\"},\"headline\":\"Apuestan por los j\u00f3venes de la UPY\",\"datePublished\":\"2023-07-12T02:50:49+00:00\",\"mainEntityOfPage\":{\"@id\":\"https:\\\/\\\/www.yucatanencorto.com\\\/noticias\\\/apuestan-por-los-jovenes-de-la-upy\\\/\"},\"wordCount\":397,\"image\":{\"@id\":\"https:\\\/\\\/www.yucatanencorto.com\\\/noticias\\\/apuestan-por-los-jovenes-de-la-upy\\\/#primaryimage\"},\"thumbnailUrl\":\"https:\\\/\\\/www.yucatanencorto.com\\\/noticias\\\/wp-content\\\/uploads\\\/2023\\\/07\\\/7257e153-8f37-4358-9338-f5e577af2bc6-scaled.jpeg\",\"articleSection\":[\"Yucat\u00e1n\"],\"inLanguage\":\"es\"},{\"@type\":\"WebPage\",\"@id\":\"https:\\\/\\\/www.yucatanencorto.com\\\/noticias\\\/apuestan-por-los-jovenes-de-la-upy\\\/\",\"url\":\"https:\\\/\\\/www.yucatanencorto.com\\\/noticias\\\/apuestan-por-los-jovenes-de-la-upy\\\/\",\"name\":\"Apuestan por los j\u00f3venes de la UPY - Yucat\u00e1n en corto\",\"isPartOf\":{\"@id\":\"https:\\\/\\\/www.yucatanencorto.com\\\/noticias\\\/#website\"},\"primaryImageOfPage\":{\"@id\":\"https:\\\/\\\/www.yucatanencorto.com\\\/noticias\\\/apuestan-por-los-jovenes-de-la-upy\\\/#primaryimage\"},\"image\":{\"@id\":\"https:\\\/\\\/www.yucatanencorto.com\\\/noticias\\\/apuestan-por-los-jovenes-de-la-upy\\\/#primaryimage\"},\"thumbnailUrl\":\"https:\\\/\\\/www.yucatanencorto.com\\\/noticias\\\/wp-content\\\/uploads\\\/2023\\\/07\\\/7257e153-8f37-4358-9338-f5e577af2bc6-scaled.jpeg\",\"datePublished\":\"2023-07-12T02:50:49+00:00\",\"author\":{\"@id\":\"https:\\\/\\\/www.yucatanencorto.com\\\/noticias\\\/#\\\/schema\\\/person\\\/e2fbdfaf30a07014a43940ce989f3119\"},\"breadcrumb\":{\"@id\":\"https:\\\/\\\/www.yucatanencorto.com\\\/noticias\\\/apuestan-por-los-jovenes-de-la-upy\\\/#breadcrumb\"},\"inLanguage\":\"es\",\"potentialAction\":[{\"@type\":\"ReadAction\",\"target\":[\"https:\\\/\\\/www.yucatanencorto.com\\\/noticias\\\/apuestan-por-los-jovenes-de-la-upy\\\/\"]}]},{\"@type\":\"ImageObject\",\"inLanguage\":\"es\",\"@id\":\"https:\\\/\\\/www.yucatanencorto.com\\\/noticias\\\/apuestan-por-los-jovenes-de-la-upy\\\/#primaryimage\",\"url\":\"https:\\\/\\\/www.yucatanencorto.com\\\/noticias\\\/wp-content\\\/uploads\\\/2023\\\/07\\\/7257e153-8f37-4358-9338-f5e577af2bc6-scaled.jpeg\",\"contentUrl\":\"https:\\\/\\\/www.yucatanencorto.com\\\/noticias\\\/wp-content\\\/uploads\\\/2023\\\/07\\\/7257e153-8f37-4358-9338-f5e577af2bc6-scaled.jpeg\",\"width\":768,\"height\":510},{\"@type\":\"BreadcrumbList\",\"@id\":\"https:\\\/\\\/www.yucatanencorto.com\\\/noticias\\\/apuestan-por-los-jovenes-de-la-upy\\\/#breadcrumb\",\"itemListElement\":[{\"@type\":\"ListItem\",\"position\":1,\"name\":\"Portada\",\"item\":\"https:\\\/\\\/www.yucatanencorto.com\\\/noticias\\\/\"},{\"@type\":\"ListItem\",\"position\":2,\"name\":\"Apuestan por los j\u00f3venes de la UPY\"}]},{\"@type\":\"WebSite\",\"@id\":\"https:\\\/\\\/www.yucatanencorto.com\\\/noticias\\\/#website\",\"url\":\"https:\\\/\\\/www.yucatanencorto.com\\\/noticias\\\/\",\"name\":\"Yucat\u00e1n en corto\",\"description\":\"Noticias\",\"potentialAction\":[{\"@type\":\"SearchAction\",\"target\":{\"@type\":\"EntryPoint\",\"urlTemplate\":\"https:\\\/\\\/www.yucatanencorto.com\\\/noticias\\\/?s={search_term_string}\"},\"query-input\":{\"@type\":\"PropertyValueSpecification\",\"valueRequired\":true,\"valueName\":\"search_term_string\"}}],\"inLanguage\":\"es\"},{\"@type\":\"Person\",\"@id\":\"https:\\\/\\\/www.yucatanencorto.com\\\/noticias\\\/#\\\/schema\\\/person\\\/e2fbdfaf30a07014a43940ce989f3119\",\"name\":\"Redes\",\"image\":{\"@type\":\"ImageObject\",\"inLanguage\":\"es\",\"@id\":\"https:\\\/\\\/secure.gravatar.com\\\/avatar\\\/5931a2d21dd7cc834f44c8c34fe56d90ed6d536ef452cbf870c7485b524dddd7?s=96&d=mm&r=g\",\"url\":\"https:\\\/\\\/secure.gravatar.com\\\/avatar\\\/5931a2d21dd7cc834f44c8c34fe56d90ed6d536ef452cbf870c7485b524dddd7?s=96&d=mm&r=g\",\"contentUrl\":\"https:\\\/\\\/secure.gravatar.com\\\/avatar\\\/5931a2d21dd7cc834f44c8c34fe56d90ed6d536ef452cbf870c7485b524dddd7?s=96&d=mm&r=g\",\"caption\":\"Redes\"},\"url\":\"https:\\\/\\\/www.yucatanencorto.com\\\/noticias\\\/author\\\/redes\\\/\"}]}<\/script>\n<!-- \/ Yoast SEO plugin. -->","yoast_head_json":{"title":"Apuestan por los j\u00f3venes de la UPY - Yucat\u00e1n en corto","robots":{"index":"index","follow":"follow","max-snippet":"max-snippet:-1","max-image-preview":"max-image-preview:large","max-video-preview":"max-video-preview:-1"},"canonical":"https:\/\/www.yucatanencorto.com\/noticias\/apuestan-por-los-jovenes-de-la-upy\/","og_locale":"es_ES","og_type":"article","og_title":"Apuestan por los j\u00f3venes de la UPY - Yucat\u00e1n en corto","og_description":"&nbsp; M\u00e9rida, Yucat\u00e1n, 11 de julio de 2023 Tener m\u00e1s oportunidades laborales y mejores sueldos al concluir los estudios son\u00a0 inquietudes que los estudiantes de la Universidad Polit\u00e9cnica de Yucat\u00e1n expusieron en un encuentro con la diputada federal Cecilia Patr\u00f3n Laviada. \u00abEstoy segura que su perfil biling\u00fce espa\u00f1ol-ingl\u00e9s y sus habilidades tecnol\u00f3gicas y de innovaci\u00f3n [&hellip;]","og_url":"https:\/\/www.yucatanencorto.com\/noticias\/apuestan-por-los-jovenes-de-la-upy\/","og_site_name":"Yucat\u00e1n en corto","article_publisher":"http:\/\/www.facebook.com\/yucatanencorto","article_published_time":"2023-07-12T02:50:49+00:00","og_image":[{"width":768,"height":510,"url":"https:\/\/www.yucatanencorto.com\/noticias\/wp-content\/uploads\/2023\/07\/7257e153-8f37-4358-9338-f5e577af2bc6-scaled.jpeg","type":"image\/jpeg"}],"author":"Redes","twitter_card":"summary_large_image","twitter_creator":"@yucatanencorto","twitter_site":"@yucatanencorto","twitter_misc":{"Escrito por":"Redes","Tiempo de lectura":"2 minutos"},"schema":{"@context":"https:\/\/schema.org","@graph":[{"@type":"Article","@id":"https:\/\/www.yucatanencorto.com\/noticias\/apuestan-por-los-jovenes-de-la-upy\/#article","isPartOf":{"@id":"https:\/\/www.yucatanencorto.com\/noticias\/apuestan-por-los-jovenes-de-la-upy\/"},"author":{"name":"Redes","@id":"https:\/\/www.yucatanencorto.com\/noticias\/#\/schema\/person\/e2fbdfaf30a07014a43940ce989f3119"},"headline":"Apuestan por los j\u00f3venes de la UPY","datePublished":"2023-07-12T02:50:49+00:00","mainEntityOfPage":{"@id":"https:\/\/www.yucatanencorto.com\/noticias\/apuestan-por-los-jovenes-de-la-upy\/"},"wordCount":397,"image":{"@id":"https:\/\/www.yucatanencorto.com\/noticias\/apuestan-por-los-jovenes-de-la-upy\/#primaryimage"},"thumbnailUrl":"https:\/\/www.yucatanencorto.com\/noticias\/wp-content\/uploads\/2023\/07\/7257e153-8f37-4358-9338-f5e577af2bc6-scaled.jpeg","articleSection":["Yucat\u00e1n"],"inLanguage":"es"},{"@type":"WebPage","@id":"https:\/\/www.yucatanencorto.com\/noticias\/apuestan-por-los-jovenes-de-la-upy\/","url":"https:\/\/www.yucatanencorto.com\/noticias\/apuestan-por-los-jovenes-de-la-upy\/","name":"Apuestan por los j\u00f3venes de la UPY - Yucat\u00e1n en corto","isPartOf":{"@id":"https:\/\/www.yucatanencorto.com\/noticias\/#website"},"primaryImageOfPage":{"@id":"https:\/\/www.yucatanencorto.com\/noticias\/apuestan-por-los-jovenes-de-la-upy\/#primaryimage"},"image":{"@id":"https:\/\/www.yucatanencorto.com\/noticias\/apuestan-por-los-jovenes-de-la-upy\/#primaryimage"},"thumbnailUrl":"https:\/\/www.yucatanencorto.com\/noticias\/wp-content\/uploads\/2023\/07\/7257e153-8f37-4358-9338-f5e577af2bc6-scaled.jpeg","datePublished":"2023-07-12T02:50:49+00:00","author":{"@id":"https:\/\/www.yucatanencorto.com\/noticias\/#\/schema\/person\/e2fbdfaf30a07014a43940ce989f3119"},"breadcrumb":{"@id":"https:\/\/www.yucatanencorto.com\/noticias\/apuestan-por-los-jovenes-de-la-upy\/#breadcrumb"},"inLanguage":"es","potentialAction":[{"@type":"ReadAction","target":["https:\/\/www.yucatanencorto.com\/noticias\/apuestan-por-los-jovenes-de-la-upy\/"]}]},{"@type":"ImageObject","inLanguage":"es","@id":"https:\/\/www.yucatanencorto.com\/noticias\/apuestan-por-los-jovenes-de-la-upy\/#primaryimage","url":"https:\/\/www.yucatanencorto.com\/noticias\/wp-content\/uploads\/2023\/07\/7257e153-8f37-4358-9338-f5e577af2bc6-scaled.jpeg","contentUrl":"https:\/\/www.yucatanencorto.com\/noticias\/wp-content\/uploads\/2023\/07\/7257e153-8f37-4358-9338-f5e577af2bc6-scaled.jpeg","width":768,"height":510},{"@type":"BreadcrumbList","@id":"https:\/\/www.yucatanencorto.com\/noticias\/apuestan-por-los-jovenes-de-la-upy\/#breadcrumb","itemListElement":[{"@type":"ListItem","position":1,"name":"Portada","item":"https:\/\/www.yucatanencorto.com\/noticias\/"},{"@type":"ListItem","position":2,"name":"Apuestan por los j\u00f3venes de la UPY"}]},{"@type":"WebSite","@id":"https:\/\/www.yucatanencorto.com\/noticias\/#website","url":"https:\/\/www.yucatanencorto.com\/noticias\/","name":"Yucat\u00e1n en corto","description":"Noticias","potentialAction":[{"@type":"SearchAction","target":{"@type":"EntryPoint","urlTemplate":"https:\/\/www.yucatanencorto.com\/noticias\/?s={search_term_string}"},"query-input":{"@type":"PropertyValueSpecification","valueRequired":true,"valueName":"search_term_string"}}],"inLanguage":"es"},{"@type":"Person","@id":"https:\/\/www.yucatanencorto.com\/noticias\/#\/schema\/person\/e2fbdfaf30a07014a43940ce989f3119","name":"Redes","image":{"@type":"ImageObject","inLanguage":"es","@id":"https:\/\/secure.gravatar.com\/avatar\/5931a2d21dd7cc834f44c8c34fe56d90ed6d536ef452cbf870c7485b524dddd7?s=96&d=mm&r=g","url":"https:\/\/secure.gravatar.com\/avatar\/5931a2d21dd7cc834f44c8c34fe56d90ed6d536ef452cbf870c7485b524dddd7?s=96&d=mm&r=g","contentUrl":"https:\/\/secure.gravatar.com\/avatar\/5931a2d21dd7cc834f44c8c34fe56d90ed6d536ef452cbf870c7485b524dddd7?s=96&d=mm&r=g","caption":"Redes"},"url":"https:\/\/www.yucatanencorto.com\/noticias\/author\/redes\/"}]}},"_links":{"self":[{"href":"https:\/\/www.yucatanencorto.com\/noticias\/wp-json\/wp\/v2\/posts\/99066","targetHints":{"allow":["GET"]}}],"collection":[{"href":"https:\/\/www.yucatanencorto.com\/noticias\/wp-json\/wp\/v2\/posts"}],"about":[{"href":"https:\/\/www.yucatanencorto.com\/noticias\/wp-json\/wp\/v2\/types\/post"}],"author":[{"embeddable":true,"href":"https:\/\/www.yucatanencorto.com\/noticias\/wp-json\/wp\/v2\/users\/3"}],"replies":[{"embeddable":true,"href":"https:\/\/www.yucatanencorto.com\/noticias\/wp-json\/wp\/v2\/comments?post=99066"}],"version-history":[{"count":0,"href":"https:\/\/www.yucatanencorto.com\/noticias\/wp-json\/wp\/v2\/posts\/99066\/revisions"}],"wp:featuredmedia":[{"embeddable":true,"href":"https:\/\/www.yucatanencorto.com\/noticias\/wp-json\/wp\/v2\/media\/99067"}],"wp:attachment":[{"href":"https:\/\/www.yucatanencorto.com\/noticias\/wp-json\/wp\/v2\/media?parent=99066"}],"wp:term":[{"taxonomy":"category","embeddable":true,"href":"https:\/\/www.yucatanencorto.com\/noticias\/wp-json\/wp\/v2\/categories?post=99066"},{"taxonomy":"post_tag","embeddable":true,"href":"https:\/\/www.yucatanencorto.com\/noticias\/wp-json\/wp\/v2\/tags?post=99066"}],"curies":[{"name":"wp","href":"https:\/\/api.w.org\/{rel}","templated":true}]}}