{"id":99077,"date":"2023-07-12T17:59:42","date_gmt":"2023-07-12T23:59:42","guid":{"rendered":"https:\/\/www.yucatanencorto.com\/noticias\/?p=99077"},"modified":"2023-07-12T17:59:42","modified_gmt":"2023-07-12T23:59:42","slug":"proxima-gala-de-flamenco-en-el-centro-cultural-olimpo","status":"publish","type":"post","link":"https:\/\/www.yucatanencorto.com\/noticias\/proxima-gala-de-flamenco-en-el-centro-cultural-olimpo\/","title":{"rendered":"Pr\u00f3xima gala de flamenco en el Centro Cultural Olimpo"},"content":{"rendered":"<p><img loading=\"lazy\" decoding=\"async\" class=\"alignnone size-full wp-image-99078\" src=\"https:\/\/www.yucatanencorto.com\/noticias\/wp-content\/uploads\/2023\/07\/WhatsApp-Image-2023-07-12-at-17.42.05-1-scaled.jpeg\" alt=\"\" width=\"768\" height=\"512\" srcset=\"https:\/\/www.yucatanencorto.com\/noticias\/wp-content\/uploads\/2023\/07\/WhatsApp-Image-2023-07-12-at-17.42.05-1-scaled.jpeg 768w, https:\/\/www.yucatanencorto.com\/noticias\/wp-content\/uploads\/2023\/07\/WhatsApp-Image-2023-07-12-at-17.42.05-1-696x464.jpeg 696w, https:\/\/www.yucatanencorto.com\/noticias\/wp-content\/uploads\/2023\/07\/WhatsApp-Image-2023-07-12-at-17.42.05-1-630x420.jpeg 630w\" sizes=\"auto, (max-width: 768px) 100vw, 768px\" \/><\/p>\n<p>M\u00e9rida, Yucat\u00e1n a 12 de julio de 2023.- El Centro Cultural Olimpo se llenar\u00e1 de tradici\u00f3n e innovaci\u00f3n con el estreno del espect\u00e1culo \u201cFusi\u00f3n de Tiempos\u201d, la nueva producci\u00f3n de la Compa\u00f1\u00eda de Flamenco \u00abLa Comino\u00bb.<br \/>\nLa gala danc\u00edstica se realizar\u00e1 el pr\u00f3ximo domingo 16 de julio, a las 19:00 horas, comparti\u00f3 la directora de la compa\u00f1\u00eda, la bailaora Georgina Alejandra Ciccio en un encuentro con los medios de comunicaci\u00f3n.<\/p>\n<p>La obra es el resultado de la visi\u00f3n de su creadora, quien pretende mostrar que el flamenco es un arte que nunca deja de transformarse. \u201cSe habla de una fusi\u00f3n de la danza flamenca con otra m\u00fasica o movimientos, sin que se pierda el lenguaje y movimiento puro del flamenco\u201d.<\/p>\n<p>En el espect\u00e1culo se disfrutar\u00e1n temas tradicionales, como sevillanas, rumbas, buler\u00edas, tangos, entre otras corrientes, para dar paso a modernos matices visuales y musicales.<br \/>\nEn escena tomar\u00e1n parte 20 mujeres, con edades de 6 a 70 a\u00f1os, que son pieza fundamental de este motor danzante. \u201cLas coreograf\u00edas son de todas, se armaron de acuerdo a las vivencias de cada bailadora y se busca conectar al espectador con sus emociones m\u00e1s profundas, lejos de una exposici\u00f3n de baile artificial\u201d.<\/p>\n<p>Una de las piezas se trabaj\u00f3 con m\u00fasica de la d\u00e9cada de los noventa, del disco Omega del cantante Enrique Morente, quien fusion\u00f3 el flamenco puro, la saeta y el rock.<br \/>\nOtros elementos que las bailarinas emplear\u00e1n en sus ejecuciones son abanicos, casta\u00f1uelas y el caj\u00f3n flamenco.<\/p>\n<p>En el acto se present\u00f3 una coreograf\u00eda con la pieza musical \u201cMujer ma\u00edz\u201d de Mar\u00eda Moctezuma, la cual la compa\u00f1\u00eda estren\u00f3 en un flashmob en noviembre del a\u00f1o pasado en M\u00e9rida y que incluir\u00e1 en el espect\u00e1culo \u201cFusi\u00f3n de tiempos\u201d. En este cuadro cada bailarina tendr\u00e1 su propia tarima de madera para el zapateado del flamenco.<br \/>\nEntre las 12 coreograf\u00edas que conforman el espect\u00e1culo hay temas dram\u00e1ticos como \u201cLa ni\u00f1a ahogada\u201d, que refleja momentos oscuros que se viven en la vida a trav\u00e9s de diferentes situaciones, como la p\u00e9rdida de un ser querido, una enfermedad,y ante las cuales hay que tener una visi\u00f3n m\u00e1s positiva para salir adelante.<\/p>\n<p>En representaci\u00f3n del Director de Cultura, Irving Berl\u00edn Villafa\u00f1a, la Subdirectora de Innovaci\u00f3n Cultural, Paola Guzm\u00e1n Arg\u00e1ez, destac\u00f3 el trabajo y crecimiento de la compa\u00f1\u00eda La Comino, que cuenta con espect\u00e1culos que desbordan emociones y que han enaltecido el arte flamenco. A nombre del Ayuntamiento de M\u00e9rida que encabeza el Alcalde Ren\u00e1n Barrera Concha agradeci\u00f3 este tipo de espect\u00e1culos que se presentan en M\u00e9rida como parte de la oferta cultural.<\/p>\n<p>La Compa\u00f1\u00eda de Flamenco \u201cLa Comino\u201d cuenta con una gran trayectoria en festivales, teatros y tablaos, dentro y fuera de M\u00e9xico. El a\u00f1o pasado estren\u00f3 la producci\u00f3n \u201cRecre\u00e1ndome\u201d.<\/p>\n<p>La cuota de recuperaci\u00f3n para asistir al espectacular \u201cFusi\u00f3n de tiempos\u201d es de $150.00 por persona y se pueden solicitar a los tel\u00e9fonos 9991 58 99 52 y 9993 86 87 09, o en d\u00eda del evento en el centro cultural.<\/p>\n","protected":false},"excerpt":{"rendered":"<p>M\u00e9rida, Yucat\u00e1n a 12 de julio de 2023.- El Centro Cultural Olimpo se llenar\u00e1 de tradici\u00f3n e innovaci\u00f3n con el estreno del espect\u00e1culo \u201cFusi\u00f3n de Tiempos\u201d, la nueva producci\u00f3n de la Compa\u00f1\u00eda de Flamenco \u00abLa Comino\u00bb. La gala danc\u00edstica se realizar\u00e1 el pr\u00f3ximo domingo 16 de julio, a las 19:00 horas, comparti\u00f3 la directora de [&hellip;]<\/p>\n","protected":false},"author":3,"featured_media":99078,"comment_status":"closed","ping_status":"closed","sticky":false,"template":"","format":"standard","meta":{"footnotes":""},"categories":[2],"tags":[],"class_list":{"0":"post-99077","1":"post","2":"type-post","3":"status-publish","4":"format-standard","5":"has-post-thumbnail","7":"category-merida"},"yoast_head":"<!-- This site is optimized with the Yoast SEO plugin v27.4 - https:\/\/yoast.com\/product\/yoast-seo-wordpress\/ -->\n<title>Pr\u00f3xima gala de flamenco en el Centro Cultural Olimpo - Yucat\u00e1n en corto<\/title>\n<meta name=\"robots\" content=\"index, follow, max-snippet:-1, max-image-preview:large, max-video-preview:-1\" \/>\n<link rel=\"canonical\" href=\"https:\/\/www.yucatanencorto.com\/noticias\/proxima-gala-de-flamenco-en-el-centro-cultural-olimpo\/\" \/>\n<meta property=\"og:locale\" content=\"es_ES\" \/>\n<meta property=\"og:type\" content=\"article\" \/>\n<meta property=\"og:title\" content=\"Pr\u00f3xima gala de flamenco en el Centro Cultural Olimpo - Yucat\u00e1n en corto\" \/>\n<meta property=\"og:description\" content=\"M\u00e9rida, Yucat\u00e1n a 12 de julio de 2023.- El Centro Cultural Olimpo se llenar\u00e1 de tradici\u00f3n e innovaci\u00f3n con el estreno del espect\u00e1culo \u201cFusi\u00f3n de Tiempos\u201d, la nueva producci\u00f3n de la Compa\u00f1\u00eda de Flamenco \u00abLa Comino\u00bb. La gala danc\u00edstica se realizar\u00e1 el pr\u00f3ximo domingo 16 de julio, a las 19:00 horas, comparti\u00f3 la directora de [&hellip;]\" \/>\n<meta property=\"og:url\" content=\"https:\/\/www.yucatanencorto.com\/noticias\/proxima-gala-de-flamenco-en-el-centro-cultural-olimpo\/\" \/>\n<meta property=\"og:site_name\" content=\"Yucat\u00e1n en corto\" \/>\n<meta property=\"article:publisher\" content=\"http:\/\/www.facebook.com\/yucatanencorto\" \/>\n<meta property=\"article:published_time\" content=\"2023-07-12T23:59:42+00:00\" \/>\n<meta property=\"og:image\" content=\"https:\/\/www.yucatanencorto.com\/noticias\/wp-content\/uploads\/2023\/07\/WhatsApp-Image-2023-07-12-at-17.42.05-1-scaled.jpeg\" \/>\n\t<meta property=\"og:image:width\" content=\"768\" \/>\n\t<meta property=\"og:image:height\" content=\"512\" \/>\n\t<meta property=\"og:image:type\" content=\"image\/jpeg\" \/>\n<meta name=\"author\" content=\"Redes\" \/>\n<meta name=\"twitter:card\" content=\"summary_large_image\" \/>\n<meta name=\"twitter:creator\" content=\"@yucatanencorto\" \/>\n<meta name=\"twitter:site\" content=\"@yucatanencorto\" \/>\n<meta name=\"twitter:label1\" content=\"Escrito por\" \/>\n\t<meta name=\"twitter:data1\" content=\"Redes\" \/>\n\t<meta name=\"twitter:label2\" content=\"Tiempo de lectura\" \/>\n\t<meta name=\"twitter:data2\" content=\"3 minutos\" \/>\n<script type=\"application\/ld+json\" class=\"yoast-schema-graph\">{\"@context\":\"https:\\\/\\\/schema.org\",\"@graph\":[{\"@type\":\"Article\",\"@id\":\"https:\\\/\\\/www.yucatanencorto.com\\\/noticias\\\/proxima-gala-de-flamenco-en-el-centro-cultural-olimpo\\\/#article\",\"isPartOf\":{\"@id\":\"https:\\\/\\\/www.yucatanencorto.com\\\/noticias\\\/proxima-gala-de-flamenco-en-el-centro-cultural-olimpo\\\/\"},\"author\":{\"name\":\"Redes\",\"@id\":\"https:\\\/\\\/www.yucatanencorto.com\\\/noticias\\\/#\\\/schema\\\/person\\\/e2fbdfaf30a07014a43940ce989f3119\"},\"headline\":\"Pr\u00f3xima gala de flamenco en el Centro Cultural Olimpo\",\"datePublished\":\"2023-07-12T23:59:42+00:00\",\"mainEntityOfPage\":{\"@id\":\"https:\\\/\\\/www.yucatanencorto.com\\\/noticias\\\/proxima-gala-de-flamenco-en-el-centro-cultural-olimpo\\\/\"},\"wordCount\":552,\"image\":{\"@id\":\"https:\\\/\\\/www.yucatanencorto.com\\\/noticias\\\/proxima-gala-de-flamenco-en-el-centro-cultural-olimpo\\\/#primaryimage\"},\"thumbnailUrl\":\"https:\\\/\\\/www.yucatanencorto.com\\\/noticias\\\/wp-content\\\/uploads\\\/2023\\\/07\\\/WhatsApp-Image-2023-07-12-at-17.42.05-1-scaled.jpeg\",\"articleSection\":[\"M\u00e9rida\"],\"inLanguage\":\"es\"},{\"@type\":\"WebPage\",\"@id\":\"https:\\\/\\\/www.yucatanencorto.com\\\/noticias\\\/proxima-gala-de-flamenco-en-el-centro-cultural-olimpo\\\/\",\"url\":\"https:\\\/\\\/www.yucatanencorto.com\\\/noticias\\\/proxima-gala-de-flamenco-en-el-centro-cultural-olimpo\\\/\",\"name\":\"Pr\u00f3xima gala de flamenco en el Centro Cultural Olimpo - Yucat\u00e1n en corto\",\"isPartOf\":{\"@id\":\"https:\\\/\\\/www.yucatanencorto.com\\\/noticias\\\/#website\"},\"primaryImageOfPage\":{\"@id\":\"https:\\\/\\\/www.yucatanencorto.com\\\/noticias\\\/proxima-gala-de-flamenco-en-el-centro-cultural-olimpo\\\/#primaryimage\"},\"image\":{\"@id\":\"https:\\\/\\\/www.yucatanencorto.com\\\/noticias\\\/proxima-gala-de-flamenco-en-el-centro-cultural-olimpo\\\/#primaryimage\"},\"thumbnailUrl\":\"https:\\\/\\\/www.yucatanencorto.com\\\/noticias\\\/wp-content\\\/uploads\\\/2023\\\/07\\\/WhatsApp-Image-2023-07-12-at-17.42.05-1-scaled.jpeg\",\"datePublished\":\"2023-07-12T23:59:42+00:00\",\"author\":{\"@id\":\"https:\\\/\\\/www.yucatanencorto.com\\\/noticias\\\/#\\\/schema\\\/person\\\/e2fbdfaf30a07014a43940ce989f3119\"},\"breadcrumb\":{\"@id\":\"https:\\\/\\\/www.yucatanencorto.com\\\/noticias\\\/proxima-gala-de-flamenco-en-el-centro-cultural-olimpo\\\/#breadcrumb\"},\"inLanguage\":\"es\",\"potentialAction\":[{\"@type\":\"ReadAction\",\"target\":[\"https:\\\/\\\/www.yucatanencorto.com\\\/noticias\\\/proxima-gala-de-flamenco-en-el-centro-cultural-olimpo\\\/\"]}]},{\"@type\":\"ImageObject\",\"inLanguage\":\"es\",\"@id\":\"https:\\\/\\\/www.yucatanencorto.com\\\/noticias\\\/proxima-gala-de-flamenco-en-el-centro-cultural-olimpo\\\/#primaryimage\",\"url\":\"https:\\\/\\\/www.yucatanencorto.com\\\/noticias\\\/wp-content\\\/uploads\\\/2023\\\/07\\\/WhatsApp-Image-2023-07-12-at-17.42.05-1-scaled.jpeg\",\"contentUrl\":\"https:\\\/\\\/www.yucatanencorto.com\\\/noticias\\\/wp-content\\\/uploads\\\/2023\\\/07\\\/WhatsApp-Image-2023-07-12-at-17.42.05-1-scaled.jpeg\",\"width\":768,\"height\":512},{\"@type\":\"BreadcrumbList\",\"@id\":\"https:\\\/\\\/www.yucatanencorto.com\\\/noticias\\\/proxima-gala-de-flamenco-en-el-centro-cultural-olimpo\\\/#breadcrumb\",\"itemListElement\":[{\"@type\":\"ListItem\",\"position\":1,\"name\":\"Portada\",\"item\":\"https:\\\/\\\/www.yucatanencorto.com\\\/noticias\\\/\"},{\"@type\":\"ListItem\",\"position\":2,\"name\":\"Pr\u00f3xima gala de flamenco en el Centro Cultural Olimpo\"}]},{\"@type\":\"WebSite\",\"@id\":\"https:\\\/\\\/www.yucatanencorto.com\\\/noticias\\\/#website\",\"url\":\"https:\\\/\\\/www.yucatanencorto.com\\\/noticias\\\/\",\"name\":\"Yucat\u00e1n en corto\",\"description\":\"Noticias\",\"potentialAction\":[{\"@type\":\"SearchAction\",\"target\":{\"@type\":\"EntryPoint\",\"urlTemplate\":\"https:\\\/\\\/www.yucatanencorto.com\\\/noticias\\\/?s={search_term_string}\"},\"query-input\":{\"@type\":\"PropertyValueSpecification\",\"valueRequired\":true,\"valueName\":\"search_term_string\"}}],\"inLanguage\":\"es\"},{\"@type\":\"Person\",\"@id\":\"https:\\\/\\\/www.yucatanencorto.com\\\/noticias\\\/#\\\/schema\\\/person\\\/e2fbdfaf30a07014a43940ce989f3119\",\"name\":\"Redes\",\"image\":{\"@type\":\"ImageObject\",\"inLanguage\":\"es\",\"@id\":\"https:\\\/\\\/secure.gravatar.com\\\/avatar\\\/5931a2d21dd7cc834f44c8c34fe56d90ed6d536ef452cbf870c7485b524dddd7?s=96&d=mm&r=g\",\"url\":\"https:\\\/\\\/secure.gravatar.com\\\/avatar\\\/5931a2d21dd7cc834f44c8c34fe56d90ed6d536ef452cbf870c7485b524dddd7?s=96&d=mm&r=g\",\"contentUrl\":\"https:\\\/\\\/secure.gravatar.com\\\/avatar\\\/5931a2d21dd7cc834f44c8c34fe56d90ed6d536ef452cbf870c7485b524dddd7?s=96&d=mm&r=g\",\"caption\":\"Redes\"},\"url\":\"https:\\\/\\\/www.yucatanencorto.com\\\/noticias\\\/author\\\/redes\\\/\"}]}<\/script>\n<!-- \/ Yoast SEO plugin. -->","yoast_head_json":{"title":"Pr\u00f3xima gala de flamenco en el Centro Cultural Olimpo - Yucat\u00e1n en corto","robots":{"index":"index","follow":"follow","max-snippet":"max-snippet:-1","max-image-preview":"max-image-preview:large","max-video-preview":"max-video-preview:-1"},"canonical":"https:\/\/www.yucatanencorto.com\/noticias\/proxima-gala-de-flamenco-en-el-centro-cultural-olimpo\/","og_locale":"es_ES","og_type":"article","og_title":"Pr\u00f3xima gala de flamenco en el Centro Cultural Olimpo - Yucat\u00e1n en corto","og_description":"M\u00e9rida, Yucat\u00e1n a 12 de julio de 2023.- El Centro Cultural Olimpo se llenar\u00e1 de tradici\u00f3n e innovaci\u00f3n con el estreno del espect\u00e1culo \u201cFusi\u00f3n de Tiempos\u201d, la nueva producci\u00f3n de la Compa\u00f1\u00eda de Flamenco \u00abLa Comino\u00bb. La gala danc\u00edstica se realizar\u00e1 el pr\u00f3ximo domingo 16 de julio, a las 19:00 horas, comparti\u00f3 la directora de [&hellip;]","og_url":"https:\/\/www.yucatanencorto.com\/noticias\/proxima-gala-de-flamenco-en-el-centro-cultural-olimpo\/","og_site_name":"Yucat\u00e1n en corto","article_publisher":"http:\/\/www.facebook.com\/yucatanencorto","article_published_time":"2023-07-12T23:59:42+00:00","og_image":[{"width":768,"height":512,"url":"https:\/\/www.yucatanencorto.com\/noticias\/wp-content\/uploads\/2023\/07\/WhatsApp-Image-2023-07-12-at-17.42.05-1-scaled.jpeg","type":"image\/jpeg"}],"author":"Redes","twitter_card":"summary_large_image","twitter_creator":"@yucatanencorto","twitter_site":"@yucatanencorto","twitter_misc":{"Escrito por":"Redes","Tiempo de lectura":"3 minutos"},"schema":{"@context":"https:\/\/schema.org","@graph":[{"@type":"Article","@id":"https:\/\/www.yucatanencorto.com\/noticias\/proxima-gala-de-flamenco-en-el-centro-cultural-olimpo\/#article","isPartOf":{"@id":"https:\/\/www.yucatanencorto.com\/noticias\/proxima-gala-de-flamenco-en-el-centro-cultural-olimpo\/"},"author":{"name":"Redes","@id":"https:\/\/www.yucatanencorto.com\/noticias\/#\/schema\/person\/e2fbdfaf30a07014a43940ce989f3119"},"headline":"Pr\u00f3xima gala de flamenco en el Centro Cultural Olimpo","datePublished":"2023-07-12T23:59:42+00:00","mainEntityOfPage":{"@id":"https:\/\/www.yucatanencorto.com\/noticias\/proxima-gala-de-flamenco-en-el-centro-cultural-olimpo\/"},"wordCount":552,"image":{"@id":"https:\/\/www.yucatanencorto.com\/noticias\/proxima-gala-de-flamenco-en-el-centro-cultural-olimpo\/#primaryimage"},"thumbnailUrl":"https:\/\/www.yucatanencorto.com\/noticias\/wp-content\/uploads\/2023\/07\/WhatsApp-Image-2023-07-12-at-17.42.05-1-scaled.jpeg","articleSection":["M\u00e9rida"],"inLanguage":"es"},{"@type":"WebPage","@id":"https:\/\/www.yucatanencorto.com\/noticias\/proxima-gala-de-flamenco-en-el-centro-cultural-olimpo\/","url":"https:\/\/www.yucatanencorto.com\/noticias\/proxima-gala-de-flamenco-en-el-centro-cultural-olimpo\/","name":"Pr\u00f3xima gala de flamenco en el Centro Cultural Olimpo - Yucat\u00e1n en corto","isPartOf":{"@id":"https:\/\/www.yucatanencorto.com\/noticias\/#website"},"primaryImageOfPage":{"@id":"https:\/\/www.yucatanencorto.com\/noticias\/proxima-gala-de-flamenco-en-el-centro-cultural-olimpo\/#primaryimage"},"image":{"@id":"https:\/\/www.yucatanencorto.com\/noticias\/proxima-gala-de-flamenco-en-el-centro-cultural-olimpo\/#primaryimage"},"thumbnailUrl":"https:\/\/www.yucatanencorto.com\/noticias\/wp-content\/uploads\/2023\/07\/WhatsApp-Image-2023-07-12-at-17.42.05-1-scaled.jpeg","datePublished":"2023-07-12T23:59:42+00:00","author":{"@id":"https:\/\/www.yucatanencorto.com\/noticias\/#\/schema\/person\/e2fbdfaf30a07014a43940ce989f3119"},"breadcrumb":{"@id":"https:\/\/www.yucatanencorto.com\/noticias\/proxima-gala-de-flamenco-en-el-centro-cultural-olimpo\/#breadcrumb"},"inLanguage":"es","potentialAction":[{"@type":"ReadAction","target":["https:\/\/www.yucatanencorto.com\/noticias\/proxima-gala-de-flamenco-en-el-centro-cultural-olimpo\/"]}]},{"@type":"ImageObject","inLanguage":"es","@id":"https:\/\/www.yucatanencorto.com\/noticias\/proxima-gala-de-flamenco-en-el-centro-cultural-olimpo\/#primaryimage","url":"https:\/\/www.yucatanencorto.com\/noticias\/wp-content\/uploads\/2023\/07\/WhatsApp-Image-2023-07-12-at-17.42.05-1-scaled.jpeg","contentUrl":"https:\/\/www.yucatanencorto.com\/noticias\/wp-content\/uploads\/2023\/07\/WhatsApp-Image-2023-07-12-at-17.42.05-1-scaled.jpeg","width":768,"height":512},{"@type":"BreadcrumbList","@id":"https:\/\/www.yucatanencorto.com\/noticias\/proxima-gala-de-flamenco-en-el-centro-cultural-olimpo\/#breadcrumb","itemListElement":[{"@type":"ListItem","position":1,"name":"Portada","item":"https:\/\/www.yucatanencorto.com\/noticias\/"},{"@type":"ListItem","position":2,"name":"Pr\u00f3xima gala de flamenco en el Centro Cultural Olimpo"}]},{"@type":"WebSite","@id":"https:\/\/www.yucatanencorto.com\/noticias\/#website","url":"https:\/\/www.yucatanencorto.com\/noticias\/","name":"Yucat\u00e1n en corto","description":"Noticias","potentialAction":[{"@type":"SearchAction","target":{"@type":"EntryPoint","urlTemplate":"https:\/\/www.yucatanencorto.com\/noticias\/?s={search_term_string}"},"query-input":{"@type":"PropertyValueSpecification","valueRequired":true,"valueName":"search_term_string"}}],"inLanguage":"es"},{"@type":"Person","@id":"https:\/\/www.yucatanencorto.com\/noticias\/#\/schema\/person\/e2fbdfaf30a07014a43940ce989f3119","name":"Redes","image":{"@type":"ImageObject","inLanguage":"es","@id":"https:\/\/secure.gravatar.com\/avatar\/5931a2d21dd7cc834f44c8c34fe56d90ed6d536ef452cbf870c7485b524dddd7?s=96&d=mm&r=g","url":"https:\/\/secure.gravatar.com\/avatar\/5931a2d21dd7cc834f44c8c34fe56d90ed6d536ef452cbf870c7485b524dddd7?s=96&d=mm&r=g","contentUrl":"https:\/\/secure.gravatar.com\/avatar\/5931a2d21dd7cc834f44c8c34fe56d90ed6d536ef452cbf870c7485b524dddd7?s=96&d=mm&r=g","caption":"Redes"},"url":"https:\/\/www.yucatanencorto.com\/noticias\/author\/redes\/"}]}},"_links":{"self":[{"href":"https:\/\/www.yucatanencorto.com\/noticias\/wp-json\/wp\/v2\/posts\/99077","targetHints":{"allow":["GET"]}}],"collection":[{"href":"https:\/\/www.yucatanencorto.com\/noticias\/wp-json\/wp\/v2\/posts"}],"about":[{"href":"https:\/\/www.yucatanencorto.com\/noticias\/wp-json\/wp\/v2\/types\/post"}],"author":[{"embeddable":true,"href":"https:\/\/www.yucatanencorto.com\/noticias\/wp-json\/wp\/v2\/users\/3"}],"replies":[{"embeddable":true,"href":"https:\/\/www.yucatanencorto.com\/noticias\/wp-json\/wp\/v2\/comments?post=99077"}],"version-history":[{"count":0,"href":"https:\/\/www.yucatanencorto.com\/noticias\/wp-json\/wp\/v2\/posts\/99077\/revisions"}],"wp:featuredmedia":[{"embeddable":true,"href":"https:\/\/www.yucatanencorto.com\/noticias\/wp-json\/wp\/v2\/media\/99078"}],"wp:attachment":[{"href":"https:\/\/www.yucatanencorto.com\/noticias\/wp-json\/wp\/v2\/media?parent=99077"}],"wp:term":[{"taxonomy":"category","embeddable":true,"href":"https:\/\/www.yucatanencorto.com\/noticias\/wp-json\/wp\/v2\/categories?post=99077"},{"taxonomy":"post_tag","embeddable":true,"href":"https:\/\/www.yucatanencorto.com\/noticias\/wp-json\/wp\/v2\/tags?post=99077"}],"curies":[{"name":"wp","href":"https:\/\/api.w.org\/{rel}","templated":true}]}}