{"id":99080,"date":"2023-07-12T19:35:21","date_gmt":"2023-07-13T01:35:21","guid":{"rendered":"https:\/\/www.yucatanencorto.com\/noticias\/?p=99080"},"modified":"2023-07-12T19:35:21","modified_gmt":"2023-07-13T01:35:21","slug":"sat-inicia-a-multar-a-contribuyentes-que-no-cumplan-esta-obligacion-en-julio","status":"publish","type":"post","link":"https:\/\/www.yucatanencorto.com\/noticias\/sat-inicia-a-multar-a-contribuyentes-que-no-cumplan-esta-obligacion-en-julio\/","title":{"rendered":"SAT inicia a MULTAR a contribuyentes que no cumplan esta obligaci\u00f3n en julio"},"content":{"rendered":"<p><img loading=\"lazy\" decoding=\"async\" class=\"alignnone size-full wp-image-99081\" src=\"https:\/\/www.yucatanencorto.com\/noticias\/wp-content\/uploads\/2023\/07\/SAT-1-7c020f7d-scaled.jpg\" alt=\"\" width=\"768\" height=\"432\" srcset=\"https:\/\/www.yucatanencorto.com\/noticias\/wp-content\/uploads\/2023\/07\/SAT-1-7c020f7d-scaled.jpg 768w, https:\/\/www.yucatanencorto.com\/noticias\/wp-content\/uploads\/2023\/07\/SAT-1-7c020f7d-696x392.jpg 696w, https:\/\/www.yucatanencorto.com\/noticias\/wp-content\/uploads\/2023\/07\/SAT-1-7c020f7d-1068x601.jpg 1068w, https:\/\/www.yucatanencorto.com\/noticias\/wp-content\/uploads\/2023\/07\/SAT-1-7c020f7d-747x420.jpg 747w\" sizes=\"auto, (max-width: 768px) 100vw, 768px\" \/><\/p>\n<p>En M\u00e9xico, parte de convertirse en adulto es tener que enfrentarse al\u00a0Servicio de Administraci\u00f3n Tributaria\u00a0(SAT) y a sus diferentes impuestos, as\u00ed como a sus tr\u00e1mites. Es as\u00ed que, en caso de ser un contribuyente, debes saber que pronto, a partir de este\u00a0mes de julio de 2023, el organismo tributario\u00a0comenzar\u00e1 a imponer multas.<\/p>\n<p>Como ya debes saber a estas alturas, buena parte de los ingresos que tiene el Estado mexicano se derivan de los impuestos que cobra por diferentes conceptos, de ah\u00ed la importancia que tiene el Servicio de Administraci\u00f3n Tributaria (SAT).<\/p>\n<p>En este sentido, durante los \u00faltimos d\u00edas se ha estado haciendo un atento llamado a todos los contribuyentes mexicanos debido a que en el transcurso de los pr\u00f3ximos meses podr\u00edan ser\u00a0multados\u00a0por el organismo dependiente de la Secretar\u00eda de Hacienda y Cr\u00e9dito P\u00fablico (SHCP).<\/p>\n<p>Pero, \u00bfpor qu\u00e9 el Servicio de Administraci\u00f3n Tributaria podr\u00eda imponerte alguna amonestaci\u00f3n econ\u00f3mica durante los pr\u00f3ximos d\u00edas? Habr\u00e1 que recordar que la autoridad tributaria ha estado insistiendo sobre el cumplimiento de una obligaci\u00f3n especial, y \u00bfCu\u00e1l es?<\/p>\n<p>Habr\u00e1 que recordar que desde hace semanas el organismo tributario ha estado haciendo el llamado a todos sus contribuyentes en relaci\u00f3n a la\u00a0expedici\u00f3n de las facturas con CFDI 4.0, mismas que son la versi\u00f3n actualizadas de las facturas electr\u00f3nicas que se emiten por parte de los contribuyentes y que son v\u00e1lidos como comprobantes fiscales para el\u00a0SAT.<\/p>\n<p>Mediante esta nueva versi\u00f3n de las\u00a0facturas electr\u00f3nicas el organismo tributario tiene como objetivo facilitar el tr\u00e1mite de expedici\u00f3n de facturas, ello al tener estas los datos del\u00a0contribuyente\u00a0y del receptor, lo cual permitir\u00e1 la localizaci\u00f3n m\u00e1s r\u00e1pida en caso de encontrar irregularidades.<\/p>\n<p>Es de esta forma que, a partir de este mes de julio 2023, los contribuyentes que no cumplan con la obligaci\u00f3n de la expedici\u00f3n de las\u00a0facturas CFDI 4.0\u00a0comenzar\u00e1n a ser acreedores a\u00a0multas cobradas por el SAT que van desde los 400 pesos a los 600 pesos por cada factura\u00a0que no cuente con los requerimientos especificados en la nueva versi\u00f3n, por lo que las autoridades hacen un atento exhorto a cumplir con este requerimiento.<\/p>\n","protected":false},"excerpt":{"rendered":"<p>En M\u00e9xico, parte de convertirse en adulto es tener que enfrentarse al\u00a0Servicio de Administraci\u00f3n Tributaria\u00a0(SAT) y a sus diferentes impuestos, as\u00ed como a sus tr\u00e1mites. Es as\u00ed que, en caso de ser un contribuyente, debes saber que pronto, a partir de este\u00a0mes de julio de 2023, el organismo tributario\u00a0comenzar\u00e1 a imponer multas. Como ya debes [&hellip;]<\/p>\n","protected":false},"author":3,"featured_media":99081,"comment_status":"closed","ping_status":"closed","sticky":false,"template":"","format":"standard","meta":{"footnotes":""},"categories":[8],"tags":[],"class_list":{"0":"post-99080","1":"post","2":"type-post","3":"status-publish","4":"format-standard","5":"has-post-thumbnail","7":"category-emprendedores-y-finanzas"},"yoast_head":"<!-- This site is optimized with the Yoast SEO plugin v27.4 - https:\/\/yoast.com\/product\/yoast-seo-wordpress\/ -->\n<title>SAT inicia a MULTAR a contribuyentes que no cumplan esta obligaci\u00f3n en julio - Yucat\u00e1n en corto<\/title>\n<meta name=\"robots\" content=\"index, follow, max-snippet:-1, max-image-preview:large, max-video-preview:-1\" \/>\n<link rel=\"canonical\" href=\"https:\/\/www.yucatanencorto.com\/noticias\/sat-inicia-a-multar-a-contribuyentes-que-no-cumplan-esta-obligacion-en-julio\/\" \/>\n<meta property=\"og:locale\" content=\"es_ES\" \/>\n<meta property=\"og:type\" content=\"article\" \/>\n<meta property=\"og:title\" content=\"SAT inicia a MULTAR a contribuyentes que no cumplan esta obligaci\u00f3n en julio - Yucat\u00e1n en corto\" \/>\n<meta property=\"og:description\" content=\"En M\u00e9xico, parte de convertirse en adulto es tener que enfrentarse al\u00a0Servicio de Administraci\u00f3n Tributaria\u00a0(SAT) y a sus diferentes impuestos, as\u00ed como a sus tr\u00e1mites. Es as\u00ed que, en caso de ser un contribuyente, debes saber que pronto, a partir de este\u00a0mes de julio de 2023, el organismo tributario\u00a0comenzar\u00e1 a imponer multas. Como ya debes [&hellip;]\" \/>\n<meta property=\"og:url\" content=\"https:\/\/www.yucatanencorto.com\/noticias\/sat-inicia-a-multar-a-contribuyentes-que-no-cumplan-esta-obligacion-en-julio\/\" \/>\n<meta property=\"og:site_name\" content=\"Yucat\u00e1n en corto\" \/>\n<meta property=\"article:publisher\" content=\"http:\/\/www.facebook.com\/yucatanencorto\" \/>\n<meta property=\"article:published_time\" content=\"2023-07-13T01:35:21+00:00\" \/>\n<meta property=\"og:image\" content=\"https:\/\/www.yucatanencorto.com\/noticias\/wp-content\/uploads\/2023\/07\/SAT-1-7c020f7d-scaled.jpg\" \/>\n\t<meta property=\"og:image:width\" content=\"768\" \/>\n\t<meta property=\"og:image:height\" content=\"432\" \/>\n\t<meta property=\"og:image:type\" content=\"image\/jpeg\" \/>\n<meta name=\"author\" content=\"Redes\" \/>\n<meta name=\"twitter:card\" content=\"summary_large_image\" \/>\n<meta name=\"twitter:creator\" content=\"@yucatanencorto\" \/>\n<meta name=\"twitter:site\" content=\"@yucatanencorto\" \/>\n<meta name=\"twitter:label1\" content=\"Escrito por\" \/>\n\t<meta name=\"twitter:data1\" content=\"Redes\" \/>\n\t<meta name=\"twitter:label2\" content=\"Tiempo de lectura\" \/>\n\t<meta name=\"twitter:data2\" content=\"2 minutos\" \/>\n<script type=\"application\/ld+json\" class=\"yoast-schema-graph\">{\"@context\":\"https:\\\/\\\/schema.org\",\"@graph\":[{\"@type\":\"Article\",\"@id\":\"https:\\\/\\\/www.yucatanencorto.com\\\/noticias\\\/sat-inicia-a-multar-a-contribuyentes-que-no-cumplan-esta-obligacion-en-julio\\\/#article\",\"isPartOf\":{\"@id\":\"https:\\\/\\\/www.yucatanencorto.com\\\/noticias\\\/sat-inicia-a-multar-a-contribuyentes-que-no-cumplan-esta-obligacion-en-julio\\\/\"},\"author\":{\"name\":\"Redes\",\"@id\":\"https:\\\/\\\/www.yucatanencorto.com\\\/noticias\\\/#\\\/schema\\\/person\\\/e2fbdfaf30a07014a43940ce989f3119\"},\"headline\":\"SAT inicia a MULTAR a contribuyentes que no cumplan esta obligaci\u00f3n en julio\",\"datePublished\":\"2023-07-13T01:35:21+00:00\",\"mainEntityOfPage\":{\"@id\":\"https:\\\/\\\/www.yucatanencorto.com\\\/noticias\\\/sat-inicia-a-multar-a-contribuyentes-que-no-cumplan-esta-obligacion-en-julio\\\/\"},\"wordCount\":398,\"image\":{\"@id\":\"https:\\\/\\\/www.yucatanencorto.com\\\/noticias\\\/sat-inicia-a-multar-a-contribuyentes-que-no-cumplan-esta-obligacion-en-julio\\\/#primaryimage\"},\"thumbnailUrl\":\"https:\\\/\\\/www.yucatanencorto.com\\\/noticias\\\/wp-content\\\/uploads\\\/2023\\\/07\\\/SAT-1-7c020f7d-scaled.jpg\",\"articleSection\":[\"Emprendedores y Finanzas\"],\"inLanguage\":\"es\"},{\"@type\":\"WebPage\",\"@id\":\"https:\\\/\\\/www.yucatanencorto.com\\\/noticias\\\/sat-inicia-a-multar-a-contribuyentes-que-no-cumplan-esta-obligacion-en-julio\\\/\",\"url\":\"https:\\\/\\\/www.yucatanencorto.com\\\/noticias\\\/sat-inicia-a-multar-a-contribuyentes-que-no-cumplan-esta-obligacion-en-julio\\\/\",\"name\":\"SAT inicia a MULTAR a contribuyentes que no cumplan esta obligaci\u00f3n en julio - Yucat\u00e1n en corto\",\"isPartOf\":{\"@id\":\"https:\\\/\\\/www.yucatanencorto.com\\\/noticias\\\/#website\"},\"primaryImageOfPage\":{\"@id\":\"https:\\\/\\\/www.yucatanencorto.com\\\/noticias\\\/sat-inicia-a-multar-a-contribuyentes-que-no-cumplan-esta-obligacion-en-julio\\\/#primaryimage\"},\"image\":{\"@id\":\"https:\\\/\\\/www.yucatanencorto.com\\\/noticias\\\/sat-inicia-a-multar-a-contribuyentes-que-no-cumplan-esta-obligacion-en-julio\\\/#primaryimage\"},\"thumbnailUrl\":\"https:\\\/\\\/www.yucatanencorto.com\\\/noticias\\\/wp-content\\\/uploads\\\/2023\\\/07\\\/SAT-1-7c020f7d-scaled.jpg\",\"datePublished\":\"2023-07-13T01:35:21+00:00\",\"author\":{\"@id\":\"https:\\\/\\\/www.yucatanencorto.com\\\/noticias\\\/#\\\/schema\\\/person\\\/e2fbdfaf30a07014a43940ce989f3119\"},\"breadcrumb\":{\"@id\":\"https:\\\/\\\/www.yucatanencorto.com\\\/noticias\\\/sat-inicia-a-multar-a-contribuyentes-que-no-cumplan-esta-obligacion-en-julio\\\/#breadcrumb\"},\"inLanguage\":\"es\",\"potentialAction\":[{\"@type\":\"ReadAction\",\"target\":[\"https:\\\/\\\/www.yucatanencorto.com\\\/noticias\\\/sat-inicia-a-multar-a-contribuyentes-que-no-cumplan-esta-obligacion-en-julio\\\/\"]}]},{\"@type\":\"ImageObject\",\"inLanguage\":\"es\",\"@id\":\"https:\\\/\\\/www.yucatanencorto.com\\\/noticias\\\/sat-inicia-a-multar-a-contribuyentes-que-no-cumplan-esta-obligacion-en-julio\\\/#primaryimage\",\"url\":\"https:\\\/\\\/www.yucatanencorto.com\\\/noticias\\\/wp-content\\\/uploads\\\/2023\\\/07\\\/SAT-1-7c020f7d-scaled.jpg\",\"contentUrl\":\"https:\\\/\\\/www.yucatanencorto.com\\\/noticias\\\/wp-content\\\/uploads\\\/2023\\\/07\\\/SAT-1-7c020f7d-scaled.jpg\",\"width\":768,\"height\":432},{\"@type\":\"BreadcrumbList\",\"@id\":\"https:\\\/\\\/www.yucatanencorto.com\\\/noticias\\\/sat-inicia-a-multar-a-contribuyentes-que-no-cumplan-esta-obligacion-en-julio\\\/#breadcrumb\",\"itemListElement\":[{\"@type\":\"ListItem\",\"position\":1,\"name\":\"Portada\",\"item\":\"https:\\\/\\\/www.yucatanencorto.com\\\/noticias\\\/\"},{\"@type\":\"ListItem\",\"position\":2,\"name\":\"SAT inicia a MULTAR a contribuyentes que no cumplan esta obligaci\u00f3n en julio\"}]},{\"@type\":\"WebSite\",\"@id\":\"https:\\\/\\\/www.yucatanencorto.com\\\/noticias\\\/#website\",\"url\":\"https:\\\/\\\/www.yucatanencorto.com\\\/noticias\\\/\",\"name\":\"Yucat\u00e1n en corto\",\"description\":\"Noticias\",\"potentialAction\":[{\"@type\":\"SearchAction\",\"target\":{\"@type\":\"EntryPoint\",\"urlTemplate\":\"https:\\\/\\\/www.yucatanencorto.com\\\/noticias\\\/?s={search_term_string}\"},\"query-input\":{\"@type\":\"PropertyValueSpecification\",\"valueRequired\":true,\"valueName\":\"search_term_string\"}}],\"inLanguage\":\"es\"},{\"@type\":\"Person\",\"@id\":\"https:\\\/\\\/www.yucatanencorto.com\\\/noticias\\\/#\\\/schema\\\/person\\\/e2fbdfaf30a07014a43940ce989f3119\",\"name\":\"Redes\",\"image\":{\"@type\":\"ImageObject\",\"inLanguage\":\"es\",\"@id\":\"https:\\\/\\\/secure.gravatar.com\\\/avatar\\\/5931a2d21dd7cc834f44c8c34fe56d90ed6d536ef452cbf870c7485b524dddd7?s=96&d=mm&r=g\",\"url\":\"https:\\\/\\\/secure.gravatar.com\\\/avatar\\\/5931a2d21dd7cc834f44c8c34fe56d90ed6d536ef452cbf870c7485b524dddd7?s=96&d=mm&r=g\",\"contentUrl\":\"https:\\\/\\\/secure.gravatar.com\\\/avatar\\\/5931a2d21dd7cc834f44c8c34fe56d90ed6d536ef452cbf870c7485b524dddd7?s=96&d=mm&r=g\",\"caption\":\"Redes\"},\"url\":\"https:\\\/\\\/www.yucatanencorto.com\\\/noticias\\\/author\\\/redes\\\/\"}]}<\/script>\n<!-- \/ Yoast SEO plugin. -->","yoast_head_json":{"title":"SAT inicia a MULTAR a contribuyentes que no cumplan esta obligaci\u00f3n en julio - Yucat\u00e1n en corto","robots":{"index":"index","follow":"follow","max-snippet":"max-snippet:-1","max-image-preview":"max-image-preview:large","max-video-preview":"max-video-preview:-1"},"canonical":"https:\/\/www.yucatanencorto.com\/noticias\/sat-inicia-a-multar-a-contribuyentes-que-no-cumplan-esta-obligacion-en-julio\/","og_locale":"es_ES","og_type":"article","og_title":"SAT inicia a MULTAR a contribuyentes que no cumplan esta obligaci\u00f3n en julio - Yucat\u00e1n en corto","og_description":"En M\u00e9xico, parte de convertirse en adulto es tener que enfrentarse al\u00a0Servicio de Administraci\u00f3n Tributaria\u00a0(SAT) y a sus diferentes impuestos, as\u00ed como a sus tr\u00e1mites. Es as\u00ed que, en caso de ser un contribuyente, debes saber que pronto, a partir de este\u00a0mes de julio de 2023, el organismo tributario\u00a0comenzar\u00e1 a imponer multas. Como ya debes [&hellip;]","og_url":"https:\/\/www.yucatanencorto.com\/noticias\/sat-inicia-a-multar-a-contribuyentes-que-no-cumplan-esta-obligacion-en-julio\/","og_site_name":"Yucat\u00e1n en corto","article_publisher":"http:\/\/www.facebook.com\/yucatanencorto","article_published_time":"2023-07-13T01:35:21+00:00","og_image":[{"width":768,"height":432,"url":"https:\/\/www.yucatanencorto.com\/noticias\/wp-content\/uploads\/2023\/07\/SAT-1-7c020f7d-scaled.jpg","type":"image\/jpeg"}],"author":"Redes","twitter_card":"summary_large_image","twitter_creator":"@yucatanencorto","twitter_site":"@yucatanencorto","twitter_misc":{"Escrito por":"Redes","Tiempo de lectura":"2 minutos"},"schema":{"@context":"https:\/\/schema.org","@graph":[{"@type":"Article","@id":"https:\/\/www.yucatanencorto.com\/noticias\/sat-inicia-a-multar-a-contribuyentes-que-no-cumplan-esta-obligacion-en-julio\/#article","isPartOf":{"@id":"https:\/\/www.yucatanencorto.com\/noticias\/sat-inicia-a-multar-a-contribuyentes-que-no-cumplan-esta-obligacion-en-julio\/"},"author":{"name":"Redes","@id":"https:\/\/www.yucatanencorto.com\/noticias\/#\/schema\/person\/e2fbdfaf30a07014a43940ce989f3119"},"headline":"SAT inicia a MULTAR a contribuyentes que no cumplan esta obligaci\u00f3n en julio","datePublished":"2023-07-13T01:35:21+00:00","mainEntityOfPage":{"@id":"https:\/\/www.yucatanencorto.com\/noticias\/sat-inicia-a-multar-a-contribuyentes-que-no-cumplan-esta-obligacion-en-julio\/"},"wordCount":398,"image":{"@id":"https:\/\/www.yucatanencorto.com\/noticias\/sat-inicia-a-multar-a-contribuyentes-que-no-cumplan-esta-obligacion-en-julio\/#primaryimage"},"thumbnailUrl":"https:\/\/www.yucatanencorto.com\/noticias\/wp-content\/uploads\/2023\/07\/SAT-1-7c020f7d-scaled.jpg","articleSection":["Emprendedores y Finanzas"],"inLanguage":"es"},{"@type":"WebPage","@id":"https:\/\/www.yucatanencorto.com\/noticias\/sat-inicia-a-multar-a-contribuyentes-que-no-cumplan-esta-obligacion-en-julio\/","url":"https:\/\/www.yucatanencorto.com\/noticias\/sat-inicia-a-multar-a-contribuyentes-que-no-cumplan-esta-obligacion-en-julio\/","name":"SAT inicia a MULTAR a contribuyentes que no cumplan esta obligaci\u00f3n en julio - Yucat\u00e1n en corto","isPartOf":{"@id":"https:\/\/www.yucatanencorto.com\/noticias\/#website"},"primaryImageOfPage":{"@id":"https:\/\/www.yucatanencorto.com\/noticias\/sat-inicia-a-multar-a-contribuyentes-que-no-cumplan-esta-obligacion-en-julio\/#primaryimage"},"image":{"@id":"https:\/\/www.yucatanencorto.com\/noticias\/sat-inicia-a-multar-a-contribuyentes-que-no-cumplan-esta-obligacion-en-julio\/#primaryimage"},"thumbnailUrl":"https:\/\/www.yucatanencorto.com\/noticias\/wp-content\/uploads\/2023\/07\/SAT-1-7c020f7d-scaled.jpg","datePublished":"2023-07-13T01:35:21+00:00","author":{"@id":"https:\/\/www.yucatanencorto.com\/noticias\/#\/schema\/person\/e2fbdfaf30a07014a43940ce989f3119"},"breadcrumb":{"@id":"https:\/\/www.yucatanencorto.com\/noticias\/sat-inicia-a-multar-a-contribuyentes-que-no-cumplan-esta-obligacion-en-julio\/#breadcrumb"},"inLanguage":"es","potentialAction":[{"@type":"ReadAction","target":["https:\/\/www.yucatanencorto.com\/noticias\/sat-inicia-a-multar-a-contribuyentes-que-no-cumplan-esta-obligacion-en-julio\/"]}]},{"@type":"ImageObject","inLanguage":"es","@id":"https:\/\/www.yucatanencorto.com\/noticias\/sat-inicia-a-multar-a-contribuyentes-que-no-cumplan-esta-obligacion-en-julio\/#primaryimage","url":"https:\/\/www.yucatanencorto.com\/noticias\/wp-content\/uploads\/2023\/07\/SAT-1-7c020f7d-scaled.jpg","contentUrl":"https:\/\/www.yucatanencorto.com\/noticias\/wp-content\/uploads\/2023\/07\/SAT-1-7c020f7d-scaled.jpg","width":768,"height":432},{"@type":"BreadcrumbList","@id":"https:\/\/www.yucatanencorto.com\/noticias\/sat-inicia-a-multar-a-contribuyentes-que-no-cumplan-esta-obligacion-en-julio\/#breadcrumb","itemListElement":[{"@type":"ListItem","position":1,"name":"Portada","item":"https:\/\/www.yucatanencorto.com\/noticias\/"},{"@type":"ListItem","position":2,"name":"SAT inicia a MULTAR a contribuyentes que no cumplan esta obligaci\u00f3n en julio"}]},{"@type":"WebSite","@id":"https:\/\/www.yucatanencorto.com\/noticias\/#website","url":"https:\/\/www.yucatanencorto.com\/noticias\/","name":"Yucat\u00e1n en corto","description":"Noticias","potentialAction":[{"@type":"SearchAction","target":{"@type":"EntryPoint","urlTemplate":"https:\/\/www.yucatanencorto.com\/noticias\/?s={search_term_string}"},"query-input":{"@type":"PropertyValueSpecification","valueRequired":true,"valueName":"search_term_string"}}],"inLanguage":"es"},{"@type":"Person","@id":"https:\/\/www.yucatanencorto.com\/noticias\/#\/schema\/person\/e2fbdfaf30a07014a43940ce989f3119","name":"Redes","image":{"@type":"ImageObject","inLanguage":"es","@id":"https:\/\/secure.gravatar.com\/avatar\/5931a2d21dd7cc834f44c8c34fe56d90ed6d536ef452cbf870c7485b524dddd7?s=96&d=mm&r=g","url":"https:\/\/secure.gravatar.com\/avatar\/5931a2d21dd7cc834f44c8c34fe56d90ed6d536ef452cbf870c7485b524dddd7?s=96&d=mm&r=g","contentUrl":"https:\/\/secure.gravatar.com\/avatar\/5931a2d21dd7cc834f44c8c34fe56d90ed6d536ef452cbf870c7485b524dddd7?s=96&d=mm&r=g","caption":"Redes"},"url":"https:\/\/www.yucatanencorto.com\/noticias\/author\/redes\/"}]}},"_links":{"self":[{"href":"https:\/\/www.yucatanencorto.com\/noticias\/wp-json\/wp\/v2\/posts\/99080","targetHints":{"allow":["GET"]}}],"collection":[{"href":"https:\/\/www.yucatanencorto.com\/noticias\/wp-json\/wp\/v2\/posts"}],"about":[{"href":"https:\/\/www.yucatanencorto.com\/noticias\/wp-json\/wp\/v2\/types\/post"}],"author":[{"embeddable":true,"href":"https:\/\/www.yucatanencorto.com\/noticias\/wp-json\/wp\/v2\/users\/3"}],"replies":[{"embeddable":true,"href":"https:\/\/www.yucatanencorto.com\/noticias\/wp-json\/wp\/v2\/comments?post=99080"}],"version-history":[{"count":0,"href":"https:\/\/www.yucatanencorto.com\/noticias\/wp-json\/wp\/v2\/posts\/99080\/revisions"}],"wp:featuredmedia":[{"embeddable":true,"href":"https:\/\/www.yucatanencorto.com\/noticias\/wp-json\/wp\/v2\/media\/99081"}],"wp:attachment":[{"href":"https:\/\/www.yucatanencorto.com\/noticias\/wp-json\/wp\/v2\/media?parent=99080"}],"wp:term":[{"taxonomy":"category","embeddable":true,"href":"https:\/\/www.yucatanencorto.com\/noticias\/wp-json\/wp\/v2\/categories?post=99080"},{"taxonomy":"post_tag","embeddable":true,"href":"https:\/\/www.yucatanencorto.com\/noticias\/wp-json\/wp\/v2\/tags?post=99080"}],"curies":[{"name":"wp","href":"https:\/\/api.w.org\/{rel}","templated":true}]}}