{"id":99084,"date":"2023-07-12T20:23:11","date_gmt":"2023-07-13T02:23:11","guid":{"rendered":"https:\/\/www.yucatanencorto.com\/noticias\/?p=99084"},"modified":"2023-07-12T20:23:11","modified_gmt":"2023-07-13T02:23:11","slug":"impulsan-el-desarrollo-educativo-de-la-poblacion-del-municipio","status":"publish","type":"post","link":"https:\/\/www.yucatanencorto.com\/noticias\/impulsan-el-desarrollo-educativo-de-la-poblacion-del-municipio\/","title":{"rendered":"Impulsan el desarrollo educativo de la poblaci\u00f3n del Municipio"},"content":{"rendered":"<p><img loading=\"lazy\" decoding=\"async\" class=\"alignnone size-full wp-image-99085\" src=\"https:\/\/www.yucatanencorto.com\/noticias\/wp-content\/uploads\/2023\/07\/e950205a-2c87-4208-afee-b9064ed3facf-scaled.jpeg\" alt=\"\" width=\"768\" height=\"512\" srcset=\"https:\/\/www.yucatanencorto.com\/noticias\/wp-content\/uploads\/2023\/07\/e950205a-2c87-4208-afee-b9064ed3facf-scaled.jpeg 768w, https:\/\/www.yucatanencorto.com\/noticias\/wp-content\/uploads\/2023\/07\/e950205a-2c87-4208-afee-b9064ed3facf-696x464.jpeg 696w, https:\/\/www.yucatanencorto.com\/noticias\/wp-content\/uploads\/2023\/07\/e950205a-2c87-4208-afee-b9064ed3facf-1068x712.jpeg 1068w, https:\/\/www.yucatanencorto.com\/noticias\/wp-content\/uploads\/2023\/07\/e950205a-2c87-4208-afee-b9064ed3facf-630x420.jpeg 630w\" sizes=\"auto, (max-width: 768px) 100vw, 768px\" \/><!--more--><\/p>\n<p>M\u00e9rida, Yucat\u00e1n a 12 julio de 2023.- Para coadyuvar al desarrollo de las habilidades educativas y profesionales de todas y todos que permitan ampliar sus oportunidades laborales, el Alcalde Ren\u00e1n Barrera Concha impulsa programas y acciones dedicadas al fortalecimiento del idioma ingl\u00e9s en el Municipio.<br \/>\nEl Presidente Municipal inform\u00f3 que a trav\u00e9s de la Academia Municipal de Ingl\u00e9s se trabaja con las ni\u00f1as, ni\u00f1os, j\u00f3venes y adultos para capacitarlos en el dominio de ese idioma, que es una herramienta indispensable para ingresar desde programas de posgrado hasta acceder a ofertas laborales dentro y fuera del pa\u00eds.<br \/>\n\u201cComo gobierno estamos conscientes que existen muchas oportunidades acad\u00e9micas y laborales donde el idioma ingl\u00e9s es un requisito indispensable, por esa raz\u00f3n, trabajamos para ofrecer a las y los interesados esta opci\u00f3n de aprendizaje que representa una ventaja competitiva adicional\u201d, expres\u00f3.<br \/>\nEspecialmente, abund\u00f3, M\u00e9rida es atractiva para la inversi\u00f3n y establecimiento de empresas extranjeras que ofrecen vacantes en las que se requiere el dominio del ingl\u00e9s, por eso, es importante contar con estos programas que les permitir\u00e1n mejorar su calidad de vida.<br \/>\nDestac\u00f3 que las y los egresados de la Academia Municipal de Ingl\u00e9s reciben un reconocimiento oficial ante la Secretar\u00eda de Educaci\u00f3n del Gobierno del Estado de Yucat\u00e1n (Segey), que agrega a su formaci\u00f3n un documento certificado que los avala como int\u00e9rpretes del idioma ingl\u00e9s.<br \/>\nBarrera Concha extendi\u00f3 una felicitaci\u00f3n a las y los 23 egresados por concluir los ochos semestres que conformaron el curso escolar 2022-2023, quienes recibieron los diplomas y certificados emitidos por el Ayuntamiento de M\u00e9rida y la Segey.<br \/>\nEn la ceremonia que se realiz\u00f3 en el auditorio \u201cSilvio Zavala Vallado\u201d del Centro Cultural \u201cOlimpo\u201d, las y los alumnos de la Academia reconocieron el inter\u00e9s y el trabajo del Ayuntamiento por ampliar las oportunidades para el desarrollo educativo de todas y todos.<br \/>\n\u201cEs una gran oportunidad para los que queremos estudiar este idioma que en la actualidad es muy importante ya que nos puede abrir muchas puertas no solo en nuestra ciudad sino a nivel mundial\u201d, dijo Aranza \u00c1lvarez V\u00e1zquez.<br \/>\n\u201cEsto significa un logro en mi vida profesional y felicito a Ren\u00e1n Barrera por darnos la oportunidad de poder estudiar ingl\u00e9s ya sea para mejorar en la escuela o para aspirar a un buen trabajo que nos ayude a mejorar nuestra calidad de vida y as\u00ed ayudar a nuestras familias\u201d, coment\u00f3 Oliver Borjas Canto.<br \/>\n\u201cEl plan de estudio est\u00e1 muy completo, las instalaciones est\u00e1n adecuadas y c\u00f3modas para los alumnos. Por eso agradezco que el Alcalde invierta en la educaci\u00f3n y en nuestra comodidad para aprender mejor\u201d, platic\u00f3 Miranda L\u00f3pez Rodr\u00edguez.<br \/>\nPor su parte, Mar\u00eda Jos\u00e9 C\u00e1ceres Delgado, directora de Desarrollo Social, se\u00f1al\u00f3 que la Academia Municipal de Ingl\u00e9s no s\u00f3lo brinda a las y los estudiantes la oportunidad de tener un espacio para su formaci\u00f3n, adem\u00e1s cuida la econom\u00eda familiar al representar una opci\u00f3n alterna a las instituciones privadas.<br \/>\nRecord\u00f3 que, adem\u00e1s de la Academia Municipal de Ingl\u00e9s, el Municipio tiene programas adicionales para fortalecer la educaci\u00f3n, como Computadora en Casa, que cuenta con 138 beneficiarios directos y 414 indirectos; las Becas Econ\u00f3micas (primaria y secundaria) que apoyan directamente a 4,146 e indirectamente a 12, 438 estudiantes; la Feria de Becas de Descuento de Nivel Medio Superior y Superior, con 500 beneficiarios directos y 1,500 indirectos.<br \/>\nFinalmente, dijo que tambi\u00e9n est\u00e1 el programa de Cursos Proped\u00e9uticos ISAIS, EXANI I y EXANI II, que otorg\u00f3 2,652 becas y que benefici\u00f3 indirectamente a 7, 956 estudiantes.<\/p>\n","protected":false},"excerpt":{"rendered":"","protected":false},"author":3,"featured_media":99085,"comment_status":"closed","ping_status":"closed","sticky":false,"template":"","format":"standard","meta":{"footnotes":""},"categories":[2],"tags":[],"class_list":{"0":"post-99084","1":"post","2":"type-post","3":"status-publish","4":"format-standard","5":"has-post-thumbnail","7":"category-merida"},"yoast_head":"<!-- This site is optimized with the Yoast SEO plugin v27.4 - https:\/\/yoast.com\/product\/yoast-seo-wordpress\/ -->\n<title>Impulsan el desarrollo educativo de la poblaci\u00f3n del Municipio - Yucat\u00e1n en corto<\/title>\n<meta name=\"robots\" content=\"index, follow, max-snippet:-1, max-image-preview:large, max-video-preview:-1\" \/>\n<link rel=\"canonical\" href=\"https:\/\/www.yucatanencorto.com\/noticias\/impulsan-el-desarrollo-educativo-de-la-poblacion-del-municipio\/\" \/>\n<meta property=\"og:locale\" content=\"es_ES\" \/>\n<meta property=\"og:type\" content=\"article\" \/>\n<meta property=\"og:title\" content=\"Impulsan el desarrollo educativo de la poblaci\u00f3n del Municipio - Yucat\u00e1n en corto\" \/>\n<meta property=\"og:url\" content=\"https:\/\/www.yucatanencorto.com\/noticias\/impulsan-el-desarrollo-educativo-de-la-poblacion-del-municipio\/\" \/>\n<meta property=\"og:site_name\" content=\"Yucat\u00e1n en corto\" \/>\n<meta property=\"article:publisher\" content=\"http:\/\/www.facebook.com\/yucatanencorto\" \/>\n<meta property=\"article:published_time\" content=\"2023-07-13T02:23:11+00:00\" \/>\n<meta property=\"og:image\" content=\"https:\/\/www.yucatanencorto.com\/noticias\/wp-content\/uploads\/2023\/07\/e950205a-2c87-4208-afee-b9064ed3facf-scaled.jpeg\" \/>\n\t<meta property=\"og:image:width\" content=\"768\" \/>\n\t<meta property=\"og:image:height\" content=\"512\" \/>\n\t<meta property=\"og:image:type\" content=\"image\/jpeg\" \/>\n<meta name=\"author\" content=\"Redes\" \/>\n<meta name=\"twitter:card\" content=\"summary_large_image\" \/>\n<meta name=\"twitter:creator\" content=\"@yucatanencorto\" \/>\n<meta name=\"twitter:site\" content=\"@yucatanencorto\" \/>\n<meta name=\"twitter:label1\" content=\"Escrito por\" \/>\n\t<meta name=\"twitter:data1\" content=\"Redes\" \/>\n\t<meta name=\"twitter:label2\" content=\"Tiempo de lectura\" \/>\n\t<meta name=\"twitter:data2\" content=\"3 minutos\" \/>\n<script type=\"application\/ld+json\" class=\"yoast-schema-graph\">{\"@context\":\"https:\\\/\\\/schema.org\",\"@graph\":[{\"@type\":\"Article\",\"@id\":\"https:\\\/\\\/www.yucatanencorto.com\\\/noticias\\\/impulsan-el-desarrollo-educativo-de-la-poblacion-del-municipio\\\/#article\",\"isPartOf\":{\"@id\":\"https:\\\/\\\/www.yucatanencorto.com\\\/noticias\\\/impulsan-el-desarrollo-educativo-de-la-poblacion-del-municipio\\\/\"},\"author\":{\"name\":\"Redes\",\"@id\":\"https:\\\/\\\/www.yucatanencorto.com\\\/noticias\\\/#\\\/schema\\\/person\\\/e2fbdfaf30a07014a43940ce989f3119\"},\"headline\":\"Impulsan el desarrollo educativo de la poblaci\u00f3n del Municipio\",\"datePublished\":\"2023-07-13T02:23:11+00:00\",\"mainEntityOfPage\":{\"@id\":\"https:\\\/\\\/www.yucatanencorto.com\\\/noticias\\\/impulsan-el-desarrollo-educativo-de-la-poblacion-del-municipio\\\/\"},\"wordCount\":624,\"image\":{\"@id\":\"https:\\\/\\\/www.yucatanencorto.com\\\/noticias\\\/impulsan-el-desarrollo-educativo-de-la-poblacion-del-municipio\\\/#primaryimage\"},\"thumbnailUrl\":\"https:\\\/\\\/www.yucatanencorto.com\\\/noticias\\\/wp-content\\\/uploads\\\/2023\\\/07\\\/e950205a-2c87-4208-afee-b9064ed3facf-scaled.jpeg\",\"articleSection\":[\"M\u00e9rida\"],\"inLanguage\":\"es\"},{\"@type\":\"WebPage\",\"@id\":\"https:\\\/\\\/www.yucatanencorto.com\\\/noticias\\\/impulsan-el-desarrollo-educativo-de-la-poblacion-del-municipio\\\/\",\"url\":\"https:\\\/\\\/www.yucatanencorto.com\\\/noticias\\\/impulsan-el-desarrollo-educativo-de-la-poblacion-del-municipio\\\/\",\"name\":\"Impulsan el desarrollo educativo de la poblaci\u00f3n del Municipio - Yucat\u00e1n en corto\",\"isPartOf\":{\"@id\":\"https:\\\/\\\/www.yucatanencorto.com\\\/noticias\\\/#website\"},\"primaryImageOfPage\":{\"@id\":\"https:\\\/\\\/www.yucatanencorto.com\\\/noticias\\\/impulsan-el-desarrollo-educativo-de-la-poblacion-del-municipio\\\/#primaryimage\"},\"image\":{\"@id\":\"https:\\\/\\\/www.yucatanencorto.com\\\/noticias\\\/impulsan-el-desarrollo-educativo-de-la-poblacion-del-municipio\\\/#primaryimage\"},\"thumbnailUrl\":\"https:\\\/\\\/www.yucatanencorto.com\\\/noticias\\\/wp-content\\\/uploads\\\/2023\\\/07\\\/e950205a-2c87-4208-afee-b9064ed3facf-scaled.jpeg\",\"datePublished\":\"2023-07-13T02:23:11+00:00\",\"author\":{\"@id\":\"https:\\\/\\\/www.yucatanencorto.com\\\/noticias\\\/#\\\/schema\\\/person\\\/e2fbdfaf30a07014a43940ce989f3119\"},\"breadcrumb\":{\"@id\":\"https:\\\/\\\/www.yucatanencorto.com\\\/noticias\\\/impulsan-el-desarrollo-educativo-de-la-poblacion-del-municipio\\\/#breadcrumb\"},\"inLanguage\":\"es\",\"potentialAction\":[{\"@type\":\"ReadAction\",\"target\":[\"https:\\\/\\\/www.yucatanencorto.com\\\/noticias\\\/impulsan-el-desarrollo-educativo-de-la-poblacion-del-municipio\\\/\"]}]},{\"@type\":\"ImageObject\",\"inLanguage\":\"es\",\"@id\":\"https:\\\/\\\/www.yucatanencorto.com\\\/noticias\\\/impulsan-el-desarrollo-educativo-de-la-poblacion-del-municipio\\\/#primaryimage\",\"url\":\"https:\\\/\\\/www.yucatanencorto.com\\\/noticias\\\/wp-content\\\/uploads\\\/2023\\\/07\\\/e950205a-2c87-4208-afee-b9064ed3facf-scaled.jpeg\",\"contentUrl\":\"https:\\\/\\\/www.yucatanencorto.com\\\/noticias\\\/wp-content\\\/uploads\\\/2023\\\/07\\\/e950205a-2c87-4208-afee-b9064ed3facf-scaled.jpeg\",\"width\":768,\"height\":512},{\"@type\":\"BreadcrumbList\",\"@id\":\"https:\\\/\\\/www.yucatanencorto.com\\\/noticias\\\/impulsan-el-desarrollo-educativo-de-la-poblacion-del-municipio\\\/#breadcrumb\",\"itemListElement\":[{\"@type\":\"ListItem\",\"position\":1,\"name\":\"Portada\",\"item\":\"https:\\\/\\\/www.yucatanencorto.com\\\/noticias\\\/\"},{\"@type\":\"ListItem\",\"position\":2,\"name\":\"Impulsan el desarrollo educativo de la poblaci\u00f3n del Municipio\"}]},{\"@type\":\"WebSite\",\"@id\":\"https:\\\/\\\/www.yucatanencorto.com\\\/noticias\\\/#website\",\"url\":\"https:\\\/\\\/www.yucatanencorto.com\\\/noticias\\\/\",\"name\":\"Yucat\u00e1n en corto\",\"description\":\"Noticias\",\"potentialAction\":[{\"@type\":\"SearchAction\",\"target\":{\"@type\":\"EntryPoint\",\"urlTemplate\":\"https:\\\/\\\/www.yucatanencorto.com\\\/noticias\\\/?s={search_term_string}\"},\"query-input\":{\"@type\":\"PropertyValueSpecification\",\"valueRequired\":true,\"valueName\":\"search_term_string\"}}],\"inLanguage\":\"es\"},{\"@type\":\"Person\",\"@id\":\"https:\\\/\\\/www.yucatanencorto.com\\\/noticias\\\/#\\\/schema\\\/person\\\/e2fbdfaf30a07014a43940ce989f3119\",\"name\":\"Redes\",\"image\":{\"@type\":\"ImageObject\",\"inLanguage\":\"es\",\"@id\":\"https:\\\/\\\/secure.gravatar.com\\\/avatar\\\/5931a2d21dd7cc834f44c8c34fe56d90ed6d536ef452cbf870c7485b524dddd7?s=96&d=mm&r=g\",\"url\":\"https:\\\/\\\/secure.gravatar.com\\\/avatar\\\/5931a2d21dd7cc834f44c8c34fe56d90ed6d536ef452cbf870c7485b524dddd7?s=96&d=mm&r=g\",\"contentUrl\":\"https:\\\/\\\/secure.gravatar.com\\\/avatar\\\/5931a2d21dd7cc834f44c8c34fe56d90ed6d536ef452cbf870c7485b524dddd7?s=96&d=mm&r=g\",\"caption\":\"Redes\"},\"url\":\"https:\\\/\\\/www.yucatanencorto.com\\\/noticias\\\/author\\\/redes\\\/\"}]}<\/script>\n<!-- \/ Yoast SEO plugin. -->","yoast_head_json":{"title":"Impulsan el desarrollo educativo de la poblaci\u00f3n del Municipio - Yucat\u00e1n en corto","robots":{"index":"index","follow":"follow","max-snippet":"max-snippet:-1","max-image-preview":"max-image-preview:large","max-video-preview":"max-video-preview:-1"},"canonical":"https:\/\/www.yucatanencorto.com\/noticias\/impulsan-el-desarrollo-educativo-de-la-poblacion-del-municipio\/","og_locale":"es_ES","og_type":"article","og_title":"Impulsan el desarrollo educativo de la poblaci\u00f3n del Municipio - Yucat\u00e1n en corto","og_url":"https:\/\/www.yucatanencorto.com\/noticias\/impulsan-el-desarrollo-educativo-de-la-poblacion-del-municipio\/","og_site_name":"Yucat\u00e1n en corto","article_publisher":"http:\/\/www.facebook.com\/yucatanencorto","article_published_time":"2023-07-13T02:23:11+00:00","og_image":[{"width":768,"height":512,"url":"https:\/\/www.yucatanencorto.com\/noticias\/wp-content\/uploads\/2023\/07\/e950205a-2c87-4208-afee-b9064ed3facf-scaled.jpeg","type":"image\/jpeg"}],"author":"Redes","twitter_card":"summary_large_image","twitter_creator":"@yucatanencorto","twitter_site":"@yucatanencorto","twitter_misc":{"Escrito por":"Redes","Tiempo de lectura":"3 minutos"},"schema":{"@context":"https:\/\/schema.org","@graph":[{"@type":"Article","@id":"https:\/\/www.yucatanencorto.com\/noticias\/impulsan-el-desarrollo-educativo-de-la-poblacion-del-municipio\/#article","isPartOf":{"@id":"https:\/\/www.yucatanencorto.com\/noticias\/impulsan-el-desarrollo-educativo-de-la-poblacion-del-municipio\/"},"author":{"name":"Redes","@id":"https:\/\/www.yucatanencorto.com\/noticias\/#\/schema\/person\/e2fbdfaf30a07014a43940ce989f3119"},"headline":"Impulsan el desarrollo educativo de la poblaci\u00f3n del Municipio","datePublished":"2023-07-13T02:23:11+00:00","mainEntityOfPage":{"@id":"https:\/\/www.yucatanencorto.com\/noticias\/impulsan-el-desarrollo-educativo-de-la-poblacion-del-municipio\/"},"wordCount":624,"image":{"@id":"https:\/\/www.yucatanencorto.com\/noticias\/impulsan-el-desarrollo-educativo-de-la-poblacion-del-municipio\/#primaryimage"},"thumbnailUrl":"https:\/\/www.yucatanencorto.com\/noticias\/wp-content\/uploads\/2023\/07\/e950205a-2c87-4208-afee-b9064ed3facf-scaled.jpeg","articleSection":["M\u00e9rida"],"inLanguage":"es"},{"@type":"WebPage","@id":"https:\/\/www.yucatanencorto.com\/noticias\/impulsan-el-desarrollo-educativo-de-la-poblacion-del-municipio\/","url":"https:\/\/www.yucatanencorto.com\/noticias\/impulsan-el-desarrollo-educativo-de-la-poblacion-del-municipio\/","name":"Impulsan el desarrollo educativo de la poblaci\u00f3n del Municipio - Yucat\u00e1n en corto","isPartOf":{"@id":"https:\/\/www.yucatanencorto.com\/noticias\/#website"},"primaryImageOfPage":{"@id":"https:\/\/www.yucatanencorto.com\/noticias\/impulsan-el-desarrollo-educativo-de-la-poblacion-del-municipio\/#primaryimage"},"image":{"@id":"https:\/\/www.yucatanencorto.com\/noticias\/impulsan-el-desarrollo-educativo-de-la-poblacion-del-municipio\/#primaryimage"},"thumbnailUrl":"https:\/\/www.yucatanencorto.com\/noticias\/wp-content\/uploads\/2023\/07\/e950205a-2c87-4208-afee-b9064ed3facf-scaled.jpeg","datePublished":"2023-07-13T02:23:11+00:00","author":{"@id":"https:\/\/www.yucatanencorto.com\/noticias\/#\/schema\/person\/e2fbdfaf30a07014a43940ce989f3119"},"breadcrumb":{"@id":"https:\/\/www.yucatanencorto.com\/noticias\/impulsan-el-desarrollo-educativo-de-la-poblacion-del-municipio\/#breadcrumb"},"inLanguage":"es","potentialAction":[{"@type":"ReadAction","target":["https:\/\/www.yucatanencorto.com\/noticias\/impulsan-el-desarrollo-educativo-de-la-poblacion-del-municipio\/"]}]},{"@type":"ImageObject","inLanguage":"es","@id":"https:\/\/www.yucatanencorto.com\/noticias\/impulsan-el-desarrollo-educativo-de-la-poblacion-del-municipio\/#primaryimage","url":"https:\/\/www.yucatanencorto.com\/noticias\/wp-content\/uploads\/2023\/07\/e950205a-2c87-4208-afee-b9064ed3facf-scaled.jpeg","contentUrl":"https:\/\/www.yucatanencorto.com\/noticias\/wp-content\/uploads\/2023\/07\/e950205a-2c87-4208-afee-b9064ed3facf-scaled.jpeg","width":768,"height":512},{"@type":"BreadcrumbList","@id":"https:\/\/www.yucatanencorto.com\/noticias\/impulsan-el-desarrollo-educativo-de-la-poblacion-del-municipio\/#breadcrumb","itemListElement":[{"@type":"ListItem","position":1,"name":"Portada","item":"https:\/\/www.yucatanencorto.com\/noticias\/"},{"@type":"ListItem","position":2,"name":"Impulsan el desarrollo educativo de la poblaci\u00f3n del Municipio"}]},{"@type":"WebSite","@id":"https:\/\/www.yucatanencorto.com\/noticias\/#website","url":"https:\/\/www.yucatanencorto.com\/noticias\/","name":"Yucat\u00e1n en corto","description":"Noticias","potentialAction":[{"@type":"SearchAction","target":{"@type":"EntryPoint","urlTemplate":"https:\/\/www.yucatanencorto.com\/noticias\/?s={search_term_string}"},"query-input":{"@type":"PropertyValueSpecification","valueRequired":true,"valueName":"search_term_string"}}],"inLanguage":"es"},{"@type":"Person","@id":"https:\/\/www.yucatanencorto.com\/noticias\/#\/schema\/person\/e2fbdfaf30a07014a43940ce989f3119","name":"Redes","image":{"@type":"ImageObject","inLanguage":"es","@id":"https:\/\/secure.gravatar.com\/avatar\/5931a2d21dd7cc834f44c8c34fe56d90ed6d536ef452cbf870c7485b524dddd7?s=96&d=mm&r=g","url":"https:\/\/secure.gravatar.com\/avatar\/5931a2d21dd7cc834f44c8c34fe56d90ed6d536ef452cbf870c7485b524dddd7?s=96&d=mm&r=g","contentUrl":"https:\/\/secure.gravatar.com\/avatar\/5931a2d21dd7cc834f44c8c34fe56d90ed6d536ef452cbf870c7485b524dddd7?s=96&d=mm&r=g","caption":"Redes"},"url":"https:\/\/www.yucatanencorto.com\/noticias\/author\/redes\/"}]}},"_links":{"self":[{"href":"https:\/\/www.yucatanencorto.com\/noticias\/wp-json\/wp\/v2\/posts\/99084","targetHints":{"allow":["GET"]}}],"collection":[{"href":"https:\/\/www.yucatanencorto.com\/noticias\/wp-json\/wp\/v2\/posts"}],"about":[{"href":"https:\/\/www.yucatanencorto.com\/noticias\/wp-json\/wp\/v2\/types\/post"}],"author":[{"embeddable":true,"href":"https:\/\/www.yucatanencorto.com\/noticias\/wp-json\/wp\/v2\/users\/3"}],"replies":[{"embeddable":true,"href":"https:\/\/www.yucatanencorto.com\/noticias\/wp-json\/wp\/v2\/comments?post=99084"}],"version-history":[{"count":0,"href":"https:\/\/www.yucatanencorto.com\/noticias\/wp-json\/wp\/v2\/posts\/99084\/revisions"}],"wp:featuredmedia":[{"embeddable":true,"href":"https:\/\/www.yucatanencorto.com\/noticias\/wp-json\/wp\/v2\/media\/99085"}],"wp:attachment":[{"href":"https:\/\/www.yucatanencorto.com\/noticias\/wp-json\/wp\/v2\/media?parent=99084"}],"wp:term":[{"taxonomy":"category","embeddable":true,"href":"https:\/\/www.yucatanencorto.com\/noticias\/wp-json\/wp\/v2\/categories?post=99084"},{"taxonomy":"post_tag","embeddable":true,"href":"https:\/\/www.yucatanencorto.com\/noticias\/wp-json\/wp\/v2\/tags?post=99084"}],"curies":[{"name":"wp","href":"https:\/\/api.w.org\/{rel}","templated":true}]}}