{"id":99101,"date":"2023-07-13T18:18:52","date_gmt":"2023-07-14T00:18:52","guid":{"rendered":"https:\/\/www.yucatanencorto.com\/noticias\/?p=99101"},"modified":"2023-07-13T18:18:52","modified_gmt":"2023-07-14T00:18:52","slug":"yucatan-expone-llega-a-jalisco","status":"publish","type":"post","link":"https:\/\/www.yucatanencorto.com\/noticias\/yucatan-expone-llega-a-jalisco\/","title":{"rendered":"Yucat\u00e1n Expone llega a Jalisco"},"content":{"rendered":"<p><img loading=\"lazy\" decoding=\"async\" class=\"alignnone size-full wp-image-99102\" src=\"https:\/\/www.yucatanencorto.com\/noticias\/wp-content\/uploads\/2023\/07\/WhatsApp-Image-2023-07-13-at-17.40.08-1-scaled.jpeg\" alt=\"\" width=\"768\" height=\"538\" srcset=\"https:\/\/www.yucatanencorto.com\/noticias\/wp-content\/uploads\/2023\/07\/WhatsApp-Image-2023-07-13-at-17.40.08-1-scaled.jpeg 768w, https:\/\/www.yucatanencorto.com\/noticias\/wp-content\/uploads\/2023\/07\/WhatsApp-Image-2023-07-13-at-17.40.08-1-696x488.jpeg 696w, https:\/\/www.yucatanencorto.com\/noticias\/wp-content\/uploads\/2023\/07\/WhatsApp-Image-2023-07-13-at-17.40.08-1-599x420.jpeg 599w, https:\/\/www.yucatanencorto.com\/noticias\/wp-content\/uploads\/2023\/07\/WhatsApp-Image-2023-07-13-at-17.40.08-1-100x70.jpeg 100w\" sizes=\"auto, (max-width: 768px) 100vw, 768px\" \/><br \/>\nZapopan, Jalisco, 13 de julio de 2023.- Micro, peque\u00f1as y medianas empresas yucatecas tendr\u00e1n la oportunidad de establecer lazos comerciales, as\u00ed como aumentar la venta de sus productos, al participar en la muestra Yucat\u00e1n Expone, que impulsa el Gobernador Mauricio Vila Dosal y, este jueves, llega a Jalisco para beneficiar la econom\u00eda del estado y dar una probadita de sus sabores, colores y cultura.<\/p>\n<p>Desde la Plaza de las Am\u00e9ricas- Juan Pablo II, en Zapopan, a nombre del Gobernador, el titular de Planeaci\u00f3n, Promoci\u00f3n y Proyectos de la Secretar\u00eda de Fomento Econ\u00f3mico y Trabajo (Sefoet), Joaqu\u00edn Mier y Ter\u00e1n Puerto, inaugur\u00f3 este escaparate, que se realizar\u00e1 del 13 al 16 de julio, para fomentar la venta de creaciones locales e incentivar el comercio directo, con fabricantes y compradores nacionales.<\/p>\n<p>A su paso por distintas entidades de M\u00e9xico para compartir lo que se elabora en Yucat\u00e1n de manera artesanal o industrial, junto con su oferta cultural, gastron\u00f3mica y de entretenimiento, la muestra cuenta con 54 m\u00f3dulos de 88 micro, peque\u00f1as y medianas firmas, fabricantes de salsas, condimentos, prendas de vestir, calzado, artesan\u00edas, licores, botanas, frituras, reposter\u00eda, hamacas, bolsas, miel, concentrados, joyer\u00eda, bisuter\u00eda, marquesitas y 2 restaurantes de comida t\u00edpica, entre otras.<\/p>\n<p>Participan productores y emprendedores de 11 municipios, como Tekax, Ticul, Tekit, Tixkokob, Izamal, Kanas\u00edn, Conkal, Motul, Xocchel, Muna y M\u00e9rida, quienes tienen la oportunidad de establecer lazos comerciales, mediante recorridos guiados por sus estands, para vincular a compradores y expositores.<\/p>\n<p>Mier y Ter\u00e1n Puerto se\u00f1al\u00f3 que Yucat\u00e1n Expone es una vitrina excepcional para exhibir el patrimonio, la historia y las tradiciones del territorio, que llaman la atenci\u00f3n de otras partes del pa\u00eds y el mundo, ya que permite acercarlos a otros puntos de la Rep\u00fablica, lo cual beneficia a las y los productores locales.<\/p>\n<p>\u00abEs un testimonio del compromiso del Gobernador con el desarrollo econ\u00f3mico y tur\u00edstico de la regi\u00f3n, pues, con este evento, no s\u00f3lo se impulsa la econom\u00eda, generando empleo y oportunidades para nuestra gente, sino que tambi\u00e9n fomenta el intercambio cultural y fortalece los lazos, entre las comunidades y visitantes\u201d, agreg\u00f3 el funcionario.<\/p>\n<p>La titular de Turismo y Centro Hist\u00f3rico de Zapopan, Bibiana Tenorio, agradeci\u00f3 a la entidad por elegir esta ciudad como sede. \u201cNos unimos a ustedes y celebramos, por tratarse de una gran feria, que tiene como objetivo la promoci\u00f3n artesanal, tur\u00edstica, gastron\u00f3mica y cultural de uno de los estados m\u00e1s bellos del pa\u00eds; agradezco la labor de organizadores, expositores y artistas participantes\u201d, puntualiz\u00f3.<\/p>\n<p>Igualmente, la directora General de Promoci\u00f3n Tur\u00edstica de la Secretar\u00eda de Turismo de Jalisco, Mar\u00eda del Roc\u00edo Lancaster Jones, expres\u00f3 estar muy contenta de poder compartir este encuentro, en el que su tierra recibe la esencia de Yucat\u00e1n, pues las 2 son regiones \u201cque lo tienen todo, por lo que agradecemos la colaboraci\u00f3n para que esto sea una realidad en beneficio de ambas\u201d.<\/p>\n<p>En el \u00e1rea gastron\u00f3mica se ofrecer\u00e1n m\u00e1s de 15 platillos regionales, donde no faltar\u00e1 la cochinita pibil en tacos, tortas, panuchos y tamales, adem\u00e1s de que se podr\u00e1 probar lech\u00f3n, escabeche, empanadas de chaya y queso de bola, papadzules, sopa de lima, panuchos de pavo, kibis y longaniza de Valladolid.<\/p>\n<p>Tambi\u00e9n, el p\u00fablico tendr\u00e1 la oportunidad de conocer m\u00e1s sobre los atractivos que ofrece el destino y disfrutar un programa art\u00edstico con 2 presentaciones diarias, a las 12:00 y 19:00 horas, en las que intervienen el Ballet Folkl\u00f3rico del Estado \u201cAlfredo Cort\u00e9s Aguilar\u201d y la agrupaci\u00f3n musical Yahal Kab.<\/p>\n<p>Yucat\u00e1n Expone ha llegado a diferentes puntos de la Rep\u00fablica: en 2022, a Durango, Jalisco, Chihuahua y la Feria de Aguascalientes, as\u00ed como alcald\u00edas de la Ciudad de M\u00e9xico, entre La Magdalena Contreras, Coyoac\u00e1n y \u00c1lvaro Obreg\u00f3n; en 2023, el Z\u00f3calo capitalino fue la primera sede del a\u00f1o; continu\u00f3 en el Parque del Carmen, en Puebla, y ahora, arrib\u00f3 a Zapopan.<\/p>\n<p>Finalmente, cabe mencionar que la entrada es gratuita y la muestra est\u00e1 abierta al p\u00fablico todos los d\u00edas de 11:00 a 21:00, lo cual constituye una incre\u00edble oportunidad para el p\u00fablico de Jalisco para sumergirse en la cultura yucateca sin salir de su territorio.<\/p>\n","protected":false},"excerpt":{"rendered":"<p>Zapopan, Jalisco, 13 de julio de 2023.- Micro, peque\u00f1as y medianas empresas yucatecas tendr\u00e1n la oportunidad de establecer lazos comerciales, as\u00ed como aumentar la venta de sus productos, al participar en la muestra Yucat\u00e1n Expone, que impulsa el Gobernador Mauricio Vila Dosal y, este jueves, llega a Jalisco para beneficiar la econom\u00eda del estado y [&hellip;]<\/p>\n","protected":false},"author":3,"featured_media":99102,"comment_status":"closed","ping_status":"closed","sticky":false,"template":"","format":"standard","meta":{"footnotes":""},"categories":[3],"tags":[],"class_list":{"0":"post-99101","1":"post","2":"type-post","3":"status-publish","4":"format-standard","5":"has-post-thumbnail","7":"category-yucatan"},"yoast_head":"<!-- This site is optimized with the Yoast SEO plugin v27.4 - https:\/\/yoast.com\/product\/yoast-seo-wordpress\/ -->\n<title>Yucat\u00e1n Expone llega a Jalisco - Yucat\u00e1n en corto<\/title>\n<meta name=\"robots\" content=\"index, follow, max-snippet:-1, max-image-preview:large, max-video-preview:-1\" \/>\n<link rel=\"canonical\" href=\"https:\/\/www.yucatanencorto.com\/noticias\/yucatan-expone-llega-a-jalisco\/\" \/>\n<meta property=\"og:locale\" content=\"es_ES\" \/>\n<meta property=\"og:type\" content=\"article\" \/>\n<meta property=\"og:title\" content=\"Yucat\u00e1n Expone llega a Jalisco - Yucat\u00e1n en corto\" \/>\n<meta property=\"og:description\" content=\"Zapopan, Jalisco, 13 de julio de 2023.- Micro, peque\u00f1as y medianas empresas yucatecas tendr\u00e1n la oportunidad de establecer lazos comerciales, as\u00ed como aumentar la venta de sus productos, al participar en la muestra Yucat\u00e1n Expone, que impulsa el Gobernador Mauricio Vila Dosal y, este jueves, llega a Jalisco para beneficiar la econom\u00eda del estado y [&hellip;]\" \/>\n<meta property=\"og:url\" content=\"https:\/\/www.yucatanencorto.com\/noticias\/yucatan-expone-llega-a-jalisco\/\" \/>\n<meta property=\"og:site_name\" content=\"Yucat\u00e1n en corto\" \/>\n<meta property=\"article:publisher\" content=\"http:\/\/www.facebook.com\/yucatanencorto\" \/>\n<meta property=\"article:published_time\" content=\"2023-07-14T00:18:52+00:00\" \/>\n<meta property=\"og:image\" content=\"https:\/\/www.yucatanencorto.com\/noticias\/wp-content\/uploads\/2023\/07\/WhatsApp-Image-2023-07-13-at-17.40.08-1-scaled.jpeg\" \/>\n\t<meta property=\"og:image:width\" content=\"768\" \/>\n\t<meta property=\"og:image:height\" content=\"538\" \/>\n\t<meta property=\"og:image:type\" content=\"image\/jpeg\" \/>\n<meta name=\"author\" content=\"Redes\" \/>\n<meta name=\"twitter:card\" content=\"summary_large_image\" \/>\n<meta name=\"twitter:creator\" content=\"@yucatanencorto\" \/>\n<meta name=\"twitter:site\" content=\"@yucatanencorto\" \/>\n<meta name=\"twitter:label1\" content=\"Escrito por\" \/>\n\t<meta name=\"twitter:data1\" content=\"Redes\" \/>\n\t<meta name=\"twitter:label2\" content=\"Tiempo de lectura\" \/>\n\t<meta name=\"twitter:data2\" content=\"4 minutos\" \/>\n<script type=\"application\/ld+json\" class=\"yoast-schema-graph\">{\"@context\":\"https:\\\/\\\/schema.org\",\"@graph\":[{\"@type\":\"Article\",\"@id\":\"https:\\\/\\\/www.yucatanencorto.com\\\/noticias\\\/yucatan-expone-llega-a-jalisco\\\/#article\",\"isPartOf\":{\"@id\":\"https:\\\/\\\/www.yucatanencorto.com\\\/noticias\\\/yucatan-expone-llega-a-jalisco\\\/\"},\"author\":{\"name\":\"Redes\",\"@id\":\"https:\\\/\\\/www.yucatanencorto.com\\\/noticias\\\/#\\\/schema\\\/person\\\/e2fbdfaf30a07014a43940ce989f3119\"},\"headline\":\"Yucat\u00e1n Expone llega a Jalisco\",\"datePublished\":\"2023-07-14T00:18:52+00:00\",\"mainEntityOfPage\":{\"@id\":\"https:\\\/\\\/www.yucatanencorto.com\\\/noticias\\\/yucatan-expone-llega-a-jalisco\\\/\"},\"wordCount\":738,\"image\":{\"@id\":\"https:\\\/\\\/www.yucatanencorto.com\\\/noticias\\\/yucatan-expone-llega-a-jalisco\\\/#primaryimage\"},\"thumbnailUrl\":\"https:\\\/\\\/www.yucatanencorto.com\\\/noticias\\\/wp-content\\\/uploads\\\/2023\\\/07\\\/WhatsApp-Image-2023-07-13-at-17.40.08-1-scaled.jpeg\",\"articleSection\":[\"Yucat\u00e1n\"],\"inLanguage\":\"es\"},{\"@type\":\"WebPage\",\"@id\":\"https:\\\/\\\/www.yucatanencorto.com\\\/noticias\\\/yucatan-expone-llega-a-jalisco\\\/\",\"url\":\"https:\\\/\\\/www.yucatanencorto.com\\\/noticias\\\/yucatan-expone-llega-a-jalisco\\\/\",\"name\":\"Yucat\u00e1n Expone llega a Jalisco - Yucat\u00e1n en corto\",\"isPartOf\":{\"@id\":\"https:\\\/\\\/www.yucatanencorto.com\\\/noticias\\\/#website\"},\"primaryImageOfPage\":{\"@id\":\"https:\\\/\\\/www.yucatanencorto.com\\\/noticias\\\/yucatan-expone-llega-a-jalisco\\\/#primaryimage\"},\"image\":{\"@id\":\"https:\\\/\\\/www.yucatanencorto.com\\\/noticias\\\/yucatan-expone-llega-a-jalisco\\\/#primaryimage\"},\"thumbnailUrl\":\"https:\\\/\\\/www.yucatanencorto.com\\\/noticias\\\/wp-content\\\/uploads\\\/2023\\\/07\\\/WhatsApp-Image-2023-07-13-at-17.40.08-1-scaled.jpeg\",\"datePublished\":\"2023-07-14T00:18:52+00:00\",\"author\":{\"@id\":\"https:\\\/\\\/www.yucatanencorto.com\\\/noticias\\\/#\\\/schema\\\/person\\\/e2fbdfaf30a07014a43940ce989f3119\"},\"breadcrumb\":{\"@id\":\"https:\\\/\\\/www.yucatanencorto.com\\\/noticias\\\/yucatan-expone-llega-a-jalisco\\\/#breadcrumb\"},\"inLanguage\":\"es\",\"potentialAction\":[{\"@type\":\"ReadAction\",\"target\":[\"https:\\\/\\\/www.yucatanencorto.com\\\/noticias\\\/yucatan-expone-llega-a-jalisco\\\/\"]}]},{\"@type\":\"ImageObject\",\"inLanguage\":\"es\",\"@id\":\"https:\\\/\\\/www.yucatanencorto.com\\\/noticias\\\/yucatan-expone-llega-a-jalisco\\\/#primaryimage\",\"url\":\"https:\\\/\\\/www.yucatanencorto.com\\\/noticias\\\/wp-content\\\/uploads\\\/2023\\\/07\\\/WhatsApp-Image-2023-07-13-at-17.40.08-1-scaled.jpeg\",\"contentUrl\":\"https:\\\/\\\/www.yucatanencorto.com\\\/noticias\\\/wp-content\\\/uploads\\\/2023\\\/07\\\/WhatsApp-Image-2023-07-13-at-17.40.08-1-scaled.jpeg\",\"width\":768,\"height\":538},{\"@type\":\"BreadcrumbList\",\"@id\":\"https:\\\/\\\/www.yucatanencorto.com\\\/noticias\\\/yucatan-expone-llega-a-jalisco\\\/#breadcrumb\",\"itemListElement\":[{\"@type\":\"ListItem\",\"position\":1,\"name\":\"Portada\",\"item\":\"https:\\\/\\\/www.yucatanencorto.com\\\/noticias\\\/\"},{\"@type\":\"ListItem\",\"position\":2,\"name\":\"Yucat\u00e1n Expone llega a Jalisco\"}]},{\"@type\":\"WebSite\",\"@id\":\"https:\\\/\\\/www.yucatanencorto.com\\\/noticias\\\/#website\",\"url\":\"https:\\\/\\\/www.yucatanencorto.com\\\/noticias\\\/\",\"name\":\"Yucat\u00e1n en corto\",\"description\":\"Noticias\",\"potentialAction\":[{\"@type\":\"SearchAction\",\"target\":{\"@type\":\"EntryPoint\",\"urlTemplate\":\"https:\\\/\\\/www.yucatanencorto.com\\\/noticias\\\/?s={search_term_string}\"},\"query-input\":{\"@type\":\"PropertyValueSpecification\",\"valueRequired\":true,\"valueName\":\"search_term_string\"}}],\"inLanguage\":\"es\"},{\"@type\":\"Person\",\"@id\":\"https:\\\/\\\/www.yucatanencorto.com\\\/noticias\\\/#\\\/schema\\\/person\\\/e2fbdfaf30a07014a43940ce989f3119\",\"name\":\"Redes\",\"image\":{\"@type\":\"ImageObject\",\"inLanguage\":\"es\",\"@id\":\"https:\\\/\\\/secure.gravatar.com\\\/avatar\\\/5931a2d21dd7cc834f44c8c34fe56d90ed6d536ef452cbf870c7485b524dddd7?s=96&d=mm&r=g\",\"url\":\"https:\\\/\\\/secure.gravatar.com\\\/avatar\\\/5931a2d21dd7cc834f44c8c34fe56d90ed6d536ef452cbf870c7485b524dddd7?s=96&d=mm&r=g\",\"contentUrl\":\"https:\\\/\\\/secure.gravatar.com\\\/avatar\\\/5931a2d21dd7cc834f44c8c34fe56d90ed6d536ef452cbf870c7485b524dddd7?s=96&d=mm&r=g\",\"caption\":\"Redes\"},\"url\":\"https:\\\/\\\/www.yucatanencorto.com\\\/noticias\\\/author\\\/redes\\\/\"}]}<\/script>\n<!-- \/ Yoast SEO plugin. -->","yoast_head_json":{"title":"Yucat\u00e1n Expone llega a Jalisco - Yucat\u00e1n en corto","robots":{"index":"index","follow":"follow","max-snippet":"max-snippet:-1","max-image-preview":"max-image-preview:large","max-video-preview":"max-video-preview:-1"},"canonical":"https:\/\/www.yucatanencorto.com\/noticias\/yucatan-expone-llega-a-jalisco\/","og_locale":"es_ES","og_type":"article","og_title":"Yucat\u00e1n Expone llega a Jalisco - Yucat\u00e1n en corto","og_description":"Zapopan, Jalisco, 13 de julio de 2023.- Micro, peque\u00f1as y medianas empresas yucatecas tendr\u00e1n la oportunidad de establecer lazos comerciales, as\u00ed como aumentar la venta de sus productos, al participar en la muestra Yucat\u00e1n Expone, que impulsa el Gobernador Mauricio Vila Dosal y, este jueves, llega a Jalisco para beneficiar la econom\u00eda del estado y [&hellip;]","og_url":"https:\/\/www.yucatanencorto.com\/noticias\/yucatan-expone-llega-a-jalisco\/","og_site_name":"Yucat\u00e1n en corto","article_publisher":"http:\/\/www.facebook.com\/yucatanencorto","article_published_time":"2023-07-14T00:18:52+00:00","og_image":[{"width":768,"height":538,"url":"https:\/\/www.yucatanencorto.com\/noticias\/wp-content\/uploads\/2023\/07\/WhatsApp-Image-2023-07-13-at-17.40.08-1-scaled.jpeg","type":"image\/jpeg"}],"author":"Redes","twitter_card":"summary_large_image","twitter_creator":"@yucatanencorto","twitter_site":"@yucatanencorto","twitter_misc":{"Escrito por":"Redes","Tiempo de lectura":"4 minutos"},"schema":{"@context":"https:\/\/schema.org","@graph":[{"@type":"Article","@id":"https:\/\/www.yucatanencorto.com\/noticias\/yucatan-expone-llega-a-jalisco\/#article","isPartOf":{"@id":"https:\/\/www.yucatanencorto.com\/noticias\/yucatan-expone-llega-a-jalisco\/"},"author":{"name":"Redes","@id":"https:\/\/www.yucatanencorto.com\/noticias\/#\/schema\/person\/e2fbdfaf30a07014a43940ce989f3119"},"headline":"Yucat\u00e1n Expone llega a Jalisco","datePublished":"2023-07-14T00:18:52+00:00","mainEntityOfPage":{"@id":"https:\/\/www.yucatanencorto.com\/noticias\/yucatan-expone-llega-a-jalisco\/"},"wordCount":738,"image":{"@id":"https:\/\/www.yucatanencorto.com\/noticias\/yucatan-expone-llega-a-jalisco\/#primaryimage"},"thumbnailUrl":"https:\/\/www.yucatanencorto.com\/noticias\/wp-content\/uploads\/2023\/07\/WhatsApp-Image-2023-07-13-at-17.40.08-1-scaled.jpeg","articleSection":["Yucat\u00e1n"],"inLanguage":"es"},{"@type":"WebPage","@id":"https:\/\/www.yucatanencorto.com\/noticias\/yucatan-expone-llega-a-jalisco\/","url":"https:\/\/www.yucatanencorto.com\/noticias\/yucatan-expone-llega-a-jalisco\/","name":"Yucat\u00e1n Expone llega a Jalisco - Yucat\u00e1n en corto","isPartOf":{"@id":"https:\/\/www.yucatanencorto.com\/noticias\/#website"},"primaryImageOfPage":{"@id":"https:\/\/www.yucatanencorto.com\/noticias\/yucatan-expone-llega-a-jalisco\/#primaryimage"},"image":{"@id":"https:\/\/www.yucatanencorto.com\/noticias\/yucatan-expone-llega-a-jalisco\/#primaryimage"},"thumbnailUrl":"https:\/\/www.yucatanencorto.com\/noticias\/wp-content\/uploads\/2023\/07\/WhatsApp-Image-2023-07-13-at-17.40.08-1-scaled.jpeg","datePublished":"2023-07-14T00:18:52+00:00","author":{"@id":"https:\/\/www.yucatanencorto.com\/noticias\/#\/schema\/person\/e2fbdfaf30a07014a43940ce989f3119"},"breadcrumb":{"@id":"https:\/\/www.yucatanencorto.com\/noticias\/yucatan-expone-llega-a-jalisco\/#breadcrumb"},"inLanguage":"es","potentialAction":[{"@type":"ReadAction","target":["https:\/\/www.yucatanencorto.com\/noticias\/yucatan-expone-llega-a-jalisco\/"]}]},{"@type":"ImageObject","inLanguage":"es","@id":"https:\/\/www.yucatanencorto.com\/noticias\/yucatan-expone-llega-a-jalisco\/#primaryimage","url":"https:\/\/www.yucatanencorto.com\/noticias\/wp-content\/uploads\/2023\/07\/WhatsApp-Image-2023-07-13-at-17.40.08-1-scaled.jpeg","contentUrl":"https:\/\/www.yucatanencorto.com\/noticias\/wp-content\/uploads\/2023\/07\/WhatsApp-Image-2023-07-13-at-17.40.08-1-scaled.jpeg","width":768,"height":538},{"@type":"BreadcrumbList","@id":"https:\/\/www.yucatanencorto.com\/noticias\/yucatan-expone-llega-a-jalisco\/#breadcrumb","itemListElement":[{"@type":"ListItem","position":1,"name":"Portada","item":"https:\/\/www.yucatanencorto.com\/noticias\/"},{"@type":"ListItem","position":2,"name":"Yucat\u00e1n Expone llega a Jalisco"}]},{"@type":"WebSite","@id":"https:\/\/www.yucatanencorto.com\/noticias\/#website","url":"https:\/\/www.yucatanencorto.com\/noticias\/","name":"Yucat\u00e1n en corto","description":"Noticias","potentialAction":[{"@type":"SearchAction","target":{"@type":"EntryPoint","urlTemplate":"https:\/\/www.yucatanencorto.com\/noticias\/?s={search_term_string}"},"query-input":{"@type":"PropertyValueSpecification","valueRequired":true,"valueName":"search_term_string"}}],"inLanguage":"es"},{"@type":"Person","@id":"https:\/\/www.yucatanencorto.com\/noticias\/#\/schema\/person\/e2fbdfaf30a07014a43940ce989f3119","name":"Redes","image":{"@type":"ImageObject","inLanguage":"es","@id":"https:\/\/secure.gravatar.com\/avatar\/5931a2d21dd7cc834f44c8c34fe56d90ed6d536ef452cbf870c7485b524dddd7?s=96&d=mm&r=g","url":"https:\/\/secure.gravatar.com\/avatar\/5931a2d21dd7cc834f44c8c34fe56d90ed6d536ef452cbf870c7485b524dddd7?s=96&d=mm&r=g","contentUrl":"https:\/\/secure.gravatar.com\/avatar\/5931a2d21dd7cc834f44c8c34fe56d90ed6d536ef452cbf870c7485b524dddd7?s=96&d=mm&r=g","caption":"Redes"},"url":"https:\/\/www.yucatanencorto.com\/noticias\/author\/redes\/"}]}},"_links":{"self":[{"href":"https:\/\/www.yucatanencorto.com\/noticias\/wp-json\/wp\/v2\/posts\/99101","targetHints":{"allow":["GET"]}}],"collection":[{"href":"https:\/\/www.yucatanencorto.com\/noticias\/wp-json\/wp\/v2\/posts"}],"about":[{"href":"https:\/\/www.yucatanencorto.com\/noticias\/wp-json\/wp\/v2\/types\/post"}],"author":[{"embeddable":true,"href":"https:\/\/www.yucatanencorto.com\/noticias\/wp-json\/wp\/v2\/users\/3"}],"replies":[{"embeddable":true,"href":"https:\/\/www.yucatanencorto.com\/noticias\/wp-json\/wp\/v2\/comments?post=99101"}],"version-history":[{"count":0,"href":"https:\/\/www.yucatanencorto.com\/noticias\/wp-json\/wp\/v2\/posts\/99101\/revisions"}],"wp:featuredmedia":[{"embeddable":true,"href":"https:\/\/www.yucatanencorto.com\/noticias\/wp-json\/wp\/v2\/media\/99102"}],"wp:attachment":[{"href":"https:\/\/www.yucatanencorto.com\/noticias\/wp-json\/wp\/v2\/media?parent=99101"}],"wp:term":[{"taxonomy":"category","embeddable":true,"href":"https:\/\/www.yucatanencorto.com\/noticias\/wp-json\/wp\/v2\/categories?post=99101"},{"taxonomy":"post_tag","embeddable":true,"href":"https:\/\/www.yucatanencorto.com\/noticias\/wp-json\/wp\/v2\/tags?post=99101"}],"curies":[{"name":"wp","href":"https:\/\/api.w.org\/{rel}","templated":true}]}}