{"id":99104,"date":"2023-07-14T13:54:22","date_gmt":"2023-07-14T19:54:22","guid":{"rendered":"https:\/\/www.yucatanencorto.com\/noticias\/?p=99104"},"modified":"2023-07-14T13:54:22","modified_gmt":"2023-07-14T19:54:22","slug":"se-realizo-la-graduacion-de-la-xxv-generacion-de-bachilleres-del-cobay-de-kanasin","status":"publish","type":"post","link":"https:\/\/www.yucatanencorto.com\/noticias\/se-realizo-la-graduacion-de-la-xxv-generacion-de-bachilleres-del-cobay-de-kanasin\/","title":{"rendered":"Se realiz\u00f3 la graduaci\u00f3n de la XXV generaci\u00f3n de Bachilleres del Cobay de Kanasin"},"content":{"rendered":"<p><img loading=\"lazy\" decoding=\"async\" class=\"alignnone size-full wp-image-99105\" src=\"https:\/\/www.yucatanencorto.com\/noticias\/wp-content\/uploads\/2023\/07\/WhatsApp-Image-2023-07-14-at-13.23.22-2-scaled.jpeg\" alt=\"\" width=\"768\" height=\"512\" srcset=\"https:\/\/www.yucatanencorto.com\/noticias\/wp-content\/uploads\/2023\/07\/WhatsApp-Image-2023-07-14-at-13.23.22-2-scaled.jpeg 768w, https:\/\/www.yucatanencorto.com\/noticias\/wp-content\/uploads\/2023\/07\/WhatsApp-Image-2023-07-14-at-13.23.22-2-696x464.jpeg 696w, https:\/\/www.yucatanencorto.com\/noticias\/wp-content\/uploads\/2023\/07\/WhatsApp-Image-2023-07-14-at-13.23.22-2-1068x712.jpeg 1068w, https:\/\/www.yucatanencorto.com\/noticias\/wp-content\/uploads\/2023\/07\/WhatsApp-Image-2023-07-14-at-13.23.22-2-630x420.jpeg 630w\" sizes=\"auto, (max-width: 768px) 100vw, 768px\" \/><\/p>\n<p>KANAS\u00cdN, Yucat\u00e1n a 14 de julio 2023.-Con gran entusiasmo, 161 j\u00f3venes del Colegio de Bachilleres de Kanas\u00edn recibieron la noche de ayer jueves sus diplomas y certificados por haber concluido sus estudios de nivel preparatoria, en una ceremonia que reuni\u00f3 a maestros, alumnos y padres de familia que orgullosos aplaudieron a todos los egresados.<\/p>\n<p>El evento, que se realiz\u00f3 en el Gimnasio Polifuncional de Kanas\u00edn, cont\u00f3 con la presencia de autoridades escolares encabezadas por el alcalde Edwin Boj\u00f3rquez Ram\u00edrez; el director general del COBAY, Marco Pasos Tec; el director del COBAY Kanas\u00edn, Diego Card\u00f3s Rodr\u00edguez; el diputado local Jes\u00fas P\u00e9rez Ballote; Lilda Basto \u00c1vila, quien llev\u00f3 la representaci\u00f3n del titular de la Segey, Liborio Vidal Aguilar, entre otros.<\/p>\n<p>En su intervenci\u00f3n, el alcalde Edwin Boj\u00f3rquez hizo un reconocimiento a los egresados y a sus familias por \u201ceste gran logro. Muchos de los que hoy terminan el bachillerato seguir\u00e1n prepar\u00e1ndose y otros ingresar\u00e1n a la vida laboral\u201d.<\/p>\n<p>\u201cEs motivo de orgullo que el Cobay contin\u00fae trabajando por la educaci\u00f3n de los j\u00f3venes de este municipio y felicito a todos los maestros por su compromiso y dedicaci\u00f3n todos los d\u00edas\u201d, indic\u00f3.<\/p>\n<p>Padrino de la generaci\u00f3n 2020-2023, record\u00f3 que fue egresado del Cobay, siendo de la segunda generaci\u00f3n y reiter\u00f3 que \u201cdetr\u00e1s de cada certificado hay un gran esfuerzo de cada uno de los alumnos, pero tambi\u00e9n de sus padres de familia\u201d.<\/p>\n<p>\u00abTodo lo que vayan a hacer a partir de ahora h\u00e1ganlo con disciplina, esfuerzo y dedicaci\u00f3n\u00bb, dijo y agreg\u00f3 que los sue\u00f1os son para cumplirse, pero tambi\u00e9n para trabajar todos los d\u00edas y que sea fruto ese gran esfuerzo para salir adelante\u201d.<\/p>\n<p>\u201cHoy terminan una etapa de sus vidas, pero inician otra que hay que asumirla con valent\u00eda, ganas, esfuerzo y responsabilidad, para seguir prepar\u00e1ndose para que el d\u00eda de ma\u00f1ana sean mujeres y hombres de bien y sean el orgullos de sus padres y de la sociedad kanasinense\u201d, indic\u00f3.<\/p>\n<p>Durante su mensaje, la maestra Basto \u00c1vila se\u00f1al\u00f3 que \u201custedes son una generaci\u00f3n resiliente, ya que les toc\u00f3 vivir una dif\u00edcil etapa y tuvieron que adaptarse a las circunstancias; y todos aprendieron de todos, padres, maestros y alumnos\u00bb.<\/p>\n<p>\u201cLa etapa que nos toc\u00f3 vivir con la pandemia fue dif\u00edcil, pero se logr\u00f3 salir adelante y hoy ustedes reciben su certificado de Bachilleres. Solo les deseo lo mejor y que contin\u00faen estudiando para alcanzar el \u00e9xito\u201d, dijo.<\/p>\n<p>Se entregaron reconocimientos a los mejores promedios de la generaci\u00f3n, quienes resultaron ser Mariana Michelle Mex Burgos y Angela Nayeli Estrella Garc\u00eda con 93.5.<\/p>\n<p>Tambi\u00e9n se hizo entrega de reconocimientos a los mejores promedios por especialidad. F\u00edsico matem\u00e1ticas, Jos\u00e9 Lorenzo Uicab V\u00e1rguez; Sociales, Arely Abigail Canch\u00e9 Coll\u00ed ; Qu\u00edmico Biol\u00f3gico, Fernando Ancona Kant\u00fan.<\/p>\n<p>El mejor promedio de la especialidad de Econ\u00f3mico Administrativo fue para Sara\u00ed Pech Mazum.<\/p>\n","protected":false},"excerpt":{"rendered":"<p>KANAS\u00cdN, Yucat\u00e1n a 14 de julio 2023.-Con gran entusiasmo, 161 j\u00f3venes del Colegio de Bachilleres de Kanas\u00edn recibieron la noche de ayer jueves sus diplomas y certificados por haber concluido sus estudios de nivel preparatoria, en una ceremonia que reuni\u00f3 a maestros, alumnos y padres de familia que orgullosos aplaudieron a todos los egresados. El [&hellip;]<\/p>\n","protected":false},"author":3,"featured_media":99105,"comment_status":"closed","ping_status":"closed","sticky":false,"template":"","format":"standard","meta":{"footnotes":""},"categories":[3],"tags":[],"class_list":{"0":"post-99104","1":"post","2":"type-post","3":"status-publish","4":"format-standard","5":"has-post-thumbnail","7":"category-yucatan"},"yoast_head":"<!-- This site is optimized with the Yoast SEO plugin v27.4 - https:\/\/yoast.com\/product\/yoast-seo-wordpress\/ -->\n<title>Se realiz\u00f3 la graduaci\u00f3n de la XXV generaci\u00f3n de Bachilleres del Cobay de Kanasin - Yucat\u00e1n en corto<\/title>\n<meta name=\"robots\" content=\"index, follow, max-snippet:-1, max-image-preview:large, max-video-preview:-1\" \/>\n<link rel=\"canonical\" href=\"https:\/\/www.yucatanencorto.com\/noticias\/se-realizo-la-graduacion-de-la-xxv-generacion-de-bachilleres-del-cobay-de-kanasin\/\" \/>\n<meta property=\"og:locale\" content=\"es_ES\" \/>\n<meta property=\"og:type\" content=\"article\" \/>\n<meta property=\"og:title\" content=\"Se realiz\u00f3 la graduaci\u00f3n de la XXV generaci\u00f3n de Bachilleres del Cobay de Kanasin - Yucat\u00e1n en corto\" \/>\n<meta property=\"og:description\" content=\"KANAS\u00cdN, Yucat\u00e1n a 14 de julio 2023.-Con gran entusiasmo, 161 j\u00f3venes del Colegio de Bachilleres de Kanas\u00edn recibieron la noche de ayer jueves sus diplomas y certificados por haber concluido sus estudios de nivel preparatoria, en una ceremonia que reuni\u00f3 a maestros, alumnos y padres de familia que orgullosos aplaudieron a todos los egresados. El [&hellip;]\" \/>\n<meta property=\"og:url\" content=\"https:\/\/www.yucatanencorto.com\/noticias\/se-realizo-la-graduacion-de-la-xxv-generacion-de-bachilleres-del-cobay-de-kanasin\/\" \/>\n<meta property=\"og:site_name\" content=\"Yucat\u00e1n en corto\" \/>\n<meta property=\"article:publisher\" content=\"http:\/\/www.facebook.com\/yucatanencorto\" \/>\n<meta property=\"article:published_time\" content=\"2023-07-14T19:54:22+00:00\" \/>\n<meta property=\"og:image\" content=\"https:\/\/www.yucatanencorto.com\/noticias\/wp-content\/uploads\/2023\/07\/WhatsApp-Image-2023-07-14-at-13.23.22-2-scaled.jpeg\" \/>\n\t<meta property=\"og:image:width\" content=\"768\" \/>\n\t<meta property=\"og:image:height\" content=\"512\" \/>\n\t<meta property=\"og:image:type\" content=\"image\/jpeg\" \/>\n<meta name=\"author\" content=\"Redes\" \/>\n<meta name=\"twitter:card\" content=\"summary_large_image\" \/>\n<meta name=\"twitter:creator\" content=\"@yucatanencorto\" \/>\n<meta name=\"twitter:site\" content=\"@yucatanencorto\" \/>\n<meta name=\"twitter:label1\" content=\"Escrito por\" \/>\n\t<meta name=\"twitter:data1\" content=\"Redes\" \/>\n\t<meta name=\"twitter:label2\" content=\"Tiempo de lectura\" \/>\n\t<meta name=\"twitter:data2\" content=\"3 minutos\" \/>\n<script type=\"application\/ld+json\" class=\"yoast-schema-graph\">{\"@context\":\"https:\\\/\\\/schema.org\",\"@graph\":[{\"@type\":\"Article\",\"@id\":\"https:\\\/\\\/www.yucatanencorto.com\\\/noticias\\\/se-realizo-la-graduacion-de-la-xxv-generacion-de-bachilleres-del-cobay-de-kanasin\\\/#article\",\"isPartOf\":{\"@id\":\"https:\\\/\\\/www.yucatanencorto.com\\\/noticias\\\/se-realizo-la-graduacion-de-la-xxv-generacion-de-bachilleres-del-cobay-de-kanasin\\\/\"},\"author\":{\"name\":\"Redes\",\"@id\":\"https:\\\/\\\/www.yucatanencorto.com\\\/noticias\\\/#\\\/schema\\\/person\\\/e2fbdfaf30a07014a43940ce989f3119\"},\"headline\":\"Se realiz\u00f3 la graduaci\u00f3n de la XXV generaci\u00f3n de Bachilleres del Cobay de Kanasin\",\"datePublished\":\"2023-07-14T19:54:22+00:00\",\"mainEntityOfPage\":{\"@id\":\"https:\\\/\\\/www.yucatanencorto.com\\\/noticias\\\/se-realizo-la-graduacion-de-la-xxv-generacion-de-bachilleres-del-cobay-de-kanasin\\\/\"},\"wordCount\":525,\"image\":{\"@id\":\"https:\\\/\\\/www.yucatanencorto.com\\\/noticias\\\/se-realizo-la-graduacion-de-la-xxv-generacion-de-bachilleres-del-cobay-de-kanasin\\\/#primaryimage\"},\"thumbnailUrl\":\"https:\\\/\\\/www.yucatanencorto.com\\\/noticias\\\/wp-content\\\/uploads\\\/2023\\\/07\\\/WhatsApp-Image-2023-07-14-at-13.23.22-2-scaled.jpeg\",\"articleSection\":[\"Yucat\u00e1n\"],\"inLanguage\":\"es\"},{\"@type\":\"WebPage\",\"@id\":\"https:\\\/\\\/www.yucatanencorto.com\\\/noticias\\\/se-realizo-la-graduacion-de-la-xxv-generacion-de-bachilleres-del-cobay-de-kanasin\\\/\",\"url\":\"https:\\\/\\\/www.yucatanencorto.com\\\/noticias\\\/se-realizo-la-graduacion-de-la-xxv-generacion-de-bachilleres-del-cobay-de-kanasin\\\/\",\"name\":\"Se realiz\u00f3 la graduaci\u00f3n de la XXV generaci\u00f3n de Bachilleres del Cobay de Kanasin - Yucat\u00e1n en corto\",\"isPartOf\":{\"@id\":\"https:\\\/\\\/www.yucatanencorto.com\\\/noticias\\\/#website\"},\"primaryImageOfPage\":{\"@id\":\"https:\\\/\\\/www.yucatanencorto.com\\\/noticias\\\/se-realizo-la-graduacion-de-la-xxv-generacion-de-bachilleres-del-cobay-de-kanasin\\\/#primaryimage\"},\"image\":{\"@id\":\"https:\\\/\\\/www.yucatanencorto.com\\\/noticias\\\/se-realizo-la-graduacion-de-la-xxv-generacion-de-bachilleres-del-cobay-de-kanasin\\\/#primaryimage\"},\"thumbnailUrl\":\"https:\\\/\\\/www.yucatanencorto.com\\\/noticias\\\/wp-content\\\/uploads\\\/2023\\\/07\\\/WhatsApp-Image-2023-07-14-at-13.23.22-2-scaled.jpeg\",\"datePublished\":\"2023-07-14T19:54:22+00:00\",\"author\":{\"@id\":\"https:\\\/\\\/www.yucatanencorto.com\\\/noticias\\\/#\\\/schema\\\/person\\\/e2fbdfaf30a07014a43940ce989f3119\"},\"breadcrumb\":{\"@id\":\"https:\\\/\\\/www.yucatanencorto.com\\\/noticias\\\/se-realizo-la-graduacion-de-la-xxv-generacion-de-bachilleres-del-cobay-de-kanasin\\\/#breadcrumb\"},\"inLanguage\":\"es\",\"potentialAction\":[{\"@type\":\"ReadAction\",\"target\":[\"https:\\\/\\\/www.yucatanencorto.com\\\/noticias\\\/se-realizo-la-graduacion-de-la-xxv-generacion-de-bachilleres-del-cobay-de-kanasin\\\/\"]}]},{\"@type\":\"ImageObject\",\"inLanguage\":\"es\",\"@id\":\"https:\\\/\\\/www.yucatanencorto.com\\\/noticias\\\/se-realizo-la-graduacion-de-la-xxv-generacion-de-bachilleres-del-cobay-de-kanasin\\\/#primaryimage\",\"url\":\"https:\\\/\\\/www.yucatanencorto.com\\\/noticias\\\/wp-content\\\/uploads\\\/2023\\\/07\\\/WhatsApp-Image-2023-07-14-at-13.23.22-2-scaled.jpeg\",\"contentUrl\":\"https:\\\/\\\/www.yucatanencorto.com\\\/noticias\\\/wp-content\\\/uploads\\\/2023\\\/07\\\/WhatsApp-Image-2023-07-14-at-13.23.22-2-scaled.jpeg\",\"width\":768,\"height\":512},{\"@type\":\"BreadcrumbList\",\"@id\":\"https:\\\/\\\/www.yucatanencorto.com\\\/noticias\\\/se-realizo-la-graduacion-de-la-xxv-generacion-de-bachilleres-del-cobay-de-kanasin\\\/#breadcrumb\",\"itemListElement\":[{\"@type\":\"ListItem\",\"position\":1,\"name\":\"Portada\",\"item\":\"https:\\\/\\\/www.yucatanencorto.com\\\/noticias\\\/\"},{\"@type\":\"ListItem\",\"position\":2,\"name\":\"Se realiz\u00f3 la graduaci\u00f3n de la XXV generaci\u00f3n de Bachilleres del Cobay de Kanasin\"}]},{\"@type\":\"WebSite\",\"@id\":\"https:\\\/\\\/www.yucatanencorto.com\\\/noticias\\\/#website\",\"url\":\"https:\\\/\\\/www.yucatanencorto.com\\\/noticias\\\/\",\"name\":\"Yucat\u00e1n en corto\",\"description\":\"Noticias\",\"potentialAction\":[{\"@type\":\"SearchAction\",\"target\":{\"@type\":\"EntryPoint\",\"urlTemplate\":\"https:\\\/\\\/www.yucatanencorto.com\\\/noticias\\\/?s={search_term_string}\"},\"query-input\":{\"@type\":\"PropertyValueSpecification\",\"valueRequired\":true,\"valueName\":\"search_term_string\"}}],\"inLanguage\":\"es\"},{\"@type\":\"Person\",\"@id\":\"https:\\\/\\\/www.yucatanencorto.com\\\/noticias\\\/#\\\/schema\\\/person\\\/e2fbdfaf30a07014a43940ce989f3119\",\"name\":\"Redes\",\"image\":{\"@type\":\"ImageObject\",\"inLanguage\":\"es\",\"@id\":\"https:\\\/\\\/secure.gravatar.com\\\/avatar\\\/5931a2d21dd7cc834f44c8c34fe56d90ed6d536ef452cbf870c7485b524dddd7?s=96&d=mm&r=g\",\"url\":\"https:\\\/\\\/secure.gravatar.com\\\/avatar\\\/5931a2d21dd7cc834f44c8c34fe56d90ed6d536ef452cbf870c7485b524dddd7?s=96&d=mm&r=g\",\"contentUrl\":\"https:\\\/\\\/secure.gravatar.com\\\/avatar\\\/5931a2d21dd7cc834f44c8c34fe56d90ed6d536ef452cbf870c7485b524dddd7?s=96&d=mm&r=g\",\"caption\":\"Redes\"},\"url\":\"https:\\\/\\\/www.yucatanencorto.com\\\/noticias\\\/author\\\/redes\\\/\"}]}<\/script>\n<!-- \/ Yoast SEO plugin. -->","yoast_head_json":{"title":"Se realiz\u00f3 la graduaci\u00f3n de la XXV generaci\u00f3n de Bachilleres del Cobay de Kanasin - Yucat\u00e1n en corto","robots":{"index":"index","follow":"follow","max-snippet":"max-snippet:-1","max-image-preview":"max-image-preview:large","max-video-preview":"max-video-preview:-1"},"canonical":"https:\/\/www.yucatanencorto.com\/noticias\/se-realizo-la-graduacion-de-la-xxv-generacion-de-bachilleres-del-cobay-de-kanasin\/","og_locale":"es_ES","og_type":"article","og_title":"Se realiz\u00f3 la graduaci\u00f3n de la XXV generaci\u00f3n de Bachilleres del Cobay de Kanasin - Yucat\u00e1n en corto","og_description":"KANAS\u00cdN, Yucat\u00e1n a 14 de julio 2023.-Con gran entusiasmo, 161 j\u00f3venes del Colegio de Bachilleres de Kanas\u00edn recibieron la noche de ayer jueves sus diplomas y certificados por haber concluido sus estudios de nivel preparatoria, en una ceremonia que reuni\u00f3 a maestros, alumnos y padres de familia que orgullosos aplaudieron a todos los egresados. El [&hellip;]","og_url":"https:\/\/www.yucatanencorto.com\/noticias\/se-realizo-la-graduacion-de-la-xxv-generacion-de-bachilleres-del-cobay-de-kanasin\/","og_site_name":"Yucat\u00e1n en corto","article_publisher":"http:\/\/www.facebook.com\/yucatanencorto","article_published_time":"2023-07-14T19:54:22+00:00","og_image":[{"width":768,"height":512,"url":"https:\/\/www.yucatanencorto.com\/noticias\/wp-content\/uploads\/2023\/07\/WhatsApp-Image-2023-07-14-at-13.23.22-2-scaled.jpeg","type":"image\/jpeg"}],"author":"Redes","twitter_card":"summary_large_image","twitter_creator":"@yucatanencorto","twitter_site":"@yucatanencorto","twitter_misc":{"Escrito por":"Redes","Tiempo de lectura":"3 minutos"},"schema":{"@context":"https:\/\/schema.org","@graph":[{"@type":"Article","@id":"https:\/\/www.yucatanencorto.com\/noticias\/se-realizo-la-graduacion-de-la-xxv-generacion-de-bachilleres-del-cobay-de-kanasin\/#article","isPartOf":{"@id":"https:\/\/www.yucatanencorto.com\/noticias\/se-realizo-la-graduacion-de-la-xxv-generacion-de-bachilleres-del-cobay-de-kanasin\/"},"author":{"name":"Redes","@id":"https:\/\/www.yucatanencorto.com\/noticias\/#\/schema\/person\/e2fbdfaf30a07014a43940ce989f3119"},"headline":"Se realiz\u00f3 la graduaci\u00f3n de la XXV generaci\u00f3n de Bachilleres del Cobay de Kanasin","datePublished":"2023-07-14T19:54:22+00:00","mainEntityOfPage":{"@id":"https:\/\/www.yucatanencorto.com\/noticias\/se-realizo-la-graduacion-de-la-xxv-generacion-de-bachilleres-del-cobay-de-kanasin\/"},"wordCount":525,"image":{"@id":"https:\/\/www.yucatanencorto.com\/noticias\/se-realizo-la-graduacion-de-la-xxv-generacion-de-bachilleres-del-cobay-de-kanasin\/#primaryimage"},"thumbnailUrl":"https:\/\/www.yucatanencorto.com\/noticias\/wp-content\/uploads\/2023\/07\/WhatsApp-Image-2023-07-14-at-13.23.22-2-scaled.jpeg","articleSection":["Yucat\u00e1n"],"inLanguage":"es"},{"@type":"WebPage","@id":"https:\/\/www.yucatanencorto.com\/noticias\/se-realizo-la-graduacion-de-la-xxv-generacion-de-bachilleres-del-cobay-de-kanasin\/","url":"https:\/\/www.yucatanencorto.com\/noticias\/se-realizo-la-graduacion-de-la-xxv-generacion-de-bachilleres-del-cobay-de-kanasin\/","name":"Se realiz\u00f3 la graduaci\u00f3n de la XXV generaci\u00f3n de Bachilleres del Cobay de Kanasin - Yucat\u00e1n en corto","isPartOf":{"@id":"https:\/\/www.yucatanencorto.com\/noticias\/#website"},"primaryImageOfPage":{"@id":"https:\/\/www.yucatanencorto.com\/noticias\/se-realizo-la-graduacion-de-la-xxv-generacion-de-bachilleres-del-cobay-de-kanasin\/#primaryimage"},"image":{"@id":"https:\/\/www.yucatanencorto.com\/noticias\/se-realizo-la-graduacion-de-la-xxv-generacion-de-bachilleres-del-cobay-de-kanasin\/#primaryimage"},"thumbnailUrl":"https:\/\/www.yucatanencorto.com\/noticias\/wp-content\/uploads\/2023\/07\/WhatsApp-Image-2023-07-14-at-13.23.22-2-scaled.jpeg","datePublished":"2023-07-14T19:54:22+00:00","author":{"@id":"https:\/\/www.yucatanencorto.com\/noticias\/#\/schema\/person\/e2fbdfaf30a07014a43940ce989f3119"},"breadcrumb":{"@id":"https:\/\/www.yucatanencorto.com\/noticias\/se-realizo-la-graduacion-de-la-xxv-generacion-de-bachilleres-del-cobay-de-kanasin\/#breadcrumb"},"inLanguage":"es","potentialAction":[{"@type":"ReadAction","target":["https:\/\/www.yucatanencorto.com\/noticias\/se-realizo-la-graduacion-de-la-xxv-generacion-de-bachilleres-del-cobay-de-kanasin\/"]}]},{"@type":"ImageObject","inLanguage":"es","@id":"https:\/\/www.yucatanencorto.com\/noticias\/se-realizo-la-graduacion-de-la-xxv-generacion-de-bachilleres-del-cobay-de-kanasin\/#primaryimage","url":"https:\/\/www.yucatanencorto.com\/noticias\/wp-content\/uploads\/2023\/07\/WhatsApp-Image-2023-07-14-at-13.23.22-2-scaled.jpeg","contentUrl":"https:\/\/www.yucatanencorto.com\/noticias\/wp-content\/uploads\/2023\/07\/WhatsApp-Image-2023-07-14-at-13.23.22-2-scaled.jpeg","width":768,"height":512},{"@type":"BreadcrumbList","@id":"https:\/\/www.yucatanencorto.com\/noticias\/se-realizo-la-graduacion-de-la-xxv-generacion-de-bachilleres-del-cobay-de-kanasin\/#breadcrumb","itemListElement":[{"@type":"ListItem","position":1,"name":"Portada","item":"https:\/\/www.yucatanencorto.com\/noticias\/"},{"@type":"ListItem","position":2,"name":"Se realiz\u00f3 la graduaci\u00f3n de la XXV generaci\u00f3n de Bachilleres del Cobay de Kanasin"}]},{"@type":"WebSite","@id":"https:\/\/www.yucatanencorto.com\/noticias\/#website","url":"https:\/\/www.yucatanencorto.com\/noticias\/","name":"Yucat\u00e1n en corto","description":"Noticias","potentialAction":[{"@type":"SearchAction","target":{"@type":"EntryPoint","urlTemplate":"https:\/\/www.yucatanencorto.com\/noticias\/?s={search_term_string}"},"query-input":{"@type":"PropertyValueSpecification","valueRequired":true,"valueName":"search_term_string"}}],"inLanguage":"es"},{"@type":"Person","@id":"https:\/\/www.yucatanencorto.com\/noticias\/#\/schema\/person\/e2fbdfaf30a07014a43940ce989f3119","name":"Redes","image":{"@type":"ImageObject","inLanguage":"es","@id":"https:\/\/secure.gravatar.com\/avatar\/5931a2d21dd7cc834f44c8c34fe56d90ed6d536ef452cbf870c7485b524dddd7?s=96&d=mm&r=g","url":"https:\/\/secure.gravatar.com\/avatar\/5931a2d21dd7cc834f44c8c34fe56d90ed6d536ef452cbf870c7485b524dddd7?s=96&d=mm&r=g","contentUrl":"https:\/\/secure.gravatar.com\/avatar\/5931a2d21dd7cc834f44c8c34fe56d90ed6d536ef452cbf870c7485b524dddd7?s=96&d=mm&r=g","caption":"Redes"},"url":"https:\/\/www.yucatanencorto.com\/noticias\/author\/redes\/"}]}},"_links":{"self":[{"href":"https:\/\/www.yucatanencorto.com\/noticias\/wp-json\/wp\/v2\/posts\/99104","targetHints":{"allow":["GET"]}}],"collection":[{"href":"https:\/\/www.yucatanencorto.com\/noticias\/wp-json\/wp\/v2\/posts"}],"about":[{"href":"https:\/\/www.yucatanencorto.com\/noticias\/wp-json\/wp\/v2\/types\/post"}],"author":[{"embeddable":true,"href":"https:\/\/www.yucatanencorto.com\/noticias\/wp-json\/wp\/v2\/users\/3"}],"replies":[{"embeddable":true,"href":"https:\/\/www.yucatanencorto.com\/noticias\/wp-json\/wp\/v2\/comments?post=99104"}],"version-history":[{"count":0,"href":"https:\/\/www.yucatanencorto.com\/noticias\/wp-json\/wp\/v2\/posts\/99104\/revisions"}],"wp:featuredmedia":[{"embeddable":true,"href":"https:\/\/www.yucatanencorto.com\/noticias\/wp-json\/wp\/v2\/media\/99105"}],"wp:attachment":[{"href":"https:\/\/www.yucatanencorto.com\/noticias\/wp-json\/wp\/v2\/media?parent=99104"}],"wp:term":[{"taxonomy":"category","embeddable":true,"href":"https:\/\/www.yucatanencorto.com\/noticias\/wp-json\/wp\/v2\/categories?post=99104"},{"taxonomy":"post_tag","embeddable":true,"href":"https:\/\/www.yucatanencorto.com\/noticias\/wp-json\/wp\/v2\/tags?post=99104"}],"curies":[{"name":"wp","href":"https:\/\/api.w.org\/{rel}","templated":true}]}}